{"id":636867,"date":"2026-01-02T19:54:16","date_gmt":"2026-01-02T19:54:16","guid":{"rendered":"https:\/\/www.europesays.com\/fr\/636867\/"},"modified":"2026-01-02T19:54:16","modified_gmt":"2026-01-02T19:54:16","slug":"lindice-dax-dallemagne-debute-2026-dans-le-vert-alors-que-le-pmi-manufacturier-attire-lattention","status":"publish","type":"post","link":"https:\/\/www.europesays.com\/fr\/636867\/","title":{"rendered":"L&rsquo;indice DAX d&rsquo;Allemagne d\u00e9bute 2026 dans le vert alors que le PMI manufacturier attire l&rsquo;attention"},"content":{"rendered":"<td class=\"is__realtime px-5\">\n<tr wp_automatic_readability=\"2\">\n<td colspan=\"3\" class=\"is__realtime-quality js-next-event-quotes\" data-next-event=\"2026-01-02T09:00:00+01:00\">\n<p>                                            March\u00e9 Ferm\u00e9 &#8211;<\/p>\n<p>                                            Xetra<\/p>\n<p>17:50:00 02\/01\/2026<\/p>\n<\/td>\n<td colspan=\"2\" class=\"txt-align-center is__realtime-quality\">\n<p>                                                                                            Apr\u00e8s cl\u00f4ture<\/p>\n<p>20:53:23<\/p>\n<\/td>\n<\/tr>\n<tr>\n<td class=\"txt-s7 is__realtime-last txt-align-left\">\n<p>24\u202f539,34                        PTS\n                                    <\/td>\n<td class=\"txt-s7 is__realtime-var txt-align-left\">\n                                             +0,20\u00a0%\n                                    <\/td>\n<td class=\"table-child--middle c-none cs-table table-child--no-pad\">\n                                                <img loading=\"lazy\" decoding=\"async\" style=\"vertical-align: middle\" width=\"120\" height=\"45\" alt=\"Graphique intraday de DAX\" src=\"https:\/\/www.zonebourse.com\/zbcache\/charts\/ObjectChart.aspx?Name=7395&amp;Type=Intraday&amp;Width=120&amp;Height=45&amp;ShowAxis=0&amp;DTstart=2026-01-02&amp;Render=Line&amp;BottomMargin=3&amp;TopMargin=5&amp;Prev=24490.41\" onerror=\"this.style.display='none'\"\/>                    <\/td>\n<td class=\"txt-s4 txt-align-center\">\n<p>24\u202f550,44                            <\/td>\n<td class=\"txt-s4 txt-align-center\">\n                                                                 +0,05\u00a0%\n                            <\/td>\n<\/tr>\n<p class=\"m-0 txt-s1\">Publi\u00e9 le 02\/01\/2026<br \/>\n                    \u00e0 18:06<\/p>\n<p>                                            MT Newswires<br \/>\n                                                                                            &#8211;<br \/>\n                                                Traduit par Zonebourse<\/p>\n<p>Avertissement l\u00e9gal<\/p>\n<p>Contactez-nous pour toute demande de correction<\/p>\n<p>                                                &#8211; Voir l&rsquo;original<img decoding=\"async\" src=\"https:\/\/www.europesays.com\/fr\/wp-content\/uploads\/2026\/01\/2016-03-30T074146Z_1_LYNXNPEC2T0DY_RTROPTP_2_GERMANY.JPG\" alt=\"L'indice DAX d'Allemagne d\u00e9bute 2026 dans le vert alors que le PMI manufacturier attire l'attention\" class=\"w-100 media--169 \" data-zoomable=\"true\" data-zoomable-url=\"\/images\/reuters\/2016-03-30T074146Z_1_LYNXNPEC2T0DY_RTROPTP_2_GERMANY.JPG\"\/>]]]]>]]><\/p>\n<p>D\u00e9bloquer l&rsquo;article : INSCRIVEZ-VOUS !<\/p>\n<p><img decoding=\"async\" src=\"https:\/\/www.europesays.com\/fr\/wp-content\/uploads\/2025\/08\/mtnewswires.png\" alt=\"mtnewswires logo\" class=\"c-block ml-auto\"\/><br \/>\n                    \u00a9 MT Newswires &#8211;<br \/>\n                                        2026<\/p>\n<p>Couleur : Varia.Varia. 5j.Variation 1 moisVariation 3 moisVariation 6 moisVaria. 1anVaria. 3ansVaria. 5ansVaria. 10ansVaria. 1 janv.<\/p>\n<p>Pond\u00e9ration : CapitalisationPond\u00e9rations Equipond\u00e9r\u00e9es<\/p>\n<p>Regroupement : IndustrieSuper SecteursSuper Secteurs et SecteursIndustrie et ActionsSuper Secteurs et ActionsSecteurs et ActionsActions<\/p>\n<p><a class=\"c-block mt-10 link link__more\" href=\"https:\/\/www.zonebourse.com\/cours\/indice\/DAX-7395\/heatmap\/\" target=\"_blank\" rel=\"noopener\"><br \/>\n                    Heatmap d\u00e9taill\u00e9e<br \/>\n                <\/a><\/p>\n<ol itemscope=\"\" itemtype=\"https:\/\/schema.org\/BreadcrumbList\">\n<li itemprop=\"itemListElement\" itemscope=\"\" itemtype=\"https:\/\/schema.org\/ListItem\"><a itemprop=\"item\" itemid=\"https:\/\/www.zonebourse.com\/\" href=\"https:\/\/www.zonebourse.com\/\" target=\"_blank\" rel=\"noopener\">Bourse<\/a><\/li>\n<li itemprop=\"itemListElement\" itemscope=\"\" itemtype=\"https:\/\/schema.org\/ListItem\"><a itemprop=\"item\" itemid=\"https:\/\/www.zonebourse.com\/actualite-bourse\/\" href=\"https:\/\/www.zonebourse.com\/actualite-bourse\/\" target=\"_blank\" rel=\"noopener\">Actualit\u00e9s Bourse<\/a><\/li>\n<li itemprop=\"itemListElement\" itemscope=\"\" itemtype=\"https:\/\/schema.org\/ListItem\">L&rsquo;indice DAX d&rsquo;Allemagne d\u00e9bute 2026 dans le vert alors que le PMI manufacturier attire l&rsquo;attention<\/li>\n<\/ol>\n<p><img decoding=\"async\" src=\"https:\/\/www.europesays.com\/fr\/wp-content\/uploads\/2025\/12\/img_footer_appstore.png\" alt=\"Download from Apple Store\" loading=\"lazy\"\/><\/p>\n<p class=\"m-0\">NOS EXPERTS \u00c0 VOTRE \u00c9COUTE<\/p>\n<p class=\"m-0 txt-bold\">Lundi &#8211; Vendredi 9h-12h \/ 14h-18h<\/p>\n<p><img decoding=\"async\" src=\"https:\/\/www.europesays.com\/fr\/wp-content\/uploads\/2025\/04\/footer_logo_zb.png\" width=\"181\" height=\"24\" alt=\"Zonebourse, bourse en direct\" loading=\"lazy\"\/><br \/>\n                    Mentions l\u00e9gales<br \/>\n                |<br \/>\n                Param\u00e9trer les cookies<br \/>\n            |<br \/>\n                    Blog Zonebourse<br \/>\n                |<a href=\"https:\/\/www.zonebourse.com\/qui-sommes-nous\" class=\"link txt-footer\" target=\"_blank\" rel=\"noopener\"><br \/>\n                Qui sommes-nous ?<br \/>\n            <\/a>|<br \/>\n                Copyright \u00a9 2026 Surperformance SAS. Tous droits r\u00e9serv\u00e9s.<\/p>\n<p>\n            Les cotations sont fournies par Factset, Morningstar et S&amp;P Capital IQ\n        <\/p>\n<p class=\"pl-10 txt-bold m-0\">S\u00e9lectionnez votre \u00e9dition<\/p>\n<p class=\"txt-s1 txt-muted m-0 pl-10\">Toutes les informations financi\u00e8res adapt\u00e9es au niveau national<\/p>\n<\/td>\n","protected":false},"excerpt":{"rendered":"March\u00e9 Ferm\u00e9 &#8211; Xetra 17:50:00 02\/01\/2026 Apr\u00e8s cl\u00f4ture 20:53:23 24\u202f539,34 PTS +0,20\u00a0% 24\u202f550,44 +0,05\u00a0% Publi\u00e9 le 02\/01\/2026 \u00e0&hellip;\n","protected":false},"author":2,"featured_media":636868,"comment_status":"","ping_status":"","sticky":false,"template":"","format":"standard","meta":{"footnotes":""},"categories":[1587],"tags":[11,672,340,1804,1805,1803,1777,674,1801,12,1802],"class_list":{"0":"post-636867","1":"post","2":"type-post","3":"status-publish","4":"format-standard","5":"has-post-thumbnail","7":"category-allemagne","8":"tag-actualites","9":"tag-allemagne","10":"tag-bourse","11":"tag-bundesrepublik-deutschland","12":"tag-de","13":"tag-deutschland","14":"tag-eu","15":"tag-europe","16":"tag-germany","17":"tag-news","18":"tag-republique-federale-dallemagne"},"share_on_mastodon":{"url":"https:\/\/pubeurope.com\/@fr\/115827262573444858","error":""},"_links":{"self":[{"href":"https:\/\/www.europesays.com\/fr\/wp-json\/wp\/v2\/posts\/636867","targetHints":{"allow":["GET"]}}],"collection":[{"href":"https:\/\/www.europesays.com\/fr\/wp-json\/wp\/v2\/posts"}],"about":[{"href":"https:\/\/www.europesays.com\/fr\/wp-json\/wp\/v2\/types\/post"}],"author":[{"embeddable":true,"href":"https:\/\/www.europesays.com\/fr\/wp-json\/wp\/v2\/users\/2"}],"replies":[{"embeddable":true,"href":"https:\/\/www.europesays.com\/fr\/wp-json\/wp\/v2\/comments?post=636867"}],"version-history":[{"count":0,"href":"https:\/\/www.europesays.com\/fr\/wp-json\/wp\/v2\/posts\/636867\/revisions"}],"wp:featuredmedia":[{"embeddable":true,"href":"https:\/\/www.europesays.com\/fr\/wp-json\/wp\/v2\/media\/636868"}],"wp:attachment":[{"href":"https:\/\/www.europesays.com\/fr\/wp-json\/wp\/v2\/media?parent=636867"}],"wp:term":[{"taxonomy":"category","embeddable":true,"href":"https:\/\/www.europesays.com\/fr\/wp-json\/wp\/v2\/categories?post=636867"},{"taxonomy":"post_tag","embeddable":true,"href":"https:\/\/www.europesays.com\/fr\/wp-json\/wp\/v2\/tags?post=636867"}],"curies":[{"name":"wp","href":"https:\/\/api.w.org\/{rel}","templated":true}]}}