{"id":636880,"date":"2026-01-02T20:03:15","date_gmt":"2026-01-02T20:03:15","guid":{"rendered":"https:\/\/www.europesays.com\/fr\/636880\/"},"modified":"2026-01-02T20:03:15","modified_gmt":"2026-01-02T20:03:15","slug":"le-calendrier-explosif-dalcaraz-pour-debut-2026-tennistemple","status":"publish","type":"post","link":"https:\/\/www.europesays.com\/fr\/636880\/","title":{"rendered":"le calendrier explosif d&rsquo;Alcaraz pour d\u00e9but 2026 \u2022 TennisTemple"},"content":{"rendered":"\n<p>Carlos Alcaraz aura trois premiers mois charg\u00e9s d&rsquo;un point de vue de l&rsquo;enjeu avec l&rsquo;Open d&rsquo;Australie, Indian Wells et Miami notamment. <\/p>\n<p>  <img decoding=\"async\" src=\"https:\/\/www.europesays.com\/fr\/wp-content\/uploads\/2026\/01\/1767360912531.webp.webp\" fetchpriority=\"high\" alt=\"Sinner d\u00e8s janvier, Melbourne, Miami : le calendrier explosif d'Alcaraz pour d\u00e9but 2026\"\/>  <\/p>\n<p>\u00a9 AFP<\/p>\n<p>   <img decoding=\"async\" src=\"https:\/\/www.europesays.com\/fr\/wp-content\/uploads\/2025\/11\/1759296022591.webp\" alt=\"Arthur Millot\" class=\"author-photo-main\"\/>   <\/p>\n<p> 2 min de lecture<\/p>\n<p>Carlos Alcaraz aborde 2026 \u00e0 un tournant majeur de sa jeune carri\u00e8re.<\/p>\n<p>La fin de sa collaboration avec Juan Carlos Ferrero, figure cl\u00e9 de son ascension, a marqu\u00e9 la fin d\u2019un cycle et le d\u00e9but d&rsquo;un nouveau.<\/p>\n<p>Et d\u00e9sormais, l\u2019Espagnol avance avec une libert\u00e9 nouvelle, mais \u00e9galement une pression immense d\u00e8s les premiers mois.<\/p>\n<p>Alcaraz\u2013Sinner d\u00e8s janvier<\/p>\n<p>Avant m\u00eame le d\u00e9but officiel de la saison, Carlos Alcaraz d\u00e9butera par une exhibition de prestige.<\/p>\n<p>En effet, apr\u00e8s une derni\u00e8re phase d\u2019entra\u00eenement intense \u00e0 El Palmar (Murcie) jusqu\u2019au 4 janvier, il s\u2019envolera d\u00e8s le 5 janvier pour la Cor\u00e9e du Sud.<\/p>\n<p>L&rsquo;objectif \u00e9tant le 10 janvier \u00e0 Incheon, un match amical contre son rival Jannik Sinner.<\/p>\n<p>  \u00c0 Melbourne pour \u00ab le Grand Chelem manquant \u00bb<\/p>\n<p>Ensuite, direction Melbourne avec un objectif clair : remporter enfin l\u2019Open d\u2019Australie qui d\u00e9bute le 18 janvier.<\/p>\n<p>Mais juste avant cela, l&rsquo;Espagnol participera \u00e0 un format tr\u00e8s m\u00e9diatis\u00e9 intitul\u00e9 \u00ab Million Dollar 1 Point Slam \u00bb, le 14 janvier.<\/p>\n<p>Retour en Europe : d\u00e9fendre son titre \u00e0 Rotterdam<\/p>\n<p>\u00c0 peine le temps de souffler, le num\u00e9ro 1 mondial reprendra l\u2019avion pour l\u2019Europe. Cap sur les Pays-Bas, o\u00f9 il d\u00e9fendra son titre \u00e0 l\u2019ATP 500 de Rotterdam du 9 au 15 f\u00e9vrier.<\/p>\n<p>Un tournoi indoor exigeant, o\u00f9 Alcaraz avait impressionn\u00e9 l&rsquo;an pass\u00e9.<\/p>\n<p>Indian Wells et Miami : le juge de paix du printemps<\/p>\n<p>Enfin, comme tous les cadors du circuit, Carlos Alcaraz animera son mois de mars avec la tourn\u00e9e am\u00e9ricaine :<\/p>\n<p>&#8211; Indian Wells (4\u201315 mars)<\/p>\n<p>&#8211; Miami (18\u201329 mars)<\/p>\n<p>Deux Masters 1000 majeurs, souvent r\u00e9v\u00e9lateurs de la dynamique r\u00e9elle d\u2019un joueur.<\/p>\n<p> Derni\u00e8re modification le 02\/01\/2026 \u00e0 14h12 <\/p>\n","protected":false},"excerpt":{"rendered":"Carlos Alcaraz aura trois premiers mois charg\u00e9s d&rsquo;un point de vue de l&rsquo;enjeu avec l&rsquo;Open d&rsquo;Australie, Indian Wells&hellip;\n","protected":false},"author":2,"featured_media":636881,"comment_status":"","ping_status":"","sticky":false,"template":"","format":"standard","meta":{"footnotes":""},"categories":[1415],"tags":[1011,27,60,1467],"class_list":{"0":"post-636880","1":"post","2":"type-post","3":"status-publish","4":"format-standard","5":"has-post-thumbnail","7":"category-tennis","8":"tag-fr","9":"tag-france","10":"tag-sports","11":"tag-tennis"},"share_on_mastodon":{"url":"https:\/\/pubeurope.com\/@fr\/115827297743276864","error":""},"_links":{"self":[{"href":"https:\/\/www.europesays.com\/fr\/wp-json\/wp\/v2\/posts\/636880","targetHints":{"allow":["GET"]}}],"collection":[{"href":"https:\/\/www.europesays.com\/fr\/wp-json\/wp\/v2\/posts"}],"about":[{"href":"https:\/\/www.europesays.com\/fr\/wp-json\/wp\/v2\/types\/post"}],"author":[{"embeddable":true,"href":"https:\/\/www.europesays.com\/fr\/wp-json\/wp\/v2\/users\/2"}],"replies":[{"embeddable":true,"href":"https:\/\/www.europesays.com\/fr\/wp-json\/wp\/v2\/comments?post=636880"}],"version-history":[{"count":0,"href":"https:\/\/www.europesays.com\/fr\/wp-json\/wp\/v2\/posts\/636880\/revisions"}],"wp:featuredmedia":[{"embeddable":true,"href":"https:\/\/www.europesays.com\/fr\/wp-json\/wp\/v2\/media\/636881"}],"wp:attachment":[{"href":"https:\/\/www.europesays.com\/fr\/wp-json\/wp\/v2\/media?parent=636880"}],"wp:term":[{"taxonomy":"category","embeddable":true,"href":"https:\/\/www.europesays.com\/fr\/wp-json\/wp\/v2\/categories?post=636880"},{"taxonomy":"post_tag","embeddable":true,"href":"https:\/\/www.europesays.com\/fr\/wp-json\/wp\/v2\/tags?post=636880"}],"curies":[{"name":"wp","href":"https:\/\/api.w.org\/{rel}","templated":true}]}}