{"id":636886,"date":"2026-01-02T20:09:11","date_gmt":"2026-01-02T20:09:11","guid":{"rendered":"https:\/\/www.europesays.com\/fr\/636886\/"},"modified":"2026-01-02T20:09:11","modified_gmt":"2026-01-02T20:09:11","slug":"devenu-fou-il-a-essaye-de-la","status":"publish","type":"post","link":"https:\/\/www.europesays.com\/fr\/636886\/","title":{"rendered":"\u00ab Devenu fou, il a essay\u00e9 de la&#8230;"},"content":{"rendered":"<p>\t\t\t\t<img width=\"700\" height=\"398\" src=\"https:\/\/www.europesays.com\/fr\/wp-content\/uploads\/2026\/01\/claude-francois-france-gall-e1767351967673.jpg\" class=\"attachment-full size-full wp-post-image\" alt=\"Claude Fran\u00e7ois et France Gall\" decoding=\"async\" fetchpriority=\"high\"\/>\t\t\t\t<\/p>\n<p>\n\t\t\t\t\tINA (DR) \/ France TV (DR)\t\t\t\t<\/p>\n<p class=\"has-text-color has-small-font-size\" style=\"color:#747474\">Par <a href=\"https:\/\/www.parlons-basket.com\/biographie-auteur-elsa-girard-basset\/\" target=\"_blank\" rel=\"noopener\">Elsa Girard-Basset<\/a> |\u00a0Journaliste web<\/p>\n<p><strong><strong><strong>Au d\u00e9but des ann\u00e9es 1960, France Gall et Claude Fran\u00e7ois formaient l\u2019un des couples les plus scrut\u00e9s de la sc\u00e8ne musicale fran\u00e7aise. Derri\u00e8re les sourires et les succ\u00e8s, leur relation fut pourtant marqu\u00e9e par la jalousie et les tensions. Un \u00e9pisode, longtemps rest\u00e9 dans l\u2019ombre, a fait basculer leur histoire dans une violence inou\u00efe. Un moment pr\u00e9cis o\u00f9 tout a d\u00e9rap\u00e9.<\/strong><\/strong><\/strong><\/p>\n<p>L\u2019ann\u00e9e 1965 marque un tournant d\u00e9cisif. France Gall remporte l\u2019Eurovision avec \u00ab\u00a0Poup\u00e9e de cire, poup\u00e9e de son\u00a0\u00bb, un triomphe international qui aurait d\u00fb sceller leur bonheur. Mais dans l\u2019ombre des projecteurs, Claude Fran\u00e7ois vit tr\u00e8s mal ce succ\u00e8s qui d\u00e9passe le sien. Fou de rage et min\u00e9 par la jalousie, il rompt avec la jeune chanteuse par t\u00e9l\u00e9phone le soir-m\u00eame, quelques minutes seulement avant son rappel sur sc\u00e8ne, la laissant en larmes au moment le plus important de sa carri\u00e8re.<\/p>\n<p>Pourtant, contre toute attente, les deux artistes se remettent ensemble \u2013 sur insistance de France Gall, d\u00e9sireuse d\u2019apaiser la situation et convaincue que leur histoire peut encore \u00eatre sauv\u00e9e. Une r\u00e9conciliation fragile, qui ne tiendra que quelques semaines. Car c\u2019est apr\u00e8s cette reprise de relation que survient le v\u00e9ritable \u00e9pisode choc, bien plus grave que la rupture humiliante de l\u2019Eurovision.<\/p>\n<p>Dans son ouvrage \u00ab\u00a0France Gall : des amours, des chansons et des larmes\u00a0\u00bb, le biographe Alain Wordrascka revient sur l\u2019\u00e9l\u00e9ment d\u00e9clencheur de ce drame intime, une simple rumeur qui va mettre le feu aux poudres :<\/p>\n<p>\u00ab\u00a0Une rumeur se r\u00e9pand : France Gall aurait eu une aventure galante avec un chanteur italien pendant le concours de l\u2019Eurovision\u00a0\u00bb<\/p>\n<p>Une rumeur infond\u00e9e ou non, peu importe. Pour Claude Fran\u00e7ois, elle agit comme une \u00e9tincelle sur un baril de poudre. Le chanteur, connu pour ses col\u00e8res incontr\u00f4lables, perd totalement pied. Christian Morise, alors secr\u00e9taire personnel de l\u2019interpr\u00e8te de \u00ab\u00a0Comme d\u2019habitude\u00a0\u00bb, a \u00e9t\u00e9 t\u00e9moin direct de la suite des \u00e9v\u00e9nements :<\/p>\n<p>\u00ab\u00a0Il exige de rentrer imm\u00e9diatement \u00e0 Paris. Je supplie [France Gall] de quitter les lieux avant [notre] retour. En vain. Claude p\u00e9n\u00e8tre dans l\u2019appartement comme une tornade. Une violente dispute \u00e9clate pendant que je monte [\u2026] une paire de pique-cierges que Claude a achet\u00e9e chez un antiquaire. Il en prend un qu\u2019il lui jette au visage. Elle l\u2019\u00e9vite et l\u2019objet termine sa course folle contre le mur en laissant une trace bien visible.<\/p>\n<p>Apr\u00e8s avoir pris la fuite, France Gall se fait poursuivre par Claude Fran\u00e7ois. J\u2019essaye de [le] ramener \u00e0 la raison, mais mon intervention n\u2019a que peu d\u2019effet. Claude s\u2019engouffre dans la Mustang et je le suis. Le bolide slalome entre les piquets pr\u00e9vus pour l\u2019installation du march\u00e9. Devenu fou, il essaie de la renverser. Je tire sur le volant pour lui \u00e9viter de commettre l\u2019irr\u00e9parable\u00a0\u00bb<\/p>\n<p>Ces mots, d\u2019une brutalit\u00e9 rare, l\u00e8vent le voile sur une r\u00e9alit\u00e9 bien \u00e9loign\u00e9e du mythe. L\u2019ancien idole des jeunes, adul\u00e9 pour son \u00e9nergie sur sc\u00e8ne, se r\u00e9v\u00e8le ici sous un jour terrifiant. Quant \u00e0 France Gall, elle appara\u00eet comme une jeune femme prise au pi\u00e8ge d\u2019une relation toxique, o\u00f9 l\u2019amour se m\u00eale \u00e0 la peur.<\/p>\n<p>Cet \u00e9pisode marquera d\u00e9finitivement la fin de leur histoire. France Gall ne reviendra plus vers Claude Fran\u00e7ois et prendra peu \u00e0 peu ses distances avec ce pass\u00e9 douloureux. Longtemps silencieuse sur cette relation, elle choisira par la suite des chemins artistiques et personnels plus apais\u00e9s, notamment aux c\u00f4t\u00e9s de Michel Berger, le vrai amour de sa vie.<\/p>\n","protected":false},"excerpt":{"rendered":"INA (DR) \/ France TV (DR) Par Elsa Girard-Basset |\u00a0Journaliste web Au d\u00e9but des ann\u00e9es 1960, France Gall&hellip;\n","protected":false},"author":2,"featured_media":636887,"comment_status":"","ping_status":"","sticky":false,"template":"","format":"standard","meta":{"footnotes":""},"categories":[1359],"tags":[10896,58,59,1011,27,44286,973],"class_list":{"0":"post-636886","1":"post","2":"type-post","3":"status-publish","4":"format-standard","5":"has-post-thumbnail","7":"category-people","8":"tag-claude-francois","9":"tag-divertissement","10":"tag-entertainment","11":"tag-fr","12":"tag-france","13":"tag-france-gall","14":"tag-people"},"share_on_mastodon":{"url":"https:\/\/pubeurope.com\/@fr\/115827321352494521","error":""},"_links":{"self":[{"href":"https:\/\/www.europesays.com\/fr\/wp-json\/wp\/v2\/posts\/636886","targetHints":{"allow":["GET"]}}],"collection":[{"href":"https:\/\/www.europesays.com\/fr\/wp-json\/wp\/v2\/posts"}],"about":[{"href":"https:\/\/www.europesays.com\/fr\/wp-json\/wp\/v2\/types\/post"}],"author":[{"embeddable":true,"href":"https:\/\/www.europesays.com\/fr\/wp-json\/wp\/v2\/users\/2"}],"replies":[{"embeddable":true,"href":"https:\/\/www.europesays.com\/fr\/wp-json\/wp\/v2\/comments?post=636886"}],"version-history":[{"count":0,"href":"https:\/\/www.europesays.com\/fr\/wp-json\/wp\/v2\/posts\/636886\/revisions"}],"wp:featuredmedia":[{"embeddable":true,"href":"https:\/\/www.europesays.com\/fr\/wp-json\/wp\/v2\/media\/636887"}],"wp:attachment":[{"href":"https:\/\/www.europesays.com\/fr\/wp-json\/wp\/v2\/media?parent=636886"}],"wp:term":[{"taxonomy":"category","embeddable":true,"href":"https:\/\/www.europesays.com\/fr\/wp-json\/wp\/v2\/categories?post=636886"},{"taxonomy":"post_tag","embeddable":true,"href":"https:\/\/www.europesays.com\/fr\/wp-json\/wp\/v2\/tags?post=636886"}],"curies":[{"name":"wp","href":"https:\/\/api.w.org\/{rel}","templated":true}]}}