{"id":636888,"date":"2026-01-02T20:10:12","date_gmt":"2026-01-02T20:10:12","guid":{"rendered":"https:\/\/www.europesays.com\/fr\/636888\/"},"modified":"2026-01-02T20:10:12","modified_gmt":"2026-01-02T20:10:12","slug":"germaine-krull-la-photographie-ou-la-vie-sur-france-tv-sur-les-pas-dune-intrepide-meconnue","status":"publish","type":"post","link":"https:\/\/www.europesays.com\/fr\/636888\/","title":{"rendered":"\u00ab Germaine Krull, la photographie ou la vie \u00bb sur France.tv, sur les pas d\u2019une intr\u00e9pide m\u00e9connue"},"content":{"rendered":"<p>                     <img loading=\"lazy\" decoding=\"async\" src=\"https:\/\/www.europesays.com\/fr\/wp-content\/uploads\/2026\/01\/329c51a_upload-1-noe749wbvt60-germaine-krull-autoportrait-a-likarette-1925-nachlass-estate-germaine-.jpeg\" alt=\"Image extraite du documentaire \u00ab\u00a0Germaine Krull, la photographie ou la vie\u00a0\u00bb.\"   width=\"664\" height=\"443\"\/>    Image extraite du documentaire \u00ab\u00a0Germaine Krull, la photographie ou la vie\u00a0\u00bb.  NACHLASS ESTATE GERMAINE KRULL, MUSEUM FOLKWANG                <\/p>\n<blockquote class=\"article__catchphrase\">\n<p class=\"article__quote\">FRANCE.TV \u2013 \u00c0 LA DEMANDE \u2013 DOCUMENTAIRE<\/p>\n<\/blockquote>\n<p class=\"article__paragraph  \">Que s\u2019est-il pass\u00e9 dans la vie de Germaine Krull\u00a0pour que cette c\u00e9l\u00e8bre photographe de l\u2019avant-garde, consid\u00e9r\u00e9e par Man Ray comme son \u00e9gale dans les ann\u00e9es 1930, disparaisse apr\u00e8s la seconde guerre mondiale\u00a0? Le tr\u00e8s beau documentaire d\u2019Audrey Gordon, Germaine Krull, la photographie ou la vie, remonte le fil du si\u00e8cle pour comprendre cette vie extraordinaire marqu\u00e9e par les ruptures, gr\u00e2ce aux images de l\u2019artiste et \u00e0 ses M\u00e9moires que la photographe a achev\u00e9s peu avant sa mort, en\u00a01985.<\/p>\n<p class=\"article__paragraph  \">On suit cette intr\u00e9pide, n\u00e9e en\u00a01897, dans la ville polonaise de Poznan (alors dans l\u2019Empire allemand), qui ne c\u00e9dera jamais sur son d\u00e9sir de vivre ses passions, qu\u2019elles soient politiques, artistiques, amoureuses. \u00ab\u00a0La seule chose que mon p\u00e8re m\u2019a apprise, c\u2019est qu\u2019on doit toujours \u00eatre libre d\u2019entreprendre ce que l\u2019on veut.\u00a0\u00bb Libre-penseur, il avait refus\u00e9 que sa fille aille \u00e0 l\u2019\u00e9cole \u00ab\u00a0parce qu\u2019on y apprenait que des tas de choses inutiles, mais je connaissais le prologue de Faust par c\u0153ur\u00a0!\u00a0\u00bb Germaine Krull ne d\u00e9viera jamais de ce viatique. Sans bac et sans id\u00e9e pr\u00e9cise, elle entre \u00e0 l\u2019Ecole de photographie de Munich, une \u00ab\u00a0r\u00e9v\u00e9lation\u00a0\u00bb.<\/p>\n<p class=\"reading-mode-only \"><strong>Il vous reste 75.88% de cet article \u00e0 lire. La suite est r\u00e9serv\u00e9e aux abonn\u00e9s.<\/strong><\/p>\n","protected":false},"excerpt":{"rendered":"Image extraite du documentaire \u00ab\u00a0Germaine Krull, la photographie ou la vie\u00a0\u00bb. NACHLASS ESTATE GERMAINE KRULL, MUSEUM FOLKWANG FRANCE.TV&hellip;\n","protected":false},"author":2,"featured_media":636889,"comment_status":"","ping_status":"","sticky":false,"template":"","format":"standard","meta":{"footnotes":""},"categories":[1358],"tags":[1348,1384,1385,1386,58,59,1011,27],"class_list":{"0":"post-636888","1":"post","2":"type-post","3":"status-publish","4":"format-standard","5":"has-post-thumbnail","7":"category-arts-et-design","8":"tag-arts","9":"tag-arts-and-design","10":"tag-arts-et-design","11":"tag-design","12":"tag-divertissement","13":"tag-entertainment","14":"tag-fr","15":"tag-france"},"share_on_mastodon":{"url":"https:\/\/pubeurope.com\/@fr\/115827325258803693","error":""},"_links":{"self":[{"href":"https:\/\/www.europesays.com\/fr\/wp-json\/wp\/v2\/posts\/636888","targetHints":{"allow":["GET"]}}],"collection":[{"href":"https:\/\/www.europesays.com\/fr\/wp-json\/wp\/v2\/posts"}],"about":[{"href":"https:\/\/www.europesays.com\/fr\/wp-json\/wp\/v2\/types\/post"}],"author":[{"embeddable":true,"href":"https:\/\/www.europesays.com\/fr\/wp-json\/wp\/v2\/users\/2"}],"replies":[{"embeddable":true,"href":"https:\/\/www.europesays.com\/fr\/wp-json\/wp\/v2\/comments?post=636888"}],"version-history":[{"count":0,"href":"https:\/\/www.europesays.com\/fr\/wp-json\/wp\/v2\/posts\/636888\/revisions"}],"wp:featuredmedia":[{"embeddable":true,"href":"https:\/\/www.europesays.com\/fr\/wp-json\/wp\/v2\/media\/636889"}],"wp:attachment":[{"href":"https:\/\/www.europesays.com\/fr\/wp-json\/wp\/v2\/media?parent=636888"}],"wp:term":[{"taxonomy":"category","embeddable":true,"href":"https:\/\/www.europesays.com\/fr\/wp-json\/wp\/v2\/categories?post=636888"},{"taxonomy":"post_tag","embeddable":true,"href":"https:\/\/www.europesays.com\/fr\/wp-json\/wp\/v2\/tags?post=636888"}],"curies":[{"name":"wp","href":"https:\/\/api.w.org\/{rel}","templated":true}]}}