{"id":636897,"date":"2026-01-02T20:16:21","date_gmt":"2026-01-02T20:16:21","guid":{"rendered":"https:\/\/www.europesays.com\/fr\/636897\/"},"modified":"2026-01-02T20:16:21","modified_gmt":"2026-01-02T20:16:21","slug":"dakar-2026-jen-ramassais-des-morceaux-ampute-dune-jambe-mathieu-baumel-raconte-son-incroyable-parcours-pour-etre-au-depart-un-an-apres","status":"publish","type":"post","link":"https:\/\/www.europesays.com\/fr\/636897\/","title":{"rendered":"Dakar-2026\u00a0: \u00ab\u00a0J\u2019en ramassais des morceaux\u2026\u00a0\u00bb Amput\u00e9 d\u2019une jambe, Mathieu Baumel raconte son incroyable parcours pour \u00eatre au d\u00e9part un an apr\u00e8s"},"content":{"rendered":"<p>\n                                                                    l&rsquo;essentiel<br \/>\n                                                                La course contre la montre de Mathieu Baumel amput\u00e9 de la jambe droite lui permet pr\u00e9cis\u00e9ment onze mois apr\u00e8s son terrible accident de la route de retrouver son baquet de navigateur aupr\u00e8s de Guillaume De M\u00e9vius. \u00c9poustouflant\u00a0! Le quadruple vainqueur du rallye \u2013 qui d\u00e9marre ce samedi 3\u00a0janvier \u2013 avec Nasser Al-Attiyah nous raconte son chemin de vie\u2026\n                            <\/p>\n<p>Percut\u00e9 par une voiture. La vie de Mathieu Baumel a bascul\u00e9 le 29\u00a0janvier 2025 alors qu\u2019il portait assistance au bord d\u2019une route. Il se retrouve alors dans une situation critique, les jambes gravement touch\u00e9es. S\u2019ensuivent des jours terribles avec des op\u00e9rations, un coma artificiel, deux arr\u00eats cardiaques et des complications en s\u00e9rie. Il s\u2019accroche \u00e0 la vie mais doit prendre la douloureuse d\u00e9cision de se faire amputer de la jambe droite, trop endommag\u00e9e.<\/p>\n<p>        <img decoding=\"async\" class=\"std-img__img responsive-img\" src=\"https:\/\/www.europesays.com\/fr\/wp-content\/uploads\/2026\/01\/1767384981_432_image.jpg\" alt=\"Mathieu Baumel avec sa proth\u00e8se dans les sables saoudiens en compagnie de son pilote, le Belge Guillaume De M\u00e9vius.\"\/><\/p>\n<p>                Mathieu Baumel avec sa proth\u00e8se dans les sables saoudiens en compagnie de son pilote, le Belge Guillaume De M\u00e9vius.<br \/>\n                                    DR<\/p>\n<p>Lucide et combatif, Mathieu Baumel organise tout sur le lieu de l\u2019accident\u00a0: \u00ab\u00a0Tu te dis que ta vie est foutue, il faut g\u00e9rer cette situation. Les aventures men\u00e9es sur le Dakar m\u2019aident dans la gestion de ce moment de crise\u00a0: en bon copilote, j\u2019organise tout, j\u2019appelle ma famille, les secours, je r\u00e9unis mes papiers tant que je peux\u2026 Je ramasse des morceaux d\u2019une jambe, une trentaine, je les place dans mon blouson. \u00c0 ce moment-l\u00e0, on ne sait pas si je vais vivre\u2026\u00a0\u00bb<\/p>\n<p class=\"std-elt__inline\">\n        <strong>\u00c0 lire aussi :<\/strong><br \/>\n        <a href=\"https:\/\/www.ladepeche.fr\/2025\/05\/16\/video-accident-de-mathieu-baumel-parfois-ca-me-mine-le-moral-la-difficile-reeducation-du-copilote-francais-quadruple-vainqueur-du-dakar-12701395.php\" target=\"_blank\" rel=\"noopener\">VIDEO. Accident de Mathieu Baumel\u00a0: \u00ab\u00a0Parfois, \u00e7a me mine le moral\u2026\u00a0\u00bb La difficile r\u00e9\u00e9ducation du copilote fran\u00e7ais, quadruple vainqueur du Dakar<\/a>\n    <\/p>\n<p>Il est transport\u00e9 sur l\u2019h\u00f4pital de Reims. \u00ab\u00a0Apr\u00e8s plusieurs jours compliqu\u00e9s, les m\u00e9decins m\u2019exposent les deux cas possibles, je prends la d\u00e9cision de me faire amputer de la jambe droite, peu de chances que je puisse en retrouver l\u2019usage, peut-\u00eatre dans dix ans. Dans ma t\u00eate, c\u2019est clair\u00a0: mon objectif, \u00eatre au Dakar-2026.\u00a0\u00bb<\/p>\n<p>Il s\u00e9journera deux mois en soins intensifs avant de passer les quatre suivants en r\u00e9adaptation au Grau-du-Roi dans l\u2019H\u00e9rault.<\/p>\n<p>Onze mois plus tard, ce copilote est au d\u00e9part de la 48e\u00a0\u00e9dition \u00e0 Yanbu au c\u00f4t\u00e9 du Belge Guillaume De M\u00e9vius. \u00ab\u00a0Aujourd\u2019hui, j\u2019ai l\u2019impression que rien ne s\u2019est pass\u00e9\u00a0! Je n\u2019ai pens\u00e9 qu\u2019\u00e0 mon objectif. Quelque part, inconsciemment, j\u2019ai gomm\u00e9 cette p\u00e9riode. Tout cela est tr\u00e8s loin derri\u00e8re. Cela m\u2019a permis de me focaliser sur l\u2019\u00e9preuve m\u00eame si beaucoup de choses restent \u00e0 normaliser. Tout le monde m\u2019a aid\u00e9 pour m\u2019engager dans les meilleures conditions\u00a0: le proth\u00e9siste m\u2019a cr\u00e9\u00e9 une jambe sp\u00e9ciale (5kg), les docteurs, les aides-soignants, ma famille, mes amis\u2026 Je n\u2019ai jamais imagin\u00e9 malgr\u00e9 tout ce que j\u2019ai travers\u00e9, ne pas y \u00eatre. C\u2019est toute ma vie de ces vingt derni\u00e8res ann\u00e9es en Afrique, en Am\u00e9rique du Sud et en Arabie Saoudite. Les cons\u00e9quences sont terribles certes mais, j\u2019ai la chance d\u2019avoir toute ma t\u00eate et elle fonctionne bien.\u00a0\u00bb<\/p>\n<p>\u00ab\u00a0Avec ma proth\u00e8se, dormir sous la tente ne va pas \u00eatre facile\u00a0\u00bb<\/p>\n<p>Le pilote Guillaume De M\u00e9vius t\u00e9moigne de sa confiance envers son navigateur\u00a0: \u00ab\u00a0Je suis heureux de retrouver Mathieu pour ce que cela repr\u00e9sente humainement, mais aussi parce que nous formons un vrai bin\u00f4me.\u00a0\u00bb Et Mathieu de conc\u00e9der\u00a0: \u00ab\u00a0Les probl\u00e9matiques que nous allons rencontrer tr\u00e8s certainement (les crevaisons par exemple) vont demander \u00e0 Guillaume davantage de boulot pour me venir en aide\u00a0! Nous avons effectu\u00e9 deux Baja (Portugal et Djeddah) en r\u00e9p\u00e9tition afin d\u2019\u00e9valuer mes comp\u00e9tences, tout s\u2019est bien pass\u00e9. Le timing du Dakar n\u2019est pas le m\u00eame. C\u2019est une course tr\u00e8s longue de 13 \u00e9tapes, difficile, \u00e9prouvante et sans temps mort.\u00a0Ma crainte, les \u00e9tapes marathon, quatre jours sans assistance. Avec la proth\u00e8se, dormir sous la tente ne va pas \u00eatre facile. Une contrainte suppl\u00e9mentaire \u00e0 g\u00e9rer qui m\u2019inqui\u00e8te un peu.\u00a0\u00bb<\/p>\n<p class=\"std-elt__inline\">\n        <strong>\u00c0 lire aussi :<\/strong><br \/>\n        <a href=\"https:\/\/www.ladepeche.fr\/2025\/02\/16\/video-accident-de-mathieu-baumel-jai-pris-une-grande-decision-le-quadruple-vainqueur-du-dakar-annonce-lamputation-de-lune-de-ses-jambes-12516838.php\" target=\"_blank\" rel=\"noopener\">VIDEO. Accident de Mathieu Baumel\u00a0: \u00ab\u00a0J\u2019ai pris une grande d\u00e9cision\u2026\u00a0\u00bb Le quadruple vainqueur du Dakar annonce l\u2019amputation de l\u2019une de ses jambes<\/a>\n    <\/p>\n<p>Un point d\u2019interrogation plane pour Baumel\u00a0: \u00ab\u00a0Vais-je tenir sur les quinze jours de course\u00a0? Le physique va-t-il suivre\u00a0?\u00a0\u00bb L\u2019int\u00e9rieur de l\u2019habitacle du Mini X-Raid Racing a \u00e9t\u00e9 am\u00e9nag\u00e9 de fa\u00e7on \u00e0 lui permettre d\u2019\u00eatre install\u00e9 confortablement. \u00ab\u00a0Comme je n\u2019ai que la jambe gauche et qu\u2019elle ne supporte pas encore pleinement son poids, pour me stabiliser dans la voiture et pour les chocs, il a fallu mouler un si\u00e8ge sp\u00e9cifique afin d\u2019ins\u00e9rer aussi ma proth\u00e8se et y acc\u00e9der facilement. C\u00f4t\u00e9 physique, j\u2019ai travaill\u00e9 pour refaire ma charpente musculaire mais sur la long\u00e9vit\u00e9 de l\u2019\u00e9preuve, j\u2019ignore si, elle va suivre ou me faire souffrir.\u00a0\u00bb<\/p>\n<p class=\"std-elt__inline\">\n        <strong>\u00c0 lire aussi :<\/strong><br \/>\n        <a href=\"https:\/\/www.ladepeche.fr\/2025\/02\/04\/accident-de-mathieu-baumel-sil-avait-ete-accroupi-il-y-serait-reste-lancien-vainqueur-du-dakar-est-sorti-du-coma-assure-son-pere-12491246.php\" target=\"_blank\" rel=\"noopener\">Accident de Mathieu Baumel\u00a0: \u00ab\u00a0S\u2019il avait \u00e9t\u00e9 accroupi, il y serait rest\u00e9\u2026\u00a0\u00bb L\u2019ancien vainqueur du Dakar est sorti du coma assure son p\u00e8re<\/a>\n    <\/p>\n<p>Des ambitions, le duo en lib\u00e8re\u00a0: \u00ab\u00a0Il faut toujours se fixer des objectifs. Franchir l\u2019arriv\u00e9e \u00e0 Yanbu le jour de mes 50 ans (17\u00a0janvier), gagner une \u00e9tape pourquoi pas\u00a0? Rentrer dans le top 5 permettrait d\u2019encha\u00eener la saison mondiale positivement. Dire que nous sommes pr\u00e9sents pour la gagne, serait pr\u00e9tentieux.\u00a0\u00bb<\/p>\n<p>Guerrier et combattant, Mathieu Baumel n\u2019a jamais renonc\u00e9. Il a toujours regard\u00e9 devant, vers la course, vers la vie, vers le futur\u00a0! Preuve d\u2019une force hors norme\u00a0: son retour exceptionnel est un symbole de courage, de r\u00e9silience et d\u2019amour du sport. Mari\u00e9 \u00e0 Barbara et p\u00e8re de deux enfants, Mathis et Chlo\u00e9, il a choisi de se relever. Une sacr\u00e9e et belle personne\u00a0!<\/p>\n","protected":false},"excerpt":{"rendered":"l&rsquo;essentiel La course contre la montre de Mathieu Baumel amput\u00e9 de la jambe droite lui permet pr\u00e9cis\u00e9ment onze&hellip;\n","protected":false},"author":2,"featured_media":636898,"comment_status":"","ping_status":"","sticky":false,"template":"","format":"standard","meta":{"footnotes":""},"categories":[9],"tags":[1976,1011,27,32128,74410,517,60],"class_list":{"0":"post-636897","1":"post","2":"type-post","3":"status-publish","4":"format-standard","5":"has-post-thumbnail","7":"category-sports","8":"tag-auto-moto","9":"tag-fr","10":"tag-france","11":"tag-rallye-dakar","12":"tag-rallyes-raids","13":"tag-sport","14":"tag-sports"},"share_on_mastodon":{"url":"https:\/\/pubeurope.com\/@fr\/115827349183487073","error":""},"_links":{"self":[{"href":"https:\/\/www.europesays.com\/fr\/wp-json\/wp\/v2\/posts\/636897","targetHints":{"allow":["GET"]}}],"collection":[{"href":"https:\/\/www.europesays.com\/fr\/wp-json\/wp\/v2\/posts"}],"about":[{"href":"https:\/\/www.europesays.com\/fr\/wp-json\/wp\/v2\/types\/post"}],"author":[{"embeddable":true,"href":"https:\/\/www.europesays.com\/fr\/wp-json\/wp\/v2\/users\/2"}],"replies":[{"embeddable":true,"href":"https:\/\/www.europesays.com\/fr\/wp-json\/wp\/v2\/comments?post=636897"}],"version-history":[{"count":0,"href":"https:\/\/www.europesays.com\/fr\/wp-json\/wp\/v2\/posts\/636897\/revisions"}],"wp:featuredmedia":[{"embeddable":true,"href":"https:\/\/www.europesays.com\/fr\/wp-json\/wp\/v2\/media\/636898"}],"wp:attachment":[{"href":"https:\/\/www.europesays.com\/fr\/wp-json\/wp\/v2\/media?parent=636897"}],"wp:term":[{"taxonomy":"category","embeddable":true,"href":"https:\/\/www.europesays.com\/fr\/wp-json\/wp\/v2\/categories?post=636897"},{"taxonomy":"post_tag","embeddable":true,"href":"https:\/\/www.europesays.com\/fr\/wp-json\/wp\/v2\/tags?post=636897"}],"curies":[{"name":"wp","href":"https:\/\/api.w.org\/{rel}","templated":true}]}}