{"id":636899,"date":"2026-01-02T20:17:14","date_gmt":"2026-01-02T20:17:14","guid":{"rendered":"https:\/\/www.europesays.com\/fr\/636899\/"},"modified":"2026-01-02T20:17:14","modified_gmt":"2026-01-02T20:17:14","slug":"alexandre-devoise-sa-maison-a-800m-de-chez-marie-ange-nardi","status":"publish","type":"post","link":"https:\/\/www.europesays.com\/fr\/636899\/","title":{"rendered":"Alexandre Devoise, sa maison \u00e0 800m de chez Marie-Ange Nardi"},"content":{"rendered":"<p>Apr\u00e8s 38 ans d\u2019antenne, T\u00e9l\u00e9shopping a tir\u00e9 sa r\u00e9v\u00e9rence sur TF1<br \/>\nle 31 d\u00e9cembre dernier. Une page embl\u00e9matique de la t\u00e9l\u00e9vision<br \/>\nfran\u00e7aise qui se tourne, emportant avec elle des visages devenus<br \/>\nfamiliers du petit \u00e9cran, \u00e0 commencer par Marie-Ange Nardi et<br \/>\nAlexandre Devoise, duo complice depuis de nombreuses ann\u00e9es.<br \/>\nDerri\u00e8re les projecteurs, c\u2019est aussi une histoire de proximit\u00e9, de<br \/>\nrythme de vie millim\u00e9tr\u00e9\u2026 et m\u00eame de voisinage.<\/p>\n<p>Marie-Ange Nardi et Alexandre Devoise : une derni\u00e8re \u00e9mission<br \/>\ncharg\u00e9e d\u2019\u00e9motion<\/p>\n<p data-start=\"1087\" data-end=\"1236\">Sur le plateau, l\u2019\u00e9motion<br \/>\n\u00e9tait palpable. Pour cette ultime \u00e9mission, <strong>Marie-Ange<br \/>\nNardi<\/strong> n\u2019a pas cach\u00e9 son trouble face aux t\u00e9l\u00e9spectateurs<br \/>\nfid\u00e8les : \u00ab C\u00a0\u00bbest vrai qu&rsquo;on vous dit toute notre affection, on<br \/>\nvous remercie de votre fid\u00e9lit\u00e9, bisous, merci \u00e0 tous. \u00bb Apr\u00e8s 17<br \/>\nans pass\u00e9s \u00e0 coanimer l\u2019\u00e9mission, <a href=\"https:\/\/www.lejournaldelamaison.fr\/le-journal-de-la-maison\/reportages-maisons\/maisons-design-contemporain\/karine-ferri-salon-boconcept-523868.html\" target=\"_blank\" rel=\"noopener\"><br \/>\nl\u2019animatrice<\/a> a vu se refermer un chapitre majeur de sa<br \/>\ncarri\u00e8re. \u00c0 ses c\u00f4t\u00e9s, <strong>Alexandre Devoise<\/strong> a tenu \u00e0<br \/>\nrappeler l\u2019importance de cette aventure collective : \u00ab On est<br \/>\nvraiment heureux, tr\u00e8s, tr\u00e8s heureux de vous retrouver ce matin. Et<br \/>\nparticuli\u00e8rement \u00e9mus. Parce que voici la derni\u00e8re \u00e9mission du<br \/>\n<strong>T\u00e9l\u00e9shopping<\/strong> sur TF1. \u00bb Avant d\u2019ajouter : \u00ab<br \/>\nT\u00e9l\u00e9shopping qui s&rsquo;arr\u00eate aujourd&rsquo;hui apr\u00e8s 38 ans d&rsquo;existence. On<br \/>\na d\u00e9cid\u00e9 de garder le sourire. On a pass\u00e9 plein de moments. \u00bb<\/p>\n<p>Marie-Ange Nardi et Alexandre Devoise : une\u00a0relation de<br \/>\nconfiance\u2026 et de voisinage<\/p>\n<p data-start=\"1924\" data-end=\"2199\">Au fil des ann\u00e9es, le<br \/>\n<strong>duo<\/strong> a construit une relation bien au-del\u00e0 du<br \/>\nsimple cadre professionnel. Dans les colonnes de<br \/>\nGala, Alexandre Devoise \u00e9voquait d\u00e9j\u00e0 ce lien singulier<br \/>\navec les t\u00e9l\u00e9spectateurs, mais aussi avec sa partenaire de plateau<br \/>\n: \u00ab C&rsquo;est une des plus vieilles \u00e9missions du paf, c&rsquo;est vrai. La<br \/>\nchance que nous avons, c&rsquo;est le rapport de confiance avec les<br \/>\nt\u00e9l\u00e9spectateurs. \u00bb<\/p>\n<p data-start=\"2347\" data-end=\"2426\">Un <strong>lien<\/strong><br \/>\nrenforc\u00e9 par une co\u00efncidence \u00e9tonnante : leur proximit\u00e9<br \/>\ng\u00e9ographique. \u00ab Je vais vous dire, on se connaissait vaguement<br \/>\navant mon arriv\u00e9e dans <a href=\"https:\/\/www.lejournaldelamaison.fr\/le-journal-de-la-maison\/reportages-maisons\/maisons-reportages-maisons\/sebastien-lecornu-maisons-normandie-523535.html\" target=\"_blank\" rel=\"noopener\"><br \/>\nl&rsquo;\u00e9mission<\/a>, et hasard de la vie, on habite \u00e0 800m l&rsquo;un de<br \/>\nl&rsquo;autre. Et on se voit beaucoup \u00e0 l&rsquo;ext\u00e9rieur, notamment le<br \/>\nvendredi soir, pour d\u00eener. \u00bb Une amiti\u00e9 simple, discr\u00e8te, ancr\u00e9e<br \/>\ndans un quotidien presque ordinaire, loin des plateaux t\u00e9l\u00e9.<\/p>\n<blockquote class=\"instagram-media\" style=\"background: #ffffff;border: 0;margin: 1px;width: 100%;padding: 0;max-width: 500px;\" data-instgrm-permalink=\"https:\/\/www.instagram.com\/p\/DAoBD51oDpC\/\" data-instgrm-version=\"14\"\/>\n<p>Alexandre Devoise : une nouvelle vie bien rythm\u00e9e entre travail et<br \/>\nmaison<\/p>\n<p data-start=\"2347\" data-end=\"2426\">Si le lieu pr\u00e9cis de son<br \/>\n<a href=\"https:\/\/www.lejournaldelamaison.fr\/le-journal-de-la-maison\/reportages-maisons\/maisons-reportages-maisons\/jean-paul-rouve-vieille-habitation-incroyable-maison-vacances-dans-vaucluse-refuge-passe-etes-530735.html\" target=\"_blank\" rel=\"noopener\"><br \/>\nhabitation<\/a> reste confidentiel, <strong>Alexandre<br \/>\nDevoise<\/strong> s\u2019est aussi confi\u00e9 sur son rythme de vie tr\u00e8s<br \/>\nstructur\u00e9, indispensable pour concilier ses diff\u00e9rentes activit\u00e9s<br \/>\nprofessionnelles : \u00ab Le rythme est dense, mais les deux activit\u00e9s<br \/>\nse compl\u00e8tent bien. C&rsquo;est une histoire d&rsquo;organisation de d&rsquo;hygi\u00e8ne<br \/>\nde vie. Je me couche \u00e0 21h, je me r\u00e9veille \u00e0 4h. J&rsquo;ai pas de<br \/>\nsorties la semaine. Simplement, le vendredi, apr\u00e8s la radio,<br \/>\nj&rsquo;essaye de me reposer. \u00bb<\/p>\n<p data-start=\"2347\" data-end=\"2426\">Et de d\u00e9tailler son<br \/>\n<strong>emploi du temps quasi militaire<\/strong> : \u00ab Si vous<br \/>\nsouhaitez que je rentre dans les d\u00e9tails, le lundi et le vendredi<br \/>\nsont consacr\u00e9s \u00e0 la radio. Et le mardi, mercredi et jeudi, c&rsquo;est<br \/>\npour T\u00e9l\u00e9shopping. \u00bb Un quotidien r\u00e9gl\u00e9 comme une horloge, o\u00f9 la<br \/>\nmaison devient un refuge essentiel, pens\u00e9 pour le repos, la<br \/>\nr\u00e9cup\u00e9ration\u2026 et ces fameux d\u00eeners du vendredi soir partag\u00e9s \u00e0<br \/>\nquelques centaines de m\u00e8tres seulement.<\/p>\n<p><script async src=\"\/\/www.instagram.com\/embed.js\"><\/script><\/p>\n","protected":false},"excerpt":{"rendered":"Apr\u00e8s 38 ans d\u2019antenne, T\u00e9l\u00e9shopping a tir\u00e9 sa r\u00e9v\u00e9rence sur TF1 le 31 d\u00e9cembre dernier. Une page embl\u00e9matique&hellip;\n","protected":false},"author":2,"featured_media":636900,"comment_status":"","ping_status":"","sticky":false,"template":"","format":"standard","meta":{"footnotes":""},"categories":[8],"tags":[930,17387,13041,3353,4017,26056,3530,1805,74411,20070,58,59,1011,27,74413,2142,6665,29796,74414,34150,5241,471,10649,16283,16637,3467,74412,6949,11525],"class_list":{"0":"post-636899","1":"post","2":"type-post","3":"status-publish","4":"format-standard","5":"has-post-thumbnail","7":"category-divertissement","8":"tag-le","9":"tag-17387","10":"tag-a","11":"tag-alexandre","12":"tag-ange","13":"tag-beaucoup","14":"tag-chez","15":"tag-de","16":"tag-devoise","17":"tag-diner","18":"tag-divertissement","19":"tag-entertainment","20":"tag-fr","21":"tag-france","22":"tag-lexterieur","23":"tag-maison","24":"tag-marie","25":"tag-metres","26":"tag-nardi","27":"tag-notamment","28":"tag-on","29":"tag-pour","30":"tag-sa","31":"tag-se","32":"tag-situee","33":"tag-soir","34":"tag-teleshopping","35":"tag-vendredi","36":"tag-voit"},"share_on_mastodon":{"url":"https:\/\/pubeurope.com\/@fr\/115827352955407147","error":""},"_links":{"self":[{"href":"https:\/\/www.europesays.com\/fr\/wp-json\/wp\/v2\/posts\/636899","targetHints":{"allow":["GET"]}}],"collection":[{"href":"https:\/\/www.europesays.com\/fr\/wp-json\/wp\/v2\/posts"}],"about":[{"href":"https:\/\/www.europesays.com\/fr\/wp-json\/wp\/v2\/types\/post"}],"author":[{"embeddable":true,"href":"https:\/\/www.europesays.com\/fr\/wp-json\/wp\/v2\/users\/2"}],"replies":[{"embeddable":true,"href":"https:\/\/www.europesays.com\/fr\/wp-json\/wp\/v2\/comments?post=636899"}],"version-history":[{"count":0,"href":"https:\/\/www.europesays.com\/fr\/wp-json\/wp\/v2\/posts\/636899\/revisions"}],"wp:featuredmedia":[{"embeddable":true,"href":"https:\/\/www.europesays.com\/fr\/wp-json\/wp\/v2\/media\/636900"}],"wp:attachment":[{"href":"https:\/\/www.europesays.com\/fr\/wp-json\/wp\/v2\/media?parent=636899"}],"wp:term":[{"taxonomy":"category","embeddable":true,"href":"https:\/\/www.europesays.com\/fr\/wp-json\/wp\/v2\/categories?post=636899"},{"taxonomy":"post_tag","embeddable":true,"href":"https:\/\/www.europesays.com\/fr\/wp-json\/wp\/v2\/tags?post=636899"}],"curies":[{"name":"wp","href":"https:\/\/api.w.org\/{rel}","templated":true}]}}