{"id":636905,"date":"2026-01-02T20:20:15","date_gmt":"2026-01-02T20:20:15","guid":{"rendered":"https:\/\/www.europesays.com\/fr\/636905\/"},"modified":"2026-01-02T20:20:15","modified_gmt":"2026-01-02T20:20:15","slug":"msf-denonce-une-ingerence-scandaleuse-apres-avoir-ete-interdite-avec-36-ong-dacces-par-israel","status":"publish","type":"post","link":"https:\/\/www.europesays.com\/fr\/636905\/","title":{"rendered":"MSF d\u00e9nonce une \u00ab\u00a0ing\u00e9rence scandaleuse\u00a0\u00bb apr\u00e8s avoir \u00e9t\u00e9 interdite, avec 36\u00a0ONG, d\u2019acc\u00e8s par Isra\u00ebl"},"content":{"rendered":"<p>                      <img loading=\"lazy\" decoding=\"async\" src=\"https:\/\/www.europesays.com\/fr\/wp-content\/uploads\/2026\/01\/58ad153_ftp-1-mgteqry90kr7-6df1c25bc184450986d9abdd71c0ee17-0-70e557957ee34563829bfc73f11a3d8a.jpg\" alt=\"A Nousseirat, dans le centre de la bande de Gaza, le 2\u00a0janvier 2026.\"   width=\"664\" height=\"443\"\/>    A Nousseirat, dans le centre de la bande de Gaza, le 2\u00a0janvier 2026.  ABDEL KAREEM HANA\/AP                          <\/p>\n<p class=\"article__paragraph  \">L\u2019ONG M\u00e9decins Sans Fronti\u00e8res (MSF) a d\u00e9nonc\u00e9 vendredi 2\u00a0janvier un \u00ab\u00a0grave coup port\u00e9 \u00e0 l\u2019aide humanitaire\u00a0\u00bb \u00e0 Gaza, apr\u00e8s en avoir, comme 36\u00a0autres organisations, \u00e9t\u00e9 interdite d\u2019acc\u00e8s par les autorit\u00e9s isra\u00e9liennes, faute de leur livrer l\u2019identit\u00e9 de son personnel palestinien.<\/p>\n<p class=\"article__paragraph  \">Selon Isra\u00ebl, cette exigence vise \u00e0 \u00ab\u00a0emp\u00eacher l\u2019infiltration d\u2019op\u00e9rateurs terroristes au sein des structures humanitaires\u00a0\u00bb. Isra\u00ebl a confirm\u00e9 jeudi interdire d\u2019acc\u00e8s \u00e0 la bande de Gaza 37\u00a0organisations humanitaires \u00e9trang\u00e8res qui refusent de s\u2019y plier.<\/p>\n<p class=\"article__paragraph  \">Cette r\u00e8glementation \u00ab\u00a0est une tentative cynique et calcul\u00e9e d\u2019emp\u00eacher les organisations de fournir des services \u00e0 Gaza et en Cisjordanie\u00a0\u00bb occup\u00e9e, d\u00e9nonce MSF dans un communiqu\u00e9. \u00ab\u00a0Il est r\u00e9voltant d\u2019utiliser l\u2019aide humanitaire comme outil de politique ou de punition collective.\u00a0\u00bb<\/p>\n<p class=\"article__paragraph  \">La r\u00e8glementation ne s\u2019applique officiellement qu\u2019\u00e0 Gaza, mais des ONG se sont d\u00e9j\u00e0 inqui\u00e9t\u00e9es de ce qu\u2019elles s\u2019\u00e9tendent \u00e0 l\u2019avenir \u00e0 la Cisjordanie occup\u00e9e. MSF fait part de ses \u00ab\u00a0pr\u00e9occupations l\u00e9gitimes\u00a0\u00bb concernant l\u2019enregistrement et le partage des informations personnelles de ses employ\u00e9s palestiniens avec les autorit\u00e9s isra\u00e9liennes, d\u2019autant, dit-elle, \u00ab\u00a0que 15\u00a0coll\u00e8gues de MSF ont \u00e9t\u00e9 tu\u00e9s par les forces isra\u00e9liennes\u00a0\u00bb depuis le d\u00e9but de la guerre \u00e0 Gaza, en octobre\u00a02023.<\/p>\n<p>                                       Lire aussi |  Article r\u00e9serv\u00e9 \u00e0 nos abonn\u00e9s  <a href=\"https:\/\/www.lemonde.fr\/international\/article\/2026\/01\/01\/israel-porte-un-coup-d-arret-au-travail-des-ong-humanitaires-en-palestine-occupee_6660255_3210.html\" class=\"js-article-read-also catcher--favoris__link\" data-premium=\"1\" id=\"article-title-3452966\" target=\"_blank\" rel=\"noopener\">Isra\u00ebl porte un coup d\u2019arr\u00eat au travail des ONG humanitaires en Palestine occup\u00e9e<\/a>    <\/p>\n<p>   Lire plus tard  <\/p>\n<p>                          Des travailleurs \u00ab\u00a0intimid\u00e9s, arbitrairement d\u00e9tenus, attaqu\u00e9s et tu\u00e9s\u00a0\u00bb                    <\/p>\n<p class=\"article__paragraph  \">\u00ab\u00a0Aucune clart\u00e9 n\u2019est fournie sur la mani\u00e8re dont ces donn\u00e9es sensibles seront utilis\u00e9es, conserv\u00e9es ou partag\u00e9es\u00a0\u00bb, insiste MSF. \u00ab\u00a0A fortiori dans un contexte o\u00f9 des travailleurs m\u00e9dicaux et humanitaires ont \u00e9t\u00e9 intimid\u00e9s, arbitrairement d\u00e9tenus, attaqu\u00e9s et tu\u00e9s en grand nombre, exiger des listes de personnel comme condition d\u2019acc\u00e8s \u00e0 un territoire est une ing\u00e9rence scandaleuse.\u00a0\u00bb<\/p>\n<p class=\"article__paragraph  \">MSF, qui revendique de soutenir \u00ab\u00a0un lit d\u2019h\u00f4pital sur cinq \u00e0 Gaza et [aider] une m\u00e8re sur trois lors de l\u2019accouchement\u00a0\u00bb, indique par ailleurs continuer\u00a0de \u00ab\u00a0solliciter un dialogue avec les autorit\u00e9s isra\u00e9liennes sur le sujet\u00a0\u00bb. Les ONG concern\u00e9es ont th\u00e9oriquement jusqu\u2019au 1er\u00a0mars pour quitter Gaza. D\u2019ici l\u00e0, elles peuvent soumettre les documents demand\u00e9s aux autorit\u00e9s qui examineront leur demande, selon le minist\u00e8re de la diaspora et de la lutte contre l\u2019antis\u00e9mitisme.<\/p>\n<p class=\"article__paragraph  \">Parmi elles figurent de grands acteurs du secteur dont, outre MSF, le Norwegian Refugee Council, Care, World Vision et Oxfam. Isra\u00ebl a \u00e9t\u00e9 vivement critiqu\u00e9 par la communaut\u00e9 internationale pour cette r\u00e8glementation.<\/p>\n<p>                                       Lire aussi |  Article r\u00e9serv\u00e9 \u00e0 nos abonn\u00e9s  <a href=\"https:\/\/www.lemonde.fr\/international\/article\/2025\/08\/14\/gaza-des-ong-denoncent-les-obstructions-a-leur-travail_6629508_3210.html\" class=\"js-article-read-also catcher--favoris__link\" data-premium=\"1\" id=\"article-title-3434390\" target=\"_blank\" rel=\"noopener\">Gaza\u00a0: des ONG d\u00e9noncent les obstructions \u00e0 leur travail<\/a>    <\/p>\n<p>   Lire plus tard  <\/p>\n<p class=\"author__detail\">  Le Monde avec AFP  <\/p>\n<p>                <a href=\"https:\/\/www.lemonde.fr\/syndication\/\" class=\"reuse__content\" title=\"R\u00e9utiliser ce contenu\" target=\"_blank\" rel=\"noopener\">R\u00e9utiliser ce contenu<\/a>      <\/p>\n","protected":false},"excerpt":{"rendered":"A Nousseirat, dans le centre de la bande de Gaza, le 2\u00a0janvier 2026. ABDEL KAREEM HANA\/AP L\u2019ONG M\u00e9decins&hellip;\n","protected":false},"author":2,"featured_media":636906,"comment_status":"","ping_status":"","sticky":false,"template":"","format":"standard","meta":{"footnotes":""},"categories":[5],"tags":[11,1011,27,14,12,28],"class_list":{"0":"post-636905","1":"post","2":"type-post","3":"status-publish","4":"format-standard","5":"has-post-thumbnail","7":"category-international","8":"tag-actualites","9":"tag-fr","10":"tag-france","11":"tag-international","12":"tag-news","13":"tag-world"},"share_on_mastodon":{"url":"https:\/\/pubeurope.com\/@fr\/115827364795558231","error":""},"_links":{"self":[{"href":"https:\/\/www.europesays.com\/fr\/wp-json\/wp\/v2\/posts\/636905","targetHints":{"allow":["GET"]}}],"collection":[{"href":"https:\/\/www.europesays.com\/fr\/wp-json\/wp\/v2\/posts"}],"about":[{"href":"https:\/\/www.europesays.com\/fr\/wp-json\/wp\/v2\/types\/post"}],"author":[{"embeddable":true,"href":"https:\/\/www.europesays.com\/fr\/wp-json\/wp\/v2\/users\/2"}],"replies":[{"embeddable":true,"href":"https:\/\/www.europesays.com\/fr\/wp-json\/wp\/v2\/comments?post=636905"}],"version-history":[{"count":0,"href":"https:\/\/www.europesays.com\/fr\/wp-json\/wp\/v2\/posts\/636905\/revisions"}],"wp:featuredmedia":[{"embeddable":true,"href":"https:\/\/www.europesays.com\/fr\/wp-json\/wp\/v2\/media\/636906"}],"wp:attachment":[{"href":"https:\/\/www.europesays.com\/fr\/wp-json\/wp\/v2\/media?parent=636905"}],"wp:term":[{"taxonomy":"category","embeddable":true,"href":"https:\/\/www.europesays.com\/fr\/wp-json\/wp\/v2\/categories?post=636905"},{"taxonomy":"post_tag","embeddable":true,"href":"https:\/\/www.europesays.com\/fr\/wp-json\/wp\/v2\/tags?post=636905"}],"curies":[{"name":"wp","href":"https:\/\/api.w.org\/{rel}","templated":true}]}}