{"id":63691,"date":"2025-04-30T06:25:19","date_gmt":"2025-04-30T06:25:19","guid":{"rendered":"https:\/\/www.europesays.com\/fr\/63691\/"},"modified":"2025-04-30T06:25:19","modified_gmt":"2025-04-30T06:25:19","slug":"sa-fille-milla-poste-un-message-tres-touchant-un-mois-apres-sa-disparition-pour-que-personne-nait-a-vivre-le-meme-drame","status":"publish","type":"post","link":"https:\/\/www.europesays.com\/fr\/63691\/","title":{"rendered":"Sa fille Milla poste un message tr\u00e8s touchant un mois apr\u00e8s sa disparition, \u00ab\u00a0pour que personne n&rsquo;ait \u00e0 vivre le m\u00eame\u00a0\u00bb drame"},"content":{"rendered":"<p>Ce mardi 29 avril, Milla Savarese a \u00e9t\u00e9 entendue sur les ondes de France Inter pour sensibiliser les auditeurs au cancer rare qui a caus\u00e9 la mort de sa m\u00e8re, \u00c9milie Dequenne, d\u00e9c\u00e9d\u00e9e le mois dernier \u00e0 seulement 43 ans.<\/p>\n<p>Le mois de mars a \u00e9t\u00e9 marqu\u00e9 par la tragique disparition d&rsquo;\u00c9milie Dequenne. L&rsquo;actrice qui souffrait d&rsquo;un corticosurr\u00e9nalome, <a href=\"https:\/\/www.programme-tv.net\/news\/people\/350451-la-bataille-n-est-pas-terminee-emilie-dequenne-annonce-etre-en-remission-complete-de-son-cancer\/\" data-api-deeplink=\"teleloisirs:\/\/news\/350451\" target=\"_blank\" rel=\"noopener\">une tumeur maligne de la glande surr\u00e9nale<\/a>, a rendu son dernier souffle un dimanche \u00e0 l&rsquo;h\u00f4pital Gustave Roussy de Villejuif. Elle avait rendu public son combat contre la maladie et \u00e9tait apparue<a href=\"https:\/\/www.programme-tv.net\/news\/people\/353030-emilie-dequenne-fait-son-grand-retour-a-cannes-quelques-mois-apres-avoir-annonce-etre-en-remission-de-son-cancer\/\" data-api-deeplink=\"teleloisirs:\/\/news\/353030\" target=\"_blank\" rel=\"noopener\"> le cr\u00e2ne ras\u00e9 il y a pr\u00e8s d&rsquo;un an au Festival de Cannes<\/a>. En d\u00e9cembre, l&rsquo;actrice de 43 ans avait \u00e9voqu\u00e9 <a href=\"https:\/\/www.programme-tv.net\/news\/people\/366098-j-ai-pas-envie-de-mourir-emilie-dequenne-revele-que-son-cancer-a-recidive-et-donne-des-nouvelles-preoccupantes-sur-sa-sante\/\" data-api-deeplink=\"teleloisirs:\/\/news\/366098\" target=\"_blank\" rel=\"noopener\">sa fin de vie<\/a>, son cancer r\u00e9cidivant et lui volant au passage <a href=\"https:\/\/www.programme-tv.net\/news\/people\/366099-on-ne-m-a-pas-prevenue-emilie-dequenne-a-decouvert-dans-la-presse-avoir-ete-remplacee-dans-son-prochain-film-apres-la-recidive-de-son-cancer\/\" data-api-deeplink=\"teleloisirs:\/\/news\/366099\" target=\"_blank\" rel=\"noopener\">une opportunit\u00e9 au cin\u00e9ma<\/a>&#8230;<\/p>\n<p>Mort d&rsquo;\u00c9milie Dequenne : sa fille Milla invit\u00e9e \u00e0 la radio pour \u00e9voquer la maladie qui l&rsquo;a emport\u00e9e<\/p>\n<p>Acteurs, r\u00e9alisateurs, producteurs&#8230; Nombreuses sont les personnes du milieu \u00e0 avoir rendu <a href=\"https:\/\/www.programme-tv.net\/news\/people\/374440-obseques-d-emilie-dequenne-alex-lutz-les-freres-dardenne-anne-marivin-deborah-francois-les-stars-reunies-pour-lui-rendre-un-dernier-hommage-photos\/\" data-api-deeplink=\"teleloisirs:\/\/news\/374440\" target=\"_blank\" rel=\"noopener\">hommage<\/a> \u00e0 \u00c9milie Dequenne ces derni\u00e8res semaines. Si<a href=\"https:\/\/www.programme-tv.net\/news\/people\/373781-je-n-ai-pas-la-force-milla-savarese-la-fille-d-emilie-dequenne-repond-aux-messages-de-soutien-qu-elle-recoit-depuis-le-deces-de-sa-mere\/\" data-api-deeplink=\"teleloisirs:\/\/news\/373781\" target=\"_blank\" rel=\"noopener\"> sa fille avait r\u00e9agi deux jours apr\u00e8s le drame<\/a>, le compagnon de la com\u00e9dienne d\u00e9c\u00e9d\u00e9e avait pris un peu plus de temps. Michel Ferracci vit la situation comme <a href=\"https:\/\/www.programme-tv.net\/news\/people\/374683-quelle-injustice-davoir-ete-separes-michel-ferracci-le-mari-d-emile-dequenne-sort-du-silence-et-rend-un-bouleversant-hommage-a-son-ame-soeur\/\" data-api-deeplink=\"teleloisirs:\/\/news\/374683\" target=\"_blank\" rel=\"noopener\">une grande \u00ab\u00a0injustice\u00a0\u00bb,<\/a> lui qui a \u00ab\u00a0\u00e9t\u00e9 s\u00e9par\u00e9\u00a0\u00bb de sa moiti\u00e9. Ce matin m\u00eame, Milla Savarese a repris la parole publiquement sur les ondes de France Inter, cette fois accompagn\u00e9e du professeur Benjamin Besse, directeur de recherche clinique \u00e0 l&rsquo;institut Gustave Roussy de Villejuif, afin de sensibiliser les auditeurs au cancer rare qui a emport\u00e9 sa m\u00e8re.<\/p>\n<p>                        Milla Savarese livre un message tr\u00e8s fort sur le cancer dont a \u00e9t\u00e9 victime sa m\u00e8re, \u00c9milie Dequenne<\/p>\n<p>\u00ab\u00a0Merci beaucoup de m&rsquo;avoir re\u00e7ue France Inter, de nous permettre de parler et de faire avancer cette cause tr\u00e8s importante\u00a0\u00bb, a \u00e9crit la jeune femme de 22 ans en story Instagram ce mardi 29 avril. Et de s&rsquo;adresser directement \u00e0 \u00c9milie Dequenne : \u00ab\u00a0<b>Maman, on ne t&rsquo;oublie pas, on pense fort \u00e0 toi <\/b>et on va s&rsquo;assurer comme tu l&rsquo;aurais voulu de faire le bien autour de nous\u00a0\u00bb. La makeup artist suivie par pr\u00e8s de 4000 personnes sur le r\u00e9seau social a profit\u00e9 de cette occasion pour rappeler : \u00ab\u00a0<b>Pour maman et pour que personne n&rsquo;ait \u00e0 vivre la m\u00eame chose<\/b>, pour toutes les personnes malades qui esp\u00e8rent trouver un traitement, vous pouvez aider la recherche \u00e0 avancer et leur souhait \u00e0 se r\u00e9aliser en faisant un don. Il n&rsquo;y a pas de petit don, chaque centime compte. Si chacun pouvait d\u00e9j\u00e0 mettre un euro, \u00e7a irait tr\u00e8s vite tr\u00e8s loin. Faites ce que vous pouvez et surtout partagez <a href=\"https:\/\/collecter.gustaveroussy.fr\/fundraisers\/en-memoire-d-emilie-dequenne-soutenons-la-lutte-contre-le-cancer?fbclid=PAZXh0bgNhZW0CMTEAAafO_SPYaAZ80ktZwNdjkFsc9hns58pa-PPdyLnPvdGkRwJggZ5BuW35EK3huQ_aem_PeNGtu7kqFGlmyJUYX7bqw\" target=\"_blank\" rel=\"noopener\">ce lien<\/a>\u00ab\u00a0.<\/p>\n","protected":false},"excerpt":{"rendered":"Ce mardi 29 avril, Milla Savarese a \u00e9t\u00e9 entendue sur les ondes de France Inter pour sensibiliser les&hellip;\n","protected":false},"author":2,"featured_media":63692,"comment_status":"","ping_status":"","sticky":false,"template":"","format":"standard","meta":{"footnotes":""},"categories":[1359],"tags":[244,58,294,59,16240,1011,27,4879,973,1630],"class_list":{"0":"post-63691","1":"post","2":"type-post","3":"status-publish","4":"format-standard","5":"has-post-thumbnail","7":"category-people","8":"tag-commentaire","9":"tag-divertissement","10":"tag-emilie-dequenne","11":"tag-entertainment","12":"tag-fille-de","13":"tag-fr","14":"tag-france","15":"tag-hommage","16":"tag-people","17":"tag-zapping"},"share_on_mastodon":{"url":"https:\/\/pubeurope.com\/@fr\/114425490455285407","error":""},"_links":{"self":[{"href":"https:\/\/www.europesays.com\/fr\/wp-json\/wp\/v2\/posts\/63691","targetHints":{"allow":["GET"]}}],"collection":[{"href":"https:\/\/www.europesays.com\/fr\/wp-json\/wp\/v2\/posts"}],"about":[{"href":"https:\/\/www.europesays.com\/fr\/wp-json\/wp\/v2\/types\/post"}],"author":[{"embeddable":true,"href":"https:\/\/www.europesays.com\/fr\/wp-json\/wp\/v2\/users\/2"}],"replies":[{"embeddable":true,"href":"https:\/\/www.europesays.com\/fr\/wp-json\/wp\/v2\/comments?post=63691"}],"version-history":[{"count":0,"href":"https:\/\/www.europesays.com\/fr\/wp-json\/wp\/v2\/posts\/63691\/revisions"}],"wp:featuredmedia":[{"embeddable":true,"href":"https:\/\/www.europesays.com\/fr\/wp-json\/wp\/v2\/media\/63692"}],"wp:attachment":[{"href":"https:\/\/www.europesays.com\/fr\/wp-json\/wp\/v2\/media?parent=63691"}],"wp:term":[{"taxonomy":"category","embeddable":true,"href":"https:\/\/www.europesays.com\/fr\/wp-json\/wp\/v2\/categories?post=63691"},{"taxonomy":"post_tag","embeddable":true,"href":"https:\/\/www.europesays.com\/fr\/wp-json\/wp\/v2\/tags?post=63691"}],"curies":[{"name":"wp","href":"https:\/\/api.w.org\/{rel}","templated":true}]}}