{"id":636913,"date":"2026-01-02T20:24:20","date_gmt":"2026-01-02T20:24:20","guid":{"rendered":"https:\/\/www.europesays.com\/fr\/636913\/"},"modified":"2026-01-02T20:24:20","modified_gmt":"2026-01-02T20:24:20","slug":"des-bonnes-nouvelles-et-plusieurs-forfaits-avant-le-mans","status":"publish","type":"post","link":"https:\/\/www.europesays.com\/fr\/636913\/","title":{"rendered":"Des bonnes nouvelles et\u2026 plusieurs forfaits avant Le Mans"},"content":{"rendered":"<p>                                            Publi\u00e9 le 02\/01\/2026 \u00e0 19h26<br \/>\n                                                                                3 minutes de lecture\n                                                                    <\/p>\n<p>F\u00e9ru de sport et plus particuli\u00e8rement de ballon rond depuis ma plus tendre enfance.<\/p>\n<p>                                            Lire la suite<\/p>\n<p>L\u00a0\u00bbAS Saint-\u00c9tienne traverse une p\u00e9riode de transition cruciale concernant son effectif \u00e0 l&rsquo;aube de cette <strong>18\u00e8me journ\u00e9e de Ligue 2<\/strong>. Lors de sa conf\u00e9rence de presse de ce vendredi midi, <strong>Eirik Horneland<\/strong> a dress\u00e9 un bilan d\u00e9taill\u00e9 de la situation m\u00e9dicale de ses joueurs avant le d\u00e9placement p\u00e9rilleux au Mans. Si l&rsquo;infirmerie st\u00e9phanoise commence enfin \u00e0 se vider apr\u00e8s des semaines difficiles, plusieurs incertitudes demeurent quant \u00e0 la composition de l&rsquo;\u00e9quipe qui affrontera les Manceaux. Cette rencontre s&rsquo;annonce d\u00e9terminante pour les Verts qui cherchent \u00e0 maintenir leur dynamique positive en cette seconde partie de saison. Le technicien norv\u00e9gien peut n\u00e9anmoins entrevoir l&rsquo;avenir avec davantage d&rsquo;optimisme, m\u00eame si tous les joueurs de retour ne sont pas encore dans un \u00e9tat de forme optimal pour encha\u00eener les matchs.<\/p>\n<p>                                <img decoding=\"async\" src=\"https:\/\/www.europesays.com\/fr\/wp-content\/uploads\/2025\/04\/1744123449_543_logo.png\" alt=\"Logo\"\/><\/p>\n<p>100\u20ac offerts sur ton 1er pari !<\/p>\n<p>                            <a href=\"https:\/\/www.score.fr\/redirection\/1\/\" class=\"headband-button\" target=\"_blank\" rel=\"noopener\">J&rsquo;en profite<\/a><\/p>\n<p>                                                                <img loading=\"lazy\" decoding=\"async\" src=\"https:\/\/www.europesays.com\/fr\/wp-content\/uploads\/2026\/01\/asse-des-bonnes-nouvelles-et-plusieurs-forfaits-avant-le-mans.jpg\" alt=\"Illustration : &quot;ASSE : Des bonnes nouvelles et\u2026 plusieurs forfaits avant Le Mans&quot;\" class=\"figure-img img-fluid\" width=\"780\" height=\"478\"\/><\/p>\n<p>                                    \u00a9 Site officiel de l&rsquo;ASSE                                <\/p>\n<p>Un retour progressif des bless\u00e9s qui redonne espoir<\/p>\n<p>La semaine d&rsquo;entra\u00eenement a apport\u00e9 son lot de bonnes nouvelles avec le retour sur les terrains de plusieurs \u00e9l\u00e9ments importants de l&rsquo;effectif st\u00e9phanois. <strong>Cardona, Moueffek, Lamba, Duffus, N&rsquo;Guessan, Ferreira et Annan<\/strong> ont tous repris l&rsquo;entra\u00eenement collectif, marquant un tournant significatif dans la gestion de l&rsquo;infirmerie des Verts. Cependant, comme l&rsquo;a pr\u00e9cis\u00e9 Horneland, tous ces joueurs ne pr\u00e9sentent pas le m\u00eame niveau de r\u00e9cup\u00e9ration et certains devront encore faire preuve de patience avant de retrouver les pelouses de Ligue 2. Cette situation gradu\u00e9e oblige le staff technique \u00e0 \u00e9valuer au cas par cas la disponibilit\u00e9 de chaque \u00e9l\u00e9ment. <strong>Djylian N&rsquo;Guessan<\/strong> appara\u00eet comme le plus avanc\u00e9 dans sa r\u00e9cup\u00e9ration et semble pr\u00eat \u00e0 reprendre sa place dans le groupe professionnel. Cette mont\u00e9e en puissance progressive de l&rsquo;effectif constitue un atout majeur pour aborder sereinement la suite du championnat.<\/p>\n<p>Bernauer forfait, les suspensions compliquent la donne<\/p>\n<p>Malgr\u00e9 ces retours encourageants, <strong>Eirik Horneland<\/strong> doit composer avec plusieurs absences contraignantes pour ce d\u00e9placement au Mans. <strong>Maxime Bernauer<\/strong> ne sera pas du voyage, toujours handicap\u00e9 par cette douleur persistante au genou qui le tracasse depuis la d\u00e9faite face au Red Star en novembre dernier. Cette blessure r\u00e9currente inqui\u00e8te le staff m\u00e9dical et n\u00e9cessite une prise en charge particuli\u00e8re pour \u00e9viter toute aggravation. Parall\u00e8lement, l&rsquo;ASSE devra se passer de <strong>Mahmoud Jaber et Augustine Boakye<\/strong>, tous deux suspendus pour accumulation de cartons jaunes. Ces absences forc\u00e9es dans des secteurs cl\u00e9s de l&rsquo;\u00e9quipe obligent le technicien norv\u00e9gien \u00e0 revoir ses plans tactiques. Comme l&rsquo;a confi\u00e9 l&rsquo;entra\u00eeneur : Jaber et Boakye sont suspendus pour ce match. Ferreira, Annan, Bernauer et Duffus sont encore justes, illustrant les difficult\u00e9s de composition auxquelles il fait face.<\/p>\n<p>Une gestion prudente des retours de blessure<\/p>\n<p>La philosophie d&rsquo;<strong>Eirik Horneland<\/strong> concernant la gestion des joueurs en phase de r\u00e9cup\u00e9ration t\u00e9moigne d&rsquo;une approche mesur\u00e9e et r\u00e9fl\u00e9chie. Le technicien norv\u00e9gien pr\u00e9f\u00e8re privil\u00e9gier la prudence plut\u00f4t que de prendre des risques inconsid\u00e9r\u00e9s avec ses \u00e9l\u00e9ments fragilis\u00e9s. <strong>Moueffek et Lamba<\/strong> figurent parmi les potentiels candidats au groupe, mais leur participation d\u00e9finitive d\u00e9pendra des derni\u00e8res \u00e9valuations m\u00e9dicales. Cette strat\u00e9gie vise \u00e0 \u00e9viter les rechutes qui pourraient compromettre la suite de la saison. L&rsquo;entra\u00eeneur a d&rsquo;ailleurs pr\u00e9cis\u00e9 : Moueffek s&rsquo;est entrain\u00e9 avec nous cette semaine, Chico Lamba aussi on va voir s&rsquo;ils peuvent \u00eatre avec nous, soulignant l&rsquo;incertitude qui entoure encore certains retours. Cette approche m\u00e9thodique devrait permettre \u00e0 l&rsquo;ASSE de r\u00e9cup\u00e9rer durablement ses forces vives pour les \u00e9ch\u00e9ances importantes \u00e0 venir.<\/p>\n<p><strong>Ce samedi 3 janvier, l\u2019AS Saint-Etienne se d\u00e9place au Mans pour lancer son ann\u00e9e 2026 et se rapprocher d\u2019une mont\u00e9e en Ligue 1. \u00c0 cette occasion, profitez de 100\u20ac offerts pour votre premi\u00e8re inscription sur Parions Sport en Ligne. <\/strong><a href=\"https:\/\/www.score.fr\/redirection\/1\/\" target=\"_blank\" rel=\"noopener\"><strong>Pariez sur une victoire de l\u2019ASSE face au Mans sur le score de 1-2, 1-3 ou 1-4 vous rapporte jusqu\u2019\u00e0 440 \u20ac !<\/strong><\/a><\/p>\n<p><strong>Pour en profiter, c\u2019est tr\u00e8s simple :<\/strong><\/p>\n<p><strong>&#8211; Cr\u00e9ez votre compte joueur en seulement 2 \u00e9tapes <\/strong><a href=\"https:\/\/www.score.fr\/redirection\/1\/\" target=\"_blank\" rel=\"noopener\"><strong>ici<\/strong><\/a><\/p>\n<p><strong>&#8211; R\u00e9alisez votre 1er d\u00e9p\u00f4t puis placez votre 1er pari (Minimum 5\u20ac)<\/strong><\/p>\n<p><strong>&#8211; Une fois votre 1er d\u00e9p\u00f4t et votre 1er pari r\u00e9alis\u00e9s, l\u2019int\u00e9gralit\u00e9 du montant de ce 1er pari sera cr\u00e9dit\u00e9e sur votre compte joueur dans la limite de 100\u20ac maximum et sous la forme de cr\u00e9dits de jeu non retirables. Le cr\u00e9dit s\u2019effectuera alors en une seule \u00e9tape et sous 3 jours<\/strong><\/p>\n<p><strong>Jouer comporte des risques : endettement, d\u00e9pendance\u2026 Appelez le 09 74 75 13 13 (appel non surtax\u00e9)<\/strong><\/p>\n","protected":false},"excerpt":{"rendered":"Publi\u00e9 le 02\/01\/2026 \u00e0 19h26 3 minutes de lecture F\u00e9ru de sport et plus particuli\u00e8rement de ballon rond&hellip;\n","protected":false},"author":2,"featured_media":636914,"comment_status":"","ping_status":"","sticky":false,"template":"","format":"standard","meta":{"footnotes":""},"categories":[9653],"tags":[1111,11,2430,1777,674,1011,27,12,25,4001],"class_list":{"0":"post-636913","1":"post","2":"type-post","3":"status-publish","4":"format-standard","5":"has-post-thumbnail","7":"category-saint-etienne","8":"tag-actu","9":"tag-actualites","10":"tag-auvergne-rhone-alpes","11":"tag-eu","12":"tag-europe","13":"tag-fr","14":"tag-france","15":"tag-news","16":"tag-republique-francaise","17":"tag-saint-etienne"},"share_on_mastodon":{"url":"https:\/\/pubeurope.com\/@fr\/115827380287351410","error":""},"_links":{"self":[{"href":"https:\/\/www.europesays.com\/fr\/wp-json\/wp\/v2\/posts\/636913","targetHints":{"allow":["GET"]}}],"collection":[{"href":"https:\/\/www.europesays.com\/fr\/wp-json\/wp\/v2\/posts"}],"about":[{"href":"https:\/\/www.europesays.com\/fr\/wp-json\/wp\/v2\/types\/post"}],"author":[{"embeddable":true,"href":"https:\/\/www.europesays.com\/fr\/wp-json\/wp\/v2\/users\/2"}],"replies":[{"embeddable":true,"href":"https:\/\/www.europesays.com\/fr\/wp-json\/wp\/v2\/comments?post=636913"}],"version-history":[{"count":0,"href":"https:\/\/www.europesays.com\/fr\/wp-json\/wp\/v2\/posts\/636913\/revisions"}],"wp:featuredmedia":[{"embeddable":true,"href":"https:\/\/www.europesays.com\/fr\/wp-json\/wp\/v2\/media\/636914"}],"wp:attachment":[{"href":"https:\/\/www.europesays.com\/fr\/wp-json\/wp\/v2\/media?parent=636913"}],"wp:term":[{"taxonomy":"category","embeddable":true,"href":"https:\/\/www.europesays.com\/fr\/wp-json\/wp\/v2\/categories?post=636913"},{"taxonomy":"post_tag","embeddable":true,"href":"https:\/\/www.europesays.com\/fr\/wp-json\/wp\/v2\/tags?post=636913"}],"curies":[{"name":"wp","href":"https:\/\/api.w.org\/{rel}","templated":true}]}}