{"id":636917,"date":"2026-01-02T20:29:16","date_gmt":"2026-01-02T20:29:16","guid":{"rendered":"https:\/\/www.europesays.com\/fr\/636917\/"},"modified":"2026-01-02T20:29:16","modified_gmt":"2026-01-02T20:29:16","slug":"var-la-police-lance-un-appel-a-temoins-pour-retrouver-romuald","status":"publish","type":"post","link":"https:\/\/www.europesays.com\/fr\/636917\/","title":{"rendered":"Var. La police lance un appel \u00e0 t\u00e9moins pour retrouver Romuald"},"content":{"rendered":"<p>                    Par<br \/>\n        <strong><br \/>\n            <a href=\"https:\/\/actu.fr\/auteur\/gael-trevien\" title=\"Consulter tous les articles de Agence de presse APEI\" target=\"_blank\" rel=\"noopener\">Agence de presse APEI<\/a><br \/>\n                    <\/strong><\/p>\n<p>        Publi\u00e9 le<\/p>\n<p>            2 janv. 2026 \u00e0 14h52        <\/p>\n<p>La police lance un appel \u00e0 t\u00e9moins pour tenter de retrouver un homme disparu\u00a0dans le <a href=\"https:\/\/actu.fr\/var\/\" target=\"_blank\" rel=\"noopener\">Var<\/a>.\u00a0<strong>Romuald\u00a0<\/strong>a\u00a0quitt\u00e9 son domicile\u00a0route de la gare \u00e0 <strong>Sanary-sur-Mer<\/strong> le samedi 27\u00a0d\u00e9cembre 2025.<\/p>\n<p class=\" wall-content\">Depuis, il n\u2019a plus \u00e9t\u00e9 revu.<\/p>\n<p>Contacter\u00a0le commissariat de Sanary-sur-Mer<\/p>\n<p class=\" wall-content\">Selon les informations communiqu\u00e9es par les fonctionnaires sur leur page Facebook, Romuald\u00a0est <strong>\u00e2g\u00e9 de\u00a052\u00a0ans<\/strong>, a les cheveux\u00a0courts\u00a0bruns et les yeux marron.<\/p>\n<p class=\" wall-content\">Il mesure 1, 80\u00a0m et a une corpulence\u00a0athl\u00e9tique.<\/p>\n<p>    <a href=\"https:\/\/www.facebook.com\/plugins\/post.php?href=https%3A%2F%2Fwww.facebook.com%2Fpermalink.php%3Fstory_fbid%3Dpfbid0xW1JcEdCxXkZhGi3pv6VweApoUkDAMDzApTPMtnp4ysCrJUi7Tokaqpbe1QgJW7bl%26id%3D61575245001842&amp;show_text=true&amp;width=350\" title=\"Ouvrie le lien\" target=\"_blank\" rel=\"noopener\">Cliquez ici pour visualiser le contenu<\/a><\/p>\n<p class=\" wall-content\">La derni\u00e8re fois qu\u2019il a \u00e9t\u00e9 aper\u00e7u, il portait une veste beige, un t-shirt rouge, un pantalon gris clair et des chaussures rouges.<\/p>\n<p class=\" wall-content\">Si vous avez des informations, vous pouvez contacter <strong>le commissariat de Sanary-sur-Mer au 04\u200994\u200988\u200953\u200945<\/strong>.<\/p>\n<p class=\" wall-content\">Personnalisez votre actualit\u00e9 en ajoutant vos villes et m\u00e9dias en favori avec <a href=\"https:\/\/moncompte.actu.fr\" title=\"D\u00e9couvez Mon Actu\" rel=\"nofollow noopener\" data-trk=\"{&quot;cta&quot;:{&quot;action&quot;:&quot;https:\\\/\\\/moncompte.actu.fr&quot;,&quot;category&quot;:&quot;mon compte&quot;,&quot;from&quot;:&quot;article footer&quot;,&quot;name&quot;:&quot;Mon actu&quot;,&quot;type&quot;:&quot;cta&quot;}}\" target=\"_blank\">Mon Actu<\/a>.<\/p>\n","protected":false},"excerpt":{"rendered":"Par Agence de presse APEI Publi\u00e9 le 2 janv. 2026 \u00e0 14h52 La police lance un appel \u00e0&hellip;\n","protected":false},"author":2,"featured_media":627655,"comment_status":"","ping_status":"","sticky":false,"template":"","format":"standard","meta":{"footnotes":""},"categories":[9619],"tags":[1111,11,3676,1777,674,118,1011,27,12,882,25,2310],"class_list":{"0":"post-636917","1":"post","2":"type-post","3":"status-publish","4":"format-standard","5":"has-post-thumbnail","7":"category-toulon","8":"tag-actu","9":"tag-actualites","10":"tag-disparition-inquietante","11":"tag-eu","12":"tag-europe","13":"tag-faits-divers","14":"tag-fr","15":"tag-france","16":"tag-news","17":"tag-provence-alpes-cote-dazur","18":"tag-republique-francaise","19":"tag-toulon"},"share_on_mastodon":{"url":"https:\/\/pubeurope.com\/@fr\/115827399986635867","error":""},"_links":{"self":[{"href":"https:\/\/www.europesays.com\/fr\/wp-json\/wp\/v2\/posts\/636917","targetHints":{"allow":["GET"]}}],"collection":[{"href":"https:\/\/www.europesays.com\/fr\/wp-json\/wp\/v2\/posts"}],"about":[{"href":"https:\/\/www.europesays.com\/fr\/wp-json\/wp\/v2\/types\/post"}],"author":[{"embeddable":true,"href":"https:\/\/www.europesays.com\/fr\/wp-json\/wp\/v2\/users\/2"}],"replies":[{"embeddable":true,"href":"https:\/\/www.europesays.com\/fr\/wp-json\/wp\/v2\/comments?post=636917"}],"version-history":[{"count":0,"href":"https:\/\/www.europesays.com\/fr\/wp-json\/wp\/v2\/posts\/636917\/revisions"}],"wp:featuredmedia":[{"embeddable":true,"href":"https:\/\/www.europesays.com\/fr\/wp-json\/wp\/v2\/media\/627655"}],"wp:attachment":[{"href":"https:\/\/www.europesays.com\/fr\/wp-json\/wp\/v2\/media?parent=636917"}],"wp:term":[{"taxonomy":"category","embeddable":true,"href":"https:\/\/www.europesays.com\/fr\/wp-json\/wp\/v2\/categories?post=636917"},{"taxonomy":"post_tag","embeddable":true,"href":"https:\/\/www.europesays.com\/fr\/wp-json\/wp\/v2\/tags?post=636917"}],"curies":[{"name":"wp","href":"https:\/\/api.w.org\/{rel}","templated":true}]}}