{"id":636918,"date":"2026-01-02T20:30:22","date_gmt":"2026-01-02T20:30:22","guid":{"rendered":"https:\/\/www.europesays.com\/fr\/636918\/"},"modified":"2026-01-02T20:30:22","modified_gmt":"2026-01-02T20:30:22","slug":"oliver-cowie-va-t-il-quitter-toulon-la-rumeur-balayee-le-point-sur-la-situation-du-jeune-toulonnais","status":"publish","type":"post","link":"https:\/\/www.europesays.com\/fr\/636918\/","title":{"rendered":"Oliver Cowie va-t-il quitter Toulon ? La rumeur balay\u00e9e, le point sur la situation du jeune Toulonnais\u2026"},"content":{"rendered":"<p data-start=\"377\" data-end=\"778\">Depuis plusieurs semaines, le nom d\u2019Oliver Cowie revient avec insistance dans les discussions autour du <strong data-start=\"481\" data-end=\"522\">Rugby Club Toulonnais<\/strong>. \u00c0 Mayol, le public s\u2019interroge, parfois s\u2019impatiente.<\/p>\n<p data-start=\"377\" data-end=\"778\">Peu utilis\u00e9 malgr\u00e9 un statut flatteur chez les jeunes internationaux, le centre de 20 ans cristallise les d\u00e9bats, notamment sur les r\u00e9seaux sociaux, o\u00f9 sa gestion suscite de nombreuses interrogations.<\/p>\n<p data-start=\"780\" data-end=\"1240\">Vainqueur du Tournoi des Six Nations U20 l\u2019an pass\u00e9 avec les Bleuets, Cowie avait pourtant lanc\u00e9 sa saison avec deux titularisations lors des deux premi\u00e8res journ\u00e9es de Top 14. Depuis, son temps de jeu s\u2019est consid\u00e9rablement r\u00e9duit, au point d\u2019alimenter une certaine incompr\u00e9hension.<\/p>\n<p data-start=\"780\" data-end=\"1240\">Face aux critiques, le manager varois <strong data-start=\"1102\" data-end=\"1143\">Pierre Mignoni<\/strong> avait d\u2019ailleurs r\u00e9pondu sans d\u00e9tour : \u00ab On me demande pourquoi certains mecs ne jouent pas. Pour Oliver Cowie, il se devait d\u2019avoir une p\u00e9riode de r\u00e9athl\u00e9tisation. \u00bb<\/p>\n<p>Une trajectoire assum\u00e9e par le club<\/p>\n<p data-start=\"1283\" data-end=\"1657\">En interne, Toulon assume pleinement cette trajectoire. Pour le staff, il ne s\u2019agit pas d\u2019un d\u00e9classement mais d\u2019une gestion individualis\u00e9e. \u00ab Apr\u00e8s \u00e7a, il va vite reprendre avec nous. Pour l\u2019instant, il va redonner quelques matchs avec les espoirs. Par la suite, il sera op\u00e9rationnel \u00bb, expliquait Mignoni il y a quelques semaines.<\/p>\n<p data-start=\"1659\" data-end=\"1984\">L\u2019objectif est clair : renforcer le joueur sur le plan physique, notamment apr\u00e8s une saison marqu\u00e9e par plusieurs p\u00e9pins. Touch\u00e9 successivement \u00e0 la cheville, au poignet puis \u00e0 l\u2019\u00e9paule, Cowie a suivi un programme sp\u00e9cifique de pr\u00e9vention afin de solidifier le haut de son corps, secteur cl\u00e9 pour exister au plus haut niveau.<\/p>\n<p>Un potentiel reconnu, une patience exig\u00e9e<\/p>\n<p data-start=\"2033\" data-end=\"2562\"><strong>En coulisses, personne ne remet en cause le potentiel du jeune centre. Lui-m\u00eame en a conscience et l\u2019a exprim\u00e9 avec lucidit\u00e9 :<\/strong><\/p>\n<p data-start=\"2033\" data-end=\"2562\">\u00ab Je fais tout pour m\u2019am\u00e9liorer, \u00e0 enchainer des matches avec les espoirs. Pour le reste, les gens parlent de moi, il faut juste prendre le positif et l\u2019accepter. N\u00e9anmoins, je sais que rien n\u2019est acquis. J\u2019ai conscience des attentes mais plusieurs joueurs avant moi n\u2019ont pas \u00e9t\u00e9 en mesure d\u2019exploiter leur potentiel. Moi, je suis le plan et je fais tout ce que je peux pour engranger des minutes. \u00bb<\/p>\n<p data-start=\"2564\" data-end=\"2886\">Ses r\u00e9centes sorties avec les Espoirs confirment cette progression. Cowie y retrouve du rythme, marque des points et s\u2019illustre m\u00eame dans des contextes difficiles, notamment \u00e0 La Rochelle, au c\u0153ur d\u2019une concurrence relev\u00e9e avec \u00ab Jerem \u00bb (Sinzelle, NDLR), Mathieu (Smaili) ou encore des joueurs issus de sa g\u00e9n\u00e9ration.<\/p>\n<p>Aucune ouverture pour un d\u00e9part<\/p>\n<p data-start=\"2925\" data-end=\"3219\">Malgr\u00e9 les rumeurs, le club varois reste ferme. Ces derniers jours, le journaliste Alexandre Priam a r\u00e9v\u00e9l\u00e9 les int\u00e9r\u00eats du Stade-Fran\u00e7ais Paris et du Racing 92 pour le jeune Toulonnais.<\/p>\n<p data-start=\"2925\" data-end=\"3219\">Mais le RCT n\u2019a aucune intention de se s\u00e9parer de Cowie. Les bruits \u00e9voquant des int\u00e9r\u00eats venus d\u2019ailleurs ont \u00e9t\u00e9 balay\u00e9s en interne. \u00ab Ce sont des b\u00eatises \u00bb, tranche une source proche du dossier via Midi Olympique, rappelant que les parties \u00e9taient d\u00e9j\u00e0 engag\u00e9es jusqu\u2019en 2027.<\/p>\n<p data-start=\"3221\" data-end=\"3479\" data-is-last-node=\"\" data-is-only-node=\"\">\u00c0 Toulon, le message est clair : Oliver Cowie est un investissement d\u2019avenir. Le club pr\u00e9f\u00e8re la patience \u00e0 la pr\u00e9cipitation, convaincu que le temps jouera en faveur d\u2019un joueur dont le potentiel ne fait aucun doute, mais dont l\u2019\u00e9closion doit \u00eatre ma\u00eetris\u00e9e.<\/p>\n","protected":false},"excerpt":{"rendered":"Depuis plusieurs semaines, le nom d\u2019Oliver Cowie revient avec insistance dans les discussions autour du Rugby Club Toulonnais.&hellip;\n","protected":false},"author":2,"featured_media":628997,"comment_status":"","ping_status":"","sticky":false,"template":"","format":"standard","meta":{"footnotes":""},"categories":[9619],"tags":[1111,11,1777,674,1011,27,12,882,25,2310],"class_list":{"0":"post-636918","1":"post","2":"type-post","3":"status-publish","4":"format-standard","5":"has-post-thumbnail","7":"category-toulon","8":"tag-actu","9":"tag-actualites","10":"tag-eu","11":"tag-europe","12":"tag-fr","13":"tag-france","14":"tag-news","15":"tag-provence-alpes-cote-dazur","16":"tag-republique-francaise","17":"tag-toulon"},"share_on_mastodon":{"url":"https:\/\/pubeurope.com\/@fr\/115827403895927847","error":""},"_links":{"self":[{"href":"https:\/\/www.europesays.com\/fr\/wp-json\/wp\/v2\/posts\/636918","targetHints":{"allow":["GET"]}}],"collection":[{"href":"https:\/\/www.europesays.com\/fr\/wp-json\/wp\/v2\/posts"}],"about":[{"href":"https:\/\/www.europesays.com\/fr\/wp-json\/wp\/v2\/types\/post"}],"author":[{"embeddable":true,"href":"https:\/\/www.europesays.com\/fr\/wp-json\/wp\/v2\/users\/2"}],"replies":[{"embeddable":true,"href":"https:\/\/www.europesays.com\/fr\/wp-json\/wp\/v2\/comments?post=636918"}],"version-history":[{"count":0,"href":"https:\/\/www.europesays.com\/fr\/wp-json\/wp\/v2\/posts\/636918\/revisions"}],"wp:featuredmedia":[{"embeddable":true,"href":"https:\/\/www.europesays.com\/fr\/wp-json\/wp\/v2\/media\/628997"}],"wp:attachment":[{"href":"https:\/\/www.europesays.com\/fr\/wp-json\/wp\/v2\/media?parent=636918"}],"wp:term":[{"taxonomy":"category","embeddable":true,"href":"https:\/\/www.europesays.com\/fr\/wp-json\/wp\/v2\/categories?post=636918"},{"taxonomy":"post_tag","embeddable":true,"href":"https:\/\/www.europesays.com\/fr\/wp-json\/wp\/v2\/tags?post=636918"}],"curies":[{"name":"wp","href":"https:\/\/api.w.org\/{rel}","templated":true}]}}