{"id":636919,"date":"2026-01-02T20:31:11","date_gmt":"2026-01-02T20:31:11","guid":{"rendered":"https:\/\/www.europesays.com\/fr\/636919\/"},"modified":"2026-01-02T20:31:11","modified_gmt":"2026-01-02T20:31:11","slug":"des-coups-de-feu-entendus-le-soir-du-31-decembre-dans-un-quartier-de-montpellier-des-circonstances-indeterminees-une-douille-retrouvee","status":"publish","type":"post","link":"https:\/\/www.europesays.com\/fr\/636919\/","title":{"rendered":"Des coups de feu entendus le soir du 31\u00a0d\u00e9cembre dans un quartier de Montpellier\u00a0: des circonstances ind\u00e9termin\u00e9es, une douille retrouv\u00e9e"},"content":{"rendered":"<p>\n                                                                Des coups de feu ont \u00e9t\u00e9 tir\u00e9s dans la rue, dans le quartier des Pr\u00e9s-d\u2019Ar\u00e8nes \u00e0 Montpellier, aux derni\u00e8res heures de 2025. Si une douille a \u00e9t\u00e9 retrouv\u00e9e par la police nationale, on ignore \u00e0 ce stade dans quel contexte ces tirs se sont produits.\n                            <\/p>\n<p>Deux coups de feu ont \u00e9t\u00e9 entendus mercredi 31\u00a0d\u00e9cembre, peu avant 23\u00a0h, rue Lazare-Ponticelli, pr\u00e8s de l\u2019avenue des Pr\u00e9s-d\u2019Ar\u00e8nes, \u00e0 Montpellier. Alert\u00e9e par un habitant, la police nationale est intervenue. Si une douille a \u00e9t\u00e9 retrouv\u00e9e sur place, on ignore les circonstances de ces tirs qui n\u2019ont pas fait de bless\u00e9.<\/p>\n<p>Pas d\u2019arme retrouv\u00e9e<\/p>\n<p>Un groupe d\u2019individus a \u00e9t\u00e9 contr\u00f4l\u00e9 mais aucun d\u2019entre eux n\u2019\u00e9tait en possession d\u2019une arme. Un jeune de 15 ans, d\u00e9tenteur d\u2019une matraque t\u00e9lescopique, a \u00e9t\u00e9 plac\u00e9 en garde \u00e0 vue, puis lib\u00e9r\u00e9. Il sera jug\u00e9 dans le cadre d\u2019une comparution sur reconnaissance pr\u00e9alable de culpabilit\u00e9.<\/p>\n","protected":false},"excerpt":{"rendered":"Des coups de feu ont \u00e9t\u00e9 tir\u00e9s dans la rue, dans le quartier des Pr\u00e9s-d\u2019Ar\u00e8nes \u00e0 Montpellier, aux&hellip;\n","protected":false},"author":2,"featured_media":636920,"comment_status":"","ping_status":"","sticky":false,"template":"","format":"standard","meta":{"footnotes":""},"categories":[9599],"tags":[1111,11,1777,674,118,1011,27,7089,2208,12,2680,25],"class_list":{"0":"post-636919","1":"post","2":"type-post","3":"status-publish","4":"format-standard","5":"has-post-thumbnail","7":"category-montpellier","8":"tag-actu","9":"tag-actualites","10":"tag-eu","11":"tag-europe","12":"tag-faits-divers","13":"tag-fr","14":"tag-france","15":"tag-herault","16":"tag-montpellier","17":"tag-news","18":"tag-occitanie","19":"tag-republique-francaise"},"share_on_mastodon":{"url":"https:\/\/pubeurope.com\/@fr\/115827407972010497","error":""},"_links":{"self":[{"href":"https:\/\/www.europesays.com\/fr\/wp-json\/wp\/v2\/posts\/636919","targetHints":{"allow":["GET"]}}],"collection":[{"href":"https:\/\/www.europesays.com\/fr\/wp-json\/wp\/v2\/posts"}],"about":[{"href":"https:\/\/www.europesays.com\/fr\/wp-json\/wp\/v2\/types\/post"}],"author":[{"embeddable":true,"href":"https:\/\/www.europesays.com\/fr\/wp-json\/wp\/v2\/users\/2"}],"replies":[{"embeddable":true,"href":"https:\/\/www.europesays.com\/fr\/wp-json\/wp\/v2\/comments?post=636919"}],"version-history":[{"count":0,"href":"https:\/\/www.europesays.com\/fr\/wp-json\/wp\/v2\/posts\/636919\/revisions"}],"wp:featuredmedia":[{"embeddable":true,"href":"https:\/\/www.europesays.com\/fr\/wp-json\/wp\/v2\/media\/636920"}],"wp:attachment":[{"href":"https:\/\/www.europesays.com\/fr\/wp-json\/wp\/v2\/media?parent=636919"}],"wp:term":[{"taxonomy":"category","embeddable":true,"href":"https:\/\/www.europesays.com\/fr\/wp-json\/wp\/v2\/categories?post=636919"},{"taxonomy":"post_tag","embeddable":true,"href":"https:\/\/www.europesays.com\/fr\/wp-json\/wp\/v2\/tags?post=636919"}],"curies":[{"name":"wp","href":"https:\/\/api.w.org\/{rel}","templated":true}]}}