{"id":636925,"date":"2026-01-02T20:35:12","date_gmt":"2026-01-02T20:35:12","guid":{"rendered":"https:\/\/www.europesays.com\/fr\/636925\/"},"modified":"2026-01-02T20:35:12","modified_gmt":"2026-01-02T20:35:12","slug":"spectacle-casse-noisette-ballet-orchestre","status":"publish","type":"post","link":"https:\/\/www.europesays.com\/fr\/636925\/","title":{"rendered":"Spectacle Casse-Noisette &#8211; Ballet &#038; Orchestre"},"content":{"rendered":"<p class=\"intro\">Casse-Noisette &#8211; Ballet &amp; Orchestre &#8211; Tourn\u00e9e 2025\/2026, un spectacle \u00e0 voir \u00e0 Rouen (Z\u00e9nith de Rouen Le Grand-Quevilly), le 3 janvier 2026. Toutes les informations pratiques (tarifs, billetterie, plan de salle) pour ce spectacle sont \u00e0 retrouver sur cette page. R\u00e9servez d\u00e8s maintenant vos places pour assister \u00e0 ce <a href=\"https:\/\/www.jds.fr\/rouen\/agenda\/sorties-culturelles-spectacles-expositions-cinema-470_B\" target=\"_blank\" rel=\"noopener\">spectacle \u00e0 Rouen<\/a>\u00a0!<\/p>\n<p><img decoding=\"async\" loading=\"lazy\" src=\"https:\/\/www.europesays.com\/fr\/wp-content\/uploads\/2026\/01\/casse-noisette-tickets_439450_3563049_222x222.jpg\" alt=\"Casse-Noisette - Ballet &amp; Orchestre - Tourn\u00e9e 2025\/2026\" class=\"border\"\/><\/p>\n<p>Le spectacle Casse-Noisette Ballet et Orchestre \u00e0 Rouen (Le Grand-Quevilly) en 2026<\/p>\n<p class=\"mise_en_avant\">Le spectacle Casse-Noisette Ballet et Orchestre \u00e0 voir \u00e0 Rouen (Le Grand-Quevilly) samedi 3 Janvier 2026 \u00e0 20h. Ce spectacle aura lieu dans une salle bien connue dans la r\u00e9gion\u00a0: <a href=\"https:\/\/www.jds.fr\/rouen\/le-grand-quevilly\/salle-de-concert-spectacle\/zenith-de-rouen-15867_L\" class=\"tde-underline\" target=\"_blank\" rel=\"noopener\">Z\u00e9nith de Rouen &#8211; Le Grand-Quevilly<\/a>, un lieu qui accueille r\u00e9guli\u00e8rement des spectacles comme Casse-Noisette &#8211; Ballet &amp; Orchestre &#8211; Tourn\u00e9e 2025\/2026.<\/p>\n<p>D\u2019autres dates sont au programme de cette tourn\u00e9e\u00a0: d\u00e9couvrez l\u2019ensemble des <a href=\"https:\/\/www.jds.fr\/artistes\/casse-noisette-ballet-et-orchestre-986_N\" target=\"_blank\" rel=\"noopener\">dates du spectacle Casse-Noisette Ballet et Orchestre<\/a> sur notre page d\u00e9di\u00e9e.<\/p>\n<p>Billetterie pour le spectacle Casse-Noisette Ballet et Orchestre \u00e0 Rouen<\/p>\n<p>Les places pour la prochaine repr\u00e9sentation du spectacle Casse-Noisette Ballet et Orchestre \u00e0 Rouen sont en vente sur la billetterie en ligne. R\u00e9servez vos billets d\u00e8s maintenant pour d\u00e9couvrir sur sc\u00e8ne ce spectacle\u00a0!<\/p>\n<p><a class=\"btn btn-lg shadow-lg btn-primary rounded-pill fnac_link\" data-fnac=\"in_article\" href=\"https:\/\/www.awin1.com\/pclick.php?p=39155070473&amp;a=634278&amp;m=12494&amp;clickref=in_article-A-desktop\" target=\"_blank\" rel=\"nofollow noopener\"> Acheter des billets<\/a><\/p>\n<p>Les tarifs des billets pour assister au spectacle Casse-Noisette Ballet et Orchestre \u00e0 Rouen d\u00e9marrent \u00e0 partir de 45\u00a0\u20ac. Diff\u00e9rentes cat\u00e9gories de places peuvent \u00eatre \u00e0 la vente, selon le placement dans la salle. Les prix peuvent donc \u00eatre diff\u00e9rents d&rsquo;une cat\u00e9gorie \u00e0 l&rsquo;autre.<\/p>\n<p>Vous pouvez aussi r\u00e9server vos places pour le spectacle <a href=\"https:\/\/www.jds.fr\/lille\/spectacles\/danse\/casse-noisette-ballet-et-orchestre-tournee-2025-2026-696683_A\" target=\"_blank\" rel=\"noopener\">Casse-Noisette &#8211; Ballet &amp; Orchestre &#8211; Tourn\u00e9e 2025\/2026 \u00e0 Lille &#8211; Z\u00e9nith de Lille<\/a> (59).<\/p>\n<p>Casse-Noisette &#8211; Ballet &amp; Orchestre &#8211; Tourn\u00e9e 2025\/2026<\/p>\n<p>Venez red\u00e9couvrir la magie de No\u00ebl en 2025 et 2026, avec le chef-d&rsquo;\u0153uvre classique Casse-Noisette\u00a0!<\/p>\n<ul>\n<li>Dur\u00e9e de la repr\u00e9sentation\u00a0: 2h10, dont un entracte.<\/li>\n<\/ul>\n<p>D\u00e9couvrez \u00ab Casse-Noisette \u00bb\u00a0: Le Ballet et Orchestre Classique<br \/>En tourn\u00e9e durant la saison 2025-2026<\/p>\n<p>Revivez la magie de No\u00ebl avec \u00ab Casse-Noisette \u00bb, le c\u00e9l\u00e8bre ballet sur la musique de Tcha\u00efkovski et d\u2019apr\u00e8s le libretto de Marius Petipa (r\u00e9cit d\u2019E. Hoffmann). Cette production originale de Franceconcert est l\u2019\u00e9v\u00e9nement incontournable des f\u00eates de fin d\u2019ann\u00e9e 2025 et 2026.<\/p>\n<p>Dans cette merveilleuse histoire, suivez Clara qui re\u00e7oit un casse-noisette en forme de petit bonhomme. Une nuit, ce jouet prend vie et m\u00e8ne une bataille contre les souris malveillantes qui envahissent la maison. Effray\u00e9e, mais courageuse, Clara rejoint le combat et, gr\u00e2ce \u00e0 sa bravoure, voit le casse-noisette se transformer en prince charmant. Ensemble, ils sont transport\u00e9s dans un royaume f\u00e9erique.<\/p>\n<p>Le ballet, compos\u00e9 en deux actes, a \u00e9t\u00e9 pr\u00e9sent\u00e9 pour la premi\u00e8re fois en d\u00e9cembre 1892 au Th\u00e9\u00e2tre Mariinsky de Saint-P\u00e9tersbourg. Aujourd\u2019hui, il reste l\u2019un des ballets les plus jou\u00e9s au monde, gr\u00e2ce \u00e0 sa musique envo\u00fbtante et \u00e0 ses chor\u00e9graphies magiques.<\/p>\n<p>Un spectacle qui \u00e9merveillera les petits et fascinera les grands\u00a0! R\u00e9servez vos places d\u00e8s maintenant et laissez-vous emporter par la beaut\u00e9 de ce conte \u00e9ternel, id\u00e9al pour c\u00e9l\u00e9brer la p\u00e9riode de No\u00ebl.<\/p>\n<p>Come and rediscover the magic of Christmas in 2025 and 2026, with the classic masterpiece <strong>The Nutcracker<\/strong>!<\/p>\n<ul>\n<li>Running time: 2 hours 10 minutes, including an intermission.<\/li>\n<\/ul>\n<p>Discover \u2018The Nutcracker\u2019: The Classical Ballet and Orchestra<br \/>On tour during the 2025-2026 season<\/p>\n<p>Relive the magic of Christmas with \u2018The Nutcracker\u2019, the famous ballet with music by Tchaikovsky and libretto by Marius Petipa (story by E. Hoffmann). This original Franceconcert production is a must-see event for the 2025 and 2026 festive seasons.<\/p>\n<p>In this marvellous story, follow Clara as she receives a nutcracker in the shape of a little man. One night, the toy comes to life and leads a battle against the malevolent mice that are invading the house. Scared but brave, Clara joins the fight and, thanks to her bravery, sees the nutcracker transformed into Prince Charming. Together, they are transported to a fairytale kingdom.<\/p>\n<p>The two-act ballet was first performed in December 1892 at the Mariinsky Theatre in St Petersburg. Today, it remains one of the most performed ballets in the world, thanks to its spellbinding music and magical choreography.<\/p>\n<p>A show that will amaze the young and fascinate the old! Book your tickets now and let yourself be swept away by the beauty of this timeless tale, ideal for celebrating the Christmas season.<\/p>\n<p>Pr\u00e9sent\u00e9 par Franceconcert (N\u00b02-LR22-6222 et N\u00b03-LR22-6223)<\/p>\n","protected":false},"excerpt":{"rendered":"Casse-Noisette &#8211; Ballet &amp; Orchestre &#8211; Tourn\u00e9e 2025\/2026, un spectacle \u00e0 voir \u00e0 Rouen (Z\u00e9nith de Rouen Le&hellip;\n","protected":false},"author":2,"featured_media":636926,"comment_status":"","ping_status":"","sticky":false,"template":"","format":"standard","meta":{"footnotes":""},"categories":[9587],"tags":[1111,11,1777,674,1011,27,12,5161,25,9590],"class_list":{"0":"post-636925","1":"post","2":"type-post","3":"status-publish","4":"format-standard","5":"has-post-thumbnail","7":"category-rouen","8":"tag-actu","9":"tag-actualites","10":"tag-eu","11":"tag-europe","12":"tag-fr","13":"tag-france","14":"tag-news","15":"tag-normandie","16":"tag-republique-francaise","17":"tag-rouen"},"share_on_mastodon":{"url":"https:\/\/pubeurope.com\/@fr\/115827423584722698","error":""},"_links":{"self":[{"href":"https:\/\/www.europesays.com\/fr\/wp-json\/wp\/v2\/posts\/636925","targetHints":{"allow":["GET"]}}],"collection":[{"href":"https:\/\/www.europesays.com\/fr\/wp-json\/wp\/v2\/posts"}],"about":[{"href":"https:\/\/www.europesays.com\/fr\/wp-json\/wp\/v2\/types\/post"}],"author":[{"embeddable":true,"href":"https:\/\/www.europesays.com\/fr\/wp-json\/wp\/v2\/users\/2"}],"replies":[{"embeddable":true,"href":"https:\/\/www.europesays.com\/fr\/wp-json\/wp\/v2\/comments?post=636925"}],"version-history":[{"count":0,"href":"https:\/\/www.europesays.com\/fr\/wp-json\/wp\/v2\/posts\/636925\/revisions"}],"wp:featuredmedia":[{"embeddable":true,"href":"https:\/\/www.europesays.com\/fr\/wp-json\/wp\/v2\/media\/636926"}],"wp:attachment":[{"href":"https:\/\/www.europesays.com\/fr\/wp-json\/wp\/v2\/media?parent=636925"}],"wp:term":[{"taxonomy":"category","embeddable":true,"href":"https:\/\/www.europesays.com\/fr\/wp-json\/wp\/v2\/categories?post=636925"},{"taxonomy":"post_tag","embeddable":true,"href":"https:\/\/www.europesays.com\/fr\/wp-json\/wp\/v2\/tags?post=636925"}],"curies":[{"name":"wp","href":"https:\/\/api.w.org\/{rel}","templated":true}]}}