{"id":636927,"date":"2026-01-02T20:36:43","date_gmt":"2026-01-02T20:36:43","guid":{"rendered":"https:\/\/www.europesays.com\/fr\/636927\/"},"modified":"2026-01-02T20:36:43","modified_gmt":"2026-01-02T20:36:43","slug":"sisteron-fanny-azzuro-et-son-piano-solidaire-a-lauditorium-le-9-janvier","status":"publish","type":"post","link":"https:\/\/www.europesays.com\/fr\/636927\/","title":{"rendered":"Sisteron. Fanny Azzuro\u00a0et son piano solidaire \u00e0 l\u2019auditorium le 9\u00a0janvier"},"content":{"rendered":"<p>Fanny Azzuro offre son jeu au piano, ce vendredi 9\u00a0janvier, pour le collectif Solidarit\u00e9 r\u00e9fugi\u00e9s de Sisteron lors d\u2019un concert \u00e0 l\u2019auditorium, rue de la Mission, \u00e0 19 heures. L\u2019artiste y proposera Hypnos , r\u00e9cital inspir\u00e9 par la mythologie grecque et mettant en avant des \u0153uvres embl\u00e9matiques de la musique romantique et du d\u00e9but du XXe\u00a0 \u00a0si\u00e8cle, comme La sonate n\u00b0\u00a02 de Chopin ou encore Klavierst\u00fccke opus 18 de Brahms.<\/p>\n<p class=\"note\">Fanny Azzuro \u00e0 l\u2019auditorium, vendredi 9\u00a0janvier \u00e0 19 heures. Tarifs : 20\u00a0euros, gratuit pour les moins de 12 ans. R\u00e9servations\u00a0aupr\u00e8s de l\u2019office de tourisme.<\/p>\n","protected":false},"excerpt":{"rendered":"Fanny Azzuro offre son jeu au piano, ce vendredi 9\u00a0janvier, pour le collectif Solidarit\u00e9 r\u00e9fugi\u00e9s de Sisteron lors&hellip;\n","protected":false},"author":2,"featured_media":636928,"comment_status":"","ping_status":"","sticky":false,"template":"","format":"standard","meta":{"footnotes":""},"categories":[9566],"tags":[1111,11,2430,1687,4521,1777,674,1011,27,39038,2731,12,25,40125],"class_list":{"0":"post-636927","1":"post","2":"type-post","3":"status-publish","4":"format-standard","5":"has-post-thumbnail","7":"category-grenoble","8":"tag-actu","9":"tag-actualites","10":"tag-auvergne-rhone-alpes","11":"tag-culture-loisirs","12":"tag-edition-hautes-alpes-alpes-de-haute-provence","13":"tag-eu","14":"tag-europe","15":"tag-fr","16":"tag-france","17":"tag-grand-sisteronais","18":"tag-grenoble","19":"tag-news","20":"tag-republique-francaise","21":"tag-sisteron"},"share_on_mastodon":{"url":"https:\/\/pubeurope.com\/@fr\/115827427613388560","error":""},"_links":{"self":[{"href":"https:\/\/www.europesays.com\/fr\/wp-json\/wp\/v2\/posts\/636927","targetHints":{"allow":["GET"]}}],"collection":[{"href":"https:\/\/www.europesays.com\/fr\/wp-json\/wp\/v2\/posts"}],"about":[{"href":"https:\/\/www.europesays.com\/fr\/wp-json\/wp\/v2\/types\/post"}],"author":[{"embeddable":true,"href":"https:\/\/www.europesays.com\/fr\/wp-json\/wp\/v2\/users\/2"}],"replies":[{"embeddable":true,"href":"https:\/\/www.europesays.com\/fr\/wp-json\/wp\/v2\/comments?post=636927"}],"version-history":[{"count":0,"href":"https:\/\/www.europesays.com\/fr\/wp-json\/wp\/v2\/posts\/636927\/revisions"}],"wp:featuredmedia":[{"embeddable":true,"href":"https:\/\/www.europesays.com\/fr\/wp-json\/wp\/v2\/media\/636928"}],"wp:attachment":[{"href":"https:\/\/www.europesays.com\/fr\/wp-json\/wp\/v2\/media?parent=636927"}],"wp:term":[{"taxonomy":"category","embeddable":true,"href":"https:\/\/www.europesays.com\/fr\/wp-json\/wp\/v2\/categories?post=636927"},{"taxonomy":"post_tag","embeddable":true,"href":"https:\/\/www.europesays.com\/fr\/wp-json\/wp\/v2\/tags?post=636927"}],"curies":[{"name":"wp","href":"https:\/\/api.w.org\/{rel}","templated":true}]}}