{"id":636933,"date":"2026-01-02T20:41:14","date_gmt":"2026-01-02T20:41:14","guid":{"rendered":"https:\/\/www.europesays.com\/fr\/636933\/"},"modified":"2026-01-02T20:41:14","modified_gmt":"2026-01-02T20:41:14","slug":"des-renforts-de-police-deployes-a-strasbourg-jusqua-la-fin-de-la-semaine-apres-les-violences-en-marge-du-nouvel-an","status":"publish","type":"post","link":"https:\/\/www.europesays.com\/fr\/636933\/","title":{"rendered":"Des renforts de police d\u00e9ploy\u00e9s \u00e0 Strasbourg jusqu&rsquo;\u00e0 la fin de la semaine apr\u00e8s les violences en marge du Nouvel An"},"content":{"rendered":"\n<p class=\"c-chapo \">\n  Plusieurs \u00e9pisodes de troubles \u00e0 l&rsquo;ordre public ont \u00e9clat\u00e9 \u00e0 Strasbourg depuis la soir\u00e9e du Nouvel An, avec notamment deux policiers qui ont \u00e9t\u00e9 l\u00e9g\u00e8rement bless\u00e9s.\n<\/p>\n<p>      lire plus tard<\/p>\n<p id=\"dialog__title\" class=\"dialog__title\">Pour sauvegarder cet article, connectez-vous ou cr\u00e9ez un compte franceinfo<\/p>\n<p class=\"dialog__description\">Sans paiement. Sans abonnement.<\/p>\n<p>        Fermer la fen\u00eatre d\u2019activation des notifications France Info<\/p>\n<p>      cr\u00e9er votre compte<\/p>\n<p>      se connecter<\/p>\n<p>      :<\/p>\n<p>        Fermer la fen\u00eatre de pr\u00e9sentation<\/p>\n<p>    <img loading=\"lazy\" decoding=\"async\" class=\"signature__image lazyload\" width=\"100\" height=\"100\" data- alt=\"\" src=\"https:\/\/www.europesays.com\/fr\/wp-content\/uploads\/2025\/05\/64a7df4c5fe71_placeholder-36b69ec8.png\"\/><\/p>\n<p>    Publi\u00e9 le 02\/01\/2026 20:17<\/p>\n<p>        Temps de lecture : 1min<\/p>\n<p>    <img decoding=\"async\"  alt=\"Des policiers dans les rues d'un quartier \u00e0 Strasbourg la nuit du Nouvel An, le 31 d\u00e9cembre 2025. (Thomas TOUSSAINT \/ MAXPPP)\" width=\"432\" height=\"243\" src=\"https:\/\/www.europesays.com\/fr\/wp-content\/uploads\/2026\/01\/strasbourg-69581986223ec523269709.jpg\" fetchpriority=\"high\"\/><\/p>\n<p>      Des policiers dans les rues d&rsquo;un quartier \u00e0 Strasbourg la nuit du Nouvel An, le 31 d\u00e9cembre 2025. (Thomas TOUSSAINT \/ MAXPPP)<\/p>\n<p>Trois sections de la CRS8, brigade sp\u00e9cialis\u00e9e dans la lutte contre les violences urbaines et les \u00e9meutes, sont d\u00e9ploy\u00e9es depuis le vendredi\u00a02 et jusqu&rsquo;au dimanche 4\u00a0janvier \u00e0 Strasbourg (Bas-Rhin), indique une source proche \u00e0 franceinfo. Depuis la soir\u00e9e du Nouvel An, plusieurs \u00e9pisodes de troubles \u00e0 l&rsquo;ordre public ont \u00e9clat\u00e9 \u00e0 Strasbourg, deux policiers ont \u00e9t\u00e9 l\u00e9g\u00e8rement bless\u00e9s.<\/p>\n<p>Jeudi en fin d&rsquo;apr\u00e8s-midi, des policiers ont \u00e9t\u00e9 vis\u00e9s par des tirs de mortiers d&rsquo;artifice, alors qu&rsquo;ils intervenaient pour des feux de poubelles. Trois v\u00e9hicules et plusieurs poubelles ont \u00e9t\u00e9 incendi\u00e9s. Les violences se sont intensifi\u00e9s en d\u00e9but de soir\u00e9e, avec trois v\u00e9hicules incendi\u00e9s dont un par propagation, all\u00e9e des Comtes, toujours selon une source proche. Une quinzaine de jeunes a \u00e9galement mont\u00e9 une barricade sur la voie publique.<\/p>\n<p>Huit personnes, dont sept mineurs et un majeur, ont \u00e9t\u00e9 interpell\u00e9es et plac\u00e9es en garde \u00e0 vue. Trois d&rsquo;entre eux \u00e9taient d\u00e9j\u00e0 connus de la justice.<\/p>\n","protected":false},"excerpt":{"rendered":"Plusieurs \u00e9pisodes de troubles \u00e0 l&rsquo;ordre public ont \u00e9clat\u00e9 \u00e0 Strasbourg depuis la soir\u00e9e du Nouvel An, avec&hellip;\n","protected":false},"author":2,"featured_media":636934,"comment_status":"","ping_status":"","sticky":false,"template":"","format":"standard","meta":{"footnotes":""},"categories":[2820],"tags":[1111,11,1777,674,1011,27,775,12,25,640],"class_list":{"0":"post-636933","1":"post","2":"type-post","3":"status-publish","4":"format-standard","5":"has-post-thumbnail","7":"category-strasbourg","8":"tag-actu","9":"tag-actualites","10":"tag-eu","11":"tag-europe","12":"tag-fr","13":"tag-france","14":"tag-grand-est","15":"tag-news","16":"tag-republique-francaise","17":"tag-strasbourg"},"share_on_mastodon":{"url":"https:\/\/pubeurope.com\/@fr\/115827447272391779","error":""},"_links":{"self":[{"href":"https:\/\/www.europesays.com\/fr\/wp-json\/wp\/v2\/posts\/636933","targetHints":{"allow":["GET"]}}],"collection":[{"href":"https:\/\/www.europesays.com\/fr\/wp-json\/wp\/v2\/posts"}],"about":[{"href":"https:\/\/www.europesays.com\/fr\/wp-json\/wp\/v2\/types\/post"}],"author":[{"embeddable":true,"href":"https:\/\/www.europesays.com\/fr\/wp-json\/wp\/v2\/users\/2"}],"replies":[{"embeddable":true,"href":"https:\/\/www.europesays.com\/fr\/wp-json\/wp\/v2\/comments?post=636933"}],"version-history":[{"count":0,"href":"https:\/\/www.europesays.com\/fr\/wp-json\/wp\/v2\/posts\/636933\/revisions"}],"wp:featuredmedia":[{"embeddable":true,"href":"https:\/\/www.europesays.com\/fr\/wp-json\/wp\/v2\/media\/636934"}],"wp:attachment":[{"href":"https:\/\/www.europesays.com\/fr\/wp-json\/wp\/v2\/media?parent=636933"}],"wp:term":[{"taxonomy":"category","embeddable":true,"href":"https:\/\/www.europesays.com\/fr\/wp-json\/wp\/v2\/categories?post=636933"},{"taxonomy":"post_tag","embeddable":true,"href":"https:\/\/www.europesays.com\/fr\/wp-json\/wp\/v2\/tags?post=636933"}],"curies":[{"name":"wp","href":"https:\/\/api.w.org\/{rel}","templated":true}]}}