{"id":636935,"date":"2026-01-02T20:42:14","date_gmt":"2026-01-02T20:42:14","guid":{"rendered":"https:\/\/www.europesays.com\/fr\/636935\/"},"modified":"2026-01-02T20:42:14","modified_gmt":"2026-01-02T20:42:14","slug":"on-sait-ou-les-840-lyceens-dalbert-ier-vont-reprendre-les-cours-a-la-rentree","status":"publish","type":"post","link":"https:\/\/www.europesays.com\/fr\/636935\/","title":{"rendered":"on sait o\u00f9 les 840\u00a0lyc\u00e9ens d\u2019Albert-Ier vont reprendre les cours \u00e0 la rentr\u00e9e"},"content":{"rendered":"<p class=\"fs-5 \">\u00c0 72 heures de la reprise des cours, la situation tend vers la stabilisation <strong>pour les \u00e9l\u00e8ves du lyc\u00e9e Albert-Ier<\/strong>. Avec l\u2019impossibilit\u00e9 de retrouver les locaux de l\u2019Annonciade o\u00f9 \u00e9tait install\u00e9 l\u2019\u00e9tablissement scolaire depuis septembre, le gouvernement a \u00e9t\u00e9 confront\u00e9 \u00e0 une course contre-la-montre pendant les vacances de No\u00ebl pour savoir comment r<strong>eloger 840 \u00e9l\u00e8ves en quelques jours<\/strong>.<\/p>\n<p class=\"fs-5 \">D\u2019embl\u00e9e, d\u00e9cision avait \u00e9t\u00e9 prise de faire cours en distanciel \u00e0 partir du 5 janvier. Ce sera bien le cas ce lundi, l\u2019enseignement reprendra par \u00e9cran interpos\u00e9 \u00e0 partir de 14 heures. Une communication sera envoy\u00e9e aux \u00e9l\u00e8ves et \u00e0 leurs parents pour en expliquer l\u2019organisation.<\/p>\n<p>        <img src=\"https:\/\/www.europesays.com\/fr\/wp-content\/uploads\/2026\/01\/6fc887e_upload-from-url-1-ei0xyjfatwcv-data-art-16867648.jpg\"   loading=\"lazy\" decoding=\"async\" alt=\"Ferm\u00e9e \u00e0 la circulation depuis le 24 d\u00e9cembre, l\u2019avenue de l\u2019Annonciade a rouvert hier, en m\u00eame temps que le retour des gens du quartier. \" class=\"img-fluid position-absolute w-100 object-fit-cover rounded-2\" width=\"600\" height=\"400\"\/><\/p>\n<p>                                                                                Une concentration autour de la promenade Honor\u00e9-II<\/p>\n<p class=\"fs-5 \">Le 30 d\u00e9cembre dernier, le gouvernement a <strong>\u00e9vacu\u00e9 l\u2019id\u00e9e de retourner sur le site<\/strong> de l\u2019Annonciade. Les travaux pour conforter le mur de sout\u00e8nement \u00e0 l\u2019arri\u00e8re du b\u00e2timent impact\u00e9 par les mouvements du talus adjacent sont incompatibles avec une activit\u00e9 \u00e9ducative. D\u00e8s lors, plusieurs options ont \u00e9t\u00e9 mises sur la table. Et ce vendredi a \u00e9t\u00e9 communiqu\u00e9e la d\u00e9cision de privil\u00e9gier un environnement scolaire \u00ab concentr\u00e9 autour de la promenade Honor\u00e9-II \u00bb pour ce relogement temporaire.<\/p>\n<p class=\"fs-5 \">Dans ce secteur, ce sont le coll\u00e8ge Charles-III et le lyc\u00e9e Rainier-III \u00ab \u00e0 travers des salles rendues disponibles \u00bb qui abriteront une partie des \u00e9l\u00e8ves. Pour lib\u00e9rer de l\u2019espace au sein du lyc\u00e9e Rainier-III, les \u00e9tudiants de l\u2019enseignement sup\u00e9rieur de l\u2019\u00e9tablissement (classes de BTS et DCG) iront s\u2019installer <strong>provisoirement sur le quai Antoine-Ier<\/strong>, dans l\u2019immeuble Ruscino qui accueillait jusqu\u2019en 2024 les locaux de l\u2019International School of Monaco.<\/p>\n<p class=\"fs-5 \">Toute la vie scolaire du lyc\u00e9e Albert-Ier (conseillers d\u2019orientation, psychologues, assistante sociale, biblioth\u00e8que) sera abrit\u00e9e \u00e9galement au Ruscino et ainsi facilement accessible aux \u00e9l\u00e8ves depuis la promenade Honor\u00e9-II.<\/p>\n<p>                                                                                Un b\u00e2timent provisoire en construction<\/p>\n<p class=\"fs-5 \">Mais le compte ne suffira pas. Comme l\u2019avait pr\u00e9cis\u00e9 Lionel Beffre, conseiller de gouvernement-ministre de l\u2019Int\u00e9rieur le 30 d\u00e9cembre dernier, les besoins sont de 35 \u00e0 40 classes pour reloger toute l\u2019activit\u00e9 du lyc\u00e9e.<\/p>\n<p class=\"fs-5 \">Ainsi, des <strong>b\u00e2timents provisoires<\/strong> vont \u00eatre \u00e9difi\u00e9s au niveau de l\u2019\u00eelot Pasteur, \u00e0 l\u2019arri\u00e8re de l\u2019actuel coll\u00e8ge Charles-III. Ils pourront contenir <strong>22 salles de cours<\/strong> et ainsi compl\u00e9ter les espaces trouv\u00e9s dans les \u00e9tablissements scolaires voisins. Mais leur livraison ne se fera pas en quelques jours. \u00ab La date de reprise de tous les cours sur ces sites sera prochainement communiqu\u00e9e \u00bb, dixit le gouvernement.<\/p>\n<p class=\"fs-5 \">Le choix de <strong>d\u00e9marrer les cours lundi en distanciel<\/strong> laisse une plage de quelques jours pour organiser la logistique plus pr\u00e9cis\u00e9ment. Toutefois, la semaine du 5 janvier, les cours d\u2019\u00e9ducation physique et sportive auront bien lieu en pr\u00e9sentiel. Le gouvernement devrait se d\u00e9cider dans les prochaines heures et d\u00e9terminer si ces cours peuvent se d\u00e9rouler dans le gymnase et la piscine de l\u2019Annonciade, situ\u00e9s dans la partie Sud de l\u2019ex-coll\u00e8ge, pas impact\u00e9e par les travaux de consolidation du mur de sout\u00e8nement. La d\u00e9cision doit \u00eatre ent\u00e9rin\u00e9e ce samedi.<\/p>\n<p class=\"fs-5 \">Le gouvernement entend <strong>proposer le plus rapidement possible un environnement de travail<\/strong> stable aux lyc\u00e9ens, notamment pour les classes de Premi\u00e8re et Terminale pr\u00e9parant le bac. Cette \u00e9tape transitoire au niveau des \u00e9quipements devrait se prolonger jusqu\u2019au printemps. L\u2019Ex\u00e9cutif ayant demand\u00e9 d\u2019acc\u00e9l\u00e9rer <strong>les travaux de r\u00e9novation<\/strong> entam\u00e9s \u00e0 l\u2019\u00e9t\u00e9 2025 dans le lyc\u00e9e Albert-Ier \u00e0 Monaco-ville pour permettre une r\u00e9int\u00e9gration dans le b\u00e2timent fin avril, apr\u00e8s les vacances de P\u00e2ques.<\/p>\n","protected":false},"excerpt":{"rendered":"\u00c0 72 heures de la reprise des cours, la situation tend vers la stabilisation pour les \u00e9l\u00e8ves du&hellip;\n","protected":false},"author":2,"featured_media":636936,"comment_status":"","ping_status":"","sticky":false,"template":"","format":"standard","meta":{"footnotes":""},"categories":[2819],"tags":[1111,11,1777,674,1011,27,12,2401,882,25],"class_list":{"0":"post-636935","1":"post","2":"type-post","3":"status-publish","4":"format-standard","5":"has-post-thumbnail","7":"category-nice","8":"tag-actu","9":"tag-actualites","10":"tag-eu","11":"tag-europe","12":"tag-fr","13":"tag-france","14":"tag-news","15":"tag-nice","16":"tag-provence-alpes-cote-dazur","17":"tag-republique-francaise"},"share_on_mastodon":{"url":"https:\/\/pubeurope.com\/@fr\/115827451155609756","error":""},"_links":{"self":[{"href":"https:\/\/www.europesays.com\/fr\/wp-json\/wp\/v2\/posts\/636935","targetHints":{"allow":["GET"]}}],"collection":[{"href":"https:\/\/www.europesays.com\/fr\/wp-json\/wp\/v2\/posts"}],"about":[{"href":"https:\/\/www.europesays.com\/fr\/wp-json\/wp\/v2\/types\/post"}],"author":[{"embeddable":true,"href":"https:\/\/www.europesays.com\/fr\/wp-json\/wp\/v2\/users\/2"}],"replies":[{"embeddable":true,"href":"https:\/\/www.europesays.com\/fr\/wp-json\/wp\/v2\/comments?post=636935"}],"version-history":[{"count":0,"href":"https:\/\/www.europesays.com\/fr\/wp-json\/wp\/v2\/posts\/636935\/revisions"}],"wp:featuredmedia":[{"embeddable":true,"href":"https:\/\/www.europesays.com\/fr\/wp-json\/wp\/v2\/media\/636936"}],"wp:attachment":[{"href":"https:\/\/www.europesays.com\/fr\/wp-json\/wp\/v2\/media?parent=636935"}],"wp:term":[{"taxonomy":"category","embeddable":true,"href":"https:\/\/www.europesays.com\/fr\/wp-json\/wp\/v2\/categories?post=636935"},{"taxonomy":"post_tag","embeddable":true,"href":"https:\/\/www.europesays.com\/fr\/wp-json\/wp\/v2\/tags?post=636935"}],"curies":[{"name":"wp","href":"https:\/\/api.w.org\/{rel}","templated":true}]}}