{"id":636941,"date":"2026-01-02T20:46:13","date_gmt":"2026-01-02T20:46:13","guid":{"rendered":"https:\/\/www.europesays.com\/fr\/636941\/"},"modified":"2026-01-02T20:46:13","modified_gmt":"2026-01-02T20:46:13","slug":"le-premier-bebe-ne-en-2026-a-bordeaux-porte-un-prenom-dorigine-grecque-encore-peu-repandu","status":"publish","type":"post","link":"https:\/\/www.europesays.com\/fr\/636941\/","title":{"rendered":"Le premier b\u00e9b\u00e9 n\u00e9 en 2026 \u00e0 Bordeaux porte un pr\u00e9nom d&rsquo;origine grecque, encore peu r\u00e9pandu"},"content":{"rendered":"<p>                    Par<br \/>\n        <strong><br \/>\n            <a href=\"https:\/\/actu.fr\/auteur\/redaction-bordeaux\" title=\"Consulter tous les articles de R\u00e9daction Bordeaux\" target=\"_blank\" rel=\"noopener\">R\u00e9daction Bordeaux<\/a><br \/>\n                    <\/strong><\/p>\n<p>        Publi\u00e9 le<\/p>\n<p>            2 janv. 2026 \u00e0 19h25        <\/p>\n<p>Le <strong>premier b\u00e9b\u00e9 n\u00e9 \u00e0 Bordeaux en 2026<\/strong>, quelques minutes apr\u00e8s le passage \u00e0 la nouvelle ann\u00e9e, s\u2019appelle <strong>Lysandro<\/strong>. Il est venu au monde \u00e0 la polyclinique de Bordeaux Bord et p\u00e8se 3,385 kilogrammes pour 52 centim\u00e8tres.<\/p>\n<p class=\" wall-content\">\u00ab\u00a0Le pr\u00e9nom Lisandro (ou Lysandro) provient du grec \u00ab\u00a0Lysandros\u00a0\u00bb, qui se compose des \u00e9l\u00e9ments \u00ab\u00a0lysis\u00a0\u00bb signifiant \u00ab\u00a0lib\u00e9ration\u00a0\u00bb et \u00ab\u00a0aner\u00a0\u00bb signifiant \u00ab\u00a0homme\u00a0\u00bb. Cela pourrait \u00eatre interpr\u00e9t\u00e9 comme \u00ab\u00a0l\u2019homme qui lib\u00e8re\u00a0\u00bb ou <strong>\u00ab\u00a0le lib\u00e9rateur\u00a0\u00bb<\/strong>. Historiquement, ce mot \u00e9voque des notions de pouvoir et de courage, sugg\u00e9rant une personne qui pourrait s\u2019illustrer dans des actions marquantes ou h\u00e9ro\u00efques\u00a0\u00bb, explique l\u2019application May, d\u00e9di\u00e9e \u00e0 la parentalit\u00e9.<\/p>\n<p>D\u00e9riv\u00e9 d\u2019un h\u00e9ros spartiate<\/p>\n<p class=\" wall-content\">Plus pr\u00e9cis\u00e9ment, ce pr\u00e9nom est emprunt\u00e9 \u00e0 la <strong>mythologique grecque<\/strong>. C\u2019est une <strong>variation hispanique<\/strong> du pr\u00e9nom grec Lysandre, un g\u00e9n\u00e9ral militaire spartiate l\u00e9gendaire connu pour ses comp\u00e9tences strat\u00e9giques remarquables, son r\u00f4le crucial dans la guerre du P\u00e9loponn\u00e8se et son d\u00e9vouement pour la lib\u00e9ration de Sparte.<\/p>\n<p class=\" wall-content\">Assez <strong>populaire dans les communaut\u00e9s hispaniques<\/strong>, Lysandro (ou Lisandro) est relativement bien r\u00e9pertori\u00e9 en Argentine notamment. En France, en revanche, il demeure plut\u00f4t rare bien qu\u2019il soit devenu beaucoup <strong>plus r\u00e9current depuis une vingtaine d\u2019ann\u00e9es<\/strong>. Il est toutefois difficile d\u2019obtenir des chiffres pr\u00e9cis, car ils varient d\u2019une source \u00e0 l\u2019autre.<\/p>\n<p class=\" wall-content\">Personnalisez votre actualit\u00e9 en ajoutant vos villes et m\u00e9dias en favori avec <a href=\"https:\/\/moncompte.actu.fr\" title=\"D\u00e9couvez Mon Actu\" rel=\"nofollow noopener\" data-trk=\"{&quot;cta&quot;:{&quot;action&quot;:&quot;https:\\\/\\\/moncompte.actu.fr&quot;,&quot;category&quot;:&quot;mon compte&quot;,&quot;from&quot;:&quot;article footer&quot;,&quot;name&quot;:&quot;Mon actu&quot;,&quot;type&quot;:&quot;cta&quot;}}\" target=\"_blank\">Mon Actu<\/a>.<\/p>\n","protected":false},"excerpt":{"rendered":"Par R\u00e9daction Bordeaux Publi\u00e9 le 2 janv. 2026 \u00e0 19h25 Le premier b\u00e9b\u00e9 n\u00e9 \u00e0 Bordeaux en 2026,&hellip;\n","protected":false},"author":2,"featured_media":636942,"comment_status":"","ping_status":"","sticky":false,"template":"","format":"standard","meta":{"footnotes":""},"categories":[2817],"tags":[1111,11,1997,1719,1777,674,1011,27,15761,12,2219,10585,25,104],"class_list":{"0":"post-636941","1":"post","2":"type-post","3":"status-publish","4":"format-standard","5":"has-post-thumbnail","7":"category-bordeaux","8":"tag-actu","9":"tag-actualites","10":"tag-bordeaux","11":"tag-enfants","12":"tag-eu","13":"tag-europe","14":"tag-fr","15":"tag-france","16":"tag-maternite","17":"tag-news","18":"tag-nouvelle-aquitaine","19":"tag-petite-enfance","20":"tag-republique-francaise","21":"tag-societe"},"share_on_mastodon":{"url":"https:\/\/pubeurope.com\/@fr\/115827466792092004","error":""},"_links":{"self":[{"href":"https:\/\/www.europesays.com\/fr\/wp-json\/wp\/v2\/posts\/636941","targetHints":{"allow":["GET"]}}],"collection":[{"href":"https:\/\/www.europesays.com\/fr\/wp-json\/wp\/v2\/posts"}],"about":[{"href":"https:\/\/www.europesays.com\/fr\/wp-json\/wp\/v2\/types\/post"}],"author":[{"embeddable":true,"href":"https:\/\/www.europesays.com\/fr\/wp-json\/wp\/v2\/users\/2"}],"replies":[{"embeddable":true,"href":"https:\/\/www.europesays.com\/fr\/wp-json\/wp\/v2\/comments?post=636941"}],"version-history":[{"count":0,"href":"https:\/\/www.europesays.com\/fr\/wp-json\/wp\/v2\/posts\/636941\/revisions"}],"wp:featuredmedia":[{"embeddable":true,"href":"https:\/\/www.europesays.com\/fr\/wp-json\/wp\/v2\/media\/636942"}],"wp:attachment":[{"href":"https:\/\/www.europesays.com\/fr\/wp-json\/wp\/v2\/media?parent=636941"}],"wp:term":[{"taxonomy":"category","embeddable":true,"href":"https:\/\/www.europesays.com\/fr\/wp-json\/wp\/v2\/categories?post=636941"},{"taxonomy":"post_tag","embeddable":true,"href":"https:\/\/www.europesays.com\/fr\/wp-json\/wp\/v2\/tags?post=636941"}],"curies":[{"name":"wp","href":"https:\/\/api.w.org\/{rel}","templated":true}]}}