{"id":636945,"date":"2026-01-02T20:48:11","date_gmt":"2026-01-02T20:48:11","guid":{"rendered":"https:\/\/www.europesays.com\/fr\/636945\/"},"modified":"2026-01-02T20:48:11","modified_gmt":"2026-01-02T20:48:11","slug":"ces-10-portraits-de-personnalites-locales-qui-ont-fait-lannee-2025","status":"publish","type":"post","link":"https:\/\/www.europesays.com\/fr\/636945\/","title":{"rendered":"ces 10 portraits de personnalit\u00e9s locales qui ont fait l&rsquo;ann\u00e9e 2025"},"content":{"rendered":"<p>En 2025, de nombreux talents toulousains se sont illustr\u00e9s, faisant l\u2019objet de portraits r\u00e9alis\u00e9s par la r\u00e9daction de L\u2019Opinion Ind\u00e9pendante. Voici notre Top 10 des personnalit\u00e9s les plus marquantes.<\/p>\n<p>Il est des personnalit\u00e9s toulousaines, de naissance ou d\u2019adoption, que l\u2019on n\u2019oublie pas &#8211; non pour leur notori\u00e9t\u00e9, mais pour l\u2019empreinte qu\u2019elles laissent sur la <a href=\"https:\/\/lopinion.com\/\" rel=\"noopener noreferrer\" target=\"_blank\">Ville rose<\/a> et bien au-del\u00e0.<\/p>\n<p>Preuve en est avec <strong>ces dix portraits d\u2019hommes et de femmes<\/strong> qui ont marqu\u00e9 Toulouse :<\/p>\n<ol>\n<li>L&rsquo;ann\u00e9e 2025 a commenc\u00e9 avec <a href=\"https:\/\/lopinion.com\/articles\/portraits\/26702_toulouse-science-inclusive-combat-chercheuse-julie-batut\" rel=\"noopener noreferrer\" target=\"_blank\">le portrait engag\u00e9 de Julie Batut<\/a>, directrice de recherche au CNRS, <strong>qui ne se contente pas d&rsquo;exceller dans son domaine<\/strong>. La chercheuse milite \u00e9galement pour faire de la Science une discipline accessible au plus grand nombre, et valoriser le travail collectif.<\/li>\n<li>En d\u00e9but d&rsquo;ann\u00e9e, la r\u00e9daction a aussi eu la chance de rencontrer et de tirer le portrait (\u00e0 l&rsquo;\u00e9crit) <strong>du recteur de l&rsquo;Acad\u00e9mie de Toulouse<\/strong> : <a href=\"https:\/\/lopinion.com\/articles\/portraits\/28237_karim-benmiloud-recteur-lacademie-toulouse-projets-parcours-education-nationale\" rel=\"noopener noreferrer\" target=\"_blank\">Karim Benmiloud<\/a>. Un homme qui baigne, depuis sa plus tendre enfance, dans le milieu scolaire et acad\u00e9mique.<\/li>\n<li><a href=\"https:\/\/lopinion.com\/articles\/portraits\/27831_franck-celaire-artiste-toulouse-oeuvres-dupont\" rel=\"noopener noreferrer\" target=\"_blank\">L&rsquo;artiste Franck C\u00e9laire<\/a> est <strong>une r\u00e9f\u00e9rence dans le monde artistique,<\/strong> notamment aupr\u00e8s de nombreuses personnalit\u00e9s (dont Antoine Dupont), et il nous a racont\u00e9 son parcours atypique, entre Toulouse et Montpellier.<\/li>\n<li>Vous n&rsquo;en aviez peut-\u00eatre pas entendu parler, mais <a href=\"https:\/\/lopinion.com\/articles\/portraits\/27861_chef-patissier-jean-luc-moudenc-expose-oeuvres-toulouse\" rel=\"noopener noreferrer\" target=\"_blank\">Daniel Kientzler est l&rsquo;ancien p\u00e2tissier de Jean-Luc Moudenc<\/a>, actuel maire (sortant) de la Ville rose. En 2025, avant de se confier \u00e0 la r\u00e9daction, <strong>il a pu exposer, pour la premi\u00e8re fois, ses \u0153uvres d&rsquo;art \u00e0 Toulouse<\/strong>.<\/li>\n<li>De Kinshasa \u00e0 Toulouse, en passant par les rings du monde entier, <a href=\"https:\/\/lopinion.com\/articles\/portraits\/28871_doudou-ngumbu-boxe-toulouse\" rel=\"noopener noreferrer\" target=\"_blank\">Doudou Ngumbu a forg\u00e9 son destin gr\u00e2ce \u00e0 une pers\u00e9v\u00e9rance et une r\u00e9silience hors du commun<\/a>. S<strong>on parcours est d\u2019ailleurs l\u2019objet du film \u00ab\u00a0Sur mon chemin\u00a0\u00bb<\/strong>, r\u00e9alis\u00e9 par Thierry Obadia. Nous avons rencontr\u00e9 ce combattant dans l\u2019\u00e2me.<\/li>\n<li><a href=\"https:\/\/lopinion.com\/articles\/portraits\/29299_emma-iankushenko-ukrainienne-toulouse-bouscule-codes\" rel=\"noopener noreferrer\" target=\"_blank\">Emma Iankushenko incarne un nouveau visage de l\u2019entrepreneuriat<\/a> : celui d\u2019une jeune femme immigr\u00e9e qui, avec <strong>d\u00e9termination et r\u00e9silience<\/strong>, a lanc\u00e9 sa start-up \u00e0 Toulouse dans un univers tr\u00e8s codifi\u00e9 et masculin.<\/li>\n<li>Propuls\u00e9 sur les r\u00e9seaux sociaux gr\u00e2ce \u00e0&#8230; une raclette \u00e0 vitres, <a href=\"https:\/\/lopinion.com\/articles\/portraits\/30212_thomas-chenaut-lhomme-de-menage-toulousain-deux-millions-abonnes\" rel=\"noopener noreferrer\" target=\"_blank\">Thomas Cheneau est d\u00e9sormais \u00e0 la t\u00eate d&rsquo;une tribu de plus de 900.000 followers sur Instagram<\/a>. <strong>En quelque temps, ce jeune Toulousain est donc pass\u00e9 d&rsquo;homme de m\u00e9nage de l&rsquo;ombre \u00e0 homme pr\u00e9f\u00e9r\u00e9 des m\u00e9nag\u00e8res 2.0<\/strong> !<\/li>\n<li>Autre star des r\u00e9seaux sociaux en 2025 : <a href=\"https:\/\/lopinion.com\/articles\/portraits\/31016_mr-prof-toulousain-anglais-portrait\" rel=\"noopener noreferrer\" target=\"_blank\">Mr Prof, un Anglais habitant depuis quelques ann\u00e9es \u00e0 Toulouse<\/a>. Derri\u00e8re ce pseudo se cache un enseignant d\u2019anglais suivi par pr\u00e8s de 900.000 personnes sur Instagram et tout autant sur TikTok. <strong>Une notori\u00e9t\u00e9 qui attire les plus grandes cha\u00eenes<\/strong>. \u00ab\u00a0Je ne sais pas pourquoi on m\u2019a contact\u00e9, mais j\u2019\u00e9tais vraiment ravi !\u00a0\u00bb, a-t-il l\u00e2ch\u00e9 \u00e0 L&rsquo;Opinion Ind\u00e9pendante pour parler de ce coup de t\u00e9l\u00e9phone lui proposant d&rsquo;\u00eatre professeur d&rsquo;anglais dans la saison actuelle de la Star Academy, sur TF1.<\/li>\n<li>\u00c0 45 ans, <a href=\"https:\/\/lopinion.com\/articles\/portraits\/30481_toulouse-christophe-debard-innovation-service-humain\" rel=\"noopener noreferrer\" target=\"_blank\">Christophe Debard a transform\u00e9 une \u00e9preuve personnelle en moteur collectif<\/a>. Fondateur du Humanity Lab, cet ing\u00e9nieur toulousain mobilise les comp\u00e9tences de centaines de b\u00e9n\u00e9voles pour inventer<strong> des solutions concr\u00e8tes qui changent des vies <\/strong>et redonnent du sens \u00e0 des ing\u00e9nieurs passionn\u00e9s. Un portrait \u00e0 (re)lire sans mod\u00e9ration.<\/li>\n<li>Arriv\u00e9e \u00e0 Toulouse en 2025 apr\u00e8s un long parcours (sem\u00e9 d&#8217;embuches) entre T\u00e9h\u00e9ran, Paris et Londres, <strong>Maryambanou Moussaei, 34 ans, est aujourd\u2019hui avocate au barreau<\/strong> et revendique un regard unique sur le droit. <a href=\"https:\/\/lopinion.com\/articles\/portraits\/31487_parcours-combatif-avocate-toulousaine-maryambanou-moussaei\" rel=\"noopener noreferrer\" target=\"_blank\">La r\u00e9daction a interview\u00e9 cette femme de poigne<\/a>.<\/li>\n<\/ol>\n<p>&gt;&gt; \u00c0 LIRE AUSSI : <a href=\"https:\/\/lopinion.com\/articles\/culture\/31693_top-5-evenements-musicaux-marquants-2025-toulouse\" rel=\"noopener noreferrer\" target=\"_blank\">Top 5 des \u00e9v\u00e9nements musicaux les plus marquants de 2025 \u00e0 Toulouse<\/a><\/p>\n","protected":false},"excerpt":{"rendered":"En 2025, de nombreux talents toulousains se sont illustr\u00e9s, faisant l\u2019objet de portraits r\u00e9alis\u00e9s par la r\u00e9daction de&hellip;\n","protected":false},"author":2,"featured_media":636946,"comment_status":"","ping_status":"","sticky":false,"template":"","format":"standard","meta":{"footnotes":""},"categories":[2816],"tags":[1111,11,1777,674,1011,27,12,2680,25,2312],"class_list":{"0":"post-636945","1":"post","2":"type-post","3":"status-publish","4":"format-standard","5":"has-post-thumbnail","7":"category-toulouse","8":"tag-actu","9":"tag-actualites","10":"tag-eu","11":"tag-europe","12":"tag-fr","13":"tag-france","14":"tag-news","15":"tag-occitanie","16":"tag-republique-francaise","17":"tag-toulouse"},"share_on_mastodon":{"url":"https:\/\/pubeurope.com\/@fr\/115827474738977770","error":""},"_links":{"self":[{"href":"https:\/\/www.europesays.com\/fr\/wp-json\/wp\/v2\/posts\/636945","targetHints":{"allow":["GET"]}}],"collection":[{"href":"https:\/\/www.europesays.com\/fr\/wp-json\/wp\/v2\/posts"}],"about":[{"href":"https:\/\/www.europesays.com\/fr\/wp-json\/wp\/v2\/types\/post"}],"author":[{"embeddable":true,"href":"https:\/\/www.europesays.com\/fr\/wp-json\/wp\/v2\/users\/2"}],"replies":[{"embeddable":true,"href":"https:\/\/www.europesays.com\/fr\/wp-json\/wp\/v2\/comments?post=636945"}],"version-history":[{"count":0,"href":"https:\/\/www.europesays.com\/fr\/wp-json\/wp\/v2\/posts\/636945\/revisions"}],"wp:featuredmedia":[{"embeddable":true,"href":"https:\/\/www.europesays.com\/fr\/wp-json\/wp\/v2\/media\/636946"}],"wp:attachment":[{"href":"https:\/\/www.europesays.com\/fr\/wp-json\/wp\/v2\/media?parent=636945"}],"wp:term":[{"taxonomy":"category","embeddable":true,"href":"https:\/\/www.europesays.com\/fr\/wp-json\/wp\/v2\/categories?post=636945"},{"taxonomy":"post_tag","embeddable":true,"href":"https:\/\/www.europesays.com\/fr\/wp-json\/wp\/v2\/tags?post=636945"}],"curies":[{"name":"wp","href":"https:\/\/api.w.org\/{rel}","templated":true}]}}