{"id":636949,"date":"2026-01-02T20:50:13","date_gmt":"2026-01-02T20:50:13","guid":{"rendered":"https:\/\/www.europesays.com\/fr\/636949\/"},"modified":"2026-01-02T20:50:13","modified_gmt":"2026-01-02T20:50:13","slug":"le-we-loft-music-festival-revient-faire-vibrer-roubaix-en-fevrier-02-01-2026","status":"publish","type":"post","link":"https:\/\/www.europesays.com\/fr\/636949\/","title":{"rendered":"Le We Loft Music Festival revient faire vibrer Roubaix en f\u00e9vrier &#8211; 02\/01\/2026"},"content":{"rendered":"<p>Concerts intimistes, lieux inattendus et d\u00e9couvertes musicales : le We Loft Music Festival signe son retour \u00e0 Roubaix pour une sixi\u00e8me \u00e9dition. Port\u00e9 par La Cave aux Po\u00e8tes, l\u2019\u00e9v\u00e9nement investit la ville d\u00e9but f\u00e9vrier, avec quelques dates pour se mettre en jambes d\u00e8s le mois de janvier.<\/p>\n<p>Si vous aimez les festivals qui prennent des chemins de traverse, loin des grosses sc\u00e8nes et des formats classiques, le <a target=\"_blank\" href=\"https:\/\/www.vozer.fr\/2025\/01\/02\/le-festival-we-loft-music-revient-faire-bouger-roubaix-fin-janvier\/\" rel=\"noopener\">We Loft Music<\/a> devrait retenir votre attention. Pour cette \u00e9dition 2026, le rendez-vous roubaisien mise encore sur ce qui fait son ADN : une programmation pointue, des artistes \u00e9mergent\u00b7es ou confirm\u00e9\u00b7es, et des concerts organis\u00e9s dans des lieux qui ne sont pas faits, \u00e0 la base, pour accueillir de la musique live.<\/p>\n<p>Avant le c\u0153ur du festival, trois <b>We Loft Sessions<\/b> sont propos\u00e9es en janvier. L\u2019id\u00e9e : des formats courts et \u00e0 petits prix pour teaser le festoche.<\/p>\n<ul>&#13;<\/p>\n<li>&#13;<b>16 janvier<\/b> :\u00a0<a target=\"_blank\" href=\"https:\/\/www.instagram.com\/mesparrowmusic\/\" rel=\"noopener\">Mesparrow<\/a>\u00a0\u00e0 l\u2019EPICC (\u00c9cole de production industrielle de couture et confection)\u00a0<\/li>\n<p>&#13;<\/p>\n<li>&#13;<b>23 janvier<\/b> :\u00a0<a target=\"_blank\" href=\"https:\/\/www.instagram.com\/elisebourn\/\" rel=\"noopener\">Elise Bourn<\/a>\u00a0dans un loft roubaisien (le lieu pr\u00e9cis arrive bient\u00f4t sur le site, dispo dans les infos pratiques)<\/li>\n<p>&#13;<\/p>\n<li>&#13;<b>30 janvier<\/b> :\u00a0<a target=\"_blank\" href=\"https:\/\/www.instagram.com\/kaluptomusic\/\" rel=\"noopener\">Kalupto<\/a>\u00a0\u00e0 l\u2019ARA (Autour des rythmes actuels)<\/li>\n<p>&#13;<\/ul>\n<p>  Le line-up<\/p>\n<p>Le festival se d\u00e9ploiera ensuite du\u00a0<b>4 au 8 f\u00e9vrier\u00a0<\/b>dans diff\u00e9rents coins de Roubaix. Mus\u00e9es, galeries, lieux culturels ou espaces plus confidentiels : chaque concert est pens\u00e9 en lien avec le lieu qui l\u2019accueille.<\/p>\n<ul>&#13;<\/p>\n<li>&#13;<b>Mercredi 4 f\u00e9vrier<\/b>\u00a0:\u00a0<a target=\"_blank\" href=\"https:\/\/www.instagram.com\/attentionletapisprendfeu\/\" rel=\"noopener\">Attention le tapis prend feu<\/a>\u00a0au Foyer du Projet\u00a0<\/li>\n<p>&#13;<\/p>\n<li>&#13;<b>Jeudi 5 f\u00e9vrier<\/b> :\u00a0<a target=\"_blank\" href=\"https:\/\/www.instagram.com\/superpoze_\/\" rel=\"noopener\">Superpoze<\/a>\u00a0et en premi\u00e8re partie\u00a0<a target=\"_blank\" href=\"https:\/\/www.instagram.com\/lysten.now\/\" rel=\"noopener\">Lysten<\/a>\u00a0\u00e0 La Piscine<\/li>\n<p>&#13;<\/p>\n<li>&#13;<b>Vendredi 6 f\u00e9vrier<\/b> :\u00a0<a target=\"_blank\" href=\"https:\/\/www.instagram.com\/ootheband\/?hl=fr\" rel=\"noopener\">O\u2019O<\/a>, Lysten et\u00a0<a target=\"_blank\" href=\"https:\/\/www.instagram.com\/elodie.derache\/\" rel=\"noopener\">\u00c9lodie D\u00e9rache<\/a>\u00a0aux Archives Nationales du monde du travail<\/li>\n<p>&#13;<\/p>\n<li>&#13;<b>Samedi 7 f\u00e9vrier<\/b> :\u00a0We Loft Party \u00e0 La Cave aux Po\u00e8tes avec plusieurs DJ sets<\/li>\n<p>&#13;<\/p>\n<li>&#13;<b>Samedi 7 f\u00e9vrier<\/b> :\u00a0Lysten chez Nicolas (un concert au piano plus intimiste)<\/li>\n<p>&#13;<\/p>\n<li>&#13;<b>Samedi 7 f\u00e9vrier<\/b> :\u00a0<a target=\"_blank\" href=\"https:\/\/www.instagram.com\/scr4pp_\/\" rel=\"noopener\">Scr4pp<\/a>\u00a0\u00e0 la Galerie Topositropos<\/li>\n<p>&#13;<\/p>\n<li>&#13;<b>Dimanche 8 f\u00e9vrier<\/b>\u00a0:\u00a0<a target=\"_blank\" href=\"https:\/\/www.instagram.com\/cleavincent\/\" rel=\"noopener\">Cl\u00e9a Vincent<\/a>\u00a0et\u00a0<a target=\"_blank\" href=\"https:\/\/www.instagram.com\/marissolmwaba\/\" rel=\"noopener\">Marissol Mwaba<\/a>\u00a0suivies d\u2019une soir\u00e9e de cl\u00f4ture \u00e0 La Condition Publique<br \/>&#13;<\/li>\n<p>&#13;<\/ul>\n<p>Ce qui fait la force du We Loft Music Festival, c\u2019est cette capacit\u00e9 \u00e0 proposer une autre fa\u00e7on de vivre la musique live.\u00a0Les places \u00e9tant souvent limit\u00e9es selon les lieux, mieux vaut anticiper si certaines dates vous font de l\u2019\u0153il.<\/p>\n<p>Comme d&rsquo;hab, on vous a mis le lien de la billetterie dans les infos pratiques\u00a0pour les concerts de janvier et de f\u00e9vrier (les prix varient entre 5 et 25 euros).<\/p>\n<p>    <script async src=\"\/\/www.instagram.com\/embed.js\"><\/script><\/p>\n","protected":false},"excerpt":{"rendered":"Concerts intimistes, lieux inattendus et d\u00e9couvertes musicales : le We Loft Music Festival signe son retour \u00e0 Roubaix&hellip;\n","protected":false},"author":2,"featured_media":636950,"comment_status":"","ping_status":"","sticky":false,"template":"","format":"standard","meta":{"footnotes":""},"categories":[2815],"tags":[1111,11,1777,674,1011,27,811,1307,12,25],"class_list":{"0":"post-636949","1":"post","2":"type-post","3":"status-publish","4":"format-standard","5":"has-post-thumbnail","7":"category-lille","8":"tag-actu","9":"tag-actualites","10":"tag-eu","11":"tag-europe","12":"tag-fr","13":"tag-france","14":"tag-hauts-de-france","15":"tag-lille","16":"tag-news","17":"tag-republique-francaise"},"share_on_mastodon":{"url":"https:\/\/pubeurope.com\/@fr\/115827482603183236","error":""},"_links":{"self":[{"href":"https:\/\/www.europesays.com\/fr\/wp-json\/wp\/v2\/posts\/636949","targetHints":{"allow":["GET"]}}],"collection":[{"href":"https:\/\/www.europesays.com\/fr\/wp-json\/wp\/v2\/posts"}],"about":[{"href":"https:\/\/www.europesays.com\/fr\/wp-json\/wp\/v2\/types\/post"}],"author":[{"embeddable":true,"href":"https:\/\/www.europesays.com\/fr\/wp-json\/wp\/v2\/users\/2"}],"replies":[{"embeddable":true,"href":"https:\/\/www.europesays.com\/fr\/wp-json\/wp\/v2\/comments?post=636949"}],"version-history":[{"count":0,"href":"https:\/\/www.europesays.com\/fr\/wp-json\/wp\/v2\/posts\/636949\/revisions"}],"wp:featuredmedia":[{"embeddable":true,"href":"https:\/\/www.europesays.com\/fr\/wp-json\/wp\/v2\/media\/636950"}],"wp:attachment":[{"href":"https:\/\/www.europesays.com\/fr\/wp-json\/wp\/v2\/media?parent=636949"}],"wp:term":[{"taxonomy":"category","embeddable":true,"href":"https:\/\/www.europesays.com\/fr\/wp-json\/wp\/v2\/categories?post=636949"},{"taxonomy":"post_tag","embeddable":true,"href":"https:\/\/www.europesays.com\/fr\/wp-json\/wp\/v2\/tags?post=636949"}],"curies":[{"name":"wp","href":"https:\/\/api.w.org\/{rel}","templated":true}]}}