{"id":636953,"date":"2026-01-02T20:52:12","date_gmt":"2026-01-02T20:52:12","guid":{"rendered":"https:\/\/www.europesays.com\/fr\/636953\/"},"modified":"2026-01-02T20:52:12","modified_gmt":"2026-01-02T20:52:12","slug":"vaucluse-blesse-au-dos-par-un-coup-de-couteau-il-est-heliporte-a-la-timone","status":"publish","type":"post","link":"https:\/\/www.europesays.com\/fr\/636953\/","title":{"rendered":"Vaucluse. Bless\u00e9 au dos par un coup de couteau, il est h\u00e9liport\u00e9 \u00e0 La Timone"},"content":{"rendered":"<p>Ce jeudi 1er \u00a0janvier, vers 17 heures, une rixe qui s\u2019apparenterait plus \u00e0 <a href=\"https:\/\/www.ledauphine.com\/faits-divers-justice\/2026\/01\/01\/deux-jeunes-hommes-blesses-dont-un-dans-un-etat-grave-par-arme-blanche-au-cours-d-une-rixe\" target=\"_blank\" rel=\"noopener\">un r\u00e8glement de compte<\/a> a \u00e9clat\u00e9 entre plusieurs individus. Deux hommes seraient sortis d\u2019une voiture pour s\u2019en prendre \u00e0 deux jeunes qui marchaient le long de l\u2019avenue des \u00c9tudiants, \u00e0 Orange.<\/p>\n<p>L\u2019un, \u00e2g\u00e9 de 17 ans, a \u00e9t\u00e9 s\u00e9rieusement bless\u00e9 par un coup de couteau port\u00e9 dans le dos. Pris en charge par les secours, il a d\u2019abord \u00e9t\u00e9 transport\u00e9 au centre hospitalier d\u2019Orange avant d\u2019\u00eatre h\u00e9liport\u00e9 vers l\u2019h\u00f4pital de la Timone. Il serait bien connu pour graviter autour du milieu du trafic de stup\u00e9fiants.<\/p>\n<p>L\u2019autre adolescent, \u00e2g\u00e9 de 15 ans, est bless\u00e9 quant \u00e0 lui \u00e0 la main.<\/p>\n<p>L\u2019enqu\u00eate confi\u00e9e aux policiers du commissariat d\u2019Orange se poursuit.<\/p>\n","protected":false},"excerpt":{"rendered":"Ce jeudi 1er \u00a0janvier, vers 17 heures, une rixe qui s\u2019apparenterait plus \u00e0 un r\u00e8glement de compte a&hellip;\n","protected":false},"author":2,"featured_media":636954,"comment_status":"","ping_status":"","sticky":false,"template":"","format":"standard","meta":{"footnotes":""},"categories":[2814],"tags":[1111,11,3859,1777,674,274,1011,27,884,12,738,17799,33858,882,25,4520],"class_list":{"0":"post-636953","1":"post","2":"type-post","3":"status-publish","4":"format-standard","5":"has-post-thumbnail","7":"category-marseille","8":"tag-actu","9":"tag-actualites","10":"tag-edition-provencale","11":"tag-eu","12":"tag-europe","13":"tag-faits-divers-justice","14":"tag-fr","15":"tag-france","16":"tag-marseille","17":"tag-news","18":"tag-orange","19":"tag-orange-bassin","20":"tag-pays-dorange","21":"tag-provence-alpes-cote-dazur","22":"tag-republique-francaise","23":"tag-vaucluse"},"share_on_mastodon":{"url":"https:\/\/pubeurope.com\/@fr\/115827490471562898","error":""},"_links":{"self":[{"href":"https:\/\/www.europesays.com\/fr\/wp-json\/wp\/v2\/posts\/636953","targetHints":{"allow":["GET"]}}],"collection":[{"href":"https:\/\/www.europesays.com\/fr\/wp-json\/wp\/v2\/posts"}],"about":[{"href":"https:\/\/www.europesays.com\/fr\/wp-json\/wp\/v2\/types\/post"}],"author":[{"embeddable":true,"href":"https:\/\/www.europesays.com\/fr\/wp-json\/wp\/v2\/users\/2"}],"replies":[{"embeddable":true,"href":"https:\/\/www.europesays.com\/fr\/wp-json\/wp\/v2\/comments?post=636953"}],"version-history":[{"count":0,"href":"https:\/\/www.europesays.com\/fr\/wp-json\/wp\/v2\/posts\/636953\/revisions"}],"wp:featuredmedia":[{"embeddable":true,"href":"https:\/\/www.europesays.com\/fr\/wp-json\/wp\/v2\/media\/636954"}],"wp:attachment":[{"href":"https:\/\/www.europesays.com\/fr\/wp-json\/wp\/v2\/media?parent=636953"}],"wp:term":[{"taxonomy":"category","embeddable":true,"href":"https:\/\/www.europesays.com\/fr\/wp-json\/wp\/v2\/categories?post=636953"},{"taxonomy":"post_tag","embeddable":true,"href":"https:\/\/www.europesays.com\/fr\/wp-json\/wp\/v2\/tags?post=636953"}],"curies":[{"name":"wp","href":"https:\/\/api.w.org\/{rel}","templated":true}]}}