{"id":636960,"date":"2026-01-02T20:57:11","date_gmt":"2026-01-02T20:57:11","guid":{"rendered":"https:\/\/www.europesays.com\/fr\/636960\/"},"modified":"2026-01-02T20:57:11","modified_gmt":"2026-01-02T20:57:11","slug":"les-premiers-flocons-de-2026-sont-tombes-en-ile-de-france-et-dans-loise-places-en-vigilance-jaune-neige-verglas","status":"publish","type":"post","link":"https:\/\/www.europesays.com\/fr\/636960\/","title":{"rendered":"Les premiers flocons de 2026 sont tomb\u00e9s en \u00cele-de-France et dans l\u2019Oise, plac\u00e9s en vigilance jaune neige verglas"},"content":{"rendered":"<p class=\"paragraph text_align_left lp-f-body-02\">Les<a href=\"authentication.leparisien.fr\/connexion\/?redirect_url=https:\/\/www.leparisien.fr\/meteo\/il-a-neige-la-nuit-de-noel-les-images-des-paysages-blanchis-ce-25-decembre-25-12-2025-ZS44RT526NELDDG64SQDBAFC2Q.php\" target=\"_self\" rel=\"\"> premi\u00e8res neiges<\/a> de 2026 sont tomb\u00e9es sur l\u2019\u00cele-de-France ! \u00c0 la mi-journ\u00e9e, Paris a par exemple connu ses premiers flocons, tout comme le nord du d\u00e9partement de l\u2019Oise, mais aussi \u00e0 l\u2019est et dans le Noyonnais, o\u00f9 un premier manteau neigeux pouvait tenir au sol jusqu\u2019\u00e0 1 \u00e0 2 cm ce vendredi.<\/p>\n<p class=\"\">Ces chutes de neige sont permises par les temp\u00e9ratures froides de ce d\u00e9but d\u2019ann\u00e9e, dans la continuit\u00e9 de celles qui touchent <a href=\"https:\/\/www.leparisien.fr\/info-paris-ile-de-france-oise\/\" target=\"_self\" rel=\"noopener\">l\u2019\u00cele-de-France<\/a> et <a href=\"https:\/\/www.leparisien.fr\/oise-60\/\" target=\"_self\" rel=\"noopener\">l\u2019Oise<\/a> depuis No\u00ebl. Surtout, quand il ne neige pas, des pluies vergla\u00e7antes peuvent toucher le secteur. Au point que M\u00e9t\u00e9o France a plac\u00e9 l\u2019ensemble de la r\u00e9gion en vigilance jaune neige verglas \u00e0 partir de ce vendredi 18 heures.<\/p>\n<p>Pas de vigilance grand froid pour autant<\/p>\n<p class=\"\">Jusqu\u2019ici, seule la grande couronne \u00e9tait concern\u00e9e par cette vigilance, la pr\u00e9fecture du Val-d\u2019Oise annon\u00e7ant d\u00e8s hier l\u2019apparition possible de pluies vergla\u00e7antes. Mais d\u00e8s ce soir, les d\u00e9partements de la petite couronne (<a href=\"https:\/\/www.leparisien.fr\/paris-75\/\" target=\"_self\" rel=\"noopener\">Paris<\/a>, <a href=\"https:\/\/www.leparisien.fr\/hauts-de-seine-92\/\" target=\"_self\" rel=\"noopener\">Hauts-de-Seine<\/a>, <a href=\"https:\/\/www.leparisien.fr\/seine-saint-denis-93\/\" target=\"_self\" rel=\"noopener\">Seine-Saint-Denis<\/a>, <a href=\"https:\/\/www.leparisien.fr\/val-de-marne-94\/\" target=\"_self\" rel=\"noopener\">Val-de-Marne<\/a>) ont tous \u00e9t\u00e9 plac\u00e9s sous cette vigilance jaune.<\/p>\n<p class=\"\">Si la partie nord-est de la France, ainsi que trois d\u00e9partements du Massif central, sont en vigilance grand froid, ce n\u2019est pas le cas de l\u2019\u00cele-de-France. Car si le mercure n\u2019a pas d\u00e9pass\u00e9 5\u00b0C dans la r\u00e9gion, il n\u2019est que l\u00e9g\u00e8rement en dessous des normales de saison.<\/p>\n<p class=\"\">En \u00cele-de-France, la vigilance courra \u00e9galement jusqu\u2019\u00e0 samedi midi. Les autorit\u00e9s incitent \u00e0 la prudence en raison du verglas. D\u2019autant que dans le d\u00e9partement de l\u2019Oise, des sorties de route ont \u00e9t\u00e9 observ\u00e9es \u00e0 plusieurs endroits, notamment \u00e0 Morlincourt, Apremont ou entre Creil et Senlis. Ailleurs, \u00ab de faibles chutes de neige sont pr\u00e9vues de mani\u00e8re localis\u00e9e \u00bb dans les Yvelines, rendant les conditions de circulation difficiles sur une partie du r\u00e9seau routier. <\/p>\n<p>\u00ab\u00a0,\u00a0\u00bbtype\u00a0\u00bb:\u00a0\u00bbfacebook-post\u00a0\u00bb,\u00a0\u00bbversion\u00a0\u00bb:\u00a0\u00bb1.0&Prime;,\u00a0\u00bbwidth\u00a0\u00bb:552,\u00a0\u00bb_id\u00a0\u00bb:\u00a0\u00bbhttps:\/\/www.facebook.com\/Prefet95\/posts\/pfbid02za2VQWYFxxk6ooZAEJVFpMrypUoQisR89sHXzNwuavcocbwcDKKmtjj2HuixTctpl?locale=fr_FR\u00a0\u00bb,\u00a0\u00bblocale\u00a0\u00bb:\u00a0\u00bbfr_FR\u00a0\u00bb},\u00a0\u00bbreferent\u00a0\u00bb:{\u00ab\u00a0id\u00a0\u00bb:\u00a0\u00bbhttps:\/\/www.facebook.com\/Prefet95\/posts\/pfbid02za2VQWYFxxk6ooZAEJVFpMrypUoQisR89sHXzNwuavcocbwcDKKmtjj2HuixTctpl?locale=fr_FR\u00a0\u00bb,\u00a0\u00bbprovider\u00a0\u00bb:\u00a0\u00bbhttps:\/\/graph.facebook.com\/v8.0\/oembed_post?url=\u00a0\u00bb,\u00a0\u00bbreferent_properties\u00a0\u00bb:{\u00ab\u00a0locale\u00a0\u00bb:\u00a0\u00bbfr_FR\u00a0\u00bb},\u00a0\u00bbservice\u00a0\u00bb:\u00a0\u00bboembed\u00a0\u00bb,\u00a0\u00bbtype\u00a0\u00bb:\u00a0\u00bbfacebook-post\u00a0\u00bb},\u00a0\u00bbcredits\u00a0\u00bb:{\u00ab\u00a0by\u00a0\u00bb:[]}},{\u00ab\u00a0_id\u00a0\u00bb:\u00a0\u00bbDF5ADEF73RDAVJ3OCI32PMZ3YE\u00a0\u00bb,\u00a0\u00bbadditional_properties\u00a0\u00bb:{},\u00a0\u00bbcontent\u00a0\u00bb:\u00a0\u00bbSi la partie nord-est de la France, ainsi que trois d\u00e9partements du Massif central, sont en vigilance grand froid, ce n\u2019est pas le cas de l\u2019\u00cele-de-France. Car si le mercure n\u2019a pas d\u00e9pass\u00e9 5\u00b0C dans la r\u00e9gion, il n\u2019est que l\u00e9g\u00e8rement en dessous des normales de saison.\u00a0\u00bb,\u00a0\u00bbtype\u00a0\u00bb:\u00a0\u00bbtext\u00a0\u00bb,\u00a0\u00bbcredits\u00a0\u00bb:{\u00ab\u00a0by\u00a0\u00bb:[]}},{\u00ab\u00a0_id\u00a0\u00bb:\u00a0\u00bbLJWIT6BZIREZ3DXXKLLSRIZUXQ\u00a0\u00bb,\u00a0\u00bbadditional_properties\u00a0\u00bb:{},\u00a0\u00bbcontent\u00a0\u00bb:\u00a0\u00bbEn \u00cele-de-France, la vigilance courra \u00e9galement jusqu\u2019\u00e0 samedi midi. Les autorit\u00e9s incitent \u00e0 la prudence en raison du verglas. D\u2019autant que dans le d\u00e9partement de l\u2019Oise, des sorties de route ont \u00e9t\u00e9 observ\u00e9es \u00e0 plusieurs endroits, notamment \u00e0 Morlincourt, Apremont ou entre Creil et Senlis. Ailleurs, \u00ab de faibles chutes de neige sont pr\u00e9vues de mani\u00e8re localis\u00e9e \u00bb dans les Yvelines, rendant les conditions de circulation difficiles sur une partie du r\u00e9seau routier. \u00ab\u00a0,\u00a0\u00bbtype\u00a0\u00bb:\u00a0\u00bbtext\u00a0\u00bb,\u00a0\u00bbcredits\u00a0\u00bb:{\u00ab\u00a0by\u00a0\u00bb:[]}}],\u00a0\u00bbcontent_restrictions\u00a0\u00bb:{\u00ab\u00a0content_code\u00a0\u00bb:\u00a0\u00bbmetered\u00a0\u00bb},\u00a0\u00bbcreated_date\u00a0\u00bb:\u00a0\u00bb2026-01-02T13:36:15.596Z\u00a0\u00bb,\u00a0\u00bbcredits\u00a0\u00bb:{\u00ab\u00a0by\u00a0\u00bb:[{\u00ab\u00a0_id\u00a0\u00bb:\u00a0\u00bbSt\u00e9phanie Forestier\u00a0\u00bb,\u00a0\u00bbtype\u00a0\u00bb:\u00a0\u00bbauthor\u00a0\u00bb,\u00a0\u00bbversion\u00a0\u00bb:\u00a0\u00bb0.5.8&Prime;,\u00a0\u00bbname\u00a0\u00bb:\u00a0\u00bbSt\u00e9phanie Forestier\u00a0\u00bb,\u00a0\u00bborg\u00a0\u00bb:\u00a0\u00bbOise\u00a0\u00bb,\u00a0\u00bbslug\u00a0\u00bb:\u00a0\u00bbstephanie-forestier\u00a0\u00bb,\u00a0\u00bbsocial_links\u00a0\u00bb:[{\u00ab\u00a0site\u00a0\u00bb:\u00a0\u00bbemail\u00a0\u00bb,\u00a0\u00bburl\u00a0\u00bb:\u00a0\u00bbsforestier@leparisien.fr\u00a0\u00bb},{\u00ab\u00a0site\u00a0\u00bb:\u00a0\u00bbtwitter\u00a0\u00bb,\u00a0\u00bburl\u00a0\u00bb:\u00a0\u00bb\u00a0\u00bb}],\u00a0\u00bbsocialLinks\u00a0\u00bb:[{\u00ab\u00a0site\u00a0\u00bb:\u00a0\u00bbemail\u00a0\u00bb,\u00a0\u00bburl\u00a0\u00bb:\u00a0\u00bbsforestier@leparisien.fr\u00a0\u00bb,\u00a0\u00bbdeprecated\u00a0\u00bb:true,\u00a0\u00bbdeprecation_msg\u00a0\u00bb:\u00a0\u00bbPlease use social_links.\u00a0\u00bb},{\u00ab\u00a0site\u00a0\u00bb:\u00a0\u00bbtwitter\u00a0\u00bb,\u00a0\u00bburl\u00a0\u00bb:\u00a0\u00bb\u00a0\u00bb,\u00a0\u00bbdeprecated\u00a0\u00bb:true,\u00a0\u00bbdeprecation_msg\u00a0\u00bb:\u00a0\u00bbPlease use social_links.\u00a0\u00bb}],\u00a0\u00bbadditional_properties\u00a0\u00bb:{\u00ab\u00a0original\u00a0\u00bb:{\u00ab\u00a0_id\u00a0\u00bb:\u00a0\u00bbSt\u00e9phanie Forestier\u00a0\u00bb,\u00a0\u00bbbyline\u00a0\u00bb:\u00a0\u00bbSt\u00e9phanie Forestier\u00a0\u00bb,\u00a0\u00bbfirstName\u00a0\u00bb:\u00a0\u00bbSt\u00e9phanie\u00a0\u00bb,\u00a0\u00bblastName\u00a0\u00bb:\u00a0\u00bbForestier\u00a0\u00bb,\u00a0\u00bblocation\u00a0\u00bb:\u00a0\u00bbOise\u00a0\u00bb,\u00a0\u00bbemail\u00a0\u00bb:\u00a0\u00bbsforestier@leparisien.fr\u00a0\u00bb,\u00a0\u00bbslug\u00a0\u00bb:\u00a0\u00bbstephanie-forestier\u00a0\u00bb,\u00a0\u00bblongBio\u00a0\u00bb:\u00a0\u00bb\u00a0\u00bb,\u00a0\u00bbtwitter\u00a0\u00bb:\u00a0\u00bb\u00a0\u00bb,\u00a0\u00bbbooks\u00a0\u00bb:[],\u00a0\u00bbpodcasts\u00a0\u00bb:[],\u00a0\u00bbeducation\u00a0\u00bb:[],\u00a0\u00bbawards\u00a0\u00bb:[],\u00a0\u00bblast_updated_date\u00a0\u00bb:\u00a0\u00bb2023-12-22T10:34:00.956Z\u00a0\u00bb}},\u00a0\u00bbdisplay_name\u00a0\u00bb:\u00a0\u00bbSt\u00e9phanie Forestier\u00a0\u00bb},{\u00ab\u00a0_id\u00a0\u00bb:\u00a0\u00bbFlavienGagnepain\u00a0\u00bb,\u00a0\u00bbtype\u00a0\u00bb:\u00a0\u00bbauthor\u00a0\u00bb,\u00a0\u00bbversion\u00a0\u00bb:\u00a0\u00bb0.5.8&Prime;,\u00a0\u00bbname\u00a0\u00bb:\u00a0\u00bbFlavien Gagnepain\u00a0\u00bb,\u00a0\u00bborg\u00a0\u00bb:\u00a0\u00bbP\u00f4le News &#8211; desk IDF\u00a0\u00bb,\u00a0\u00bbslug\u00a0\u00bb:\u00a0\u00bbflavien-gagnepain\u00a0\u00bb,\u00a0\u00bbsocial_links\u00a0\u00bb:[{\u00ab\u00a0site\u00a0\u00bb:\u00a0\u00bbemail\u00a0\u00bb,\u00a0\u00bburl\u00a0\u00bb:\u00a0\u00bbfgagnepain@leparisien.fr\u00a0\u00bb}],\u00a0\u00bbsocialLinks\u00a0\u00bb:[{\u00ab\u00a0site\u00a0\u00bb:\u00a0\u00bbemail\u00a0\u00bb,\u00a0\u00bburl\u00a0\u00bb:\u00a0\u00bbfgagnepain@leparisien.fr\u00a0\u00bb,\u00a0\u00bbdeprecated\u00a0\u00bb:true,\u00a0\u00bbdeprecation_msg\u00a0\u00bb:\u00a0\u00bbPlease use social_links.\u00a0\u00bb}],\u00a0\u00bbadditional_properties\u00a0\u00bb:{\u00ab\u00a0original\u00a0\u00bb:{\u00ab\u00a0_id\u00a0\u00bb:\u00a0\u00bbFlavienGagnepain\u00a0\u00bb,\u00a0\u00bbbyline\u00a0\u00bb:\u00a0\u00bbF.G.\u00a0\u00bb,\u00a0\u00bbfirstName\u00a0\u00bb:\u00a0\u00bbFlavien\u00a0\u00bb,\u00a0\u00bblastName\u00a0\u00bb:\u00a0\u00bbGagnepain\u00a0\u00bb,\u00a0\u00bblocation\u00a0\u00bb:\u00a0\u00bbP\u00f4le News &#8211; desk IDF\u00a0\u00bb,\u00a0\u00bbemail\u00a0\u00bb:\u00a0\u00bbfgagnepain@leparisien.fr\u00a0\u00bb,\u00a0\u00bbslug\u00a0\u00bb:\u00a0\u00bbflavien-gagnepain\u00a0\u00bb,\u00a0\u00bblongBio\u00a0\u00bb:\u00a0\u00bb\u00a0\u00bb,\u00a0\u00bbbooks\u00a0\u00bb:[],\u00a0\u00bbpodcasts\u00a0\u00bb:[],\u00a0\u00bbeducation\u00a0\u00bb:[],\u00a0\u00bbawards\u00a0\u00bb:[],\u00a0\u00bblast_updated_date\u00a0\u00bb:\u00a0\u00bb2025-10-20T12:36:57.866Z\u00a0\u00bb,\u00a0\u00bbbeat\u00a0\u00bb:\u00a0\u00bb\u00a0\u00bb,\u00a0\u00bbimage\u00a0\u00bb:\u00a0\u00bb\u00a0\u00bb,\u00a0\u00bbrole\u00a0\u00bb:\u00a0\u00bb\u00a0\u00bb,\u00a0\u00bbtwitter\u00a0\u00bb:\u00a0\u00bb\u00a0\u00bb}},\u00a0\u00bbdisplay_name\u00a0\u00bb:\u00a0\u00bbF.G.\u00a0\u00bb}]},\u00a0\u00bbdescription\u00a0\u00bb:{\u00ab\u00a0basic\u00a0\u00bb:\u00a0\u00bb\u00a0\u00bb},\u00a0\u00bbdisplay_date\u00a0\u00bb:\u00a0\u00bb2026-01-02T16:11:47Z\u00a0\u00bb,\u00a0\u00bbdistributor\u00a0\u00bb:{\u00ab\u00a0category\u00a0\u00bb:\u00a0\u00bbstaff\u00a0\u00bb,\u00a0\u00bbmode\u00a0\u00bb:\u00a0\u00bbcustom\u00a0\u00bb,\u00a0\u00bbname\u00a0\u00bb:\u00a0\u00bbleparisien\u00a0\u00bb,\u00a0\u00bbsubcategory\u00a0\u00bb:\u00a0\u00bb\u00a0\u00bb},\u00a0\u00bbfirst_publish_date\u00a0\u00bb:\u00a0\u00bb2026-01-02T16:11:47Z\u00a0\u00bb,\u00a0\u00bbheadlines\u00a0\u00bb:{\u00ab\u00a0basic\u00a0\u00bb:\u00a0\u00bbLes premiers flocons de 2026 sont tomb\u00e9s en \u00cele-de-France et dans l\u2019Oise, plac\u00e9s en vigilance jaune neige verglas\u00a0\u00bb,\u00a0\u00bbmeta_title\u00a0\u00bb:\u00a0\u00bb\u00a0\u00bb,\u00a0\u00bbmobile\u00a0\u00bb:\u00a0\u00bb\u00a0\u00bb,\u00a0\u00bbnative\u00a0\u00bb:\u00a0\u00bb\u00a0\u00bb,\u00a0\u00bbprint\u00a0\u00bb:\u00a0\u00bb\u00a0\u00bb,\u00a0\u00bbtablet\u00a0\u00bb:\u00a0\u00bb\u00a0\u00bb,\u00a0\u00bbweb\u00a0\u00bb:\u00a0\u00bb\u00a0\u00bb},\u00a0\u00bblabel\u00a0\u00bb:{},\u00a0\u00bblast_updated_date\u00a0\u00bb:\u00a0\u00bb2026-01-02T16:38:53.749Z\u00a0\u00bb,\u00a0\u00bbowner\u00a0\u00bb:{\u00ab\u00a0id\u00a0\u00bb:\u00a0\u00bbleparisien\u00a0\u00bb,\u00a0\u00bbsponsored\u00a0\u00bb:false},\u00a0\u00bbpromo_items\u00a0\u00bb:{\u00ab\u00a0basic\u00a0\u00bb:{\u00ab\u00a0_id\u00a0\u00bb:\u00a0\u00bb3WVFKULXRBEUJBJGFZD6VMHKCU\u00a0\u00bb,\u00a0\u00bbadditional_properties\u00a0\u00bb:{\u00ab\u00a0countryId\u00a0\u00bb:74,\u00a0\u00bbexpiration_date\u00a0\u00bb:\u00a0\u00bb2036-01-02T13:45:18Z\u00a0\u00bb,\u00a0\u00bbfullSizeResizeUrl\u00a0\u00bb:\u00a0\u00bb\/resizer\/v2\/3WVFKULXRBEUJBJGFZD6VMHKCU.jpg?auth=c9c220fa5d57523a598e27775f45a8c608ef111e6381e46b19d5fa4914e3230f\u00a0\u00bb,\u00a0\u00bbgalleries\u00a0\u00bb:[],\u00a0\u00bbiptc_source\u00a0\u00bb:\u00a0\u00bbLeParisien\u00a0\u00bb,\u00a0\u00bbkeywords\u00a0\u00bb:[\u00ab\u00a0neige oise\u00a0\u00bb],\u00a0\u00bbmime_type\u00a0\u00bb:\u00a0\u00bbimage\/jpeg\u00a0\u00bb,\u00a0\u00bboriginalName\u00a0\u00bb:\u00a0\u00bbsforestier_1767361254564.jpg\u00a0\u00bb,\u00a0\u00bboriginalUrl\u00a0\u00bb:\u00a0\u00bbhttps:\/\/cloudfront-eu-central-1.images.arcpublishing.com\/leparisien\/3WVFKULXRBEUJBJGFZD6VMHKCU.jpg\u00a0\u00bb,\u00a0\u00bbproxyUrl\u00a0\u00bb:\u00a0\u00bb\/resizer\/v2\/3WVFKULXRBEUJBJGFZD6VMHKCU.jpg?auth=c9c220fa5d57523a598e27775f45a8c608ef111e6381e46b19d5fa4914e3230f\u00a0\u00bb,\u00a0\u00bbpublished\u00a0\u00bb:true,\u00a0\u00bbresizeUrl\u00a0\u00bb:\u00a0\u00bb\/resizer\/v2\/3WVFKULXRBEUJBJGFZD6VMHKCU.jpg?auth=c9c220fa5d57523a598e27775f45a8c608ef111e6381e46b19d5fa4914e3230f\u00a0\u00bb,\u00a0\u00bbrestricted\u00a0\u00bb:false,\u00a0\u00bbtakenOn\u00a0\u00bb:\u00a0\u00bb2026-01-02T00:00:00Z\u00a0\u00bb,\u00a0\u00bbthumbnailResizeUrl\u00a0\u00bb:\u00a0\u00bb\/resizer\/v2\/3WVFKULXRBEUJBJGFZD6VMHKCU.jpg?auth=c9c220fa5d57523a598e27775f45a8c608ef111e6381e46b19d5fa4914e3230f&#038;width=300&Prime;,\u00a0\u00bbusage_instructions\u00a0\u00bb:\u00a0\u00bbPhoto Web &#8211; Print\u00a0\u00bb,\u00a0\u00bbversion\u00a0\u00bb:2},\u00a0\u00bbaddress\u00a0\u00bb:{\u00ab\u00a0locality\u00a0\u00bb:\u00a0\u00bbMaliens\u00a0\u00bb,\u00a0\u00bbcountry_name\u00a0\u00bb:\u00a0\u00bbFRA\u00a0\u00bb},\u00a0\u00bbauth\u00a0\u00bb:{\u00ab\u00a01&Prime;:\u00a0\u00bbc9c220fa5d57523a598e27775f45a8c608ef111e6381e46b19d5fa4914e3230f\u00a0\u00bb},\u00a0\u00bbcaption\u00a0\u00bb:\u00a0\u00bbCe vendredi matin, certains secteurs de l&rsquo;Oise ont vu leur paysage se blanchir, comme ici \u00e0 Maliens. DR\/ Facebook. Fr\u00e9dot Fredot.\u00a0\u00bb,\u00a0\u00bbcreated_date\u00a0\u00bb:\u00a0\u00bb2026-01-02T13:45:18Z\u00a0\u00bb,\u00a0\u00bbcredits\u00a0\u00bb:{\u00ab\u00a0affiliation\u00a0\u00bb:[{\u00ab\u00a0name\u00a0\u00bb:\u00a0\u00bbFacebook\/ Fr\u00e9dot Fredot\u00a0\u00bb,\u00a0\u00bbtype\u00a0\u00bb:\u00a0\u00bbauthor\u00a0\u00bb}],\u00a0\u00bbby\u00a0\u00bb:[]},\u00a0\u00bbdistributor\u00a0\u00bb:{\u00ab\u00a0additional_properties\u00a0\u00bb:{},\u00a0\u00bbcategory\u00a0\u00bb:\u00a0\u00bbstaff\u00a0\u00bb,\u00a0\u00bbmode\u00a0\u00bb:\u00a0\u00bbcustom\u00a0\u00bb,\u00a0\u00bbname\u00a0\u00bb:\u00a0\u00bbLocales\u00a0\u00bb},\u00a0\u00bbheight\u00a0\u00bb:637,\u00a0\u00bblast_updated_date\u00a0\u00bb:\u00a0\u00bb2026-01-02T16:11:47Z\u00a0\u00bb,\u00a0\u00bblicensable\u00a0\u00bb:false,\u00a0\u00bbowner\u00a0\u00bb:{\u00ab\u00a0id\u00a0\u00bb:\u00a0\u00bbleparisien\u00a0\u00bb},\u00a0\u00bbslug\u00a0\u00bb:\u00a0\u00bbneige oise\u00a0\u00bb,\u00a0\u00bbsource\u00a0\u00bb:{\u00ab\u00a0name\u00a0\u00bb:\u00a0\u00bbLocales\u00a0\u00bb,\u00a0\u00bbsource_type\u00a0\u00bb:\u00a0\u00bbstaff\u00a0\u00bb,\u00a0\u00bbadditional_properties\u00a0\u00bb:{\u00ab\u00a0editor\u00a0\u00bb:\u00a0\u00bbphoto center\u00a0\u00bb},\u00a0\u00bbedit_url\u00a0\u00bb:\u00a0\u00bb\u00a0\u00bb,\u00a0\u00bbsystem\u00a0\u00bb:\u00a0\u00bbphoto center\u00a0\u00bb},\u00a0\u00bbtaxonomy\u00a0\u00bb:{},\u00a0\u00bbtype\u00a0\u00bb:\u00a0\u00bbimage\u00a0\u00bb,\u00a0\u00bburl\u00a0\u00bb:\u00a0\u00bbhttps:\/\/cloudfront-eu-central-1.images.arcpublishing.com\/leparisien\/3WVFKULXRBEUJBJGFZD6VMHKCU.jpg\u00a0\u00bb,\u00a0\u00bbversion\u00a0\u00bb:\u00a0\u00bb0.10.9&Prime;,\u00a0\u00bbwidth\u00a0\u00bb:1080}},\u00a0\u00bbpublish_date\u00a0\u00bb:\u00a0\u00bb2026-01-02T16:38:53Z\u00a0\u00bb,\u00a0\u00bbrelated_content\u00a0\u00bb:{\u00ab\u00a0basic\u00a0\u00bb:[{\u00ab\u00a0_id\u00a0\u00bb:\u00a0\u00bb3WVFKULXRBEUJBJGFZD6VMHKCU\u00a0\u00bb,\u00a0\u00bbreferent\u00a0\u00bb:{\u00ab\u00a0id\u00a0\u00bb:\u00a0\u00bb3WVFKULXRBEUJBJGFZD6VMHKCU\u00a0\u00bb,\u00a0\u00bbprovider\u00a0\u00bb:\u00a0\u00bb\u00a0\u00bb,\u00a0\u00bbreferent_properties\u00a0\u00bb:{},\u00a0\u00bbtype\u00a0\u00bb:\u00a0\u00bbimage\u00a0\u00bb},\u00a0\u00bbtype\u00a0\u00bb:\u00a0\u00bbreference\u00a0\u00bb}]},\u00a0\u00bbsource\u00a0\u00bb:{\u00ab\u00a0name\u00a0\u00bb:\u00a0\u00bbleparisien\u00a0\u00bb,\u00a0\u00bbsource_type\u00a0\u00bb:\u00a0\u00bbstaff\u00a0\u00bb,\u00a0\u00bbsystem\u00a0\u00bb:\u00a0\u00bbcomposer\u00a0\u00bb},\u00a0\u00bbsubheadlines\u00a0\u00bb:{\u00ab\u00a0basic\u00a0\u00bb:\u00a0\u00bbL\u2019ensemble de la r\u00e9gion a \u00e9t\u00e9 plac\u00e9 ce vendredi en vigilance jaune \u00e0 la neige et au verglas. Des flocons sont d\u00e9j\u00e0 tomb\u00e9s sur certains secteurs.\u00a0\u00bb},\u00a0\u00bbsubtype\u00a0\u00bb:\u00a0\u00bbART:\u00a0\u00bb,\u00a0\u00bbtaxonomy\u00a0\u00bb:{\u00ab\u00a0primary_section\u00a0\u00bb:{\u00ab\u00a0_id\u00a0\u00bb:\u00a0\u00bb\/meteo\u00a0\u00bb,\u00a0\u00bb_website\u00a0\u00bb:\u00a0\u00bbleparisien\u00a0\u00bb,\u00a0\u00bbtype\u00a0\u00bb:\u00a0\u00bbsection\u00a0\u00bb,\u00a0\u00bbversion\u00a0\u00bb:\u00a0\u00bb0.6.0&Prime;,\u00a0\u00bbname\u00a0\u00bb:\u00a0\u00bbM\u00e9t\u00e9o\u00a0\u00bb,\u00a0\u00bbdescription\u00a0\u00bb:\u00a0\u00bbObservations en temps r\u00e9el et pr\u00e9visions m\u00e9t\u00e9o \u00e0 5 jours &#8211; Le temps \u00e0 Paris, Bordeaux, Marseille, Lille\u2026 Suivez toute la m\u00e9t\u00e9o en France et en Europe sur leParisien.fr\u00a0\u00bb,\u00a0\u00bbpath\u00a0\u00bb:\u00a0\u00bb\/meteo\u00a0\u00bb,\u00a0\u00bbparent_id\u00a0\u00bb:\u00a0\u00bbhttps:\/\/www.leparisien.fr\/\u00a0\u00bb,\u00a0\u00bbparent\u00a0\u00bb:{\u00ab\u00a0default\u00a0\u00bb:\u00a0\u00bbhttps:\/\/www.leparisien.fr\/\u00a0\u00bb},\u00a0\u00bbadditional_properties\u00a0\u00bb:{\u00ab\u00a0original\u00a0\u00bb:{\u00ab\u00a0_id\u00a0\u00bb:\u00a0\u00bb\/meteo\u00a0\u00bb,\u00a0\u00bb_website\u00a0\u00bb:\u00a0\u00bbleparisien\u00a0\u00bb,\u00a0\u00bbname\u00a0\u00bb:\u00a0\u00bbM\u00e9t\u00e9o\u00a0\u00bb,\u00a0\u00bbinactive\u00a0\u00bb:false,\u00a0\u00bbancestors\u00a0\u00bb:{\u00ab\u00a0default\u00a0\u00bb:[\u00ab\u00a0https:\/\/www.leparisien.fr\/\u00a0\u00bb],\u00a0\u00bbWebsked-plans\u00a0\u00bb:[\u00ab\u00a0https:\/\/www.leparisien.fr\/\u00a0\u00bb],\u00a0\u00bbsub-nav\u00a0\u00bb:[\u00ab\u00a0https:\/\/www.leparisien.fr\/\u00a0\u00bb],\u00a0\u00bbburger-menu\u00a0\u00bb:[\u00ab\u00a0https:\/\/www.leparisien.fr\/\u00a0\u00bb,\u00a0\u00bb\/societe\u00a0\u00bb],\u00a0\u00bbburger-menu-etudiant\u00a0\u00bb:[],\u00a0\u00bbmenu\u00a0\u00bb:[\u00ab\u00a0https:\/\/www.leparisien.fr\/\u00a0\u00bb],\u00a0\u00bbMaillage_SEO_Surfooter\u00a0\u00bb:[],\u00a0\u00bbfooter\u00a0\u00bb:[\u00ab\u00a0https:\/\/www.leparisien.fr\/\u00a0\u00bb],\u00a0\u00bbmobile-menu-sections-list\u00a0\u00bb:[\u00ab\u00a0https:\/\/www.leparisien.fr\/\u00a0\u00bb],\u00a0\u00bbsurfooter\u00a0\u00bb:[\u00ab\u00a0https:\/\/www.leparisien.fr\/\u00a0\u00bb]},\u00a0\u00bbparent\u00a0\u00bb:{\u00ab\u00a0default\u00a0\u00bb:\u00a0\u00bbhttps:\/\/www.leparisien.fr\/\u00a0\u00bb,\u00a0\u00bbWebsked-plans\u00a0\u00bb:\u00a0\u00bbhttps:\/\/www.leparisien.fr\/\u00a0\u00bb,\u00a0\u00bbsub-nav\u00a0\u00bb:\u00a0\u00bbhttps:\/\/www.leparisien.fr\/\u00a0\u00bb,\u00a0\u00bbburger-menu\u00a0\u00bb:\u00a0\u00bb\/societe\u00a0\u00bb,\u00a0\u00bbburger-menu-etudiant\u00a0\u00bb:null,\u00a0\u00bbmenu\u00a0\u00bb:\u00a0\u00bbhttps:\/\/www.leparisien.fr\/\u00a0\u00bb,\u00a0\u00bbMaillage_SEO_Surfooter\u00a0\u00bb:\u00a0\u00bbhttps:\/\/www.leparisien.fr\/\u00a0\u00bb,\u00a0\u00bbfooter\u00a0\u00bb:\u00a0\u00bbhttps:\/\/www.leparisien.fr\/\u00a0\u00bb,\u00a0\u00bbmobile-menu-sections-list\u00a0\u00bb:\u00a0\u00bbhttps:\/\/www.leparisien.fr\/\u00a0\u00bb,\u00a0\u00bbsurfooter\u00a0\u00bb:\u00a0\u00bbhttps:\/\/www.leparisien.fr\/\u00a0\u00bb},\u00a0\u00bborder\u00a0\u00bb:{\u00ab\u00a0Websked-plans\u00a0\u00bb:1016,\u00a0\u00bbdefault\u00a0\u00bb:1010,\u00a0\u00bbburger-menu\u00a0\u00bb:2005,\u00a0\u00bbmenu\u00a0\u00bb:1014,\u00a0\u00bbMaillage_SEO_Surfooter\u00a0\u00bb:1076,\u00a0\u00bbsub-nav\u00a0\u00bb:1016,\u00a0\u00bbfooter\u00a0\u00bb:1009,\u00a0\u00bbmobile-menu-sections-list\u00a0\u00bb:1009,\u00a0\u00bbsurfooter\u00a0\u00bb:1009},\u00a0\u00bbGoogle Analytics\u00a0\u00bb:{\u00ab\u00a0ga_name_level_1&Prime;:\u00a0\u00bbmeteo\u00a0\u00bb,\u00a0\u00bbga_name_level_2&Prime;:null,\u00a0\u00bbga_name_level_3&Prime;:null},\u00a0\u00bbMobile\u00a0\u00bb:{\u00ab\u00a0label\u00a0\u00bb:null,\u00a0\u00bbxtpage\u00a0\u00bb:null},\u00a0\u00bbNewsletter\u00a0\u00bb:{\u00ab\u00a0module_message\u00a0\u00bb:null,\u00a0\u00bbnewsletter_name\u00a0\u00bb:\u00a0\u00bbL&rsquo;Essentiel de l&rsquo;actu\u00a0\u00bb,\u00a0\u00bbnewsletter_optin\u00a0\u00bb:\u00a0\u00bb{\\\u00a0\u00bboptin_newsletter\\\u00a0\u00bb:1}\u00a0\u00bb},\u00a0\u00bbSponsor\u00a0\u00bb:{\u00ab\u00a0collection_id_for_pinned_content\u00a0\u00bb:\u00a0\u00bbHALPYGG7M5FNVD5C3NHQ3V3O2A\u00a0\u00bb,\u00a0\u00bbsponsor_logo_url\u00a0\u00bb:null,\u00a0\u00bbsponsor_message\u00a0\u00bb:null,\u00a0\u00bbsponsor_name\u00a0\u00bb:null,\u00a0\u00bbsponsor_type\u00a0\u00bb:null},\u00a0\u00bb_admin\u00a0\u00bb:{\u00ab\u00a0alias_ids\u00a0\u00bb:[\u00ab\u00a0\/meteo\u00a0\u00bb],\u00a0\u00bbcommercial_node\u00a0\u00bb:null,\u00a0\u00bbdefault_content\u00a0\u00bb:null,\u00a0\u00bbdo_not_show_on_site\u00a0\u00bb:null,\u00a0\u00bbtracking_node\u00a0\u00bb:null},\u00a0\u00bbin_the_news\u00a0\u00bb:{\u00ab\u00a0in_the_news_usebasepage\u00a0\u00bb:\u00a0\u00bb\/in-the-news-forsections\/\u00a0\u00bb,\u00a0\u00bbin_the_news_usefeature\u00a0\u00bb:null,\u00a0\u00bbin_the_news_usesectionbar\u00a0\u00bb:\u00a0\u00bbfalse\u00a0\u00bb},\u00a0\u00bbnavigation\u00a0\u00bb:{\u00ab\u00a0display_in_top_strip\u00a0\u00bb:null,\u00a0\u00bbnav_display\u00a0\u00bb:null,\u00a0\u00bbnav_title\u00a0\u00bb:null},\u00a0\u00bbsite\u00a0\u00bb:{\u00ab\u00a0amp_deactivated\u00a0\u00bb:\u00a0\u00bbfalse\u00a0\u00bb,\u00a0\u00bbnative_app_rendering\u00a0\u00bb:null,\u00a0\u00bbpagebuilder_path_for_native_apps\u00a0\u00bb:null,\u00a0\u00bbpaywall_deactivated\u00a0\u00bb:\u00a0\u00bbfalse\u00a0\u00bb,\u00a0\u00bbsection_show_videos\u00a0\u00bb:\u00a0\u00bbtrue\u00a0\u00bb,\u00a0\u00bbsite_about\u00a0\u00bb:null,\u00a0\u00bbsite_description\u00a0\u00bb:\u00a0\u00bbObservations en temps r\u00e9el et pr\u00e9visions m\u00e9t\u00e9o \u00e0 5 jours &#8211; Le temps \u00e0 Paris, Bordeaux, Marseille, Lille\u2026 Suivez toute la m\u00e9t\u00e9o en France et en Europe sur leParisien.fr\u00a0\u00bb,\u00a0\u00bbsite_keywords\u00a0\u00bb:null,\u00a0\u00bbsite_tagline\u00a0\u00bb:null,\u00a0\u00bbsite_title\u00a0\u00bb:\u00a0\u00bbActualit\u00e9s et pr\u00e9visions m\u00e9t\u00e9o \u00e0 7 jours Paris et IDF &#8211; Le Parisien M\u00e9t\u00e9o\u00a0\u00bb,\u00a0\u00bbsite_url\u00a0\u00bb:null},\u00a0\u00bbsocial\u00a0\u00bb:{\u00ab\u00a0archives\u00a0\u00bb:null,\u00a0\u00bbfacebook\u00a0\u00bb:null,\u00a0\u00bbrss\u00a0\u00bb:null,\u00a0\u00bbtwitter\u00a0\u00bb:null},\u00a0\u00bbstory_list\u00a0\u00bb:{\u00ab\u00a0story_list_content\u00a0\u00bb:{}},\u00a0\u00bbnode_type\u00a0\u00bb:\u00a0\u00bbsection\u00a0\u00bb}}},\u00a0\u00bbprimary_site\u00a0\u00bb:{\u00ab\u00a0_id\u00a0\u00bb:\u00a0\u00bb\/meteo\u00a0\u00bb,\u00a0\u00bbtype\u00a0\u00bb:\u00a0\u00bbsite\u00a0\u00bb,\u00a0\u00bbversion\u00a0\u00bb:\u00a0\u00bb0.5.8&Prime;,\u00a0\u00bbname\u00a0\u00bb:\u00a0\u00bbM\u00e9t\u00e9o\u00a0\u00bb,\u00a0\u00bbdescription\u00a0\u00bb:\u00a0\u00bbObservations en temps r\u00e9el et pr\u00e9visions m\u00e9t\u00e9o \u00e0 5 jours &#8211; Le temps \u00e0 Paris, Bordeaux, Marseille, Lille\u2026 Suivez toute la m\u00e9t\u00e9o en France et en Europe sur leParisien.fr\u00a0\u00bb,\u00a0\u00bbpath\u00a0\u00bb:\u00a0\u00bb\/meteo\u00a0\u00bb,\u00a0\u00bbparent_id\u00a0\u00bb:\u00a0\u00bbhttps:\/\/www.leparisien.fr\/\u00a0\u00bb,\u00a0\u00bbadditional_properties\u00a0\u00bb:{\u00ab\u00a0original\u00a0\u00bb:{\u00ab\u00a0_id\u00a0\u00bb:\u00a0\u00bb\/meteo\u00a0\u00bb,\u00a0\u00bbname\u00a0\u00bb:\u00a0\u00bbM\u00e9t\u00e9o\u00a0\u00bb,\u00a0\u00bbinactive\u00a0\u00bb:false,\u00a0\u00bbancestors\u00a0\u00bb:{\u00ab\u00a0default\u00a0\u00bb:[\u00ab\u00a0https:\/\/www.leparisien.fr\/\u00a0\u00bb],\u00a0\u00bbWebsked-plans\u00a0\u00bb:[\u00ab\u00a0https:\/\/www.leparisien.fr\/\u00a0\u00bb],\u00a0\u00bbsub-nav\u00a0\u00bb:[\u00ab\u00a0https:\/\/www.leparisien.fr\/\u00a0\u00bb],\u00a0\u00bbburger-menu\u00a0\u00bb:[\u00ab\u00a0https:\/\/www.leparisien.fr\/\u00a0\u00bb,\u00a0\u00bb\/societe\u00a0\u00bb],\u00a0\u00bbburger-menu-etudiant\u00a0\u00bb:[],\u00a0\u00bbmenu\u00a0\u00bb:[\u00ab\u00a0https:\/\/www.leparisien.fr\/\u00a0\u00bb],\u00a0\u00bbMaillage_SEO_Surfooter\u00a0\u00bb:[],\u00a0\u00bbfooter\u00a0\u00bb:[\u00ab\u00a0https:\/\/www.leparisien.fr\/\u00a0\u00bb],\u00a0\u00bbmobile-menu-sections-list\u00a0\u00bb:[\u00ab\u00a0https:\/\/www.leparisien.fr\/\u00a0\u00bb],\u00a0\u00bbsurfooter\u00a0\u00bb:[\u00ab\u00a0https:\/\/www.leparisien.fr\/\u00a0\u00bb]},\u00a0\u00bbparent\u00a0\u00bb:{\u00ab\u00a0default\u00a0\u00bb:\u00a0\u00bbhttps:\/\/www.leparisien.fr\/\u00a0\u00bb,\u00a0\u00bbWebsked-plans\u00a0\u00bb:\u00a0\u00bbhttps:\/\/www.leparisien.fr\/\u00a0\u00bb,\u00a0\u00bbsub-nav\u00a0\u00bb:\u00a0\u00bbhttps:\/\/www.leparisien.fr\/\u00a0\u00bb,\u00a0\u00bbburger-menu\u00a0\u00bb:\u00a0\u00bb\/societe\u00a0\u00bb,\u00a0\u00bbburger-menu-etudiant\u00a0\u00bb:null,\u00a0\u00bbmenu\u00a0\u00bb:\u00a0\u00bbhttps:\/\/www.leparisien.fr\/\u00a0\u00bb,\u00a0\u00bbMaillage_SEO_Surfooter\u00a0\u00bb:\u00a0\u00bbhttps:\/\/www.leparisien.fr\/\u00a0\u00bb,\u00a0\u00bbfooter\u00a0\u00bb:\u00a0\u00bbhttps:\/\/www.leparisien.fr\/\u00a0\u00bb,\u00a0\u00bbmobile-menu-sections-list\u00a0\u00bb:\u00a0\u00bbhttps:\/\/www.leparisien.fr\/\u00a0\u00bb,\u00a0\u00bbsurfooter\u00a0\u00bb:\u00a0\u00bbhttps:\/\/www.leparisien.fr\/\u00a0\u00bb},\u00a0\u00bborder\u00a0\u00bb:{\u00ab\u00a0Websked-plans\u00a0\u00bb:1016,\u00a0\u00bbdefault\u00a0\u00bb:1010,\u00a0\u00bbburger-menu\u00a0\u00bb:2005,\u00a0\u00bbmenu\u00a0\u00bb:1014,\u00a0\u00bbMaillage_SEO_Surfooter\u00a0\u00bb:1076,\u00a0\u00bbsub-nav\u00a0\u00bb:1016,\u00a0\u00bbfooter\u00a0\u00bb:1009,\u00a0\u00bbmobile-menu-sections-list\u00a0\u00bb:1009,\u00a0\u00bbsurfooter\u00a0\u00bb:1009},\u00a0\u00bbGoogle Analytics\u00a0\u00bb:{\u00ab\u00a0ga_name_level_1&Prime;:\u00a0\u00bbmeteo\u00a0\u00bb,\u00a0\u00bbga_name_level_2&Prime;:null,\u00a0\u00bbga_name_level_3&Prime;:null},\u00a0\u00bbMobile\u00a0\u00bb:{\u00ab\u00a0label\u00a0\u00bb:null,\u00a0\u00bbxtpage\u00a0\u00bb:null},\u00a0\u00bbNewsletter\u00a0\u00bb:{\u00ab\u00a0module_message\u00a0\u00bb:null,\u00a0\u00bbnewsletter_name\u00a0\u00bb:\u00a0\u00bbL&rsquo;Essentiel de l&rsquo;actu\u00a0\u00bb,\u00a0\u00bbnewsletter_optin\u00a0\u00bb:\u00a0\u00bb{\\\u00a0\u00bboptin_newsletter\\\u00a0\u00bb:1}\u00a0\u00bb},\u00a0\u00bbSponsor\u00a0\u00bb:{\u00ab\u00a0collection_id_for_pinned_content\u00a0\u00bb:\u00a0\u00bbHALPYGG7M5FNVD5C3NHQ3V3O2A\u00a0\u00bb,\u00a0\u00bbsponsor_logo_url\u00a0\u00bb:null,\u00a0\u00bbsponsor_message\u00a0\u00bb:null,\u00a0\u00bbsponsor_name\u00a0\u00bb:null,\u00a0\u00bbsponsor_type\u00a0\u00bb:null},\u00a0\u00bb_admin\u00a0\u00bb:{\u00ab\u00a0alias_ids\u00a0\u00bb:[\u00ab\u00a0\/meteo\u00a0\u00bb],\u00a0\u00bbcommercial_node\u00a0\u00bb:null,\u00a0\u00bbdefault_content\u00a0\u00bb:null,\u00a0\u00bbdo_not_show_on_site\u00a0\u00bb:null,\u00a0\u00bbtracking_node\u00a0\u00bb:null},\u00a0\u00bbin_the_news\u00a0\u00bb:{\u00ab\u00a0in_the_news_usebasepage\u00a0\u00bb:\u00a0\u00bb\/in-the-news-forsections\/\u00a0\u00bb,\u00a0\u00bbin_the_news_usefeature\u00a0\u00bb:null,\u00a0\u00bbin_the_news_usesectionbar\u00a0\u00bb:\u00a0\u00bbfalse\u00a0\u00bb},\u00a0\u00bbnavigation\u00a0\u00bb:{\u00ab\u00a0display_in_top_strip\u00a0\u00bb:null,\u00a0\u00bbnav_display\u00a0\u00bb:null,\u00a0\u00bbnav_title\u00a0\u00bb:null},\u00a0\u00bbsite\u00a0\u00bb:{\u00ab\u00a0amp_deactivated\u00a0\u00bb:\u00a0\u00bbfalse\u00a0\u00bb,\u00a0\u00bbnative_app_rendering\u00a0\u00bb:null,\u00a0\u00bbpagebuilder_path_for_native_apps\u00a0\u00bb:null,\u00a0\u00bbpaywall_deactivated\u00a0\u00bb:\u00a0\u00bbfalse\u00a0\u00bb,\u00a0\u00bbsection_show_videos\u00a0\u00bb:\u00a0\u00bbtrue\u00a0\u00bb,\u00a0\u00bbsite_about\u00a0\u00bb:null,\u00a0\u00bbsite_description\u00a0\u00bb:\u00a0\u00bbObservations en temps r\u00e9el et pr\u00e9visions m\u00e9t\u00e9o \u00e0 5 jours &#8211; Le temps \u00e0 Paris, Bordeaux, Marseille, Lille\u2026 Suivez toute la m\u00e9t\u00e9o en France et en Europe sur leParisien.fr\u00a0\u00bb,\u00a0\u00bbsite_keywords\u00a0\u00bb:null,\u00a0\u00bbsite_tagline\u00a0\u00bb:null,\u00a0\u00bbsite_title\u00a0\u00bb:\u00a0\u00bbActualit\u00e9s et pr\u00e9visions m\u00e9t\u00e9o \u00e0 7 jours Paris et IDF &#8211; Le Parisien M\u00e9t\u00e9o\u00a0\u00bb,\u00a0\u00bbsite_url\u00a0\u00bb:null},\u00a0\u00bbsocial\u00a0\u00bb:{\u00ab\u00a0archives\u00a0\u00bb:null,\u00a0\u00bbfacebook\u00a0\u00bb:null,\u00a0\u00bbrss\u00a0\u00bb:null,\u00a0\u00bbtwitter\u00a0\u00bb:null},\u00a0\u00bbstory_list\u00a0\u00bb:{\u00ab\u00a0story_list_content\u00a0\u00bb:{}},\u00a0\u00bbnode_type\u00a0\u00bb:\u00a0\u00bbsection\u00a0\u00bb}}},\u00a0\u00bbsections\u00a0\u00bb:[{\u00ab\u00a0_id\u00a0\u00bb:\u00a0\u00bb\/meteo\u00a0\u00bb,\u00a0\u00bb_website\u00a0\u00bb:\u00a0\u00bbleparisien\u00a0\u00bb,\u00a0\u00bbtype\u00a0\u00bb:\u00a0\u00bbsection\u00a0\u00bb,\u00a0\u00bbversion\u00a0\u00bb:\u00a0\u00bb0.6.0&Prime;,\u00a0\u00bbname\u00a0\u00bb:\u00a0\u00bbM\u00e9t\u00e9o\u00a0\u00bb,\u00a0\u00bbdescription\u00a0\u00bb:\u00a0\u00bbObservations en temps r\u00e9el et pr\u00e9visions m\u00e9t\u00e9o \u00e0 5 jours &#8211; Le temps \u00e0 Paris, Bordeaux, Marseille, Lille\u2026 Suivez toute la m\u00e9t\u00e9o en France et en Europe sur leParisien.fr\u00a0\u00bb,\u00a0\u00bbpath\u00a0\u00bb:\u00a0\u00bb\/meteo\u00a0\u00bb,\u00a0\u00bbparent_id\u00a0\u00bb:\u00a0\u00bbhttps:\/\/www.leparisien.fr\/\u00a0\u00bb,\u00a0\u00bbparent\u00a0\u00bb:{\u00ab\u00a0default\u00a0\u00bb:\u00a0\u00bbhttps:\/\/www.leparisien.fr\/\u00a0\u00bb},\u00a0\u00bbadditional_properties\u00a0\u00bb:{\u00ab\u00a0original\u00a0\u00bb:{\u00ab\u00a0_id\u00a0\u00bb:\u00a0\u00bb\/meteo\u00a0\u00bb,\u00a0\u00bb_website\u00a0\u00bb:\u00a0\u00bbleparisien\u00a0\u00bb,\u00a0\u00bbname\u00a0\u00bb:\u00a0\u00bbM\u00e9t\u00e9o\u00a0\u00bb,\u00a0\u00bbinactive\u00a0\u00bb:false,\u00a0\u00bbancestors\u00a0\u00bb:{\u00ab\u00a0default\u00a0\u00bb:[\u00ab\u00a0https:\/\/www.leparisien.fr\/\u00a0\u00bb],\u00a0\u00bbWebsked-plans\u00a0\u00bb:[\u00ab\u00a0https:\/\/www.leparisien.fr\/\u00a0\u00bb],\u00a0\u00bbsub-nav\u00a0\u00bb:[\u00ab\u00a0https:\/\/www.leparisien.fr\/\u00a0\u00bb],\u00a0\u00bbburger-menu\u00a0\u00bb:[\u00ab\u00a0https:\/\/www.leparisien.fr\/\u00a0\u00bb,\u00a0\u00bb\/societe\u00a0\u00bb],\u00a0\u00bbburger-menu-etudiant\u00a0\u00bb:[],\u00a0\u00bbmenu\u00a0\u00bb:[\u00ab\u00a0https:\/\/www.leparisien.fr\/\u00a0\u00bb],\u00a0\u00bbMaillage_SEO_Surfooter\u00a0\u00bb:[],\u00a0\u00bbfooter\u00a0\u00bb:[\u00ab\u00a0https:\/\/www.leparisien.fr\/\u00a0\u00bb],\u00a0\u00bbmobile-menu-sections-list\u00a0\u00bb:[\u00ab\u00a0https:\/\/www.leparisien.fr\/\u00a0\u00bb],\u00a0\u00bbsurfooter\u00a0\u00bb:[\u00ab\u00a0https:\/\/www.leparisien.fr\/\u00a0\u00bb]},\u00a0\u00bbparent\u00a0\u00bb:{\u00ab\u00a0default\u00a0\u00bb:\u00a0\u00bbhttps:\/\/www.leparisien.fr\/\u00a0\u00bb,\u00a0\u00bbWebsked-plans\u00a0\u00bb:\u00a0\u00bbhttps:\/\/www.leparisien.fr\/\u00a0\u00bb,\u00a0\u00bbsub-nav\u00a0\u00bb:\u00a0\u00bbhttps:\/\/www.leparisien.fr\/\u00a0\u00bb,\u00a0\u00bbburger-menu\u00a0\u00bb:\u00a0\u00bb\/societe\u00a0\u00bb,\u00a0\u00bbburger-menu-etudiant\u00a0\u00bb:null,\u00a0\u00bbmenu\u00a0\u00bb:\u00a0\u00bbhttps:\/\/www.leparisien.fr\/\u00a0\u00bb,\u00a0\u00bbMaillage_SEO_Surfooter\u00a0\u00bb:\u00a0\u00bbhttps:\/\/www.leparisien.fr\/\u00a0\u00bb,\u00a0\u00bbfooter\u00a0\u00bb:\u00a0\u00bbhttps:\/\/www.leparisien.fr\/\u00a0\u00bb,\u00a0\u00bbmobile-menu-sections-list\u00a0\u00bb:\u00a0\u00bbhttps:\/\/www.leparisien.fr\/\u00a0\u00bb,\u00a0\u00bbsurfooter\u00a0\u00bb:\u00a0\u00bbhttps:\/\/www.leparisien.fr\/\u00a0\u00bb},\u00a0\u00bborder\u00a0\u00bb:{\u00ab\u00a0Websked-plans\u00a0\u00bb:1016,\u00a0\u00bbdefault\u00a0\u00bb:1010,\u00a0\u00bbburger-menu\u00a0\u00bb:2005,\u00a0\u00bbmenu\u00a0\u00bb:1014,\u00a0\u00bbMaillage_SEO_Surfooter\u00a0\u00bb:1076,\u00a0\u00bbsub-nav\u00a0\u00bb:1016,\u00a0\u00bbfooter\u00a0\u00bb:1009,\u00a0\u00bbmobile-menu-sections-list\u00a0\u00bb:1009,\u00a0\u00bbsurfooter\u00a0\u00bb:1009},\u00a0\u00bbGoogle Analytics\u00a0\u00bb:{\u00ab\u00a0ga_name_level_1&Prime;:\u00a0\u00bbmeteo\u00a0\u00bb,\u00a0\u00bbga_name_level_2&Prime;:null,\u00a0\u00bbga_name_level_3&Prime;:null},\u00a0\u00bbMobile\u00a0\u00bb:{\u00ab\u00a0label\u00a0\u00bb:null,\u00a0\u00bbxtpage\u00a0\u00bb:null},\u00a0\u00bbNewsletter\u00a0\u00bb:{\u00ab\u00a0module_message\u00a0\u00bb:null,\u00a0\u00bbnewsletter_name\u00a0\u00bb:\u00a0\u00bbL&rsquo;Essentiel de l&rsquo;actu\u00a0\u00bb,\u00a0\u00bbnewsletter_optin\u00a0\u00bb:\u00a0\u00bb{\\\u00a0\u00bboptin_newsletter\\\u00a0\u00bb:1}\u00a0\u00bb},\u00a0\u00bbSponsor\u00a0\u00bb:{\u00ab\u00a0collection_id_for_pinned_content\u00a0\u00bb:\u00a0\u00bbHALPYGG7M5FNVD5C3NHQ3V3O2A\u00a0\u00bb,\u00a0\u00bbsponsor_logo_url\u00a0\u00bb:null,\u00a0\u00bbsponsor_message\u00a0\u00bb:null,\u00a0\u00bbsponsor_name\u00a0\u00bb:null,\u00a0\u00bbsponsor_type\u00a0\u00bb:null},\u00a0\u00bb_admin\u00a0\u00bb:{\u00ab\u00a0alias_ids\u00a0\u00bb:[\u00ab\u00a0\/meteo\u00a0\u00bb],\u00a0\u00bbcommercial_node\u00a0\u00bb:null,\u00a0\u00bbdefault_content\u00a0\u00bb:null,\u00a0\u00bbdo_not_show_on_site\u00a0\u00bb:null,\u00a0\u00bbtracking_node\u00a0\u00bb:null},\u00a0\u00bbin_the_news\u00a0\u00bb:{\u00ab\u00a0in_the_news_usebasepage\u00a0\u00bb:\u00a0\u00bb\/in-the-news-forsections\/\u00a0\u00bb,\u00a0\u00bbin_the_news_usefeature\u00a0\u00bb:null,\u00a0\u00bbin_the_news_usesectionbar\u00a0\u00bb:\u00a0\u00bbfalse\u00a0\u00bb},\u00a0\u00bbnavigation\u00a0\u00bb:{\u00ab\u00a0display_in_top_strip\u00a0\u00bb:null,\u00a0\u00bbnav_display\u00a0\u00bb:null,\u00a0\u00bbnav_title\u00a0\u00bb:null},\u00a0\u00bbsite\u00a0\u00bb:{\u00ab\u00a0amp_deactivated\u00a0\u00bb:\u00a0\u00bbfalse\u00a0\u00bb,\u00a0\u00bbnative_app_rendering\u00a0\u00bb:null,\u00a0\u00bbpagebuilder_path_for_native_apps\u00a0\u00bb:null,\u00a0\u00bbpaywall_deactivated\u00a0\u00bb:\u00a0\u00bbfalse\u00a0\u00bb,\u00a0\u00bbsection_show_videos\u00a0\u00bb:\u00a0\u00bbtrue\u00a0\u00bb,\u00a0\u00bbsite_about\u00a0\u00bb:null,\u00a0\u00bbsite_description\u00a0\u00bb:\u00a0\u00bbObservations en temps r\u00e9el et pr\u00e9visions m\u00e9t\u00e9o \u00e0 5 jours &#8211; Le temps \u00e0 Paris, Bordeaux, Marseille, Lille\u2026 Suivez toute la m\u00e9t\u00e9o en France et en Europe sur leParisien.fr\u00a0\u00bb,\u00a0\u00bbsite_keywords\u00a0\u00bb:null,\u00a0\u00bbsite_tagline\u00a0\u00bb:null,\u00a0\u00bbsite_title\u00a0\u00bb:\u00a0\u00bbActualit\u00e9s et pr\u00e9visions m\u00e9t\u00e9o \u00e0 7 jours Paris et IDF &#8211; Le Parisien M\u00e9t\u00e9o\u00a0\u00bb,\u00a0\u00bbsite_url\u00a0\u00bb:null},\u00a0\u00bbsocial\u00a0\u00bb:{\u00ab\u00a0archives\u00a0\u00bb:null,\u00a0\u00bbfacebook\u00a0\u00bb:null,\u00a0\u00bbrss\u00a0\u00bb:null,\u00a0\u00bbtwitter\u00a0\u00bb:null},\u00a0\u00bbstory_list\u00a0\u00bb:{\u00ab\u00a0story_list_content\u00a0\u00bb:{}},\u00a0\u00bbnode_type\u00a0\u00bb:\u00a0\u00bbsection\u00a0\u00bb}},\u00a0\u00bb_website_section_id\u00a0\u00bb:\u00a0\u00bbleparisien.\/meteo\u00a0\u00bb},{\u00ab\u00a0_id\u00a0\u00bb:\u00a0\u00bb\/oise-60&Prime;,\u00a0\u00bb_website\u00a0\u00bb:\u00a0\u00bbleparisien\u00a0\u00bb,\u00a0\u00bbtype\u00a0\u00bb:\u00a0\u00bbsection\u00a0\u00bb,\u00a0\u00bbversion\u00a0\u00bb:\u00a0\u00bb0.6.0&Prime;,\u00a0\u00bbname\u00a0\u00bb:\u00a0\u00bbOise\u00a0\u00bb,\u00a0\u00bbdescription\u00a0\u00bb:\u00a0\u00bbSuivez l&rsquo;actualit\u00e9 dans votre ville dans l&rsquo;Oise en direct et en vid\u00e9o sur le Parisien.fr\u00a0\u00bb,\u00a0\u00bbpath\u00a0\u00bb:\u00a0\u00bb\/oise-60&Prime;,\u00a0\u00bbparent_id\u00a0\u00bb:\u00a0\u00bb\/info-paris-ile-de-france-oise\u00a0\u00bb,\u00a0\u00bbparent\u00a0\u00bb:{\u00ab\u00a0default\u00a0\u00bb:\u00a0\u00bb\/info-paris-ile-de-france-oise\u00a0\u00bb},\u00a0\u00bbadditional_properties\u00a0\u00bb:{\u00ab\u00a0original\u00a0\u00bb:{\u00ab\u00a0_id\u00a0\u00bb:\u00a0\u00bb\/oise-60&Prime;,\u00a0\u00bb_website\u00a0\u00bb:\u00a0\u00bbleparisien\u00a0\u00bb,\u00a0\u00bbname\u00a0\u00bb:\u00a0\u00bbOise\u00a0\u00bb,\u00a0\u00bbinactive\u00a0\u00bb:false,\u00a0\u00bbancestors\u00a0\u00bb:{\u00ab\u00a0burger-menu\u00a0\u00bb:[\u00ab\u00a0https:\/\/www.leparisien.fr\/\u00a0\u00bb,\u00a0\u00bb\/info-paris-ile-de-france-oise\u00a0\u00bb],\u00a0\u00bbnavbar\u00a0\u00bb:[\u00ab\u00a0https:\/\/www.leparisien.fr\/\u00a0\u00bb,\u00a0\u00bb\/info-paris-ile-de-france-oise\u00a0\u00bb],\u00a0\u00bbsub-nav\u00a0\u00bb:[\u00ab\u00a0\/info-paris-ile-de-france-oise\u00a0\u00bb],\u00a0\u00bbWebsked-plans\u00a0\u00bb:[\u00ab\u00a0https:\/\/www.leparisien.fr\/\u00a0\u00bb],\u00a0\u00bbburger-menu-etudiant\u00a0\u00bb:[],\u00a0\u00bbnav\u00a0\u00bb:[\u00ab\u00a0\/info-paris-ile-de-france-oise\u00a0\u00bb,\u00a0\u00bbhttps:\/\/www.leparisien.fr\/\u00a0\u00bb],\u00a0\u00bbmenu\u00a0\u00bb:[\u00ab\u00a0\/info-paris-ile-de-france-oise\u00a0\u00bb,\u00a0\u00bbhttps:\/\/www.leparisien.fr\/\u00a0\u00bb],\u00a0\u00bbfooter\u00a0\u00bb:[\u00ab\u00a0https:\/\/www.leparisien.fr\/\u00a0\u00bb],\u00a0\u00bbmobile-menu-districts\u00a0\u00bb:[\u00ab\u00a0https:\/\/www.leparisien.fr\/\u00a0\u00bb],\u00a0\u00bbsurfooter\u00a0\u00bb:[\u00ab\u00a0https:\/\/www.leparisien.fr\/\u00a0\u00bb]},\u00a0\u00bbparent\u00a0\u00bb:{\u00ab\u00a0default\u00a0\u00bb:\u00a0\u00bb\/info-paris-ile-de-france-oise\u00a0\u00bb,\u00a0\u00bbburger-menu\u00a0\u00bb:\u00a0\u00bb\/info-paris-ile-de-france-oise\u00a0\u00bb,\u00a0\u00bbnavbar\u00a0\u00bb:\u00a0\u00bb\/info-paris-ile-de-france-oise\u00a0\u00bb,\u00a0\u00bbsub-nav\u00a0\u00bb:\u00a0\u00bb\/info-paris-ile-de-france-oise\u00a0\u00bb,\u00a0\u00bbWebsked-plans\u00a0\u00bb:\u00a0\u00bbhttps:\/\/www.leparisien.fr\/\u00a0\u00bb,\u00a0\u00bbburger-menu-etudiant\u00a0\u00bb:null,\u00a0\u00bbnav\u00a0\u00bb:\u00a0\u00bb\/info-paris-ile-de-france-oise\u00a0\u00bb,\u00a0\u00bbmenu\u00a0\u00bb:\u00a0\u00bb\/info-paris-ile-de-france-oise\u00a0\u00bb,\u00a0\u00bbMaillage_SEO_Surfooter\u00a0\u00bb:\u00a0\u00bb\/info-paris-ile-de-france-oise\u00a0\u00bb,\u00a0\u00bbfooter\u00a0\u00bb:\u00a0\u00bbhttps:\/\/www.leparisien.fr\/\u00a0\u00bb,\u00a0\u00bbmobile-menu-districts\u00a0\u00bb:\u00a0\u00bbhttps:\/\/www.leparisien.fr\/\u00a0\u00bb,\u00a0\u00bbsurfooter\u00a0\u00bb:\u00a0\u00bbhttps:\/\/www.leparisien.fr\/\u00a0\u00bb},\u00a0\u00bborder\u00a0\u00bb:{\u00ab\u00a0default\u00a0\u00bb:2011,\u00a0\u00bbburger-menu\u00a0\u00bb:2009,\u00a0\u00bbnavbar\u00a0\u00bb:2009,\u00a0\u00bbsub-nav\u00a0\u00bb:2004,\u00a0\u00bbWebsked-plans\u00a0\u00bb:1031,\u00a0\u00bbnav\u00a0\u00bb:2009,\u00a0\u00bbmenu\u00a0\u00bb:2009,\u00a0\u00bbMaillage_SEO_Surfooter\u00a0\u00bb:2011,\u00a0\u00bbfooter\u00a0\u00bb:1008,\u00a0\u00bbmobile-menu-districts\u00a0\u00bb:1009,\u00a0\u00bbsurfooter\u00a0\u00bb:1008},\u00a0\u00bbGoogle Analytics\u00a0\u00bb:{\u00ab\u00a0ga_name_level_1&Prime;:\u00a0\u00bbma-ville\u00a0\u00bb,\u00a0\u00bbga_name_level_2&Prime;:\u00a0\u00bboise\u00a0\u00bb},\u00a0\u00bbMobile\u00a0\u00bb:{\u00ab\u00a0alternative_subtitle\u00a0\u00bb:\u00a0\u00bbOise\u00a0\u00bb,\u00a0\u00bbalternative_title\u00a0\u00bb:\u00a0\u00bb60&Prime;,\u00a0\u00bbbackground_image_section\u00a0\u00bb:\u00a0\u00bbhttps:\/\/assets.leparisien.fr\/mobile\/images\/search-menu\/60-oise.png\u00a0\u00bb},\u00a0\u00bbNewsletter\u00a0\u00bb:{\u00ab\u00a0module_message\u00a0\u00bb:\u00a0\u00bbChaque matin, l&rsquo;actualit\u00e9 de votre d\u00e9partement vue par Le Parisien\u00a0\u00bb,\u00a0\u00bbnewsletter_color\u00a0\u00bb:\u00a0\u00bb#1EA0E6&Prime;,\u00a0\u00bbnewsletter_image\u00a0\u00bb:\u00a0\u00bbnewsletter-oise-logo.png\u00a0\u00bb,\u00a0\u00bbnewsletter_label\u00a0\u00bb:\u00a0\u00bbL&rsquo;essentiel du 60&Prime;,\u00a0\u00bbnewsletter_name\u00a0\u00bb:\u00a0\u00bbNewsletter Oise\u00a0\u00bb,\u00a0\u00bbnewsletter_optin\u00a0\u00bb:\u00a0\u00bboptin_newsletter_thematique_oise\u00a0\u00bb,\u00a0\u00bbnewsletter_slug\u00a0\u00bb:\u00a0\u00bboise\u00a0\u00bb,\u00a0\u00bbnewsletter_title\u00a0\u00bb:\u00a0\u00bbUn tour de l&rsquo;actualit\u00e9 de l&rsquo;Oise et de l&rsquo;IDF\u00a0\u00bb},\u00a0\u00bbSponsor\u00a0\u00bb:{\u00ab\u00a0collection_id_for_pinned_content\u00a0\u00bb:\u00a0\u00bbPBSCZUEYOZDZHEOQVFYB3W55VA\u00a0\u00bb},\u00a0\u00bb_admin\u00a0\u00bb:{\u00ab\u00a0alias_ids\u00a0\u00bb:[]},\u00a0\u00bbheader\u00a0\u00bb:{\u00ab\u00a0title_logo_size_mobile\u00a0\u00bb:\u00a0\u00bb10X10&Prime;},\u00a0\u00bbsite\u00a0\u00bb:{\u00ab\u00a0section_type\u00a0\u00bb:\u00a0\u00bbevent-light\u00a0\u00bb,\u00a0\u00bbsite_description\u00a0\u00bb:\u00a0\u00bbSuivez l&rsquo;actualit\u00e9 dans votre ville dans l&rsquo;Oise en direct et en vid\u00e9o sur le Parisien.fr\u00a0\u00bb,\u00a0\u00bbsite_title\u00a0\u00bb:\u00a0\u00bbActualit\u00e9s Oise 60 &#8211; Infos Oise 60 &#8211; Info locale &#8211; Le Parisien\u00a0\u00bb},\u00a0\u00bbstory_list\u00a0\u00bb:{\u00ab\u00a0story_list_content\u00a0\u00bb:{}},\u00a0\u00bbnode_type\u00a0\u00bb:\u00a0\u00bbsection\u00a0\u00bb}},\u00a0\u00bb_website_section_id\u00a0\u00bb:\u00a0\u00bbleparisien.\/oise-60&Prime;},{\u00ab\u00a0_id\u00a0\u00bb:\u00a0\u00bb\/seine-et-marne-77&Prime;,\u00a0\u00bb_website\u00a0\u00bb:\u00a0\u00bbleparisien\u00a0\u00bb,\u00a0\u00bbtype\u00a0\u00bb:\u00a0\u00bbsection\u00a0\u00bb,\u00a0\u00bbversion\u00a0\u00bb:\u00a0\u00bb0.6.0&Prime;,\u00a0\u00bbname\u00a0\u00bb:\u00a0\u00bbSeine-et-Marne\u00a0\u00bb,\u00a0\u00bbdescription\u00a0\u00bb:\u00a0\u00bbSuivez l&rsquo;actualit\u00e9 dans votre ville en Seine-et-Marne en direct et en vid\u00e9o sur le Parisien.fr\u00a0\u00bb,\u00a0\u00bbpath\u00a0\u00bb:\u00a0\u00bb\/seine-et-marne-77&Prime;,\u00a0\u00bbparent_id\u00a0\u00bb:\u00a0\u00bb\/info-paris-ile-de-france-oise\u00a0\u00bb,\u00a0\u00bbparent\u00a0\u00bb:{\u00ab\u00a0default\u00a0\u00bb:\u00a0\u00bb\/info-paris-ile-de-france-oise\u00a0\u00bb},\u00a0\u00bbadditional_properties\u00a0\u00bb:{\u00ab\u00a0original\u00a0\u00bb:{\u00ab\u00a0_id\u00a0\u00bb:\u00a0\u00bb\/seine-et-marne-77&Prime;,\u00a0\u00bb_website\u00a0\u00bb:\u00a0\u00bbleparisien\u00a0\u00bb,\u00a0\u00bbname\u00a0\u00bb:\u00a0\u00bbSeine-et-Marne\u00a0\u00bb,\u00a0\u00bbinactive\u00a0\u00bb:false,\u00a0\u00bbancestors\u00a0\u00bb:{\u00ab\u00a0burger-menu\u00a0\u00bb:[\u00ab\u00a0https:\/\/www.leparisien.fr\/\u00a0\u00bb,\u00a0\u00bb\/info-paris-ile-de-france-oise\u00a0\u00bb],\u00a0\u00bbnavbar\u00a0\u00bb:[\u00ab\u00a0https:\/\/www.leparisien.fr\/\u00a0\u00bb,\u00a0\u00bb\/info-paris-ile-de-france-oise\u00a0\u00bb],\u00a0\u00bbsub-nav\u00a0\u00bb:[\u00ab\u00a0\/info-paris-ile-de-france-oise\u00a0\u00bb],\u00a0\u00bbWebsked-plans\u00a0\u00bb:[\u00ab\u00a0https:\/\/www.leparisien.fr\/\u00a0\u00bb],\u00a0\u00bbnav\u00a0\u00bb:[\u00ab\u00a0\/info-paris-ile-de-france-oise\u00a0\u00bb,\u00a0\u00bbhttps:\/\/www.leparisien.fr\/\u00a0\u00bb],\u00a0\u00bbmenu\u00a0\u00bb:[\u00ab\u00a0\/info-paris-ile-de-france-oise\u00a0\u00bb,\u00a0\u00bbhttps:\/\/www.leparisien.fr\/\u00a0\u00bb],\u00a0\u00bbfooter\u00a0\u00bb:[\u00ab\u00a0https:\/\/www.leparisien.fr\/\u00a0\u00bb],\u00a0\u00bbmobile-menu-districts\u00a0\u00bb:[\u00ab\u00a0https:\/\/www.leparisien.fr\/\u00a0\u00bb],\u00a0\u00bbsurfooter\u00a0\u00bb:[\u00ab\u00a0https:\/\/www.leparisien.fr\/\u00a0\u00bb]},\u00a0\u00bbparent\u00a0\u00bb:{\u00ab\u00a0default\u00a0\u00bb:\u00a0\u00bb\/info-paris-ile-de-france-oise\u00a0\u00bb,\u00a0\u00bbburger-menu\u00a0\u00bb:\u00a0\u00bb\/info-paris-ile-de-france-oise\u00a0\u00bb,\u00a0\u00bbnavbar\u00a0\u00bb:\u00a0\u00bb\/info-paris-ile-de-france-oise\u00a0\u00bb,\u00a0\u00bbsub-nav\u00a0\u00bb:\u00a0\u00bb\/info-paris-ile-de-france-oise\u00a0\u00bb,\u00a0\u00bbWebsked-plans\u00a0\u00bb:\u00a0\u00bbhttps:\/\/www.leparisien.fr\/\u00a0\u00bb,\u00a0\u00bbnav\u00a0\u00bb:\u00a0\u00bb\/info-paris-ile-de-france-oise\u00a0\u00bb,\u00a0\u00bbmenu\u00a0\u00bb:\u00a0\u00bb\/info-paris-ile-de-france-oise\u00a0\u00bb,\u00a0\u00bbMaillage_SEO_Surfooter\u00a0\u00bb:\u00a0\u00bb\/info-paris-ile-de-france-oise\u00a0\u00bb,\u00a0\u00bbfooter\u00a0\u00bb:\u00a0\u00bbhttps:\/\/www.leparisien.fr\/\u00a0\u00bb,\u00a0\u00bbmobile-menu-districts\u00a0\u00bb:\u00a0\u00bbhttps:\/\/www.leparisien.fr\/\u00a0\u00bb,\u00a0\u00bbsurfooter\u00a0\u00bb:\u00a0\u00bbhttps:\/\/www.leparisien.fr\/\u00a0\u00bb},\u00a0\u00bborder\u00a0\u00bb:{\u00ab\u00a0default\u00a0\u00bb:2006,\u00a0\u00bbburger-menu\u00a0\u00bb:2007,\u00a0\u00bbnavbar\u00a0\u00bb:2006,\u00a0\u00bbsub-nav\u00a0\u00bb:2005,\u00a0\u00bbWebsked-plans\u00a0\u00bb:1026,\u00a0\u00bbnav\u00a0\u00bb:2007,\u00a0\u00bbmenu\u00a0\u00bb:2007,\u00a0\u00bbMaillage_SEO_Surfooter\u00a0\u00bb:2006,\u00a0\u00bbfooter\u00a0\u00bb:1007,\u00a0\u00bbmobile-menu-districts\u00a0\u00bb:1007,\u00a0\u00bbsurfooter\u00a0\u00bb:1007},\u00a0\u00bbGoogle Analytics\u00a0\u00bb:{\u00ab\u00a0ga_name_level_1&Prime;:\u00a0\u00bbma-ville\u00a0\u00bb,\u00a0\u00bbga_name_level_2&Prime;:\u00a0\u00bbseine-et-marne\u00a0\u00bb},\u00a0\u00bbMobile\u00a0\u00bb:{\u00ab\u00a0alternative_subtitle\u00a0\u00bb:\u00a0\u00bbSeine-et-Marne\u00a0\u00bb,\u00a0\u00bbalternative_title\u00a0\u00bb:\u00a0\u00bb77&Prime;,\u00a0\u00bbbackground_image_section\u00a0\u00bb:\u00a0\u00bbhttps:\/\/assets.leparisien.fr\/mobile\/images\/search-menu\/77-seine-et-marne.png\u00a0\u00bb},\u00a0\u00bbNewsletter\u00a0\u00bb:{\u00ab\u00a0module_message\u00a0\u00bb:\u00a0\u00bbChaque matin, l&rsquo;actualit\u00e9 de votre d\u00e9partement vue par Le Parisien\u00a0\u00bb,\u00a0\u00bbnewsletter_color\u00a0\u00bb:\u00a0\u00bb#1EA0E6&Prime;,\u00a0\u00bbnewsletter_image\u00a0\u00bb:\u00a0\u00bbnewsletter-seineetmarne-logo.png\u00a0\u00bb,\u00a0\u00bbnewsletter_label\u00a0\u00bb:\u00a0\u00bbL&rsquo;essentiel du 77&Prime;,\u00a0\u00bbnewsletter_name\u00a0\u00bb:\u00a0\u00bbNewsletter Seine-et-Marne\u00a0\u00bb,\u00a0\u00bbnewsletter_optin\u00a0\u00bb:\u00a0\u00bboptin_newsletter_thematique_seine_et_marne\u00a0\u00bb,\u00a0\u00bbnewsletter_slug\u00a0\u00bb:\u00a0\u00bbseineetmarne\u00a0\u00bb,\u00a0\u00bbnewsletter_title\u00a0\u00bb:\u00a0\u00bbUn tour de l&rsquo;actualit\u00e9 de la Seine-et-Marne et de l&rsquo;IDF\u00a0\u00bb},\u00a0\u00bbSponsor\u00a0\u00bb:{\u00ab\u00a0collection_id_for_pinned_content\u00a0\u00bb:\u00a0\u00bbJI2FP5Z3IZBC3ED4STQG5U7AHM\u00a0\u00bb},\u00a0\u00bb_admin\u00a0\u00bb:{\u00ab\u00a0alias_ids\u00a0\u00bb:[]},\u00a0\u00bbheader\u00a0\u00bb:{\u00ab\u00a0title_logo_size_mobile\u00a0\u00bb:\u00a0\u00bb10X10&Prime;},\u00a0\u00bbsite\u00a0\u00bb:{\u00ab\u00a0section_type\u00a0\u00bb:\u00a0\u00bbevent-light\u00a0\u00bb,\u00a0\u00bbsite_description\u00a0\u00bb:\u00a0\u00bbSuivez l&rsquo;actualit\u00e9 dans votre ville en Seine-et-Marne en direct et en vid\u00e9o sur le Parisien.fr\u00a0\u00bb,\u00a0\u00bbsite_title\u00a0\u00bb:\u00a0\u00bbActualit\u00e9s Seine et Marne 77 &#8211; Infos Seine et Marne 77 &#8211; Info locale &#8211; Le Parisien\u00a0\u00bb},\u00a0\u00bbstory_list\u00a0\u00bb:{\u00ab\u00a0story_list_content\u00a0\u00bb:{}},\u00a0\u00bbnode_type\u00a0\u00bb:\u00a0\u00bbsection\u00a0\u00bb}},\u00a0\u00bb_website_section_id\u00a0\u00bb:\u00a0\u00bbleparisien.\/seine-et-marne-77&Prime;},{\u00ab\u00a0_id\u00a0\u00bb:\u00a0\u00bb\/val-de-marne-94&Prime;,\u00a0\u00bb_website\u00a0\u00bb:\u00a0\u00bbleparisien\u00a0\u00bb,\u00a0\u00bbtype\u00a0\u00bb:\u00a0\u00bbsection\u00a0\u00bb,\u00a0\u00bbversion\u00a0\u00bb:\u00a0\u00bb0.6.0&Prime;,\u00a0\u00bbname\u00a0\u00bb:\u00a0\u00bbVal-de-Marne\u00a0\u00bb,\u00a0\u00bbdescription\u00a0\u00bb:\u00a0\u00bbSuivez l&rsquo;actualit\u00e9 dans votre ville du Val-de-Marne en direct et en vid\u00e9o sur le Parisien.fr\u00a0\u00bb,\u00a0\u00bbpath\u00a0\u00bb:\u00a0\u00bb\/val-de-marne-94&Prime;,\u00a0\u00bbparent_id\u00a0\u00bb:\u00a0\u00bb\/info-paris-ile-de-france-oise\u00a0\u00bb,\u00a0\u00bbparent\u00a0\u00bb:{\u00ab\u00a0default\u00a0\u00bb:\u00a0\u00bb\/info-paris-ile-de-france-oise\u00a0\u00bb},\u00a0\u00bbadditional_properties\u00a0\u00bb:{\u00ab\u00a0original\u00a0\u00bb:{\u00ab\u00a0_id\u00a0\u00bb:\u00a0\u00bb\/val-de-marne-94&Prime;,\u00a0\u00bb_website\u00a0\u00bb:\u00a0\u00bbleparisien\u00a0\u00bb,\u00a0\u00bbname\u00a0\u00bb:\u00a0\u00bbVal-de-Marne\u00a0\u00bb,\u00a0\u00bbinactive\u00a0\u00bb:false,\u00a0\u00bbancestors\u00a0\u00bb:{\u00ab\u00a0burger-menu\u00a0\u00bb:[\u00ab\u00a0https:\/\/www.leparisien.fr\/\u00a0\u00bb,\u00a0\u00bb\/info-paris-ile-de-france-oise\u00a0\u00bb],\u00a0\u00bbnavbar\u00a0\u00bb:[\u00ab\u00a0https:\/\/www.leparisien.fr\/\u00a0\u00bb,\u00a0\u00bb\/info-paris-ile-de-france-oise\u00a0\u00bb],\u00a0\u00bbWebsked-plans\u00a0\u00bb:[\u00ab\u00a0https:\/\/www.leparisien.fr\/\u00a0\u00bb],\u00a0\u00bbburger-menu-etudiant\u00a0\u00bb:[],\u00a0\u00bbnav\u00a0\u00bb:[\u00ab\u00a0\/info-paris-ile-de-france-oise\u00a0\u00bb,\u00a0\u00bbhttps:\/\/www.leparisien.fr\/\u00a0\u00bb],\u00a0\u00bbmenu\u00a0\u00bb:[\u00ab\u00a0\/info-paris-ile-de-france-oise\u00a0\u00bb,\u00a0\u00bbhttps:\/\/www.leparisien.fr\/\u00a0\u00bb],\u00a0\u00bbfooter\u00a0\u00bb:[\u00ab\u00a0https:\/\/www.leparisien.fr\/\u00a0\u00bb],\u00a0\u00bbmobile-menu-districts\u00a0\u00bb:[\u00ab\u00a0https:\/\/www.leparisien.fr\/\u00a0\u00bb],\u00a0\u00bbsurfooter\u00a0\u00bb:[\u00ab\u00a0https:\/\/www.leparisien.fr\/\u00a0\u00bb]},\u00a0\u00bbparent\u00a0\u00bb:{\u00ab\u00a0default\u00a0\u00bb:\u00a0\u00bb\/info-paris-ile-de-france-oise\u00a0\u00bb,\u00a0\u00bbburger-menu\u00a0\u00bb:\u00a0\u00bb\/info-paris-ile-de-france-oise\u00a0\u00bb,\u00a0\u00bbnavbar\u00a0\u00bb:\u00a0\u00bb\/info-paris-ile-de-france-oise\u00a0\u00bb,\u00a0\u00bbsub-nav\u00a0\u00bb:\u00a0\u00bb\/info-paris-ile-de-france-oise\u00a0\u00bb,\u00a0\u00bbWebsked-plans\u00a0\u00bb:\u00a0\u00bbhttps:\/\/www.leparisien.fr\/\u00a0\u00bb,\u00a0\u00bbburger-menu-etudiant\u00a0\u00bb:null,\u00a0\u00bbnav\u00a0\u00bb:\u00a0\u00bb\/info-paris-ile-de-france-oise\u00a0\u00bb,\u00a0\u00bbmenu\u00a0\u00bb:\u00a0\u00bb\/info-paris-ile-de-france-oise\u00a0\u00bb,\u00a0\u00bbMaillage_SEO_Surfooter\u00a0\u00bb:\u00a0\u00bb\/info-paris-ile-de-france-oise\u00a0\u00bb,\u00a0\u00bbfooter\u00a0\u00bb:\u00a0\u00bbhttps:\/\/www.leparisien.fr\/\u00a0\u00bb,\u00a0\u00bbmobile-menu-districts\u00a0\u00bb:\u00a0\u00bbhttps:\/\/www.leparisien.fr\/\u00a0\u00bb,\u00a0\u00bbsurfooter\u00a0\u00bb:\u00a0\u00bbhttps:\/\/www.leparisien.fr\/\u00a0\u00bb},\u00a0\u00bborder\u00a0\u00bb:{\u00ab\u00a0default\u00a0\u00bb:2004,\u00a0\u00bbburger-menu\u00a0\u00bb:2006,\u00a0\u00bbnavbar\u00a0\u00bb:2004,\u00a0\u00bbsub-nav\u00a0\u00bb:2007,\u00a0\u00bbWebsked-plans\u00a0\u00bb:1030,\u00a0\u00bbnav\u00a0\u00bb:2005,\u00a0\u00bbmenu\u00a0\u00bb:2006,\u00a0\u00bbMaillage_SEO_Surfooter\u00a0\u00bb:2004,\u00a0\u00bbfooter\u00a0\u00bb:1002,\u00a0\u00bbmobile-menu-districts\u00a0\u00bb:1005,\u00a0\u00bbsurfooter\u00a0\u00bb:1002},\u00a0\u00bbGoogle Analytics\u00a0\u00bb:{\u00ab\u00a0ga_name_level_1&Prime;:\u00a0\u00bbma-ville\u00a0\u00bb,\u00a0\u00bbga_name_level_2&Prime;:\u00a0\u00bbval-de-marne\u00a0\u00bb},\u00a0\u00bbMobile\u00a0\u00bb:{\u00ab\u00a0alternative_subtitle\u00a0\u00bb:\u00a0\u00bbVal-de-Marne\u00a0\u00bb,\u00a0\u00bbalternative_title\u00a0\u00bb:\u00a0\u00bb94&Prime;,\u00a0\u00bbbackground_image_section\u00a0\u00bb:\u00a0\u00bbhttps:\/\/assets.leparisien.fr\/mobile\/images\/search-menu\/94-val-de-marne.png\u00a0\u00bb},\u00a0\u00bbNewsletter\u00a0\u00bb:{\u00ab\u00a0module_message\u00a0\u00bb:\u00a0\u00bbChaque matin, l&rsquo;actualit\u00e9 de votre d\u00e9partement vue par Le Parisien\u00a0\u00bb,\u00a0\u00bbnewsletter_color\u00a0\u00bb:\u00a0\u00bb#1EA0E6&Prime;,\u00a0\u00bbnewsletter_image\u00a0\u00bb:\u00a0\u00bbnewsletter-valdemarne-logo.png\u00a0\u00bb,\u00a0\u00bbnewsletter_label\u00a0\u00bb:\u00a0\u00bbL&rsquo;essentiel du 94&Prime;,\u00a0\u00bbnewsletter_name\u00a0\u00bb:\u00a0\u00bbNewsletter Val-de-Marne\u00a0\u00bb,\u00a0\u00bbnewsletter_optin\u00a0\u00bb:\u00a0\u00bboptin_newsletter_thematique_val_de_marne\u00a0\u00bb,\u00a0\u00bbnewsletter_slug\u00a0\u00bb:\u00a0\u00bbvaldemarne\u00a0\u00bb,\u00a0\u00bbnewsletter_title\u00a0\u00bb:\u00a0\u00bbUn tour de l&rsquo;actualit\u00e9 du Val-de-Marne et de l&rsquo;IDF\u00a0\u00bb},\u00a0\u00bb_admin\u00a0\u00bb:{\u00ab\u00a0alias_ids\u00a0\u00bb:[]},\u00a0\u00bbheader\u00a0\u00bb:{\u00ab\u00a0title_logo_size_mobile\u00a0\u00bb:\u00a0\u00bb10X10&Prime;},\u00a0\u00bbsite\u00a0\u00bb:{\u00ab\u00a0section_type\u00a0\u00bb:\u00a0\u00bbevent-light\u00a0\u00bb,\u00a0\u00bbsite_description\u00a0\u00bb:\u00a0\u00bbSuivez l&rsquo;actualit\u00e9 dans votre ville du Val-de-Marne en direct et en vid\u00e9o sur le Parisien.fr\u00a0\u00bb,\u00a0\u00bbsite_title\u00a0\u00bb:\u00a0\u00bbActualit\u00e9s Val-de-Marne 94 &#8211; Infos Val-de-Marne 94 &#8211; Info locale &#8211; Le Parisien\u00a0\u00bb},\u00a0\u00bbstory_list\u00a0\u00bb:{\u00ab\u00a0story_list_content\u00a0\u00bb:{}},\u00a0\u00bbnode_type\u00a0\u00bb:\u00a0\u00bbsection\u00a0\u00bb}},\u00a0\u00bb_website_section_id\u00a0\u00bb:\u00a0\u00bbleparisien.\/val-de-marne-94&Prime;},{\u00ab\u00a0_id\u00a0\u00bb:\u00a0\u00bb\/hauts-de-seine-92&Prime;,\u00a0\u00bb_website\u00a0\u00bb:\u00a0\u00bbleparisien\u00a0\u00bb,\u00a0\u00bbtype\u00a0\u00bb:\u00a0\u00bbsection\u00a0\u00bb,\u00a0\u00bbversion\u00a0\u00bb:\u00a0\u00bb0.6.0&Prime;,\u00a0\u00bbname\u00a0\u00bb:\u00a0\u00bbHauts-de-Seine\u00a0\u00bb,\u00a0\u00bbdescription\u00a0\u00bb:\u00a0\u00bbSuivez l&rsquo;actualit\u00e9 dans votre ville des Hauts-de Seine en direct et en vid\u00e9o sur le Parisien.fr\u00a0\u00bb,\u00a0\u00bbpath\u00a0\u00bb:\u00a0\u00bb\/hauts-de-seine-92&Prime;,\u00a0\u00bbparent_id\u00a0\u00bb:\u00a0\u00bb\/info-paris-ile-de-france-oise\u00a0\u00bb,\u00a0\u00bbparent\u00a0\u00bb:{\u00ab\u00a0default\u00a0\u00bb:\u00a0\u00bb\/info-paris-ile-de-france-oise\u00a0\u00bb},\u00a0\u00bbadditional_properties\u00a0\u00bb:{\u00ab\u00a0original\u00a0\u00bb:{\u00ab\u00a0_id\u00a0\u00bb:\u00a0\u00bb\/hauts-de-seine-92&Prime;,\u00a0\u00bb_website\u00a0\u00bb:\u00a0\u00bbleparisien\u00a0\u00bb,\u00a0\u00bbname\u00a0\u00bb:\u00a0\u00bbHauts-de-Seine\u00a0\u00bb,\u00a0\u00bbinactive\u00a0\u00bb:false,\u00a0\u00bbancestors\u00a0\u00bb:{\u00ab\u00a0burger-menu\u00a0\u00bb:[\u00ab\u00a0https:\/\/www.leparisien.fr\/\u00a0\u00bb,\u00a0\u00bb\/info-paris-ile-de-france-oise\u00a0\u00bb],\u00a0\u00bbnavbar\u00a0\u00bb:[\u00ab\u00a0https:\/\/www.leparisien.fr\/\u00a0\u00bb,\u00a0\u00bb\/info-paris-ile-de-france-oise\u00a0\u00bb],\u00a0\u00bbWebsked-plans\u00a0\u00bb:[\u00ab\u00a0https:\/\/www.leparisien.fr\/\u00a0\u00bb],\u00a0\u00bbnav\u00a0\u00bb:[\u00ab\u00a0\/info-paris-ile-de-france-oise\u00a0\u00bb,\u00a0\u00bbhttps:\/\/www.leparisien.fr\/\u00a0\u00bb],\u00a0\u00bbmenu\u00a0\u00bb:[\u00ab\u00a0\/info-paris-ile-de-france-oise\u00a0\u00bb,\u00a0\u00bbhttps:\/\/www.leparisien.fr\/\u00a0\u00bb],\u00a0\u00bbfooter\u00a0\u00bb:[\u00ab\u00a0https:\/\/www.leparisien.fr\/\u00a0\u00bb],\u00a0\u00bbmobile-menu-districts\u00a0\u00bb:[\u00ab\u00a0https:\/\/www.leparisien.fr\/\u00a0\u00bb],\u00a0\u00bbsurfooter\u00a0\u00bb:[\u00ab\u00a0https:\/\/www.leparisien.fr\/\u00a0\u00bb]},\u00a0\u00bbparent\u00a0\u00bb:{\u00ab\u00a0default\u00a0\u00bb:\u00a0\u00bb\/info-paris-ile-de-france-oise\u00a0\u00bb,\u00a0\u00bbburger-menu\u00a0\u00bb:\u00a0\u00bb\/info-paris-ile-de-france-oise\u00a0\u00bb,\u00a0\u00bbnavbar\u00a0\u00bb:\u00a0\u00bb\/info-paris-ile-de-france-oise\u00a0\u00bb,\u00a0\u00bbsub-nav\u00a0\u00bb:\u00a0\u00bb\/info-paris-ile-de-france-oise\u00a0\u00bb,\u00a0\u00bbWebsked-plans\u00a0\u00bb:\u00a0\u00bbhttps:\/\/www.leparisien.fr\/\u00a0\u00bb,\u00a0\u00bbnav\u00a0\u00bb:\u00a0\u00bb\/info-paris-ile-de-france-oise\u00a0\u00bb,\u00a0\u00bbmenu\u00a0\u00bb:\u00a0\u00bb\/info-paris-ile-de-france-oise\u00a0\u00bb,\u00a0\u00bbMaillage_SEO_Surfooter\u00a0\u00bb:\u00a0\u00bb\/info-paris-ile-de-france-oise\u00a0\u00bb,\u00a0\u00bbfooter\u00a0\u00bb:\u00a0\u00bbhttps:\/\/www.leparisien.fr\/\u00a0\u00bb,\u00a0\u00bbmobile-menu-districts\u00a0\u00bb:\u00a0\u00bbhttps:\/\/www.leparisien.fr\/\u00a0\u00bb,\u00a0\u00bbsurfooter\u00a0\u00bb:\u00a0\u00bbhttps:\/\/www.leparisien.fr\/\u00a0\u00bb},\u00a0\u00bborder\u00a0\u00bb:{\u00ab\u00a0default\u00a0\u00bb:2002,\u00a0\u00bbburger-menu\u00a0\u00bb:2003,\u00a0\u00bbnavbar\u00a0\u00bb:2002,\u00a0\u00bbsub-nav\u00a0\u00bb:2003,\u00a0\u00bbWebsked-plans\u00a0\u00bb:1029,\u00a0\u00bbnav\u00a0\u00bb:2003,\u00a0\u00bbmenu\u00a0\u00bb:2003,\u00a0\u00bbMaillage_SEO_Surfooter\u00a0\u00bb:2002,\u00a0\u00bbfooter\u00a0\u00bb:1004,\u00a0\u00bbmobile-menu-districts\u00a0\u00bb:1003,\u00a0\u00bbsurfooter\u00a0\u00bb:1004},\u00a0\u00bbGoogle Analytics\u00a0\u00bb:{\u00ab\u00a0ga_name_level_1&Prime;:\u00a0\u00bbma-ville\u00a0\u00bb,\u00a0\u00bbga_name_level_2&Prime;:\u00a0\u00bbhauts-de-seine\u00a0\u00bb},\u00a0\u00bbMobile\u00a0\u00bb:{\u00ab\u00a0alternative_subtitle\u00a0\u00bb:\u00a0\u00bbHaut de seine\u00a0\u00bb,\u00a0\u00bbalternative_title\u00a0\u00bb:\u00a0\u00bb92&Prime;,\u00a0\u00bbbackground_image_section\u00a0\u00bb:\u00a0\u00bbhttps:\/\/assets.leparisien.fr\/mobile\/images\/search-menu\/92-haut-de-seine.png\u00a0\u00bb},\u00a0\u00bbNewsletter\u00a0\u00bb:{\u00ab\u00a0module_message\u00a0\u00bb:\u00a0\u00bbChaque matin, l&rsquo;actualit\u00e9 de votre d\u00e9partement vue par Le Parisien\u00a0\u00bb,\u00a0\u00bbnewsletter_color\u00a0\u00bb:\u00a0\u00bb#1EA0E6&Prime;,\u00a0\u00bbnewsletter_image\u00a0\u00bb:\u00a0\u00bbnewsletter-paris-logo.png\u00a0\u00bb,\u00a0\u00bbnewsletter_label\u00a0\u00bb:\u00a0\u00bbL&rsquo;essentiel du 92&Prime;,\u00a0\u00bbnewsletter_name\u00a0\u00bb:\u00a0\u00bbNewsletter Hauts-de-Seine\u00a0\u00bb,\u00a0\u00bbnewsletter_optin\u00a0\u00bb:\u00a0\u00bboptin_newsletter_thematique_hauts_de_seine\u00a0\u00bb,\u00a0\u00bbnewsletter_slug\u00a0\u00bb:\u00a0\u00bbhautsdeseine\u00a0\u00bb,\u00a0\u00bbnewsletter_title\u00a0\u00bb:\u00a0\u00bbUn tour de l&rsquo;actualit\u00e9 des Hauts-de-Seine et de l&rsquo;IDF\u00a0\u00bb},\u00a0\u00bbSponsor\u00a0\u00bb:{\u00ab\u00a0collection_id_for_pinned_content\u00a0\u00bb:\u00a0\u00bbNDUQ2ZHKC5GALEUO5MITVUU2VM\u00a0\u00bb},\u00a0\u00bb_admin\u00a0\u00bb:{\u00ab\u00a0alias_ids\u00a0\u00bb:[]},\u00a0\u00bbheader\u00a0\u00bb:{\u00ab\u00a0title_logo_size_mobile\u00a0\u00bb:\u00a0\u00bb10X10&Prime;},\u00a0\u00bbsite\u00a0\u00bb:{\u00ab\u00a0section_type\u00a0\u00bb:\u00a0\u00bbevent-light\u00a0\u00bb,\u00a0\u00bbsite_description\u00a0\u00bb:\u00a0\u00bbSuivez l&rsquo;actualit\u00e9 dans votre ville des Hauts-de Seine en direct et en vid\u00e9o sur le Parisien.fr\u00a0\u00bb,\u00a0\u00bbsite_title\u00a0\u00bb:\u00a0\u00bbHauts-de-Seine 92 l&rsquo;actualit\u00e9 locale du d\u00e9partement &#8211; Le Parisien\u00a0\u00bb},\u00a0\u00bbstory_list\u00a0\u00bb:{\u00ab\u00a0story_list_content\u00a0\u00bb:{}},\u00a0\u00bbnode_type\u00a0\u00bb:\u00a0\u00bbsection\u00a0\u00bb}},\u00a0\u00bb_website_section_id\u00a0\u00bb:\u00a0\u00bbleparisien.\/hauts-de-seine-92&Prime;},{\u00ab\u00a0_id\u00a0\u00bb:\u00a0\u00bb\/seine-saint-denis-93&Prime;,\u00a0\u00bb_website\u00a0\u00bb:\u00a0\u00bbleparisien\u00a0\u00bb,\u00a0\u00bbtype\u00a0\u00bb:\u00a0\u00bbsection\u00a0\u00bb,\u00a0\u00bbversion\u00a0\u00bb:\u00a0\u00bb0.6.0&Prime;,\u00a0\u00bbname\u00a0\u00bb:\u00a0\u00bbSeine-Saint-Denis\u00a0\u00bb,\u00a0\u00bbdescription\u00a0\u00bb:\u00a0\u00bbSuivez l&rsquo;actualit\u00e9 dans votre ville de Seine-Saint-Denis en direct et en vid\u00e9o sur le Parisien.fr\u00a0\u00bb,\u00a0\u00bbpath\u00a0\u00bb:\u00a0\u00bb\/seine-saint-denis-93&Prime;,\u00a0\u00bbparent_id\u00a0\u00bb:\u00a0\u00bb\/info-paris-ile-de-france-oise\u00a0\u00bb,\u00a0\u00bbparent\u00a0\u00bb:{\u00ab\u00a0default\u00a0\u00bb:\u00a0\u00bb\/info-paris-ile-de-france-oise\u00a0\u00bb},\u00a0\u00bbadditional_properties\u00a0\u00bb:{\u00ab\u00a0original\u00a0\u00bb:{\u00ab\u00a0_id\u00a0\u00bb:\u00a0\u00bb\/seine-saint-denis-93&Prime;,\u00a0\u00bb_website\u00a0\u00bb:\u00a0\u00bbleparisien\u00a0\u00bb,\u00a0\u00bbname\u00a0\u00bb:\u00a0\u00bbSeine-Saint-Denis\u00a0\u00bb,\u00a0\u00bbinactive\u00a0\u00bb:false,\u00a0\u00bbancestors\u00a0\u00bb:{\u00ab\u00a0burger-menu\u00a0\u00bb:[\u00ab\u00a0https:\/\/www.leparisien.fr\/\u00a0\u00bb,\u00a0\u00bb\/info-paris-ile-de-france-oise\u00a0\u00bb],\u00a0\u00bbnavbar\u00a0\u00bb:[\u00ab\u00a0https:\/\/www.leparisien.fr\/\u00a0\u00bb,\u00a0\u00bb\/info-paris-ile-de-france-oise\u00a0\u00bb],\u00a0\u00bbWebsked-plans\u00a0\u00bb:[\u00ab\u00a0https:\/\/www.leparisien.fr\/\u00a0\u00bb],\u00a0\u00bbnav\u00a0\u00bb:[\u00ab\u00a0\/info-paris-ile-de-france-oise\u00a0\u00bb,\u00a0\u00bbhttps:\/\/www.leparisien.fr\/\u00a0\u00bb],\u00a0\u00bbmenu\u00a0\u00bb:[\u00ab\u00a0\/info-paris-ile-de-france-oise\u00a0\u00bb,\u00a0\u00bbhttps:\/\/www.leparisien.fr\/\u00a0\u00bb],\u00a0\u00bbfooter\u00a0\u00bb:[\u00ab\u00a0https:\/\/www.leparisien.fr\/\u00a0\u00bb],\u00a0\u00bbmobile-menu-districts\u00a0\u00bb:[\u00ab\u00a0https:\/\/www.leparisien.fr\/\u00a0\u00bb],\u00a0\u00bbsurfooter\u00a0\u00bb:[\u00ab\u00a0https:\/\/www.leparisien.fr\/\u00a0\u00bb]},\u00a0\u00bbparent\u00a0\u00bb:{\u00ab\u00a0default\u00a0\u00bb:\u00a0\u00bb\/info-paris-ile-de-france-oise\u00a0\u00bb,\u00a0\u00bbburger-menu\u00a0\u00bb:\u00a0\u00bb\/info-paris-ile-de-france-oise\u00a0\u00bb,\u00a0\u00bbnavbar\u00a0\u00bb:\u00a0\u00bb\/info-paris-ile-de-france-oise\u00a0\u00bb,\u00a0\u00bbsub-nav\u00a0\u00bb:\u00a0\u00bb\/info-paris-ile-de-france-oise\u00a0\u00bb,\u00a0\u00bbWebsked-plans\u00a0\u00bb:\u00a0\u00bbhttps:\/\/www.leparisien.fr\/\u00a0\u00bb,\u00a0\u00bbnav\u00a0\u00bb:\u00a0\u00bb\/info-paris-ile-de-france-oise\u00a0\u00bb,\u00a0\u00bbmenu\u00a0\u00bb:\u00a0\u00bb\/info-paris-ile-de-france-oise\u00a0\u00bb,\u00a0\u00bbMaillage_SEO_Surfooter\u00a0\u00bb:\u00a0\u00bb\/info-paris-ile-de-france-oise\u00a0\u00bb,\u00a0\u00bbfooter\u00a0\u00bb:\u00a0\u00bbhttps:\/\/www.leparisien.fr\/\u00a0\u00bb,\u00a0\u00bbmobile-menu-districts\u00a0\u00bb:\u00a0\u00bbhttps:\/\/www.leparisien.fr\/\u00a0\u00bb,\u00a0\u00bbsurfooter\u00a0\u00bb:\u00a0\u00bbhttps:\/\/www.leparisien.fr\/\u00a0\u00bb},\u00a0\u00bborder\u00a0\u00bb:{\u00ab\u00a0default\u00a0\u00bb:2003,\u00a0\u00bbburger-menu\u00a0\u00bb:2004,\u00a0\u00bbnavbar\u00a0\u00bb:2003,\u00a0\u00bbsub-nav\u00a0\u00bb:2006,\u00a0\u00bbWebsked-plans\u00a0\u00bb:1028,\u00a0\u00bbnav\u00a0\u00bb:2004,\u00a0\u00bbmenu\u00a0\u00bb:2004,\u00a0\u00bbMaillage_SEO_Surfooter\u00a0\u00bb:2003,\u00a0\u00bbfooter\u00a0\u00bb:1003,\u00a0\u00bbmobile-menu-districts\u00a0\u00bb:1004,\u00a0\u00bbsurfooter\u00a0\u00bb:1003},\u00a0\u00bbGoogle Analytics\u00a0\u00bb:{\u00ab\u00a0ga_name_level_1&Prime;:\u00a0\u00bbma-ville\u00a0\u00bb,\u00a0\u00bbga_name_level_2&Prime;:\u00a0\u00bbseine-saint-denis\u00a0\u00bb},\u00a0\u00bbMobile\u00a0\u00bb:{\u00ab\u00a0alternative_subtitle\u00a0\u00bb:\u00a0\u00bbSeine-Saint-Denis\u00a0\u00bb,\u00a0\u00bbalternative_title\u00a0\u00bb:\u00a0\u00bb93&Prime;,\u00a0\u00bbbackground_image_section\u00a0\u00bb:\u00a0\u00bbhttps:\/\/assets.leparisien.fr\/mobile\/images\/search-menu\/93-seine-saint-denis.png\u00a0\u00bb},\u00a0\u00bbNewsletter\u00a0\u00bb:{\u00ab\u00a0module_message\u00a0\u00bb:\u00a0\u00bbChaque matin, l&rsquo;actualit\u00e9 de votre d\u00e9partement vue par Le Parisien\u00a0\u00bb,\u00a0\u00bbnewsletter_color\u00a0\u00bb:\u00a0\u00bb#1EA0E6&Prime;,\u00a0\u00bbnewsletter_image\u00a0\u00bb:\u00a0\u00bbnewsletter-seinesaintdenis-logo.png\u00a0\u00bb,\u00a0\u00bbnewsletter_label\u00a0\u00bb:\u00a0\u00bbL&rsquo;essentiel du 93&Prime;,\u00a0\u00bbnewsletter_name\u00a0\u00bb:\u00a0\u00bbNewsletter Seine-Saint-Denis\u00a0\u00bb,\u00a0\u00bbnewsletter_optin\u00a0\u00bb:\u00a0\u00bboptin_newsletter_thematique_seine_saint_denis\u00a0\u00bb,\u00a0\u00bbnewsletter_slug\u00a0\u00bb:\u00a0\u00bbseinesaintdenis\u00a0\u00bb,\u00a0\u00bbnewsletter_title\u00a0\u00bb:\u00a0\u00bbUn tour de l&rsquo;actualit\u00e9 en Seine-Saint-Denis et en l&rsquo;IDF\u00a0\u00bb},\u00a0\u00bb_admin\u00a0\u00bb:{\u00ab\u00a0alias_ids\u00a0\u00bb:[]},\u00a0\u00bbheader\u00a0\u00bb:{\u00ab\u00a0title_logo_size_mobile\u00a0\u00bb:\u00a0\u00bb10X10&Prime;},\u00a0\u00bbsite\u00a0\u00bb:{\u00ab\u00a0section_type\u00a0\u00bb:\u00a0\u00bbevent-light\u00a0\u00bb,\u00a0\u00bbsite_description\u00a0\u00bb:\u00a0\u00bbSuivez l&rsquo;actualit\u00e9 dans votre ville de Seine-Saint-Denis en direct et en vid\u00e9o sur le Parisien.fr\u00a0\u00bb,\u00a0\u00bbsite_title\u00a0\u00bb:\u00a0\u00bbActualit\u00e9s Seine Saint Denis 93 &#8211; Infos Seine Saint Denis 93 &#8211; Info locale &#8211; Le Parisien\u00a0\u00bb},\u00a0\u00bbstory_list\u00a0\u00bb:{\u00ab\u00a0story_list_content\u00a0\u00bb:{}},\u00a0\u00bbnode_type\u00a0\u00bb:\u00a0\u00bbsection\u00a0\u00bb}},\u00a0\u00bb_website_section_id\u00a0\u00bb:\u00a0\u00bbleparisien.\/seine-saint-denis-93&Prime;},{\u00ab\u00a0_id\u00a0\u00bb:\u00a0\u00bb\/paris-75&Prime;,\u00a0\u00bb_website\u00a0\u00bb:\u00a0\u00bbleparisien\u00a0\u00bb,\u00a0\u00bbtype\u00a0\u00bb:\u00a0\u00bbsection\u00a0\u00bb,\u00a0\u00bbversion\u00a0\u00bb:\u00a0\u00bb0.6.0&Prime;,\u00a0\u00bbname\u00a0\u00bb:\u00a0\u00bbParis\u00a0\u00bb,\u00a0\u00bbdescription\u00a0\u00bb:\u00a0\u00bbSuivez l&rsquo;actualit\u00e9 de Paris en direct et en vid\u00e9o sur le Parisien.fr : info locale, faits divers, politique de la ville ainsi que tous les \u00e9v\u00e9nements de la capitale.\u00a0\u00bb,\u00a0\u00bbpath\u00a0\u00bb:\u00a0\u00bb\/paris-75&Prime;,\u00a0\u00bbparent_id\u00a0\u00bb:\u00a0\u00bb\/info-paris-ile-de-france-oise\u00a0\u00bb,\u00a0\u00bbparent\u00a0\u00bb:{\u00ab\u00a0default\u00a0\u00bb:\u00a0\u00bb\/info-paris-ile-de-france-oise\u00a0\u00bb},\u00a0\u00bbadditional_properties\u00a0\u00bb:{\u00ab\u00a0original\u00a0\u00bb:{\u00ab\u00a0_id\u00a0\u00bb:\u00a0\u00bb\/paris-75&Prime;,\u00a0\u00bb_website\u00a0\u00bb:\u00a0\u00bbleparisien\u00a0\u00bb,\u00a0\u00bbname\u00a0\u00bb:\u00a0\u00bbParis\u00a0\u00bb,\u00a0\u00bbinactive\u00a0\u00bb:false,\u00a0\u00bbancestors\u00a0\u00bb:{\u00ab\u00a0burger-menu\u00a0\u00bb:[\u00ab\u00a0https:\/\/www.leparisien.fr\/\u00a0\u00bb,\u00a0\u00bb\/info-paris-ile-de-france-oise\u00a0\u00bb],\u00a0\u00bbdefault\u00a0\u00bb:[\u00ab\u00a0\/info-paris-ile-de-france-oise\u00a0\u00bb],\u00a0\u00bbnavbar\u00a0\u00bb:[\u00ab\u00a0https:\/\/www.leparisien.fr\/\u00a0\u00bb,\u00a0\u00bb\/info-paris-ile-de-france-oise\u00a0\u00bb],\u00a0\u00bbIDF\u00a0\u00bb:[],\u00a0\u00bbsub-nav\u00a0\u00bb:[\u00ab\u00a0\/info-paris-ile-de-france-oise\u00a0\u00bb],\u00a0\u00bbWebsked-plans\u00a0\u00bb:[\u00ab\u00a0https:\/\/www.leparisien.fr\/\u00a0\u00bb],\u00a0\u00bbburger-menu-etudiant\u00a0\u00bb:[],\u00a0\u00bbnav\u00a0\u00bb:[\u00ab\u00a0\/info-paris-ile-de-france-oise\u00a0\u00bb,\u00a0\u00bbhttps:\/\/www.leparisien.fr\/\u00a0\u00bb],\u00a0\u00bbmenu\u00a0\u00bb:[\u00ab\u00a0\/info-paris-ile-de-france-oise\u00a0\u00bb,\u00a0\u00bbhttps:\/\/www.leparisien.fr\/\u00a0\u00bb],\u00a0\u00bbMaillage_SEO_Surfooter\u00a0\u00bb:[\u00ab\u00a0\/info-paris-ile-de-france-oise\u00a0\u00bb],\u00a0\u00bbfooter\u00a0\u00bb:[\u00ab\u00a0https:\/\/www.leparisien.fr\/\u00a0\u00bb],\u00a0\u00bbmobile-menu-districts\u00a0\u00bb:[\u00ab\u00a0https:\/\/www.leparisien.fr\/\u00a0\u00bb],\u00a0\u00bbsurfooter\u00a0\u00bb:[\u00ab\u00a0https:\/\/www.leparisien.fr\/\u00a0\u00bb]},\u00a0\u00bbparent\u00a0\u00bb:{\u00ab\u00a0default\u00a0\u00bb:\u00a0\u00bb\/info-paris-ile-de-france-oise\u00a0\u00bb,\u00a0\u00bbburger-menu\u00a0\u00bb:\u00a0\u00bb\/info-paris-ile-de-france-oise\u00a0\u00bb,\u00a0\u00bbnavbar\u00a0\u00bb:\u00a0\u00bb\/info-paris-ile-de-france-oise\u00a0\u00bb,\u00a0\u00bbIDF\u00a0\u00bb:null,\u00a0\u00bbsub-nav\u00a0\u00bb:\u00a0\u00bb\/info-paris-ile-de-france-oise\u00a0\u00bb,\u00a0\u00bbWebsked-plans\u00a0\u00bb:\u00a0\u00bbhttps:\/\/www.leparisien.fr\/\u00a0\u00bb,\u00a0\u00bbburger-menu-etudiant\u00a0\u00bb:null,\u00a0\u00bbnav\u00a0\u00bb:\u00a0\u00bb\/info-paris-ile-de-france-oise\u00a0\u00bb,\u00a0\u00bbmenu\u00a0\u00bb:\u00a0\u00bb\/info-paris-ile-de-france-oise\u00a0\u00bb,\u00a0\u00bbMaillage_SEO_Surfooter\u00a0\u00bb:\u00a0\u00bb\/info-paris-ile-de-france-oise\u00a0\u00bb,\u00a0\u00bbfooter\u00a0\u00bb:\u00a0\u00bbhttps:\/\/www.leparisien.fr\/\u00a0\u00bb,\u00a0\u00bbmobile-menu-districts\u00a0\u00bb:\u00a0\u00bbhttps:\/\/www.leparisien.fr\/\u00a0\u00bb,\u00a0\u00bbsurfooter\u00a0\u00bb:\u00a0\u00bbhttps:\/\/www.leparisien.fr\/\u00a0\u00bb},\u00a0\u00bborder\u00a0\u00bb:{\u00ab\u00a0default\u00a0\u00bb:2001,\u00a0\u00bbburger-menu\u00a0\u00bb:2001,\u00a0\u00bbnavbar\u00a0\u00bb:2001,\u00a0\u00bbsub-nav\u00a0\u00bb:2001,\u00a0\u00bbWebsked-plans\u00a0\u00bb:1024,\u00a0\u00bbnav\u00a0\u00bb:2001,\u00a0\u00bbmenu\u00a0\u00bb:2001,\u00a0\u00bbMaillage_SEO_Surfooter\u00a0\u00bb:2001,\u00a0\u00bbfooter\u00a0\u00bb:1012,\u00a0\u00bbmobile-menu-districts\u00a0\u00bb:1001,\u00a0\u00bbsurfooter\u00a0\u00bb:1012},\u00a0\u00bbGoogle Analytics\u00a0\u00bb:{\u00ab\u00a0ga_name_level_1&Prime;:\u00a0\u00bbma-ville\u00a0\u00bb,\u00a0\u00bbga_name_level_2&Prime;:\u00a0\u00bbparis\u00a0\u00bb},\u00a0\u00bbMobile\u00a0\u00bb:{\u00ab\u00a0alternative_subtitle\u00a0\u00bb:\u00a0\u00bbParis\u00a0\u00bb,\u00a0\u00bbalternative_title\u00a0\u00bb:\u00a0\u00bb75&Prime;,\u00a0\u00bbbackground_image_section\u00a0\u00bb:\u00a0\u00bbhttps:\/\/assets.leparisien.fr\/mobile\/images\/search-menu\/75-paris.png\u00a0\u00bb},\u00a0\u00bbNewsletter\u00a0\u00bb:{\u00ab\u00a0module_message\u00a0\u00bb:\u00a0\u00bbChaque matin, l&rsquo;actualit\u00e9 de votre d\u00e9partement vue par Le Parisien\u00a0\u00bb,\u00a0\u00bbnewsletter_color\u00a0\u00bb:\u00a0\u00bb#1EA0E6&Prime;,\u00a0\u00bbnewsletter_image\u00a0\u00bb:\u00a0\u00bbnewsletter-paris-logo.png\u00a0\u00bb,\u00a0\u00bbnewsletter_label\u00a0\u00bb:\u00a0\u00bbL&rsquo;essentiel du 75&Prime;,\u00a0\u00bbnewsletter_name\u00a0\u00bb:\u00a0\u00bbNewsletter Paris\u00a0\u00bb,\u00a0\u00bbnewsletter_optin\u00a0\u00bb:\u00a0\u00bboptin_newsletter_thematique_paris\u00a0\u00bb,\u00a0\u00bbnewsletter_slug\u00a0\u00bb:\u00a0\u00bbparis\u00a0\u00bb,\u00a0\u00bbnewsletter_title\u00a0\u00bb:\u00a0\u00bbUn tour de l&rsquo;actualit\u00e9 \u00e0 Paris et en IDF\u00a0\u00bb},\u00a0\u00bbSponsor\u00a0\u00bb:{\u00ab\u00a0collection_id_for_pinned_content\u00a0\u00bb:\u00a0\u00bb7TXOZFK4PJE4XK37CPBRXBBTHU\u00a0\u00bb},\u00a0\u00bb_admin\u00a0\u00bb:{\u00ab\u00a0alias_ids\u00a0\u00bb:[]},\u00a0\u00bbheader\u00a0\u00bb:{\u00ab\u00a0title_logo_size_mobile\u00a0\u00bb:\u00a0\u00bb10X10&Prime;},\u00a0\u00bbsite\u00a0\u00bb:{\u00ab\u00a0section_type\u00a0\u00bb:\u00a0\u00bbevent-light\u00a0\u00bb,\u00a0\u00bbsite_description\u00a0\u00bb:\u00a0\u00bbSuivez l&rsquo;actualit\u00e9 de Paris en direct et en vid\u00e9o sur le Parisien.fr : info locale, faits divers, politique de la ville ainsi que tous les \u00e9v\u00e9nements de la capitale.\u00a0\u00bb,\u00a0\u00bbsite_title\u00a0\u00bb:\u00a0\u00bbParis : actualit\u00e9s, info locale et vid\u00e9os en continu &#8211; Le Parisien\u00a0\u00bb},\u00a0\u00bbstory_list\u00a0\u00bb:{\u00ab\u00a0story_list_content\u00a0\u00bb:{}},\u00a0\u00bbnode_type\u00a0\u00bb:\u00a0\u00bbsection\u00a0\u00bb}},\u00a0\u00bb_website_section_id\u00a0\u00bb:\u00a0\u00bbleparisien.\/paris-75&Prime;},{\u00ab\u00a0_id\u00a0\u00bb:\u00a0\u00bb\/yvelines-78&Prime;,\u00a0\u00bb_website\u00a0\u00bb:\u00a0\u00bbleparisien\u00a0\u00bb,\u00a0\u00bbtype\u00a0\u00bb:\u00a0\u00bbsection\u00a0\u00bb,\u00a0\u00bbversion\u00a0\u00bb:\u00a0\u00bb0.6.0&Prime;,\u00a0\u00bbname\u00a0\u00bb:\u00a0\u00bbYvelines\u00a0\u00bb,\u00a0\u00bbdescription\u00a0\u00bb:\u00a0\u00bbSuivez l&rsquo;actualit\u00e9 dans votre ville dans les Yvelines en direct et en vid\u00e9o sur le Parisien.fr\u00a0\u00bb,\u00a0\u00bbpath\u00a0\u00bb:\u00a0\u00bb\/yvelines-78&Prime;,\u00a0\u00bbparent_id\u00a0\u00bb:\u00a0\u00bb\/info-paris-ile-de-france-oise\u00a0\u00bb,\u00a0\u00bbparent\u00a0\u00bb:{\u00ab\u00a0default\u00a0\u00bb:\u00a0\u00bb\/info-paris-ile-de-france-oise\u00a0\u00bb},\u00a0\u00bbadditional_properties\u00a0\u00bb:{\u00ab\u00a0original\u00a0\u00bb:{\u00ab\u00a0_id\u00a0\u00bb:\u00a0\u00bb\/yvelines-78&Prime;,\u00a0\u00bb_website\u00a0\u00bb:\u00a0\u00bbleparisien\u00a0\u00bb,\u00a0\u00bbname\u00a0\u00bb:\u00a0\u00bbYvelines\u00a0\u00bb,\u00a0\u00bbinactive\u00a0\u00bb:false,\u00a0\u00bbancestors\u00a0\u00bb:{\u00ab\u00a0burger-menu\u00a0\u00bb:[\u00ab\u00a0https:\/\/www.leparisien.fr\/\u00a0\u00bb,\u00a0\u00bb\/info-paris-ile-de-france-oise\u00a0\u00bb],\u00a0\u00bbnavbar\u00a0\u00bb:[\u00ab\u00a0https:\/\/www.leparisien.fr\/\u00a0\u00bb,\u00a0\u00bb\/info-paris-ile-de-france-oise\u00a0\u00bb],\u00a0\u00bbsub-nav\u00a0\u00bb:[\u00ab\u00a0\/info-paris-ile-de-france-oise\u00a0\u00bb],\u00a0\u00bbWebsked-plans\u00a0\u00bb:[\u00ab\u00a0https:\/\/www.leparisien.fr\/\u00a0\u00bb],\u00a0\u00bbburger-menu-etudiant\u00a0\u00bb:[],\u00a0\u00bbnav\u00a0\u00bb:[\u00ab\u00a0\/info-paris-ile-de-france-oise\u00a0\u00bb,\u00a0\u00bbhttps:\/\/www.leparisien.fr\/\u00a0\u00bb],\u00a0\u00bbmenu\u00a0\u00bb:[\u00ab\u00a0\/info-paris-ile-de-france-oise\u00a0\u00bb,\u00a0\u00bbhttps:\/\/www.leparisien.fr\/\u00a0\u00bb],\u00a0\u00bbfooter\u00a0\u00bb:[\u00ab\u00a0https:\/\/www.leparisien.fr\/\u00a0\u00bb],\u00a0\u00bbmobile-menu-districts\u00a0\u00bb:[\u00ab\u00a0https:\/\/www.leparisien.fr\/\u00a0\u00bb],\u00a0\u00bbsurfooter\u00a0\u00bb:[\u00ab\u00a0https:\/\/www.leparisien.fr\/\u00a0\u00bb]},\u00a0\u00bbparent\u00a0\u00bb:{\u00ab\u00a0default\u00a0\u00bb:\u00a0\u00bb\/info-paris-ile-de-france-oise\u00a0\u00bb,\u00a0\u00bbburger-menu\u00a0\u00bb:\u00a0\u00bb\/info-paris-ile-de-france-oise\u00a0\u00bb,\u00a0\u00bbnavbar\u00a0\u00bb:\u00a0\u00bb\/info-paris-ile-de-france-oise\u00a0\u00bb,\u00a0\u00bbsub-nav\u00a0\u00bb:\u00a0\u00bb\/info-paris-ile-de-france-oise\u00a0\u00bb,\u00a0\u00bbWebsked-plans\u00a0\u00bb:\u00a0\u00bbhttps:\/\/www.leparisien.fr\/\u00a0\u00bb,\u00a0\u00bbburger-menu-etudiant\u00a0\u00bb:null,\u00a0\u00bbnav\u00a0\u00bb:\u00a0\u00bb\/info-paris-ile-de-france-oise\u00a0\u00bb,\u00a0\u00bbmenu\u00a0\u00bb:\u00a0\u00bb\/info-paris-ile-de-france-oise\u00a0\u00bb,\u00a0\u00bbMaillage_SEO_Surfooter\u00a0\u00bb:\u00a0\u00bb\/info-paris-ile-de-france-oise\u00a0\u00bb,\u00a0\u00bbfooter\u00a0\u00bb:\u00a0\u00bbhttps:\/\/www.leparisien.fr\/\u00a0\u00bb,\u00a0\u00bbmobile-menu-districts\u00a0\u00bb:\u00a0\u00bbhttps:\/\/www.leparisien.fr\/\u00a0\u00bb,\u00a0\u00bbsurfooter\u00a0\u00bb:\u00a0\u00bbhttps:\/\/www.leparisien.fr\/\u00a0\u00bb},\u00a0\u00bborder\u00a0\u00bb:{\u00ab\u00a0default\u00a0\u00bb:2008,\u00a0\u00bbburger-menu\u00a0\u00bb:2008,\u00a0\u00bbnavbar\u00a0\u00bb:2005,\u00a0\u00bbsub-nav\u00a0\u00bb:2009,\u00a0\u00bbWebsked-plans\u00a0\u00bb:1027,\u00a0\u00bbnav\u00a0\u00bb:2008,\u00a0\u00bbmenu\u00a0\u00bb:2008,\u00a0\u00bbMaillage_SEO_Surfooter\u00a0\u00bb:2008,\u00a0\u00bbfooter\u00a0\u00bb:1006,\u00a0\u00bbmobile-menu-districts\u00a0\u00bb:1008,\u00a0\u00bbsurfooter\u00a0\u00bb:1006},\u00a0\u00bbGoogle Analytics\u00a0\u00bb:{\u00ab\u00a0ga_name_level_1&Prime;:\u00a0\u00bbma-ville\u00a0\u00bb,\u00a0\u00bbga_name_level_2&Prime;:\u00a0\u00bbyvelines\u00a0\u00bb},\u00a0\u00bbMobile\u00a0\u00bb:{\u00ab\u00a0alternative_subtitle\u00a0\u00bb:\u00a0\u00bbYvelines\u00a0\u00bb,\u00a0\u00bbalternative_title\u00a0\u00bb:\u00a0\u00bb78&Prime;,\u00a0\u00bbbackground_image_section\u00a0\u00bb:\u00a0\u00bbhttps:\/\/assets.leparisien.fr\/mobile\/images\/search-menu\/78-yvelines.png\u00a0\u00bb},\u00a0\u00bbNewsletter\u00a0\u00bb:{\u00ab\u00a0module_message\u00a0\u00bb:\u00a0\u00bbChaque matin, l&rsquo;actualit\u00e9 de votre d\u00e9partement vue par Le Parisien\u00a0\u00bb,\u00a0\u00bbnewsletter_color\u00a0\u00bb:\u00a0\u00bb#1EA0E6&Prime;,\u00a0\u00bbnewsletter_image\u00a0\u00bb:\u00a0\u00bbnewsletter-yvelines-logo.png\u00a0\u00bb,\u00a0\u00bbnewsletter_label\u00a0\u00bb:\u00a0\u00bbL&rsquo;essentiel du 78&Prime;,\u00a0\u00bbnewsletter_name\u00a0\u00bb:\u00a0\u00bbNewsletter Yvelines\u00a0\u00bb,\u00a0\u00bbnewsletter_optin\u00a0\u00bb:\u00a0\u00bboptin_newsletter_thematique_yvelines\u00a0\u00bb,\u00a0\u00bbnewsletter_slug\u00a0\u00bb:\u00a0\u00bbyvelines\u00a0\u00bb,\u00a0\u00bbnewsletter_title\u00a0\u00bb:\u00a0\u00bbUn tour de l&rsquo;actualit\u00e9 des Yvelines et de l&rsquo;IDF\u00a0\u00bb},\u00a0\u00bbSponsor\u00a0\u00bb:{\u00ab\u00a0collection_id_for_pinned_content\u00a0\u00bb:\u00a0\u00bbJMFP3C5LQBEBVDFMVOXVW5TFAU\u00a0\u00bb},\u00a0\u00bb_admin\u00a0\u00bb:{\u00ab\u00a0alias_ids\u00a0\u00bb:[]},\u00a0\u00bbheader\u00a0\u00bb:{\u00ab\u00a0title_logo_size_mobile\u00a0\u00bb:\u00a0\u00bb10X10&Prime;},\u00a0\u00bbsite\u00a0\u00bb:{\u00ab\u00a0section_type\u00a0\u00bb:\u00a0\u00bbevent-light\u00a0\u00bb,\u00a0\u00bbsite_description\u00a0\u00bb:\u00a0\u00bbSuivez l&rsquo;actualit\u00e9 dans votre ville dans les Yvelines en direct et en vid\u00e9o sur le Parisien.fr\u00a0\u00bb,\u00a0\u00bbsite_title\u00a0\u00bb:\u00a0\u00bbActualit\u00e9s Yvelines 78 &#8211; Infos Yvelines 78 &#8211; Info locale &#8211; Le Parisien\u00a0\u00bb},\u00a0\u00bbstory_list\u00a0\u00bb:{\u00ab\u00a0story_list_content\u00a0\u00bb:{}},\u00a0\u00bbnode_type\u00a0\u00bb:\u00a0\u00bbsection\u00a0\u00bb}},\u00a0\u00bb_website_section_id\u00a0\u00bb:\u00a0\u00bbleparisien.\/yvelines-78&Prime;},{\u00ab\u00a0_id\u00a0\u00bb:\u00a0\u00bb\/info-paris-ile-de-france-oise\/transports\u00a0\u00bb,\u00a0\u00bb_website\u00a0\u00bb:\u00a0\u00bbleparisien\u00a0\u00bb,\u00a0\u00bbtype\u00a0\u00bb:\u00a0\u00bbsection\u00a0\u00bb,\u00a0\u00bbversion\u00a0\u00bb:\u00a0\u00bb0.6.0&Prime;,\u00a0\u00bbname\u00a0\u00bb:\u00a0\u00bbTransports IDF\u00a0\u00bb,\u00a0\u00bbdescription\u00a0\u00bb:\u00a0\u00bbSuivez l&rsquo;actualit\u00e9 des transports en commun en Ile de France en direct et en vid\u00e9o sur le Parisien.fr\u00a0\u00bb,\u00a0\u00bbpath\u00a0\u00bb:\u00a0\u00bb\/info-paris-ile-de-france-oise\/transports\u00a0\u00bb,\u00a0\u00bbparent_id\u00a0\u00bb:\u00a0\u00bb\/info-paris-ile-de-france-oise\u00a0\u00bb,\u00a0\u00bbparent\u00a0\u00bb:{\u00ab\u00a0default\u00a0\u00bb:\u00a0\u00bb\/info-paris-ile-de-france-oise\u00a0\u00bb},\u00a0\u00bbadditional_properties\u00a0\u00bb:{\u00ab\u00a0original\u00a0\u00bb:{\u00ab\u00a0_id\u00a0\u00bb:\u00a0\u00bb\/info-paris-ile-de-france-oise\/transports\u00a0\u00bb,\u00a0\u00bb_website\u00a0\u00bb:\u00a0\u00bbleparisien\u00a0\u00bb,\u00a0\u00bbname\u00a0\u00bb:\u00a0\u00bbTransports IDF\u00a0\u00bb,\u00a0\u00bbinactive\u00a0\u00bb:false,\u00a0\u00bbancestors\u00a0\u00bb:{\u00ab\u00a0burger-menu\u00a0\u00bb:[\u00ab\u00a0https:\/\/www.leparisien.fr\/\u00a0\u00bb,\u00a0\u00bb\/info-paris-ile-de-france-oise\u00a0\u00bb],\u00a0\u00bbWebsked-plans\u00a0\u00bb:[\u00ab\u00a0https:\/\/www.leparisien.fr\/\u00a0\u00bb],\u00a0\u00bbmosaic_app\u00a0\u00bb:[\u00ab\u00a0https:\/\/www.leparisien.fr\/\u00a0\u00bb],\u00a0\u00bbburger-menu-etudiant\u00a0\u00bb:[],\u00a0\u00bbmenu\u00a0\u00bb:[\u00ab\u00a0\/info-paris-ile-de-france-oise\u00a0\u00bb,\u00a0\u00bbhttps:\/\/www.leparisien.fr\/\u00a0\u00bb],\u00a0\u00bbmobile-menu-sections-list\u00a0\u00bb:[\u00ab\u00a0https:\/\/www.leparisien.fr\/\u00a0\u00bb],\u00a0\u00bbnav\u00a0\u00bb:[]},\u00a0\u00bbparent\u00a0\u00bb:{\u00ab\u00a0default\u00a0\u00bb:\u00a0\u00bb\/info-paris-ile-de-france-oise\u00a0\u00bb,\u00a0\u00bbburger-menu\u00a0\u00bb:\u00a0\u00bb\/info-paris-ile-de-france-oise\u00a0\u00bb,\u00a0\u00bbsub-nav\u00a0\u00bb:\u00a0\u00bb\/info-paris-ile-de-france-oise\u00a0\u00bb,\u00a0\u00bbWebsked-plans\u00a0\u00bb:\u00a0\u00bbhttps:\/\/www.leparisien.fr\/\u00a0\u00bb,\u00a0\u00bbmosaic_app\u00a0\u00bb:\u00a0\u00bbhttps:\/\/www.leparisien.fr\/\u00a0\u00bb,\u00a0\u00bbburger-menu-etudiant\u00a0\u00bb:null,\u00a0\u00bbmenu\u00a0\u00bb:\u00a0\u00bb\/info-paris-ile-de-france-oise\u00a0\u00bb,\u00a0\u00bbMaillage_SEO_Surfooter\u00a0\u00bb:\u00a0\u00bb\/info-paris-ile-de-france-oise\u00a0\u00bb,\u00a0\u00bbmobile-menu-sections-list\u00a0\u00bb:\u00a0\u00bbhttps:\/\/www.leparisien.fr\/\u00a0\u00bb,\u00a0\u00bbnav\u00a0\u00bb:null},\u00a0\u00bborder\u00a0\u00bb:{\u00ab\u00a0default\u00a0\u00bb:2009,\u00a0\u00bbburger-menu\u00a0\u00bb:2010,\u00a0\u00bbsub-nav\u00a0\u00bb:2010,\u00a0\u00bbWebsked-plans\u00a0\u00bb:1021,\u00a0\u00bbmosaic_app\u00a0\u00bb:1011,\u00a0\u00bbmenu\u00a0\u00bb:2010,\u00a0\u00bbMaillage_SEO_Surfooter\u00a0\u00bb:2009,\u00a0\u00bbmobile-menu-sections-list\u00a0\u00bb:1014},\u00a0\u00bbGoogle Analytics\u00a0\u00bb:{\u00ab\u00a0ga_name_level_1&Prime;:\u00a0\u00bbma-ville\u00a0\u00bb,\u00a0\u00bbga_name_level_2&Prime;:\u00a0\u00bbtransport-idf-oise\u00a0\u00bb,\u00a0\u00bbga_name_level_3&Prime;:null},\u00a0\u00bbMobile\u00a0\u00bb:{\u00ab\u00a0background_color_section\u00a0\u00bb:\u00a0\u00bb#5BA7AE\u00a0\u00bb,\u00a0\u00bbbackground_image_section\u00a0\u00bb:\u00a0\u00bbhttps:\/\/assets.leparisien.fr\/mobile\/images\/explorer\/transports.png\u00a0\u00bb},\u00a0\u00bbNewsletter\u00a0\u00bb:{\u00ab\u00a0newsletter_color\u00a0\u00bb:\u00a0\u00bb#1EA0E6&Prime;,\u00a0\u00bbnewsletter_image\u00a0\u00bb:\u00a0\u00bbnewsletter-essentiel-matin-logo.png\u00a0\u00bb,\u00a0\u00bbnewsletter_label\u00a0\u00bb:\u00a0\u00bbL&rsquo;essentiel du matin\u00a0\u00bb,\u00a0\u00bbnewsletter_optin\u00a0\u00bb:\u00a0\u00bboptin_newsletter\u00a0\u00bb,\u00a0\u00bbnewsletter_title\u00a0\u00bb:\u00a0\u00bbUn tour de l&rsquo;actualit\u00e9 pour commencer la journ\u00e9e\u00a0\u00bb},\u00a0\u00bbSponsor\u00a0\u00bb:{\u00ab\u00a0collection_id_for_pinned_content\u00a0\u00bb:\u00a0\u00bbQ3QSOP6PGVEVHKPIEGWXFDLQKM\u00a0\u00bb},\u00a0\u00bb_admin\u00a0\u00bb:{\u00ab\u00a0alias_ids\u00a0\u00bb:[]},\u00a0\u00bbheader\u00a0\u00bb:{\u00ab\u00a0title_logo_only\u00a0\u00bb:\u00a0\u00bbfalse\u00a0\u00bb},\u00a0\u00bbsite\u00a0\u00bb:{\u00ab\u00a0site_description\u00a0\u00bb:\u00a0\u00bbSuivez l&rsquo;actualit\u00e9 des transports en commun en Ile de France en direct et en vid\u00e9o sur le Parisien.fr\u00a0\u00bb,\u00a0\u00bbsite_title\u00a0\u00bb:\u00a0\u00bbActualit\u00e9s Transports en IDF et Oise, infos locales &#8211; Le Parisien\u00a0\u00bb},\u00a0\u00bbstory_list\u00a0\u00bb:{\u00ab\u00a0story_list_content\u00a0\u00bb:{}},\u00a0\u00bbnode_type\u00a0\u00bb:\u00a0\u00bbsection\u00a0\u00bb}},\u00a0\u00bb_website_section_id\u00a0\u00bb:\u00a0\u00bbleparisien.\/info-paris-ile-de-france-oise\/transports\u00a0\u00bb},{\u00ab\u00a0_id\u00a0\u00bb:\u00a0\u00bb\/val-d-oise-95&Prime;,\u00a0\u00bb_website\u00a0\u00bb:\u00a0\u00bbleparisien\u00a0\u00bb,\u00a0\u00bbtype\u00a0\u00bb:\u00a0\u00bbsection\u00a0\u00bb,\u00a0\u00bbversion\u00a0\u00bb:\u00a0\u00bb0.6.0&Prime;,\u00a0\u00bbname\u00a0\u00bb:\u00a0\u00bbVal-d&rsquo;Oise\u00a0\u00bb,\u00a0\u00bbdescription\u00a0\u00bb:\u00a0\u00bbSuivez l&rsquo;actualit\u00e9 dans votre ville dans le Val-d\u2019Oise en direct et en vid\u00e9o sur le Parisien.fr\u00a0\u00bb,\u00a0\u00bbpath\u00a0\u00bb:\u00a0\u00bb\/val-d-oise-95&Prime;,\u00a0\u00bbparent_id\u00a0\u00bb:\u00a0\u00bb\/info-paris-ile-de-france-oise\u00a0\u00bb,\u00a0\u00bbparent\u00a0\u00bb:{\u00ab\u00a0default\u00a0\u00bb:\u00a0\u00bb\/info-paris-ile-de-france-oise\u00a0\u00bb},\u00a0\u00bbadditional_properties\u00a0\u00bb:{\u00ab\u00a0original\u00a0\u00bb:{\u00ab\u00a0_id\u00a0\u00bb:\u00a0\u00bb\/val-d-oise-95&Prime;,\u00a0\u00bb_website\u00a0\u00bb:\u00a0\u00bbleparisien\u00a0\u00bb,\u00a0\u00bbname\u00a0\u00bb:\u00a0\u00bbVal-d&rsquo;Oise\u00a0\u00bb,\u00a0\u00bbinactive\u00a0\u00bb:false,\u00a0\u00bbancestors\u00a0\u00bb:{\u00ab\u00a0burger-menu\u00a0\u00bb:[\u00ab\u00a0https:\/\/www.leparisien.fr\/\u00a0\u00bb,\u00a0\u00bb\/info-paris-ile-de-france-oise\u00a0\u00bb],\u00a0\u00bbnavbar\u00a0\u00bb:[\u00ab\u00a0https:\/\/www.leparisien.fr\/\u00a0\u00bb,\u00a0\u00bb\/info-paris-ile-de-france-oise\u00a0\u00bb],\u00a0\u00bbsub-nav\u00a0\u00bb:[\u00ab\u00a0\/info-paris-ile-de-france-oise\u00a0\u00bb],\u00a0\u00bbWebsked-plans\u00a0\u00bb:[\u00ab\u00a0https:\/\/www.leparisien.fr\/\u00a0\u00bb],\u00a0\u00bbburger-menu-etudiant\u00a0\u00bb:[],\u00a0\u00bbnav\u00a0\u00bb:[\u00ab\u00a0\/info-paris-ile-de-france-oise\u00a0\u00bb,\u00a0\u00bbhttps:\/\/www.leparisien.fr\/\u00a0\u00bb],\u00a0\u00bbmenu\u00a0\u00bb:[\u00ab\u00a0\/info-paris-ile-de-france-oise\u00a0\u00bb,\u00a0\u00bbhttps:\/\/www.leparisien.fr\/\u00a0\u00bb],\u00a0\u00bbfooter\u00a0\u00bb:[\u00ab\u00a0https:\/\/www.leparisien.fr\/\u00a0\u00bb],\u00a0\u00bbmobile-menu-districts\u00a0\u00bb:[\u00ab\u00a0https:\/\/www.leparisien.fr\/\u00a0\u00bb],\u00a0\u00bbsurfooter\u00a0\u00bb:[\u00ab\u00a0https:\/\/www.leparisien.fr\/\u00a0\u00bb]},\u00a0\u00bbparent\u00a0\u00bb:{\u00ab\u00a0default\u00a0\u00bb:\u00a0\u00bb\/info-paris-ile-de-france-oise\u00a0\u00bb,\u00a0\u00bbburger-menu\u00a0\u00bb:\u00a0\u00bb\/info-paris-ile-de-france-oise\u00a0\u00bb,\u00a0\u00bbnavbar\u00a0\u00bb:\u00a0\u00bb\/info-paris-ile-de-france-oise\u00a0\u00bb,\u00a0\u00bbsub-nav\u00a0\u00bb:\u00a0\u00bb\/info-paris-ile-de-france-oise\u00a0\u00bb,\u00a0\u00bbWebsked-plans\u00a0\u00bb:\u00a0\u00bbhttps:\/\/www.leparisien.fr\/\u00a0\u00bb,\u00a0\u00bbburger-menu-etudiant\u00a0\u00bb:null,\u00a0\u00bbnav\u00a0\u00bb:\u00a0\u00bb\/info-paris-ile-de-france-oise\u00a0\u00bb,\u00a0\u00bbmenu\u00a0\u00bb:\u00a0\u00bb\/info-paris-ile-de-france-oise\u00a0\u00bb,\u00a0\u00bbMaillage_SEO_Surfooter\u00a0\u00bb:\u00a0\u00bb\/info-paris-ile-de-france-oise\u00a0\u00bb,\u00a0\u00bbfooter\u00a0\u00bb:\u00a0\u00bbhttps:\/\/www.leparisien.fr\/\u00a0\u00bb,\u00a0\u00bbmobile-menu-districts\u00a0\u00bb:\u00a0\u00bbhttps:\/\/www.leparisien.fr\/\u00a0\u00bb,\u00a0\u00bbsurfooter\u00a0\u00bb:\u00a0\u00bbhttps:\/\/www.leparisien.fr\/\u00a0\u00bb},\u00a0\u00bborder\u00a0\u00bb:{\u00ab\u00a0default\u00a0\u00bb:2005,\u00a0\u00bbburger-menu\u00a0\u00bb:2005,\u00a0\u00bbnavbar\u00a0\u00bb:2008,\u00a0\u00bbsub-nav\u00a0\u00bb:2008,\u00a0\u00bbWebsked-plans\u00a0\u00bb:1032,\u00a0\u00bbnav\u00a0\u00bb:2006,\u00a0\u00bbmenu\u00a0\u00bb:2005,\u00a0\u00bbMaillage_SEO_Surfooter\u00a0\u00bb:2005,\u00a0\u00bbfooter\u00a0\u00bb:1001,\u00a0\u00bbmobile-menu-districts\u00a0\u00bb:1006,\u00a0\u00bbsurfooter\u00a0\u00bb:1001},\u00a0\u00bbGoogle Analytics\u00a0\u00bb:{\u00ab\u00a0ga_name_level_1&Prime;:\u00a0\u00bbma-ville\u00a0\u00bb,\u00a0\u00bbga_name_level_2&Prime;:\u00a0\u00bbval-d-oise\u00a0\u00bb},\u00a0\u00bbMobile\u00a0\u00bb:{\u00ab\u00a0alternative_subtitle\u00a0\u00bb:\u00a0\u00bbVal-d\u2019Oise\u00a0\u00bb,\u00a0\u00bbalternative_title\u00a0\u00bb:\u00a0\u00bb95&Prime;,\u00a0\u00bbbackground_image_section\u00a0\u00bb:\u00a0\u00bbhttps:\/\/assets.leparisien.fr\/mobile\/images\/search-menu\/95-val-d-oise.png\u00a0\u00bb},\u00a0\u00bbNewsletter\u00a0\u00bb:{\u00ab\u00a0module_message\u00a0\u00bb:\u00a0\u00bbChaque matin, l&rsquo;actualit\u00e9 de votre d\u00e9partement vue par Le Parisien\u00a0\u00bb,\u00a0\u00bbnewsletter_color\u00a0\u00bb:\u00a0\u00bb#1EA0E6&Prime;,\u00a0\u00bbnewsletter_image\u00a0\u00bb:\u00a0\u00bbnewsletter-valdoise-logo.png\u00a0\u00bb,\u00a0\u00bbnewsletter_label\u00a0\u00bb:\u00a0\u00bbL&rsquo;essentiel du 95&Prime;,\u00a0\u00bbnewsletter_name\u00a0\u00bb:\u00a0\u00bbNewsletter Val-d&rsquo;Oise\u00a0\u00bb,\u00a0\u00bbnewsletter_optin\u00a0\u00bb:\u00a0\u00bboptin_newsletter_thematique_val_oise\u00a0\u00bb,\u00a0\u00bbnewsletter_slug\u00a0\u00bb:\u00a0\u00bbvaldoise\u00a0\u00bb,\u00a0\u00bbnewsletter_title\u00a0\u00bb:\u00a0\u00bbUn tour de l&rsquo;actualit\u00e9 du Val-d&rsquo;Oise et de l&rsquo;IDF\u00a0\u00bb},\u00a0\u00bbSponsor\u00a0\u00bb:{\u00ab\u00a0collection_id_for_pinned_content\u00a0\u00bb:\u00a0\u00bbZD6ZGXQEPND7FILDMUJECMWDGI\u00a0\u00bb},\u00a0\u00bb_admin\u00a0\u00bb:{\u00ab\u00a0alias_ids\u00a0\u00bb:[]},\u00a0\u00bbheader\u00a0\u00bb:{\u00ab\u00a0title_logo_size_mobile\u00a0\u00bb:\u00a0\u00bb10X10&Prime;},\u00a0\u00bbsite\u00a0\u00bb:{\u00ab\u00a0section_type\u00a0\u00bb:\u00a0\u00bbevent-light\u00a0\u00bb,\u00a0\u00bbsite_description\u00a0\u00bb:\u00a0\u00bbSuivez l&rsquo;actualit\u00e9 dans votre ville dans le Val-d\u2019Oise en direct et en vid\u00e9o sur le Parisien.fr\u00a0\u00bb,\u00a0\u00bbsite_title\u00a0\u00bb:\u00a0\u00bbActualit\u00e9s Val-d&rsquo;Oise 95 &#8211; Infos Val d&rsquo;Oise 95 &#8211; Info locale &#8211; Le Parisien\u00a0\u00bb},\u00a0\u00bbstory_list\u00a0\u00bb:{\u00ab\u00a0story_list_content\u00a0\u00bb:{}},\u00a0\u00bbnode_type\u00a0\u00bb:\u00a0\u00bbsection\u00a0\u00bb}},\u00a0\u00bb_website_section_id\u00a0\u00bb:\u00a0\u00bbleparisien.\/val-d-oise-95&Prime;},{\u00ab\u00a0_id\u00a0\u00bb:\u00a0\u00bb\/essonne-91&Prime;,\u00a0\u00bb_website\u00a0\u00bb:\u00a0\u00bbleparisien\u00a0\u00bb,\u00a0\u00bbtype\u00a0\u00bb:\u00a0\u00bbsection\u00a0\u00bb,\u00a0\u00bbversion\u00a0\u00bb:\u00a0\u00bb0.6.0&Prime;,\u00a0\u00bbname\u00a0\u00bb:\u00a0\u00bbEssonne\u00a0\u00bb,\u00a0\u00bbdescription\u00a0\u00bb:\u00a0\u00bbSuivez l&rsquo;actualit\u00e9 dans votre ville en Essonne en direct et en vid\u00e9o sur le Parisien.fr\u00a0\u00bb,\u00a0\u00bbpath\u00a0\u00bb:\u00a0\u00bb\/essonne-91&Prime;,\u00a0\u00bbparent_id\u00a0\u00bb:\u00a0\u00bb\/info-paris-ile-de-france-oise\u00a0\u00bb,\u00a0\u00bbparent\u00a0\u00bb:{\u00ab\u00a0default\u00a0\u00bb:\u00a0\u00bb\/info-paris-ile-de-france-oise\u00a0\u00bb},\u00a0\u00bbadditional_properties\u00a0\u00bb:{\u00ab\u00a0original\u00a0\u00bb:{\u00ab\u00a0_id\u00a0\u00bb:\u00a0\u00bb\/essonne-91&Prime;,\u00a0\u00bb_website\u00a0\u00bb:\u00a0\u00bbleparisien\u00a0\u00bb,\u00a0\u00bbname\u00a0\u00bb:\u00a0\u00bbEssonne\u00a0\u00bb,\u00a0\u00bbinactive\u00a0\u00bb:false,\u00a0\u00bbancestors\u00a0\u00bb:{\u00ab\u00a0burger-menu\u00a0\u00bb:[\u00ab\u00a0https:\/\/www.leparisien.fr\/\u00a0\u00bb,\u00a0\u00bb\/info-paris-ile-de-france-oise\u00a0\u00bb],\u00a0\u00bbdefault\u00a0\u00bb:[\u00ab\u00a0\/info-paris-ile-de-france-oise\u00a0\u00bb],\u00a0\u00bbnavbar\u00a0\u00bb:[\u00ab\u00a0https:\/\/www.leparisien.fr\/\u00a0\u00bb,\u00a0\u00bb\/info-paris-ile-de-france-oise\u00a0\u00bb],\u00a0\u00bbsub-nav\u00a0\u00bb:[\u00ab\u00a0\/info-paris-ile-de-france-oise\u00a0\u00bb],\u00a0\u00bbWebsked-plans\u00a0\u00bb:[\u00ab\u00a0https:\/\/www.leparisien.fr\/\u00a0\u00bb],\u00a0\u00bbburger-menu-etudiant\u00a0\u00bb:[],\u00a0\u00bbnav\u00a0\u00bb:[\u00ab\u00a0\/info-paris-ile-de-france-oise\u00a0\u00bb,\u00a0\u00bbhttps:\/\/www.leparisien.fr\/\u00a0\u00bb],\u00a0\u00bbmenu\u00a0\u00bb:[\u00ab\u00a0\/info-paris-ile-de-france-oise\u00a0\u00bb,\u00a0\u00bbhttps:\/\/www.leparisien.fr\/\u00a0\u00bb],\u00a0\u00bbMaillage_SEO_Surfooter\u00a0\u00bb:[\u00ab\u00a0\/info-paris-ile-de-france-oise\u00a0\u00bb],\u00a0\u00bbfooter\u00a0\u00bb:[\u00ab\u00a0https:\/\/www.leparisien.fr\/\u00a0\u00bb],\u00a0\u00bbmobile-menu-districts\u00a0\u00bb:[\u00ab\u00a0https:\/\/www.leparisien.fr\/\u00a0\u00bb],\u00a0\u00bbsurfooter\u00a0\u00bb:[\u00ab\u00a0https:\/\/www.leparisien.fr\/\u00a0\u00bb]},\u00a0\u00bbparent\u00a0\u00bb:{\u00ab\u00a0default\u00a0\u00bb:\u00a0\u00bb\/info-paris-ile-de-france-oise\u00a0\u00bb,\u00a0\u00bbburger-menu\u00a0\u00bb:\u00a0\u00bb\/info-paris-ile-de-france-oise\u00a0\u00bb,\u00a0\u00bbnavbar\u00a0\u00bb:\u00a0\u00bb\/info-paris-ile-de-france-oise\u00a0\u00bb,\u00a0\u00bbsub-nav\u00a0\u00bb:\u00a0\u00bb\/info-paris-ile-de-france-oise\u00a0\u00bb,\u00a0\u00bbWebsked-plans\u00a0\u00bb:\u00a0\u00bbhttps:\/\/www.leparisien.fr\/\u00a0\u00bb,\u00a0\u00bbburger-menu-etudiant\u00a0\u00bb:null,\u00a0\u00bbnav\u00a0\u00bb:\u00a0\u00bb\/info-paris-ile-de-france-oise\u00a0\u00bb,\u00a0\u00bbmenu\u00a0\u00bb:\u00a0\u00bb\/info-paris-ile-de-france-oise\u00a0\u00bb,\u00a0\u00bbMaillage_SEO_Surfooter\u00a0\u00bb:\u00a0\u00bb\/info-paris-ile-de-france-oise\u00a0\u00bb,\u00a0\u00bbfooter\u00a0\u00bb:\u00a0\u00bbhttps:\/\/www.leparisien.fr\/\u00a0\u00bb,\u00a0\u00bbmobile-menu-districts\u00a0\u00bb:\u00a0\u00bbhttps:\/\/www.leparisien.fr\/\u00a0\u00bb,\u00a0\u00bbsurfooter\u00a0\u00bb:\u00a0\u00bbhttps:\/\/www.leparisien.fr\/\u00a0\u00bb},\u00a0\u00bborder\u00a0\u00bb:{\u00ab\u00a0default\u00a0\u00bb:2007,\u00a0\u00bbburger-menu\u00a0\u00bb:2002,\u00a0\u00bbnavbar\u00a0\u00bb:2007,\u00a0\u00bbsub-nav\u00a0\u00bb:2002,\u00a0\u00bbWebsked-plans\u00a0\u00bb:1025,\u00a0\u00bbnav\u00a0\u00bb:2002,\u00a0\u00bbmenu\u00a0\u00bb:2002,\u00a0\u00bbMaillage_SEO_Surfooter\u00a0\u00bb:2007,\u00a0\u00bbfooter\u00a0\u00bb:1005,\u00a0\u00bbmobile-menu-districts\u00a0\u00bb:1002,\u00a0\u00bbsurfooter\u00a0\u00bb:1005},\u00a0\u00bbGoogle Analytics\u00a0\u00bb:{\u00ab\u00a0ga_name_level_1&Prime;:\u00a0\u00bbma-ville\u00a0\u00bb,\u00a0\u00bbga_name_level_2&Prime;:\u00a0\u00bbessonne\u00a0\u00bb},\u00a0\u00bbMobile\u00a0\u00bb:{\u00ab\u00a0alternative_subtitle\u00a0\u00bb:\u00a0\u00bbEssonne\u00a0\u00bb,\u00a0\u00bbalternative_title\u00a0\u00bb:\u00a0\u00bb91&Prime;,\u00a0\u00bbbackground_image_section\u00a0\u00bb:\u00a0\u00bbhttps:\/\/assets.leparisien.fr\/mobile\/images\/search-menu\/91-essonne.png\u00a0\u00bb},\u00a0\u00bbNewsletter\u00a0\u00bb:{\u00ab\u00a0module_message\u00a0\u00bb:\u00a0\u00bbChaque matin, l&rsquo;actualit\u00e9 de votre d\u00e9partement vue par Le Parisien\u00a0\u00bb,\u00a0\u00bbnewsletter_color\u00a0\u00bb:\u00a0\u00bb#1EA0E6&Prime;,\u00a0\u00bbnewsletter_image\u00a0\u00bb:\u00a0\u00bbnewsletter-essonne-logo.png\u00a0\u00bb,\u00a0\u00bbnewsletter_label\u00a0\u00bb:\u00a0\u00bbL&rsquo;essentiel du 91&Prime;,\u00a0\u00bbnewsletter_name\u00a0\u00bb:\u00a0\u00bbNewsletter Essonne\u00a0\u00bb,\u00a0\u00bbnewsletter_optin\u00a0\u00bb:\u00a0\u00bboptin_newsletter_thematique_essonne\u00a0\u00bb,\u00a0\u00bbnewsletter_slug\u00a0\u00bb:\u00a0\u00bbessonne\u00a0\u00bb,\u00a0\u00bbnewsletter_title\u00a0\u00bb:\u00a0\u00bbUn tour de l&rsquo;actualit\u00e9 de l&rsquo;Essonne et de l\u2019\u00cele-de-France\u00a0\u00bb},\u00a0\u00bbSponsor\u00a0\u00bb:{\u00ab\u00a0collection_id_for_pinned_content\u00a0\u00bb:\u00a0\u00bbUY2QCZIE5VAHZPCCJAPP2H632M\u00a0\u00bb},\u00a0\u00bb_admin\u00a0\u00bb:{\u00ab\u00a0alias_ids\u00a0\u00bb:[]},\u00a0\u00bbheader\u00a0\u00bb:{\u00ab\u00a0title_logo_size_mobile\u00a0\u00bb:\u00a0\u00bb10X10&Prime;},\u00a0\u00bbsite\u00a0\u00bb:{\u00ab\u00a0section_type\u00a0\u00bb:\u00a0\u00bbevent-light\u00a0\u00bb,\u00a0\u00bbsite_description\u00a0\u00bb:\u00a0\u00bbSuivez l&rsquo;actualit\u00e9 dans votre ville en Essonne en direct et en vid\u00e9o sur le Parisien.fr\u00a0\u00bb,\u00a0\u00bbsite_title\u00a0\u00bb:\u00a0\u00bbInformations locales et actualit\u00e9s en Essonne et en Ile de France &#8211; Le Parisien\u00a0\u00bb},\u00a0\u00bbstory_list\u00a0\u00bb:{\u00ab\u00a0story_list_content\u00a0\u00bb:{}},\u00a0\u00bbnode_type\u00a0\u00bb:\u00a0\u00bbsection\u00a0\u00bb}},\u00a0\u00bb_website_section_id\u00a0\u00bb:\u00a0\u00bbleparisien.\/essonne-91&Prime;},{\u00ab\u00a0_id\u00a0\u00bb:\u00a0\u00bb\/culture-loisirs\/sortir-region-parisienne\u00a0\u00bb,\u00a0\u00bb_website\u00a0\u00bb:\u00a0\u00bbleparisien\u00a0\u00bb,\u00a0\u00bbtype\u00a0\u00bb:\u00a0\u00bbsection\u00a0\u00bb,\u00a0\u00bbversion\u00a0\u00bb:\u00a0\u00bb0.6.0&Prime;,\u00a0\u00bbname\u00a0\u00bb:\u00a0\u00bbSorties IDF &#038; Oise\u00a0\u00bb,\u00a0\u00bbdescription\u00a0\u00bb:\u00a0\u00bbVous cherchez \u00e0 vous d\u00e9tendre ? Retrouvez sur le Parisien toutes les id\u00e9es de sorties et bonnes adresses pour profiter des loisirs en r\u00e9gion parisienne !\u00a0\u00bb,\u00a0\u00bbpath\u00a0\u00bb:\u00a0\u00bb\/culture-loisirs\/sortir-region-parisienne\u00a0\u00bb,\u00a0\u00bbparent_id\u00a0\u00bb:\u00a0\u00bb\/culture-loisirs\u00a0\u00bb,\u00a0\u00bbparent\u00a0\u00bb:{\u00ab\u00a0default\u00a0\u00bb:\u00a0\u00bb\/culture-loisirs\u00a0\u00bb},\u00a0\u00bbadditional_properties\u00a0\u00bb:{\u00ab\u00a0original\u00a0\u00bb:{\u00ab\u00a0_id\u00a0\u00bb:\u00a0\u00bb\/culture-loisirs\/sortir-region-parisienne\u00a0\u00bb,\u00a0\u00bb_website\u00a0\u00bb:\u00a0\u00bbleparisien\u00a0\u00bb,\u00a0\u00bbname\u00a0\u00bb:\u00a0\u00bbSorties IDF &#038; Oise\u00a0\u00bb,\u00a0\u00bbinactive\u00a0\u00bb:false,\u00a0\u00bbancestors\u00a0\u00bb:{\u00ab\u00a0burger-menu\u00a0\u00bb:[\u00ab\u00a0https:\/\/www.leparisien.fr\/\u00a0\u00bb,\u00a0\u00bb\/culture-loisirs\u00a0\u00bb],\u00a0\u00bbWebsked-plans\u00a0\u00bb:[\u00ab\u00a0https:\/\/www.leparisien.fr\/\u00a0\u00bb,\u00a0\u00bb\/culture-loisirs\u00a0\u00bb],\u00a0\u00bbburger-menu-etudiant\u00a0\u00bb:[],\u00a0\u00bbmenu\u00a0\u00bb:[\u00ab\u00a0\/culture-loisirs\u00a0\u00bb,\u00a0\u00bbhttps:\/\/www.leparisien.fr\/\u00a0\u00bb],\u00a0\u00bbsub-nav\u00a0\u00bb:[\u00ab\u00a0\/culture-loisirs\u00a0\u00bb,\u00a0\u00bbhttps:\/\/www.leparisien.fr\/\u00a0\u00bb],\u00a0\u00bbmobile-menu-sections-list\u00a0\u00bb:[\u00ab\u00a0https:\/\/www.leparisien.fr\/\u00a0\u00bb]},\u00a0\u00bbparent\u00a0\u00bb:{\u00ab\u00a0default\u00a0\u00bb:\u00a0\u00bb\/culture-loisirs\u00a0\u00bb,\u00a0\u00bbburger-menu\u00a0\u00bb:\u00a0\u00bb\/culture-loisirs\u00a0\u00bb,\u00a0\u00bbsub-nav\u00a0\u00bb:\u00a0\u00bb\/culture-loisirs\u00a0\u00bb,\u00a0\u00bbWebsked-plans\u00a0\u00bb:\u00a0\u00bb\/culture-loisirs\u00a0\u00bb,\u00a0\u00bbburger-menu-etudiant\u00a0\u00bb:null,\u00a0\u00bbmenu\u00a0\u00bb:\u00a0\u00bb\/culture-loisirs\u00a0\u00bb,\u00a0\u00bbMaillage_SEO_Surfooter\u00a0\u00bb:\u00a0\u00bb\/culture-loisirs\u00a0\u00bb,\u00a0\u00bbmobile-menu-sections-list\u00a0\u00bb:\u00a0\u00bbhttps:\/\/www.leparisien.fr\/\u00a0\u00bb},\u00a0\u00bborder\u00a0\u00bb:{\u00ab\u00a0burger-menu\u00a0\u00bb:2001,\u00a0\u00bbsub-nav\u00a0\u00bb:2006,\u00a0\u00bbWebsked-plans\u00a0\u00bb:2007,\u00a0\u00bbmenu\u00a0\u00bb:2006,\u00a0\u00bbmobile-menu-sections-list\u00a0\u00bb:1031},\u00a0\u00bbGoogle Analytics\u00a0\u00bb:{\u00ab\u00a0ga_name_level_1&Prime;:\u00a0\u00bbculture-et-loisirs\u00a0\u00bb,\u00a0\u00bbga_name_level_2&Prime;:\u00a0\u00bbsortir-en-region-parisienne\u00a0\u00bb,\u00a0\u00bbga_name_level_3&Prime;:null},\u00a0\u00bbNewsletter\u00a0\u00bb:{\u00ab\u00a0module_message\u00a0\u00bb:\u00a0\u00bbChaque jour, Le Parisien vous partage ses coups de coeur pour se divertir et se cultiver\u00a0\u00bb,\u00a0\u00bbnewsletter_name\u00a0\u00bb:\u00a0\u00bbLa liste de nos envies\u00a0\u00bb,\u00a0\u00bbnewsletter_optin\u00a0\u00bb:\u00a0\u00bboptin_newsletter_thematique_loisirs\u00a0\u00bb,\u00a0\u00bbnewsletter_slug\u00a0\u00bb:\u00a0\u00bbloisirs\u00a0\u00bb},\u00a0\u00bbSponsor\u00a0\u00bb:{\u00ab\u00a0collection_id_for_pinned_content\u00a0\u00bb:\u00a0\u00bbWBHRAYZZ55GVBDEH2YDNQPYDCY\u00a0\u00bb},\u00a0\u00bb_admin\u00a0\u00bb:{\u00ab\u00a0alias_ids\u00a0\u00bb:[]},\u00a0\u00bbsite\u00a0\u00bb:{\u00ab\u00a0site_description\u00a0\u00bb:\u00a0\u00bbVous cherchez \u00e0 vous d\u00e9tendre ? Retrouvez sur le Parisien toutes les id\u00e9es de sorties et bonnes adresses pour profiter des loisirs en r\u00e9gion parisienne !\u00a0\u00bb,\u00a0\u00bbsite_title\u00a0\u00bb:\u00a0\u00bbToutes les sorties et activit\u00e9s en r\u00e9gion parisienne &#8211; Le Parisien\u00a0\u00bb},\u00a0\u00bbstory_list\u00a0\u00bb:{\u00ab\u00a0story_list_content\u00a0\u00bb:{}},\u00a0\u00bbnode_type\u00a0\u00bb:\u00a0\u00bbsection\u00a0\u00bb}},\u00a0\u00bb_website_section_id\u00a0\u00bb:\u00a0\u00bbleparisien.\/culture-loisirs\/sortir-region-parisienne\u00a0\u00bb},{\u00ab\u00a0_id\u00a0\u00bb:\u00a0\u00bb\/culture-loisirs\u00a0\u00bb,\u00a0\u00bb_website\u00a0\u00bb:\u00a0\u00bbleparisien\u00a0\u00bb,\u00a0\u00bbtype\u00a0\u00bb:\u00a0\u00bbsection\u00a0\u00bb,\u00a0\u00bbversion\u00a0\u00bb:\u00a0\u00bb0.6.0&Prime;,\u00a0\u00bbname\u00a0\u00bb:\u00a0\u00bbCulture &#038; loisirs\u00a0\u00bb,\u00a0\u00bbdescription\u00a0\u00bb:\u00a0\u00bbCulture &#038; Loisirs avec Le Parisien : musique, TV, cin\u00e9ma, s\u00e9ries, concerts. Toute l&rsquo;actualit\u00e9 culture, m\u00e9dias, de vos sorties et de vos spectacles.\u00a0\u00bb,\u00a0\u00bbpath\u00a0\u00bb:\u00a0\u00bb\/culture-loisirs\u00a0\u00bb,\u00a0\u00bbparent_id\u00a0\u00bb:\u00a0\u00bbhttps:\/\/www.leparisien.fr\/\u00a0\u00bb,\u00a0\u00bbparent\u00a0\u00bb:{\u00ab\u00a0default\u00a0\u00bb:\u00a0\u00bbhttps:\/\/www.leparisien.fr\/\u00a0\u00bb},\u00a0\u00bbadditional_properties\u00a0\u00bb:{\u00ab\u00a0original\u00a0\u00bb:{\u00ab\u00a0_id\u00a0\u00bb:\u00a0\u00bb\/culture-loisirs\u00a0\u00bb,\u00a0\u00bb_website\u00a0\u00bb:\u00a0\u00bbleparisien\u00a0\u00bb,\u00a0\u00bbname\u00a0\u00bb:\u00a0\u00bbCulture &#038; loisirs\u00a0\u00bb,\u00a0\u00bbinactive\u00a0\u00bb:false,\u00a0\u00bbancestors\u00a0\u00bb:{\u00ab\u00a0burger-menu\u00a0\u00bb:[\u00ab\u00a0https:\/\/www.leparisien.fr\/\u00a0\u00bb],\u00a0\u00bbfooter\u00a0\u00bb:[\u00ab\u00a0https:\/\/www.leparisien.fr\/\u00a0\u00bb],\u00a0\u00bbnavbar\u00a0\u00bb:[\u00ab\u00a0https:\/\/www.leparisien.fr\/\u00a0\u00bb],\u00a0\u00bbAppmobile_burger-menu\u00a0\u00bb:[\u00ab\u00a0https:\/\/www.leparisien.fr\/\u00a0\u00bb],\u00a0\u00bbWebsked-plans\u00a0\u00bb:[\u00ab\u00a0https:\/\/www.leparisien.fr\/\u00a0\u00bb],\u00a0\u00bbmosaic_app\u00a0\u00bb:[\u00ab\u00a0https:\/\/www.leparisien.fr\/\u00a0\u00bb],\u00a0\u00bbburger-menu-etudiant\u00a0\u00bb:[],\u00a0\u00bbnav\u00a0\u00bb:[],\u00a0\u00bbmenu\u00a0\u00bb:[\u00ab\u00a0https:\/\/www.leparisien.fr\/\u00a0\u00bb],\u00a0\u00bbfooter-last\u00a0\u00bb:[],\u00a0\u00bbsub-nav\u00a0\u00bb:[\u00ab\u00a0https:\/\/www.leparisien.fr\/\u00a0\u00bb],\u00a0\u00bbmobile-menu-sections-list\u00a0\u00bb:[\u00ab\u00a0https:\/\/www.leparisien.fr\/\u00a0\u00bb],\u00a0\u00bbdefault\u00a0\u00bb:[\u00ab\u00a0https:\/\/www.leparisien.fr\/\u00a0\u00bb],\u00a0\u00bbsurfooter\u00a0\u00bb:[\u00ab\u00a0https:\/\/www.leparisien.fr\/\u00a0\u00bb],\u00a0\u00bbentretien-exterieurs\u00a0\u00bb:[]},\u00a0\u00bbparent\u00a0\u00bb:{\u00ab\u00a0default\u00a0\u00bb:\u00a0\u00bbhttps:\/\/www.leparisien.fr\/\u00a0\u00bb,\u00a0\u00bbburger-menu\u00a0\u00bb:\u00a0\u00bbhttps:\/\/www.leparisien.fr\/\u00a0\u00bb,\u00a0\u00bbfooter\u00a0\u00bb:\u00a0\u00bbhttps:\/\/www.leparisien.fr\/\u00a0\u00bb,\u00a0\u00bbnavbar\u00a0\u00bb:\u00a0\u00bbhttps:\/\/www.leparisien.fr\/\u00a0\u00bb,\u00a0\u00bbAppmobile_burger-menu\u00a0\u00bb:\u00a0\u00bbhttps:\/\/www.leparisien.fr\/\u00a0\u00bb,\u00a0\u00bbsub-nav\u00a0\u00bb:\u00a0\u00bbhttps:\/\/www.leparisien.fr\/\u00a0\u00bb,\u00a0\u00bbWebsked-plans\u00a0\u00bb:\u00a0\u00bbhttps:\/\/www.leparisien.fr\/\u00a0\u00bb,\u00a0\u00bbmosaic_app\u00a0\u00bb:\u00a0\u00bbhttps:\/\/www.leparisien.fr\/\u00a0\u00bb,\u00a0\u00bbburger-menu-etudiant\u00a0\u00bb:null,\u00a0\u00bbnav\u00a0\u00bb:null,\u00a0\u00bbmenu\u00a0\u00bb:\u00a0\u00bbhttps:\/\/www.leparisien.fr\/\u00a0\u00bb,\u00a0\u00bbMaillage_SEO_Surfooter\u00a0\u00bb:\u00a0\u00bbhttps:\/\/www.leparisien.fr\/\u00a0\u00bb,\u00a0\u00bbfooter-last\u00a0\u00bb:null,\u00a0\u00bbmobile-menu-sections-list\u00a0\u00bb:\u00a0\u00bbhttps:\/\/www.leparisien.fr\/\u00a0\u00bb,\u00a0\u00bbsurfooter\u00a0\u00bb:\u00a0\u00bbhttps:\/\/www.leparisien.fr\/\u00a0\u00bb,\u00a0\u00bbentretien-exterieurs\u00a0\u00bb:null},\u00a0\u00bborder\u00a0\u00bb:{\u00ab\u00a0default\u00a0\u00bb:1091,\u00a0\u00bbburger-menu\u00a0\u00bb:1014,\u00a0\u00bbnavbar\u00a0\u00bb:1007,\u00a0\u00bbAppmobile_burger-menu\u00a0\u00bb:1007,\u00a0\u00bbsub-nav\u00a0\u00bb:1005,\u00a0\u00bbWebsked-plans\u00a0\u00bb:1005,\u00a0\u00bbmosaic_app\u00a0\u00bb:1010,\u00a0\u00bbmenu\u00a0\u00bb:1008,\u00a0\u00bbMaillage_SEO_Surfooter\u00a0\u00bb:1091,\u00a0\u00bbfooter\u00a0\u00bb:1022,\u00a0\u00bbmobile-menu-sections-list\u00a0\u00bb:1021,\u00a0\u00bbsurfooter\u00a0\u00bb:1022},\u00a0\u00bbGoogle Analytics\u00a0\u00bb:{\u00ab\u00a0ga_name_level_1&Prime;:\u00a0\u00bbculture-et-loisirs\u00a0\u00bb,\u00a0\u00bbga_name_level_2&Prime;:null,\u00a0\u00bbga_name_level_3&Prime;:null},\u00a0\u00bbMobile\u00a0\u00bb:{\u00ab\u00a0background_color_section\u00a0\u00bb:\u00a0\u00bb#9A536F\u00a0\u00bb,\u00a0\u00bbbackground_image_section\u00a0\u00bb:\u00a0\u00bbhttps:\/\/assets.leparisien.fr\/mobile\/images\/explorer\/culture_loisirs.png\u00a0\u00bb},\u00a0\u00bbNewsletter\u00a0\u00bb:{\u00ab\u00a0module_message\u00a0\u00bb:null,\u00a0\u00bbnewsletter_color\u00a0\u00bb:\u00a0\u00bb#D74D8F\u00a0\u00bb,\u00a0\u00bbnewsletter_image\u00a0\u00bb:\u00a0\u00bbnewsletter-loisirs-logo.png\u00a0\u00bb,\u00a0\u00bbnewsletter_label\u00a0\u00bb:\u00a0\u00bbLa liste de nos envies\u00a0\u00bb,\u00a0\u00bbnewsletter_name\u00a0\u00bb:null,\u00a0\u00bbnewsletter_optin\u00a0\u00bb:\u00a0\u00bboptin_newsletter_thematique_loisirs\u00a0\u00bb,\u00a0\u00bbnewsletter_slug\u00a0\u00bb:\u00a0\u00bbloisirs\u00a0\u00bb,\u00a0\u00bbnewsletter_title\u00a0\u00bb:\u00a0\u00bbNos coups de c\u0153ur pour se divertir et se cultiver.\u00a0\u00bb},\u00a0\u00bbSponsor\u00a0\u00bb:{\u00ab\u00a0collection_id_for_pinned_content\u00a0\u00bb:\u00a0\u00bbJH3POPHOSZGXRAQMAERYCYI4M4&Prime;},\u00a0\u00bb_admin\u00a0\u00bb:{\u00ab\u00a0alias_ids\u00a0\u00bb:[]},\u00a0\u00bbheader\u00a0\u00bb:{\u00ab\u00a0title_logo_only\u00a0\u00bb:\u00a0\u00bbfalse\u00a0\u00bb},\u00a0\u00bbsite\u00a0\u00bb:{\u00ab\u00a0site_description\u00a0\u00bb:\u00a0\u00bbCulture &#038; Loisirs avec Le Parisien : musique, TV, cin\u00e9ma, s\u00e9ries, concerts. Toute l&rsquo;actualit\u00e9 culture, m\u00e9dias, de vos sorties et de vos spectacles.\u00a0\u00bb,\u00a0\u00bbsite_title\u00a0\u00bb:\u00a0\u00bbCulture &#038; Loisirs : info culture, TV, cin\u00e9ma, sorties, concerts &#8211; Le Parisien\u00a0\u00bb},\u00a0\u00bbstory_list\u00a0\u00bb:{\u00ab\u00a0story_list_content\u00a0\u00bb:{}},\u00a0\u00bbnode_type\u00a0\u00bb:\u00a0\u00bbsection\u00a0\u00bb}},\u00a0\u00bb_website_section_id\u00a0\u00bb:\u00a0\u00bbleparisien.\/culture-loisirs\u00a0\u00bb}],\u00a0\u00bbsites\u00a0\u00bb:[{\u00ab\u00a0_id\u00a0\u00bb:\u00a0\u00bb\/meteo\u00a0\u00bb,\u00a0\u00bbtype\u00a0\u00bb:\u00a0\u00bbsite\u00a0\u00bb,\u00a0\u00bbversion\u00a0\u00bb:\u00a0\u00bb0.5.8&Prime;,\u00a0\u00bbname\u00a0\u00bb:\u00a0\u00bbM\u00e9t\u00e9o\u00a0\u00bb,\u00a0\u00bbdescription\u00a0\u00bb:\u00a0\u00bbObservations en temps r\u00e9el et pr\u00e9visions m\u00e9t\u00e9o \u00e0 5 jours &#8211; Le temps \u00e0 Paris, Bordeaux, Marseille, Lille\u2026 Suivez toute la m\u00e9t\u00e9o en France et en Europe sur leParisien.fr\u00a0\u00bb,\u00a0\u00bbpath\u00a0\u00bb:\u00a0\u00bb\/meteo\u00a0\u00bb,\u00a0\u00bbparent_id\u00a0\u00bb:\u00a0\u00bbhttps:\/\/www.leparisien.fr\/\u00a0\u00bb,\u00a0\u00bbadditional_properties\u00a0\u00bb:{\u00ab\u00a0original\u00a0\u00bb:{\u00ab\u00a0_id\u00a0\u00bb:\u00a0\u00bb\/meteo\u00a0\u00bb,\u00a0\u00bbname\u00a0\u00bb:\u00a0\u00bbM\u00e9t\u00e9o\u00a0\u00bb,\u00a0\u00bbinactive\u00a0\u00bb:false,\u00a0\u00bbancestors\u00a0\u00bb:{\u00ab\u00a0default\u00a0\u00bb:[\u00ab\u00a0https:\/\/www.leparisien.fr\/\u00a0\u00bb],\u00a0\u00bbWebsked-plans\u00a0\u00bb:[\u00ab\u00a0https:\/\/www.leparisien.fr\/\u00a0\u00bb],\u00a0\u00bbsub-nav\u00a0\u00bb:[\u00ab\u00a0https:\/\/www.leparisien.fr\/\u00a0\u00bb],\u00a0\u00bbburger-menu\u00a0\u00bb:[\u00ab\u00a0https:\/\/www.leparisien.fr\/\u00a0\u00bb,\u00a0\u00bb\/societe\u00a0\u00bb],\u00a0\u00bbburger-menu-etudiant\u00a0\u00bb:[],\u00a0\u00bbmenu\u00a0\u00bb:[\u00ab\u00a0https:\/\/www.leparisien.fr\/\u00a0\u00bb],\u00a0\u00bbMaillage_SEO_Surfooter\u00a0\u00bb:[],\u00a0\u00bbfooter\u00a0\u00bb:[\u00ab\u00a0https:\/\/www.leparisien.fr\/\u00a0\u00bb],\u00a0\u00bbmobile-menu-sections-list\u00a0\u00bb:[\u00ab\u00a0https:\/\/www.leparisien.fr\/\u00a0\u00bb],\u00a0\u00bbsurfooter\u00a0\u00bb:[\u00ab\u00a0https:\/\/www.leparisien.fr\/\u00a0\u00bb]},\u00a0\u00bbparent\u00a0\u00bb:{\u00ab\u00a0default\u00a0\u00bb:\u00a0\u00bbhttps:\/\/www.leparisien.fr\/\u00a0\u00bb,\u00a0\u00bbWebsked-plans\u00a0\u00bb:\u00a0\u00bbhttps:\/\/www.leparisien.fr\/\u00a0\u00bb,\u00a0\u00bbsub-nav\u00a0\u00bb:\u00a0\u00bbhttps:\/\/www.leparisien.fr\/\u00a0\u00bb,\u00a0\u00bbburger-menu\u00a0\u00bb:\u00a0\u00bb\/societe\u00a0\u00bb,\u00a0\u00bbburger-menu-etudiant\u00a0\u00bb:null,\u00a0\u00bbmenu\u00a0\u00bb:\u00a0\u00bbhttps:\/\/www.leparisien.fr\/\u00a0\u00bb,\u00a0\u00bbMaillage_SEO_Surfooter\u00a0\u00bb:\u00a0\u00bbhttps:\/\/www.leparisien.fr\/\u00a0\u00bb,\u00a0\u00bbfooter\u00a0\u00bb:\u00a0\u00bbhttps:\/\/www.leparisien.fr\/\u00a0\u00bb,\u00a0\u00bbmobile-menu-sections-list\u00a0\u00bb:\u00a0\u00bbhttps:\/\/www.leparisien.fr\/\u00a0\u00bb,\u00a0\u00bbsurfooter\u00a0\u00bb:\u00a0\u00bbhttps:\/\/www.leparisien.fr\/\u00a0\u00bb},\u00a0\u00bborder\u00a0\u00bb:{\u00ab\u00a0Websked-plans\u00a0\u00bb:1016,\u00a0\u00bbdefault\u00a0\u00bb:1010,\u00a0\u00bbburger-menu\u00a0\u00bb:2005,\u00a0\u00bbmenu\u00a0\u00bb:1014,\u00a0\u00bbMaillage_SEO_Surfooter\u00a0\u00bb:1076,\u00a0\u00bbsub-nav\u00a0\u00bb:1016,\u00a0\u00bbfooter\u00a0\u00bb:1009,\u00a0\u00bbmobile-menu-sections-list\u00a0\u00bb:1009,\u00a0\u00bbsurfooter\u00a0\u00bb:1009},\u00a0\u00bbGoogle Analytics\u00a0\u00bb:{\u00ab\u00a0ga_name_level_1&Prime;:\u00a0\u00bbmeteo\u00a0\u00bb,\u00a0\u00bbga_name_level_2&Prime;:null,\u00a0\u00bbga_name_level_3&Prime;:null},\u00a0\u00bbMobile\u00a0\u00bb:{\u00ab\u00a0label\u00a0\u00bb:null,\u00a0\u00bbxtpage\u00a0\u00bb:null},\u00a0\u00bbNewsletter\u00a0\u00bb:{\u00ab\u00a0module_message\u00a0\u00bb:null,\u00a0\u00bbnewsletter_name\u00a0\u00bb:\u00a0\u00bbL&rsquo;Essentiel de l&rsquo;actu\u00a0\u00bb,\u00a0\u00bbnewsletter_optin\u00a0\u00bb:\u00a0\u00bb{\\\u00a0\u00bboptin_newsletter\\\u00a0\u00bb:1}\u00a0\u00bb},\u00a0\u00bbSponsor\u00a0\u00bb:{\u00ab\u00a0collection_id_for_pinned_content\u00a0\u00bb:\u00a0\u00bbHALPYGG7M5FNVD5C3NHQ3V3O2A\u00a0\u00bb,\u00a0\u00bbsponsor_logo_url\u00a0\u00bb:null,\u00a0\u00bbsponsor_message\u00a0\u00bb:null,\u00a0\u00bbsponsor_name\u00a0\u00bb:null,\u00a0\u00bbsponsor_type\u00a0\u00bb:null},\u00a0\u00bb_admin\u00a0\u00bb:{\u00ab\u00a0alias_ids\u00a0\u00bb:[\u00ab\u00a0\/meteo\u00a0\u00bb],\u00a0\u00bbcommercial_node\u00a0\u00bb:null,\u00a0\u00bbdefault_content\u00a0\u00bb:null,\u00a0\u00bbdo_not_show_on_site\u00a0\u00bb:null,\u00a0\u00bbtracking_node\u00a0\u00bb:null},\u00a0\u00bbin_the_news\u00a0\u00bb:{\u00ab\u00a0in_the_news_usebasepage\u00a0\u00bb:\u00a0\u00bb\/in-the-news-forsections\/\u00a0\u00bb,\u00a0\u00bbin_the_news_usefeature\u00a0\u00bb:null,\u00a0\u00bbin_the_news_usesectionbar\u00a0\u00bb:\u00a0\u00bbfalse\u00a0\u00bb},\u00a0\u00bbnavigation\u00a0\u00bb:{\u00ab\u00a0display_in_top_strip\u00a0\u00bb:null,\u00a0\u00bbnav_display\u00a0\u00bb:null,\u00a0\u00bbnav_title\u00a0\u00bb:null},\u00a0\u00bbsite\u00a0\u00bb:{\u00ab\u00a0amp_deactivated\u00a0\u00bb:\u00a0\u00bbfalse\u00a0\u00bb,\u00a0\u00bbnative_app_rendering\u00a0\u00bb:null,\u00a0\u00bbpagebuilder_path_for_native_apps\u00a0\u00bb:null,\u00a0\u00bbpaywall_deactivated\u00a0\u00bb:\u00a0\u00bbfalse\u00a0\u00bb,\u00a0\u00bbsection_show_videos\u00a0\u00bb:\u00a0\u00bbtrue\u00a0\u00bb,\u00a0\u00bbsite_about\u00a0\u00bb:null,\u00a0\u00bbsite_description\u00a0\u00bb:\u00a0\u00bbObservations en temps r\u00e9el et pr\u00e9visions m\u00e9t\u00e9o \u00e0 5 jours &#8211; Le temps \u00e0 Paris, Bordeaux, Marseille, Lille\u2026 Suivez toute la m\u00e9t\u00e9o en France et en Europe sur leParisien.fr\u00a0\u00bb,\u00a0\u00bbsite_keywords\u00a0\u00bb:null,\u00a0\u00bbsite_tagline\u00a0\u00bb:null,\u00a0\u00bbsite_title\u00a0\u00bb:\u00a0\u00bbActualit\u00e9s et pr\u00e9visions m\u00e9t\u00e9o \u00e0 7 jours Paris et IDF &#8211; Le Parisien M\u00e9t\u00e9o\u00a0\u00bb,\u00a0\u00bbsite_url\u00a0\u00bb:null},\u00a0\u00bbsocial\u00a0\u00bb:{\u00ab\u00a0archives\u00a0\u00bb:null,\u00a0\u00bbfacebook\u00a0\u00bb:null,\u00a0\u00bbrss\u00a0\u00bb:null,\u00a0\u00bbtwitter\u00a0\u00bb:null},\u00a0\u00bbstory_list\u00a0\u00bb:{\u00ab\u00a0story_list_content\u00a0\u00bb:{}},\u00a0\u00bbnode_type\u00a0\u00bb:\u00a0\u00bbsection\u00a0\u00bb}}},{\u00ab\u00a0_id\u00a0\u00bb:\u00a0\u00bb\/oise-60&Prime;,\u00a0\u00bbtype\u00a0\u00bb:\u00a0\u00bbsite\u00a0\u00bb,\u00a0\u00bbversion\u00a0\u00bb:\u00a0\u00bb0.5.8&Prime;,\u00a0\u00bbname\u00a0\u00bb:\u00a0\u00bbOise\u00a0\u00bb,\u00a0\u00bbdescription\u00a0\u00bb:\u00a0\u00bbSuivez l&rsquo;actualit\u00e9 dans votre ville dans l&rsquo;Oise en direct et en vid\u00e9o sur le Parisien.fr\u00a0\u00bb,\u00a0\u00bbpath\u00a0\u00bb:\u00a0\u00bb\/oise-60&Prime;,\u00a0\u00bbparent_id\u00a0\u00bb:\u00a0\u00bb\/info-paris-ile-de-france-oise\u00a0\u00bb,\u00a0\u00bbadditional_properties\u00a0\u00bb:{\u00ab\u00a0original\u00a0\u00bb:{\u00ab\u00a0_id\u00a0\u00bb:\u00a0\u00bb\/oise-60&Prime;,\u00a0\u00bbname\u00a0\u00bb:\u00a0\u00bbOise\u00a0\u00bb,\u00a0\u00bbinactive\u00a0\u00bb:false,\u00a0\u00bbancestors\u00a0\u00bb:{\u00ab\u00a0burger-menu\u00a0\u00bb:[\u00ab\u00a0https:\/\/www.leparisien.fr\/\u00a0\u00bb,\u00a0\u00bb\/info-paris-ile-de-france-oise\u00a0\u00bb],\u00a0\u00bbnavbar\u00a0\u00bb:[\u00ab\u00a0https:\/\/www.leparisien.fr\/\u00a0\u00bb,\u00a0\u00bb\/info-paris-ile-de-france-oise\u00a0\u00bb],\u00a0\u00bbsub-nav\u00a0\u00bb:[\u00ab\u00a0\/info-paris-ile-de-france-oise\u00a0\u00bb],\u00a0\u00bbWebsked-plans\u00a0\u00bb:[\u00ab\u00a0https:\/\/www.leparisien.fr\/\u00a0\u00bb],\u00a0\u00bbburger-menu-etudiant\u00a0\u00bb:[],\u00a0\u00bbnav\u00a0\u00bb:[\u00ab\u00a0\/info-paris-ile-de-france-oise\u00a0\u00bb,\u00a0\u00bbhttps:\/\/www.leparisien.fr\/\u00a0\u00bb],\u00a0\u00bbmenu\u00a0\u00bb:[\u00ab\u00a0\/info-paris-ile-de-france-oise\u00a0\u00bb,\u00a0\u00bbhttps:\/\/www.leparisien.fr\/\u00a0\u00bb],\u00a0\u00bbfooter\u00a0\u00bb:[\u00ab\u00a0https:\/\/www.leparisien.fr\/\u00a0\u00bb],\u00a0\u00bbmobile-menu-districts\u00a0\u00bb:[\u00ab\u00a0https:\/\/www.leparisien.fr\/\u00a0\u00bb],\u00a0\u00bbsurfooter\u00a0\u00bb:[\u00ab\u00a0https:\/\/www.leparisien.fr\/\u00a0\u00bb]},\u00a0\u00bbparent\u00a0\u00bb:{\u00ab\u00a0default\u00a0\u00bb:\u00a0\u00bb\/info-paris-ile-de-france-oise\u00a0\u00bb,\u00a0\u00bbburger-menu\u00a0\u00bb:\u00a0\u00bb\/info-paris-ile-de-france-oise\u00a0\u00bb,\u00a0\u00bbnavbar\u00a0\u00bb:\u00a0\u00bb\/info-paris-ile-de-france-oise\u00a0\u00bb,\u00a0\u00bbsub-nav\u00a0\u00bb:\u00a0\u00bb\/info-paris-ile-de-france-oise\u00a0\u00bb,\u00a0\u00bbWebsked-plans\u00a0\u00bb:\u00a0\u00bbhttps:\/\/www.leparisien.fr\/\u00a0\u00bb,\u00a0\u00bbburger-menu-etudiant\u00a0\u00bb:null,\u00a0\u00bbnav\u00a0\u00bb:\u00a0\u00bb\/info-paris-ile-de-france-oise\u00a0\u00bb,\u00a0\u00bbmenu\u00a0\u00bb:\u00a0\u00bb\/info-paris-ile-de-france-oise\u00a0\u00bb,\u00a0\u00bbMaillage_SEO_Surfooter\u00a0\u00bb:\u00a0\u00bb\/info-paris-ile-de-france-oise\u00a0\u00bb,\u00a0\u00bbfooter\u00a0\u00bb:\u00a0\u00bbhttps:\/\/www.leparisien.fr\/\u00a0\u00bb,\u00a0\u00bbmobile-menu-districts\u00a0\u00bb:\u00a0\u00bbhttps:\/\/www.leparisien.fr\/\u00a0\u00bb,\u00a0\u00bbsurfooter\u00a0\u00bb:\u00a0\u00bbhttps:\/\/www.leparisien.fr\/\u00a0\u00bb},\u00a0\u00bborder\u00a0\u00bb:{\u00ab\u00a0default\u00a0\u00bb:2011,\u00a0\u00bbburger-menu\u00a0\u00bb:2009,\u00a0\u00bbnavbar\u00a0\u00bb:2009,\u00a0\u00bbsub-nav\u00a0\u00bb:2004,\u00a0\u00bbWebsked-plans\u00a0\u00bb:1031,\u00a0\u00bbnav\u00a0\u00bb:2009,\u00a0\u00bbmenu\u00a0\u00bb:2009,\u00a0\u00bbMaillage_SEO_Surfooter\u00a0\u00bb:2011,\u00a0\u00bbfooter\u00a0\u00bb:1008,\u00a0\u00bbmobile-menu-districts\u00a0\u00bb:1009,\u00a0\u00bbsurfooter\u00a0\u00bb:1008},\u00a0\u00bbGoogle Analytics\u00a0\u00bb:{\u00ab\u00a0ga_name_level_1&Prime;:\u00a0\u00bbma-ville\u00a0\u00bb,\u00a0\u00bbga_name_level_2&Prime;:\u00a0\u00bboise\u00a0\u00bb},\u00a0\u00bbMobile\u00a0\u00bb:{\u00ab\u00a0alternative_subtitle\u00a0\u00bb:\u00a0\u00bbOise\u00a0\u00bb,\u00a0\u00bbalternative_title\u00a0\u00bb:\u00a0\u00bb60&Prime;,\u00a0\u00bbbackground_image_section\u00a0\u00bb:\u00a0\u00bbhttps:\/\/assets.leparisien.fr\/mobile\/images\/search-menu\/60-oise.png\u00a0\u00bb},\u00a0\u00bbNewsletter\u00a0\u00bb:{\u00ab\u00a0module_message\u00a0\u00bb:\u00a0\u00bbChaque matin, l&rsquo;actualit\u00e9 de votre d\u00e9partement vue par Le Parisien\u00a0\u00bb,\u00a0\u00bbnewsletter_color\u00a0\u00bb:\u00a0\u00bb#1EA0E6&Prime;,\u00a0\u00bbnewsletter_image\u00a0\u00bb:\u00a0\u00bbnewsletter-oise-logo.png\u00a0\u00bb,\u00a0\u00bbnewsletter_label\u00a0\u00bb:\u00a0\u00bbL&rsquo;essentiel du 60&Prime;,\u00a0\u00bbnewsletter_name\u00a0\u00bb:\u00a0\u00bbNewsletter Oise\u00a0\u00bb,\u00a0\u00bbnewsletter_optin\u00a0\u00bb:\u00a0\u00bboptin_newsletter_thematique_oise\u00a0\u00bb,\u00a0\u00bbnewsletter_slug\u00a0\u00bb:\u00a0\u00bboise\u00a0\u00bb,\u00a0\u00bbnewsletter_title\u00a0\u00bb:\u00a0\u00bbUn tour de l&rsquo;actualit\u00e9 de l&rsquo;Oise et de l&rsquo;IDF\u00a0\u00bb},\u00a0\u00bbSponsor\u00a0\u00bb:{\u00ab\u00a0collection_id_for_pinned_content\u00a0\u00bb:\u00a0\u00bbPBSCZUEYOZDZHEOQVFYB3W55VA\u00a0\u00bb},\u00a0\u00bb_admin\u00a0\u00bb:{\u00ab\u00a0alias_ids\u00a0\u00bb:[]},\u00a0\u00bbheader\u00a0\u00bb:{\u00ab\u00a0title_logo_size_mobile\u00a0\u00bb:\u00a0\u00bb10X10&Prime;},\u00a0\u00bbsite\u00a0\u00bb:{\u00ab\u00a0section_type\u00a0\u00bb:\u00a0\u00bbevent-light\u00a0\u00bb,\u00a0\u00bbsite_description\u00a0\u00bb:\u00a0\u00bbSuivez l&rsquo;actualit\u00e9 dans votre ville dans l&rsquo;Oise en direct et en vid\u00e9o sur le Parisien.fr\u00a0\u00bb,\u00a0\u00bbsite_title\u00a0\u00bb:\u00a0\u00bbActualit\u00e9s Oise 60 &#8211; Infos Oise 60 &#8211; Info locale &#8211; Le Parisien\u00a0\u00bb},\u00a0\u00bbstory_list\u00a0\u00bb:{\u00ab\u00a0story_list_content\u00a0\u00bb:{}}}}},{\u00ab\u00a0_id\u00a0\u00bb:\u00a0\u00bb\/seine-et-marne-77&Prime;,\u00a0\u00bbtype\u00a0\u00bb:\u00a0\u00bbsite\u00a0\u00bb,\u00a0\u00bbversion\u00a0\u00bb:\u00a0\u00bb0.5.8&Prime;,\u00a0\u00bbname\u00a0\u00bb:\u00a0\u00bbSeine-et-Marne\u00a0\u00bb,\u00a0\u00bbdescription\u00a0\u00bb:\u00a0\u00bbSuivez l&rsquo;actualit\u00e9 dans votre ville en Seine-et-Marne en direct et en vid\u00e9o sur le Parisien.fr\u00a0\u00bb,\u00a0\u00bbpath\u00a0\u00bb:\u00a0\u00bb\/seine-et-marne-77&Prime;,\u00a0\u00bbparent_id\u00a0\u00bb:\u00a0\u00bb\/info-paris-ile-de-france-oise\u00a0\u00bb,\u00a0\u00bbadditional_properties\u00a0\u00bb:{\u00ab\u00a0original\u00a0\u00bb:{\u00ab\u00a0_id\u00a0\u00bb:\u00a0\u00bb\/seine-et-marne-77&Prime;,\u00a0\u00bbname\u00a0\u00bb:\u00a0\u00bbSeine-et-Marne\u00a0\u00bb,\u00a0\u00bbinactive\u00a0\u00bb:false,\u00a0\u00bbancestors\u00a0\u00bb:{\u00ab\u00a0burger-menu\u00a0\u00bb:[\u00ab\u00a0https:\/\/www.leparisien.fr\/\u00a0\u00bb,\u00a0\u00bb\/info-paris-ile-de-france-oise\u00a0\u00bb],\u00a0\u00bbnavbar\u00a0\u00bb:[\u00ab\u00a0https:\/\/www.leparisien.fr\/\u00a0\u00bb,\u00a0\u00bb\/info-paris-ile-de-france-oise\u00a0\u00bb],\u00a0\u00bbsub-nav\u00a0\u00bb:[\u00ab\u00a0\/info-paris-ile-de-france-oise\u00a0\u00bb],\u00a0\u00bbWebsked-plans\u00a0\u00bb:[\u00ab\u00a0https:\/\/www.leparisien.fr\/\u00a0\u00bb],\u00a0\u00bbnav\u00a0\u00bb:[\u00ab\u00a0\/info-paris-ile-de-france-oise\u00a0\u00bb,\u00a0\u00bbhttps:\/\/www.leparisien.fr\/\u00a0\u00bb],\u00a0\u00bbmenu\u00a0\u00bb:[\u00ab\u00a0\/info-paris-ile-de-france-oise\u00a0\u00bb,\u00a0\u00bbhttps:\/\/www.leparisien.fr\/\u00a0\u00bb],\u00a0\u00bbfooter\u00a0\u00bb:[\u00ab\u00a0https:\/\/www.leparisien.fr\/\u00a0\u00bb],\u00a0\u00bbmobile-menu-districts\u00a0\u00bb:[\u00ab\u00a0https:\/\/www.leparisien.fr\/\u00a0\u00bb],\u00a0\u00bbsurfooter\u00a0\u00bb:[\u00ab\u00a0https:\/\/www.leparisien.fr\/\u00a0\u00bb]},\u00a0\u00bbparent\u00a0\u00bb:{\u00ab\u00a0default\u00a0\u00bb:\u00a0\u00bb\/info-paris-ile-de-france-oise\u00a0\u00bb,\u00a0\u00bbburger-menu\u00a0\u00bb:\u00a0\u00bb\/info-paris-ile-de-france-oise\u00a0\u00bb,\u00a0\u00bbnavbar\u00a0\u00bb:\u00a0\u00bb\/info-paris-ile-de-france-oise\u00a0\u00bb,\u00a0\u00bbsub-nav\u00a0\u00bb:\u00a0\u00bb\/info-paris-ile-de-france-oise\u00a0\u00bb,\u00a0\u00bbWebsked-plans\u00a0\u00bb:\u00a0\u00bbhttps:\/\/www.leparisien.fr\/\u00a0\u00bb,\u00a0\u00bbnav\u00a0\u00bb:\u00a0\u00bb\/info-paris-ile-de-france-oise\u00a0\u00bb,\u00a0\u00bbmenu\u00a0\u00bb:\u00a0\u00bb\/info-paris-ile-de-france-oise\u00a0\u00bb,\u00a0\u00bbMaillage_SEO_Surfooter\u00a0\u00bb:\u00a0\u00bb\/info-paris-ile-de-france-oise\u00a0\u00bb,\u00a0\u00bbfooter\u00a0\u00bb:\u00a0\u00bbhttps:\/\/www.leparisien.fr\/\u00a0\u00bb,\u00a0\u00bbmobile-menu-districts\u00a0\u00bb:\u00a0\u00bbhttps:\/\/www.leparisien.fr\/\u00a0\u00bb,\u00a0\u00bbsurfooter\u00a0\u00bb:\u00a0\u00bbhttps:\/\/www.leparisien.fr\/\u00a0\u00bb},\u00a0\u00bborder\u00a0\u00bb:{\u00ab\u00a0default\u00a0\u00bb:2006,\u00a0\u00bbburger-menu\u00a0\u00bb:2007,\u00a0\u00bbnavbar\u00a0\u00bb:2006,\u00a0\u00bbsub-nav\u00a0\u00bb:2005,\u00a0\u00bbWebsked-plans\u00a0\u00bb:1026,\u00a0\u00bbnav\u00a0\u00bb:2007,\u00a0\u00bbmenu\u00a0\u00bb:2007,\u00a0\u00bbMaillage_SEO_Surfooter\u00a0\u00bb:2006,\u00a0\u00bbfooter\u00a0\u00bb:1007,\u00a0\u00bbmobile-menu-districts\u00a0\u00bb:1007,\u00a0\u00bbsurfooter\u00a0\u00bb:1007},\u00a0\u00bbGoogle Analytics\u00a0\u00bb:{\u00ab\u00a0ga_name_level_1&Prime;:\u00a0\u00bbma-ville\u00a0\u00bb,\u00a0\u00bbga_name_level_2&Prime;:\u00a0\u00bbseine-et-marne\u00a0\u00bb},\u00a0\u00bbMobile\u00a0\u00bb:{\u00ab\u00a0alternative_subtitle\u00a0\u00bb:\u00a0\u00bbSeine-et-Marne\u00a0\u00bb,\u00a0\u00bbalternative_title\u00a0\u00bb:\u00a0\u00bb77&Prime;,\u00a0\u00bbbackground_image_section\u00a0\u00bb:\u00a0\u00bbhttps:\/\/assets.leparisien.fr\/mobile\/images\/search-menu\/77-seine-et-marne.png\u00a0\u00bb},\u00a0\u00bbNewsletter\u00a0\u00bb:{\u00ab\u00a0module_message\u00a0\u00bb:\u00a0\u00bbChaque matin, l&rsquo;actualit\u00e9 de votre d\u00e9partement vue par Le Parisien\u00a0\u00bb,\u00a0\u00bbnewsletter_color\u00a0\u00bb:\u00a0\u00bb#1EA0E6&Prime;,\u00a0\u00bbnewsletter_image\u00a0\u00bb:\u00a0\u00bbnewsletter-seineetmarne-logo.png\u00a0\u00bb,\u00a0\u00bbnewsletter_label\u00a0\u00bb:\u00a0\u00bbL&rsquo;essentiel du 77&Prime;,\u00a0\u00bbnewsletter_name\u00a0\u00bb:\u00a0\u00bbNewsletter Seine-et-Marne\u00a0\u00bb,\u00a0\u00bbnewsletter_optin\u00a0\u00bb:\u00a0\u00bboptin_newsletter_thematique_seine_et_marne\u00a0\u00bb,\u00a0\u00bbnewsletter_slug\u00a0\u00bb:\u00a0\u00bbseineetmarne\u00a0\u00bb,\u00a0\u00bbnewsletter_title\u00a0\u00bb:\u00a0\u00bbUn tour de l&rsquo;actualit\u00e9 de la Seine-et-Marne et de l&rsquo;IDF\u00a0\u00bb},\u00a0\u00bbSponsor\u00a0\u00bb:{\u00ab\u00a0collection_id_for_pinned_content\u00a0\u00bb:\u00a0\u00bbJI2FP5Z3IZBC3ED4STQG5U7AHM\u00a0\u00bb},\u00a0\u00bb_admin\u00a0\u00bb:{\u00ab\u00a0alias_ids\u00a0\u00bb:[]},\u00a0\u00bbheader\u00a0\u00bb:{\u00ab\u00a0title_logo_size_mobile\u00a0\u00bb:\u00a0\u00bb10X10&Prime;},\u00a0\u00bbsite\u00a0\u00bb:{\u00ab\u00a0section_type\u00a0\u00bb:\u00a0\u00bbevent-light\u00a0\u00bb,\u00a0\u00bbsite_description\u00a0\u00bb:\u00a0\u00bbSuivez l&rsquo;actualit\u00e9 dans votre ville en Seine-et-Marne en direct et en vid\u00e9o sur le Parisien.fr\u00a0\u00bb,\u00a0\u00bbsite_title\u00a0\u00bb:\u00a0\u00bbActualit\u00e9s Seine et Marne 77 &#8211; Infos Seine et Marne 77 &#8211; Info locale &#8211; Le Parisien\u00a0\u00bb},\u00a0\u00bbstory_list\u00a0\u00bb:{\u00ab\u00a0story_list_content\u00a0\u00bb:{}}}}},{\u00ab\u00a0_id\u00a0\u00bb:\u00a0\u00bb\/val-de-marne-94&Prime;,\u00a0\u00bbtype\u00a0\u00bb:\u00a0\u00bbsite\u00a0\u00bb,\u00a0\u00bbversion\u00a0\u00bb:\u00a0\u00bb0.5.8&Prime;,\u00a0\u00bbname\u00a0\u00bb:\u00a0\u00bbVal-de-Marne\u00a0\u00bb,\u00a0\u00bbdescription\u00a0\u00bb:\u00a0\u00bbSuivez l&rsquo;actualit\u00e9 dans votre ville du Val-de-Marne en direct et en vid\u00e9o sur le Parisien.fr\u00a0\u00bb,\u00a0\u00bbpath\u00a0\u00bb:\u00a0\u00bb\/val-de-marne-94&Prime;,\u00a0\u00bbparent_id\u00a0\u00bb:\u00a0\u00bb\/info-paris-ile-de-france-oise\u00a0\u00bb,\u00a0\u00bbadditional_properties\u00a0\u00bb:{\u00ab\u00a0original\u00a0\u00bb:{\u00ab\u00a0_id\u00a0\u00bb:\u00a0\u00bb\/val-de-marne-94&Prime;,\u00a0\u00bbname\u00a0\u00bb:\u00a0\u00bbVal-de-Marne\u00a0\u00bb,\u00a0\u00bbinactive\u00a0\u00bb:false,\u00a0\u00bbancestors\u00a0\u00bb:{\u00ab\u00a0burger-menu\u00a0\u00bb:[\u00ab\u00a0https:\/\/www.leparisien.fr\/\u00a0\u00bb,\u00a0\u00bb\/info-paris-ile-de-france-oise\u00a0\u00bb],\u00a0\u00bbnavbar\u00a0\u00bb:[\u00ab\u00a0https:\/\/www.leparisien.fr\/\u00a0\u00bb,\u00a0\u00bb\/info-paris-ile-de-france-oise\u00a0\u00bb],\u00a0\u00bbWebsked-plans\u00a0\u00bb:[\u00ab\u00a0https:\/\/www.leparisien.fr\/\u00a0\u00bb],\u00a0\u00bbburger-menu-etudiant\u00a0\u00bb:[],\u00a0\u00bbnav\u00a0\u00bb:[\u00ab\u00a0\/info-paris-ile-de-france-oise\u00a0\u00bb,\u00a0\u00bbhttps:\/\/www.leparisien.fr\/\u00a0\u00bb],\u00a0\u00bbmenu\u00a0\u00bb:[\u00ab\u00a0\/info-paris-ile-de-france-oise\u00a0\u00bb,\u00a0\u00bbhttps:\/\/www.leparisien.fr\/\u00a0\u00bb],\u00a0\u00bbfooter\u00a0\u00bb:[\u00ab\u00a0https:\/\/www.leparisien.fr\/\u00a0\u00bb],\u00a0\u00bbmobile-menu-districts\u00a0\u00bb:[\u00ab\u00a0https:\/\/www.leparisien.fr\/\u00a0\u00bb],\u00a0\u00bbsurfooter\u00a0\u00bb:[\u00ab\u00a0https:\/\/www.leparisien.fr\/\u00a0\u00bb]},\u00a0\u00bbparent\u00a0\u00bb:{\u00ab\u00a0default\u00a0\u00bb:\u00a0\u00bb\/info-paris-ile-de-france-oise\u00a0\u00bb,\u00a0\u00bbburger-menu\u00a0\u00bb:\u00a0\u00bb\/info-paris-ile-de-france-oise\u00a0\u00bb,\u00a0\u00bbnavbar\u00a0\u00bb:\u00a0\u00bb\/info-paris-ile-de-france-oise\u00a0\u00bb,\u00a0\u00bbsub-nav\u00a0\u00bb:\u00a0\u00bb\/info-paris-ile-de-france-oise\u00a0\u00bb,\u00a0\u00bbWebsked-plans\u00a0\u00bb:\u00a0\u00bbhttps:\/\/www.leparisien.fr\/\u00a0\u00bb,\u00a0\u00bbburger-menu-etudiant\u00a0\u00bb:null,\u00a0\u00bbnav\u00a0\u00bb:\u00a0\u00bb\/info-paris-ile-de-france-oise\u00a0\u00bb,\u00a0\u00bbmenu\u00a0\u00bb:\u00a0\u00bb\/info-paris-ile-de-france-oise\u00a0\u00bb,\u00a0\u00bbMaillage_SEO_Surfooter\u00a0\u00bb:\u00a0\u00bb\/info-paris-ile-de-france-oise\u00a0\u00bb,\u00a0\u00bbfooter\u00a0\u00bb:\u00a0\u00bbhttps:\/\/www.leparisien.fr\/\u00a0\u00bb,\u00a0\u00bbmobile-menu-districts\u00a0\u00bb:\u00a0\u00bbhttps:\/\/www.leparisien.fr\/\u00a0\u00bb,\u00a0\u00bbsurfooter\u00a0\u00bb:\u00a0\u00bbhttps:\/\/www.leparisien.fr\/\u00a0\u00bb},\u00a0\u00bborder\u00a0\u00bb:{\u00ab\u00a0default\u00a0\u00bb:2004,\u00a0\u00bbburger-menu\u00a0\u00bb:2006,\u00a0\u00bbnavbar\u00a0\u00bb:2004,\u00a0\u00bbsub-nav\u00a0\u00bb:2007,\u00a0\u00bbWebsked-plans\u00a0\u00bb:1030,\u00a0\u00bbnav\u00a0\u00bb:2005,\u00a0\u00bbmenu\u00a0\u00bb:2006,\u00a0\u00bbMaillage_SEO_Surfooter\u00a0\u00bb:2004,\u00a0\u00bbfooter\u00a0\u00bb:1002,\u00a0\u00bbmobile-menu-districts\u00a0\u00bb:1005,\u00a0\u00bbsurfooter\u00a0\u00bb:1002},\u00a0\u00bbGoogle Analytics\u00a0\u00bb:{\u00ab\u00a0ga_name_level_1&Prime;:\u00a0\u00bbma-ville\u00a0\u00bb,\u00a0\u00bbga_name_level_2&Prime;:\u00a0\u00bbval-de-marne\u00a0\u00bb},\u00a0\u00bbMobile\u00a0\u00bb:{\u00ab\u00a0alternative_subtitle\u00a0\u00bb:\u00a0\u00bbVal-de-Marne\u00a0\u00bb,\u00a0\u00bbalternative_title\u00a0\u00bb:\u00a0\u00bb94&Prime;,\u00a0\u00bbbackground_image_section\u00a0\u00bb:\u00a0\u00bbhttps:\/\/assets.leparisien.fr\/mobile\/images\/search-menu\/94-val-de-marne.png\u00a0\u00bb},\u00a0\u00bbNewsletter\u00a0\u00bb:{\u00ab\u00a0module_message\u00a0\u00bb:\u00a0\u00bbChaque matin, l&rsquo;actualit\u00e9 de votre d\u00e9partement vue par Le Parisien\u00a0\u00bb,\u00a0\u00bbnewsletter_color\u00a0\u00bb:\u00a0\u00bb#1EA0E6&Prime;,\u00a0\u00bbnewsletter_image\u00a0\u00bb:\u00a0\u00bbnewsletter-valdemarne-logo.png\u00a0\u00bb,\u00a0\u00bbnewsletter_label\u00a0\u00bb:\u00a0\u00bbL&rsquo;essentiel du 94&Prime;,\u00a0\u00bbnewsletter_name\u00a0\u00bb:\u00a0\u00bbNewsletter Val-de-Marne\u00a0\u00bb,\u00a0\u00bbnewsletter_optin\u00a0\u00bb:\u00a0\u00bboptin_newsletter_thematique_val_de_marne\u00a0\u00bb,\u00a0\u00bbnewsletter_slug\u00a0\u00bb:\u00a0\u00bbvaldemarne\u00a0\u00bb,\u00a0\u00bbnewsletter_title\u00a0\u00bb:\u00a0\u00bbUn tour de l&rsquo;actualit\u00e9 du Val-de-Marne et de l&rsquo;IDF\u00a0\u00bb},\u00a0\u00bb_admin\u00a0\u00bb:{\u00ab\u00a0alias_ids\u00a0\u00bb:[]},\u00a0\u00bbheader\u00a0\u00bb:{\u00ab\u00a0title_logo_size_mobile\u00a0\u00bb:\u00a0\u00bb10X10&Prime;},\u00a0\u00bbsite\u00a0\u00bb:{\u00ab\u00a0section_type\u00a0\u00bb:\u00a0\u00bbevent-light\u00a0\u00bb,\u00a0\u00bbsite_description\u00a0\u00bb:\u00a0\u00bbSuivez l&rsquo;actualit\u00e9 dans votre ville du Val-de-Marne en direct et en vid\u00e9o sur le Parisien.fr\u00a0\u00bb,\u00a0\u00bbsite_title\u00a0\u00bb:\u00a0\u00bbActualit\u00e9s Val-de-Marne 94 &#8211; Infos Val-de-Marne 94 &#8211; Info locale &#8211; Le Parisien\u00a0\u00bb},\u00a0\u00bbstory_list\u00a0\u00bb:{\u00ab\u00a0story_list_content\u00a0\u00bb:{}},\u00a0\u00bbnode_type\u00a0\u00bb:\u00a0\u00bbsection\u00a0\u00bb}}},{\u00ab\u00a0_id\u00a0\u00bb:\u00a0\u00bb\/hauts-de-seine-92&Prime;,\u00a0\u00bbtype\u00a0\u00bb:\u00a0\u00bbsite\u00a0\u00bb,\u00a0\u00bbversion\u00a0\u00bb:\u00a0\u00bb0.5.8&Prime;,\u00a0\u00bbname\u00a0\u00bb:\u00a0\u00bbHauts-de-Seine\u00a0\u00bb,\u00a0\u00bbdescription\u00a0\u00bb:\u00a0\u00bbSuivez l&rsquo;actualit\u00e9 dans votre ville des Hauts-de Seine en direct et en vid\u00e9o sur le Parisien.fr\u00a0\u00bb,\u00a0\u00bbpath\u00a0\u00bb:\u00a0\u00bb\/hauts-de-seine-92&Prime;,\u00a0\u00bbparent_id\u00a0\u00bb:\u00a0\u00bb\/info-paris-ile-de-france-oise\u00a0\u00bb,\u00a0\u00bbadditional_properties\u00a0\u00bb:{\u00ab\u00a0original\u00a0\u00bb:{\u00ab\u00a0_id\u00a0\u00bb:\u00a0\u00bb\/hauts-de-seine-92&Prime;,\u00a0\u00bbname\u00a0\u00bb:\u00a0\u00bbHauts-de-Seine\u00a0\u00bb,\u00a0\u00bbinactive\u00a0\u00bb:false,\u00a0\u00bbancestors\u00a0\u00bb:{\u00ab\u00a0burger-menu\u00a0\u00bb:[\u00ab\u00a0https:\/\/www.leparisien.fr\/\u00a0\u00bb,\u00a0\u00bb\/info-paris-ile-de-france-oise\u00a0\u00bb],\u00a0\u00bbnavbar\u00a0\u00bb:[\u00ab\u00a0https:\/\/www.leparisien.fr\/\u00a0\u00bb,\u00a0\u00bb\/info-paris-ile-de-france-oise\u00a0\u00bb],\u00a0\u00bbWebsked-plans\u00a0\u00bb:[\u00ab\u00a0https:\/\/www.leparisien.fr\/\u00a0\u00bb],\u00a0\u00bbnav\u00a0\u00bb:[\u00ab\u00a0\/info-paris-ile-de-france-oise\u00a0\u00bb,\u00a0\u00bbhttps:\/\/www.leparisien.fr\/\u00a0\u00bb],\u00a0\u00bbmenu\u00a0\u00bb:[\u00ab\u00a0\/info-paris-ile-de-france-oise\u00a0\u00bb,\u00a0\u00bbhttps:\/\/www.leparisien.fr\/\u00a0\u00bb],\u00a0\u00bbfooter\u00a0\u00bb:[\u00ab\u00a0https:\/\/www.leparisien.fr\/\u00a0\u00bb],\u00a0\u00bbmobile-menu-districts\u00a0\u00bb:[\u00ab\u00a0https:\/\/www.leparisien.fr\/\u00a0\u00bb],\u00a0\u00bbsurfooter\u00a0\u00bb:[\u00ab\u00a0https:\/\/www.leparisien.fr\/\u00a0\u00bb]},\u00a0\u00bbparent\u00a0\u00bb:{\u00ab\u00a0default\u00a0\u00bb:\u00a0\u00bb\/info-paris-ile-de-france-oise\u00a0\u00bb,\u00a0\u00bbburger-menu\u00a0\u00bb:\u00a0\u00bb\/info-paris-ile-de-france-oise\u00a0\u00bb,\u00a0\u00bbnavbar\u00a0\u00bb:\u00a0\u00bb\/info-paris-ile-de-france-oise\u00a0\u00bb,\u00a0\u00bbsub-nav\u00a0\u00bb:\u00a0\u00bb\/info-paris-ile-de-france-oise\u00a0\u00bb,\u00a0\u00bbWebsked-plans\u00a0\u00bb:\u00a0\u00bbhttps:\/\/www.leparisien.fr\/\u00a0\u00bb,\u00a0\u00bbnav\u00a0\u00bb:\u00a0\u00bb\/info-paris-ile-de-france-oise\u00a0\u00bb,\u00a0\u00bbmenu\u00a0\u00bb:\u00a0\u00bb\/info-paris-ile-de-france-oise\u00a0\u00bb,\u00a0\u00bbMaillage_SEO_Surfooter\u00a0\u00bb:\u00a0\u00bb\/info-paris-ile-de-france-oise\u00a0\u00bb,\u00a0\u00bbfooter\u00a0\u00bb:\u00a0\u00bbhttps:\/\/www.leparisien.fr\/\u00a0\u00bb,\u00a0\u00bbmobile-menu-districts\u00a0\u00bb:\u00a0\u00bbhttps:\/\/www.leparisien.fr\/\u00a0\u00bb,\u00a0\u00bbsurfooter\u00a0\u00bb:\u00a0\u00bbhttps:\/\/www.leparisien.fr\/\u00a0\u00bb},\u00a0\u00bborder\u00a0\u00bb:{\u00ab\u00a0default\u00a0\u00bb:2002,\u00a0\u00bbburger-menu\u00a0\u00bb:2003,\u00a0\u00bbnavbar\u00a0\u00bb:2002,\u00a0\u00bbsub-nav\u00a0\u00bb:2003,\u00a0\u00bbWebsked-plans\u00a0\u00bb:1029,\u00a0\u00bbnav\u00a0\u00bb:2003,\u00a0\u00bbmenu\u00a0\u00bb:2003,\u00a0\u00bbMaillage_SEO_Surfooter\u00a0\u00bb:2002,\u00a0\u00bbfooter\u00a0\u00bb:1004,\u00a0\u00bbmobile-menu-districts\u00a0\u00bb:1003,\u00a0\u00bbsurfooter\u00a0\u00bb:1004},\u00a0\u00bbGoogle Analytics\u00a0\u00bb:{\u00ab\u00a0ga_name_level_1&Prime;:\u00a0\u00bbma-ville\u00a0\u00bb,\u00a0\u00bbga_name_level_2&Prime;:\u00a0\u00bbhauts-de-seine\u00a0\u00bb},\u00a0\u00bbMobile\u00a0\u00bb:{\u00ab\u00a0alternative_subtitle\u00a0\u00bb:\u00a0\u00bbHaut de seine\u00a0\u00bb,\u00a0\u00bbalternative_title\u00a0\u00bb:\u00a0\u00bb92&Prime;,\u00a0\u00bbbackground_image_section\u00a0\u00bb:\u00a0\u00bbhttps:\/\/assets.leparisien.fr\/mobile\/images\/search-menu\/92-haut-de-seine.png\u00a0\u00bb},\u00a0\u00bbNewsletter\u00a0\u00bb:{\u00ab\u00a0module_message\u00a0\u00bb:\u00a0\u00bbChaque matin, l&rsquo;actualit\u00e9 de votre d\u00e9partement vue par Le Parisien\u00a0\u00bb,\u00a0\u00bbnewsletter_color\u00a0\u00bb:\u00a0\u00bb#1EA0E6&Prime;,\u00a0\u00bbnewsletter_image\u00a0\u00bb:\u00a0\u00bbnewsletter-paris-logo.png\u00a0\u00bb,\u00a0\u00bbnewsletter_label\u00a0\u00bb:\u00a0\u00bbL&rsquo;essentiel du 92&Prime;,\u00a0\u00bbnewsletter_name\u00a0\u00bb:\u00a0\u00bbNewsletter Hauts-de-Seine\u00a0\u00bb,\u00a0\u00bbnewsletter_optin\u00a0\u00bb:\u00a0\u00bboptin_newsletter_thematique_hauts_de_seine\u00a0\u00bb,\u00a0\u00bbnewsletter_slug\u00a0\u00bb:\u00a0\u00bbhautsdeseine\u00a0\u00bb,\u00a0\u00bbnewsletter_title\u00a0\u00bb:\u00a0\u00bbUn tour de l&rsquo;actualit\u00e9 des Hauts-de-Seine et de l&rsquo;IDF\u00a0\u00bb},\u00a0\u00bbSponsor\u00a0\u00bb:{\u00ab\u00a0collection_id_for_pinned_content\u00a0\u00bb:\u00a0\u00bbNDUQ2ZHKC5GALEUO5MITVUU2VM\u00a0\u00bb},\u00a0\u00bb_admin\u00a0\u00bb:{\u00ab\u00a0alias_ids\u00a0\u00bb:[]},\u00a0\u00bbheader\u00a0\u00bb:{\u00ab\u00a0title_logo_size_mobile\u00a0\u00bb:\u00a0\u00bb10X10&Prime;},\u00a0\u00bbsite\u00a0\u00bb:{\u00ab\u00a0section_type\u00a0\u00bb:\u00a0\u00bbevent-light\u00a0\u00bb,\u00a0\u00bbsite_description\u00a0\u00bb:\u00a0\u00bbSuivez l&rsquo;actualit\u00e9 dans votre ville des Hauts-de Seine en direct et en vid\u00e9o sur le Parisien.fr\u00a0\u00bb,\u00a0\u00bbsite_title\u00a0\u00bb:\u00a0\u00bbHauts-de-Seine 92 l&rsquo;actualit\u00e9 locale du d\u00e9partement &#8211; Le Parisien\u00a0\u00bb},\u00a0\u00bbstory_list\u00a0\u00bb:{\u00ab\u00a0story_list_content\u00a0\u00bb:{}},\u00a0\u00bbnode_type\u00a0\u00bb:\u00a0\u00bbsection\u00a0\u00bb}}},{\u00ab\u00a0_id\u00a0\u00bb:\u00a0\u00bb\/seine-saint-denis-93&Prime;,\u00a0\u00bbtype\u00a0\u00bb:\u00a0\u00bbsite\u00a0\u00bb,\u00a0\u00bbversion\u00a0\u00bb:\u00a0\u00bb0.5.8&Prime;,\u00a0\u00bbname\u00a0\u00bb:\u00a0\u00bbSeine-Saint-Denis\u00a0\u00bb,\u00a0\u00bbdescription\u00a0\u00bb:\u00a0\u00bbSuivez l&rsquo;actualit\u00e9 dans votre ville de Seine-Saint-Denis en direct et en vid\u00e9o sur le Parisien.fr\u00a0\u00bb,\u00a0\u00bbpath\u00a0\u00bb:\u00a0\u00bb\/seine-saint-denis-93&Prime;,\u00a0\u00bbparent_id\u00a0\u00bb:\u00a0\u00bb\/info-paris-ile-de-france-oise\u00a0\u00bb,\u00a0\u00bbadditional_properties\u00a0\u00bb:{\u00ab\u00a0original\u00a0\u00bb:{\u00ab\u00a0_id\u00a0\u00bb:\u00a0\u00bb\/seine-saint-denis-93&Prime;,\u00a0\u00bbname\u00a0\u00bb:\u00a0\u00bbSeine-Saint-Denis\u00a0\u00bb,\u00a0\u00bbinactive\u00a0\u00bb:false,\u00a0\u00bbancestors\u00a0\u00bb:{\u00ab\u00a0burger-menu\u00a0\u00bb:[\u00ab\u00a0https:\/\/www.leparisien.fr\/\u00a0\u00bb,\u00a0\u00bb\/info-paris-ile-de-france-oise\u00a0\u00bb],\u00a0\u00bbnavbar\u00a0\u00bb:[\u00ab\u00a0https:\/\/www.leparisien.fr\/\u00a0\u00bb,\u00a0\u00bb\/info-paris-ile-de-france-oise\u00a0\u00bb],\u00a0\u00bbWebsked-plans\u00a0\u00bb:[\u00ab\u00a0https:\/\/www.leparisien.fr\/\u00a0\u00bb],\u00a0\u00bbnav\u00a0\u00bb:[\u00ab\u00a0\/info-paris-ile-de-france-oise\u00a0\u00bb,\u00a0\u00bbhttps:\/\/www.leparisien.fr\/\u00a0\u00bb],\u00a0\u00bbmenu\u00a0\u00bb:[\u00ab\u00a0\/info-paris-ile-de-france-oise\u00a0\u00bb,\u00a0\u00bbhttps:\/\/www.leparisien.fr\/\u00a0\u00bb],\u00a0\u00bbfooter\u00a0\u00bb:[\u00ab\u00a0https:\/\/www.leparisien.fr\/\u00a0\u00bb],\u00a0\u00bbmobile-menu-districts\u00a0\u00bb:[\u00ab\u00a0https:\/\/www.leparisien.fr\/\u00a0\u00bb],\u00a0\u00bbsurfooter\u00a0\u00bb:[\u00ab\u00a0https:\/\/www.leparisien.fr\/\u00a0\u00bb]},\u00a0\u00bbparent\u00a0\u00bb:{\u00ab\u00a0default\u00a0\u00bb:\u00a0\u00bb\/info-paris-ile-de-france-oise\u00a0\u00bb,\u00a0\u00bbburger-menu\u00a0\u00bb:\u00a0\u00bb\/info-paris-ile-de-france-oise\u00a0\u00bb,\u00a0\u00bbnavbar\u00a0\u00bb:\u00a0\u00bb\/info-paris-ile-de-france-oise\u00a0\u00bb,\u00a0\u00bbsub-nav\u00a0\u00bb:\u00a0\u00bb\/info-paris-ile-de-france-oise\u00a0\u00bb,\u00a0\u00bbWebsked-plans\u00a0\u00bb:\u00a0\u00bbhttps:\/\/www.leparisien.fr\/\u00a0\u00bb,\u00a0\u00bbnav\u00a0\u00bb:\u00a0\u00bb\/info-paris-ile-de-france-oise\u00a0\u00bb,\u00a0\u00bbmenu\u00a0\u00bb:\u00a0\u00bb\/info-paris-ile-de-france-oise\u00a0\u00bb,\u00a0\u00bbMaillage_SEO_Surfooter\u00a0\u00bb:\u00a0\u00bb\/info-paris-ile-de-france-oise\u00a0\u00bb,\u00a0\u00bbfooter\u00a0\u00bb:\u00a0\u00bbhttps:\/\/www.leparisien.fr\/\u00a0\u00bb,\u00a0\u00bbmobile-menu-districts\u00a0\u00bb:\u00a0\u00bbhttps:\/\/www.leparisien.fr\/\u00a0\u00bb,\u00a0\u00bbsurfooter\u00a0\u00bb:\u00a0\u00bbhttps:\/\/www.leparisien.fr\/\u00a0\u00bb},\u00a0\u00bborder\u00a0\u00bb:{\u00ab\u00a0default\u00a0\u00bb:2003,\u00a0\u00bbburger-menu\u00a0\u00bb:2004,\u00a0\u00bbnavbar\u00a0\u00bb:2003,\u00a0\u00bbsub-nav\u00a0\u00bb:2006,\u00a0\u00bbWebsked-plans\u00a0\u00bb:1028,\u00a0\u00bbnav\u00a0\u00bb:2004,\u00a0\u00bbmenu\u00a0\u00bb:2004,\u00a0\u00bbMaillage_SEO_Surfooter\u00a0\u00bb:2003,\u00a0\u00bbfooter\u00a0\u00bb:1003,\u00a0\u00bbmobile-menu-districts\u00a0\u00bb:1004,\u00a0\u00bbsurfooter\u00a0\u00bb:1003},\u00a0\u00bbGoogle Analytics\u00a0\u00bb:{\u00ab\u00a0ga_name_level_1&Prime;:\u00a0\u00bbma-ville\u00a0\u00bb,\u00a0\u00bbga_name_level_2&Prime;:\u00a0\u00bbseine-saint-denis\u00a0\u00bb},\u00a0\u00bbMobile\u00a0\u00bb:{\u00ab\u00a0alternative_subtitle\u00a0\u00bb:\u00a0\u00bbSeine-Saint-Denis\u00a0\u00bb,\u00a0\u00bbalternative_title\u00a0\u00bb:\u00a0\u00bb93&Prime;,\u00a0\u00bbbackground_image_section\u00a0\u00bb:\u00a0\u00bbhttps:\/\/assets.leparisien.fr\/mobile\/images\/search-menu\/93-seine-saint-denis.png\u00a0\u00bb},\u00a0\u00bbNewsletter\u00a0\u00bb:{\u00ab\u00a0module_message\u00a0\u00bb:\u00a0\u00bbChaque matin, l&rsquo;actualit\u00e9 de votre d\u00e9partement vue par Le Parisien\u00a0\u00bb,\u00a0\u00bbnewsletter_color\u00a0\u00bb:\u00a0\u00bb#1EA0E6&Prime;,\u00a0\u00bbnewsletter_image\u00a0\u00bb:\u00a0\u00bbnewsletter-seinesaintdenis-logo.png\u00a0\u00bb,\u00a0\u00bbnewsletter_label\u00a0\u00bb:\u00a0\u00bbL&rsquo;essentiel du 93&Prime;,\u00a0\u00bbnewsletter_name\u00a0\u00bb:\u00a0\u00bbNewsletter Seine-Saint-Denis\u00a0\u00bb,\u00a0\u00bbnewsletter_optin\u00a0\u00bb:\u00a0\u00bboptin_newsletter_thematique_seine_saint_denis\u00a0\u00bb,\u00a0\u00bbnewsletter_slug\u00a0\u00bb:\u00a0\u00bbseinesaintdenis\u00a0\u00bb,\u00a0\u00bbnewsletter_title\u00a0\u00bb:\u00a0\u00bbUn tour de l&rsquo;actualit\u00e9 en Seine-Saint-Denis et en l&rsquo;IDF\u00a0\u00bb},\u00a0\u00bb_admin\u00a0\u00bb:{\u00ab\u00a0alias_ids\u00a0\u00bb:[]},\u00a0\u00bbheader\u00a0\u00bb:{\u00ab\u00a0title_logo_size_mobile\u00a0\u00bb:\u00a0\u00bb10X10&Prime;},\u00a0\u00bbsite\u00a0\u00bb:{\u00ab\u00a0section_type\u00a0\u00bb:\u00a0\u00bbevent-light\u00a0\u00bb,\u00a0\u00bbsite_description\u00a0\u00bb:\u00a0\u00bbSuivez l&rsquo;actualit\u00e9 dans votre ville de Seine-Saint-Denis en direct et en vid\u00e9o sur le Parisien.fr\u00a0\u00bb,\u00a0\u00bbsite_title\u00a0\u00bb:\u00a0\u00bbActualit\u00e9s Seine Saint Denis 93 &#8211; Infos Seine Saint Denis 93 &#8211; Info locale &#8211; Le Parisien\u00a0\u00bb},\u00a0\u00bbstory_list\u00a0\u00bb:{\u00ab\u00a0story_list_content\u00a0\u00bb:{}},\u00a0\u00bbnode_type\u00a0\u00bb:\u00a0\u00bbsection\u00a0\u00bb}}},{\u00ab\u00a0_id\u00a0\u00bb:\u00a0\u00bb\/paris-75&Prime;,\u00a0\u00bbtype\u00a0\u00bb:\u00a0\u00bbsite\u00a0\u00bb,\u00a0\u00bbversion\u00a0\u00bb:\u00a0\u00bb0.5.8&Prime;,\u00a0\u00bbname\u00a0\u00bb:\u00a0\u00bbParis\u00a0\u00bb,\u00a0\u00bbdescription\u00a0\u00bb:\u00a0\u00bbSuivez l&rsquo;actualit\u00e9 de Paris en direct et en vid\u00e9o sur le Parisien.fr : info locale, faits divers, politique de la ville ainsi que tous les \u00e9v\u00e9nements de la capitale.\u00a0\u00bb,\u00a0\u00bbpath\u00a0\u00bb:\u00a0\u00bb\/paris-75&Prime;,\u00a0\u00bbparent_id\u00a0\u00bb:\u00a0\u00bb\/info-paris-ile-de-france-oise\u00a0\u00bb,\u00a0\u00bbadditional_properties\u00a0\u00bb:{\u00ab\u00a0original\u00a0\u00bb:{\u00ab\u00a0_id\u00a0\u00bb:\u00a0\u00bb\/paris-75&Prime;,\u00a0\u00bbname\u00a0\u00bb:\u00a0\u00bbParis\u00a0\u00bb,\u00a0\u00bbinactive\u00a0\u00bb:false,\u00a0\u00bbancestors\u00a0\u00bb:{\u00ab\u00a0burger-menu\u00a0\u00bb:[\u00ab\u00a0https:\/\/www.leparisien.fr\/\u00a0\u00bb,\u00a0\u00bb\/info-paris-ile-de-france-oise\u00a0\u00bb],\u00a0\u00bbdefault\u00a0\u00bb:[\u00ab\u00a0\/info-paris-ile-de-france-oise\u00a0\u00bb],\u00a0\u00bbnavbar\u00a0\u00bb:[\u00ab\u00a0https:\/\/www.leparisien.fr\/\u00a0\u00bb,\u00a0\u00bb\/info-paris-ile-de-france-oise\u00a0\u00bb],\u00a0\u00bbIDF\u00a0\u00bb:[],\u00a0\u00bbsub-nav\u00a0\u00bb:[\u00ab\u00a0\/info-paris-ile-de-france-oise\u00a0\u00bb],\u00a0\u00bbWebsked-plans\u00a0\u00bb:[\u00ab\u00a0https:\/\/www.leparisien.fr\/\u00a0\u00bb],\u00a0\u00bbburger-menu-etudiant\u00a0\u00bb:[],\u00a0\u00bbnav\u00a0\u00bb:[\u00ab\u00a0\/info-paris-ile-de-france-oise\u00a0\u00bb,\u00a0\u00bbhttps:\/\/www.leparisien.fr\/\u00a0\u00bb],\u00a0\u00bbmenu\u00a0\u00bb:[\u00ab\u00a0\/info-paris-ile-de-france-oise\u00a0\u00bb,\u00a0\u00bbhttps:\/\/www.leparisien.fr\/\u00a0\u00bb],\u00a0\u00bbMaillage_SEO_Surfooter\u00a0\u00bb:[\u00ab\u00a0\/info-paris-ile-de-france-oise\u00a0\u00bb],\u00a0\u00bbfooter\u00a0\u00bb:[\u00ab\u00a0https:\/\/www.leparisien.fr\/\u00a0\u00bb],\u00a0\u00bbmobile-menu-districts\u00a0\u00bb:[\u00ab\u00a0https:\/\/www.leparisien.fr\/\u00a0\u00bb],\u00a0\u00bbsurfooter\u00a0\u00bb:[\u00ab\u00a0https:\/\/www.leparisien.fr\/\u00a0\u00bb]},\u00a0\u00bbparent\u00a0\u00bb:{\u00ab\u00a0default\u00a0\u00bb:\u00a0\u00bb\/info-paris-ile-de-france-oise\u00a0\u00bb,\u00a0\u00bbburger-menu\u00a0\u00bb:\u00a0\u00bb\/info-paris-ile-de-france-oise\u00a0\u00bb,\u00a0\u00bbnavbar\u00a0\u00bb:\u00a0\u00bb\/info-paris-ile-de-france-oise\u00a0\u00bb,\u00a0\u00bbIDF\u00a0\u00bb:null,\u00a0\u00bbsub-nav\u00a0\u00bb:\u00a0\u00bb\/info-paris-ile-de-france-oise\u00a0\u00bb,\u00a0\u00bbWebsked-plans\u00a0\u00bb:\u00a0\u00bbhttps:\/\/www.leparisien.fr\/\u00a0\u00bb,\u00a0\u00bbburger-menu-etudiant\u00a0\u00bb:null,\u00a0\u00bbnav\u00a0\u00bb:\u00a0\u00bb\/info-paris-ile-de-france-oise\u00a0\u00bb,\u00a0\u00bbmenu\u00a0\u00bb:\u00a0\u00bb\/info-paris-ile-de-france-oise\u00a0\u00bb,\u00a0\u00bbMaillage_SEO_Surfooter\u00a0\u00bb:\u00a0\u00bb\/info-paris-ile-de-france-oise\u00a0\u00bb,\u00a0\u00bbfooter\u00a0\u00bb:\u00a0\u00bbhttps:\/\/www.leparisien.fr\/\u00a0\u00bb,\u00a0\u00bbmobile-menu-districts\u00a0\u00bb:\u00a0\u00bbhttps:\/\/www.leparisien.fr\/\u00a0\u00bb,\u00a0\u00bbsurfooter\u00a0\u00bb:\u00a0\u00bbhttps:\/\/www.leparisien.fr\/\u00a0\u00bb},\u00a0\u00bborder\u00a0\u00bb:{\u00ab\u00a0default\u00a0\u00bb:2001,\u00a0\u00bbburger-menu\u00a0\u00bb:2001,\u00a0\u00bbnavbar\u00a0\u00bb:2001,\u00a0\u00bbsub-nav\u00a0\u00bb:2001,\u00a0\u00bbWebsked-plans\u00a0\u00bb:1024,\u00a0\u00bbnav\u00a0\u00bb:2001,\u00a0\u00bbmenu\u00a0\u00bb:2001,\u00a0\u00bbMaillage_SEO_Surfooter\u00a0\u00bb:2001,\u00a0\u00bbfooter\u00a0\u00bb:1012,\u00a0\u00bbmobile-menu-districts\u00a0\u00bb:1001,\u00a0\u00bbsurfooter\u00a0\u00bb:1012},\u00a0\u00bbGoogle Analytics\u00a0\u00bb:{\u00ab\u00a0ga_name_level_1&Prime;:\u00a0\u00bbma-ville\u00a0\u00bb,\u00a0\u00bbga_name_level_2&Prime;:\u00a0\u00bbparis\u00a0\u00bb},\u00a0\u00bbMobile\u00a0\u00bb:{\u00ab\u00a0alternative_subtitle\u00a0\u00bb:\u00a0\u00bbParis\u00a0\u00bb,\u00a0\u00bbalternative_title\u00a0\u00bb:\u00a0\u00bb75&Prime;,\u00a0\u00bbbackground_image_section\u00a0\u00bb:\u00a0\u00bbhttps:\/\/assets.leparisien.fr\/mobile\/images\/search-menu\/75-paris.png\u00a0\u00bb},\u00a0\u00bbNewsletter\u00a0\u00bb:{\u00ab\u00a0module_message\u00a0\u00bb:\u00a0\u00bbChaque matin, l&rsquo;actualit\u00e9 de votre d\u00e9partement vue par Le Parisien\u00a0\u00bb,\u00a0\u00bbnewsletter_color\u00a0\u00bb:\u00a0\u00bb#1EA0E6&Prime;,\u00a0\u00bbnewsletter_image\u00a0\u00bb:\u00a0\u00bbnewsletter-paris-logo.png\u00a0\u00bb,\u00a0\u00bbnewsletter_label\u00a0\u00bb:\u00a0\u00bbL&rsquo;essentiel du 75&Prime;,\u00a0\u00bbnewsletter_name\u00a0\u00bb:\u00a0\u00bbNewsletter Paris\u00a0\u00bb,\u00a0\u00bbnewsletter_optin\u00a0\u00bb:\u00a0\u00bboptin_newsletter_thematique_paris\u00a0\u00bb,\u00a0\u00bbnewsletter_slug\u00a0\u00bb:\u00a0\u00bbparis\u00a0\u00bb,\u00a0\u00bbnewsletter_title\u00a0\u00bb:\u00a0\u00bbUn tour de l&rsquo;actualit\u00e9 \u00e0 Paris et en IDF\u00a0\u00bb},\u00a0\u00bbSponsor\u00a0\u00bb:{\u00ab\u00a0collection_id_for_pinned_content\u00a0\u00bb:\u00a0\u00bb7TXOZFK4PJE4XK37CPBRXBBTHU\u00a0\u00bb},\u00a0\u00bb_admin\u00a0\u00bb:{\u00ab\u00a0alias_ids\u00a0\u00bb:[]},\u00a0\u00bbheader\u00a0\u00bb:{\u00ab\u00a0title_logo_size_mobile\u00a0\u00bb:\u00a0\u00bb10X10&Prime;},\u00a0\u00bbsite\u00a0\u00bb:{\u00ab\u00a0section_type\u00a0\u00bb:\u00a0\u00bbevent-light\u00a0\u00bb,\u00a0\u00bbsite_description\u00a0\u00bb:\u00a0\u00bbSuivez l&rsquo;actualit\u00e9 de Paris en direct et en vid\u00e9o sur le Parisien.fr : info locale, faits divers, politique de la ville ainsi que tous les \u00e9v\u00e9nements de la capitale.\u00a0\u00bb,\u00a0\u00bbsite_title\u00a0\u00bb:\u00a0\u00bbParis : actualit\u00e9s, info locale et vid\u00e9os en continu &#8211; Le Parisien\u00a0\u00bb},\u00a0\u00bbstory_list\u00a0\u00bb:{\u00ab\u00a0story_list_content\u00a0\u00bb:{}},\u00a0\u00bbnode_type\u00a0\u00bb:\u00a0\u00bbsection\u00a0\u00bb}}},{\u00ab\u00a0_id\u00a0\u00bb:\u00a0\u00bb\/yvelines-78&Prime;,\u00a0\u00bbtype\u00a0\u00bb:\u00a0\u00bbsite\u00a0\u00bb,\u00a0\u00bbversion\u00a0\u00bb:\u00a0\u00bb0.5.8&Prime;,\u00a0\u00bbname\u00a0\u00bb:\u00a0\u00bbYvelines\u00a0\u00bb,\u00a0\u00bbdescription\u00a0\u00bb:\u00a0\u00bbSuivez l&rsquo;actualit\u00e9 dans votre ville dans les Yvelines en direct et en vid\u00e9o sur le Parisien.fr\u00a0\u00bb,\u00a0\u00bbpath\u00a0\u00bb:\u00a0\u00bb\/yvelines-78&Prime;,\u00a0\u00bbparent_id\u00a0\u00bb:\u00a0\u00bb\/info-paris-ile-de-france-oise\u00a0\u00bb,\u00a0\u00bbadditional_properties\u00a0\u00bb:{\u00ab\u00a0original\u00a0\u00bb:{\u00ab\u00a0_id\u00a0\u00bb:\u00a0\u00bb\/yvelines-78&Prime;,\u00a0\u00bbname\u00a0\u00bb:\u00a0\u00bbYvelines\u00a0\u00bb,\u00a0\u00bbinactive\u00a0\u00bb:false,\u00a0\u00bbancestors\u00a0\u00bb:{\u00ab\u00a0burger-menu\u00a0\u00bb:[\u00ab\u00a0https:\/\/www.leparisien.fr\/\u00a0\u00bb,\u00a0\u00bb\/info-paris-ile-de-france-oise\u00a0\u00bb],\u00a0\u00bbnavbar\u00a0\u00bb:[\u00ab\u00a0https:\/\/www.leparisien.fr\/\u00a0\u00bb,\u00a0\u00bb\/info-paris-ile-de-france-oise\u00a0\u00bb],\u00a0\u00bbsub-nav\u00a0\u00bb:[\u00ab\u00a0\/info-paris-ile-de-france-oise\u00a0\u00bb],\u00a0\u00bbWebsked-plans\u00a0\u00bb:[\u00ab\u00a0https:\/\/www.leparisien.fr\/\u00a0\u00bb],\u00a0\u00bbburger-menu-etudiant\u00a0\u00bb:[],\u00a0\u00bbnav\u00a0\u00bb:[\u00ab\u00a0\/info-paris-ile-de-france-oise\u00a0\u00bb,\u00a0\u00bbhttps:\/\/www.leparisien.fr\/\u00a0\u00bb],\u00a0\u00bbmenu\u00a0\u00bb:[\u00ab\u00a0\/info-paris-ile-de-france-oise\u00a0\u00bb,\u00a0\u00bbhttps:\/\/www.leparisien.fr\/\u00a0\u00bb],\u00a0\u00bbfooter\u00a0\u00bb:[\u00ab\u00a0https:\/\/www.leparisien.fr\/\u00a0\u00bb],\u00a0\u00bbmobile-menu-districts\u00a0\u00bb:[\u00ab\u00a0https:\/\/www.leparisien.fr\/\u00a0\u00bb],\u00a0\u00bbsurfooter\u00a0\u00bb:[\u00ab\u00a0https:\/\/www.leparisien.fr\/\u00a0\u00bb]},\u00a0\u00bbparent\u00a0\u00bb:{\u00ab\u00a0default\u00a0\u00bb:\u00a0\u00bb\/info-paris-ile-de-france-oise\u00a0\u00bb,\u00a0\u00bbburger-menu\u00a0\u00bb:\u00a0\u00bb\/info-paris-ile-de-france-oise\u00a0\u00bb,\u00a0\u00bbnavbar\u00a0\u00bb:\u00a0\u00bb\/info-paris-ile-de-france-oise\u00a0\u00bb,\u00a0\u00bbsub-nav\u00a0\u00bb:\u00a0\u00bb\/info-paris-ile-de-france-oise\u00a0\u00bb,\u00a0\u00bbWebsked-plans\u00a0\u00bb:\u00a0\u00bbhttps:\/\/www.leparisien.fr\/\u00a0\u00bb,\u00a0\u00bbburger-menu-etudiant\u00a0\u00bb:null,\u00a0\u00bbnav\u00a0\u00bb:\u00a0\u00bb\/info-paris-ile-de-france-oise\u00a0\u00bb,\u00a0\u00bbmenu\u00a0\u00bb:\u00a0\u00bb\/info-paris-ile-de-france-oise\u00a0\u00bb,\u00a0\u00bbMaillage_SEO_Surfooter\u00a0\u00bb:\u00a0\u00bb\/info-paris-ile-de-france-oise\u00a0\u00bb,\u00a0\u00bbfooter\u00a0\u00bb:\u00a0\u00bbhttps:\/\/www.leparisien.fr\/\u00a0\u00bb,\u00a0\u00bbmobile-menu-districts\u00a0\u00bb:\u00a0\u00bbhttps:\/\/www.leparisien.fr\/\u00a0\u00bb,\u00a0\u00bbsurfooter\u00a0\u00bb:\u00a0\u00bbhttps:\/\/www.leparisien.fr\/\u00a0\u00bb},\u00a0\u00bborder\u00a0\u00bb:{\u00ab\u00a0default\u00a0\u00bb:2008,\u00a0\u00bbburger-menu\u00a0\u00bb:2008,\u00a0\u00bbnavbar\u00a0\u00bb:2005,\u00a0\u00bbsub-nav\u00a0\u00bb:2009,\u00a0\u00bbWebsked-plans\u00a0\u00bb:1027,\u00a0\u00bbnav\u00a0\u00bb:2008,\u00a0\u00bbmenu\u00a0\u00bb:2008,\u00a0\u00bbMaillage_SEO_Surfooter\u00a0\u00bb:2008,\u00a0\u00bbfooter\u00a0\u00bb:1006,\u00a0\u00bbmobile-menu-districts\u00a0\u00bb:1008,\u00a0\u00bbsurfooter\u00a0\u00bb:1006},\u00a0\u00bbGoogle Analytics\u00a0\u00bb:{\u00ab\u00a0ga_name_level_1&Prime;:\u00a0\u00bbma-ville\u00a0\u00bb,\u00a0\u00bbga_name_level_2&Prime;:\u00a0\u00bbyvelines\u00a0\u00bb},\u00a0\u00bbMobile\u00a0\u00bb:{\u00ab\u00a0alternative_subtitle\u00a0\u00bb:\u00a0\u00bbYvelines\u00a0\u00bb,\u00a0\u00bbalternative_title\u00a0\u00bb:\u00a0\u00bb78&Prime;,\u00a0\u00bbbackground_image_section\u00a0\u00bb:\u00a0\u00bbhttps:\/\/assets.leparisien.fr\/mobile\/images\/search-menu\/78-yvelines.png\u00a0\u00bb},\u00a0\u00bbNewsletter\u00a0\u00bb:{\u00ab\u00a0module_message\u00a0\u00bb:\u00a0\u00bbChaque matin, l&rsquo;actualit\u00e9 de votre d\u00e9partement vue par Le Parisien\u00a0\u00bb,\u00a0\u00bbnewsletter_color\u00a0\u00bb:\u00a0\u00bb#1EA0E6&Prime;,\u00a0\u00bbnewsletter_image\u00a0\u00bb:\u00a0\u00bbnewsletter-yvelines-logo.png\u00a0\u00bb,\u00a0\u00bbnewsletter_label\u00a0\u00bb:\u00a0\u00bbL&rsquo;essentiel du 78&Prime;,\u00a0\u00bbnewsletter_name\u00a0\u00bb:\u00a0\u00bbNewsletter Yvelines\u00a0\u00bb,\u00a0\u00bbnewsletter_optin\u00a0\u00bb:\u00a0\u00bboptin_newsletter_thematique_yvelines\u00a0\u00bb,\u00a0\u00bbnewsletter_slug\u00a0\u00bb:\u00a0\u00bbyvelines\u00a0\u00bb,\u00a0\u00bbnewsletter_title\u00a0\u00bb:\u00a0\u00bbUn tour de l&rsquo;actualit\u00e9 des Yvelines et de l&rsquo;IDF\u00a0\u00bb},\u00a0\u00bbSponsor\u00a0\u00bb:{\u00ab\u00a0collection_id_for_pinned_content\u00a0\u00bb:\u00a0\u00bbJMFP3C5LQBEBVDFMVOXVW5TFAU\u00a0\u00bb},\u00a0\u00bb_admin\u00a0\u00bb:{\u00ab\u00a0alias_ids\u00a0\u00bb:[]},\u00a0\u00bbheader\u00a0\u00bb:{\u00ab\u00a0title_logo_size_mobile\u00a0\u00bb:\u00a0\u00bb10X10&Prime;},\u00a0\u00bbsite\u00a0\u00bb:{\u00ab\u00a0section_type\u00a0\u00bb:\u00a0\u00bbevent-light\u00a0\u00bb,\u00a0\u00bbsite_description\u00a0\u00bb:\u00a0\u00bbSuivez l&rsquo;actualit\u00e9 dans votre ville dans les Yvelines en direct et en vid\u00e9o sur le Parisien.fr\u00a0\u00bb,\u00a0\u00bbsite_title\u00a0\u00bb:\u00a0\u00bbActualit\u00e9s Yvelines 78 &#8211; Infos Yvelines 78 &#8211; Info locale &#8211; Le Parisien\u00a0\u00bb},\u00a0\u00bbstory_list\u00a0\u00bb:{\u00ab\u00a0story_list_content\u00a0\u00bb:{}}}}},{\u00ab\u00a0_id\u00a0\u00bb:\u00a0\u00bb\/info-paris-ile-de-france-oise\/transports\u00a0\u00bb,\u00a0\u00bbtype\u00a0\u00bb:\u00a0\u00bbsite\u00a0\u00bb,\u00a0\u00bbversion\u00a0\u00bb:\u00a0\u00bb0.5.8&Prime;,\u00a0\u00bbname\u00a0\u00bb:\u00a0\u00bbTransports IDF\u00a0\u00bb,\u00a0\u00bbdescription\u00a0\u00bb:\u00a0\u00bbSuivez l&rsquo;actualit\u00e9 des transports en commun en Ile de France en direct et en vid\u00e9o sur le Parisien.fr\u00a0\u00bb,\u00a0\u00bbpath\u00a0\u00bb:\u00a0\u00bb\/info-paris-ile-de-france-oise\/transports\u00a0\u00bb,\u00a0\u00bbparent_id\u00a0\u00bb:\u00a0\u00bb\/info-paris-ile-de-france-oise\u00a0\u00bb,\u00a0\u00bbadditional_properties\u00a0\u00bb:{\u00ab\u00a0original\u00a0\u00bb:{\u00ab\u00a0_id\u00a0\u00bb:\u00a0\u00bb\/info-paris-ile-de-france-oise\/transports\u00a0\u00bb,\u00a0\u00bbname\u00a0\u00bb:\u00a0\u00bbTransports IDF\u00a0\u00bb,\u00a0\u00bbinactive\u00a0\u00bb:false,\u00a0\u00bbancestors\u00a0\u00bb:{\u00ab\u00a0burger-menu\u00a0\u00bb:[\u00ab\u00a0https:\/\/www.leparisien.fr\/\u00a0\u00bb,\u00a0\u00bb\/info-paris-ile-de-france-oise\u00a0\u00bb],\u00a0\u00bbWebsked-plans\u00a0\u00bb:[\u00ab\u00a0https:\/\/www.leparisien.fr\/\u00a0\u00bb],\u00a0\u00bbmosaic_app\u00a0\u00bb:[\u00ab\u00a0https:\/\/www.leparisien.fr\/\u00a0\u00bb],\u00a0\u00bbburger-menu-etudiant\u00a0\u00bb:[],\u00a0\u00bbmenu\u00a0\u00bb:[\u00ab\u00a0\/info-paris-ile-de-france-oise\u00a0\u00bb,\u00a0\u00bbhttps:\/\/www.leparisien.fr\/\u00a0\u00bb],\u00a0\u00bbmobile-menu-sections-list\u00a0\u00bb:[\u00ab\u00a0https:\/\/www.leparisien.fr\/\u00a0\u00bb],\u00a0\u00bbnav\u00a0\u00bb:[]},\u00a0\u00bbparent\u00a0\u00bb:{\u00ab\u00a0default\u00a0\u00bb:\u00a0\u00bb\/info-paris-ile-de-france-oise\u00a0\u00bb,\u00a0\u00bbburger-menu\u00a0\u00bb:\u00a0\u00bb\/info-paris-ile-de-france-oise\u00a0\u00bb,\u00a0\u00bbsub-nav\u00a0\u00bb:\u00a0\u00bb\/info-paris-ile-de-france-oise\u00a0\u00bb,\u00a0\u00bbWebsked-plans\u00a0\u00bb:\u00a0\u00bbhttps:\/\/www.leparisien.fr\/\u00a0\u00bb,\u00a0\u00bbmosaic_app\u00a0\u00bb:\u00a0\u00bbhttps:\/\/www.leparisien.fr\/\u00a0\u00bb,\u00a0\u00bbburger-menu-etudiant\u00a0\u00bb:null,\u00a0\u00bbmenu\u00a0\u00bb:\u00a0\u00bb\/info-paris-ile-de-france-oise\u00a0\u00bb,\u00a0\u00bbMaillage_SEO_Surfooter\u00a0\u00bb:\u00a0\u00bb\/info-paris-ile-de-france-oise\u00a0\u00bb,\u00a0\u00bbmobile-menu-sections-list\u00a0\u00bb:\u00a0\u00bbhttps:\/\/www.leparisien.fr\/\u00a0\u00bb,\u00a0\u00bbnav\u00a0\u00bb:null},\u00a0\u00bborder\u00a0\u00bb:{\u00ab\u00a0default\u00a0\u00bb:2009,\u00a0\u00bbburger-menu\u00a0\u00bb:2010,\u00a0\u00bbsub-nav\u00a0\u00bb:2010,\u00a0\u00bbWebsked-plans\u00a0\u00bb:1021,\u00a0\u00bbmosaic_app\u00a0\u00bb:1011,\u00a0\u00bbmenu\u00a0\u00bb:2010,\u00a0\u00bbMaillage_SEO_Surfooter\u00a0\u00bb:2009,\u00a0\u00bbmobile-menu-sections-list\u00a0\u00bb:1014},\u00a0\u00bbGoogle Analytics\u00a0\u00bb:{\u00ab\u00a0ga_name_level_1&Prime;:\u00a0\u00bbma-ville\u00a0\u00bb,\u00a0\u00bbga_name_level_2&Prime;:\u00a0\u00bbtransport-idf-oise\u00a0\u00bb,\u00a0\u00bbga_name_level_3&Prime;:null},\u00a0\u00bbMobile\u00a0\u00bb:{\u00ab\u00a0background_color_section\u00a0\u00bb:\u00a0\u00bb#5BA7AE\u00a0\u00bb,\u00a0\u00bbbackground_image_section\u00a0\u00bb:\u00a0\u00bbhttps:\/\/assets.leparisien.fr\/mobile\/images\/explorer\/transports.png\u00a0\u00bb},\u00a0\u00bbNewsletter\u00a0\u00bb:{\u00ab\u00a0newsletter_color\u00a0\u00bb:\u00a0\u00bb#1EA0E6&Prime;,\u00a0\u00bbnewsletter_image\u00a0\u00bb:\u00a0\u00bbnewsletter-essentiel-matin-logo.png\u00a0\u00bb,\u00a0\u00bbnewsletter_label\u00a0\u00bb:\u00a0\u00bbL&rsquo;essentiel du matin\u00a0\u00bb,\u00a0\u00bbnewsletter_optin\u00a0\u00bb:\u00a0\u00bboptin_newsletter\u00a0\u00bb,\u00a0\u00bbnewsletter_title\u00a0\u00bb:\u00a0\u00bbUn tour de l&rsquo;actualit\u00e9 pour commencer la journ\u00e9e\u00a0\u00bb},\u00a0\u00bbSponsor\u00a0\u00bb:{\u00ab\u00a0collection_id_for_pinned_content\u00a0\u00bb:\u00a0\u00bbQ3QSOP6PGVEVHKPIEGWXFDLQKM\u00a0\u00bb},\u00a0\u00bb_admin\u00a0\u00bb:{\u00ab\u00a0alias_ids\u00a0\u00bb:[]},\u00a0\u00bbheader\u00a0\u00bb:{\u00ab\u00a0title_logo_only\u00a0\u00bb:\u00a0\u00bbfalse\u00a0\u00bb},\u00a0\u00bbsite\u00a0\u00bb:{\u00ab\u00a0site_description\u00a0\u00bb:\u00a0\u00bbSuivez l&rsquo;actualit\u00e9 des transports en commun en Ile de France en direct et en vid\u00e9o sur le Parisien.fr\u00a0\u00bb,\u00a0\u00bbsite_title\u00a0\u00bb:\u00a0\u00bbActualit\u00e9s Transports en IDF et Oise, infos locales &#8211; Le Parisien\u00a0\u00bb},\u00a0\u00bbstory_list\u00a0\u00bb:{\u00ab\u00a0story_list_content\u00a0\u00bb:{}},\u00a0\u00bbnode_type\u00a0\u00bb:\u00a0\u00bbsection\u00a0\u00bb}}},{\u00ab\u00a0_id\u00a0\u00bb:\u00a0\u00bb\/val-d-oise-95&Prime;,\u00a0\u00bbtype\u00a0\u00bb:\u00a0\u00bbsite\u00a0\u00bb,\u00a0\u00bbversion\u00a0\u00bb:\u00a0\u00bb0.5.8&Prime;,\u00a0\u00bbname\u00a0\u00bb:\u00a0\u00bbVal-d&rsquo;Oise\u00a0\u00bb,\u00a0\u00bbdescription\u00a0\u00bb:\u00a0\u00bbSuivez l&rsquo;actualit\u00e9 dans votre ville dans le Val-d\u2019Oise en direct et en vid\u00e9o sur le Parisien.fr\u00a0\u00bb,\u00a0\u00bbpath\u00a0\u00bb:\u00a0\u00bb\/val-d-oise-95&Prime;,\u00a0\u00bbparent_id\u00a0\u00bb:\u00a0\u00bb\/info-paris-ile-de-france-oise\u00a0\u00bb,\u00a0\u00bbadditional_properties\u00a0\u00bb:{\u00ab\u00a0original\u00a0\u00bb:{\u00ab\u00a0_id\u00a0\u00bb:\u00a0\u00bb\/val-d-oise-95&Prime;,\u00a0\u00bbname\u00a0\u00bb:\u00a0\u00bbVal-d&rsquo;Oise\u00a0\u00bb,\u00a0\u00bbinactive\u00a0\u00bb:false,\u00a0\u00bbancestors\u00a0\u00bb:{\u00ab\u00a0burger-menu\u00a0\u00bb:[\u00ab\u00a0https:\/\/www.leparisien.fr\/\u00a0\u00bb,\u00a0\u00bb\/info-paris-ile-de-france-oise\u00a0\u00bb],\u00a0\u00bbnavbar\u00a0\u00bb:[\u00ab\u00a0https:\/\/www.leparisien.fr\/\u00a0\u00bb,\u00a0\u00bb\/info-paris-ile-de-france-oise\u00a0\u00bb],\u00a0\u00bbsub-nav\u00a0\u00bb:[\u00ab\u00a0\/info-paris-ile-de-france-oise\u00a0\u00bb],\u00a0\u00bbWebsked-plans\u00a0\u00bb:[\u00ab\u00a0https:\/\/www.leparisien.fr\/\u00a0\u00bb],\u00a0\u00bbburger-menu-etudiant\u00a0\u00bb:[],\u00a0\u00bbnav\u00a0\u00bb:[\u00ab\u00a0\/info-paris-ile-de-france-oise\u00a0\u00bb,\u00a0\u00bbhttps:\/\/www.leparisien.fr\/\u00a0\u00bb],\u00a0\u00bbmenu\u00a0\u00bb:[\u00ab\u00a0\/info-paris-ile-de-france-oise\u00a0\u00bb,\u00a0\u00bbhttps:\/\/www.leparisien.fr\/\u00a0\u00bb],\u00a0\u00bbfooter\u00a0\u00bb:[\u00ab\u00a0https:\/\/www.leparisien.fr\/\u00a0\u00bb],\u00a0\u00bbmobile-menu-districts\u00a0\u00bb:[\u00ab\u00a0https:\/\/www.leparisien.fr\/\u00a0\u00bb],\u00a0\u00bbsurfooter\u00a0\u00bb:[\u00ab\u00a0https:\/\/www.leparisien.fr\/\u00a0\u00bb]},\u00a0\u00bbparent\u00a0\u00bb:{\u00ab\u00a0default\u00a0\u00bb:\u00a0\u00bb\/info-paris-ile-de-france-oise\u00a0\u00bb,\u00a0\u00bbburger-menu\u00a0\u00bb:\u00a0\u00bb\/info-paris-ile-de-france-oise\u00a0\u00bb,\u00a0\u00bbnavbar\u00a0\u00bb:\u00a0\u00bb\/info-paris-ile-de-france-oise\u00a0\u00bb,\u00a0\u00bbsub-nav\u00a0\u00bb:\u00a0\u00bb\/info-paris-ile-de-france-oise\u00a0\u00bb,\u00a0\u00bbWebsked-plans\u00a0\u00bb:\u00a0\u00bbhttps:\/\/www.leparisien.fr\/\u00a0\u00bb,\u00a0\u00bbburger-menu-etudiant\u00a0\u00bb:null,\u00a0\u00bbnav\u00a0\u00bb:\u00a0\u00bb\/info-paris-ile-de-france-oise\u00a0\u00bb,\u00a0\u00bbmenu\u00a0\u00bb:\u00a0\u00bb\/info-paris-ile-de-france-oise\u00a0\u00bb,\u00a0\u00bbMaillage_SEO_Surfooter\u00a0\u00bb:\u00a0\u00bb\/info-paris-ile-de-france-oise\u00a0\u00bb,\u00a0\u00bbfooter\u00a0\u00bb:\u00a0\u00bbhttps:\/\/www.leparisien.fr\/\u00a0\u00bb,\u00a0\u00bbmobile-menu-districts\u00a0\u00bb:\u00a0\u00bbhttps:\/\/www.leparisien.fr\/\u00a0\u00bb,\u00a0\u00bbsurfooter\u00a0\u00bb:\u00a0\u00bbhttps:\/\/www.leparisien.fr\/\u00a0\u00bb},\u00a0\u00bborder\u00a0\u00bb:{\u00ab\u00a0default\u00a0\u00bb:2005,\u00a0\u00bbburger-menu\u00a0\u00bb:2005,\u00a0\u00bbnavbar\u00a0\u00bb:2008,\u00a0\u00bbsub-nav\u00a0\u00bb:2008,\u00a0\u00bbWebsked-plans\u00a0\u00bb:1032,\u00a0\u00bbnav\u00a0\u00bb:2006,\u00a0\u00bbmenu\u00a0\u00bb:2005,\u00a0\u00bbMaillage_SEO_Surfooter\u00a0\u00bb:2005,\u00a0\u00bbfooter\u00a0\u00bb:1001,\u00a0\u00bbmobile-menu-districts\u00a0\u00bb:1006,\u00a0\u00bbsurfooter\u00a0\u00bb:1001},\u00a0\u00bbGoogle Analytics\u00a0\u00bb:{\u00ab\u00a0ga_name_level_1&Prime;:\u00a0\u00bbma-ville\u00a0\u00bb,\u00a0\u00bbga_name_level_2&Prime;:\u00a0\u00bbval-d-oise\u00a0\u00bb},\u00a0\u00bbMobile\u00a0\u00bb:{\u00ab\u00a0alternative_subtitle\u00a0\u00bb:\u00a0\u00bbVal-d\u2019Oise\u00a0\u00bb,\u00a0\u00bbalternative_title\u00a0\u00bb:\u00a0\u00bb95&Prime;,\u00a0\u00bbbackground_image_section\u00a0\u00bb:\u00a0\u00bbhttps:\/\/assets.leparisien.fr\/mobile\/images\/search-menu\/95-val-d-oise.png\u00a0\u00bb},\u00a0\u00bbNewsletter\u00a0\u00bb:{\u00ab\u00a0module_message\u00a0\u00bb:\u00a0\u00bbChaque matin, l&rsquo;actualit\u00e9 de votre d\u00e9partement vue par Le Parisien\u00a0\u00bb,\u00a0\u00bbnewsletter_color\u00a0\u00bb:\u00a0\u00bb#1EA0E6&Prime;,\u00a0\u00bbnewsletter_image\u00a0\u00bb:\u00a0\u00bbnewsletter-valdoise-logo.png\u00a0\u00bb,\u00a0\u00bbnewsletter_label\u00a0\u00bb:\u00a0\u00bbL&rsquo;essentiel du 95&Prime;,\u00a0\u00bbnewsletter_name\u00a0\u00bb:\u00a0\u00bbNewsletter Val-d&rsquo;Oise\u00a0\u00bb,\u00a0\u00bbnewsletter_optin\u00a0\u00bb:\u00a0\u00bboptin_newsletter_thematique_val_oise\u00a0\u00bb,\u00a0\u00bbnewsletter_slug\u00a0\u00bb:\u00a0\u00bbvaldoise\u00a0\u00bb,\u00a0\u00bbnewsletter_title\u00a0\u00bb:\u00a0\u00bbUn tour de l&rsquo;actualit\u00e9 du Val-d&rsquo;Oise et de l&rsquo;IDF\u00a0\u00bb},\u00a0\u00bbSponsor\u00a0\u00bb:{\u00ab\u00a0collection_id_for_pinned_content\u00a0\u00bb:\u00a0\u00bbZD6ZGXQEPND7FILDMUJECMWDGI\u00a0\u00bb},\u00a0\u00bb_admin\u00a0\u00bb:{\u00ab\u00a0alias_ids\u00a0\u00bb:[]},\u00a0\u00bbheader\u00a0\u00bb:{\u00ab\u00a0title_logo_size_mobile\u00a0\u00bb:\u00a0\u00bb10X10&Prime;},\u00a0\u00bbsite\u00a0\u00bb:{\u00ab\u00a0section_type\u00a0\u00bb:\u00a0\u00bbevent-light\u00a0\u00bb,\u00a0\u00bbsite_description\u00a0\u00bb:\u00a0\u00bbSuivez l&rsquo;actualit\u00e9 dans votre ville dans le Val-d\u2019Oise en direct et en vid\u00e9o sur le Parisien.fr\u00a0\u00bb,\u00a0\u00bbsite_title\u00a0\u00bb:\u00a0\u00bbActualit\u00e9s Val-d&rsquo;Oise 95 &#8211; Infos Val d&rsquo;Oise 95 &#8211; Info locale &#8211; Le Parisien\u00a0\u00bb},\u00a0\u00bbstory_list\u00a0\u00bb:{\u00ab\u00a0story_list_content\u00a0\u00bb:{}}}}},{\u00ab\u00a0_id\u00a0\u00bb:\u00a0\u00bb\/essonne-91&Prime;,\u00a0\u00bbtype\u00a0\u00bb:\u00a0\u00bbsite\u00a0\u00bb,\u00a0\u00bbversion\u00a0\u00bb:\u00a0\u00bb0.5.8&Prime;,\u00a0\u00bbname\u00a0\u00bb:\u00a0\u00bbEssonne\u00a0\u00bb,\u00a0\u00bbdescription\u00a0\u00bb:\u00a0\u00bbSuivez l&rsquo;actualit\u00e9 dans votre ville en Essonne en direct et en vid\u00e9o sur le Parisien.fr\u00a0\u00bb,\u00a0\u00bbpath\u00a0\u00bb:\u00a0\u00bb\/essonne-91&Prime;,\u00a0\u00bbparent_id\u00a0\u00bb:\u00a0\u00bb\/info-paris-ile-de-france-oise\u00a0\u00bb,\u00a0\u00bbadditional_properties\u00a0\u00bb:{\u00ab\u00a0original\u00a0\u00bb:{\u00ab\u00a0_id\u00a0\u00bb:\u00a0\u00bb\/essonne-91&Prime;,\u00a0\u00bbname\u00a0\u00bb:\u00a0\u00bbEssonne\u00a0\u00bb,\u00a0\u00bbinactive\u00a0\u00bb:false,\u00a0\u00bbancestors\u00a0\u00bb:{\u00ab\u00a0burger-menu\u00a0\u00bb:[\u00ab\u00a0https:\/\/www.leparisien.fr\/\u00a0\u00bb,\u00a0\u00bb\/info-paris-ile-de-france-oise\u00a0\u00bb],\u00a0\u00bbdefault\u00a0\u00bb:[\u00ab\u00a0\/info-paris-ile-de-france-oise\u00a0\u00bb],\u00a0\u00bbnavbar\u00a0\u00bb:[\u00ab\u00a0https:\/\/www.leparisien.fr\/\u00a0\u00bb,\u00a0\u00bb\/info-paris-ile-de-france-oise\u00a0\u00bb],\u00a0\u00bbsub-nav\u00a0\u00bb:[\u00ab\u00a0\/info-paris-ile-de-france-oise\u00a0\u00bb],\u00a0\u00bbWebsked-plans\u00a0\u00bb:[\u00ab\u00a0https:\/\/www.leparisien.fr\/\u00a0\u00bb],\u00a0\u00bbburger-menu-etudiant\u00a0\u00bb:[],\u00a0\u00bbnav\u00a0\u00bb:[\u00ab\u00a0\/info-paris-ile-de-france-oise\u00a0\u00bb,\u00a0\u00bbhttps:\/\/www.leparisien.fr\/\u00a0\u00bb],\u00a0\u00bbmenu\u00a0\u00bb:[\u00ab\u00a0\/info-paris-ile-de-france-oise\u00a0\u00bb,\u00a0\u00bbhttps:\/\/www.leparisien.fr\/\u00a0\u00bb],\u00a0\u00bbMaillage_SEO_Surfooter\u00a0\u00bb:[\u00ab\u00a0\/info-paris-ile-de-france-oise\u00a0\u00bb],\u00a0\u00bbfooter\u00a0\u00bb:[\u00ab\u00a0https:\/\/www.leparisien.fr\/\u00a0\u00bb],\u00a0\u00bbmobile-menu-districts\u00a0\u00bb:[\u00ab\u00a0https:\/\/www.leparisien.fr\/\u00a0\u00bb],\u00a0\u00bbsurfooter\u00a0\u00bb:[\u00ab\u00a0https:\/\/www.leparisien.fr\/\u00a0\u00bb]},\u00a0\u00bbparent\u00a0\u00bb:{\u00ab\u00a0default\u00a0\u00bb:\u00a0\u00bb\/info-paris-ile-de-france-oise\u00a0\u00bb,\u00a0\u00bbburger-menu\u00a0\u00bb:\u00a0\u00bb\/info-paris-ile-de-france-oise\u00a0\u00bb,\u00a0\u00bbnavbar\u00a0\u00bb:\u00a0\u00bb\/info-paris-ile-de-france-oise\u00a0\u00bb,\u00a0\u00bbsub-nav\u00a0\u00bb:\u00a0\u00bb\/info-paris-ile-de-france-oise\u00a0\u00bb,\u00a0\u00bbWebsked-plans\u00a0\u00bb:\u00a0\u00bbhttps:\/\/www.leparisien.fr\/\u00a0\u00bb,\u00a0\u00bbburger-menu-etudiant\u00a0\u00bb:null,\u00a0\u00bbnav\u00a0\u00bb:\u00a0\u00bb\/info-paris-ile-de-france-oise\u00a0\u00bb,\u00a0\u00bbmenu\u00a0\u00bb:\u00a0\u00bb\/info-paris-ile-de-france-oise\u00a0\u00bb,\u00a0\u00bbMaillage_SEO_Surfooter\u00a0\u00bb:\u00a0\u00bb\/info-paris-ile-de-france-oise\u00a0\u00bb,\u00a0\u00bbfooter\u00a0\u00bb:\u00a0\u00bbhttps:\/\/www.leparisien.fr\/\u00a0\u00bb,\u00a0\u00bbmobile-menu-districts\u00a0\u00bb:\u00a0\u00bbhttps:\/\/www.leparisien.fr\/\u00a0\u00bb,\u00a0\u00bbsurfooter\u00a0\u00bb:\u00a0\u00bbhttps:\/\/www.leparisien.fr\/\u00a0\u00bb},\u00a0\u00bborder\u00a0\u00bb:{\u00ab\u00a0default\u00a0\u00bb:2007,\u00a0\u00bbburger-menu\u00a0\u00bb:2002,\u00a0\u00bbnavbar\u00a0\u00bb:2007,\u00a0\u00bbsub-nav\u00a0\u00bb:2002,\u00a0\u00bbWebsked-plans\u00a0\u00bb:1025,\u00a0\u00bbnav\u00a0\u00bb:2002,\u00a0\u00bbmenu\u00a0\u00bb:2002,\u00a0\u00bbMaillage_SEO_Surfooter\u00a0\u00bb:2007,\u00a0\u00bbfooter\u00a0\u00bb:1005,\u00a0\u00bbmobile-menu-districts\u00a0\u00bb:1002,\u00a0\u00bbsurfooter\u00a0\u00bb:1005},\u00a0\u00bbGoogle Analytics\u00a0\u00bb:{\u00ab\u00a0ga_name_level_1&Prime;:\u00a0\u00bbma-ville\u00a0\u00bb,\u00a0\u00bbga_name_level_2&Prime;:\u00a0\u00bbessonne\u00a0\u00bb},\u00a0\u00bbMobile\u00a0\u00bb:{\u00ab\u00a0alternative_subtitle\u00a0\u00bb:\u00a0\u00bbEssonne\u00a0\u00bb,\u00a0\u00bbalternative_title\u00a0\u00bb:\u00a0\u00bb91&Prime;,\u00a0\u00bbbackground_image_section\u00a0\u00bb:\u00a0\u00bbhttps:\/\/assets.leparisien.fr\/mobile\/images\/search-menu\/91-essonne.png\u00a0\u00bb},\u00a0\u00bbNewsletter\u00a0\u00bb:{\u00ab\u00a0module_message\u00a0\u00bb:\u00a0\u00bbChaque matin, l&rsquo;actualit\u00e9 de votre d\u00e9partement vue par Le Parisien\u00a0\u00bb,\u00a0\u00bbnewsletter_color\u00a0\u00bb:\u00a0\u00bb#1EA0E6&Prime;,\u00a0\u00bbnewsletter_image\u00a0\u00bb:\u00a0\u00bbnewsletter-essonne-logo.png\u00a0\u00bb,\u00a0\u00bbnewsletter_label\u00a0\u00bb:\u00a0\u00bbL&rsquo;essentiel du 91&Prime;,\u00a0\u00bbnewsletter_name\u00a0\u00bb:\u00a0\u00bbNewsletter Essonne\u00a0\u00bb,\u00a0\u00bbnewsletter_optin\u00a0\u00bb:\u00a0\u00bboptin_newsletter_thematique_essonne\u00a0\u00bb,\u00a0\u00bbnewsletter_slug\u00a0\u00bb:\u00a0\u00bbessonne\u00a0\u00bb,\u00a0\u00bbnewsletter_title\u00a0\u00bb:\u00a0\u00bbUn tour de l&rsquo;actualit\u00e9 de l&rsquo;Essonne et de l\u2019\u00cele-de-France\u00a0\u00bb},\u00a0\u00bbSponsor\u00a0\u00bb:{\u00ab\u00a0collection_id_for_pinned_content\u00a0\u00bb:\u00a0\u00bbUY2QCZIE5VAHZPCCJAPP2H632M\u00a0\u00bb},\u00a0\u00bb_admin\u00a0\u00bb:{\u00ab\u00a0alias_ids\u00a0\u00bb:[]},\u00a0\u00bbheader\u00a0\u00bb:{\u00ab\u00a0title_logo_size_mobile\u00a0\u00bb:\u00a0\u00bb10X10&Prime;},\u00a0\u00bbsite\u00a0\u00bb:{\u00ab\u00a0section_type\u00a0\u00bb:\u00a0\u00bbevent-light\u00a0\u00bb,\u00a0\u00bbsite_description\u00a0\u00bb:\u00a0\u00bbSuivez l&rsquo;actualit\u00e9 dans votre ville en Essonne en direct et en vid\u00e9o sur le Parisien.fr\u00a0\u00bb,\u00a0\u00bbsite_title\u00a0\u00bb:\u00a0\u00bbInformations locales et actualit\u00e9s en Essonne et en Ile de France &#8211; Le Parisien\u00a0\u00bb},\u00a0\u00bbstory_list\u00a0\u00bb:{\u00ab\u00a0story_list_content\u00a0\u00bb:{}}}}},{\u00ab\u00a0_id\u00a0\u00bb:\u00a0\u00bb\/culture-loisirs\/sortir-region-parisienne\u00a0\u00bb,\u00a0\u00bbtype\u00a0\u00bb:\u00a0\u00bbsite\u00a0\u00bb,\u00a0\u00bbversion\u00a0\u00bb:\u00a0\u00bb0.5.8&Prime;,\u00a0\u00bbname\u00a0\u00bb:\u00a0\u00bbSorties IDF &#038; Oise\u00a0\u00bb,\u00a0\u00bbdescription\u00a0\u00bb:\u00a0\u00bbVous cherchez \u00e0 vous d\u00e9tendre ? Retrouvez sur le Parisien toutes les id\u00e9es de sorties et bonnes adresses pour profiter des loisirs en r\u00e9gion parisienne !\u00a0\u00bb,\u00a0\u00bbpath\u00a0\u00bb:\u00a0\u00bb\/culture-loisirs\/sortir-region-parisienne\u00a0\u00bb,\u00a0\u00bbparent_id\u00a0\u00bb:\u00a0\u00bb\/culture-loisirs\u00a0\u00bb,\u00a0\u00bbadditional_properties\u00a0\u00bb:{\u00ab\u00a0original\u00a0\u00bb:{\u00ab\u00a0_id\u00a0\u00bb:\u00a0\u00bb\/culture-loisirs\/sortir-region-parisienne\u00a0\u00bb,\u00a0\u00bbname\u00a0\u00bb:\u00a0\u00bbSorties IDF &#038; Oise\u00a0\u00bb,\u00a0\u00bbinactive\u00a0\u00bb:false,\u00a0\u00bbancestors\u00a0\u00bb:{\u00ab\u00a0burger-menu\u00a0\u00bb:[\u00ab\u00a0https:\/\/www.leparisien.fr\/\u00a0\u00bb,\u00a0\u00bb\/culture-loisirs\u00a0\u00bb],\u00a0\u00bbWebsked-plans\u00a0\u00bb:[\u00ab\u00a0https:\/\/www.leparisien.fr\/\u00a0\u00bb,\u00a0\u00bb\/culture-loisirs\u00a0\u00bb],\u00a0\u00bbburger-menu-etudiant\u00a0\u00bb:[],\u00a0\u00bbmenu\u00a0\u00bb:[\u00ab\u00a0\/culture-loisirs\u00a0\u00bb,\u00a0\u00bbhttps:\/\/www.leparisien.fr\/\u00a0\u00bb],\u00a0\u00bbsub-nav\u00a0\u00bb:[\u00ab\u00a0\/culture-loisirs\u00a0\u00bb,\u00a0\u00bbhttps:\/\/www.leparisien.fr\/\u00a0\u00bb],\u00a0\u00bbmobile-menu-sections-list\u00a0\u00bb:[\u00ab\u00a0https:\/\/www.leparisien.fr\/\u00a0\u00bb]},\u00a0\u00bbparent\u00a0\u00bb:{\u00ab\u00a0default\u00a0\u00bb:\u00a0\u00bb\/culture-loisirs\u00a0\u00bb,\u00a0\u00bbburger-menu\u00a0\u00bb:\u00a0\u00bb\/culture-loisirs\u00a0\u00bb,\u00a0\u00bbsub-nav\u00a0\u00bb:\u00a0\u00bb\/culture-loisirs\u00a0\u00bb,\u00a0\u00bbWebsked-plans\u00a0\u00bb:\u00a0\u00bb\/culture-loisirs\u00a0\u00bb,\u00a0\u00bbburger-menu-etudiant\u00a0\u00bb:null,\u00a0\u00bbmenu\u00a0\u00bb:\u00a0\u00bb\/culture-loisirs\u00a0\u00bb,\u00a0\u00bbMaillage_SEO_Surfooter\u00a0\u00bb:\u00a0\u00bb\/culture-loisirs\u00a0\u00bb,\u00a0\u00bbmobile-menu-sections-list\u00a0\u00bb:\u00a0\u00bbhttps:\/\/www.leparisien.fr\/\u00a0\u00bb},\u00a0\u00bborder\u00a0\u00bb:{\u00ab\u00a0burger-menu\u00a0\u00bb:2001,\u00a0\u00bbsub-nav\u00a0\u00bb:2006,\u00a0\u00bbWebsked-plans\u00a0\u00bb:2007,\u00a0\u00bbmenu\u00a0\u00bb:2006,\u00a0\u00bbmobile-menu-sections-list\u00a0\u00bb:1031},\u00a0\u00bbGoogle Analytics\u00a0\u00bb:{\u00ab\u00a0ga_name_level_1&Prime;:\u00a0\u00bbculture-et-loisirs\u00a0\u00bb,\u00a0\u00bbga_name_level_2&Prime;:\u00a0\u00bbsortir-en-region-parisienne\u00a0\u00bb,\u00a0\u00bbga_name_level_3&Prime;:null},\u00a0\u00bbNewsletter\u00a0\u00bb:{\u00ab\u00a0module_message\u00a0\u00bb:\u00a0\u00bbChaque jour, Le Parisien vous partage ses coups de coeur pour se divertir et se cultiver\u00a0\u00bb,\u00a0\u00bbnewsletter_name\u00a0\u00bb:\u00a0\u00bbLa liste de nos envies\u00a0\u00bb,\u00a0\u00bbnewsletter_optin\u00a0\u00bb:\u00a0\u00bboptin_newsletter_thematique_loisirs\u00a0\u00bb,\u00a0\u00bbnewsletter_slug\u00a0\u00bb:\u00a0\u00bbloisirs\u00a0\u00bb},\u00a0\u00bbSponsor\u00a0\u00bb:{\u00ab\u00a0collection_id_for_pinned_content\u00a0\u00bb:\u00a0\u00bbWBHRAYZZ55GVBDEH2YDNQPYDCY\u00a0\u00bb},\u00a0\u00bb_admin\u00a0\u00bb:{\u00ab\u00a0alias_ids\u00a0\u00bb:[]},\u00a0\u00bbsite\u00a0\u00bb:{\u00ab\u00a0site_description\u00a0\u00bb:\u00a0\u00bbVous cherchez \u00e0 vous d\u00e9tendre ? Retrouvez sur le Parisien toutes les id\u00e9es de sorties et bonnes adresses pour profiter des loisirs en r\u00e9gion parisienne !\u00a0\u00bb,\u00a0\u00bbsite_title\u00a0\u00bb:\u00a0\u00bbToutes les sorties et activit\u00e9s en r\u00e9gion parisienne &#8211; Le Parisien\u00a0\u00bb},\u00a0\u00bbstory_list\u00a0\u00bb:{\u00ab\u00a0story_list_content\u00a0\u00bb:{}},\u00a0\u00bbnode_type\u00a0\u00bb:\u00a0\u00bbsection\u00a0\u00bb}}},{\u00ab\u00a0_id\u00a0\u00bb:\u00a0\u00bb\/culture-loisirs\u00a0\u00bb,\u00a0\u00bbtype\u00a0\u00bb:\u00a0\u00bbsite\u00a0\u00bb,\u00a0\u00bbversion\u00a0\u00bb:\u00a0\u00bb0.5.8&Prime;,\u00a0\u00bbname\u00a0\u00bb:\u00a0\u00bbCulture &#038; loisirs\u00a0\u00bb,\u00a0\u00bbdescription\u00a0\u00bb:\u00a0\u00bbCulture &#038; Loisirs avec Le Parisien : musique, TV, cin\u00e9ma, s\u00e9ries, concerts. Toute l&rsquo;actualit\u00e9 culture, m\u00e9dias, de vos sorties et de vos spectacles.\u00a0\u00bb,\u00a0\u00bbpath\u00a0\u00bb:\u00a0\u00bb\/culture-loisirs\u00a0\u00bb,\u00a0\u00bbparent_id\u00a0\u00bb:\u00a0\u00bbhttps:\/\/www.leparisien.fr\/\u00a0\u00bb,\u00a0\u00bbadditional_properties\u00a0\u00bb:{\u00ab\u00a0original\u00a0\u00bb:{\u00ab\u00a0_id\u00a0\u00bb:\u00a0\u00bb\/culture-loisirs\u00a0\u00bb,\u00a0\u00bbname\u00a0\u00bb:\u00a0\u00bbCulture &#038; loisirs\u00a0\u00bb,\u00a0\u00bbinactive\u00a0\u00bb:false,\u00a0\u00bbancestors\u00a0\u00bb:{\u00ab\u00a0burger-menu\u00a0\u00bb:[\u00ab\u00a0https:\/\/www.leparisien.fr\/\u00a0\u00bb],\u00a0\u00bbfooter\u00a0\u00bb:[\u00ab\u00a0https:\/\/www.leparisien.fr\/\u00a0\u00bb],\u00a0\u00bbnavbar\u00a0\u00bb:[\u00ab\u00a0https:\/\/www.leparisien.fr\/\u00a0\u00bb],\u00a0\u00bbAppmobile_burger-menu\u00a0\u00bb:[\u00ab\u00a0https:\/\/www.leparisien.fr\/\u00a0\u00bb],\u00a0\u00bbWebsked-plans\u00a0\u00bb:[\u00ab\u00a0https:\/\/www.leparisien.fr\/\u00a0\u00bb],\u00a0\u00bbmosaic_app\u00a0\u00bb:[\u00ab\u00a0https:\/\/www.leparisien.fr\/\u00a0\u00bb],\u00a0\u00bbburger-menu-etudiant\u00a0\u00bb:[],\u00a0\u00bbnav\u00a0\u00bb:[],\u00a0\u00bbmenu\u00a0\u00bb:[\u00ab\u00a0https:\/\/www.leparisien.fr\/\u00a0\u00bb],\u00a0\u00bbfooter-last\u00a0\u00bb:[],\u00a0\u00bbsub-nav\u00a0\u00bb:[\u00ab\u00a0https:\/\/www.leparisien.fr\/\u00a0\u00bb],\u00a0\u00bbmobile-menu-sections-list\u00a0\u00bb:[\u00ab\u00a0https:\/\/www.leparisien.fr\/\u00a0\u00bb],\u00a0\u00bbdefault\u00a0\u00bb:[\u00ab\u00a0https:\/\/www.leparisien.fr\/\u00a0\u00bb],\u00a0\u00bbsurfooter\u00a0\u00bb:[\u00ab\u00a0https:\/\/www.leparisien.fr\/\u00a0\u00bb],\u00a0\u00bbentretien-exterieurs\u00a0\u00bb:[]},\u00a0\u00bbparent\u00a0\u00bb:{\u00ab\u00a0default\u00a0\u00bb:\u00a0\u00bbhttps:\/\/www.leparisien.fr\/\u00a0\u00bb,\u00a0\u00bbburger-menu\u00a0\u00bb:\u00a0\u00bbhttps:\/\/www.leparisien.fr\/\u00a0\u00bb,\u00a0\u00bbfooter\u00a0\u00bb:\u00a0\u00bbhttps:\/\/www.leparisien.fr\/\u00a0\u00bb,\u00a0\u00bbnavbar\u00a0\u00bb:\u00a0\u00bbhttps:\/\/www.leparisien.fr\/\u00a0\u00bb,\u00a0\u00bbAppmobile_burger-menu\u00a0\u00bb:\u00a0\u00bbhttps:\/\/www.leparisien.fr\/\u00a0\u00bb,\u00a0\u00bbsub-nav\u00a0\u00bb:\u00a0\u00bbhttps:\/\/www.leparisien.fr\/\u00a0\u00bb,\u00a0\u00bbWebsked-plans\u00a0\u00bb:\u00a0\u00bbhttps:\/\/www.leparisien.fr\/\u00a0\u00bb,\u00a0\u00bbmosaic_app\u00a0\u00bb:\u00a0\u00bbhttps:\/\/www.leparisien.fr\/\u00a0\u00bb,\u00a0\u00bbburger-menu-etudiant\u00a0\u00bb:null,\u00a0\u00bbnav\u00a0\u00bb:null,\u00a0\u00bbmenu\u00a0\u00bb:\u00a0\u00bbhttps:\/\/www.leparisien.fr\/\u00a0\u00bb,\u00a0\u00bbMaillage_SEO_Surfooter\u00a0\u00bb:\u00a0\u00bbhttps:\/\/www.leparisien.fr\/\u00a0\u00bb,\u00a0\u00bbfooter-last\u00a0\u00bb:null,\u00a0\u00bbmobile-menu-sections-list\u00a0\u00bb:\u00a0\u00bbhttps:\/\/www.leparisien.fr\/\u00a0\u00bb,\u00a0\u00bbsurfooter\u00a0\u00bb:\u00a0\u00bbhttps:\/\/www.leparisien.fr\/\u00a0\u00bb,\u00a0\u00bbentretien-exterieurs\u00a0\u00bb:null},\u00a0\u00bborder\u00a0\u00bb:{\u00ab\u00a0default\u00a0\u00bb:1091,\u00a0\u00bbburger-menu\u00a0\u00bb:1014,\u00a0\u00bbnavbar\u00a0\u00bb:1007,\u00a0\u00bbAppmobile_burger-menu\u00a0\u00bb:1007,\u00a0\u00bbsub-nav\u00a0\u00bb:1005,\u00a0\u00bbWebsked-plans\u00a0\u00bb:1005,\u00a0\u00bbmosaic_app\u00a0\u00bb:1010,\u00a0\u00bbmenu\u00a0\u00bb:1008,\u00a0\u00bbMaillage_SEO_Surfooter\u00a0\u00bb:1091,\u00a0\u00bbfooter\u00a0\u00bb:1022,\u00a0\u00bbmobile-menu-sections-list\u00a0\u00bb:1021,\u00a0\u00bbsurfooter\u00a0\u00bb:1022},\u00a0\u00bbGoogle Analytics\u00a0\u00bb:{\u00ab\u00a0ga_name_level_1&Prime;:\u00a0\u00bbculture-et-loisirs\u00a0\u00bb,\u00a0\u00bbga_name_level_2&Prime;:null,\u00a0\u00bbga_name_level_3&Prime;:null},\u00a0\u00bbMobile\u00a0\u00bb:{\u00ab\u00a0background_color_section\u00a0\u00bb:\u00a0\u00bb#9A536F\u00a0\u00bb,\u00a0\u00bbbackground_image_section\u00a0\u00bb:\u00a0\u00bbhttps:\/\/assets.leparisien.fr\/mobile\/images\/explorer\/culture_loisirs.png\u00a0\u00bb},\u00a0\u00bbNewsletter\u00a0\u00bb:{\u00ab\u00a0module_message\u00a0\u00bb:null,\u00a0\u00bbnewsletter_color\u00a0\u00bb:\u00a0\u00bb#D74D8F\u00a0\u00bb,\u00a0\u00bbnewsletter_image\u00a0\u00bb:\u00a0\u00bbnewsletter-loisirs-logo.png\u00a0\u00bb,\u00a0\u00bbnewsletter_label\u00a0\u00bb:\u00a0\u00bbLa liste de nos envies\u00a0\u00bb,\u00a0\u00bbnewsletter_name\u00a0\u00bb:null,\u00a0\u00bbnewsletter_optin\u00a0\u00bb:\u00a0\u00bboptin_newsletter_thematique_loisirs\u00a0\u00bb,\u00a0\u00bbnewsletter_slug\u00a0\u00bb:\u00a0\u00bbloisirs\u00a0\u00bb,\u00a0\u00bbnewsletter_title\u00a0\u00bb:\u00a0\u00bbNos coups de c\u0153ur pour se divertir et se cultiver.\u00a0\u00bb},\u00a0\u00bbSponsor\u00a0\u00bb:{\u00ab\u00a0collection_id_for_pinned_content\u00a0\u00bb:\u00a0\u00bbJH3POPHOSZGXRAQMAERYCYI4M4&Prime;},\u00a0\u00bb_admin\u00a0\u00bb:{\u00ab\u00a0alias_ids\u00a0\u00bb:[]},\u00a0\u00bbheader\u00a0\u00bb:{\u00ab\u00a0title_logo_only\u00a0\u00bb:\u00a0\u00bbfalse\u00a0\u00bb},\u00a0\u00bbsite\u00a0\u00bb:{\u00ab\u00a0site_description\u00a0\u00bb:\u00a0\u00bbCulture &#038; Loisirs avec Le Parisien : musique, TV, cin\u00e9ma, s\u00e9ries, concerts. Toute l&rsquo;actualit\u00e9 culture, m\u00e9dias, de vos sorties et de vos spectacles.\u00a0\u00bb,\u00a0\u00bbsite_title\u00a0\u00bb:\u00a0\u00bbCulture &#038; Loisirs : info culture, TV, cin\u00e9ma, sorties, concerts &#8211; Le Parisien\u00a0\u00bb},\u00a0\u00bbstory_list\u00a0\u00bb:{\u00ab\u00a0story_list_content\u00a0\u00bb:{}},\u00a0\u00bbnode_type\u00a0\u00bb:\u00a0\u00bbsection\u00a0\u00bb}}}],\u00a0\u00bbkeywords\u00a0\u00bb:[]},\u00a0\u00bbtype\u00a0\u00bb:\u00a0\u00bbstory\u00a0\u00bb,\u00a0\u00bbwebsites\u00a0\u00bb:{\u00ab\u00a0leparisien\u00a0\u00bb:{\u00ab\u00a0website_section\u00a0\u00bb:{\u00ab\u00a0_id\u00a0\u00bb:\u00a0\u00bb\/meteo\u00a0\u00bb,\u00a0\u00bb_website\u00a0\u00bb:\u00a0\u00bbleparisien\u00a0\u00bb,\u00a0\u00bbtype\u00a0\u00bb:\u00a0\u00bbsection\u00a0\u00bb,\u00a0\u00bbversion\u00a0\u00bb:\u00a0\u00bb0.6.0&Prime;,\u00a0\u00bbname\u00a0\u00bb:\u00a0\u00bbM\u00e9t\u00e9o\u00a0\u00bb,\u00a0\u00bbdescription\u00a0\u00bb:\u00a0\u00bbObservations en temps r\u00e9el et pr\u00e9visions m\u00e9t\u00e9o \u00e0 5 jours &#8211; Le temps \u00e0 Paris, Bordeaux, Marseille, Lille\u2026 Suivez toute la m\u00e9t\u00e9o en France et en Europe sur leParisien.fr\u00a0\u00bb,\u00a0\u00bbpath\u00a0\u00bb:\u00a0\u00bb\/meteo\u00a0\u00bb,\u00a0\u00bbparent_id\u00a0\u00bb:\u00a0\u00bbhttps:\/\/www.leparisien.fr\/\u00a0\u00bb,\u00a0\u00bbparent\u00a0\u00bb:{\u00ab\u00a0default\u00a0\u00bb:\u00a0\u00bbhttps:\/\/www.leparisien.fr\/\u00a0\u00bb},\u00a0\u00bbadditional_properties\u00a0\u00bb:{\u00ab\u00a0original\u00a0\u00bb:{\u00ab\u00a0_id\u00a0\u00bb:\u00a0\u00bb\/meteo\u00a0\u00bb,\u00a0\u00bb_website\u00a0\u00bb:\u00a0\u00bbleparisien\u00a0\u00bb,\u00a0\u00bbname\u00a0\u00bb:\u00a0\u00bbM\u00e9t\u00e9o\u00a0\u00bb,\u00a0\u00bbinactive\u00a0\u00bb:false,\u00a0\u00bbancestors\u00a0\u00bb:{\u00ab\u00a0default\u00a0\u00bb:[\u00ab\u00a0https:\/\/www.leparisien.fr\/\u00a0\u00bb],\u00a0\u00bbWebsked-plans\u00a0\u00bb:[\u00ab\u00a0https:\/\/www.leparisien.fr\/\u00a0\u00bb],\u00a0\u00bbsub-nav\u00a0\u00bb:[\u00ab\u00a0https:\/\/www.leparisien.fr\/\u00a0\u00bb],\u00a0\u00bbburger-menu\u00a0\u00bb:[\u00ab\u00a0https:\/\/www.leparisien.fr\/\u00a0\u00bb,\u00a0\u00bb\/societe\u00a0\u00bb],\u00a0\u00bbburger-menu-etudiant\u00a0\u00bb:[],\u00a0\u00bbmenu\u00a0\u00bb:[\u00ab\u00a0https:\/\/www.leparisien.fr\/\u00a0\u00bb],\u00a0\u00bbMaillage_SEO_Surfooter\u00a0\u00bb:[],\u00a0\u00bbfooter\u00a0\u00bb:[\u00ab\u00a0https:\/\/www.leparisien.fr\/\u00a0\u00bb],\u00a0\u00bbmobile-menu-sections-list\u00a0\u00bb:[\u00ab\u00a0https:\/\/www.leparisien.fr\/\u00a0\u00bb],\u00a0\u00bbsurfooter\u00a0\u00bb:[\u00ab\u00a0https:\/\/www.leparisien.fr\/\u00a0\u00bb]},\u00a0\u00bbparent\u00a0\u00bb:{\u00ab\u00a0default\u00a0\u00bb:\u00a0\u00bbhttps:\/\/www.leparisien.fr\/\u00a0\u00bb,\u00a0\u00bbWebsked-plans\u00a0\u00bb:\u00a0\u00bbhttps:\/\/www.leparisien.fr\/\u00a0\u00bb,\u00a0\u00bbsub-nav\u00a0\u00bb:\u00a0\u00bbhttps:\/\/www.leparisien.fr\/\u00a0\u00bb,\u00a0\u00bbburger-menu\u00a0\u00bb:\u00a0\u00bb\/societe\u00a0\u00bb,\u00a0\u00bbburger-menu-etudiant\u00a0\u00bb:null,\u00a0\u00bbmenu\u00a0\u00bb:\u00a0\u00bbhttps:\/\/www.leparisien.fr\/\u00a0\u00bb,\u00a0\u00bbMaillage_SEO_Surfooter\u00a0\u00bb:\u00a0\u00bbhttps:\/\/www.leparisien.fr\/\u00a0\u00bb,\u00a0\u00bbfooter\u00a0\u00bb:\u00a0\u00bbhttps:\/\/www.leparisien.fr\/\u00a0\u00bb,\u00a0\u00bbmobile-menu-sections-list\u00a0\u00bb:\u00a0\u00bbhttps:\/\/www.leparisien.fr\/\u00a0\u00bb,\u00a0\u00bbsurfooter\u00a0\u00bb:\u00a0\u00bbhttps:\/\/www.leparisien.fr\/\u00a0\u00bb},\u00a0\u00bborder\u00a0\u00bb:{\u00ab\u00a0Websked-plans\u00a0\u00bb:1016,\u00a0\u00bbdefault\u00a0\u00bb:1010,\u00a0\u00bbburger-menu\u00a0\u00bb:2005,\u00a0\u00bbmenu\u00a0\u00bb:1014,\u00a0\u00bbMaillage_SEO_Surfooter\u00a0\u00bb:1076,\u00a0\u00bbsub-nav\u00a0\u00bb:1016,\u00a0\u00bbfooter\u00a0\u00bb:1009,\u00a0\u00bbmobile-menu-sections-list\u00a0\u00bb:1009,\u00a0\u00bbsurfooter\u00a0\u00bb:1009},\u00a0\u00bbGoogle Analytics\u00a0\u00bb:{\u00ab\u00a0ga_name_level_1&Prime;:\u00a0\u00bbmeteo\u00a0\u00bb,\u00a0\u00bbga_name_level_2&Prime;:null,\u00a0\u00bbga_name_level_3&Prime;:null},\u00a0\u00bbMobile\u00a0\u00bb:{\u00ab\u00a0label\u00a0\u00bb:null,\u00a0\u00bbxtpage\u00a0\u00bb:null},\u00a0\u00bbNewsletter\u00a0\u00bb:{\u00ab\u00a0module_message\u00a0\u00bb:null,\u00a0\u00bbnewsletter_name\u00a0\u00bb:\u00a0\u00bbL&rsquo;Essentiel de l&rsquo;actu\u00a0\u00bb,\u00a0\u00bbnewsletter_optin\u00a0\u00bb:\u00a0\u00bb{\\\u00a0\u00bboptin_newsletter\\\u00a0\u00bb:1}\u00a0\u00bb},\u00a0\u00bbSponsor\u00a0\u00bb:{\u00ab\u00a0collection_id_for_pinned_content\u00a0\u00bb:\u00a0\u00bbHALPYGG7M5FNVD5C3NHQ3V3O2A\u00a0\u00bb,\u00a0\u00bbsponsor_logo_url\u00a0\u00bb:null,\u00a0\u00bbsponsor_message\u00a0\u00bb:null,\u00a0\u00bbsponsor_name\u00a0\u00bb:null,\u00a0\u00bbsponsor_type\u00a0\u00bb:null},\u00a0\u00bb_admin\u00a0\u00bb:{\u00ab\u00a0alias_ids\u00a0\u00bb:[\u00ab\u00a0\/meteo\u00a0\u00bb],\u00a0\u00bbcommercial_node\u00a0\u00bb:null,\u00a0\u00bbdefault_content\u00a0\u00bb:null,\u00a0\u00bbdo_not_show_on_site\u00a0\u00bb:null,\u00a0\u00bbtracking_node\u00a0\u00bb:null},\u00a0\u00bbin_the_news\u00a0\u00bb:{\u00ab\u00a0in_the_news_usebasepage\u00a0\u00bb:\u00a0\u00bb\/in-the-news-forsections\/\u00a0\u00bb,\u00a0\u00bbin_the_news_usefeature\u00a0\u00bb:null,\u00a0\u00bbin_the_news_usesectionbar\u00a0\u00bb:\u00a0\u00bbfalse\u00a0\u00bb},\u00a0\u00bbnavigation\u00a0\u00bb:{\u00ab\u00a0display_in_top_strip\u00a0\u00bb:null,\u00a0\u00bbnav_display\u00a0\u00bb:null,\u00a0\u00bbnav_title\u00a0\u00bb:null},\u00a0\u00bbsite\u00a0\u00bb:{\u00ab\u00a0amp_deactivated\u00a0\u00bb:\u00a0\u00bbfalse\u00a0\u00bb,\u00a0\u00bbnative_app_rendering\u00a0\u00bb:null,\u00a0\u00bbpagebuilder_path_for_native_apps\u00a0\u00bb:null,\u00a0\u00bbpaywall_deactivated\u00a0\u00bb:\u00a0\u00bbfalse\u00a0\u00bb,\u00a0\u00bbsection_show_videos\u00a0\u00bb:\u00a0\u00bbtrue\u00a0\u00bb,\u00a0\u00bbsite_about\u00a0\u00bb:null,\u00a0\u00bbsite_description\u00a0\u00bb:\u00a0\u00bbObservations en temps r\u00e9el et pr\u00e9visions m\u00e9t\u00e9o \u00e0 5 jours &#8211; Le temps \u00e0 Paris, Bordeaux, Marseille, Lille\u2026 Suivez toute la m\u00e9t\u00e9o en France et en Europe sur leParisien.fr\u00a0\u00bb,\u00a0\u00bbsite_keywords\u00a0\u00bb:null,\u00a0\u00bbsite_tagline\u00a0\u00bb:null,\u00a0\u00bbsite_title\u00a0\u00bb:\u00a0\u00bbActualit\u00e9s et pr\u00e9visions m\u00e9t\u00e9o \u00e0 7 jours Paris et IDF &#8211; Le Parisien M\u00e9t\u00e9o\u00a0\u00bb,\u00a0\u00bbsite_url\u00a0\u00bb:null},\u00a0\u00bbsocial\u00a0\u00bb:{\u00ab\u00a0archives\u00a0\u00bb:null,\u00a0\u00bbfacebook\u00a0\u00bb:null,\u00a0\u00bbrss\u00a0\u00bb:null,\u00a0\u00bbtwitter\u00a0\u00bb:null},\u00a0\u00bbstory_list\u00a0\u00bb:{\u00ab\u00a0story_list_content\u00a0\u00bb:{}},\u00a0\u00bbnode_type\u00a0\u00bb:\u00a0\u00bbsection\u00a0\u00bb}},\u00a0\u00bb_website_section_id\u00a0\u00bb:\u00a0\u00bbleparisien.\/meteo\u00a0\u00bb},\u00a0\u00bbwebsite_url\u00a0\u00bb:\u00a0\u00bb\/oise-60\/les-premiers-flocons-de-2026-sont-tombes-en-ile-de-france-et-dans-loise-places-en-vigilance-jaune-neige-verglas-02-01-2026-XHMU4QE7VZGKJCLAGCO7QT7374.php\u00a0\u00bb}},\u00a0\u00bbcanonical_url\u00a0\u00bb:\u00a0\u00bb\/oise-60\/les-premiers-flocons-de-2026-sont-tombes-en-ile-de-france-et-dans-loise-places-en-vigilance-jaune-neige-verglas-02-01-2026-XHMU4QE7VZGKJCLAGCO7QT7374.php\u00a0\u00bb,\u00a0\u00bbwebsite\u00a0\u00bb:\u00a0\u00bbleparisien\u00a0\u00bb,\u00a0\u00bbwebsite_url\u00a0\u00bb:\u00a0\u00bb\/oise-60\/les-premiers-flocons-de-2026-sont-tombes-en-ile-de-france-et-dans-loise-places-en-vigilance-jaune-neige-verglas-02-01-2026-XHMU4QE7VZGKJCLAGCO7QT7374.php\u00a0\u00bb,\u00a0\u00bbuserStatus\u00a0\u00bb:\u00a0\u00bbunknown\u00a0\u00bb,\u00a0\u00bbarticleTemplate\u00a0\u00bb:\u00a0\u00bbarticle\u00a0\u00bb,\u00a0\u00bbaudioUrl\u00a0\u00bb:\u00a0\u00bbhttps:\/\/audio.leparisien.fr\/XHMU4QE7VZGKJCLAGCO7QT7374.mp3&Prime;};Fusion.globalContentConfig={\u00ab\u00a0source\u00a0\u00bb:\u00a0\u00bbstory-card\u00a0\u00bb,\u00a0\u00bbquery\u00a0\u00bb:{\u00ab\u00a0uri\u00a0\u00bb:\u00a0\u00bb\/oise-60\/les-premiers-flocons-de-2026-sont-tombes-en-ile-de-france-et-dans-loise-places-en-vigilance-jaune-neige-verglas-02-01-2026-XHMU4QE7VZGKJCLAGCO7QT7374.php\u00a0\u00bb,\u00a0\u00bbwebsite\u00a0\u00bb:\u00a0\u00bbleparisien\u00a0\u00bb,\u00a0\u00bburl\u00a0\u00bb:\u00a0\u00bb\/oise-60\/les-premiers-flocons-de-2026-sont-tombes-en-ile-de-france-et-dans-loise-places-en-vigilance-jaune-neige-verglas-02-01-2026-XHMU4QE7VZGKJCLAGCO7QT7374.php\u00a0\u00bb,\u00a0\u00bbvariant\u00a0\u00bb:\u00a0\u00bb0&Prime;,\u00a0\u00bbarc-site\u00a0\u00bb:\u00a0\u00bbleparisien\u00a0\u00bb}};Fusion.lastModified=1767387404440;Fusion.contentCache={\u00ab\u00a0customization\u00a0\u00bb:{\u00ab\u00a0{\\\u00a0\u00bbtype\\\u00a0\u00bb:\\\u00a0\u00bbmea-article\\\u00a0\u00bb}\u00a0\u00bb:{\u00ab\u00a0data\u00a0\u00bb:[{\u00ab\u00a0name\u00a0\u00bb:\u00a0\u00bbPopularit\u00e9 des pr\u00e9noms depuis 1900 &#8211; dataviz\u00a0\u00bb,\u00a0\u00bbtargetedDevices\u00a0\u00bb:\u00a0\u00bbweb-mobile\u00a0\u00bb,\u00a0\u00bbtargetedSections\u00a0\u00bb:[\u00ab\u00a0\/societe\u00a0\u00bb],\u00a0\u00bbtargetedUserStatus\u00a0\u00bb:[\u00ab\u00a0unknown\u00a0\u00bb,\u00a0\u00bblogged\u00a0\u00bb,\u00a0\u00bbsubscribed\u00a0\u00bb],\u00a0\u00bbdisplayOnSectionPages\u00a0\u00bb:true,\u00a0\u00bbisMeaArticleActivated\u00a0\u00bb:true,\u00a0\u00bbendDate\u00a0\u00bb:\u00a0\u00bb2025-07-09T23:00:00.000Z\u00a0\u00bb,\u00a0\u00bbisArticlePremium\u00a0\u00bb:false,\u00a0\u00bbdisplayOnPremiumArticles\u00a0\u00bb:true,\u00a0\u00bbpriority\u00a0\u00bb:1,\u00a0\u00bbtitle\u00a0\u00bb:\u00a0\u00bbD\u00e9couvrez si votre pr\u00e9nom est populaire gr\u00e2ce \u00e0 notre moteur de recherche\u00a0\u00bb,\u00a0\u00bburl\u00a0\u00bb:\u00a0\u00bbhttps:\/\/www.leparisien.fr\/societe\/votre-prenom-est-il-tendance-ou-en-voie-de-disparition-verifiez-le-grace-a-notre-moteur-de-recherche-09-07-2025-2GOIP6MX7BEIZK72P43S6N2USI.php\u00a0\u00bb,\u00a0\u00bbstartDate\u00a0\u00bb:\u00a0\u00bb2025-07-09T15:25:00.000Z\u00a0\u00bb}],\u00a0\u00bbexpires\u00a0\u00bb:1767387408191,\u00a0\u00bblastModified\u00a0\u00bb:1767387108082},\u00a0\u00bb{\\\u00a0\u00bbtype\\\u00a0\u00bb:\\\u00a0\u00bbpopin\\\u00a0\u00bb}\u00a0\u00bb:{\u00ab\u00a0data\u00a0\u00bb:[{\u00ab\u00a0popinCampaign\u00a0\u00bb:\u00a0\u00bbPromo_80-ans\u00a0\u00bb,\u00a0\u00bbtargetedDevices\u00a0\u00bb:\u00a0\u00bbweb-mobile\u00a0\u00bb,\u00a0\u00bbtargetedSections\u00a0\u00bb:[\u00ab\u00a0\/val-de-marne-94&Prime;,\u00a0\u00bb\/val-d-oise-95&Prime;,\u00a0\u00bb\/seine-et-marne-77&Prime;,\u00a0\u00bb\/faits-divers\u00a0\u00bb,\u00a0\u00bb\/voyage\u00a0\u00bb,\u00a0\u00bb\/politique\u00a0\u00bb,\u00a0\u00bb\/podcasts\u00a0\u00bb,\u00a0\u00bb\/environnement\u00a0\u00bb,\u00a0\u00bb\/international\u00a0\u00bb,\u00a0\u00bb\/paris-75&Prime;,\u00a0\u00bb\/yvelines-78&Prime;,\u00a0\u00bb\/essonne-91&Prime;,\u00a0\u00bb\/jo-paris-2024&Prime;,\u00a0\u00bb\/jo-paralympiques-paris-2024&Prime;,\u00a0\u00bb\/seine-saint-denis-93&Prime;,\u00a0\u00bb\/meteo\u00a0\u00bb,\u00a0\u00bb\/oise-60&Prime;,\u00a0\u00bb\/animaux\u00a0\u00bb,\u00a0\u00bb\/automobile\u00a0\u00bb,\u00a0\u00bb\/bien-manger\u00a0\u00bb,\u00a0\u00bb\/societe\u00a0\u00bb,\u00a0\u00bb\/sports\u00a0\u00bb,\u00a0\u00bb\/sports\/hippisme\u00a0\u00bb,\u00a0\u00bb\/elections\u00a0\u00bb,\u00a0\u00bb\/info-paris-ile-de-france-oise\u00a0\u00bb,\u00a0\u00bb\/intime\u00a0\u00bb,\u00a0\u00bb\/culture-loisirs\u00a0\u00bb],\u00a0\u00bbtargetedUserStatus\u00a0\u00bb:[\u00ab\u00a0unknown\u00a0\u00bb,\u00a0\u00bblogged\u00a0\u00bb,\u00a0\u00bbsubscribed\u00a0\u00bb],\u00a0\u00bbcappingFrequencyTime\u00a0\u00bb:86400000,\u00a0\u00bbdisplayOnPremiumArticles\u00a0\u00bb:true,\u00a0\u00bbdisplayOnHomePage\u00a0\u00bb:true,\u00a0\u00bbtitle\u00a0\u00bb:\u00a0\u00bbLe Parisien f\u00eate ses 80 ans !\u00a0\u00bb,\u00a0\u00bbpriority\u00a0\u00bb:1,\u00a0\u00bbctaLabel\u00a0\u00bb:\u00a0\u00bbD\u00e9couvrir\u00a0\u00bb,\u00a0\u00bbtracking\u00a0\u00bb:{\u00ab\u00a0campaign\u00a0\u00bb:\u00a0\u00bbnewsletter\u00a0\u00bb,\u00a0\u00bbcreation\u00a0\u00bb:\u00a0\u00bbalerte-inscription-resultats\u00a0\u00bb},\u00a0\u00bbctaRedirectLink\u00a0\u00bb:\u00a0\u00bbhttps:\/\/www.leparisien.fr\/80-ans-du-parisien\/\u00a0\u00bb,\u00a0\u00bbdisplayOnSectionPages\u00a0\u00bb:true,\u00a0\u00bbcappingDisplaysPerUser\u00a0\u00bb:4,\u00a0\u00bbtext\u00a0\u00bb:\u00a0\u00bbA l&rsquo;occasion du 80e anniversaire du quotidien, sa r\u00e9daction s&rsquo;est plong\u00e9e dans huit d\u00e9cennies d&rsquo;archives, qui racontent notre soci\u00e9t\u00e9 et son \u00e9volution.\u00a0\u00bb,\u00a0\u00bbtag\u00a0\u00bb:\u00a0\u00bb\u00c9v\u00e9nement\u00a0\u00bb,\u00a0\u00bbisPopinActivated\u00a0\u00bb:false,\u00a0\u00bbpicto\u00a0\u00bb:\u00a0\u00bbhttps:\/\/assets.leparisien.fr\/website\/images\/events_logo\/80th-birthday.png\u00a0\u00bb,\u00a0\u00bbpopinType\u00a0\u00bb:\u00a0\u00bbredirection\u00a0\u00bb},{\u00ab\u00a0popinCampaign\u00a0\u00bb:\u00a0\u00bbDL_apps_multicomptes\u00a0\u00bb,\u00a0\u00bbtargetedDevices\u00a0\u00bb:\u00a0\u00bbmobile\u00a0\u00bb,\u00a0\u00bbtargetedSections\u00a0\u00bb:[\u00ab\u00a0\/faits-divers\u00a0\u00bb],\u00a0\u00bbtargetedUserStatus\u00a0\u00bb:[\u00ab\u00a0unknown\u00a0\u00bb,\u00a0\u00bblogged\u00a0\u00bb],\u00a0\u00bbcappingFrequencyTime\u00a0\u00bb:86400000,\u00a0\u00bbdisplayOnPremiumArticles\u00a0\u00bb:false,\u00a0\u00bbdisplayOnHomePage\u00a0\u00bb:false,\u00a0\u00bbtitle\u00a0\u00bb:\u00a0\u00bbLes abonnements Trio et Famille arrivent dans l\u2019app\u00a0\u00bb,\u00a0\u00bbpriority\u00a0\u00bb:1,\u00a0\u00bbctaLabel\u00a0\u00bb:\u00a0\u00bbD\u00e9couvrez les offres dans l\u2019app du Parisien\u00a0\u00bb,\u00a0\u00bbtracking\u00a0\u00bb:{\u00ab\u00a0campaign\u00a0\u00bb:\u00a0\u00bbappli\u00a0\u00bb,\u00a0\u00bbcreation\u00a0\u00bb:\u00a0\u00bbdl-app_multi\u00a0\u00bb},\u00a0\u00bbctaRedirectLink\u00a0\u00bb:\u00a0\u00bbhttps:\/\/app.adjust.com\/ejwg1cd_xew8wjk\u00a0\u00bb,\u00a0\u00bbdisplayOnSectionPages\u00a0\u00bb:true,\u00a0\u00bbcappingDisplaysPerUser\u00a0\u00bb:3,\u00a0\u00bbtext\u00a0\u00bb:\u00a0\u00bbProfitez d\u2019abonnements pens\u00e9s pour plusieurs lecteurs : jusqu\u2019\u00e0 5 comptes dans une m\u00eame formule, chacun avec son profil.\u00a0\u00bb,\u00a0\u00bbisPopinActivated\u00a0\u00bb:false,\u00a0\u00bbpicto\u00a0\u00bb:\u00a0\u00bbhttps:\/\/leparisien-assets-prod.s3.eu-west-1.amazonaws.com\/website\/images\/events_logo\/pop-in-web-multicompte-OK.png\u00a0\u00bb,\u00a0\u00bbpopinType\u00a0\u00bb:\u00a0\u00bbredirection\u00a0\u00bb},{\u00ab\u00a0popinCampaign\u00a0\u00bb:\u00a0\u00bbDL_Apps_CDMDC25&Prime;,\u00a0\u00bbtargetedDevices\u00a0\u00bb:\u00a0\u00bbmobile\u00a0\u00bb,\u00a0\u00bbtargetedSections\u00a0\u00bb:[\u00ab\u00a0\/sports\u00a0\u00bb],\u00a0\u00bbtargetedUserStatus\u00a0\u00bb:[\u00ab\u00a0unknown\u00a0\u00bb,\u00a0\u00bblogged\u00a0\u00bb,\u00a0\u00bbsubscribed\u00a0\u00bb],\u00a0\u00bbcappingFrequencyTime\u00a0\u00bb:86400000,\u00a0\u00bbdisplayOnPremiumArticles\u00a0\u00bb:false,\u00a0\u00bbdisplayOnHomePage\u00a0\u00bb:false,\u00a0\u00bbtitle\u00a0\u00bb:\u00a0\u00bbLe PSG dans la Coupe du monde des clubs\u00a0\u00bb,\u00a0\u00bbpriority\u00a0\u00bb:1,\u00a0\u00bbctaLabel\u00a0\u00bb:\u00a0\u00bbT\u00e9l\u00e9charger l&rsquo;application\u00a0\u00bb,\u00a0\u00bbtracking\u00a0\u00bb:{\u00ab\u00a0campaign\u00a0\u00bb:\u00a0\u00bbappli\u00a0\u00bb,\u00a0\u00bbcreation\u00a0\u00bb:\u00a0\u00bbdl-app_cdmdc25&Prime;},\u00a0\u00bbctaRedirectLink\u00a0\u00bb:\u00a0\u00bbhttps:\/\/app.adjust.com\/ejwg1cd_xew8wjk\u00a0\u00bb,\u00a0\u00bbdisplayOnSectionPages\u00a0\u00bb:true,\u00a0\u00bbcappingDisplaysPerUser\u00a0\u00bb:8,\u00a0\u00bbtext\u00a0\u00bb:\u00a0\u00bbSuivez les matchs, r\u00e9sum\u00e9s et analyses de la comp\u00e9tition en temps r\u00e9el \u00e0 port\u00e9e de main.\u00a0\u00bb,\u00a0\u00bbisPopinActivated\u00a0\u00bb:false,\u00a0\u00bbpicto\u00a0\u00bb:\u00a0\u00bbhttps:\/\/assets.leparisien.fr\/website\/images\/group-2448-1.png\u00a0\u00bb,\u00a0\u00bbpopinType\u00a0\u00bb:\u00a0\u00bbredirection\u00a0\u00bb},{\u00ab\u00a0popinCampaign\u00a0\u00bb:\u00a0\u00bbDL_apps_JO\u00a0\u00bb,\u00a0\u00bbtargetedDevices\u00a0\u00bb:\u00a0\u00bbmobile\u00a0\u00bb,\u00a0\u00bbtargetedSections\u00a0\u00bb:[\u00ab\u00a0\/jo-paris-2024&Prime;,\u00a0\u00bb\/sports\u00a0\u00bb],\u00a0\u00bbtargetedUserStatus\u00a0\u00bb:[\u00ab\u00a0unknown\u00a0\u00bb,\u00a0\u00bblogged\u00a0\u00bb,\u00a0\u00bbsubscribed\u00a0\u00bb],\u00a0\u00bbcappingFrequencyTime\u00a0\u00bb:86400000,\u00a0\u00bbdisplayOnPremiumArticles\u00a0\u00bb:false,\u00a0\u00bbdisplayOnHomePage\u00a0\u00bb:false,\u00a0\u00bbtitle\u00a0\u00bb:\u00a0\u00bbVivez pleinement les JO dans l&rsquo;application\u00a0\u00bb,\u00a0\u00bbpriority\u00a0\u00bb:1,\u00a0\u00bbctaLabel\u00a0\u00bb:\u00a0\u00bbT\u00e9l\u00e9charger l&rsquo;application\u00a0\u00bb,\u00a0\u00bbtracking\u00a0\u00bb:{\u00ab\u00a0campaign\u00a0\u00bb:\u00a0\u00bbnewsletter\u00a0\u00bb,\u00a0\u00bbcreation\u00a0\u00bb:\u00a0\u00bbalerte-inscription-resultats\u00a0\u00bb},\u00a0\u00bbctaRedirectLink\u00a0\u00bb:\u00a0\u00bbhttps:\/\/app.adjust.com\/ejwg1cd_xew8wjk\u00a0\u00bb,\u00a0\u00bbdisplayOnSectionPages\u00a0\u00bb:true,\u00a0\u00bbcappingDisplaysPerUser\u00a0\u00bb:5,\u00a0\u00bbtext\u00a0\u00bb:\u00a0\u00bbSoyez inform\u00e9s en temps r\u00e9el gr\u00e2ce aux notifications et profitez de contenus exclusifs.\u00a0\u00bb,\u00a0\u00bbisPopinActivated\u00a0\u00bb:false,\u00a0\u00bbpicto\u00a0\u00bb:\u00a0\u00bbhttps:\/\/assets.leparisien.fr\/website\/images\/design-system\/illustration\/1.6\/devices-jo.png\u00a0\u00bb,\u00a0\u00bbpopinType\u00a0\u00bb:\u00a0\u00bbredirection\u00a0\u00bb},{\u00ab\u00a0popinCampaign\u00a0\u00bb:\u00a0\u00bbDL_Apps_TDF25&Prime;,\u00a0\u00bbtargetedDevices\u00a0\u00bb:\u00a0\u00bbmobile\u00a0\u00bb,\u00a0\u00bbtargetedSections\u00a0\u00bb:[\u00ab\u00a0\/sports\u00a0\u00bb],\u00a0\u00bbtargetedUserStatus\u00a0\u00bb:[\u00ab\u00a0unknown\u00a0\u00bb,\u00a0\u00bblogged\u00a0\u00bb,\u00a0\u00bbsubscribed\u00a0\u00bb],\u00a0\u00bbcappingFrequencyTime\u00a0\u00bb:86400000,\u00a0\u00bbdisplayOnPremiumArticles\u00a0\u00bb:false,\u00a0\u00bbdisplayOnHomePage\u00a0\u00bb:false,\u00a0\u00bbtitle\u00a0\u00bb:\u00a0\u00bbNe manquez rien du Tour de France !\u00a0\u00bb,\u00a0\u00bbpriority\u00a0\u00bb:1,\u00a0\u00bbctaLabel\u00a0\u00bb:\u00a0\u00bbT\u00e9l\u00e9charger l&rsquo;application\u00a0\u00bb,\u00a0\u00bbtracking\u00a0\u00bb:{\u00ab\u00a0campaign\u00a0\u00bb:\u00a0\u00bbappli\u00a0\u00bb,\u00a0\u00bbcreation\u00a0\u00bb:\u00a0\u00bbdl-app_tdf25&Prime;},\u00a0\u00bbctaRedirectLink\u00a0\u00bb:\u00a0\u00bbhttps:\/\/app.adjust.com\/ejwg1cd_xew8wjk\u00a0\u00bb,\u00a0\u00bbdisplayOnSectionPages\u00a0\u00bb:true,\u00a0\u00bbcappingDisplaysPerUser\u00a0\u00bb:5,\u00a0\u00bbtext\u00a0\u00bb:\u00a0\u00bbSuivez toutes les \u00e9tapes, les r\u00e9sultats et analyses en temps r\u00e9el jusqu&rsquo;\u00e0 l&rsquo;arriv\u00e9e le 27 juillet 2025.\u00a0\u00bb,\u00a0\u00bbisPopinActivated\u00a0\u00bb:false,\u00a0\u00bbpicto\u00a0\u00bb:\u00a0\u00bbhttps:\/\/assets.leparisien.fr\/website\/images\/events_logo\/pop-in-web.png\u00a0\u00bb,\u00a0\u00bbpopinType\u00a0\u00bb:\u00a0\u00bbredirection\u00a0\u00bb},{\u00ab\u00a0popinCampaign\u00a0\u00bb:\u00a0\u00bbDL_apps_standard\u00a0\u00bb,\u00a0\u00bbtargetedDevices\u00a0\u00bb:\u00a0\u00bbmobile\u00a0\u00bb,\u00a0\u00bbtargetedSections\u00a0\u00bb:[\u00ab\u00a0\/jo-paris-2024&Prime;,\u00a0\u00bb\/val-d-oise-95&Prime;,\u00a0\u00bb\/val-de-marne-94&Prime;,\u00a0\u00bb\/seine-saint-denis-93&Prime;,\u00a0\u00bb\/seine-et-marne-77&Prime;,\u00a0\u00bb\/yvelines-78&Prime;,\u00a0\u00bb\/essonne-91&Prime;,\u00a0\u00bb\/hauts-de-seine-92&Prime;,\u00a0\u00bb\/oise-60&Prime;,\u00a0\u00bb\/meteo\u00a0\u00bb,\u00a0\u00bb\/jo-paralympiques-paris-2024&Prime;,\u00a0\u00bb\/paris-75&Prime;,\u00a0\u00bb\/faits-divers\u00a0\u00bb,\u00a0\u00bb\/environnement\u00a0\u00bb,\u00a0\u00bb\/info-paris-ile-de-france-oise\u00a0\u00bb,\u00a0\u00bb\/intime\u00a0\u00bb,\u00a0\u00bb\/animaux\u00a0\u00bb,\u00a0\u00bb\/voyage\u00a0\u00bb,\u00a0\u00bb\/international\u00a0\u00bb,\u00a0\u00bb\/sports\/hippisme\u00a0\u00bb,\u00a0\u00bb\/sports\u00a0\u00bb,\u00a0\u00bb\/bien-manger\u00a0\u00bb,\u00a0\u00bb\/automobile\u00a0\u00bb,\u00a0\u00bb\/societe\u00a0\u00bb],\u00a0\u00bbtargetedUserStatus\u00a0\u00bb:[\u00ab\u00a0logged\u00a0\u00bb,\u00a0\u00bbsubscribed\u00a0\u00bb,\u00a0\u00bbunknown\u00a0\u00bb],\u00a0\u00bbcappingFrequencyTime\u00a0\u00bb:172800000,\u00a0\u00bbdisplayOnPremiumArticles\u00a0\u00bb:false,\u00a0\u00bbdisplayOnHomePage\u00a0\u00bb:false,\u00a0\u00bbtitle\u00a0\u00bb:\u00a0\u00bbL&rsquo;info en direct dans l&rsquo;app\u00a0\u00bb,\u00a0\u00bbpriority\u00a0\u00bb:1,\u00a0\u00bbctaLabel\u00a0\u00bb:\u00a0\u00bbT\u00e9l\u00e9charger l&rsquo;application\u00a0\u00bb,\u00a0\u00bbtracking\u00a0\u00bb:{\u00ab\u00a0campaign\u00a0\u00bb:\u00a0\u00bbappli\u00a0\u00bb,\u00a0\u00bbcreation\u00a0\u00bb:\u00a0\u00bbdl-app_fev25&Prime;},\u00a0\u00bbctaRedirectLink\u00a0\u00bb:\u00a0\u00bbhttps:\/\/app.adjust.com\/ejwg1cd_xew8wjk\u00a0\u00bb,\u00a0\u00bbdisplayOnSectionPages\u00a0\u00bb:true,\u00a0\u00bbcappingDisplaysPerUser\u00a0\u00bb:10,\u00a0\u00bbtext\u00a0\u00bb:\u00a0\u00bbSoyez inform\u00e9 en temps r\u00e9el gr\u00e2ce aux notifications et profitez de contenus exclusifs\u00a0\u00bb,\u00a0\u00bbisPopinActivated\u00a0\u00bb:false,\u00a0\u00bbpicto\u00a0\u00bb:\u00a0\u00bbhttps:\/\/assets.leparisien.fr\/website\/images\/events_logo\/devices.png\u00a0\u00bb,\u00a0\u00bbpopinType\u00a0\u00bb:\u00a0\u00bbredirection\u00a0\u00bb},{\u00ab\u00a0popinCampaign\u00a0\u00bb:\u00a0\u00bbDL_apps_LDC\u00a0\u00bb,\u00a0\u00bbtargetedDevices\u00a0\u00bb:\u00a0\u00bbmobile\u00a0\u00bb,\u00a0\u00bbtargetedSections\u00a0\u00bb:[\u00ab\u00a0\/sports\u00a0\u00bb],\u00a0\u00bbtargetedUserStatus\u00a0\u00bb:[\u00ab\u00a0logged\u00a0\u00bb,\u00a0\u00bbunknown\u00a0\u00bb,\u00a0\u00bbsubscribed\u00a0\u00bb],\u00a0\u00bbcappingFrequencyTime\u00a0\u00bb:86400000,\u00a0\u00bbdisplayOnPremiumArticles\u00a0\u00bb:false,\u00a0\u00bbdisplayOnHomePage\u00a0\u00bb:false,\u00a0\u00bbtitle\u00a0\u00bb:\u00a0\u00bbSuivez la finale PSG &#8211; Inter Milan avec l&rsquo;application du Parisien\u00a0\u00bb,\u00a0\u00bbpriority\u00a0\u00bb:1,\u00a0\u00bbctaLabel\u00a0\u00bb:\u00a0\u00bbT\u00e9l\u00e9charger l&rsquo;application\u00a0\u00bb,\u00a0\u00bbtracking\u00a0\u00bb:{\u00ab\u00a0campaign\u00a0\u00bb:\u00a0\u00bbappli\u00a0\u00bb,\u00a0\u00bbcreation\u00a0\u00bb:\u00a0\u00bbdl-app_mai25&Prime;},\u00a0\u00bbctaRedirectLink\u00a0\u00bb:\u00a0\u00bbhttps:\/\/app.adjust.com\/ejwg1cd_xew8wjk\u00a0\u00bb,\u00a0\u00bbdisplayOnSectionPages\u00a0\u00bb:true,\u00a0\u00bbcappingDisplaysPerUser\u00a0\u00bb:5,\u00a0\u00bbtext\u00a0\u00bb:\u00a0\u00bbNe ratez rien du choc de la Ligue des champions samedi 31 mai et suivez le match en live, minute par minute.\u00a0\u00bb,\u00a0\u00bbisPopinActivated\u00a0\u00bb:false,\u00a0\u00bbpicto\u00a0\u00bb:\u00a0\u00bbhttps:\/\/assets.leparisien.fr\/website\/images\/events_logo\/visuel_popin_ldc.png\u00a0\u00bb,\u00a0\u00bbpopinType\u00a0\u00bb:\u00a0\u00bbredirection\u00a0\u00bb},{\u00ab\u00a0popinCampaign\u00a0\u00bb:\u00a0\u00bbNewsletter_JO\u00a0\u00bb,\u00a0\u00bbtargetedDevices\u00a0\u00bb:\u00a0\u00bbweb-mobile\u00a0\u00bb,\u00a0\u00bbtargetedSections\u00a0\u00bb:[\u00ab\u00a0\/jo-paris-2024&Prime;],\u00a0\u00bbtargetedUserStatus\u00a0\u00bb:[\u00ab\u00a0unknown\u00a0\u00bb,\u00a0\u00bblogged\u00a0\u00bb,\u00a0\u00bbsubscribed\u00a0\u00bb],\u00a0\u00bbcappingFrequencyTime\u00a0\u00bb:432000000,\u00a0\u00bbnewsletterSlug\u00a0\u00bb:\u00a0\u00bbomnisports\u00a0\u00bb,\u00a0\u00bbdisplayOnPremiumArticles\u00a0\u00bb:false,\u00a0\u00bbdisplayOnHomePage\u00a0\u00bb:false,\u00a0\u00bbtitle\u00a0\u00bb:\u00a0\u00bbVous semblez int\u00e9ress\u00e9 par les JO 2024&Prime;,\u00a0\u00bbpriority\u00a0\u00bb:1,\u00a0\u00bbctaLabel\u00a0\u00bb:\u00a0\u00bbS&rsquo;inscrire \u00e0 la newsletter\u00a0\u00bb,\u00a0\u00bbtracking\u00a0\u00bb:{\u00ab\u00a0campaign\u00a0\u00bb:\u00a0\u00bbnewsletter\u00a0\u00bb},\u00a0\u00bbdisplayOnSectionPages\u00a0\u00bb:false,\u00a0\u00bbcappingDisplaysPerUser\u00a0\u00bb:4,\u00a0\u00bbtext\u00a0\u00bb:\u00a0\u00bbRecevez l\u2019essentiel des informations sur les Jeux de Paris 2024, pour vivre cet \u00e9v\u00e9nement historique au coeur de la capitale.\u00a0\u00bb,\u00a0\u00bbtag\u00a0\u00bb:\u00a0\u00bbNouveau\u00a0\u00bb,\u00a0\u00bbisPopinActivated\u00a0\u00bb:false,\u00a0\u00bbpopinType\u00a0\u00bb:\u00a0\u00bbnewsletter\u00a0\u00bb},{\u00ab\u00a0popinCampaign\u00a0\u00bb:\u00a0\u00bbDL_app_Le-Journal\u00a0\u00bb,\u00a0\u00bbtargetedDevices\u00a0\u00bb:\u00a0\u00bbmobile\u00a0\u00bb,\u00a0\u00bbtargetedSections\u00a0\u00bb:[\u00ab\u00a0\/val-d-oise-95&Prime;,\u00a0\u00bb\/jo-paris-2024&Prime;,\u00a0\u00bb\/etudiant\u00a0\u00bb,\u00a0\u00bb\/culture-loisirs\u00a0\u00bb,\u00a0\u00bb\/faits-divers\u00a0\u00bb,\u00a0\u00bb\/val-de-marne-94&Prime;,\u00a0\u00bb\/paris-75&Prime;,\u00a0\u00bb\/seine-saint-denis-93&Prime;,\u00a0\u00bb\/voyage\u00a0\u00bb,\u00a0\u00bb\/intime\u00a0\u00bb,\u00a0\u00bb\/animaux\u00a0\u00bb,\u00a0\u00bb\/hauts-de-seine-92&Prime;,\u00a0\u00bb\/podcasts\u00a0\u00bb,\u00a0\u00bb\/essonne-91&Prime;,\u00a0\u00bb\/politique\u00a0\u00bb,\u00a0\u00bb\/automobile\u00a0\u00bb,\u00a0\u00bb\/bien-manger\u00a0\u00bb,\u00a0\u00bb\/environnement\u00a0\u00bb,\u00a0\u00bb\/yvelines-78&Prime;,\u00a0\u00bb\/seine-et-marne-77&Prime;,\u00a0\u00bb\/international\u00a0\u00bb,\u00a0\u00bb\/societe\u00a0\u00bb,\u00a0\u00bb\/sports\u00a0\u00bb,\u00a0\u00bb\/elections\u00a0\u00bb,\u00a0\u00bb\/week-end\u00a0\u00bb,\u00a0\u00bb\/meteo\u00a0\u00bb,\u00a0\u00bb\/oise-60&Prime;,\u00a0\u00bb\/jo-paralympiques-paris-2024&Prime;,\u00a0\u00bb\/info-paris-ile-de-france-oise\u00a0\u00bb,\u00a0\u00bb\/sports\/hippisme\u00a0\u00bb],\u00a0\u00bbtargetedUserStatus\u00a0\u00bb:[\u00ab\u00a0subscribed\u00a0\u00bb],\u00a0\u00bbcappingFrequencyTime\u00a0\u00bb:172800000,\u00a0\u00bbdisplayOnPremiumArticles\u00a0\u00bb:true,\u00a0\u00bbdisplayOnHomePage\u00a0\u00bb:true,\u00a0\u00bbtitle\u00a0\u00bb:\u00a0\u00bbL\u2019application journal d\u00e9di\u00e9e aux abonn\u00e9s\u00a0\u00bb,\u00a0\u00bbpriority\u00a0\u00bb:1,\u00a0\u00bbctaLabel\u00a0\u00bb:\u00a0\u00bbT\u00e9l\u00e9charger l\u2019application du journal\u00a0\u00bb,\u00a0\u00bbtracking\u00a0\u00bb:{\u00ab\u00a0campaign\u00a0\u00bb:\u00a0\u00bbjournal\u00a0\u00bb},\u00a0\u00bbdisplayOnSectionPages\u00a0\u00bb:true,\u00a0\u00bbcappingDisplaysPerUser\u00a0\u00bb:3,\u00a0\u00bbtext\u00a0\u00bb:\u00a0\u00bbUn confort de lecture in\u00e9gal\u00e9 sur smartphone et tablette gr\u00e2ce \u00e0 une navigation fluide. Acc\u00e9dez au journal du jour d\u00e8s 22h30 ainsi qu\u2019\u00e0 toutes les \u00e9ditions, suppl\u00e9ments et hors-s\u00e9ries.\u00a0\u00bb,\u00a0\u00bbisPopinActivated\u00a0\u00bb:false,\u00a0\u00bbpicto\u00a0\u00bb:\u00a0\u00bbhttps:\/\/assets.leparisien.fr\/website\/images\/ancrages-abo\/pictos\/paper-app.svg\u00a0\u00bb,\u00a0\u00bbpopinType\u00a0\u00bb:\u00a0\u00bbapplication\u00a0\u00bb},{\u00ab\u00a0popinCampaign\u00a0\u00bb:\u00a0\u00bbPromo_Vid\u00e9os-jardin\u00a0\u00bb,\u00a0\u00bbtargetedDevices\u00a0\u00bb:\u00a0\u00bbweb-mobile\u00a0\u00bb,\u00a0\u00bbtargetedSections\u00a0\u00bb:[\u00ab\u00a0\/jo-paris-2024&Prime;,\u00a0\u00bb\/jardin\u00a0\u00bb,\u00a0\u00bb\/sports\/hippisme\u00a0\u00bb,\u00a0\u00bb\/elections\u00a0\u00bb,\u00a0\u00bb\/meteo\u00a0\u00bb,\u00a0\u00bb\/jo-paralympiques-paris-2024&Prime;,\u00a0\u00bb\/environnement\u00a0\u00bb,\u00a0\u00bb\/animaux\u00a0\u00bb,\u00a0\u00bb\/bien-manger\u00a0\u00bb,\u00a0\u00bb\/voyage\u00a0\u00bb],\u00a0\u00bbtargetedUserStatus\u00a0\u00bb:[\u00ab\u00a0unknown\u00a0\u00bb,\u00a0\u00bblogged\u00a0\u00bb],\u00a0\u00bbcappingFrequencyTime\u00a0\u00bb:86400000,\u00a0\u00bbdisplayOnPremiumArticles\u00a0\u00bb:false,\u00a0\u00bbdisplayOnHomePage\u00a0\u00bb:false,\u00a0\u00bbtitle\u00a0\u00bb:\u00a0\u00bbEn mai, apprenez \u00e0 jardiner&#8230; en vid\u00e9o !\u00a0\u00bb,\u00a0\u00bbpriority\u00a0\u00bb:1,\u00a0\u00bbctaLabel\u00a0\u00bb:\u00a0\u00bbD\u00e9couvrir les vid\u00e9os\u00a0\u00bb,\u00a0\u00bbtracking\u00a0\u00bb:{\u00ab\u00a0campaign\u00a0\u00bb:\u00a0\u00bbbizdev\u00a0\u00bb,\u00a0\u00bbcreation\u00a0\u00bb:\u00a0\u00bbamazon\u00a0\u00bb},\u00a0\u00bbctaRedirectLink\u00a0\u00bb:\u00a0\u00bbhttps:\/\/www.leparisien.fr\/jardin\/jardinage-pratique\/potager\/planter-des-fraisiers-de-printemps-en-pot-recoltez-de-savoureuses-fraises-precoces-des-le-mois-de-mai-D7PSIYDURBGDNKGWDQTSY22FZQ.php\u00a0\u00bb,\u00a0\u00bbdisplayOnSectionPages\u00a0\u00bb:true,\u00a0\u00bbcappingDisplaysPerUser\u00a0\u00bb:1,\u00a0\u00bbtext\u00a0\u00bb:\u00a0\u00bbExperts ou passionn\u00e9s, retrouvez tous les conseils pratiques et astuces pour cultiver votre jardin comme un pro !\u00a0\u00bb,\u00a0\u00bbisPopinActivated\u00a0\u00bb:false,\u00a0\u00bbpicto\u00a0\u00bb:\u00a0\u00bbhttps:\/\/assets.leparisien.fr\/website\/images\/events_logo\/popin-jardin.png\u00a0\u00bb,\u00a0\u00bbpopinType\u00a0\u00bb:\u00a0\u00bbredirection\u00a0\u00bb}],\u00a0\u00bbexpires\u00a0\u00bb:1767387416995,\u00a0\u00bblastModified\u00a0\u00bb:1767387116872}},\u00a0\u00bbsite-menu\u00a0\u00bb:{\u00ab\u00a0{\\\u00a0\u00bb_id\\\u00a0\u00bb:\\\u00a0\u00bb\/\\\u00a0\u00bb,\\\u00a0\u00bb_website\\\u00a0\u00bb:\\\u00a0\u00bbleparisien\\\u00a0\u00bb,\\\u00a0\u00bbhierarchy\\\u00a0\u00bb:\\\u00a0\u00bbmenu\\\u00a0\u00bb}\u00a0\u00bb:{\u00ab\u00a0data\u00a0\u00bb:{\u00ab\u00a0children\u00a0\u00bb:[{\u00ab\u00a0_id\u00a0\u00bb:\u00a0\u00bblink-TTDQP4MZR95Z98A67F95Y6AZ20&Prime;,\u00a0\u00bbchildren\u00a0\u00bb:[],\u00a0\u00bbdisplay_name\u00a0\u00bb:\u00a0\u00bb\u00c0 la une\u00a0\u00bb,\u00a0\u00bburl\u00a0\u00bb:\u00a0\u00bbhttps:\/\/www.leparisien.fr\/\u00a0\u00bb},{\u00ab\u00a0_id\u00a0\u00bb:\u00a0\u00bblink-PJZZOUS3L5GK3G2YHKRRI4A72I\u00a0\u00bb,\u00a0\u00bbchildren\u00a0\u00bb:[],\u00a0\u00bbdisplay_name\u00a0\u00bb:\u00a0\u00bbEn continu\u00a0\u00bb,\u00a0\u00bburl\u00a0\u00bb:\u00a0\u00bb\/actualites-en-continu\u00a0\u00bb},{\u00ab\u00a0_id\u00a0\u00bb:\u00a0\u00bb\/info-paris-ile-de-france-oise\u00a0\u00bb,\u00a0\u00bbchildren\u00a0\u00bb:[{\u00ab\u00a0_id\u00a0\u00bb:\u00a0\u00bb\/paris-75&Prime;,\u00a0\u00bbname\u00a0\u00bb:\u00a0\u00bbParis\u00a0\u00bb,\u00a0\u00bbsite\u00a0\u00bb:{}},{\u00ab\u00a0_id\u00a0\u00bb:\u00a0\u00bb\/essonne-91&Prime;,\u00a0\u00bbname\u00a0\u00bb:\u00a0\u00bbEssonne\u00a0\u00bb,\u00a0\u00bbsite\u00a0\u00bb:{}},{\u00ab\u00a0_id\u00a0\u00bb:\u00a0\u00bb\/hauts-de-seine-92&Prime;,\u00a0\u00bbname\u00a0\u00bb:\u00a0\u00bbHauts-de-Seine\u00a0\u00bb,\u00a0\u00bbsite\u00a0\u00bb:{}},{\u00ab\u00a0_id\u00a0\u00bb:\u00a0\u00bb\/seine-saint-denis-93&Prime;,\u00a0\u00bbname\u00a0\u00bb:\u00a0\u00bbSeine-Saint-Denis\u00a0\u00bb,\u00a0\u00bbsite\u00a0\u00bb:{}},{\u00ab\u00a0_id\u00a0\u00bb:\u00a0\u00bb\/val-d-oise-95&Prime;,\u00a0\u00bbname\u00a0\u00bb:\u00a0\u00bbVal-d&rsquo;Oise\u00a0\u00bb,\u00a0\u00bbsite\u00a0\u00bb:{}},{\u00ab\u00a0_id\u00a0\u00bb:\u00a0\u00bb\/val-de-marne-94&Prime;,\u00a0\u00bbname\u00a0\u00bb:\u00a0\u00bbVal-de-Marne\u00a0\u00bb,\u00a0\u00bbsite\u00a0\u00bb:{}},{\u00ab\u00a0_id\u00a0\u00bb:\u00a0\u00bb\/seine-et-marne-77&Prime;,\u00a0\u00bbname\u00a0\u00bb:\u00a0\u00bbSeine-et-Marne\u00a0\u00bb,\u00a0\u00bbsite\u00a0\u00bb:{}},{\u00ab\u00a0_id\u00a0\u00bb:\u00a0\u00bb\/yvelines-78&Prime;,\u00a0\u00bbname\u00a0\u00bb:\u00a0\u00bbYvelines\u00a0\u00bb,\u00a0\u00bbsite\u00a0\u00bb:{}},{\u00ab\u00a0_id\u00a0\u00bb:\u00a0\u00bb\/oise-60&Prime;,\u00a0\u00bbname\u00a0\u00bb:\u00a0\u00bbOise\u00a0\u00bb,\u00a0\u00bbsite\u00a0\u00bb:{}},{\u00ab\u00a0_id\u00a0\u00bb:\u00a0\u00bb\/info-paris-ile-de-france-oise\/transports\u00a0\u00bb,\u00a0\u00bbname\u00a0\u00bb:\u00a0\u00bbTransports IDF\u00a0\u00bb,\u00a0\u00bbsite\u00a0\u00bb:{}}],\u00a0\u00bbname\u00a0\u00bb:\u00a0\u00bbParis &#038; \u00cele-de-France\u00a0\u00bb,\u00a0\u00bbsite\u00a0\u00bb:{}},{\u00ab\u00a0_id\u00a0\u00bb:\u00a0\u00bb\/faits-divers\u00a0\u00bb,\u00a0\u00bbchildren\u00a0\u00bb:[],\u00a0\u00bbname\u00a0\u00bb:\u00a0\u00bbFaits divers\u00a0\u00bb,\u00a0\u00bbsite\u00a0\u00bb:{}},{\u00ab\u00a0_id\u00a0\u00bb:\u00a0\u00bb\/politique\u00a0\u00bb,\u00a0\u00bbchildren\u00a0\u00bb:[{\u00ab\u00a0_id\u00a0\u00bb:\u00a0\u00bb\/politique\/emmanuel-macron\u00a0\u00bb,\u00a0\u00bbname\u00a0\u00bb:\u00a0\u00bbEmmanuel Macron\u00a0\u00bb,\u00a0\u00bbsite\u00a0\u00bb:{}},{\u00ab\u00a0_id\u00a0\u00bb:\u00a0\u00bb\/politique\/sebastien-lecornu\u00a0\u00bb,\u00a0\u00bbname\u00a0\u00bb:\u00a0\u00bbS\u00e9bastien Lecornu\u00a0\u00bb,\u00a0\u00bbsite\u00a0\u00bb:{\u00ab\u00a0is_clickable_on_menu\u00a0\u00bb:\u00a0\u00bbtrue\u00a0\u00bb}},{\u00ab\u00a0_id\u00a0\u00bb:\u00a0\u00bb\/elections\u00a0\u00bb,\u00a0\u00bbname\u00a0\u00bb:\u00a0\u00bb\u00c9lections\u00a0\u00bb,\u00a0\u00bbsite\u00a0\u00bb:{}},{\u00ab\u00a0_id\u00a0\u00bb:\u00a0\u00bb\/elections\/municipales\u00a0\u00bb,\u00a0\u00bbname\u00a0\u00bb:\u00a0\u00bbMunicipales 2026&Prime;,\u00a0\u00bbsite\u00a0\u00bb:{}},{\u00ab\u00a0_id\u00a0\u00bb:\u00a0\u00bblink-O45BZSJR4ND2DE7S73DFMAGIZU\u00a0\u00bb,\u00a0\u00bbdisplay_name\u00a0\u00bb:\u00a0\u00bbR\u00e9sultats municipales 2026&Prime;,\u00a0\u00bburl\u00a0\u00bb:\u00a0\u00bbhttps:\/\/www.leparisien.fr\/resultats-elections\/\u00a0\u00bb}],\u00a0\u00bbname\u00a0\u00bb:\u00a0\u00bbPolitique\u00a0\u00bb,\u00a0\u00bbsite\u00a0\u00bb:{}},{\u00ab\u00a0_id\u00a0\u00bb:\u00a0\u00bb\/international\u00a0\u00bb,\u00a0\u00bbchildren\u00a0\u00bb:[{\u00ab\u00a0_id\u00a0\u00bb:\u00a0\u00bb\/international\/etats-unis\u00a0\u00bb,\u00a0\u00bbname\u00a0\u00bb:\u00a0\u00bb\u00c9tats-Unis\u00a0\u00bb,\u00a0\u00bbsite\u00a0\u00bb:{\u00ab\u00a0is_clickable_on_menu\u00a0\u00bb:\u00a0\u00bbtrue\u00a0\u00bb}},{\u00ab\u00a0_id\u00a0\u00bb:\u00a0\u00bb\/international\/israel\u00a0\u00bb,\u00a0\u00bbname\u00a0\u00bb:\u00a0\u00bbGuerre au Proche-Orient\u00a0\u00bb,\u00a0\u00bbsite\u00a0\u00bb:{\u00ab\u00a0is_clickable_on_menu\u00a0\u00bb:\u00a0\u00bbtrue\u00a0\u00bb}},{\u00ab\u00a0_id\u00a0\u00bb:\u00a0\u00bb\/international\/iran\u00a0\u00bb,\u00a0\u00bbname\u00a0\u00bb:\u00a0\u00bbIran\u00a0\u00bb,\u00a0\u00bbsite\u00a0\u00bb:{\u00ab\u00a0is_clickable_on_menu\u00a0\u00bb:\u00a0\u00bbtrue\u00a0\u00bb}},{\u00ab\u00a0_id\u00a0\u00bb:\u00a0\u00bb\/international\/ukraine\u00a0\u00bb,\u00a0\u00bbname\u00a0\u00bb:\u00a0\u00bbGuerre en Ukraine\u00a0\u00bb,\u00a0\u00bbsite\u00a0\u00bb:{\u00ab\u00a0is_clickable_on_menu\u00a0\u00bb:\u00a0\u00bbtrue\u00a0\u00bb}},{\u00ab\u00a0_id\u00a0\u00bb:\u00a0\u00bb\/international\/syrie\u00a0\u00bb,\u00a0\u00bbname\u00a0\u00bb:\u00a0\u00bbSyrie\u00a0\u00bb,\u00a0\u00bbsite\u00a0\u00bb:{\u00ab\u00a0is_clickable_on_menu\u00a0\u00bb:\u00a0\u00bbtrue\u00a0\u00bb}}],\u00a0\u00bbname\u00a0\u00bb:\u00a0\u00bbInternational\u00a0\u00bb,\u00a0\u00bbsite\u00a0\u00bb:{}},{\u00ab\u00a0_id\u00a0\u00bb:\u00a0\u00bb\/sports\u00a0\u00bb,\u00a0\u00bbchildren\u00a0\u00bb:[{\u00ab\u00a0_id\u00a0\u00bb:\u00a0\u00bb\/sports\/football\u00a0\u00bb,\u00a0\u00bbname\u00a0\u00bb:\u00a0\u00bbFootball\u00a0\u00bb,\u00a0\u00bbsite\u00a0\u00bb:{}},{\u00ab\u00a0_id\u00a0\u00bb:\u00a0\u00bblink-DD4RZ4TSYFH35CHMWWZIJBFNOQ\u00a0\u00bb,\u00a0\u00bbdisplay_name\u00a0\u00bb:\u00a0\u00bbCAN 2025&Prime;,\u00a0\u00bburl\u00a0\u00bb:\u00a0\u00bbhttps:\/\/www.leparisien.fr\/sports\/football\/coupe-d-afrique-des-nations\/\u00a0\u00bb},{\u00ab\u00a0_id\u00a0\u00bb:\u00a0\u00bb\/sports\/football\/psg\u00a0\u00bb,\u00a0\u00bbname\u00a0\u00bb:\u00a0\u00bbPSG\u00a0\u00bb,\u00a0\u00bbsite\u00a0\u00bb:{}},{\u00ab\u00a0_id\u00a0\u00bb:\u00a0\u00bb\/sports\/football\/ligue-1&Prime;,\u00a0\u00bbname\u00a0\u00bb:\u00a0\u00bbLigue 1&Prime;,\u00a0\u00bbsite\u00a0\u00bb:{\u00ab\u00a0is_clickable_on_menu\u00a0\u00bb:\u00a0\u00bbtrue\u00a0\u00bb}},{\u00ab\u00a0_id\u00a0\u00bb:\u00a0\u00bb\/sports\/football\/ligue-des-champions\u00a0\u00bb,\u00a0\u00bbname\u00a0\u00bb:\u00a0\u00bbLigue des champions\u00a0\u00bb,\u00a0\u00bbsite\u00a0\u00bb:{\u00ab\u00a0is_clickable_on_menu\u00a0\u00bb:\u00a0\u00bbtrue\u00a0\u00bb}},{\u00ab\u00a0_id\u00a0\u00bb:\u00a0\u00bb\/sports\/rugby\u00a0\u00bb,\u00a0\u00bbname\u00a0\u00bb:\u00a0\u00bbRugby\u00a0\u00bb,\u00a0\u00bbsite\u00a0\u00bb:{}},{\u00ab\u00a0_id\u00a0\u00bb:\u00a0\u00bb\/sports\/basket\u00a0\u00bb,\u00a0\u00bbname\u00a0\u00bb:\u00a0\u00bbBasket\u00a0\u00bb,\u00a0\u00bbsite\u00a0\u00bb:{\u00ab\u00a0is_clickable_on_menu\u00a0\u00bb:\u00a0\u00bbtrue\u00a0\u00bb}},{\u00ab\u00a0_id\u00a0\u00bb:\u00a0\u00bb\/sports\/tennis\u00a0\u00bb,\u00a0\u00bbname\u00a0\u00bb:\u00a0\u00bbTennis\u00a0\u00bb,\u00a0\u00bbsite\u00a0\u00bb:{}},{\u00ab\u00a0_id\u00a0\u00bb:\u00a0\u00bb\/sports\/cyclisme\u00a0\u00bb,\u00a0\u00bbname\u00a0\u00bb:\u00a0\u00bbCyclisme\u00a0\u00bb,\u00a0\u00bbsite\u00a0\u00bb:{}},{\u00ab\u00a0_id\u00a0\u00bb:\u00a0\u00bb\/sports\/handball\u00a0\u00bb,\u00a0\u00bbname\u00a0\u00bb:\u00a0\u00bbHandball\u00a0\u00bb,\u00a0\u00bbsite\u00a0\u00bb:{\u00ab\u00a0is_clickable_on_menu\u00a0\u00bb:\u00a0\u00bbtrue\u00a0\u00bb}},{\u00ab\u00a0_id\u00a0\u00bb:\u00a0\u00bb\/sports\/formule-1&Prime;,\u00a0\u00bbname\u00a0\u00bb:\u00a0\u00bbFormule 1&Prime;,\u00a0\u00bbsite\u00a0\u00bb:{}},{\u00ab\u00a0_id\u00a0\u00bb:\u00a0\u00bb\/sports\/hippisme\u00a0\u00bb,\u00a0\u00bbname\u00a0\u00bb:\u00a0\u00bbHippisme\u00a0\u00bb,\u00a0\u00bbsite\u00a0\u00bb:{}},{\u00ab\u00a0_id\u00a0\u00bb:\u00a0\u00bb\/sports\/mma\u00a0\u00bb,\u00a0\u00bbname\u00a0\u00bb:\u00a0\u00bbMMA\u00a0\u00bb,\u00a0\u00bbsite\u00a0\u00bb:{\u00ab\u00a0is_clickable_on_menu\u00a0\u00bb:\u00a0\u00bbtrue\u00a0\u00bb}},{\u00ab\u00a0_id\u00a0\u00bb:\u00a0\u00bb\/sports\/JO\u00a0\u00bb,\u00a0\u00bbname\u00a0\u00bb:\u00a0\u00bbJeux olympiques\u00a0\u00bb,\u00a0\u00bbsite\u00a0\u00bb:{}}],\u00a0\u00bbname\u00a0\u00bb:\u00a0\u00bbSports\u00a0\u00bb,\u00a0\u00bbsite\u00a0\u00bb:{}},{\u00ab\u00a0_id\u00a0\u00bb:\u00a0\u00bb\/culture-loisirs\u00a0\u00bb,\u00a0\u00bbchildren\u00a0\u00bb:[{\u00ab\u00a0_id\u00a0\u00bb:\u00a0\u00bb\/culture-loisirs\/cinema\u00a0\u00bb,\u00a0\u00bbname\u00a0\u00bb:\u00a0\u00bbCin\u00e9ma\u00a0\u00bb,\u00a0\u00bbsite\u00a0\u00bb:{}},{\u00ab\u00a0_id\u00a0\u00bb:\u00a0\u00bb\/culture-loisirs\/series\u00a0\u00bb,\u00a0\u00bbname\u00a0\u00bb:\u00a0\u00bbS\u00e9ries\u00a0\u00bb,\u00a0\u00bbsite\u00a0\u00bb:{}},{\u00ab\u00a0_id\u00a0\u00bb:\u00a0\u00bb\/culture-loisirs\/livres\u00a0\u00bb,\u00a0\u00bbname\u00a0\u00bb:\u00a0\u00bbLivres\u00a0\u00bb,\u00a0\u00bbsite\u00a0\u00bb:{}},{\u00ab\u00a0_id\u00a0\u00bb:\u00a0\u00bb\/culture-loisirs\/tv\u00a0\u00bb,\u00a0\u00bbname\u00a0\u00bb:\u00a0\u00bbT\u00e9l\u00e9vision &#038; m\u00e9dias\u00a0\u00bb,\u00a0\u00bbsite\u00a0\u00bb:{}},{\u00ab\u00a0_id\u00a0\u00bb:\u00a0\u00bb\/culture-loisirs\/musique\u00a0\u00bb,\u00a0\u00bbname\u00a0\u00bb:\u00a0\u00bbMusique\u00a0\u00bb,\u00a0\u00bbsite\u00a0\u00bb:{}},{\u00ab\u00a0_id\u00a0\u00bb:\u00a0\u00bb\/culture-loisirs\/sortir-region-parisienne\u00a0\u00bb,\u00a0\u00bbname\u00a0\u00bb:\u00a0\u00bbSorties IDF &#038; Oise\u00a0\u00bb,\u00a0\u00bbsite\u00a0\u00bb:{}}],\u00a0\u00bbname\u00a0\u00bb:\u00a0\u00bbCulture &#038; loisirs\u00a0\u00bb,\u00a0\u00bbsite\u00a0\u00bb:{}},{\u00ab\u00a0_id\u00a0\u00bb:\u00a0\u00bb\/immobilier\u00a0\u00bb,\u00a0\u00bbchildren\u00a0\u00bb:[],\u00a0\u00bbname\u00a0\u00bb:\u00a0\u00bbImmobilier\u00a0\u00bb,\u00a0\u00bbsite\u00a0\u00bb:{}},{\u00ab\u00a0_id\u00a0\u00bb:\u00a0\u00bb\/economie\u00a0\u00bb,\u00a0\u00bbchildren\u00a0\u00bb:[{\u00ab\u00a0_id\u00a0\u00bb:\u00a0\u00bb\/pouvoir-d-achat\u00a0\u00bb,\u00a0\u00bbname\u00a0\u00bb:\u00a0\u00bbPouvoir d&rsquo;achat\u00a0\u00bb,\u00a0\u00bbsite\u00a0\u00bb:{}},{\u00ab\u00a0_id\u00a0\u00bb:\u00a0\u00bb\/economie\/retraites\u00a0\u00bb,\u00a0\u00bbname\u00a0\u00bb:\u00a0\u00bbRetraites\u00a0\u00bb,\u00a0\u00bbsite\u00a0\u00bb:{}},{\u00ab\u00a0_id\u00a0\u00bb:\u00a0\u00bb\/economie\/consommation\u00a0\u00bb,\u00a0\u00bbname\u00a0\u00bb:\u00a0\u00bbConsommation\u00a0\u00bb,\u00a0\u00bbsite\u00a0\u00bb:{}},{\u00ab\u00a0_id\u00a0\u00bb:\u00a0\u00bb\/economie\/emploi\u00a0\u00bb,\u00a0\u00bbname\u00a0\u00bb:\u00a0\u00bbEmploi\u00a0\u00bb,\u00a0\u00bbsite\u00a0\u00bb:{}},{\u00ab\u00a0_id\u00a0\u00bb:\u00a0\u00bb\/economie\/impots\u00a0\u00bb,\u00a0\u00bbname\u00a0\u00bb:\u00a0\u00bbImp\u00f4ts \u00ab\u00a0,\u00a0\u00bbsite\u00a0\u00bb:{}},{\u00ab\u00a0_id\u00a0\u00bb:\u00a0\u00bb\/economie\/business\u00a0\u00bb,\u00a0\u00bbname\u00a0\u00bb:\u00a0\u00bbEntreprises &#038; start-up\u00a0\u00bb,\u00a0\u00bbsite\u00a0\u00bb:{}},{\u00ab\u00a0_id\u00a0\u00bb:\u00a0\u00bb\/vie-de-bureau\u00a0\u00bb,\u00a0\u00bbname\u00a0\u00bb:\u00a0\u00bbVie de bureau\u00a0\u00bb,\u00a0\u00bbsite\u00a0\u00bb:{\u00ab\u00a0is_clickable_on_menu\u00a0\u00bb:\u00a0\u00bbtrue\u00a0\u00bb}},{\u00ab\u00a0_id\u00a0\u00bb:\u00a0\u00bb\/automobile\u00a0\u00bb,\u00a0\u00bbname\u00a0\u00bb:\u00a0\u00bbAutomobile\u00a0\u00bb,\u00a0\u00bbsite\u00a0\u00bb:{}}],\u00a0\u00bbname\u00a0\u00bb:\u00a0\u00bb\u00c9conomie\u00a0\u00bb,\u00a0\u00bbsite\u00a0\u00bb:{}},{\u00ab\u00a0_id\u00a0\u00bb:\u00a0\u00bb\/futurs\u00a0\u00bb,\u00a0\u00bbchildren\u00a0\u00bb:[{\u00ab\u00a0_id\u00a0\u00bb:\u00a0\u00bb\/environnement\u00a0\u00bb,\u00a0\u00bbname\u00a0\u00bb:\u00a0\u00bbEnvironnement\u00a0\u00bb,\u00a0\u00bbsite\u00a0\u00bb:{}},{\u00ab\u00a0_id\u00a0\u00bb:\u00a0\u00bb\/environnement\/climat\u00a0\u00bb,\u00a0\u00bbname\u00a0\u00bb:\u00a0\u00bbClimat\u00a0\u00bb,\u00a0\u00bbsite\u00a0\u00bb:{\u00ab\u00a0is_clickable_on_menu\u00a0\u00bb:\u00a0\u00bbtrue\u00a0\u00bb}},{\u00ab\u00a0_id\u00a0\u00bb:\u00a0\u00bb\/high-tech\u00a0\u00bb,\u00a0\u00bbname\u00a0\u00bb:\u00a0\u00bbHigh-tech\u00a0\u00bb,\u00a0\u00bbsite\u00a0\u00bb:{}},{\u00ab\u00a0_id\u00a0\u00bb:\u00a0\u00bb\/sciences\u00a0\u00bb,\u00a0\u00bbname\u00a0\u00bb:\u00a0\u00bbSciences\u00a0\u00bb,\u00a0\u00bbsite\u00a0\u00bb:{}}],\u00a0\u00bbname\u00a0\u00bb:\u00a0\u00bbFuturs\u00a0\u00bb,\u00a0\u00bbsite\u00a0\u00bb:{\u00ab\u00a0is_clickable_on_menu\u00a0\u00bb:\u00a0\u00bbtrue\u00a0\u00bb}},{\u00ab\u00a0_id\u00a0\u00bb:\u00a0\u00bb\/societe\u00a0\u00bb,\u00a0\u00bbchildren\u00a0\u00bb:[{\u00ab\u00a0_id\u00a0\u00bb:\u00a0\u00bb\/societe\/famille\u00a0\u00bb,\u00a0\u00bbname\u00a0\u00bb:\u00a0\u00bbFamille\u00a0\u00bb,\u00a0\u00bbsite\u00a0\u00bb:{\u00ab\u00a0is_clickable_on_menu\u00a0\u00bb:\u00a0\u00bbtrue\u00a0\u00bb}},{\u00ab\u00a0_id\u00a0\u00bb:\u00a0\u00bb\/societe\/religions\u00a0\u00bb,\u00a0\u00bbname\u00a0\u00bb:\u00a0\u00bbReligions\u00a0\u00bb,\u00a0\u00bbsite\u00a0\u00bb:{\u00ab\u00a0is_clickable_on_menu\u00a0\u00bb:\u00a0\u00bbtrue\u00a0\u00bb}},{\u00ab\u00a0_id\u00a0\u00bb:\u00a0\u00bb\/intime\u00a0\u00bb,\u00a0\u00bbname\u00a0\u00bb:\u00a0\u00bbIntime\u00a0\u00bb,\u00a0\u00bbsite\u00a0\u00bb:{\u00ab\u00a0is_clickable_on_menu\u00a0\u00bb:\u00a0\u00bbtrue\u00a0\u00bb}},{\u00ab\u00a0_id\u00a0\u00bb:\u00a0\u00bblink-E3MRSAZGW5FZ7PZSNWBB3UZ62Q\u00a0\u00bb,\u00a0\u00bbdisplay_name\u00a0\u00bb:\u00a0\u00bbSentinelles\u00a0\u00bb,\u00a0\u00bburl\u00a0\u00bb:\u00a0\u00bbhttps:\/\/www.leparisien.fr\/sentinelles\/\u00a0\u00bb},{\u00ab\u00a0_id\u00a0\u00bb:\u00a0\u00bb\/bien-manger\u00a0\u00bb,\u00a0\u00bbname\u00a0\u00bb:\u00a0\u00bbBien manger\u00a0\u00bb,\u00a0\u00bbsite\u00a0\u00bb:{\u00ab\u00a0is_clickable_on_menu\u00a0\u00bb:\u00a0\u00bbtrue\u00a0\u00bb}}],\u00a0\u00bbname\u00a0\u00bb:\u00a0\u00bbSoci\u00e9t\u00e9\u00a0\u00bb,\u00a0\u00bbsite\u00a0\u00bb:{}},{\u00ab\u00a0_id\u00a0\u00bb:\u00a0\u00bb\/societe\/sante\u00a0\u00bb,\u00a0\u00bbchildren\u00a0\u00bb:[],\u00a0\u00bbname\u00a0\u00bb:\u00a0\u00bbSant\u00e9\u00a0\u00bb,\u00a0\u00bbsite\u00a0\u00bb:{}},{\u00ab\u00a0_id\u00a0\u00bb:\u00a0\u00bb\/meteo\u00a0\u00bb,\u00a0\u00bbchildren\u00a0\u00bb:[],\u00a0\u00bbname\u00a0\u00bb:\u00a0\u00bbM\u00e9t\u00e9o\u00a0\u00bb,\u00a0\u00bbsite\u00a0\u00bb:{}},{\u00ab\u00a0_id\u00a0\u00bb:\u00a0\u00bb\/en-region\u00a0\u00bb,\u00a0\u00bbchildren\u00a0\u00bb:[{\u00ab\u00a0_id\u00a0\u00bb:\u00a0\u00bb\/aube-10&Prime;,\u00a0\u00bbname\u00a0\u00bb:\u00a0\u00bbAube\u00a0\u00bb,\u00a0\u00bbsite\u00a0\u00bb:{}},{\u00ab\u00a0_id\u00a0\u00bb:\u00a0\u00bb\/calvados-14&Prime;,\u00a0\u00bbname\u00a0\u00bb:\u00a0\u00bbCalvados\u00a0\u00bb,\u00a0\u00bbsite\u00a0\u00bb:{}},{\u00ab\u00a0_id\u00a0\u00bb:\u00a0\u00bb\/charente-maritime-17&Prime;,\u00a0\u00bbname\u00a0\u00bb:\u00a0\u00bbCharente-Maritime\u00a0\u00bb,\u00a0\u00bbsite\u00a0\u00bb:{}},{\u00ab\u00a0_id\u00a0\u00bb:\u00a0\u00bb\/eure-27&Prime;,\u00a0\u00bbname\u00a0\u00bb:\u00a0\u00bbEure\u00a0\u00bb,\u00a0\u00bbsite\u00a0\u00bb:{}},{\u00ab\u00a0_id\u00a0\u00bb:\u00a0\u00bb\/eure-et-loir-28&Prime;,\u00a0\u00bbname\u00a0\u00bb:\u00a0\u00bbEure-et-Loir\u00a0\u00bb,\u00a0\u00bbsite\u00a0\u00bb:{}},{\u00ab\u00a0_id\u00a0\u00bb:\u00a0\u00bb\/finistere-29&Prime;,\u00a0\u00bbname\u00a0\u00bb:\u00a0\u00bbFinist\u00e8re\u00a0\u00bb,\u00a0\u00bbsite\u00a0\u00bb:{}},{\u00ab\u00a0_id\u00a0\u00bb:\u00a0\u00bb\/haute-garonne-31&Prime;,\u00a0\u00bbname\u00a0\u00bb:\u00a0\u00bbHaute-Garonne\u00a0\u00bb,\u00a0\u00bbsite\u00a0\u00bb:{}},{\u00ab\u00a0_id\u00a0\u00bb:\u00a0\u00bb\/loiret-45&Prime;,\u00a0\u00bbname\u00a0\u00bb:\u00a0\u00bbLoiret\u00a0\u00bb,\u00a0\u00bbsite\u00a0\u00bb:{}},{\u00ab\u00a0_id\u00a0\u00bb:\u00a0\u00bb\/marne-51&Prime;,\u00a0\u00bbname\u00a0\u00bb:\u00a0\u00bbMarne\u00a0\u00bb,\u00a0\u00bbsite\u00a0\u00bb:{}},{\u00ab\u00a0_id\u00a0\u00bb:\u00a0\u00bb\/puy-de-dome-63&Prime;,\u00a0\u00bbname\u00a0\u00bb:\u00a0\u00bbPuy-de-D\u00f4me\u00a0\u00bb,\u00a0\u00bbsite\u00a0\u00bb:{}},{\u00ab\u00a0_id\u00a0\u00bb:\u00a0\u00bb\/pyrenees-orientales-66&Prime;,\u00a0\u00bbname\u00a0\u00bb:\u00a0\u00bbPyr\u00e9n\u00e9es-Orientales\u00a0\u00bb,\u00a0\u00bbsite\u00a0\u00bb:{}},{\u00ab\u00a0_id\u00a0\u00bb:\u00a0\u00bb\/seine-maritime-76&Prime;,\u00a0\u00bbname\u00a0\u00bb:\u00a0\u00bbSeine-Maritime\u00a0\u00bb,\u00a0\u00bbsite\u00a0\u00bb:{}}],\u00a0\u00bbname\u00a0\u00bb:\u00a0\u00bbEn r\u00e9gion\u00a0\u00bb,\u00a0\u00bbsite\u00a0\u00bb:{\u00ab\u00a0is_clickable_on_menu\u00a0\u00bb:\u00a0\u00bbtrue\u00a0\u00bb}},{\u00ab\u00a0_id\u00a0\u00bb:\u00a0\u00bb\/week-end\u00a0\u00bb,\u00a0\u00bbchildren\u00a0\u00bb:[],\u00a0\u00bbname\u00a0\u00bb:\u00a0\u00bbLe Parisien Week-end\u00a0\u00bb,\u00a0\u00bbsite\u00a0\u00bb:{}},{\u00ab\u00a0_id\u00a0\u00bb:\u00a0\u00bb\/etudiant\u00a0\u00bb,\u00a0\u00bbchildren\u00a0\u00bb:[{\u00ab\u00a0_id\u00a0\u00bb:\u00a0\u00bblink-XBPQR7UWC5CDTLW6NEOATT3XHA\u00a0\u00bb,\u00a0\u00bbdisplay_name\u00a0\u00bb:\u00a0\u00bbParcoursup 2026&Prime;,\u00a0\u00bburl\u00a0\u00bb:\u00a0\u00bbhttps:\/\/www.leparisien.fr\/etudiant\/etudes\/parcoursup\/\u00a0\u00bb},{\u00ab\u00a0_id\u00a0\u00bb:\u00a0\u00bb\/etudiant\/etudes\u00a0\u00bb,\u00a0\u00bbname\u00a0\u00bb:\u00a0\u00bbEnseignement sup\u00e9rieur\u00a0\u00bb,\u00a0\u00bbsite\u00a0\u00bb:{\u00ab\u00a0is_clickable_on_menu\u00a0\u00bb:\u00a0\u00bbtrue\u00a0\u00bb}},{\u00ab\u00a0_id\u00a0\u00bb:\u00a0\u00bb\/etudiant\/lycee\u00a0\u00bb,\u00a0\u00bbname\u00a0\u00bb:\u00a0\u00bbLyc\u00e9e\u00a0\u00bb,\u00a0\u00bbsite\u00a0\u00bb:{\u00ab\u00a0is_clickable_on_menu\u00a0\u00bb:\u00a0\u00bbtrue\u00a0\u00bb}},{\u00ab\u00a0_id\u00a0\u00bb:\u00a0\u00bb\/etudiant\/college\u00a0\u00bb,\u00a0\u00bbname\u00a0\u00bb:\u00a0\u00bbColl\u00e8ge\u00a0\u00bb,\u00a0\u00bbsite\u00a0\u00bb:{\u00ab\u00a0is_clickable_on_menu\u00a0\u00bb:\u00a0\u00bbtrue\u00a0\u00bb}},{\u00ab\u00a0_id\u00a0\u00bb:\u00a0\u00bblink-EDGWJW5SNBGGXH7O2NQ6ZX2C24&Prime;,\u00a0\u00bbdisplay_name\u00a0\u00bb:\u00a0\u00bbGuide des m\u00e9tiers\u00a0\u00bb,\u00a0\u00bburl\u00a0\u00bb:\u00a0\u00bb\/etudiant\/guide-metiers\u00a0\u00bb},{\u00ab\u00a0_id\u00a0\u00bb:\u00a0\u00bb\/etudiant\/vie-etudiante\u00a0\u00bb,\u00a0\u00bbname\u00a0\u00bb:\u00a0\u00bbVie \u00e9tudiante\u00a0\u00bb,\u00a0\u00bbsite\u00a0\u00bb:{\u00ab\u00a0is_clickable_on_menu\u00a0\u00bb:\u00a0\u00bbtrue\u00a0\u00bb}},{\u00ab\u00a0_id\u00a0\u00bb:\u00a0\u00bb\/etudiant\/jobs-stages\u00a0\u00bb,\u00a0\u00bbname\u00a0\u00bb:\u00a0\u00bbJobs Stages\u00a0\u00bb,\u00a0\u00bbsite\u00a0\u00bb:{\u00ab\u00a0is_clickable_on_menu\u00a0\u00bb:\u00a0\u00bbtrue\u00a0\u00bb}},{\u00ab\u00a0_id\u00a0\u00bb:\u00a0\u00bb\/etudiant\/sortir\u00a0\u00bb,\u00a0\u00bbname\u00a0\u00bb:\u00a0\u00bbAgenda sorties\u00a0\u00bb,\u00a0\u00bbsite\u00a0\u00bb:{\u00ab\u00a0is_clickable_on_menu\u00a0\u00bb:\u00a0\u00bbtrue\u00a0\u00bb}}],\u00a0\u00bbname\u00a0\u00bb:\u00a0\u00bbLe Parisien \u00c9tudiant\u00a0\u00bb,\u00a0\u00bbsite\u00a0\u00bb:{\u00ab\u00a0is_clickable_on_menu\u00a0\u00bb:\u00a0\u00bbtrue\u00a0\u00bb}},{\u00ab\u00a0_id\u00a0\u00bb:\u00a0\u00bblink-EMKBI7BJXVBWVDRJ44OKJI6UMM\u00a0\u00bb,\u00a0\u00bbchildren\u00a0\u00bb:[],\u00a0\u00bbdisplay_name\u00a0\u00bb:\u00a0\u00bbLe Parisien Jardin\u00a0\u00bb,\u00a0\u00bburl\u00a0\u00bb:\u00a0\u00bb\/jardin\u00a0\u00bb},{\u00ab\u00a0_id\u00a0\u00bb:\u00a0\u00bblink-0C1X4Q949N1H331X6DX63HRF2W\u00a0\u00bb,\u00a0\u00bbchildren\u00a0\u00bb:[],\u00a0\u00bbdisplay_name\u00a0\u00bb:\u00a0\u00bbLe Parisien Jeux\u00a0\u00bb,\u00a0\u00bburl\u00a0\u00bb:\u00a0\u00bb\/jeux\u00a0\u00bb},{\u00ab\u00a0_id\u00a0\u00bb:\u00a0\u00bblink-JBUVMA7XQVHNPMKQ6EPRAHHOAE\u00a0\u00bb,\u00a0\u00bbchildren\u00a0\u00bb:[],\u00a0\u00bbdisplay_name\u00a0\u00bb:\u00a0\u00bbGuide d&rsquo;achat\u00a0\u00bb,\u00a0\u00bburl\u00a0\u00bb:\u00a0\u00bb\/guide-shopping\u00a0\u00bb},{\u00ab\u00a0_id\u00a0\u00bb:\u00a0\u00bb\/video\u00a0\u00bb,\u00a0\u00bbchildren\u00a0\u00bb:[{\u00ab\u00a0_id\u00a0\u00bb:\u00a0\u00bb\/biclou\u00a0\u00bb,\u00a0\u00bbname\u00a0\u00bb:\u00a0\u00bbBiclou\u00a0\u00bb,\u00a0\u00bbsite\u00a0\u00bb:{\u00ab\u00a0is_clickable_on_menu\u00a0\u00bb:\u00a0\u00bbtrue\u00a0\u00bb}},{\u00ab\u00a0_id\u00a0\u00bb:\u00a0\u00bb\/food-checking\u00a0\u00bb,\u00a0\u00bbname\u00a0\u00bb:\u00a0\u00bbFood-checking\u00a0\u00bb,\u00a0\u00bbsite\u00a0\u00bb:{\u00ab\u00a0is_clickable_on_menu\u00a0\u00bb:\u00a0\u00bbtrue\u00a0\u00bb}},{\u00ab\u00a0_id\u00a0\u00bb:\u00a0\u00bb\/video\/le-touriste\u00a0\u00bb,\u00a0\u00bbname\u00a0\u00bb:\u00a0\u00bbLe Touriste\u00a0\u00bb,\u00a0\u00bbsite\u00a0\u00bb:{}}],\u00a0\u00bbname\u00a0\u00bb:\u00a0\u00bbVid\u00e9os\u00a0\u00bb,\u00a0\u00bbsite\u00a0\u00bb:{}},{\u00ab\u00a0_id\u00a0\u00bb:\u00a0\u00bb\/podcasts\u00a0\u00bb,\u00a0\u00bbchildren\u00a0\u00bb:[{\u00ab\u00a0_id\u00a0\u00bb:\u00a0\u00bb\/podcasts\/code-source\u00a0\u00bb,\u00a0\u00bbname\u00a0\u00bb:\u00a0\u00bbCode source\u00a0\u00bb,\u00a0\u00bbsite\u00a0\u00bb:{}},{\u00ab\u00a0_id\u00a0\u00bb:\u00a0\u00bb\/podcasts\/crime-story\u00a0\u00bb,\u00a0\u00bbname\u00a0\u00bb:\u00a0\u00bbCrime story\u00a0\u00bb,\u00a0\u00bbsite\u00a0\u00bb:{\u00ab\u00a0is_clickable_on_menu\u00a0\u00bb:\u00a0\u00bbtrue\u00a0\u00bb}},{\u00ab\u00a0_id\u00a0\u00bb:\u00a0\u00bb\/podcasts\/le-sacre\u00a0\u00bb,\u00a0\u00bbname\u00a0\u00bb:\u00a0\u00bbLe Sacre\u00a0\u00bb,\u00a0\u00bbsite\u00a0\u00bb:{\u00ab\u00a0is_clickable_on_menu\u00a0\u00bb:\u00a0\u00bbtrue\u00a0\u00bb}}],\u00a0\u00bbname\u00a0\u00bb:\u00a0\u00bbPodcasts\u00a0\u00bb,\u00a0\u00bbsite\u00a0\u00bb:{}},{\u00ab\u00a0_id\u00a0\u00bb:\u00a0\u00bblink-QQU4NYD8BN0XZ3CAQ45EVQ2HYM\u00a0\u00bb,\u00a0\u00bbchildren\u00a0\u00bb:[],\u00a0\u00bbdisplay_name\u00a0\u00bb:\u00a0\u00bbNewsletters\u00a0\u00bb,\u00a0\u00bburl\u00a0\u00bb:\u00a0\u00bb\/inscription-newsletters\u00a0\u00bb},{\u00ab\u00a0_id\u00a0\u00bb:\u00a0\u00bblink-NFAA5D34P50ET85EVJRV7AYWAR\u00a0\u00bb,\u00a0\u00bbchildren\u00a0\u00bb:[],\u00a0\u00bbdisplay_name\u00a0\u00bb:\u00a0\u00bbJournal\u00a0\u00bb,\u00a0\u00bburl\u00a0\u00bb:\u00a0\u00bbhttps:\/\/www.kiosque.leparisien.fr\/\u00a0\u00bb},{\u00ab\u00a0_id\u00a0\u00bb:\u00a0\u00bblink-VT3PMSVXKZDW3PKZITTV5ZBDAA\u00a0\u00bb,\u00a0\u00bbchildren\u00a0\u00bb:[],\u00a0\u00bbdisplay_name\u00a0\u00bb:\u00a0\u00bbBoutique\u00a0\u00bb,\u00a0\u00bburl\u00a0\u00bb:\u00a0\u00bbhttps:\/\/abonnement.leparisien.fr\/hors-serie\u00a0\u00bb},{\u00ab\u00a0_id\u00a0\u00bb:\u00a0\u00bb\/annonces\u00a0\u00bb,\u00a0\u00bbchildren\u00a0\u00bb:[{\u00ab\u00a0_id\u00a0\u00bb:\u00a0\u00bblink-DS2YVERH4ZGG5IG4OFN65TGF6M\u00a0\u00bb,\u00a0\u00bbdisplay_name\u00a0\u00bb:\u00a0\u00bbAnnonces immobili\u00e8res\u00a0\u00bb,\u00a0\u00bburl\u00a0\u00bb:\u00a0\u00bbhttps:\/\/www.leparisien.fr\/nos-services\/annonces-immobilieres\/\u00a0\u00bb},{\u00ab\u00a0_id\u00a0\u00bb:\u00a0\u00bblink-96PM3HPAPD2QV8VNJQK51D2KZC\u00a0\u00bb,\u00a0\u00bbdisplay_name\u00a0\u00bb:\u00a0\u00bbAvis de d\u00e9c\u00e8s\u00a0\u00bb,\u00a0\u00bburl\u00a0\u00bb:\u00a0\u00bbhttps:\/\/carnet.leparisien.fr\/\u00a0\u00bb},{\u00ab\u00a0_id\u00a0\u00bb:\u00a0\u00bblink-H0QXF8QEJT2F707TW9FR4HYMQM\u00a0\u00bb,\u00a0\u00bbdisplay_name\u00a0\u00bb:\u00a0\u00bbAnnonces l\u00e9gales\u00a0\u00bb,\u00a0\u00bburl\u00a0\u00bb:\u00a0\u00bbhttps:\/\/annonces-legales.leparisien.fr\/\u00a0\u00bb},{\u00ab\u00a0_id\u00a0\u00bb:\u00a0\u00bblink-PN367P2VG5745792GVQE8X11FG\u00a0\u00bb,\u00a0\u00bbdisplay_name\u00a0\u00bb:\u00a0\u00bbMarch\u00e9s publics\u00a0\u00bb,\u00a0\u00bburl\u00a0\u00bb:\u00a0\u00bbhttps:\/\/avisdemarches.leparisien.fr\/\u00a0\u00bb},{\u00ab\u00a0_id\u00a0\u00bb:\u00a0\u00bblink-JNVWDN635VDLNDWGT4O2N4FDUM\u00a0\u00bb,\u00a0\u00bbdisplay_name\u00a0\u00bb:\u00a0\u00bbEnch\u00e8res publiques\u00a0\u00bb,\u00a0\u00bburl\u00a0\u00bb:\u00a0\u00bbhttps:\/\/ventes-aux-encheres.leparisien.fr\/\u00a0\u00bb}],\u00a0\u00bbname\u00a0\u00bb:\u00a0\u00bbAnnonces\u00a0\u00bb,\u00a0\u00bbsite\u00a0\u00bb:{\u00ab\u00a0is_clickable_on_menu\u00a0\u00bb:\u00a0\u00bbfalse\u00a0\u00bb}},{\u00ab\u00a0_id\u00a0\u00bb:\u00a0\u00bb\/nos-services\u00a0\u00bb,\u00a0\u00bbchildren\u00a0\u00bb:[{\u00ab\u00a0_id\u00a0\u00bb:\u00a0\u00bblink-FJ9WQRGY112Q980R32ZUEB8D50&Prime;,\u00a0\u00bbdisplay_name\u00a0\u00bb:\u00a0\u00bbCours d&rsquo;anglais\u00a0\u00bb,\u00a0\u00bburl\u00a0\u00bb:\u00a0\u00bbhttps:\/\/cours-anglais.leparisien.fr\/\u00a0\u00bb},{\u00ab\u00a0_id\u00a0\u00bb:\u00a0\u00bblink-3WNPNDBUU534N10GTYZU37ZPAC\u00a0\u00bb,\u00a0\u00bbdisplay_name\u00a0\u00bb:\u00a0\u00bbNos applications\u00a0\u00bb,\u00a0\u00bburl\u00a0\u00bb:\u00a0\u00bbhttps:\/\/www.leparisien.fr\/applications\/\u00a0\u00bb},{\u00ab\u00a0_id\u00a0\u00bb:\u00a0\u00bblink-XUFE6J20ZD2Z10RQKZ377J5QK4&Prime;,\u00a0\u00bbdisplay_name\u00a0\u00bb:\u00a0\u00bbComparateurs\u00a0\u00bb,\u00a0\u00bburl\u00a0\u00bb:\u00a0\u00bbhttps:\/\/comparateur.leparisien.fr\/\u00a0\u00bb},{\u00ab\u00a0_id\u00a0\u00bb:\u00a0\u00bblink-HZBZ0TWU9X3KD88989K9JZNF4M\u00a0\u00bb,\u00a0\u00bbdisplay_name\u00a0\u00bb:\u00a0\u00bbJeux Concours\u00a0\u00bb,\u00a0\u00bburl\u00a0\u00bb:\u00a0\u00bb\/jeux\/jeu-concours.php\u00a0\u00bb},{\u00ab\u00a0_id\u00a0\u00bb:\u00a0\u00bblink-PBN1N2E5316XX10RG10Q7H636R\u00a0\u00bb,\u00a0\u00bbdisplay_name\u00a0\u00bb:\u00a0\u00bbBilletterie\u00a0\u00bb,\u00a0\u00bburl\u00a0\u00bb:\u00a0\u00bbhttps:\/\/www.ticketmaster.fr\/fr\/index\/idtier\/43209120&Prime;},{\u00ab\u00a0_id\u00a0\u00bb:\u00a0\u00bblink-K6TDGRUCPFCWFDY6RJS5L5QBWM\u00a0\u00bb,\u00a0\u00bbdisplay_name\u00a0\u00bb:\u00a0\u00bbAnnonces immobili\u00e8res\u00a0\u00bb,\u00a0\u00bburl\u00a0\u00bb:\u00a0\u00bbhttps:\/\/www.leparisien.fr\/nos-services\/annonces-immobilieres\/\u00a0\u00bb}],\u00a0\u00bbname\u00a0\u00bb:\u00a0\u00bbServices\u00a0\u00bb,\u00a0\u00bbsite\u00a0\u00bb:{}},{\u00ab\u00a0_id\u00a0\u00bb:\u00a0\u00bblink-7AWCQT0FRN39199PD9Q658Z8VM\u00a0\u00bb,\u00a0\u00bbchildren\u00a0\u00bb:[],\u00a0\u00bbdisplay_name\u00a0\u00bb:\u00a0\u00bbContacter la r\u00e9daction\u00a0\u00bb,\u00a0\u00bburl\u00a0\u00bb:\u00a0\u00bb\/contact\u00a0\u00bb}],\u00a0\u00bb_id\u00a0\u00bb:\u00a0\u00bbhttps:\/\/www.leparisien.fr\/\u00a0\u00bb},\u00a0\u00bbexpires\u00a0\u00bb:1767387427469,\u00a0\u00bblastModified\u00a0\u00bb:1767386827278},\u00a0\u00bb{\\\u00a0\u00bb_id\\\u00a0\u00bb:\\\u00a0\u00bb\/\\\u00a0\u00bb,\\\u00a0\u00bb_website\\\u00a0\u00bb:\\\u00a0\u00bbleparisien\\\u00a0\u00bb,\\\u00a0\u00bbhierarchy\\\u00a0\u00bb:\\\u00a0\u00bbnav\\\u00a0\u00bb}\u00a0\u00bb:{\u00ab\u00a0data\u00a0\u00bb:{\u00ab\u00a0children\u00a0\u00bb:[{\u00ab\u00a0_id\u00a0\u00bb:\u00a0\u00bblink-2H5K0UW5J93258EYKHNEREX460&Prime;,\u00a0\u00bbchildren\u00a0\u00bb:[],\u00a0\u00bbdisplay_name\u00a0\u00bb:\u00a0\u00bb\u00c0 la une\u00a0\u00bb,\u00a0\u00bburl\u00a0\u00bb:\u00a0\u00bbhttps:\/\/www.leparisien.fr\/\u00a0\u00bb},{\u00ab\u00a0_id\u00a0\u00bb:\u00a0\u00bblink-CARE3IWDTNFIHIGE5CNV3X47YQ\u00a0\u00bb,\u00a0\u00bbchildren\u00a0\u00bb:[],\u00a0\u00bbdisplay_name\u00a0\u00bb:\u00a0\u00bbEn continu\u00a0\u00bb,\u00a0\u00bburl\u00a0\u00bb:\u00a0\u00bb\/actualites-en-continu\u00a0\u00bb},{\u00ab\u00a0_id\u00a0\u00bb:\u00a0\u00bb\/info-paris-ile-de-france-oise\u00a0\u00bb,\u00a0\u00bbchildren\u00a0\u00bb:[{\u00ab\u00a0_id\u00a0\u00bb:\u00a0\u00bb\/paris-75&Prime;,\u00a0\u00bbname\u00a0\u00bb:\u00a0\u00bbParis\u00a0\u00bb,\u00a0\u00bbsite\u00a0\u00bb:{}},{\u00ab\u00a0_id\u00a0\u00bb:\u00a0\u00bb\/essonne-91&Prime;,\u00a0\u00bbname\u00a0\u00bb:\u00a0\u00bbEssonne\u00a0\u00bb,\u00a0\u00bbsite\u00a0\u00bb:{}},{\u00ab\u00a0_id\u00a0\u00bb:\u00a0\u00bb\/hauts-de-seine-92&Prime;,\u00a0\u00bbname\u00a0\u00bb:\u00a0\u00bbHauts-de-Seine\u00a0\u00bb,\u00a0\u00bbsite\u00a0\u00bb:{}},{\u00ab\u00a0_id\u00a0\u00bb:\u00a0\u00bb\/seine-saint-denis-93&Prime;,\u00a0\u00bbname\u00a0\u00bb:\u00a0\u00bbSeine-Saint-Denis\u00a0\u00bb,\u00a0\u00bbsite\u00a0\u00bb:{}},{\u00ab\u00a0_id\u00a0\u00bb:\u00a0\u00bb\/val-de-marne-94&Prime;,\u00a0\u00bbname\u00a0\u00bb:\u00a0\u00bbVal-de-Marne\u00a0\u00bb,\u00a0\u00bbsite\u00a0\u00bb:{}},{\u00ab\u00a0_id\u00a0\u00bb:\u00a0\u00bb\/val-d-oise-95&Prime;,\u00a0\u00bbname\u00a0\u00bb:\u00a0\u00bbVal-d&rsquo;Oise\u00a0\u00bb,\u00a0\u00bbsite\u00a0\u00bb:{}},{\u00ab\u00a0_id\u00a0\u00bb:\u00a0\u00bb\/seine-et-marne-77&Prime;,\u00a0\u00bbname\u00a0\u00bb:\u00a0\u00bbSeine-et-Marne\u00a0\u00bb,\u00a0\u00bbsite\u00a0\u00bb:{}},{\u00ab\u00a0_id\u00a0\u00bb:\u00a0\u00bb\/yvelines-78&Prime;,\u00a0\u00bbname\u00a0\u00bb:\u00a0\u00bbYvelines\u00a0\u00bb,\u00a0\u00bbsite\u00a0\u00bb:{}},{\u00ab\u00a0_id\u00a0\u00bb:\u00a0\u00bb\/oise-60&Prime;,\u00a0\u00bbname\u00a0\u00bb:\u00a0\u00bbOise\u00a0\u00bb,\u00a0\u00bbsite\u00a0\u00bb:{}},{\u00ab\u00a0_id\u00a0\u00bb:\u00a0\u00bblink-75FLE22TTVCJNGKDBSZGJO3IDE\u00a0\u00bb,\u00a0\u00bbdisplay_name\u00a0\u00bb:\u00a0\u00bbTransports\u00a0\u00bb,\u00a0\u00bburl\u00a0\u00bb:\u00a0\u00bb\/info-paris-ile-de-france-oise\/transports\u00a0\u00bb}],\u00a0\u00bbname\u00a0\u00bb:\u00a0\u00bbParis &#038; \u00cele-de-France\u00a0\u00bb,\u00a0\u00bbsite\u00a0\u00bb:{}},{\u00ab\u00a0_id\u00a0\u00bb:\u00a0\u00bb\/faits-divers\u00a0\u00bb,\u00a0\u00bbchildren\u00a0\u00bb:[],\u00a0\u00bbname\u00a0\u00bb:\u00a0\u00bbFaits divers\u00a0\u00bb,\u00a0\u00bbsite\u00a0\u00bb:{}},{\u00ab\u00a0_id\u00a0\u00bb:\u00a0\u00bb\/politique\u00a0\u00bb,\u00a0\u00bbchildren\u00a0\u00bb:[],\u00a0\u00bbname\u00a0\u00bb:\u00a0\u00bbPolitique\u00a0\u00bb,\u00a0\u00bbsite\u00a0\u00bb:{}},{\u00ab\u00a0_id\u00a0\u00bb:\u00a0\u00bb\/international\u00a0\u00bb,\u00a0\u00bbchildren\u00a0\u00bb:[],\u00a0\u00bbname\u00a0\u00bb:\u00a0\u00bbInternational\u00a0\u00bb,\u00a0\u00bbsite\u00a0\u00bb:{}},{\u00ab\u00a0_id\u00a0\u00bb:\u00a0\u00bb\/economie\u00a0\u00bb,\u00a0\u00bbchildren\u00a0\u00bb:[],\u00a0\u00bbname\u00a0\u00bb:\u00a0\u00bb\u00c9conomie\u00a0\u00bb,\u00a0\u00bbsite\u00a0\u00bb:{}},{\u00ab\u00a0_id\u00a0\u00bb:\u00a0\u00bb\/societe\u00a0\u00bb,\u00a0\u00bbchildren\u00a0\u00bb:[],\u00a0\u00bbname\u00a0\u00bb:\u00a0\u00bbSoci\u00e9t\u00e9\u00a0\u00bb,\u00a0\u00bbsite\u00a0\u00bb:{}},{\u00ab\u00a0_id\u00a0\u00bb:\u00a0\u00bb\/sports\u00a0\u00bb,\u00a0\u00bbchildren\u00a0\u00bb:[],\u00a0\u00bbname\u00a0\u00bb:\u00a0\u00bbSports\u00a0\u00bb,\u00a0\u00bbsite\u00a0\u00bb:{}},{\u00ab\u00a0_id\u00a0\u00bb:\u00a0\u00bblink-QLQZ57ZTZRDSRDLYKVZN3AOLGE\u00a0\u00bb,\u00a0\u00bbchildren\u00a0\u00bb:[],\u00a0\u00bbdisplay_name\u00a0\u00bb:\u00a0\u00bbCulture\u00a0\u00bb,\u00a0\u00bburl\u00a0\u00bb:\u00a0\u00bb\/culture-loisirs\u00a0\u00bb},{\u00ab\u00a0_id\u00a0\u00bb:\u00a0\u00bblink-XVPDWNMJGN44D3KKNCHA0WJ9C0&Prime;,\u00a0\u00bbchildren\u00a0\u00bb:[],\u00a0\u00bbdisplay_name\u00a0\u00bb:\u00a0\u00bb\u00c9tudiant\u00a0\u00bb,\u00a0\u00bburl\u00a0\u00bb:\u00a0\u00bb\/etudiant\u00a0\u00bb},{\u00ab\u00a0_id\u00a0\u00bb:\u00a0\u00bb\/video\u00a0\u00bb,\u00a0\u00bbchildren\u00a0\u00bb:[],\u00a0\u00bbname\u00a0\u00bb:\u00a0\u00bbVid\u00e9os\u00a0\u00bb,\u00a0\u00bbsite\u00a0\u00bb:{}},{\u00ab\u00a0_id\u00a0\u00bb:\u00a0\u00bb\/guide-shopping\u00a0\u00bb,\u00a0\u00bbchildren\u00a0\u00bb:[],\u00a0\u00bbname\u00a0\u00bb:\u00a0\u00bbGuide d&rsquo;achat\u00a0\u00bb,\u00a0\u00bbsite\u00a0\u00bb:{}},{\u00ab\u00a0_id\u00a0\u00bb:\u00a0\u00bblink-LQXHVOZW6FENBABZ5WUDIF4TWA\u00a0\u00bb,\u00a0\u00bbchildren\u00a0\u00bb:[],\u00a0\u00bbdisplay_name\u00a0\u00bb:\u00a0\u00bbJardin\u00a0\u00bb,\u00a0\u00bburl\u00a0\u00bb:\u00a0\u00bbhttps:\/\/www.leparisien.fr\/jardin\/\u00a0\u00bb}],\u00a0\u00bb_id\u00a0\u00bb:\u00a0\u00bbhttps:\/\/www.leparisien.fr\/\u00a0\u00bb},\u00a0\u00bbexpires\u00a0\u00bb:1767387716526,\u00a0\u00bblastModified\u00a0\u00bb:1767387116059},\u00a0\u00bb{\\\u00a0\u00bb_id\\\u00a0\u00bb:\\\u00a0\u00bb\/\\\u00a0\u00bb,\\\u00a0\u00bb_website\\\u00a0\u00bb:\\\u00a0\u00bbleparisien\\\u00a0\u00bb,\\\u00a0\u00bbhierarchy\\\u00a0\u00bb:\\\u00a0\u00bbentretien-exterieurs\\\u00a0\u00bb}\u00a0\u00bb:{\u00ab\u00a0data\u00a0\u00bb:{\u00ab\u00a0_website\u00a0\u00bb:\u00a0\u00bbleparisien\u00a0\u00bb,\u00a0\u00bb_id\u00a0\u00bb:\u00a0\u00bbhttps:\/\/www.leparisien.fr\/\u00a0\u00bb,\u00a0\u00bbname\u00a0\u00bb:\u00a0\u00bbLe Parisien\u00a0\u00bb,\u00a0\u00bbnode_type\u00a0\u00bb:\u00a0\u00bbsection\u00a0\u00bb,\u00a0\u00bbchildren\u00a0\u00bb:[{\u00ab\u00a0_id\u00a0\u00bb:\u00a0\u00bblink-YI4EOL6FFJA6HAECOJ6X5PNFGQ\u00a0\u00bb,\u00a0\u00bb_website\u00a0\u00bb:\u00a0\u00bbleparisien\u00a0\u00bb,\u00a0\u00bbdisplay_name\u00a0\u00bb:\u00a0\u00bbEntretien pelouse\u00a0\u00bb,\u00a0\u00bburl\u00a0\u00bb:\u00a0\u00bb\/jardin\/services\/service-de-tonte-de-pelouse-et-entretien-UXUAFJVETFANPOHQVBCWEY6JRY.php\u00a0\u00bb,\u00a0\u00bbparent\u00a0\u00bb:{\u00ab\u00a0entretien-exterieurs\u00a0\u00bb:\u00a0\u00bbhttps:\/\/www.leparisien.fr\/\u00a0\u00bb},\u00a0\u00bborder\u00a0\u00bb:{\u00ab\u00a0entretien-exterieurs\u00a0\u00bb:1001},\u00a0\u00bbnode_type\u00a0\u00bb:\u00a0\u00bblink\u00a0\u00bb,\u00a0\u00bbchildren\u00a0\u00bb:[]},{\u00ab\u00a0_id\u00a0\u00bb:\u00a0\u00bblink-QHZUEYCPWND5DFFQ3V3WZ42X4Q\u00a0\u00bb,\u00a0\u00bb_website\u00a0\u00bb:\u00a0\u00bbleparisien\u00a0\u00bb,\u00a0\u00bbdisplay_name\u00a0\u00bb:\u00a0\u00bbAbattage d\u2019arbre\u00a0\u00bb,\u00a0\u00bburl\u00a0\u00bb:\u00a0\u00bb\/jardin\/services\/service-dabattage-darbre-KEDQ2XNJ5JE65ECP5G6A4OFA6M.php\u00a0\u00bb,\u00a0\u00bbparent\u00a0\u00bb:{\u00ab\u00a0entretien-exterieurs\u00a0\u00bb:\u00a0\u00bbhttps:\/\/www.leparisien.fr\/\u00a0\u00bb},\u00a0\u00bborder\u00a0\u00bb:{\u00ab\u00a0entretien-exterieurs\u00a0\u00bb:1002},\u00a0\u00bbnode_type\u00a0\u00bb:\u00a0\u00bblink\u00a0\u00bb,\u00a0\u00bbchildren\u00a0\u00bb:[]},{\u00ab\u00a0_id\u00a0\u00bb:\u00a0\u00bblink-SHCWNUIWDZGYBJVJT76ATZYOUQ\u00a0\u00bb,\u00a0\u00bb_website\u00a0\u00bb:\u00a0\u00bbleparisien\u00a0\u00bb,\u00a0\u00bbdisplay_name\u00a0\u00bb:\u00a0\u00bbPaysagiste\u00a0\u00bb,\u00a0\u00bburl\u00a0\u00bb:\u00a0\u00bb\/jardin\/services\/paysagiste-a-domicile-QUI524ONOZF23ALVTGSD5O4PR4.php\u00a0\u00bb,\u00a0\u00bbparent\u00a0\u00bb:{\u00ab\u00a0entretien-exterieurs\u00a0\u00bb:\u00a0\u00bbhttps:\/\/www.leparisien.fr\/\u00a0\u00bb},\u00a0\u00bborder\u00a0\u00bb:{\u00ab\u00a0entretien-exterieurs\u00a0\u00bb:1003},\u00a0\u00bbnode_type\u00a0\u00bb:\u00a0\u00bblink\u00a0\u00bb,\u00a0\u00bbchildren\u00a0\u00bb:[]},{\u00ab\u00a0_id\u00a0\u00bb:\u00a0\u00bblink-OTRMJ6S5AZCIHKJAQA7LHTM57A\u00a0\u00bb,\u00a0\u00bb_website\u00a0\u00bb:\u00a0\u00bbleparisien\u00a0\u00bb,\u00a0\u00bbdisplay_name\u00a0\u00bb:\u00a0\u00bbEntretien du jardin\u00a0\u00bb,\u00a0\u00bburl\u00a0\u00bb:\u00a0\u00bb\/jardin\/services\/jardinage-a-domicile-et-entretien-du-jardin-AQH777DWHBGYRDDQQNY33VDI5A.php\u00a0\u00bb,\u00a0\u00bbparent\u00a0\u00bb:{\u00ab\u00a0entretien-exterieurs\u00a0\u00bb:\u00a0\u00bbhttps:\/\/www.leparisien.fr\/\u00a0\u00bb},\u00a0\u00bborder\u00a0\u00bb:{\u00ab\u00a0entretien-exterieurs\u00a0\u00bb:1004},\u00a0\u00bbnode_type\u00a0\u00bb:\u00a0\u00bblink\u00a0\u00bb,\u00a0\u00bbchildren\u00a0\u00bb:[]},{\u00ab\u00a0_id\u00a0\u00bb:\u00a0\u00bblink-UQYSFQ6RZFC77EOGHBFPVPAJIA\u00a0\u00bb,\u00a0\u00bb_website\u00a0\u00bb:\u00a0\u00bbleparisien\u00a0\u00bb,\u00a0\u00bbdisplay_name\u00a0\u00bb:\u00a0\u00bbAm\u00e9nagement terrasse\u00a0\u00bb,\u00a0\u00bburl\u00a0\u00bb:\u00a0\u00bb\/jardin\/services\/comment-poser-et-amenager-une-terrasse-dans-son-jardin-NQ73NXTBLVAANAE26BG36RZVVE.php\u00a0\u00bb,\u00a0\u00bbparent\u00a0\u00bb:{\u00ab\u00a0entretien-exterieurs\u00a0\u00bb:\u00a0\u00bbhttps:\/\/www.leparisien.fr\/\u00a0\u00bb},\u00a0\u00bborder\u00a0\u00bb:{\u00ab\u00a0entretien-exterieurs\u00a0\u00bb:1005},\u00a0\u00bbnode_type\u00a0\u00bb:\u00a0\u00bblink\u00a0\u00bb,\u00a0\u00bbchildren\u00a0\u00bb:[]},{\u00ab\u00a0_id\u00a0\u00bb:\u00a0\u00bblink-3UU5LBEHNJCU5BWIN4T2UMWXSI\u00a0\u00bb,\u00a0\u00bb_website\u00a0\u00bb:\u00a0\u00bbleparisien\u00a0\u00bb,\u00a0\u00bbdisplay_name\u00a0\u00bb:\u00a0\u00bbEntretien arbres\u00a0\u00bb,\u00a0\u00bburl\u00a0\u00bb:\u00a0\u00bb\/jardin\/services\/elagage-et-taille-darbre-a-domicile-GGWHSQVRJNCE3D3TIW642IWJVM.php\u00a0\u00bb,\u00a0\u00bbparent\u00a0\u00bb:{\u00ab\u00a0entretien-exterieurs\u00a0\u00bb:\u00a0\u00bbhttps:\/\/www.leparisien.fr\/\u00a0\u00bb},\u00a0\u00bborder\u00a0\u00bb:{\u00ab\u00a0entretien-exterieurs\u00a0\u00bb:1006},\u00a0\u00bbnode_type\u00a0\u00bb:\u00a0\u00bblink\u00a0\u00bb,\u00a0\u00bbchildren\u00a0\u00bb:[]},{\u00ab\u00a0_id\u00a0\u00bb:\u00a0\u00bblink-RVEZGAZJ6FCUNLDQZZ2LL24GEI\u00a0\u00bb,\u00a0\u00bb_website\u00a0\u00bb:\u00a0\u00bbleparisien\u00a0\u00bb,\u00a0\u00bbdisplay_name\u00a0\u00bb:\u00a0\u00bbAm\u00e9nagement all\u00e9e de jardin\u00a0\u00bb,\u00a0\u00bburl\u00a0\u00bb:\u00a0\u00bb\/jardin\/services\/amenagement-allee-de-jardin-6P3X3ZM7OJFPTAEM4T463C3AKI.php\u00a0\u00bb,\u00a0\u00bbparent\u00a0\u00bb:{\u00ab\u00a0entretien-exterieurs\u00a0\u00bb:\u00a0\u00bbhttps:\/\/www.leparisien.fr\/\u00a0\u00bb},\u00a0\u00bborder\u00a0\u00bb:{\u00ab\u00a0entretien-exterieurs\u00a0\u00bb:1007},\u00a0\u00bbnode_type\u00a0\u00bb:\u00a0\u00bblink\u00a0\u00bb,\u00a0\u00bbchildren\u00a0\u00bb:[]},{\u00ab\u00a0_id\u00a0\u00bb:\u00a0\u00bblink-M3IOR4HBAZDMLLAWM5ZP62YSGU\u00a0\u00bb,\u00a0\u00bb_website\u00a0\u00bb:\u00a0\u00bbleparisien\u00a0\u00bb,\u00a0\u00bbdisplay_name\u00a0\u00bb:\u00a0\u00bbPose de v\u00e9randa\u00a0\u00bb,\u00a0\u00bburl\u00a0\u00bb:\u00a0\u00bb\/jardin\/services\/installation-de-veranda-NFM4CXHW5BASZF3YMM75OLPZGI.php\u00a0\u00bb,\u00a0\u00bbparent\u00a0\u00bb:{\u00ab\u00a0entretien-exterieurs\u00a0\u00bb:\u00a0\u00bbhttps:\/\/www.leparisien.fr\/\u00a0\u00bb},\u00a0\u00bborder\u00a0\u00bb:{\u00ab\u00a0entretien-exterieurs\u00a0\u00bb:1008},\u00a0\u00bbnode_type\u00a0\u00bb:\u00a0\u00bblink\u00a0\u00bb,\u00a0\u00bbchildren\u00a0\u00bb:[]},{\u00ab\u00a0_id\u00a0\u00bb:\u00a0\u00bblink-DWIGRU3PZVHBTCB7D4IY3KLKJQ\u00a0\u00bb,\u00a0\u00bb_website\u00a0\u00bb:\u00a0\u00bbleparisien\u00a0\u00bb,\u00a0\u00bbdisplay_name\u00a0\u00bb:\u00a0\u00bbInstallation de portail\u00a0\u00bb,\u00a0\u00bburl\u00a0\u00bb:\u00a0\u00bb\/jardin\/services\/installation-de-portail-ZJQTCSYIDZCDNN4LUCWGSZKCVQ.php\u00a0\u00bb,\u00a0\u00bbparent\u00a0\u00bb:{\u00ab\u00a0entretien-exterieurs\u00a0\u00bb:\u00a0\u00bbhttps:\/\/www.leparisien.fr\/\u00a0\u00bb},\u00a0\u00bborder\u00a0\u00bb:{\u00ab\u00a0entretien-exterieurs\u00a0\u00bb:1009},\u00a0\u00bbnode_type\u00a0\u00bb:\u00a0\u00bblink\u00a0\u00bb,\u00a0\u00bbchildren\u00a0\u00bb:[]},{\u00ab\u00a0_id\u00a0\u00bb:\u00a0\u00bblink-TRYZEMHRZZBYNNEVCQFDCFGDIM\u00a0\u00bb,\u00a0\u00bb_website\u00a0\u00bb:\u00a0\u00bbleparisien\u00a0\u00bb,\u00a0\u00bbdisplay_name\u00a0\u00bb:\u00a0\u00bbPose de pergola\u00a0\u00bb,\u00a0\u00bburl\u00a0\u00bb:\u00a0\u00bb\/jardin\/services\/installation-de-pergola-ZRO4E2TKBFHRJKT67BCVDCPNZQ.php\u00a0\u00bb,\u00a0\u00bbparent\u00a0\u00bb:{\u00ab\u00a0entretien-exterieurs\u00a0\u00bb:\u00a0\u00bbhttps:\/\/www.leparisien.fr\/\u00a0\u00bb},\u00a0\u00bborder\u00a0\u00bb:{\u00ab\u00a0entretien-exterieurs\u00a0\u00bb:1010},\u00a0\u00bbnode_type\u00a0\u00bb:\u00a0\u00bblink\u00a0\u00bb,\u00a0\u00bbchildren\u00a0\u00bb:[]},{\u00ab\u00a0_id\u00a0\u00bb:\u00a0\u00bblink-FCJB4JG6VVBFLO5V43KDRZQKWY\u00a0\u00bb,\u00a0\u00bb_website\u00a0\u00bb:\u00a0\u00bbleparisien\u00a0\u00bb,\u00a0\u00bbdisplay_name\u00a0\u00bb:\u00a0\u00bbPose de store banne\u00a0\u00bb,\u00a0\u00bburl\u00a0\u00bb:\u00a0\u00bb\/jardin\/services\/pose-et-installation-de-store-banne-65NHO65FZ5BA7OMFGJR76XNCAI.php\u00a0\u00bb,\u00a0\u00bbparent\u00a0\u00bb:{\u00ab\u00a0entretien-exterieurs\u00a0\u00bb:\u00a0\u00bbhttps:\/\/www.leparisien.fr\/\u00a0\u00bb},\u00a0\u00bborder\u00a0\u00bb:{\u00ab\u00a0entretien-exterieurs\u00a0\u00bb:1011},\u00a0\u00bbnode_type\u00a0\u00bb:\u00a0\u00bblink\u00a0\u00bb,\u00a0\u00bbchildren\u00a0\u00bb:[]},{\u00ab\u00a0_id\u00a0\u00bb:\u00a0\u00bblink-GVITD3GYK5EEZD4VYJKLJYKWY4&Prime;,\u00a0\u00bb_website\u00a0\u00bb:\u00a0\u00bbleparisien\u00a0\u00bb,\u00a0\u00bbdisplay_name\u00a0\u00bb:\u00a0\u00bbMontage d\u2019abri de jardin\u00a0\u00bb,\u00a0\u00bburl\u00a0\u00bb:\u00a0\u00bb\/jardin\/services\/montage-abri-de-jardin-GD7FELN37RHX3FBK2M3QHUJ3SU.php\u00a0\u00bb,\u00a0\u00bbparent\u00a0\u00bb:{\u00ab\u00a0entretien-exterieurs\u00a0\u00bb:\u00a0\u00bbhttps:\/\/www.leparisien.fr\/\u00a0\u00bb},\u00a0\u00bborder\u00a0\u00bb:{\u00ab\u00a0entretien-exterieurs\u00a0\u00bb:1012},\u00a0\u00bbnode_type\u00a0\u00bb:\u00a0\u00bblink\u00a0\u00bb,\u00a0\u00bbchildren\u00a0\u00bb:[]}]},\u00a0\u00bbexpires\u00a0\u00bb:1767387716208,\u00a0\u00bblastModified\u00a0\u00bb:1767387116009},\u00a0\u00bb{\\\u00a0\u00bb_id\\\u00a0\u00bb:\\\u00a0\u00bb\/\\\u00a0\u00bb,\\\u00a0\u00bb_website\\\u00a0\u00bb:\\\u00a0\u00bbleparisien\\\u00a0\u00bb,\\\u00a0\u00bbhierarchy\\\u00a0\u00bb:\\\u00a0\u00bbservices-guide\\\u00a0\u00bb}\u00a0\u00bb:{\u00ab\u00a0data\u00a0\u00bb:{\u00ab\u00a0_website\u00a0\u00bb:\u00a0\u00bbleparisien\u00a0\u00bb,\u00a0\u00bb_id\u00a0\u00bb:\u00a0\u00bbhttps:\/\/www.leparisien.fr\/\u00a0\u00bb,\u00a0\u00bbname\u00a0\u00bb:\u00a0\u00bbLe Parisien\u00a0\u00bb,\u00a0\u00bbnode_type\u00a0\u00bb:\u00a0\u00bbsection\u00a0\u00bb,\u00a0\u00bbchildren\u00a0\u00bb:[{\u00ab\u00a0_id\u00a0\u00bb:\u00a0\u00bblink-59YEJQQ6Z52BQE6R88DXY0YW34&Prime;,\u00a0\u00bb_website\u00a0\u00bb:\u00a0\u00bbleparisien\u00a0\u00bb,\u00a0\u00bbdisplay_name\u00a0\u00bb:\u00a0\u00bbMots fl\u00e9ch\u00e9s, sudoku\u00a0\u00bb,\u00a0\u00bburl\u00a0\u00bb:\u00a0\u00bbhttps:\/\/www.leparisien.fr\/jeux\/\u00a0\u00bb,\u00a0\u00bbparent\u00a0\u00bb:{\u00ab\u00a0services-guide\u00a0\u00bb:\u00a0\u00bbhttps:\/\/www.leparisien.fr\/\u00a0\u00bb},\u00a0\u00bborder\u00a0\u00bb:{\u00ab\u00a0services-guide\u00a0\u00bb:1001},\u00a0\u00bbnode_type\u00a0\u00bb:\u00a0\u00bblink\u00a0\u00bb,\u00a0\u00bbchildren\u00a0\u00bb:[]},{\u00ab\u00a0_id\u00a0\u00bb:\u00a0\u00bblink-WAYF4CY86X1BFCN83Q28XT4DFR\u00a0\u00bb,\u00a0\u00bb_website\u00a0\u00bb:\u00a0\u00bbleparisien\u00a0\u00bb,\u00a0\u00bbdisplay_name\u00a0\u00bb:\u00a0\u00bbCitations et proverbes\u00a0\u00bb,\u00a0\u00bburl\u00a0\u00bb:\u00a0\u00bbhttps:\/\/citation-celebre.leparisien.fr\/\u00a0\u00bb,\u00a0\u00bbparent\u00a0\u00bb:{\u00ab\u00a0services-guide\u00a0\u00bb:\u00a0\u00bbhttps:\/\/www.leparisien.fr\/\u00a0\u00bb},\u00a0\u00bborder\u00a0\u00bb:{\u00ab\u00a0services-guide\u00a0\u00bb:1002},\u00a0\u00bbnode_type\u00a0\u00bb:\u00a0\u00bblink\u00a0\u00bb,\u00a0\u00bbchildren\u00a0\u00bb:[]},{\u00ab\u00a0_id\u00a0\u00bb:\u00a0\u00bblink-YCD7TVQE112GKA3CJVBMME9CH8&Prime;,\u00a0\u00bb_website\u00a0\u00bb:\u00a0\u00bbleparisien\u00a0\u00bb,\u00a0\u00bbdisplay_name\u00a0\u00bb:\u00a0\u00bbBilletterie\u00a0\u00bb,\u00a0\u00bburl\u00a0\u00bb:\u00a0\u00bbhttps:\/\/www.ticketmaster.fr\/fr\/index\/idtier\/43209120&Prime;,\u00a0\u00bbparent\u00a0\u00bb:{\u00ab\u00a0burger-menu\u00a0\u00bb:\u00a0\u00bb\/nos-services\u00a0\u00bb,\u00a0\u00bbservices-guide\u00a0\u00bb:\u00a0\u00bbhttps:\/\/www.leparisien.fr\/\u00a0\u00bb},\u00a0\u00bborder\u00a0\u00bb:{\u00ab\u00a0burger-menu\u00a0\u00bb:2007,\u00a0\u00bbservices-guide\u00a0\u00bb:1003},\u00a0\u00bbnode_type\u00a0\u00bb:\u00a0\u00bblink\u00a0\u00bb,\u00a0\u00bbchildren\u00a0\u00bb:[]},{\u00ab\u00a0_id\u00a0\u00bb:\u00a0\u00bblink-DS2YVERH4ZGG5IG4OFN65TGF6M\u00a0\u00bb,\u00a0\u00bb_website\u00a0\u00bb:\u00a0\u00bbleparisien\u00a0\u00bb,\u00a0\u00bbdisplay_name\u00a0\u00bb:\u00a0\u00bbAnnonces immobili\u00e8res\u00a0\u00bb,\u00a0\u00bburl\u00a0\u00bb:\u00a0\u00bbhttps:\/\/www.leparisien.fr\/nos-services\/annonces-immobilieres\/\u00a0\u00bb,\u00a0\u00bbparent\u00a0\u00bb:{\u00ab\u00a0menu\u00a0\u00bb:\u00a0\u00bb\/annonces\u00a0\u00bb,\u00a0\u00bbservices-guide\u00a0\u00bb:\u00a0\u00bbhttps:\/\/www.leparisien.fr\/\u00a0\u00bb},\u00a0\u00bborder\u00a0\u00bb:{\u00ab\u00a0menu\u00a0\u00bb:2001,\u00a0\u00bbservices-guide\u00a0\u00bb:1004},\u00a0\u00bbnode_type\u00a0\u00bb:\u00a0\u00bblink\u00a0\u00bb,\u00a0\u00bbchildren\u00a0\u00bb:[]},{\u00ab\u00a0_id\u00a0\u00bb:\u00a0\u00bblink-R1JENZM0WN1DKEXZ8138W77T1R\u00a0\u00bb,\u00a0\u00bb_website\u00a0\u00bb:\u00a0\u00bbleparisien\u00a0\u00bb,\u00a0\u00bbdisplay_name\u00a0\u00bb:\u00a0\u00bbBlog de vin\u00a0\u00bb,\u00a0\u00bburl\u00a0\u00bb:\u00a0\u00bbhttp:\/\/lesgrappes.leparisien.fr\/\u00a0\u00bb,\u00a0\u00bbparent\u00a0\u00bb:{\u00ab\u00a0services-guide\u00a0\u00bb:\u00a0\u00bbhttps:\/\/www.leparisien.fr\/\u00a0\u00bb},\u00a0\u00bborder\u00a0\u00bb:{\u00ab\u00a0services-guide\u00a0\u00bb:1005},\u00a0\u00bbnode_type\u00a0\u00bb:\u00a0\u00bblink\u00a0\u00bb,\u00a0\u00bbchildren\u00a0\u00bb:[]},{\u00ab\u00a0_id\u00a0\u00bb:\u00a0\u00bblink-15VBQMHKHH55ZFTM89WBP6TRHG\u00a0\u00bb,\u00a0\u00bb_website\u00a0\u00bb:\u00a0\u00bbleparisien\u00a0\u00bb,\u00a0\u00bbdisplay_name\u00a0\u00bb:\u00a0\u00bbAvis de d\u00e9c\u00e8s\u00a0\u00bb,\u00a0\u00bburl\u00a0\u00bb:\u00a0\u00bbhttps:\/\/carnet.leparisien.fr\u00a0\u00bb,\u00a0\u00bbparent\u00a0\u00bb:{\u00ab\u00a0services-guide\u00a0\u00bb:\u00a0\u00bbhttps:\/\/www.leparisien.fr\/\u00a0\u00bb},\u00a0\u00bborder\u00a0\u00bb:{\u00ab\u00a0services-guide\u00a0\u00bb:1006},\u00a0\u00bbnode_type\u00a0\u00bb:\u00a0\u00bblink\u00a0\u00bb,\u00a0\u00bbchildren\u00a0\u00bb:[]},{\u00ab\u00a0_id\u00a0\u00bb:\u00a0\u00bblink-KKP5NQR14T4ZXB8AYAJMFAPQBR\u00a0\u00bb,\u00a0\u00bb_website\u00a0\u00bb:\u00a0\u00bbleparisien\u00a0\u00bb,\u00a0\u00bbdisplay_name\u00a0\u00bb:\u00a0\u00bbAnnonces l\u00e9gales\u00a0\u00bb,\u00a0\u00bburl\u00a0\u00bb:\u00a0\u00bbhttps:\/\/www.annonces-legales.fr\/lp\/leparisien\/choisir-votre-journal\u00a0\u00bb,\u00a0\u00bbparent\u00a0\u00bb:{\u00ab\u00a0services-guide\u00a0\u00bb:\u00a0\u00bbhttps:\/\/www.leparisien.fr\/\u00a0\u00bb},\u00a0\u00bborder\u00a0\u00bb:{\u00ab\u00a0services-guide\u00a0\u00bb:1007},\u00a0\u00bbnode_type\u00a0\u00bb:\u00a0\u00bblink\u00a0\u00bb,\u00a0\u00bbchildren\u00a0\u00bb:[]},{\u00ab\u00a0_id\u00a0\u00bb:\u00a0\u00bblink-0HTUYEWW6136F3MYJF4P38B7A8&Prime;,\u00a0\u00bb_website\u00a0\u00bb:\u00a0\u00bbleparisien\u00a0\u00bb,\u00a0\u00bbdisplay_name\u00a0\u00bb:\u00a0\u00bbMarch\u00e9s publics\u00a0\u00bb,\u00a0\u00bburl\u00a0\u00bb:\u00a0\u00bbhttps:\/\/avisdemarches.leparisien.fr\/\u00a0\u00bb,\u00a0\u00bbparent\u00a0\u00bb:{\u00ab\u00a0services-guide\u00a0\u00bb:\u00a0\u00bbhttps:\/\/www.leparisien.fr\/\u00a0\u00bb},\u00a0\u00bborder\u00a0\u00bb:{\u00ab\u00a0services-guide\u00a0\u00bb:1008},\u00a0\u00bbnode_type\u00a0\u00bb:\u00a0\u00bblink\u00a0\u00bb,\u00a0\u00bbchildren\u00a0\u00bb:[]}]},\u00a0\u00bbexpires\u00a0\u00bb:1767387935326,\u00a0\u00bblastModified\u00a0\u00bb:1767387335046},\u00a0\u00bb{\\\u00a0\u00bb_id\\\u00a0\u00bb:\\\u00a0\u00bb\/\\\u00a0\u00bb,\\\u00a0\u00bb_website\\\u00a0\u00bb:\\\u00a0\u00bbleparisien\\\u00a0\u00bb,\\\u00a0\u00bbhierarchy\\\u00a0\u00bb:\\\u00a0\u00bbfooter-last\\\u00a0\u00bb}\u00a0\u00bb:{\u00ab\u00a0data\u00a0\u00bb:{\u00ab\u00a0children\u00a0\u00bb:[{\u00ab\u00a0display_name\u00a0\u00bb:\u00a0\u00bbNous \u00e9crire\u00a0\u00bb,\u00a0\u00bburl\u00a0\u00bb:\u00a0\u00bbhttps:\/\/www.leparisien.fr\/contact\/\u00a0\u00bb},{\u00ab\u00a0display_name\u00a0\u00bb:\u00a0\u00bbQui sommes nous ?\u00a0\u00bb,\u00a0\u00bburl\u00a0\u00bb:\u00a0\u00bbhttps:\/\/www.leparisien.fr\/qui-sommes-nous\/\u00a0\u00bb},{\u00ab\u00a0display_name\u00a0\u00bb:\u00a0\u00bbNos chartes\u00a0\u00bb,\u00a0\u00bburl\u00a0\u00bb:\u00a0\u00bbhttps:\/\/www.leparisien.fr\/charte.php\u00a0\u00bb},{\u00ab\u00a0display_name\u00a0\u00bb:\u00a0\u00bbCGU\u00a0\u00bb,\u00a0\u00bburl\u00a0\u00bb:\u00a0\u00bbhttps:\/\/www.leparisien.fr\/cgu\/\u00a0\u00bb},{\u00ab\u00a0display_name\u00a0\u00bb:\u00a0\u00bbPolitique de confidentialit\u00e9\u00a0\u00bb,\u00a0\u00bburl\u00a0\u00bb:\u00a0\u00bbhttps:\/\/www.leparisien.fr\/politique-confidentialite\/\u00a0\u00bb},{\u00ab\u00a0display_name\u00a0\u00bb:\u00a0\u00bbGestion des cookies\u00a0\u00bb,\u00a0\u00bburl\u00a0\u00bb:\u00a0\u00bbhttps:\/\/www.leparisien.fr\/cookies\/\u00a0\u00bb},{\u00ab\u00a0display_name\u00a0\u00bb:\u00a0\u00bbEspace pro\u00a0\u00bb,\u00a0\u00bburl\u00a0\u00bb:\u00a0\u00bbhttps:\/\/www.leparisien.fr\/espace-professionnel\/\u00a0\u00bb},{\u00ab\u00a0display_name\u00a0\u00bb:\u00a0\u00bbEspace presse\u00a0\u00bb,\u00a0\u00bburl\u00a0\u00bb:\u00a0\u00bbhttp:\/\/pressroom-lesechos-leparisien.com\/\u00a0\u00bb}],\u00a0\u00bb_id\u00a0\u00bb:\u00a0\u00bbhttps:\/\/www.leparisien.fr\/\u00a0\u00bb},\u00a0\u00bbexpires\u00a0\u00bb:1767387716216,\u00a0\u00bblastModified\u00a0\u00bb:1767387116010}},\u00a0\u00bbstory-card-feed-fullquery\u00a0\u00bb:{\u00ab\u00a0{\\\u00a0\u00bb_id\\\u00a0\u00bb:\\\u00a0\u00bbXHMU4QE7VZGKJCLAGCO7QT7374\\\u00a0\u00bb,\\\u00a0\u00bbfilterContent\\\u00a0\u00bb:[\\\u00a0\u00bb_id\\\u00a0\u00bb,\\\u00a0\u00bbheadlines\\\u00a0\u00bb,\\\u00a0\u00bbwebsite_url\\\u00a0\u00bb,\\\u00a0\u00bblabel\\\u00a0\u00bb],\\\u00a0\u00bboffset\\\u00a0\u00bb:0,\\\u00a0\u00bbprimarySectionId\\\u00a0\u00bb:\\\u00a0\u00bb\/meteo\\\u00a0\u00bb,\\\u00a0\u00bbsecondarySectionPath\\\u00a0\u00bb:\\\u00a0\u00bb\\\\\\\u00a0\u00bb\/meteo\\\\\\\u00a0\u00bb,\\\\\\\u00a0\u00bb\/oise-60\\\\\\\u00a0\u00bb,\\\\\\\u00a0\u00bb\/seine-et-marne-77\\\\\\\u00a0\u00bb,\\\\\\\u00a0\u00bb\/val-de-marne-94\\\\\\\u00a0\u00bb,\\\\\\\u00a0\u00bb\/hauts-de-seine-92\\\\\\\u00a0\u00bb,\\\\\\\u00a0\u00bb\/seine-saint-denis-93\\\\\\\u00a0\u00bb,\\\\\\\u00a0\u00bb\/paris-75\\\\\\\u00a0\u00bb,\\\\\\\u00a0\u00bb\/yvelines-78\\\\\\\u00a0\u00bb,\\\\\\\u00a0\u00bb\/info-paris-ile-de-france-oise\/transports\\\\\\\u00a0\u00bb,\\\\\\\u00a0\u00bb\/val-d-oise-95\\\\\\\u00a0\u00bb,\\\\\\\u00a0\u00bb\/essonne-91\\\\\\\u00a0\u00bb,\\\\\\\u00a0\u00bb\/culture-loisirs\/sortir-region-parisienne\\\\\\\u00a0\u00bb,\\\\\\\u00a0\u00bb\/culture-loisirs\\\\\\\u00a0\u00bb\\\u00a0\u00bb,\\\u00a0\u00bbsize\\\u00a0\u00bb:13,\\\u00a0\u00bbsubtype\\\u00a0\u00bb:\\\u00a0\u00bbarticle_live\\\u00a0\u00bb}\u00a0\u00bb:{\u00ab\u00a0data\u00a0\u00bb:{\u00ab\u00a0content_elements\u00a0\u00bb:[],\u00a0\u00bbcount\u00a0\u00bb:199,\u00a0\u00bbnext\u00a0\u00bb:13,\u00a0\u00bb_id\u00a0\u00bb:\u00a0\u00bb7f346898197fdc2b849bc2917ebe8b8096b778e8ee0c6bc4121e2cdf98333bcc\u00a0\u00bb},\u00a0\u00bbexpires\u00a0\u00bb:1767387524373,\u00a0\u00bblastModified\u00a0\u00bb:1767387404268},\u00a0\u00bb{\\\u00a0\u00bbexcludeSubtype\\\u00a0\u00bb:\\\u00a0\u00bbarticle_like, article_sponsored\\\u00a0\u00bb,\\\u00a0\u00bboffset\\\u00a0\u00bb:0,\\\u00a0\u00bbsectionPath\\\u00a0\u00bb:\\\u00a0\u00bb\/podcasts\/crime-story\\\u00a0\u00bb,\\\u00a0\u00bbsize\\\u00a0\u00bb:1,\\\u00a0\u00bbwebsite\\\u00a0\u00bb:\\\u00a0\u00bbleparisien\\\u00a0\u00bb}\u00a0\u00bb:{\u00ab\u00a0data\u00a0\u00bb:{\u00ab\u00a0type\u00a0\u00bb:\u00a0\u00bbresults\u00a0\u00bb,\u00a0\u00bbversion\u00a0\u00bb:\u00a0\u00bb0.6.0&Prime;,\u00a0\u00bbcontent_elements\u00a0\u00bb:[{\u00ab\u00a0content_elements\u00a0\u00bb:[{\u00ab\u00a0_id\u00a0\u00bb:\u00a0\u00bbPR44RLB57BBDVB465MKARW7KCE\u00a0\u00bb,\u00a0\u00bbadditional_properties\u00a0\u00bb:{\u00ab\u00a0_id\u00a0\u00bb:1678702158698},\u00a0\u00bbtype\u00a0\u00bb:\u00a0\u00bbtext\u00a0\u00bb,\u00a0\u00bbcontent\u00a0\u00bb:\u00a0\u00bb<b>\u00c9coutez Crime story, le podcast de faits divers du Parisien<\/b>\u00ab\u00a0,\u00a0\u00bbcredits\u00a0\u00bb:{\u00ab\u00a0by\u00a0\u00bb:[]}},{\u00ab\u00a0_id\u00a0\u00bb:\u00a0\u00bbEYO6C56XLRD6ZPU57QYPEKMVXI\u00a0\u00bb,\u00a0\u00bbadditional_properties\u00a0\u00bb:{\u00ab\u00a0_id\u00a0\u00bb:\u00a0\u00bbW35A7KXWMBDPVN4ZEZMLS6YJEA\u00a0\u00bb},\u00a0\u00bbtype\u00a0\u00bb:\u00a0\u00bbtext\u00a0\u00bb,\u00a0\u00bbcontent\u00a0\u00bb:\u00a0\u00bb<b>Partie 2<\/b>\u00ab\u00a0,\u00a0\u00bbcredits\u00a0\u00bb:{\u00ab\u00a0by\u00a0\u00bb:[]}},{\u00ab\u00a0_id\u00a0\u00bb:\u00a0\u00bbCA6TXBOF5BD6PGADZT4RX4MZAU\u00a0\u00bb,\u00a0\u00bbtype\u00a0\u00bb:\u00a0\u00bbraw_html\u00a0\u00bb,\u00a0\u00bbcontent\u00a0\u00bb:\u00a0\u00bb\u00a0\u00bb,\u00a0\u00bbcredits\u00a0\u00bb:{\u00ab\u00a0by\u00a0\u00bb:[]}},{\u00ab\u00a0_id\u00a0\u00bb:\u00a0\u00bbMXAT37CPXJBUVP24IROVAPAQMM\u00a0\u00bb,\u00a0\u00bbadditional_properties\u00a0\u00bb:{\u00ab\u00a0_id\u00a0\u00bb:\u00a0\u00bbAKTONKL7CBA5DD7KRGQZUTVW3I\u00a0\u00bb},\u00a0\u00bbtype\u00a0\u00bb:\u00a0\u00bbtext\u00a0\u00bb,\u00a0\u00bbcontent\u00a0\u00bb:\u00a0\u00bbSur votre smartphone ou votre tablette, \u00e9coutez Crime story et abonnez-vous sur :\u00a0\u00bb,\u00a0\u00bbcredits\u00a0\u00bb:{\u00ab\u00a0by\u00a0\u00bb:[]}},{\u00ab\u00a0list_type\u00a0\u00bb:\u00a0\u00bbunordered\u00a0\u00bb,\u00a0\u00bb_id\u00a0\u00bb:\u00a0\u00bbD4PZVVK2MZHXBKC32XMHHOUJCM\u00a0\u00bb,\u00a0\u00bbtype\u00a0\u00bb:\u00a0\u00bblist\u00a0\u00bb,\u00a0\u00bbitems\u00a0\u00bb:[{\u00ab\u00a0_id\u00a0\u00bb:\u00a0\u00bbBMIVSDGMWRDX3DULMKDIKTB6XY\u00a0\u00bb,\u00a0\u00bbadditional_properties\u00a0\u00bb:{\u00ab\u00a0indent\u00a0\u00bb:0},\u00a0\u00bbalignment\u00a0\u00bb:\u00a0\u00bbleft\u00a0\u00bb,\u00a0\u00bbtype\u00a0\u00bb:\u00a0\u00bbtext\u00a0\u00bb,\u00a0\u00bbcontent\u00a0\u00bb:\u00a0\u00bb<a href=\\\"https:\/\/podcasts.apple.com\/fr\/podcast\/crime-story\/id1658362786\\\">Apple Podcast<\/a> (iPhone, iPad)\u00a0\u00bb},{\u00ab\u00a0_id\u00a0\u00bb:\u00a0\u00bb47R7DB6RLRBBVGDVOOMKXGJUNU\u00a0\u00bb,\u00a0\u00bbadditional_properties\u00a0\u00bb:{\u00ab\u00a0indent\u00a0\u00bb:0},\u00a0\u00bbalignment\u00a0\u00bb:\u00a0\u00bbleft\u00a0\u00bb,\u00a0\u00bbtype\u00a0\u00bb:\u00a0\u00bbtext\u00a0\u00bb,\u00a0\u00bbcontent\u00a0\u00bb:\u00a0\u00bb<a href=\\\"https:\/\/podcastaddict.com\/podcast\/4165015\\\">Podcast Addict<\/a> ou <a href=\\\"https:\/\/castbox.fm\/channel\/Crime-story-id5239051?country=fr\\\">Castbox<\/a>\u00ab\u00a0},{\u00ab\u00a0_id\u00a0\u00bb:\u00a0\u00bbRITMMAC3URDUHPBV2XI2A5MI7E\u00a0\u00bb,\u00a0\u00bbadditional_properties\u00a0\u00bb:{\u00ab\u00a0indent\u00a0\u00bb:0},\u00a0\u00bbalignment\u00a0\u00bb:\u00a0\u00bbleft\u00a0\u00bb,\u00a0\u00bbtype\u00a0\u00bb:\u00a0\u00bbtext\u00a0\u00bb,\u00a0\u00bbcontent\u00a0\u00bb:\u00a0\u00bb<a href=\\\"https:\/\/www.deezer.com\/en\/show\/5539447\\\">Deezer<\/a>\u00ab\u00a0},{\u00ab\u00a0_id\u00a0\u00bb:\u00a0\u00bbIB57CUJQRJFCNJVJVCOM2CRXLU\u00a0\u00bb,\u00a0\u00bbadditional_properties\u00a0\u00bb:{\u00ab\u00a0indent\u00a0\u00bb:0},\u00a0\u00bbalignment\u00a0\u00bb:\u00a0\u00bbleft\u00a0\u00bb,\u00a0\u00bbtype\u00a0\u00bb:\u00a0\u00bbtext\u00a0\u00bb,\u00a0\u00bbcontent\u00a0\u00bb:\u00a0\u00bb<a href=\\\"https:\/\/open.spotify.com\/show\/38EKOHm8o9LflZRiqDmrmf\\\">Spotify<\/a>\u00ab\u00a0}],\u00a0\u00bbcredits\u00a0\u00bb:{\u00ab\u00a0by\u00a0\u00bb:[]}},{\u00ab\u00a0_id\u00a0\u00bb:\u00a0\u00bbFCRCFOOLQND45MYKZLVUNZ5RVQ\u00a0\u00bb,\u00a0\u00bbadditional_properties\u00a0\u00bb:{\u00ab\u00a0_id\u00a0\u00bb:\u00a0\u00bbQ2YUGTQOW5B6ZJIN5BU4RKELOQ\u00a0\u00bb},\u00a0\u00bbtype\u00a0\u00bb:\u00a0\u00bbtext\u00a0\u00bb,\u00a0\u00bbcontent\u00a0\u00bb:\u00a0\u00bb<b>R\u00e9sum\u00e9. <\/b>(Deuxi\u00e8me et dernier \u00e9pisode) Le vendredi 24 novembre 2000, un colis pi\u00e9g\u00e9 explose au Syndicat intercommunal de la c\u00f4te d\u2019Amour et de la presqu\u2019\u00eele gu\u00e9randaise, le SICAPG. L\u2019engin explosif, dissimul\u00e9 dans une cha\u00eene hifi, tue un agent de 39 ans, Jacques Leparoux.\u00a0\u00bb,\u00a0\u00bbcredits\u00a0\u00bb:{\u00ab\u00a0by\u00a0\u00bb:[]}},{\u00ab\u00a0_id\u00a0\u00bb:\u00a0\u00bbUR665IURGFFQHKWSCWVJJBSPOQ\u00a0\u00bb,\u00a0\u00bbadditional_properties\u00a0\u00bb:{},\u00a0\u00bbtype\u00a0\u00bb:\u00a0\u00bbtext\u00a0\u00bb,\u00a0\u00bbcontent\u00a0\u00bb:\u00a0\u00bbEn r\u00e9alit\u00e9, ce n\u2019est pas lui qui est vis\u00e9 mais Christophe Priou, maire du Croisic et pr\u00e9sident du syndicat. Il vient d\u2019\u00e9chapper \u00e0 un attentat.\u00a0\u00bb,\u00a0\u00bbcredits\u00a0\u00bb:{\u00ab\u00a0by\u00a0\u00bb:[]}},{\u00ab\u00a0_id\u00a0\u00bb:\u00a0\u00bbU7KQM6AFWRGGHP4RSWLHYJJJJY\u00a0\u00bb,\u00a0\u00bbadditional_properties\u00a0\u00bb:{},\u00a0\u00bbtype\u00a0\u00bb:\u00a0\u00bbtext\u00a0\u00bb,\u00a0\u00bbcontent\u00a0\u00bb:\u00a0\u00bbDans Crime story, la journaliste Clawdia Prolongeau raconte cette enqu\u00eate avec Damien Delseny, chef du service police-justice du Parisien.\u00a0\u00bb,\u00a0\u00bbcredits\u00a0\u00bb:{\u00ab\u00a0by\u00a0\u00bb:[]}},{\u00ab\u00a0_id\u00a0\u00bb:\u00a0\u00bbEEBLHAXZGNBLRNM7NN62G4FCLQ\u00a0\u00bb,\u00a0\u00bbadditional_properties\u00a0\u00bb:{\u00ab\u00a0_id\u00a0\u00bb:\u00a0\u00bb6GGJITWHZZCPZAMS6UPTE6WAJI\u00a0\u00bb},\u00a0\u00bbtype\u00a0\u00bb:\u00a0\u00bbtext\u00a0\u00bb,\u00a0\u00bbcontent\u00a0\u00bb:\u00a0\u00bb<b>Cr\u00e9dits.<\/b> Direction de la r\u00e9daction : Pierre Chausse &#8211; R\u00e9dacteur en chef : Jules Lavie &#8211; Ecriture et voix : Clawdia Prolongeau et Damien Delseny &#8211; Production : Clara Garnier-Amouroux, Ana\u00efs Godard et Thibault Lambert &#8211; R\u00e9alisation et mixage : Julien Montcouquiol &#8211; Musiques : Audio Network.\u00a0\u00bb,\u00a0\u00bbcredits\u00a0\u00bb:{\u00ab\u00a0by\u00a0\u00bb:[]}},{\u00ab\u00a0_id\u00a0\u00bb:\u00a0\u00bb4L3ARO4AWFEHZCNZS2FZONMEXE\u00a0\u00bb,\u00a0\u00bbadditional_properties\u00a0\u00bb:{},\u00a0\u00bbtype\u00a0\u00bb:\u00a0\u00bbtext\u00a0\u00bb,\u00a0\u00bbcontent\u00a0\u00bb:\u00a0\u00bb<b>Documentation.<\/b> Cet \u00e9pisode de Crime story a \u00e9t\u00e9 pr\u00e9par\u00e9 en puisant dans les archives du Parisien, avec l\u2019aide de nos documentalistes. Nous avons aussi exploit\u00e9 les ressources suivantes : Faites entrer l\u2019accus\u00e9, France 3 R\u00e9gions et Lib\u00e9ration.\u00a0\u00bb,\u00a0\u00bbcredits\u00a0\u00bb:{\u00ab\u00a0by\u00a0\u00bb:[]}},{\u00ab\u00a0_id\u00a0\u00bb:\u00a0\u00bbEKIKDJYIMZD4VALN5UQGKMQDNM\u00a0\u00bb,\u00a0\u00bbadditional_properties\u00a0\u00bb:{\u00ab\u00a0_id\u00a0\u00bb:\u00a0\u00bbZUK5LSL3XJHEJEK5EJJKXKUD4Q\u00a0\u00bb},\u00a0\u00bbtype\u00a0\u00bb:\u00a0\u00bbtext\u00a0\u00bb,\u00a0\u00bbcontent\u00a0\u00bb:\u00a0\u00bb<b>\u00c0 propos de Crime story.<\/b> Le podcast Crime story raconte chaque semaine les grandes affaires criminelles qui ont marqu\u00e9 ces derni\u00e8res d\u00e9cennies. <a href=\\\"https:\/\/www.leparisien.fr\/faits-divers\/cest-samedi-cest-crime-story-10-12-2022-HR3EB53X4FG2NH7CU52JPWR26M.php\\\" title=\\\"\\\">Publi\u00e9 chaque samedi, Crime story <\/a>est pr\u00e9sent\u00e9 par la journaliste Clawdia Prolongeau et son invit\u00e9 permanent, Damien Delseny, le chef du service police justice du Parisien.\u00a0\u00bb,\u00a0\u00bbcredits\u00a0\u00bb:{\u00ab\u00a0by\u00a0\u00bb:[]}}],\u00a0\u00bbsubheadlines\u00a0\u00bb:{\u00ab\u00a0basic\u00a0\u00bb:\u00a0\u00bbPODCAST. Le vendredi 24\u00a0novembre 2000, un colis pi\u00e9g\u00e9 tue un homme de 39\u00a0ans, \u00e0 La\u00a0Baule. En r\u00e9alit\u00e9, ce n\u2019est pas lui qui \u00e9tait vis\u00e9 mais Christophe Priou, pr\u00e9sident d\u2019un syndicat. Il vient d\u2019\u00e9chapper \u00e0 un attentat. Crime story raconte cette affaire dans un podcast en deux parties. \u00ab\u00a0},\u00a0\u00bbdescription\u00a0\u00bb:{\u00ab\u00a0basic\u00a0\u00bb:\u00a0\u00bb\u00a0\u00bb},\u00a0\u00bbsource\u00a0\u00bb:{\u00ab\u00a0system\u00a0\u00bb:\u00a0\u00bbcomposer\u00a0\u00bb,\u00a0\u00bbname\u00a0\u00bb:\u00a0\u00bbleparisien\u00a0\u00bb,\u00a0\u00bbsource_type\u00a0\u00bb:\u00a0\u00bbstaff\u00a0\u00bb},\u00a0\u00bbtaxonomy\u00a0\u00bb:{\u00ab\u00a0primary_site\u00a0\u00bb:{\u00ab\u00a0path\u00a0\u00bb:\u00a0\u00bb\/podcasts\/crime-story\u00a0\u00bb,\u00a0\u00bbparent_id\u00a0\u00bb:\u00a0\u00bb\/podcasts\u00a0\u00bb,\u00a0\u00bbname\u00a0\u00bb:\u00a0\u00bbCrime story\u00a0\u00bb,\u00a0\u00bbdescription\u00a0\u00bb:\u00a0\u00bbLe podcast faits divers Crime story raconte chaque semaine les grandes affaires criminelles qui ont marqu\u00e9 ces derni\u00e8res d\u00e9cennies. Publi\u00e9 chaque samedi, Crime story est pr\u00e9sent\u00e9 par la journaliste Clawdia Prolongeau et son invit\u00e9 permanent : Damien Delseny, le chef du service police justice du Parisien.\u00a0\u00bb,\u00a0\u00bb_id\u00a0\u00bb:\u00a0\u00bb\/podcasts\/crime-story\u00a0\u00bb,\u00a0\u00bbadditional_properties\u00a0\u00bb:{\u00ab\u00a0original\u00a0\u00bb:{\u00ab\u00a0parent\u00a0\u00bb:{\u00ab\u00a0default\u00a0\u00bb:\u00a0\u00bb\/podcasts\u00a0\u00bb,\u00a0\u00bbMaillage_SEO_Surfooter\u00a0\u00bb:\u00a0\u00bb\/podcasts\u00a0\u00bb,\u00a0\u00bbWebsked-plans\u00a0\u00bb:\u00a0\u00bb\/podcasts\u00a0\u00bb,\u00a0\u00bbsub-nav\u00a0\u00bb:\u00a0\u00bb\/podcasts\u00a0\u00bb,\u00a0\u00bbmenu\u00a0\u00bb:\u00a0\u00bb\/podcasts\u00a0\u00bb},\u00a0\u00bbin_the_news\u00a0\u00bb:{\u00ab\u00a0in_the_news_usefeature\u00a0\u00bb:null,\u00a0\u00bbin_the_news_usebasepage\u00a0\u00bb:\u00a0\u00bb\/in-the-news-forsections\/\u00a0\u00bb,\u00a0\u00bbin_the_news_usesectionbar\u00a0\u00bb:\u00a0\u00bbfalse\u00a0\u00bb},\u00a0\u00bbGoogle Analytics\u00a0\u00bb:{\u00ab\u00a0ga_name_level_2&Prime;:\u00a0\u00bbcrime-story\u00a0\u00bb,\u00a0\u00bbga_name_level_3&Prime;:null,\u00a0\u00bbga_name_level_1&Prime;:\u00a0\u00bbpodcasts\u00a0\u00bb},\u00a0\u00bbsocial\u00a0\u00bb:{\u00ab\u00a0archives\u00a0\u00bb:null,\u00a0\u00bbtwitter\u00a0\u00bb:null,\u00a0\u00bbrss\u00a0\u00bb:null,\u00a0\u00bbfacebook\u00a0\u00bb:null},\u00a0\u00bbSponsor\u00a0\u00bb:{\u00ab\u00a0sponsor_type\u00a0\u00bb:null,\u00a0\u00bbsponsor_message\u00a0\u00bb:null,\u00a0\u00bbcollection_id_for_pinned_content\u00a0\u00bb:null,\u00a0\u00bbsponsor_logo_url\u00a0\u00bb:null,\u00a0\u00bbsponsor_name\u00a0\u00bb:null},\u00a0\u00bbMobile\u00a0\u00bb:{\u00ab\u00a0background_color_section\u00a0\u00bb:\u00a0\u00bb#C0C0C0&Prime;,\u00a0\u00bbalternative_title\u00a0\u00bb:null,\u00a0\u00bbxtpage\u00a0\u00bb:null,\u00a0\u00bbsection_collection_id\u00a0\u00bb:null,\u00a0\u00bblabel\u00a0\u00bb:null,\u00a0\u00bbbackground_image_section\u00a0\u00bb:null},\u00a0\u00bbNewsletter\u00a0\u00bb:{\u00ab\u00a0newsletter_optin\u00a0\u00bb:\u00a0\u00bboptin_thematique_faits_divers\u00a0\u00bb,\u00a0\u00bbnewsletter_color\u00a0\u00bb:\u00a0\u00bb#1EA0E6&Prime;,\u00a0\u00bbnewsletter_title\u00a0\u00bb:\u00a0\u00bbUne plong\u00e9e dans l\u2019actualit\u00e9 des faits divers, pour \u00e9clairer la face sombre de notre \u00e9poque\u00a0\u00bb,\u00a0\u00bbnewsletter_name\u00a0\u00bb:\u00a0\u00bbL&rsquo;Essentiel de l&rsquo;actu\u00a0\u00bb,\u00a0\u00bbnewsletter_image\u00a0\u00bb:\u00a0\u00bbnewsletter-faits-divers-logo.png\u00a0\u00bb,\u00a0\u00bbnewsletter_slug\u00a0\u00bb:\u00a0\u00bbfaits-divers\u00a0\u00bb,\u00a0\u00bbmodule_message\u00a0\u00bb:null,\u00a0\u00bbnewsletter_label\u00a0\u00bb:\u00a0\u00bbEnqu\u00eate en cours\u00a0\u00bb},\u00a0\u00bb_admin\u00a0\u00bb:{\u00ab\u00a0tracking_node\u00a0\u00bb:null,\u00a0\u00bbalias_ids\u00a0\u00bb:[\u00ab\u00a0\/podcasts\/crime-story\u00a0\u00bb],\u00a0\u00bbdo_not_show_on_site\u00a0\u00bb:null,\u00a0\u00bbcommercial_node\u00a0\u00bb:null,\u00a0\u00bbdefault_content\u00a0\u00bb:null},\u00a0\u00bbnavigation\u00a0\u00bb:{\u00ab\u00a0nav_title\u00a0\u00bb:null,\u00a0\u00bbdisplay_in_top_strip\u00a0\u00bb:null,\u00a0\u00bbnav_display\u00a0\u00bb:null},\u00a0\u00bbsite\u00a0\u00bb:{\u00ab\u00a0is_clickable_on_menu\u00a0\u00bb:\u00a0\u00bbtrue\u00a0\u00bb,\u00a0\u00bbpresentation\u00a0\u00bb:\u00a0\u00bbLe podcast faits divers Crime story raconte chaque semaine les grandes affaires criminelles qui ont marqu\u00e9 ces derni\u00e8res d\u00e9cennies. Publi\u00e9 chaque samedi, Crime story est pr\u00e9sent\u00e9 par la journaliste Clawdia Prolongeau et son invit\u00e9 permanent : Damien Delseny, le chef du service police justice du Parisien.\u00a0\u00bb,\u00a0\u00bbpagebuilder_path_for_native_apps\u00a0\u00bb:null,\u00a0\u00bbsite_url\u00a0\u00bb:null,\u00a0\u00bbsite_keywords\u00a0\u00bb:null,\u00a0\u00bbnative_app_rendering\u00a0\u00bb:null,\u00a0\u00bbamp_deactivated\u00a0\u00bb:\u00a0\u00bbfalse\u00a0\u00bb,\u00a0\u00bbsite_about\u00a0\u00bb:null,\u00a0\u00bbpaywall_deactivated\u00a0\u00bb:\u00a0\u00bbfalse\u00a0\u00bb,\u00a0\u00bbsite_description\u00a0\u00bb:\u00a0\u00bbLe podcast faits divers Crime story raconte chaque semaine les grandes affaires criminelles qui ont marqu\u00e9 ces derni\u00e8res d\u00e9cennies. Publi\u00e9 chaque samedi, Crime story est pr\u00e9sent\u00e9 par la journaliste Clawdia Prolongeau et son invit\u00e9 permanent : Damien Delseny, le chef du service police justice du Parisien.\u00a0\u00bb,\u00a0\u00bbsite_title\u00a0\u00bb:\u00a0\u00bbCrime story : le podcast Faits divers du Parisien &#8211; Le Parisien\u00a0\u00bb,\u00a0\u00bbsite_tagline\u00a0\u00bb:null},\u00a0\u00bbinactive\u00a0\u00bb:false,\u00a0\u00bbname\u00a0\u00bb:\u00a0\u00bbCrime story\u00a0\u00bb,\u00a0\u00bbstory_list\u00a0\u00bb:{\u00ab\u00a0story_list_content\u00a0\u00bb:{}},\u00a0\u00bb_id\u00a0\u00bb:\u00a0\u00bb\/podcasts\/crime-story\u00a0\u00bb,\u00a0\u00bbancestors\u00a0\u00bb:{\u00ab\u00a0default\u00a0\u00bb:[\u00ab\u00a0\/podcasts\u00a0\u00bb],\u00a0\u00bbMaillage_SEO_Surfooter\u00a0\u00bb:[\u00ab\u00a0\/podcasts\u00a0\u00bb],\u00a0\u00bbWebsked-plans\u00a0\u00bb:[\u00ab\u00a0https:\/\/www.leparisien.fr\/\u00a0\u00bb,\u00a0\u00bb\/podcasts\u00a0\u00bb],\u00a0\u00bbsub-nav\u00a0\u00bb:[\u00ab\u00a0https:\/\/www.leparisien.fr\/\u00a0\u00bb,\u00a0\u00bb\/podcasts\u00a0\u00bb],\u00a0\u00bbmenu\u00a0\u00bb:[\u00ab\u00a0https:\/\/www.leparisien.fr\/\u00a0\u00bb,\u00a0\u00bb\/podcasts\u00a0\u00bb]},\u00a0\u00bborder\u00a0\u00bb:{\u00ab\u00a0default\u00a0\u00bb:2002,\u00a0\u00bbMaillage_SEO_Surfooter\u00a0\u00bb:2002,\u00a0\u00bbWebsked-plans\u00a0\u00bb:2002,\u00a0\u00bbsub-nav\u00a0\u00bb:2002,\u00a0\u00bbmenu\u00a0\u00bb:2002}}},\u00a0\u00bbtype\u00a0\u00bb:\u00a0\u00bbsite\u00a0\u00bb,\u00a0\u00bbversion\u00a0\u00bb:\u00a0\u00bb0.5.8&Prime;},\u00a0\u00bbsites\u00a0\u00bb:[{\u00ab\u00a0path\u00a0\u00bb:\u00a0\u00bb\/podcasts\/crime-story\u00a0\u00bb,\u00a0\u00bbparent_id\u00a0\u00bb:\u00a0\u00bb\/podcasts\u00a0\u00bb,\u00a0\u00bbname\u00a0\u00bb:\u00a0\u00bbCrime story\u00a0\u00bb,\u00a0\u00bbdescription\u00a0\u00bb:\u00a0\u00bbLe podcast faits divers Crime story raconte chaque semaine les grandes affaires criminelles qui ont marqu\u00e9 ces derni\u00e8res d\u00e9cennies. Publi\u00e9 chaque samedi, Crime story est pr\u00e9sent\u00e9 par la journaliste Clawdia Prolongeau et son invit\u00e9 permanent : Damien Delseny, le chef du service police justice du Parisien.\u00a0\u00bb,\u00a0\u00bb_id\u00a0\u00bb:\u00a0\u00bb\/podcasts\/crime-story\u00a0\u00bb,\u00a0\u00bbadditional_properties\u00a0\u00bb:{\u00ab\u00a0original\u00a0\u00bb:{\u00ab\u00a0parent\u00a0\u00bb:{\u00ab\u00a0default\u00a0\u00bb:\u00a0\u00bb\/podcasts\u00a0\u00bb,\u00a0\u00bbMaillage_SEO_Surfooter\u00a0\u00bb:\u00a0\u00bb\/podcasts\u00a0\u00bb,\u00a0\u00bbWebsked-plans\u00a0\u00bb:\u00a0\u00bb\/podcasts\u00a0\u00bb,\u00a0\u00bbsub-nav\u00a0\u00bb:\u00a0\u00bb\/podcasts\u00a0\u00bb,\u00a0\u00bbmenu\u00a0\u00bb:\u00a0\u00bb\/podcasts\u00a0\u00bb},\u00a0\u00bbin_the_news\u00a0\u00bb:{\u00ab\u00a0in_the_news_usefeature\u00a0\u00bb:null,\u00a0\u00bbin_the_news_usebasepage\u00a0\u00bb:\u00a0\u00bb\/in-the-news-forsections\/\u00a0\u00bb,\u00a0\u00bbin_the_news_usesectionbar\u00a0\u00bb:\u00a0\u00bbfalse\u00a0\u00bb},\u00a0\u00bbGoogle Analytics\u00a0\u00bb:{\u00ab\u00a0ga_name_level_2&Prime;:\u00a0\u00bbcrime-story\u00a0\u00bb,\u00a0\u00bbga_name_level_3&Prime;:null,\u00a0\u00bbga_name_level_1&Prime;:\u00a0\u00bbpodcasts\u00a0\u00bb},\u00a0\u00bbsocial\u00a0\u00bb:{\u00ab\u00a0archives\u00a0\u00bb:null,\u00a0\u00bbtwitter\u00a0\u00bb:null,\u00a0\u00bbrss\u00a0\u00bb:null,\u00a0\u00bbfacebook\u00a0\u00bb:null},\u00a0\u00bbSponsor\u00a0\u00bb:{\u00ab\u00a0sponsor_type\u00a0\u00bb:null,\u00a0\u00bbsponsor_message\u00a0\u00bb:null,\u00a0\u00bbcollection_id_for_pinned_content\u00a0\u00bb:null,\u00a0\u00bbsponsor_logo_url\u00a0\u00bb:null,\u00a0\u00bbsponsor_name\u00a0\u00bb:null},\u00a0\u00bbMobile\u00a0\u00bb:{\u00ab\u00a0background_color_section\u00a0\u00bb:\u00a0\u00bb#C0C0C0&Prime;,\u00a0\u00bbalternative_title\u00a0\u00bb:null,\u00a0\u00bbxtpage\u00a0\u00bb:null,\u00a0\u00bbsection_collection_id\u00a0\u00bb:null,\u00a0\u00bblabel\u00a0\u00bb:null,\u00a0\u00bbbackground_image_section\u00a0\u00bb:null},\u00a0\u00bbNewsletter\u00a0\u00bb:{\u00ab\u00a0newsletter_optin\u00a0\u00bb:\u00a0\u00bboptin_thematique_faits_divers\u00a0\u00bb,\u00a0\u00bbnewsletter_color\u00a0\u00bb:\u00a0\u00bb#1EA0E6&Prime;,\u00a0\u00bbnewsletter_title\u00a0\u00bb:\u00a0\u00bbUne plong\u00e9e dans l\u2019actualit\u00e9 des faits divers, pour \u00e9clairer la face sombre de notre \u00e9poque\u00a0\u00bb,\u00a0\u00bbnewsletter_name\u00a0\u00bb:\u00a0\u00bbL&rsquo;Essentiel de l&rsquo;actu\u00a0\u00bb,\u00a0\u00bbnewsletter_image\u00a0\u00bb:\u00a0\u00bbnewsletter-faits-divers-logo.png\u00a0\u00bb,\u00a0\u00bbnewsletter_slug\u00a0\u00bb:\u00a0\u00bbfaits-divers\u00a0\u00bb,\u00a0\u00bbmodule_message\u00a0\u00bb:null,\u00a0\u00bbnewsletter_label\u00a0\u00bb:\u00a0\u00bbEnqu\u00eate en cours\u00a0\u00bb},\u00a0\u00bb_admin\u00a0\u00bb:{\u00ab\u00a0tracking_node\u00a0\u00bb:null,\u00a0\u00bbalias_ids\u00a0\u00bb:[\u00ab\u00a0\/podcasts\/crime-story\u00a0\u00bb],\u00a0\u00bbdo_not_show_on_site\u00a0\u00bb:null,\u00a0\u00bbcommercial_node\u00a0\u00bb:null,\u00a0\u00bbdefault_content\u00a0\u00bb:null},\u00a0\u00bbnavigation\u00a0\u00bb:{\u00ab\u00a0nav_title\u00a0\u00bb:null,\u00a0\u00bbdisplay_in_top_strip\u00a0\u00bb:null,\u00a0\u00bbnav_display\u00a0\u00bb:null},\u00a0\u00bbsite\u00a0\u00bb:{\u00ab\u00a0is_clickable_on_menu\u00a0\u00bb:\u00a0\u00bbtrue\u00a0\u00bb,\u00a0\u00bbpresentation\u00a0\u00bb:\u00a0\u00bbLe podcast faits divers Crime story raconte chaque semaine les grandes affaires criminelles qui ont marqu\u00e9 ces derni\u00e8res d\u00e9cennies. Publi\u00e9 chaque samedi, Crime story est pr\u00e9sent\u00e9 par la journaliste Clawdia Prolongeau et son invit\u00e9 permanent : Damien Delseny, le chef du service police justice du Parisien.\u00a0\u00bb,\u00a0\u00bbpagebuilder_path_for_native_apps\u00a0\u00bb:null,\u00a0\u00bbsite_url\u00a0\u00bb:null,\u00a0\u00bbsite_keywords\u00a0\u00bb:null,\u00a0\u00bbnative_app_rendering\u00a0\u00bb:null,\u00a0\u00bbamp_deactivated\u00a0\u00bb:\u00a0\u00bbfalse\u00a0\u00bb,\u00a0\u00bbsite_about\u00a0\u00bb:null,\u00a0\u00bbpaywall_deactivated\u00a0\u00bb:\u00a0\u00bbfalse\u00a0\u00bb,\u00a0\u00bbsite_description\u00a0\u00bb:\u00a0\u00bbLe podcast faits divers Crime story raconte chaque semaine les grandes affaires criminelles qui ont marqu\u00e9 ces derni\u00e8res d\u00e9cennies. Publi\u00e9 chaque samedi, Crime story est pr\u00e9sent\u00e9 par la journaliste Clawdia Prolongeau et son invit\u00e9 permanent : Damien Delseny, le chef du service police justice du Parisien.\u00a0\u00bb,\u00a0\u00bbsite_title\u00a0\u00bb:\u00a0\u00bbCrime story : le podcast Faits divers du Parisien &#8211; Le Parisien\u00a0\u00bb,\u00a0\u00bbsite_tagline\u00a0\u00bb:null},\u00a0\u00bbinactive\u00a0\u00bb:false,\u00a0\u00bbname\u00a0\u00bb:\u00a0\u00bbCrime story\u00a0\u00bb,\u00a0\u00bbstory_list\u00a0\u00bb:{\u00ab\u00a0story_list_content\u00a0\u00bb:{}},\u00a0\u00bb_id\u00a0\u00bb:\u00a0\u00bb\/podcasts\/crime-story\u00a0\u00bb,\u00a0\u00bbancestors\u00a0\u00bb:{\u00ab\u00a0default\u00a0\u00bb:[\u00ab\u00a0\/podcasts\u00a0\u00bb],\u00a0\u00bbMaillage_SEO_Surfooter\u00a0\u00bb:[\u00ab\u00a0\/podcasts\u00a0\u00bb],\u00a0\u00bbWebsked-plans\u00a0\u00bb:[\u00ab\u00a0https:\/\/www.leparisien.fr\/\u00a0\u00bb,\u00a0\u00bb\/podcasts\u00a0\u00bb],\u00a0\u00bbsub-nav\u00a0\u00bb:[\u00ab\u00a0https:\/\/www.leparisien.fr\/\u00a0\u00bb,\u00a0\u00bb\/podcasts\u00a0\u00bb],\u00a0\u00bbmenu\u00a0\u00bb:[\u00ab\u00a0https:\/\/www.leparisien.fr\/\u00a0\u00bb,\u00a0\u00bb\/podcasts\u00a0\u00bb]},\u00a0\u00bborder\u00a0\u00bb:{\u00ab\u00a0default\u00a0\u00bb:2002,\u00a0\u00bbMaillage_SEO_Surfooter\u00a0\u00bb:2002,\u00a0\u00bbWebsked-plans\u00a0\u00bb:2002,\u00a0\u00bbsub-nav\u00a0\u00bb:2002,\u00a0\u00bbmenu\u00a0\u00bb:2002}}},\u00a0\u00bbtype\u00a0\u00bb:\u00a0\u00bbsite\u00a0\u00bb,\u00a0\u00bbversion\u00a0\u00bb:\u00a0\u00bb0.5.8&Prime;},{\u00ab\u00a0path\u00a0\u00bb:\u00a0\u00bb\/podcasts\u00a0\u00bb,\u00a0\u00bbparent_id\u00a0\u00bb:\u00a0\u00bbhttps:\/\/www.leparisien.fr\/\u00a0\u00bb,\u00a0\u00bbname\u00a0\u00bb:\u00a0\u00bbPodcasts\u00a0\u00bb,\u00a0\u00bbdescription\u00a0\u00bb:\u00a0\u00bbSuivez toute l&rsquo;actualit\u00e9 en France et en podcast : politique, faits divers, soci\u00e9t\u00e9 et toute l&rsquo;actualit\u00e9 sociale, \u00e9conomique et sportive avec Le Parisien\u00a0\u00bb,\u00a0\u00bb_id\u00a0\u00bb:\u00a0\u00bb\/podcasts\u00a0\u00bb,\u00a0\u00bbadditional_properties\u00a0\u00bb:{\u00ab\u00a0original\u00a0\u00bb:{\u00ab\u00a0parent\u00a0\u00bb:{\u00ab\u00a0default\u00a0\u00bb:\u00a0\u00bbhttps:\/\/www.leparisien.fr\/\u00a0\u00bb,\u00a0\u00bbburger-menu-etudiant\u00a0\u00bb:null,\u00a0\u00bbnavbar\u00a0\u00bb:\u00a0\u00bbhttps:\/\/www.leparisien.fr\/\u00a0\u00bb,\u00a0\u00bbMaillage_SEO_Surfooter\u00a0\u00bb:\u00a0\u00bbhttps:\/\/www.leparisien.fr\/\u00a0\u00bb,\u00a0\u00bbfooter\u00a0\u00bb:\u00a0\u00bbhttps:\/\/www.leparisien.fr\/\u00a0\u00bb,\u00a0\u00bbWebsked-plans\u00a0\u00bb:\u00a0\u00bbhttps:\/\/www.leparisien.fr\/\u00a0\u00bb,\u00a0\u00bbsurfooter\u00a0\u00bb:\u00a0\u00bbhttps:\/\/www.leparisien.fr\/\u00a0\u00bb,\u00a0\u00bbsub-nav\u00a0\u00bb:\u00a0\u00bbhttps:\/\/www.leparisien.fr\/\u00a0\u00bb,\u00a0\u00bbmobile-menu-sections-list\u00a0\u00bb:\u00a0\u00bbhttps:\/\/www.leparisien.fr\/\u00a0\u00bb,\u00a0\u00bbmenu\u00a0\u00bb:\u00a0\u00bbhttps:\/\/www.leparisien.fr\/\u00a0\u00bb,\u00a0\u00bbburger-menu\u00a0\u00bb:\u00a0\u00bbhttps:\/\/www.leparisien.fr\/\u00a0\u00bb,\u00a0\u00bbmosaic_app\u00a0\u00bb:\u00a0\u00bbhttps:\/\/www.leparisien.fr\/\u00a0\u00bb},\u00a0\u00bbGoogle Analytics\u00a0\u00bb:{\u00ab\u00a0ga_name_level_2&Prime;:null,\u00a0\u00bbga_name_level_3&Prime;:null,\u00a0\u00bbga_name_level_1&Prime;:\u00a0\u00bbpodcasts\u00a0\u00bb},\u00a0\u00bbSponsor\u00a0\u00bb:{\u00ab\u00a0collection_id_for_pinned_content\u00a0\u00bb:\u00a0\u00bbEB7A434XEJFU3DQ3VMQL6T2CBE\u00a0\u00bb},\u00a0\u00bbMobile\u00a0\u00bb:{\u00ab\u00a0background_color_section\u00a0\u00bb:\u00a0\u00bb#C89900&Prime;,\u00a0\u00bbsection_left_logo_dark\u00a0\u00bb:\u00a0\u00bbhttps:\/\/assets.leparisien.fr\/mobile\/images\/menu\/dark\/podcast.png\u00a0\u00bb,\u00a0\u00bbbackground_image_section\u00a0\u00bb:\u00a0\u00bbhttps:\/\/assets.leparisien.fr\/mobile\/images\/explorer\/podcasts.png\u00a0\u00bb,\u00a0\u00bbsection_left_logo_light\u00a0\u00bb:\u00a0\u00bbhttps:\/\/assets.leparisien.fr\/mobile\/images\/menu\/podcast.png\u00a0\u00bb},\u00a0\u00bb_admin\u00a0\u00bb:{\u00ab\u00a0alias_ids\u00a0\u00bb:[]},\u00a0\u00bbsite\u00a0\u00bb:{\u00ab\u00a0amp_deactivated\u00a0\u00bb:\u00a0\u00bbtrue\u00a0\u00bb,\u00a0\u00bbpaywall_deactivated\u00a0\u00bb:\u00a0\u00bbtrue\u00a0\u00bb,\u00a0\u00bbsite_description\u00a0\u00bb:\u00a0\u00bbSuivez toute l&rsquo;actualit\u00e9 en France et en podcast : politique, faits divers, soci\u00e9t\u00e9 et toute l&rsquo;actualit\u00e9 sociale, \u00e9conomique et sportive avec Le Parisien\u00a0\u00bb,\u00a0\u00bbsite_title\u00a0\u00bb:\u00a0\u00bbPodcasts d&rsquo;actualit\u00e9 : \u00e9coutez les meilleurs podcasts du Parisien &#8211; Le Parisien\u00a0\u00bb},\u00a0\u00bbinactive\u00a0\u00bb:false,\u00a0\u00bbnode_type\u00a0\u00bb:\u00a0\u00bbsection\u00a0\u00bb,\u00a0\u00bbname\u00a0\u00bb:\u00a0\u00bbPodcasts\u00a0\u00bb,\u00a0\u00bbstory_list\u00a0\u00bb:{\u00ab\u00a0story_list_content\u00a0\u00bb:{}},\u00a0\u00bbheader\u00a0\u00bb:{\u00ab\u00a0title_logo_only\u00a0\u00bb:\u00a0\u00bbfalse\u00a0\u00bb},\u00a0\u00bb_id\u00a0\u00bb:\u00a0\u00bb\/podcasts\u00a0\u00bb,\u00a0\u00bbancestors\u00a0\u00bb:{\u00ab\u00a0burger-menu-etudiant\u00a0\u00bb:[],\u00a0\u00bbdefault\u00a0\u00bb:[\u00ab\u00a0https:\/\/www.leparisien.fr\/\u00a0\u00bb],\u00a0\u00bbnavbar\u00a0\u00bb:[\u00ab\u00a0https:\/\/www.leparisien.fr\/\u00a0\u00bb],\u00a0\u00bbfooter\u00a0\u00bb:[\u00ab\u00a0https:\/\/www.leparisien.fr\/\u00a0\u00bb],\u00a0\u00bbWebsked-plans\u00a0\u00bb:[\u00ab\u00a0https:\/\/www.leparisien.fr\/\u00a0\u00bb],\u00a0\u00bbsurfooter\u00a0\u00bb:[\u00ab\u00a0https:\/\/www.leparisien.fr\/\u00a0\u00bb],\u00a0\u00bbsub-nav\u00a0\u00bb:[\u00ab\u00a0https:\/\/www.leparisien.fr\/\u00a0\u00bb],\u00a0\u00bbmobile-menu-sections-list\u00a0\u00bb:[\u00ab\u00a0https:\/\/www.leparisien.fr\/\u00a0\u00bb],\u00a0\u00bbmenu\u00a0\u00bb:[\u00ab\u00a0https:\/\/www.leparisien.fr\/\u00a0\u00bb],\u00a0\u00bbburger-menu\u00a0\u00bb:[\u00ab\u00a0https:\/\/www.leparisien.fr\/\u00a0\u00bb],\u00a0\u00bbmosaic_app\u00a0\u00bb:[\u00ab\u00a0https:\/\/www.leparisien.fr\/\u00a0\u00bb]},\u00a0\u00bborder\u00a0\u00bb:{\u00ab\u00a0default\u00a0\u00bb:1068,\u00a0\u00bbnavbar\u00a0\u00bb:1010,\u00a0\u00bbMaillage_SEO_Surfooter\u00a0\u00bb:1065,\u00a0\u00bbfooter\u00a0\u00bb:1016,\u00a0\u00bbWebsked-plans\u00a0\u00bb:1017,\u00a0\u00bbsurfooter\u00a0\u00bb:1016,\u00a0\u00bbsub-nav\u00a0\u00bb:1022,\u00a0\u00bbmobile-menu-sections-list\u00a0\u00bb:1004,\u00a0\u00bbmenu\u00a0\u00bb:1022,\u00a0\u00bbburger-menu\u00a0\u00bb:1019,\u00a0\u00bbmosaic_app\u00a0\u00bb:1014}}},\u00a0\u00bbtype\u00a0\u00bb:\u00a0\u00bbsite\u00a0\u00bb,\u00a0\u00bbversion\u00a0\u00bb:\u00a0\u00bb0.5.8&Prime;},{\u00ab\u00a0path\u00a0\u00bb:\u00a0\u00bb\/faits-divers\u00a0\u00bb,\u00a0\u00bbparent_id\u00a0\u00bb:\u00a0\u00bbhttps:\/\/www.leparisien.fr\/\u00a0\u00bb,\u00a0\u00bbname\u00a0\u00bb:\u00a0\u00bbFaits divers\u00a0\u00bb,\u00a0\u00bbdescription\u00a0\u00bb:\u00a0\u00bbSuivez toute l&rsquo;actualit\u00e9 des faits divers \u00e0 Paris et en France en direct avec leParisien.fr : enqu\u00eates, interviews, vid\u00e9os et infos exclusives sur les meutres, vols\u2026\u00a0\u00bb,\u00a0\u00bb_id\u00a0\u00bb:\u00a0\u00bb\/faits-divers\u00a0\u00bb,\u00a0\u00bbadditional_properties\u00a0\u00bb:{\u00ab\u00a0original\u00a0\u00bb:{\u00ab\u00a0parent\u00a0\u00bb:{\u00ab\u00a0nav\u00a0\u00bb:\u00a0\u00bbhttps:\/\/www.leparisien.fr\/\u00a0\u00bb,\u00a0\u00bbMaillage_SEO_Surfooter\u00a0\u00bb:\u00a0\u00bbhttps:\/\/www.leparisien.fr\/\u00a0\u00bb,\u00a0\u00bbfooter\u00a0\u00bb:\u00a0\u00bbhttps:\/\/www.leparisien.fr\/\u00a0\u00bb,\u00a0\u00bbWebsked-plans\u00a0\u00bb:\u00a0\u00bbhttps:\/\/www.leparisien.fr\/\u00a0\u00bb,\u00a0\u00bbsurfooter\u00a0\u00bb:\u00a0\u00bbhttps:\/\/www.leparisien.fr\/\u00a0\u00bb,\u00a0\u00bbmobile-menu-sections-list\u00a0\u00bb:\u00a0\u00bbhttps:\/\/www.leparisien.fr\/\u00a0\u00bb,\u00a0\u00bbmenu\u00a0\u00bb:\u00a0\u00bbhttps:\/\/www.leparisien.fr\/\u00a0\u00bb,\u00a0\u00bbburger-menu\u00a0\u00bb:\u00a0\u00bbhttps:\/\/www.leparisien.fr\/\u00a0\u00bb,\u00a0\u00bbmosaic_app\u00a0\u00bb:\u00a0\u00bbhttps:\/\/www.leparisien.fr\/\u00a0\u00bb,\u00a0\u00bbdefault\u00a0\u00bb:\u00a0\u00bbhttps:\/\/www.leparisien.fr\/\u00a0\u00bb,\u00a0\u00bbburger-menu-etudiant\u00a0\u00bb:null,\u00a0\u00bbnavbar\u00a0\u00bb:\u00a0\u00bbhttps:\/\/www.leparisien.fr\/\u00a0\u00bb,\u00a0\u00bbsub-nav\u00a0\u00bb:\u00a0\u00bbhttps:\/\/www.leparisien.fr\/\u00a0\u00bb},\u00a0\u00bbGoogle Analytics\u00a0\u00bb:{\u00ab\u00a0ga_name_level_2&Prime;:null,\u00a0\u00bbga_name_level_3&Prime;:null,\u00a0\u00bbga_name_level_1&Prime;:\u00a0\u00bbfaits-divers\u00a0\u00bb},\u00a0\u00bbSponsor\u00a0\u00bb:{\u00ab\u00a0collection_id_for_pinned_content\u00a0\u00bb:\u00a0\u00bbZ5HL7A52HBDMPKNIFEGG3Q667I\u00a0\u00bb},\u00a0\u00bbMobile\u00a0\u00bb:{\u00ab\u00a0background_color_section\u00a0\u00bb:\u00a0\u00bb#4F6069&Prime;,\u00a0\u00bbbackground_image_section\u00a0\u00bb:\u00a0\u00bbhttps:\/\/assets.leparisien.fr\/mobile\/images\/explorer\/faits_divers.png\u00a0\u00bb},\u00a0\u00bbNewsletter\u00a0\u00bb:{\u00ab\u00a0newsletter_optin\u00a0\u00bb:\u00a0\u00bboptin_thematique_faits_divers\u00a0\u00bb,\u00a0\u00bbnewsletter_color\u00a0\u00bb:\u00a0\u00bb#7779A6&Prime;,\u00a0\u00bbnewsletter_title\u00a0\u00bb:\u00a0\u00bbUne plong\u00e9e dans l\u2019actualit\u00e9 des faits divers, pour \u00e9clairer la face sombre de notre \u00e9poque\u00a0\u00bb,\u00a0\u00bbnewsletter_name\u00a0\u00bb:\u00a0\u00bbEnqu\u00eate en cours\u00a0\u00bb,\u00a0\u00bbnewsletter_image\u00a0\u00bb:\u00a0\u00bbnewsletter-faits-divers-logo.png\u00a0\u00bb,\u00a0\u00bbnewsletter_slug\u00a0\u00bb:\u00a0\u00bbfaits-divers\u00a0\u00bb,\u00a0\u00bbnewsletter_label\u00a0\u00bb:\u00a0\u00bbEnqu\u00eate en cours\u00a0\u00bb},\u00a0\u00bb_admin\u00a0\u00bb:{\u00ab\u00a0alias_ids\u00a0\u00bb:[]},\u00a0\u00bbsite\u00a0\u00bb:{\u00ab\u00a0section_show_videos\u00a0\u00bb:\u00a0\u00bbtrue\u00a0\u00bb,\u00a0\u00bbsite_description\u00a0\u00bb:\u00a0\u00bbSuivez toute l&rsquo;actualit\u00e9 des faits divers \u00e0 Paris et en France en direct avec leParisien.fr : enqu\u00eates, interviews, vid\u00e9os et infos exclusives sur les meutres, vols\u2026\u00a0\u00bb,\u00a0\u00bbsite_title\u00a0\u00bb:\u00a0\u00bbFaits Divers : Toute l&rsquo;actualit\u00e9 des faits divers &#8211; Le Parisien\u00a0\u00bb},\u00a0\u00bbinactive\u00a0\u00bb:false,\u00a0\u00bbnode_type\u00a0\u00bb:\u00a0\u00bbsection\u00a0\u00bb,\u00a0\u00bbname\u00a0\u00bb:\u00a0\u00bbFaits divers\u00a0\u00bb,\u00a0\u00bbstory_list\u00a0\u00bb:{\u00ab\u00a0story_list_content\u00a0\u00bb:{}},\u00a0\u00bbheader\u00a0\u00bb:{\u00ab\u00a0title_logo_only\u00a0\u00bb:\u00a0\u00bbfalse\u00a0\u00bb},\u00a0\u00bb_id\u00a0\u00bb:\u00a0\u00bb\/faits-divers\u00a0\u00bb,\u00a0\u00bbancestors\u00a0\u00bb:{\u00ab\u00a0burger-menu-etudiant\u00a0\u00bb:[],\u00a0\u00bbnav\u00a0\u00bb:[\u00ab\u00a0https:\/\/www.leparisien.fr\/\u00a0\u00bb],\u00a0\u00bbdefault\u00a0\u00bb:[\u00ab\u00a0https:\/\/www.leparisien.fr\/\u00a0\u00bb],\u00a0\u00bbnavbar\u00a0\u00bb:[\u00ab\u00a0https:\/\/www.leparisien.fr\/\u00a0\u00bb],\u00a0\u00bbfooter\u00a0\u00bb:[\u00ab\u00a0https:\/\/www.leparisien.fr\/\u00a0\u00bb],\u00a0\u00bbWebsked-plans\u00a0\u00bb:[\u00ab\u00a0https:\/\/www.leparisien.fr\/\u00a0\u00bb],\u00a0\u00bbsurfooter\u00a0\u00bb:[\u00ab\u00a0https:\/\/www.leparisien.fr\/\u00a0\u00bb],\u00a0\u00bbsub-nav\u00a0\u00bb:[\u00ab\u00a0https:\/\/www.leparisien.fr\/\u00a0\u00bb],\u00a0\u00bbmobile-menu-sections-list\u00a0\u00bb:[\u00ab\u00a0https:\/\/www.leparisien.fr\/\u00a0\u00bb],\u00a0\u00bbmenu\u00a0\u00bb:[\u00ab\u00a0https:\/\/www.leparisien.fr\/\u00a0\u00bb],\u00a0\u00bbburger-menu\u00a0\u00bb:[\u00ab\u00a0https:\/\/www.leparisien.fr\/\u00a0\u00bb],\u00a0\u00bbmosaic_app\u00a0\u00bb:[\u00ab\u00a0https:\/\/www.leparisien.fr\/\u00a0\u00bb]},\u00a0\u00bborder\u00a0\u00bb:{\u00ab\u00a0default\u00a0\u00bb:1066,\u00a0\u00bbnav\u00a0\u00bb:1004,\u00a0\u00bbnavbar\u00a0\u00bb:1004,\u00a0\u00bbMaillage_SEO_Surfooter\u00a0\u00bb:1063,\u00a0\u00bbfooter\u00a0\u00bb:1013,\u00a0\u00bbWebsked-plans\u00a0\u00bb:1007,\u00a0\u00bbsurfooter\u00a0\u00bb:1013,\u00a0\u00bbsub-nav\u00a0\u00bb:1008,\u00a0\u00bbmobile-menu-sections-list\u00a0\u00bb:1001,\u00a0\u00bbmenu\u00a0\u00bb:1004,\u00a0\u00bbburger-menu\u00a0\u00bb:1002,\u00a0\u00bbmosaic_app\u00a0\u00bb:1001}}},\u00a0\u00bbtype\u00a0\u00bb:\u00a0\u00bbsite\u00a0\u00bb,\u00a0\u00bbversion\u00a0\u00bb:\u00a0\u00bb0.5.8&Prime;},{\u00ab\u00a0path\u00a0\u00bb:\u00a0\u00bb\/loire-atlantique-44&Prime;,\u00a0\u00bbparent_id\u00a0\u00bb:\u00a0\u00bb\/en-region\u00a0\u00bb,\u00a0\u00bbname\u00a0\u00bb:\u00a0\u00bbLoire-Atlantique\u00a0\u00bb,\u00a0\u00bbdescription\u00a0\u00bb:\u00a0\u00bbSuivez toute l&rsquo;actualit\u00e9 et les informations locales de la Loire-Atlantique en direct et en vid\u00e9o sur le Parisien.fr\u00a0\u00bb,\u00a0\u00bb_id\u00a0\u00bb:\u00a0\u00bb\/loire-atlantique-44&Prime;,\u00a0\u00bbadditional_properties\u00a0\u00bb:{\u00ab\u00a0original\u00a0\u00bb:{\u00ab\u00a0parent\u00a0\u00bb:{\u00ab\u00a0default\u00a0\u00bb:\u00a0\u00bb\/en-region\u00a0\u00bb,\u00a0\u00bbMaillage_SEO_Surfooter\u00a0\u00bb:\u00a0\u00bb\/en-region\u00a0\u00bb,\u00a0\u00bbWebsked-plans\u00a0\u00bb:\u00a0\u00bb\/en-region\u00a0\u00bb,\u00a0\u00bbsub-nav\u00a0\u00bb:\u00a0\u00bb\/en-region\u00a0\u00bb},\u00a0\u00bb_admin\u00a0\u00bb:{\u00ab\u00a0alias_ids\u00a0\u00bb:[]},\u00a0\u00bbsite\u00a0\u00bb:{\u00ab\u00a0site_description\u00a0\u00bb:\u00a0\u00bbSuivez toute l&rsquo;actualit\u00e9 et les informations locales de la Loire-Atlantique en direct et en vid\u00e9o sur le Parisien.fr\u00a0\u00bb,\u00a0\u00bbsite_title\u00a0\u00bb:\u00a0\u00bbActualit\u00e9s du d\u00e9partement de la Loire-Atlantique (44) &#8211; Infos locales dans la Loire-Atlantique &#8211; Le Parisien\u00a0\u00bb},\u00a0\u00bbGoogle Analytics\u00a0\u00bb:{\u00ab\u00a0ga_name_level_2&Prime;:\u00a0\u00bbloire-atlantique-44&Prime;,\u00a0\u00bbga_name_level_3&Prime;:null,\u00a0\u00bbga_name_level_1&Prime;:\u00a0\u00bbdepartements-horsidfo\u00a0\u00bb},\u00a0\u00bbinactive\u00a0\u00bb:false,\u00a0\u00bbnode_type\u00a0\u00bb:\u00a0\u00bbsection\u00a0\u00bb,\u00a0\u00bbstory_list\u00a0\u00bb:{\u00ab\u00a0story_list_content\u00a0\u00bb:{}},\u00a0\u00bbname\u00a0\u00bb:\u00a0\u00bbLoire-Atlantique\u00a0\u00bb,\u00a0\u00bb_id\u00a0\u00bb:\u00a0\u00bb\/loire-atlantique-44&Prime;,\u00a0\u00bbancestors\u00a0\u00bb:{\u00ab\u00a0default\u00a0\u00bb:[\u00ab\u00a0\/en-region\u00a0\u00bb],\u00a0\u00bbMaillage_SEO_Surfooter\u00a0\u00bb:[\u00ab\u00a0\/en-region\u00a0\u00bb],\u00a0\u00bbWebsked-plans\u00a0\u00bb:[\u00ab\u00a0https:\/\/www.leparisien.fr\/\u00a0\u00bb,\u00a0\u00bb\/en-region\u00a0\u00bb],\u00a0\u00bbsub-nav\u00a0\u00bb:[\u00ab\u00a0\/en-region\u00a0\u00bb,\u00a0\u00bbhttps:\/\/www.leparisien.fr\/\u00a0\u00bb]},\u00a0\u00bborder\u00a0\u00bb:{\u00ab\u00a0default\u00a0\u00bb:2043,\u00a0\u00bbMaillage_SEO_Surfooter\u00a0\u00bb:2043,\u00a0\u00bbWebsked-plans\u00a0\u00bb:2045,\u00a0\u00bbsub-nav\u00a0\u00bb:2045}}},\u00a0\u00bbtype\u00a0\u00bb:\u00a0\u00bbsite\u00a0\u00bb,\u00a0\u00bbversion\u00a0\u00bb:\u00a0\u00bb0.5.8&Prime;},{\u00ab\u00a0path\u00a0\u00bb:\u00a0\u00bb\/en-region\u00a0\u00bb,\u00a0\u00bbparent_id\u00a0\u00bb:\u00a0\u00bbhttps:\/\/www.leparisien.fr\/\u00a0\u00bb,\u00a0\u00bbname\u00a0\u00bb:\u00a0\u00bbEn r\u00e9gion\u00a0\u00bb,\u00a0\u00bbdescription\u00a0\u00bb:\u00a0\u00bbRetrouvez toute l&rsquo;actu de votre r\u00e9gion avec Aujourd&rsquo;hui en France.\u00a0\u00bb,\u00a0\u00bb_id\u00a0\u00bb:\u00a0\u00bb\/en-region\u00a0\u00bb,\u00a0\u00bbadditional_properties\u00a0\u00bb:{\u00ab\u00a0original\u00a0\u00bb:{\u00ab\u00a0parent\u00a0\u00bb:{\u00ab\u00a0default\u00a0\u00bb:\u00a0\u00bbhttps:\/\/www.leparisien.fr\/\u00a0\u00bb,\u00a0\u00bbburger-menu-etudiant\u00a0\u00bb:null,\u00a0\u00bbMaillage_SEO_Surfooter\u00a0\u00bb:\u00a0\u00bbhttps:\/\/www.leparisien.fr\/\u00a0\u00bb,\u00a0\u00bbWebsked-plans\u00a0\u00bb:\u00a0\u00bbhttps:\/\/www.leparisien.fr\/\u00a0\u00bb,\u00a0\u00bbsub-nav\u00a0\u00bb:\u00a0\u00bbhttps:\/\/www.leparisien.fr\/\u00a0\u00bb,\u00a0\u00bbmenu\u00a0\u00bb:\u00a0\u00bbhttps:\/\/www.leparisien.fr\/\u00a0\u00bb,\u00a0\u00bbburger-menu\u00a0\u00bb:\u00a0\u00bbhttps:\/\/www.leparisien.fr\/\u00a0\u00bb},\u00a0\u00bbin_the_news\u00a0\u00bb:{\u00ab\u00a0in_the_news_usefeature\u00a0\u00bb:null,\u00a0\u00bbin_the_news_usebasepage\u00a0\u00bb:\u00a0\u00bb\/in-the-news-forsections\/\u00a0\u00bb,\u00a0\u00bbin_the_news_usesectionbar\u00a0\u00bb:\u00a0\u00bbfalse\u00a0\u00bb},\u00a0\u00bbGoogle Analytics\u00a0\u00bb:{\u00ab\u00a0ga_name_level_2&Prime;:null,\u00a0\u00bbga_name_level_3&Prime;:null,\u00a0\u00bbga_name_level_1&Prime;:\u00a0\u00bbdepartements-horsidfo\u00a0\u00bb},\u00a0\u00bbsocial\u00a0\u00bb:{\u00ab\u00a0archives\u00a0\u00bb:null,\u00a0\u00bbtwitter\u00a0\u00bb:null,\u00a0\u00bbrss\u00a0\u00bb:null,\u00a0\u00bbfacebook\u00a0\u00bb:null},\u00a0\u00bbevent_logo_mobile_height\u00a0\u00bb:\u00a0\u00bb40&Prime;,\u00a0\u00bbSponsor\u00a0\u00bb:{\u00ab\u00a0sponsor_type\u00a0\u00bb:null,\u00a0\u00bbsponsor_message\u00a0\u00bb:null,\u00a0\u00bbcollection_id_for_pinned_content\u00a0\u00bb:null,\u00a0\u00bbsponsor_logo_url\u00a0\u00bb:null,\u00a0\u00bbsponsor_name\u00a0\u00bb:null},\u00a0\u00bbevent_logo_url\u00a0\u00bb:\u00a0\u00bbhttps:\/\/leparisien-assets-prod.s3.eu-west-1.amazonaws.com\/website\/images\/events_logo\/aujourdhui-en-france.svg\u00a0\u00bb,\u00a0\u00bbevent_logo_mobile_width\u00a0\u00bb:\u00a0\u00bb128&Prime;,\u00a0\u00bbMobile\u00a0\u00bb:{\u00ab\u00a0background_color_section\u00a0\u00bb:\u00a0\u00bb#C0C0C0&Prime;,\u00a0\u00bbxtpage\u00a0\u00bb:null,\u00a0\u00bblabel\u00a0\u00bb:null,\u00a0\u00bbbackground_image_section\u00a0\u00bb:null},\u00a0\u00bbevent_logo_tablet_width\u00a0\u00bb:\u00a0\u00bb153&Prime;,\u00a0\u00bbNewsletter\u00a0\u00bb:{\u00ab\u00a0newsletter_optin\u00a0\u00bb:\u00a0\u00bboptin_newsletter\u00a0\u00bb,\u00a0\u00bbnewsletter_color\u00a0\u00bb:\u00a0\u00bb#1EA0E6&Prime;,\u00a0\u00bbnewsletter_title\u00a0\u00bb:\u00a0\u00bbUn tour de l\u2019actualit\u00e9 pour commencer la journ\u00e9e\u00a0\u00bb,\u00a0\u00bbnewsletter_name\u00a0\u00bb:\u00a0\u00bbL&rsquo;Essentiel de l&rsquo;actu\u00a0\u00bb,\u00a0\u00bbnewsletter_image\u00a0\u00bb:\u00a0\u00bbnewsletter-essentiel-matin-logo.png\u00a0\u00bb,\u00a0\u00bbmodule_message\u00a0\u00bb:null,\u00a0\u00bbnewsletter_label\u00a0\u00bb:\u00a0\u00bbL&rsquo;essentiel du matin\u00a0\u00bb},\u00a0\u00bbevent_logo_desktop_height\u00a0\u00bb:\u00a0\u00bb64&Prime;,\u00a0\u00bbevent_logo_desktop_width\u00a0\u00bb:\u00a0\u00bb204&Prime;,\u00a0\u00bbevent_logo_tablet_height\u00a0\u00bb:\u00a0\u00bb48&Prime;,\u00a0\u00bb_admin\u00a0\u00bb:{\u00ab\u00a0tracking_node\u00a0\u00bb:null,\u00a0\u00bbalias_ids\u00a0\u00bb:[\u00ab\u00a0\/en-region\u00a0\u00bb],\u00a0\u00bbdo_not_show_on_site\u00a0\u00bb:null,\u00a0\u00bbcommercial_node\u00a0\u00bb:null,\u00a0\u00bbdefault_content\u00a0\u00bb:null},\u00a0\u00bbnavigation\u00a0\u00bb:{\u00ab\u00a0nav_title\u00a0\u00bb:null,\u00a0\u00bbdisplay_in_top_strip\u00a0\u00bb:null,\u00a0\u00bbnav_display\u00a0\u00bb:null},\u00a0\u00bbsite\u00a0\u00bb:{\u00ab\u00a0is_clickable_on_menu\u00a0\u00bb:\u00a0\u00bbtrue\u00a0\u00bb,\u00a0\u00bbpresentation\u00a0\u00bb:null,\u00a0\u00bbpagebuilder_path_for_native_apps\u00a0\u00bb:null,\u00a0\u00bbsite_url\u00a0\u00bb:null,\u00a0\u00bbsite_keywords\u00a0\u00bb:null,\u00a0\u00bbnative_app_rendering\u00a0\u00bb:null,\u00a0\u00bbamp_deactivated\u00a0\u00bb:\u00a0\u00bbfalse\u00a0\u00bb,\u00a0\u00bbsite_about\u00a0\u00bb:null,\u00a0\u00bbpaywall_deactivated\u00a0\u00bb:\u00a0\u00bbfalse\u00a0\u00bb,\u00a0\u00bbsite_description\u00a0\u00bb:\u00a0\u00bbRetrouvez toute l&rsquo;actu de votre r\u00e9gion avec Aujourd&rsquo;hui en France.\u00a0\u00bb,\u00a0\u00bbsite_title\u00a0\u00bb:\u00a0\u00bbL&rsquo;info en r\u00e9gion &#8211; Aujourd&rsquo;hui en France &#8211; Le Parisien\u00a0\u00bb,\u00a0\u00bbsite_tagline\u00a0\u00bb:null},\u00a0\u00bbinactive\u00a0\u00bb:false,\u00a0\u00bbnode_type\u00a0\u00bb:\u00a0\u00bbsection\u00a0\u00bb,\u00a0\u00bbname\u00a0\u00bb:\u00a0\u00bbEn r\u00e9gion\u00a0\u00bb,\u00a0\u00bbstory_list\u00a0\u00bb:{\u00ab\u00a0story_list_content\u00a0\u00bb:{}},\u00a0\u00bb_id\u00a0\u00bb:\u00a0\u00bb\/en-region\u00a0\u00bb,\u00a0\u00bbancestors\u00a0\u00bb:{\u00ab\u00a0default\u00a0\u00bb:[\u00ab\u00a0https:\/\/www.leparisien.fr\/\u00a0\u00bb],\u00a0\u00bbburger-menu-etudiant\u00a0\u00bb:[],\u00a0\u00bbMaillage_SEO_Surfooter\u00a0\u00bb:[],\u00a0\u00bbWebsked-plans\u00a0\u00bb:[\u00ab\u00a0https:\/\/www.leparisien.fr\/\u00a0\u00bb],\u00a0\u00bbsub-nav\u00a0\u00bb:[\u00ab\u00a0https:\/\/www.leparisien.fr\/\u00a0\u00bb],\u00a0\u00bbmenu\u00a0\u00bb:[\u00ab\u00a0https:\/\/www.leparisien.fr\/\u00a0\u00bb],\u00a0\u00bbburger-menu\u00a0\u00bb:[\u00ab\u00a0https:\/\/www.leparisien.fr\/\u00a0\u00bb]},\u00a0\u00bborder\u00a0\u00bb:{\u00ab\u00a0default\u00a0\u00bb:1058,\u00a0\u00bbMaillage_SEO_Surfooter\u00a0\u00bb:1052,\u00a0\u00bbWebsked-plans\u00a0\u00bb:1033,\u00a0\u00bbsub-nav\u00a0\u00bb:1009,\u00a0\u00bbmenu\u00a0\u00bb:1015,\u00a0\u00bbburger-menu\u00a0\u00bb:1015}}},\u00a0\u00bbtype\u00a0\u00bb:\u00a0\u00bbsite\u00a0\u00bb,\u00a0\u00bbversion\u00a0\u00bb:\u00a0\u00bb0.5.8&Prime;}],\u00a0\u00bbsections\u00a0\u00bb:[{\u00ab\u00a0path\u00a0\u00bb:\u00a0\u00bb\/podcasts\/crime-story\u00a0\u00bb,\u00a0\u00bbparent\u00a0\u00bb:{\u00ab\u00a0default\u00a0\u00bb:\u00a0\u00bb\/podcasts\u00a0\u00bb},\u00a0\u00bb_website\u00a0\u00bb:\u00a0\u00bbleparisien\u00a0\u00bb,\u00a0\u00bbparent_id\u00a0\u00bb:\u00a0\u00bb\/podcasts\u00a0\u00bb,\u00a0\u00bbname\u00a0\u00bb:\u00a0\u00bbCrime story\u00a0\u00bb,\u00a0\u00bbdescription\u00a0\u00bb:\u00a0\u00bbLe podcast faits divers Crime story raconte chaque semaine les grandes affaires criminelles qui ont marqu\u00e9 ces derni\u00e8res d\u00e9cennies. Publi\u00e9 chaque samedi, Crime story est pr\u00e9sent\u00e9 par la journaliste Clawdia Prolongeau et son invit\u00e9 permanent : Damien Delseny, le chef du service police justice du Parisien.\u00a0\u00bb,\u00a0\u00bb_id\u00a0\u00bb:\u00a0\u00bb\/podcasts\/crime-story\u00a0\u00bb,\u00a0\u00bbadditional_properties\u00a0\u00bb:{\u00ab\u00a0original\u00a0\u00bb:{\u00ab\u00a0parent\u00a0\u00bb:{\u00ab\u00a0default\u00a0\u00bb:\u00a0\u00bb\/podcasts\u00a0\u00bb,\u00a0\u00bbMaillage_SEO_Surfooter\u00a0\u00bb:\u00a0\u00bb\/podcasts\u00a0\u00bb,\u00a0\u00bbWebsked-plans\u00a0\u00bb:\u00a0\u00bb\/podcasts\u00a0\u00bb,\u00a0\u00bbsub-nav\u00a0\u00bb:\u00a0\u00bb\/podcasts\u00a0\u00bb,\u00a0\u00bbmenu\u00a0\u00bb:\u00a0\u00bb\/podcasts\u00a0\u00bb},\u00a0\u00bbin_the_news\u00a0\u00bb:{\u00ab\u00a0in_the_news_usefeature\u00a0\u00bb:null,\u00a0\u00bbin_the_news_usebasepage\u00a0\u00bb:\u00a0\u00bb\/in-the-news-forsections\/\u00a0\u00bb,\u00a0\u00bbin_the_news_usesectionbar\u00a0\u00bb:\u00a0\u00bbfalse\u00a0\u00bb},\u00a0\u00bbGoogle Analytics\u00a0\u00bb:{\u00ab\u00a0ga_name_level_2&Prime;:\u00a0\u00bbcrime-story\u00a0\u00bb,\u00a0\u00bbga_name_level_3&Prime;:null,\u00a0\u00bbga_name_level_1&Prime;:\u00a0\u00bbpodcasts\u00a0\u00bb},\u00a0\u00bbsocial\u00a0\u00bb:{\u00ab\u00a0archives\u00a0\u00bb:null,\u00a0\u00bbtwitter\u00a0\u00bb:null,\u00a0\u00bbrss\u00a0\u00bb:null,\u00a0\u00bbfacebook\u00a0\u00bb:null},\u00a0\u00bbSponsor\u00a0\u00bb:{\u00ab\u00a0sponsor_type\u00a0\u00bb:null,\u00a0\u00bbsponsor_message\u00a0\u00bb:null,\u00a0\u00bbcollection_id_for_pinned_content\u00a0\u00bb:null,\u00a0\u00bbsponsor_logo_url\u00a0\u00bb:null,\u00a0\u00bbsponsor_name\u00a0\u00bb:null},\u00a0\u00bbMobile\u00a0\u00bb:{\u00ab\u00a0background_color_section\u00a0\u00bb:\u00a0\u00bb#C0C0C0&Prime;,\u00a0\u00bbalternative_title\u00a0\u00bb:null,\u00a0\u00bbxtpage\u00a0\u00bb:null,\u00a0\u00bbsection_collection_id\u00a0\u00bb:null,\u00a0\u00bblabel\u00a0\u00bb:null,\u00a0\u00bbbackground_image_section\u00a0\u00bb:null},\u00a0\u00bbNewsletter\u00a0\u00bb:{\u00ab\u00a0newsletter_optin\u00a0\u00bb:\u00a0\u00bboptin_thematique_faits_divers\u00a0\u00bb,\u00a0\u00bbnewsletter_color\u00a0\u00bb:\u00a0\u00bb#1EA0E6&Prime;,\u00a0\u00bbnewsletter_title\u00a0\u00bb:\u00a0\u00bbUne plong\u00e9e dans l\u2019actualit\u00e9 des faits divers, pour \u00e9clairer la face sombre de notre \u00e9poque\u00a0\u00bb,\u00a0\u00bbnewsletter_name\u00a0\u00bb:\u00a0\u00bbL&rsquo;Essentiel de l&rsquo;actu\u00a0\u00bb,\u00a0\u00bbnewsletter_image\u00a0\u00bb:\u00a0\u00bbnewsletter-faits-divers-logo.png\u00a0\u00bb,\u00a0\u00bbnewsletter_slug\u00a0\u00bb:\u00a0\u00bbfaits-divers\u00a0\u00bb,\u00a0\u00bbmodule_message\u00a0\u00bb:null,\u00a0\u00bbnewsletter_label\u00a0\u00bb:\u00a0\u00bbEnqu\u00eate en cours\u00a0\u00bb},\u00a0\u00bb_admin\u00a0\u00bb:{\u00ab\u00a0tracking_node\u00a0\u00bb:null,\u00a0\u00bbalias_ids\u00a0\u00bb:[\u00ab\u00a0\/podcasts\/crime-story\u00a0\u00bb],\u00a0\u00bbdo_not_show_on_site\u00a0\u00bb:null,\u00a0\u00bbcommercial_node\u00a0\u00bb:null,\u00a0\u00bbdefault_content\u00a0\u00bb:null},\u00a0\u00bbnavigation\u00a0\u00bb:{\u00ab\u00a0nav_title\u00a0\u00bb:null,\u00a0\u00bbdisplay_in_top_strip\u00a0\u00bb:null,\u00a0\u00bbnav_display\u00a0\u00bb:null},\u00a0\u00bbsite\u00a0\u00bb:{\u00ab\u00a0is_clickable_on_menu\u00a0\u00bb:\u00a0\u00bbtrue\u00a0\u00bb,\u00a0\u00bbpresentation\u00a0\u00bb:\u00a0\u00bbLe podcast faits divers Crime story raconte chaque semaine les grandes affaires criminelles qui ont marqu\u00e9 ces derni\u00e8res d\u00e9cennies. Publi\u00e9 chaque samedi, Crime story est pr\u00e9sent\u00e9 par la journaliste Clawdia Prolongeau et son invit\u00e9 permanent : Damien Delseny, le chef du service police justice du Parisien.\u00a0\u00bb,\u00a0\u00bbpagebuilder_path_for_native_apps\u00a0\u00bb:null,\u00a0\u00bbsite_url\u00a0\u00bb:null,\u00a0\u00bbsite_keywords\u00a0\u00bb:null,\u00a0\u00bbnative_app_rendering\u00a0\u00bb:null,\u00a0\u00bbamp_deactivated\u00a0\u00bb:\u00a0\u00bbfalse\u00a0\u00bb,\u00a0\u00bbsite_about\u00a0\u00bb:null,\u00a0\u00bbpaywall_deactivated\u00a0\u00bb:\u00a0\u00bbfalse\u00a0\u00bb,\u00a0\u00bbsite_description\u00a0\u00bb:\u00a0\u00bbLe podcast faits divers Crime story raconte chaque semaine les grandes affaires criminelles qui ont marqu\u00e9 ces derni\u00e8res d\u00e9cennies. Publi\u00e9 chaque samedi, Crime story est pr\u00e9sent\u00e9 par la journaliste Clawdia Prolongeau et son invit\u00e9 permanent : Damien Delseny, le chef du service police justice du Parisien.\u00a0\u00bb,\u00a0\u00bbsite_title\u00a0\u00bb:\u00a0\u00bbCrime story : le podcast Faits divers du Parisien &#8211; Le Parisien\u00a0\u00bb,\u00a0\u00bbsite_tagline\u00a0\u00bb:null},\u00a0\u00bbinactive\u00a0\u00bb:false,\u00a0\u00bbnode_type\u00a0\u00bb:\u00a0\u00bbsection\u00a0\u00bb,\u00a0\u00bb_website\u00a0\u00bb:\u00a0\u00bbleparisien\u00a0\u00bb,\u00a0\u00bbname\u00a0\u00bb:\u00a0\u00bbCrime story\u00a0\u00bb,\u00a0\u00bbstory_list\u00a0\u00bb:{\u00ab\u00a0story_list_content\u00a0\u00bb:{}},\u00a0\u00bb_id\u00a0\u00bb:\u00a0\u00bb\/podcasts\/crime-story\u00a0\u00bb,\u00a0\u00bbancestors\u00a0\u00bb:{\u00ab\u00a0default\u00a0\u00bb:[\u00ab\u00a0\/podcasts\u00a0\u00bb],\u00a0\u00bbMaillage_SEO_Surfooter\u00a0\u00bb:[\u00ab\u00a0\/podcasts\u00a0\u00bb],\u00a0\u00bbWebsked-plans\u00a0\u00bb:[\u00ab\u00a0https:\/\/www.leparisien.fr\/\u00a0\u00bb,\u00a0\u00bb\/podcasts\u00a0\u00bb],\u00a0\u00bbsub-nav\u00a0\u00bb:[\u00ab\u00a0https:\/\/www.leparisien.fr\/\u00a0\u00bb,\u00a0\u00bb\/podcasts\u00a0\u00bb],\u00a0\u00bbmenu\u00a0\u00bb:[\u00ab\u00a0https:\/\/www.leparisien.fr\/\u00a0\u00bb,\u00a0\u00bb\/podcasts\u00a0\u00bb]},\u00a0\u00bborder\u00a0\u00bb:{\u00ab\u00a0default\u00a0\u00bb:2002,\u00a0\u00bbMaillage_SEO_Surfooter\u00a0\u00bb:2002,\u00a0\u00bbWebsked-plans\u00a0\u00bb:2002,\u00a0\u00bbsub-nav\u00a0\u00bb:2002,\u00a0\u00bbmenu\u00a0\u00bb:2002}}},\u00a0\u00bb_website_section_id\u00a0\u00bb:\u00a0\u00bbleparisien.\/podcasts\/crime-story\u00a0\u00bb,\u00a0\u00bbtype\u00a0\u00bb:\u00a0\u00bbsection\u00a0\u00bb,\u00a0\u00bbversion\u00a0\u00bb:\u00a0\u00bb0.6.0&Prime;},{\u00ab\u00a0path\u00a0\u00bb:\u00a0\u00bb\/podcasts\u00a0\u00bb,\u00a0\u00bbparent\u00a0\u00bb:{\u00ab\u00a0default\u00a0\u00bb:\u00a0\u00bbhttps:\/\/www.leparisien.fr\/\u00a0\u00bb},\u00a0\u00bb_website\u00a0\u00bb:\u00a0\u00bbleparisien\u00a0\u00bb,\u00a0\u00bbparent_id\u00a0\u00bb:\u00a0\u00bbhttps:\/\/www.leparisien.fr\/\u00a0\u00bb,\u00a0\u00bbname\u00a0\u00bb:\u00a0\u00bbPodcasts\u00a0\u00bb,\u00a0\u00bbdescription\u00a0\u00bb:\u00a0\u00bbSuivez toute l&rsquo;actualit\u00e9 en France et en podcast : politique, faits divers, soci\u00e9t\u00e9 et toute l&rsquo;actualit\u00e9 sociale, \u00e9conomique et sportive avec Le Parisien\u00a0\u00bb,\u00a0\u00bb_id\u00a0\u00bb:\u00a0\u00bb\/podcasts\u00a0\u00bb,\u00a0\u00bbadditional_properties\u00a0\u00bb:{\u00ab\u00a0original\u00a0\u00bb:{\u00ab\u00a0parent\u00a0\u00bb:{\u00ab\u00a0default\u00a0\u00bb:\u00a0\u00bbhttps:\/\/www.leparisien.fr\/\u00a0\u00bb,\u00a0\u00bbburger-menu-etudiant\u00a0\u00bb:null,\u00a0\u00bbnavbar\u00a0\u00bb:\u00a0\u00bbhttps:\/\/www.leparisien.fr\/\u00a0\u00bb,\u00a0\u00bbMaillage_SEO_Surfooter\u00a0\u00bb:\u00a0\u00bbhttps:\/\/www.leparisien.fr\/\u00a0\u00bb,\u00a0\u00bbfooter\u00a0\u00bb:\u00a0\u00bbhttps:\/\/www.leparisien.fr\/\u00a0\u00bb,\u00a0\u00bbWebsked-plans\u00a0\u00bb:\u00a0\u00bbhttps:\/\/www.leparisien.fr\/\u00a0\u00bb,\u00a0\u00bbsurfooter\u00a0\u00bb:\u00a0\u00bbhttps:\/\/www.leparisien.fr\/\u00a0\u00bb,\u00a0\u00bbsub-nav\u00a0\u00bb:\u00a0\u00bbhttps:\/\/www.leparisien.fr\/\u00a0\u00bb,\u00a0\u00bbmobile-menu-sections-list\u00a0\u00bb:\u00a0\u00bbhttps:\/\/www.leparisien.fr\/\u00a0\u00bb,\u00a0\u00bbmenu\u00a0\u00bb:\u00a0\u00bbhttps:\/\/www.leparisien.fr\/\u00a0\u00bb,\u00a0\u00bbburger-menu\u00a0\u00bb:\u00a0\u00bbhttps:\/\/www.leparisien.fr\/\u00a0\u00bb,\u00a0\u00bbmosaic_app\u00a0\u00bb:\u00a0\u00bbhttps:\/\/www.leparisien.fr\/\u00a0\u00bb},\u00a0\u00bbGoogle Analytics\u00a0\u00bb:{\u00ab\u00a0ga_name_level_2&Prime;:null,\u00a0\u00bbga_name_level_3&Prime;:null,\u00a0\u00bbga_name_level_1&Prime;:\u00a0\u00bbpodcasts\u00a0\u00bb},\u00a0\u00bbSponsor\u00a0\u00bb:{\u00ab\u00a0collection_id_for_pinned_content\u00a0\u00bb:\u00a0\u00bbEB7A434XEJFU3DQ3VMQL6T2CBE\u00a0\u00bb},\u00a0\u00bbMobile\u00a0\u00bb:{\u00ab\u00a0background_color_section\u00a0\u00bb:\u00a0\u00bb#C89900&Prime;,\u00a0\u00bbsection_left_logo_dark\u00a0\u00bb:\u00a0\u00bbhttps:\/\/assets.leparisien.fr\/mobile\/images\/menu\/dark\/podcast.png\u00a0\u00bb,\u00a0\u00bbbackground_image_section\u00a0\u00bb:\u00a0\u00bbhttps:\/\/assets.leparisien.fr\/mobile\/images\/explorer\/podcasts.png\u00a0\u00bb,\u00a0\u00bbsection_left_logo_light\u00a0\u00bb:\u00a0\u00bbhttps:\/\/assets.leparisien.fr\/mobile\/images\/menu\/podcast.png\u00a0\u00bb},\u00a0\u00bb_admin\u00a0\u00bb:{\u00ab\u00a0alias_ids\u00a0\u00bb:[]},\u00a0\u00bbsite\u00a0\u00bb:{\u00ab\u00a0amp_deactivated\u00a0\u00bb:\u00a0\u00bbtrue\u00a0\u00bb,\u00a0\u00bbpaywall_deactivated\u00a0\u00bb:\u00a0\u00bbtrue\u00a0\u00bb,\u00a0\u00bbsite_description\u00a0\u00bb:\u00a0\u00bbSuivez toute l&rsquo;actualit\u00e9 en France et en podcast : politique, faits divers, soci\u00e9t\u00e9 et toute l&rsquo;actualit\u00e9 sociale, \u00e9conomique et sportive avec Le Parisien\u00a0\u00bb,\u00a0\u00bbsite_title\u00a0\u00bb:\u00a0\u00bbPodcasts d&rsquo;actualit\u00e9 : \u00e9coutez les meilleurs podcasts du Parisien &#8211; Le Parisien\u00a0\u00bb},\u00a0\u00bbinactive\u00a0\u00bb:false,\u00a0\u00bbnode_type\u00a0\u00bb:\u00a0\u00bbsection\u00a0\u00bb,\u00a0\u00bb_website\u00a0\u00bb:\u00a0\u00bbleparisien\u00a0\u00bb,\u00a0\u00bbname\u00a0\u00bb:\u00a0\u00bbPodcasts\u00a0\u00bb,\u00a0\u00bbstory_list\u00a0\u00bb:{\u00ab\u00a0story_list_content\u00a0\u00bb:{}},\u00a0\u00bbheader\u00a0\u00bb:{\u00ab\u00a0title_logo_only\u00a0\u00bb:\u00a0\u00bbfalse\u00a0\u00bb},\u00a0\u00bb_id\u00a0\u00bb:\u00a0\u00bb\/podcasts\u00a0\u00bb,\u00a0\u00bbancestors\u00a0\u00bb:{\u00ab\u00a0burger-menu-etudiant\u00a0\u00bb:[],\u00a0\u00bbdefault\u00a0\u00bb:[\u00ab\u00a0https:\/\/www.leparisien.fr\/\u00a0\u00bb],\u00a0\u00bbnavbar\u00a0\u00bb:[\u00ab\u00a0https:\/\/www.leparisien.fr\/\u00a0\u00bb],\u00a0\u00bbfooter\u00a0\u00bb:[\u00ab\u00a0https:\/\/www.leparisien.fr\/\u00a0\u00bb],\u00a0\u00bbWebsked-plans\u00a0\u00bb:[\u00ab\u00a0https:\/\/www.leparisien.fr\/\u00a0\u00bb],\u00a0\u00bbsurfooter\u00a0\u00bb:[\u00ab\u00a0https:\/\/www.leparisien.fr\/\u00a0\u00bb],\u00a0\u00bbsub-nav\u00a0\u00bb:[\u00ab\u00a0https:\/\/www.leparisien.fr\/\u00a0\u00bb],\u00a0\u00bbmobile-menu-sections-list\u00a0\u00bb:[\u00ab\u00a0https:\/\/www.leparisien.fr\/\u00a0\u00bb],\u00a0\u00bbmenu\u00a0\u00bb:[\u00ab\u00a0https:\/\/www.leparisien.fr\/\u00a0\u00bb],\u00a0\u00bbburger-menu\u00a0\u00bb:[\u00ab\u00a0https:\/\/www.leparisien.fr\/\u00a0\u00bb],\u00a0\u00bbmosaic_app\u00a0\u00bb:[\u00ab\u00a0https:\/\/www.leparisien.fr\/\u00a0\u00bb]},\u00a0\u00bborder\u00a0\u00bb:{\u00ab\u00a0default\u00a0\u00bb:1068,\u00a0\u00bbnavbar\u00a0\u00bb:1010,\u00a0\u00bbMaillage_SEO_Surfooter\u00a0\u00bb:1065,\u00a0\u00bbfooter\u00a0\u00bb:1016,\u00a0\u00bbWebsked-plans\u00a0\u00bb:1017,\u00a0\u00bbsurfooter\u00a0\u00bb:1016,\u00a0\u00bbsub-nav\u00a0\u00bb:1022,\u00a0\u00bbmobile-menu-sections-list\u00a0\u00bb:1004,\u00a0\u00bbmenu\u00a0\u00bb:1022,\u00a0\u00bbburger-menu\u00a0\u00bb:1019,\u00a0\u00bbmosaic_app\u00a0\u00bb:1014}}},\u00a0\u00bb_website_section_id\u00a0\u00bb:\u00a0\u00bbleparisien.\/podcasts\u00a0\u00bb,\u00a0\u00bbtype\u00a0\u00bb:\u00a0\u00bbsection\u00a0\u00bb,\u00a0\u00bbversion\u00a0\u00bb:\u00a0\u00bb0.6.0&Prime;},{\u00ab\u00a0path\u00a0\u00bb:\u00a0\u00bb\/faits-divers\u00a0\u00bb,\u00a0\u00bbparent\u00a0\u00bb:{\u00ab\u00a0default\u00a0\u00bb:\u00a0\u00bbhttps:\/\/www.leparisien.fr\/\u00a0\u00bb},\u00a0\u00bb_website\u00a0\u00bb:\u00a0\u00bbleparisien\u00a0\u00bb,\u00a0\u00bbparent_id\u00a0\u00bb:\u00a0\u00bbhttps:\/\/www.leparisien.fr\/\u00a0\u00bb,\u00a0\u00bbname\u00a0\u00bb:\u00a0\u00bbFaits divers\u00a0\u00bb,\u00a0\u00bbdescription\u00a0\u00bb:\u00a0\u00bbSuivez toute l&rsquo;actualit\u00e9 des faits divers \u00e0 Paris et en France en direct avec leParisien.fr : enqu\u00eates, interviews, vid\u00e9os et infos exclusives sur les meutres, vols\u2026\u00a0\u00bb,\u00a0\u00bb_id\u00a0\u00bb:\u00a0\u00bb\/faits-divers\u00a0\u00bb,\u00a0\u00bbadditional_properties\u00a0\u00bb:{\u00ab\u00a0original\u00a0\u00bb:{\u00ab\u00a0parent\u00a0\u00bb:{\u00ab\u00a0nav\u00a0\u00bb:\u00a0\u00bbhttps:\/\/www.leparisien.fr\/\u00a0\u00bb,\u00a0\u00bbMaillage_SEO_Surfooter\u00a0\u00bb:\u00a0\u00bbhttps:\/\/www.leparisien.fr\/\u00a0\u00bb,\u00a0\u00bbfooter\u00a0\u00bb:\u00a0\u00bbhttps:\/\/www.leparisien.fr\/\u00a0\u00bb,\u00a0\u00bbWebsked-plans\u00a0\u00bb:\u00a0\u00bbhttps:\/\/www.leparisien.fr\/\u00a0\u00bb,\u00a0\u00bbsurfooter\u00a0\u00bb:\u00a0\u00bbhttps:\/\/www.leparisien.fr\/\u00a0\u00bb,\u00a0\u00bbmobile-menu-sections-list\u00a0\u00bb:\u00a0\u00bbhttps:\/\/www.leparisien.fr\/\u00a0\u00bb,\u00a0\u00bbmenu\u00a0\u00bb:\u00a0\u00bbhttps:\/\/www.leparisien.fr\/\u00a0\u00bb,\u00a0\u00bbburger-menu\u00a0\u00bb:\u00a0\u00bbhttps:\/\/www.leparisien.fr\/\u00a0\u00bb,\u00a0\u00bbmosaic_app\u00a0\u00bb:\u00a0\u00bbhttps:\/\/www.leparisien.fr\/\u00a0\u00bb,\u00a0\u00bbdefault\u00a0\u00bb:\u00a0\u00bbhttps:\/\/www.leparisien.fr\/\u00a0\u00bb,\u00a0\u00bbburger-menu-etudiant\u00a0\u00bb:null,\u00a0\u00bbnavbar\u00a0\u00bb:\u00a0\u00bbhttps:\/\/www.leparisien.fr\/\u00a0\u00bb,\u00a0\u00bbsub-nav\u00a0\u00bb:\u00a0\u00bbhttps:\/\/www.leparisien.fr\/\u00a0\u00bb},\u00a0\u00bbGoogle Analytics\u00a0\u00bb:{\u00ab\u00a0ga_name_level_2&Prime;:null,\u00a0\u00bbga_name_level_3&Prime;:null,\u00a0\u00bbga_name_level_1&Prime;:\u00a0\u00bbfaits-divers\u00a0\u00bb},\u00a0\u00bbSponsor\u00a0\u00bb:{\u00ab\u00a0collection_id_for_pinned_content\u00a0\u00bb:\u00a0\u00bbZ5HL7A52HBDMPKNIFEGG3Q667I\u00a0\u00bb},\u00a0\u00bbMobile\u00a0\u00bb:{\u00ab\u00a0background_color_section\u00a0\u00bb:\u00a0\u00bb#4F6069&Prime;,\u00a0\u00bbbackground_image_section\u00a0\u00bb:\u00a0\u00bbhttps:\/\/assets.leparisien.fr\/mobile\/images\/explorer\/faits_divers.png\u00a0\u00bb},\u00a0\u00bbNewsletter\u00a0\u00bb:{\u00ab\u00a0newsletter_optin\u00a0\u00bb:\u00a0\u00bboptin_thematique_faits_divers\u00a0\u00bb,\u00a0\u00bbnewsletter_color\u00a0\u00bb:\u00a0\u00bb#7779A6&Prime;,\u00a0\u00bbnewsletter_title\u00a0\u00bb:\u00a0\u00bbUne plong\u00e9e dans l\u2019actualit\u00e9 des faits divers, pour \u00e9clairer la face sombre de notre \u00e9poque\u00a0\u00bb,\u00a0\u00bbnewsletter_name\u00a0\u00bb:\u00a0\u00bbEnqu\u00eate en cours\u00a0\u00bb,\u00a0\u00bbnewsletter_image\u00a0\u00bb:\u00a0\u00bbnewsletter-faits-divers-logo.png\u00a0\u00bb,\u00a0\u00bbnewsletter_slug\u00a0\u00bb:\u00a0\u00bbfaits-divers\u00a0\u00bb,\u00a0\u00bbnewsletter_label\u00a0\u00bb:\u00a0\u00bbEnqu\u00eate en cours\u00a0\u00bb},\u00a0\u00bb_admin\u00a0\u00bb:{\u00ab\u00a0alias_ids\u00a0\u00bb:[]},\u00a0\u00bbsite\u00a0\u00bb:{\u00ab\u00a0section_show_videos\u00a0\u00bb:\u00a0\u00bbtrue\u00a0\u00bb,\u00a0\u00bbsite_description\u00a0\u00bb:\u00a0\u00bbSuivez toute l&rsquo;actualit\u00e9 des faits divers \u00e0 Paris et en France en direct avec leParisien.fr : enqu\u00eates, interviews, vid\u00e9os et infos exclusives sur les meutres, vols\u2026\u00a0\u00bb,\u00a0\u00bbsite_title\u00a0\u00bb:\u00a0\u00bbFaits Divers : Toute l&rsquo;actualit\u00e9 des faits divers &#8211; Le Parisien\u00a0\u00bb},\u00a0\u00bbinactive\u00a0\u00bb:false,\u00a0\u00bbnode_type\u00a0\u00bb:\u00a0\u00bbsection\u00a0\u00bb,\u00a0\u00bb_website\u00a0\u00bb:\u00a0\u00bbleparisien\u00a0\u00bb,\u00a0\u00bbname\u00a0\u00bb:\u00a0\u00bbFaits divers\u00a0\u00bb,\u00a0\u00bbstory_list\u00a0\u00bb:{\u00ab\u00a0story_list_content\u00a0\u00bb:{}},\u00a0\u00bbheader\u00a0\u00bb:{\u00ab\u00a0title_logo_only\u00a0\u00bb:\u00a0\u00bbfalse\u00a0\u00bb},\u00a0\u00bb_id\u00a0\u00bb:\u00a0\u00bb\/faits-divers\u00a0\u00bb,\u00a0\u00bbancestors\u00a0\u00bb:{\u00ab\u00a0burger-menu-etudiant\u00a0\u00bb:[],\u00a0\u00bbnav\u00a0\u00bb:[\u00ab\u00a0https:\/\/www.leparisien.fr\/\u00a0\u00bb],\u00a0\u00bbdefault\u00a0\u00bb:[\u00ab\u00a0https:\/\/www.leparisien.fr\/\u00a0\u00bb],\u00a0\u00bbnavbar\u00a0\u00bb:[\u00ab\u00a0https:\/\/www.leparisien.fr\/\u00a0\u00bb],\u00a0\u00bbfooter\u00a0\u00bb:[\u00ab\u00a0https:\/\/www.leparisien.fr\/\u00a0\u00bb],\u00a0\u00bbWebsked-plans\u00a0\u00bb:[\u00ab\u00a0https:\/\/www.leparisien.fr\/\u00a0\u00bb],\u00a0\u00bbsurfooter\u00a0\u00bb:[\u00ab\u00a0https:\/\/www.leparisien.fr\/\u00a0\u00bb],\u00a0\u00bbsub-nav\u00a0\u00bb:[\u00ab\u00a0https:\/\/www.leparisien.fr\/\u00a0\u00bb],\u00a0\u00bbmobile-menu-sections-list\u00a0\u00bb:[\u00ab\u00a0https:\/\/www.leparisien.fr\/\u00a0\u00bb],\u00a0\u00bbmenu\u00a0\u00bb:[\u00ab\u00a0https:\/\/www.leparisien.fr\/\u00a0\u00bb],\u00a0\u00bbburger-menu\u00a0\u00bb:[\u00ab\u00a0https:\/\/www.leparisien.fr\/\u00a0\u00bb],\u00a0\u00bbmosaic_app\u00a0\u00bb:[\u00ab\u00a0https:\/\/www.leparisien.fr\/\u00a0\u00bb]},\u00a0\u00bborder\u00a0\u00bb:{\u00ab\u00a0default\u00a0\u00bb:1066,\u00a0\u00bbnav\u00a0\u00bb:1004,\u00a0\u00bbnavbar\u00a0\u00bb:1004,\u00a0\u00bbMaillage_SEO_Surfooter\u00a0\u00bb:1063,\u00a0\u00bbfooter\u00a0\u00bb:1013,\u00a0\u00bbWebsked-plans\u00a0\u00bb:1007,\u00a0\u00bbsurfooter\u00a0\u00bb:1013,\u00a0\u00bbsub-nav\u00a0\u00bb:1008,\u00a0\u00bbmobile-menu-sections-list\u00a0\u00bb:1001,\u00a0\u00bbmenu\u00a0\u00bb:1004,\u00a0\u00bbburger-menu\u00a0\u00bb:1002,\u00a0\u00bbmosaic_app\u00a0\u00bb:1001}}},\u00a0\u00bb_website_section_id\u00a0\u00bb:\u00a0\u00bbleparisien.\/faits-divers\u00a0\u00bb,\u00a0\u00bbtype\u00a0\u00bb:\u00a0\u00bbsection\u00a0\u00bb,\u00a0\u00bbversion\u00a0\u00bb:\u00a0\u00bb0.6.0&Prime;},{\u00ab\u00a0path\u00a0\u00bb:\u00a0\u00bb\/loire-atlantique-44&Prime;,\u00a0\u00bbparent\u00a0\u00bb:{\u00ab\u00a0default\u00a0\u00bb:\u00a0\u00bb\/en-region\u00a0\u00bb},\u00a0\u00bb_website\u00a0\u00bb:\u00a0\u00bbleparisien\u00a0\u00bb,\u00a0\u00bbparent_id\u00a0\u00bb:\u00a0\u00bb\/en-region\u00a0\u00bb,\u00a0\u00bbname\u00a0\u00bb:\u00a0\u00bbLoire-Atlantique\u00a0\u00bb,\u00a0\u00bbdescription\u00a0\u00bb:\u00a0\u00bbSuivez toute l&rsquo;actualit\u00e9 et les informations locales de la Loire-Atlantique en direct et en vid\u00e9o sur le Parisien.fr\u00a0\u00bb,\u00a0\u00bb_id\u00a0\u00bb:\u00a0\u00bb\/loire-atlantique-44&Prime;,\u00a0\u00bbadditional_properties\u00a0\u00bb:{\u00ab\u00a0original\u00a0\u00bb:{\u00ab\u00a0parent\u00a0\u00bb:{\u00ab\u00a0default\u00a0\u00bb:\u00a0\u00bb\/en-region\u00a0\u00bb,\u00a0\u00bbMaillage_SEO_Surfooter\u00a0\u00bb:\u00a0\u00bb\/en-region\u00a0\u00bb,\u00a0\u00bbWebsked-plans\u00a0\u00bb:\u00a0\u00bb\/en-region\u00a0\u00bb,\u00a0\u00bbsub-nav\u00a0\u00bb:\u00a0\u00bb\/en-region\u00a0\u00bb},\u00a0\u00bb_admin\u00a0\u00bb:{\u00ab\u00a0alias_ids\u00a0\u00bb:[]},\u00a0\u00bbsite\u00a0\u00bb:{\u00ab\u00a0site_description\u00a0\u00bb:\u00a0\u00bbSuivez toute l&rsquo;actualit\u00e9 et les informations locales de la Loire-Atlantique en direct et en vid\u00e9o sur le Parisien.fr\u00a0\u00bb,\u00a0\u00bbsite_title\u00a0\u00bb:\u00a0\u00bbActualit\u00e9s du d\u00e9partement de la Loire-Atlantique (44) &#8211; Infos locales dans la Loire-Atlantique &#8211; Le Parisien\u00a0\u00bb},\u00a0\u00bbGoogle Analytics\u00a0\u00bb:{\u00ab\u00a0ga_name_level_2&Prime;:\u00a0\u00bbloire-atlantique-44&Prime;,\u00a0\u00bbga_name_level_3&Prime;:null,\u00a0\u00bbga_name_level_1&Prime;:\u00a0\u00bbdepartements-horsidfo\u00a0\u00bb},\u00a0\u00bbinactive\u00a0\u00bb:false,\u00a0\u00bbnode_type\u00a0\u00bb:\u00a0\u00bbsection\u00a0\u00bb,\u00a0\u00bb_website\u00a0\u00bb:\u00a0\u00bbleparisien\u00a0\u00bb,\u00a0\u00bbstory_list\u00a0\u00bb:{\u00ab\u00a0story_list_content\u00a0\u00bb:{}},\u00a0\u00bbname\u00a0\u00bb:\u00a0\u00bbLoire-Atlantique\u00a0\u00bb,\u00a0\u00bb_id\u00a0\u00bb:\u00a0\u00bb\/loire-atlantique-44&Prime;,\u00a0\u00bbancestors\u00a0\u00bb:{\u00ab\u00a0default\u00a0\u00bb:[\u00ab\u00a0\/en-region\u00a0\u00bb],\u00a0\u00bbMaillage_SEO_Surfooter\u00a0\u00bb:[\u00ab\u00a0\/en-region\u00a0\u00bb],\u00a0\u00bbWebsked-plans\u00a0\u00bb:[\u00ab\u00a0https:\/\/www.leparisien.fr\/\u00a0\u00bb,\u00a0\u00bb\/en-region\u00a0\u00bb],\u00a0\u00bbsub-nav\u00a0\u00bb:[\u00ab\u00a0\/en-region\u00a0\u00bb,\u00a0\u00bbhttps:\/\/www.leparisien.fr\/\u00a0\u00bb]},\u00a0\u00bborder\u00a0\u00bb:{\u00ab\u00a0default\u00a0\u00bb:2043,\u00a0\u00bbMaillage_SEO_Surfooter\u00a0\u00bb:2043,\u00a0\u00bbWebsked-plans\u00a0\u00bb:2045,\u00a0\u00bbsub-nav\u00a0\u00bb:2045}}},\u00a0\u00bb_website_section_id\u00a0\u00bb:\u00a0\u00bbleparisien.\/loire-atlantique-44&Prime;,\u00a0\u00bbtype\u00a0\u00bb:\u00a0\u00bbsection\u00a0\u00bb,\u00a0\u00bbversion\u00a0\u00bb:\u00a0\u00bb0.6.0&Prime;},{\u00ab\u00a0path\u00a0\u00bb:\u00a0\u00bb\/en-region\u00a0\u00bb,\u00a0\u00bbparent\u00a0\u00bb:{\u00ab\u00a0default\u00a0\u00bb:\u00a0\u00bbhttps:\/\/www.leparisien.fr\/\u00a0\u00bb},\u00a0\u00bb_website\u00a0\u00bb:\u00a0\u00bbleparisien\u00a0\u00bb,\u00a0\u00bbparent_id\u00a0\u00bb:\u00a0\u00bbhttps:\/\/www.leparisien.fr\/\u00a0\u00bb,\u00a0\u00bbname\u00a0\u00bb:\u00a0\u00bbEn r\u00e9gion\u00a0\u00bb,\u00a0\u00bbdescription\u00a0\u00bb:\u00a0\u00bbRetrouvez toute l&rsquo;actu de votre r\u00e9gion avec Aujourd&rsquo;hui en France.\u00a0\u00bb,\u00a0\u00bb_id\u00a0\u00bb:\u00a0\u00bb\/en-region\u00a0\u00bb,\u00a0\u00bbadditional_properties\u00a0\u00bb:{\u00ab\u00a0original\u00a0\u00bb:{\u00ab\u00a0parent\u00a0\u00bb:{\u00ab\u00a0default\u00a0\u00bb:\u00a0\u00bbhttps:\/\/www.leparisien.fr\/\u00a0\u00bb,\u00a0\u00bbburger-menu-etudiant\u00a0\u00bb:null,\u00a0\u00bbMaillage_SEO_Surfooter\u00a0\u00bb:\u00a0\u00bbhttps:\/\/www.leparisien.fr\/\u00a0\u00bb,\u00a0\u00bbWebsked-plans\u00a0\u00bb:\u00a0\u00bbhttps:\/\/www.leparisien.fr\/\u00a0\u00bb,\u00a0\u00bbsub-nav\u00a0\u00bb:\u00a0\u00bbhttps:\/\/www.leparisien.fr\/\u00a0\u00bb,\u00a0\u00bbmenu\u00a0\u00bb:\u00a0\u00bbhttps:\/\/www.leparisien.fr\/\u00a0\u00bb,\u00a0\u00bbburger-menu\u00a0\u00bb:\u00a0\u00bbhttps:\/\/www.leparisien.fr\/\u00a0\u00bb},\u00a0\u00bbGoogle Analytics\u00a0\u00bb:{\u00ab\u00a0ga_name_level_2&Prime;:null,\u00a0\u00bbga_name_level_3&Prime;:null,\u00a0\u00bbga_name_level_1&Prime;:\u00a0\u00bbdepartements-horsidfo\u00a0\u00bb},\u00a0\u00bbevent_logo_mobile_width\u00a0\u00bb:\u00a0\u00bb128&Prime;,\u00a0\u00bbevent_logo_tablet_width\u00a0\u00bb:\u00a0\u00bb153&Prime;,\u00a0\u00bbNewsletter\u00a0\u00bb:{\u00ab\u00a0newsletter_optin\u00a0\u00bb:\u00a0\u00bboptin_newsletter\u00a0\u00bb,\u00a0\u00bbnewsletter_color\u00a0\u00bb:\u00a0\u00bb#1EA0E6&Prime;,\u00a0\u00bbnewsletter_title\u00a0\u00bb:\u00a0\u00bbUn tour de l\u2019actualit\u00e9 pour commencer la journ\u00e9e\u00a0\u00bb,\u00a0\u00bbnewsletter_name\u00a0\u00bb:\u00a0\u00bbL&rsquo;Essentiel de l&rsquo;actu\u00a0\u00bb,\u00a0\u00bbnewsletter_image\u00a0\u00bb:\u00a0\u00bbnewsletter-essentiel-matin-logo.png\u00a0\u00bb,\u00a0\u00bbmodule_message\u00a0\u00bb:null,\u00a0\u00bbnewsletter_label\u00a0\u00bb:\u00a0\u00bbL&rsquo;essentiel du matin\u00a0\u00bb},\u00a0\u00bbevent_logo_desktop_width\u00a0\u00bb:\u00a0\u00bb204&Prime;,\u00a0\u00bbevent_logo_tablet_height\u00a0\u00bb:\u00a0\u00bb48&Prime;,\u00a0\u00bbnavigation\u00a0\u00bb:{\u00ab\u00a0nav_title\u00a0\u00bb:null,\u00a0\u00bbdisplay_in_top_strip\u00a0\u00bb:null,\u00a0\u00bbnav_display\u00a0\u00bb:null},\u00a0\u00bbinactive\u00a0\u00bb:false,\u00a0\u00bbnode_type\u00a0\u00bb:\u00a0\u00bbsection\u00a0\u00bb,\u00a0\u00bb_website\u00a0\u00bb:\u00a0\u00bbleparisien\u00a0\u00bb,\u00a0\u00bbancestors\u00a0\u00bb:{\u00ab\u00a0default\u00a0\u00bb:[\u00ab\u00a0https:\/\/www.leparisien.fr\/\u00a0\u00bb],\u00a0\u00bbburger-menu-etudiant\u00a0\u00bb:[],\u00a0\u00bbMaillage_SEO_Surfooter\u00a0\u00bb:[],\u00a0\u00bbWebsked-plans\u00a0\u00bb:[\u00ab\u00a0https:\/\/www.leparisien.fr\/\u00a0\u00bb],\u00a0\u00bbsub-nav\u00a0\u00bb:[\u00ab\u00a0https:\/\/www.leparisien.fr\/\u00a0\u00bb],\u00a0\u00bbmenu\u00a0\u00bb:[\u00ab\u00a0https:\/\/www.leparisien.fr\/\u00a0\u00bb],\u00a0\u00bbburger-menu\u00a0\u00bb:[\u00ab\u00a0https:\/\/www.leparisien.fr\/\u00a0\u00bb]},\u00a0\u00bborder\u00a0\u00bb:{\u00ab\u00a0default\u00a0\u00bb:1058,\u00a0\u00bbMaillage_SEO_Surfooter\u00a0\u00bb:1052,\u00a0\u00bbWebsked-plans\u00a0\u00bb:1033,\u00a0\u00bbsub-nav\u00a0\u00bb:1009,\u00a0\u00bbmenu\u00a0\u00bb:1015,\u00a0\u00bbburger-menu\u00a0\u00bb:1015},\u00a0\u00bbin_the_news\u00a0\u00bb:{\u00ab\u00a0in_the_news_usefeature\u00a0\u00bb:null,\u00a0\u00bbin_the_news_usebasepage\u00a0\u00bb:\u00a0\u00bb\/in-the-news-forsections\/\u00a0\u00bb,\u00a0\u00bbin_the_news_usesectionbar\u00a0\u00bb:\u00a0\u00bbfalse\u00a0\u00bb},\u00a0\u00bbsocial\u00a0\u00bb:{\u00ab\u00a0archives\u00a0\u00bb:null,\u00a0\u00bbtwitter\u00a0\u00bb:null,\u00a0\u00bbrss\u00a0\u00bb:null,\u00a0\u00bbfacebook\u00a0\u00bb:null},\u00a0\u00bbevent_logo_mobile_height\u00a0\u00bb:\u00a0\u00bb40&Prime;,\u00a0\u00bbSponsor\u00a0\u00bb:{\u00ab\u00a0sponsor_type\u00a0\u00bb:null,\u00a0\u00bbsponsor_message\u00a0\u00bb:null,\u00a0\u00bbcollection_id_for_pinned_content\u00a0\u00bb:null,\u00a0\u00bbsponsor_logo_url\u00a0\u00bb:null,\u00a0\u00bbsponsor_name\u00a0\u00bb:null},\u00a0\u00bbevent_logo_url\u00a0\u00bb:\u00a0\u00bbhttps:\/\/leparisien-assets-prod.s3.eu-west-1.amazonaws.com\/website\/images\/events_logo\/aujourdhui-en-france.svg\u00a0\u00bb,\u00a0\u00bbMobile\u00a0\u00bb:{\u00ab\u00a0background_color_section\u00a0\u00bb:\u00a0\u00bb#C0C0C0&Prime;,\u00a0\u00bbxtpage\u00a0\u00bb:null,\u00a0\u00bblabel\u00a0\u00bb:null,\u00a0\u00bbbackground_image_section\u00a0\u00bb:null},\u00a0\u00bbevent_logo_desktop_height\u00a0\u00bb:\u00a0\u00bb64&Prime;,\u00a0\u00bb_admin\u00a0\u00bb:{\u00ab\u00a0tracking_node\u00a0\u00bb:null,\u00a0\u00bbalias_ids\u00a0\u00bb:[\u00ab\u00a0\/en-region\u00a0\u00bb],\u00a0\u00bbdo_not_show_on_site\u00a0\u00bb:null,\u00a0\u00bbcommercial_node\u00a0\u00bb:null,\u00a0\u00bbdefault_content\u00a0\u00bb:null},\u00a0\u00bbsite\u00a0\u00bb:{\u00ab\u00a0is_clickable_on_menu\u00a0\u00bb:\u00a0\u00bbtrue\u00a0\u00bb,\u00a0\u00bbpresentation\u00a0\u00bb:null,\u00a0\u00bbpagebuilder_path_for_native_apps\u00a0\u00bb:null,\u00a0\u00bbsite_url\u00a0\u00bb:null,\u00a0\u00bbsite_keywords\u00a0\u00bb:null,\u00a0\u00bbnative_app_rendering\u00a0\u00bb:null,\u00a0\u00bbamp_deactivated\u00a0\u00bb:\u00a0\u00bbfalse\u00a0\u00bb,\u00a0\u00bbsite_about\u00a0\u00bb:null,\u00a0\u00bbpaywall_deactivated\u00a0\u00bb:\u00a0\u00bbfalse\u00a0\u00bb,\u00a0\u00bbsite_description\u00a0\u00bb:\u00a0\u00bbRetrouvez toute l&rsquo;actu de votre r\u00e9gion avec Aujourd&rsquo;hui en France.\u00a0\u00bb,\u00a0\u00bbsite_title\u00a0\u00bb:\u00a0\u00bbL&rsquo;info en r\u00e9gion &#8211; Aujourd&rsquo;hui en France &#8211; Le Parisien\u00a0\u00bb,\u00a0\u00bbsite_tagline\u00a0\u00bb:null},\u00a0\u00bbname\u00a0\u00bb:\u00a0\u00bbEn r\u00e9gion\u00a0\u00bb,\u00a0\u00bbstory_list\u00a0\u00bb:{\u00ab\u00a0story_list_content\u00a0\u00bb:{}},\u00a0\u00bb_id\u00a0\u00bb:\u00a0\u00bb\/en-region\u00a0\u00bb}},\u00a0\u00bb_website_section_id\u00a0\u00bb:\u00a0\u00bbleparisien.\/en-region\u00a0\u00bb,\u00a0\u00bbtype\u00a0\u00bb:\u00a0\u00bbsection\u00a0\u00bb,\u00a0\u00bbversion\u00a0\u00bb:\u00a0\u00bb0.6.0&Prime;}],\u00a0\u00bbprimary_section\u00a0\u00bb:{\u00ab\u00a0path\u00a0\u00bb:\u00a0\u00bb\/podcasts\/crime-story\u00a0\u00bb,\u00a0\u00bbparent\u00a0\u00bb:{\u00ab\u00a0default\u00a0\u00bb:\u00a0\u00bb\/podcasts\u00a0\u00bb},\u00a0\u00bb_website\u00a0\u00bb:\u00a0\u00bbleparisien\u00a0\u00bb,\u00a0\u00bbparent_id\u00a0\u00bb:\u00a0\u00bb\/podcasts\u00a0\u00bb,\u00a0\u00bbname\u00a0\u00bb:\u00a0\u00bbCrime story\u00a0\u00bb,\u00a0\u00bbdescription\u00a0\u00bb:\u00a0\u00bbLe podcast faits divers Crime story raconte chaque semaine les grandes affaires criminelles qui ont marqu\u00e9 ces derni\u00e8res d\u00e9cennies. Publi\u00e9 chaque samedi, Crime story est pr\u00e9sent\u00e9 par la journaliste Clawdia Prolongeau et son invit\u00e9 permanent : Damien Delseny, le chef du service police justice du Parisien.\u00a0\u00bb,\u00a0\u00bb_id\u00a0\u00bb:\u00a0\u00bb\/podcasts\/crime-story\u00a0\u00bb,\u00a0\u00bbadditional_properties\u00a0\u00bb:{\u00ab\u00a0original\u00a0\u00bb:{\u00ab\u00a0parent\u00a0\u00bb:{\u00ab\u00a0default\u00a0\u00bb:\u00a0\u00bb\/podcasts\u00a0\u00bb,\u00a0\u00bbMaillage_SEO_Surfooter\u00a0\u00bb:\u00a0\u00bb\/podcasts\u00a0\u00bb,\u00a0\u00bbWebsked-plans\u00a0\u00bb:\u00a0\u00bb\/podcasts\u00a0\u00bb,\u00a0\u00bbsub-nav\u00a0\u00bb:\u00a0\u00bb\/podcasts\u00a0\u00bb,\u00a0\u00bbmenu\u00a0\u00bb:\u00a0\u00bb\/podcasts\u00a0\u00bb},\u00a0\u00bbin_the_news\u00a0\u00bb:{\u00ab\u00a0in_the_news_usefeature\u00a0\u00bb:null,\u00a0\u00bbin_the_news_usebasepage\u00a0\u00bb:\u00a0\u00bb\/in-the-news-forsections\/\u00a0\u00bb,\u00a0\u00bbin_the_news_usesectionbar\u00a0\u00bb:\u00a0\u00bbfalse\u00a0\u00bb},\u00a0\u00bbGoogle Analytics\u00a0\u00bb:{\u00ab\u00a0ga_name_level_2&Prime;:\u00a0\u00bbcrime-story\u00a0\u00bb,\u00a0\u00bbga_name_level_3&Prime;:null,\u00a0\u00bbga_name_level_1&Prime;:\u00a0\u00bbpodcasts\u00a0\u00bb},\u00a0\u00bbsocial\u00a0\u00bb:{\u00ab\u00a0archives\u00a0\u00bb:null,\u00a0\u00bbtwitter\u00a0\u00bb:null,\u00a0\u00bbrss\u00a0\u00bb:null,\u00a0\u00bbfacebook\u00a0\u00bb:null},\u00a0\u00bbSponsor\u00a0\u00bb:{\u00ab\u00a0sponsor_type\u00a0\u00bb:null,\u00a0\u00bbsponsor_message\u00a0\u00bb:null,\u00a0\u00bbcollection_id_for_pinned_content\u00a0\u00bb:null,\u00a0\u00bbsponsor_logo_url\u00a0\u00bb:null,\u00a0\u00bbsponsor_name\u00a0\u00bb:null},\u00a0\u00bbMobile\u00a0\u00bb:{\u00ab\u00a0background_color_section\u00a0\u00bb:\u00a0\u00bb#C0C0C0&Prime;,\u00a0\u00bbalternative_title\u00a0\u00bb:null,\u00a0\u00bbxtpage\u00a0\u00bb:null,\u00a0\u00bbsection_collection_id\u00a0\u00bb:null,\u00a0\u00bblabel\u00a0\u00bb:null,\u00a0\u00bbbackground_image_section\u00a0\u00bb:null},\u00a0\u00bbNewsletter\u00a0\u00bb:{\u00ab\u00a0newsletter_optin\u00a0\u00bb:\u00a0\u00bboptin_thematique_faits_divers\u00a0\u00bb,\u00a0\u00bbnewsletter_color\u00a0\u00bb:\u00a0\u00bb#1EA0E6&Prime;,\u00a0\u00bbnewsletter_title\u00a0\u00bb:\u00a0\u00bbUne plong\u00e9e dans l\u2019actualit\u00e9 des faits divers, pour \u00e9clairer la face sombre de notre \u00e9poque\u00a0\u00bb,\u00a0\u00bbnewsletter_name\u00a0\u00bb:\u00a0\u00bbL&rsquo;Essentiel de l&rsquo;actu\u00a0\u00bb,\u00a0\u00bbnewsletter_image\u00a0\u00bb:\u00a0\u00bbnewsletter-faits-divers-logo.png\u00a0\u00bb,\u00a0\u00bbnewsletter_slug\u00a0\u00bb:\u00a0\u00bbfaits-divers\u00a0\u00bb,\u00a0\u00bbmodule_message\u00a0\u00bb:null,\u00a0\u00bbnewsletter_label\u00a0\u00bb:\u00a0\u00bbEnqu\u00eate en cours\u00a0\u00bb},\u00a0\u00bb_admin\u00a0\u00bb:{\u00ab\u00a0tracking_node\u00a0\u00bb:null,\u00a0\u00bbalias_ids\u00a0\u00bb:[\u00ab\u00a0\/podcasts\/crime-story\u00a0\u00bb],\u00a0\u00bbdo_not_show_on_site\u00a0\u00bb:null,\u00a0\u00bbcommercial_node\u00a0\u00bb:null,\u00a0\u00bbdefault_content\u00a0\u00bb:null},\u00a0\u00bbnavigation\u00a0\u00bb:{\u00ab\u00a0nav_title\u00a0\u00bb:null,\u00a0\u00bbdisplay_in_top_strip\u00a0\u00bb:null,\u00a0\u00bbnav_display\u00a0\u00bb:null},\u00a0\u00bbsite\u00a0\u00bb:{\u00ab\u00a0is_clickable_on_menu\u00a0\u00bb:\u00a0\u00bbtrue\u00a0\u00bb,\u00a0\u00bbpresentation\u00a0\u00bb:\u00a0\u00bbLe podcast faits divers Crime story raconte chaque semaine les grandes affaires criminelles qui ont marqu\u00e9 ces derni\u00e8res d\u00e9cennies. Publi\u00e9 chaque samedi, Crime story est pr\u00e9sent\u00e9 par la journaliste Clawdia Prolongeau et son invit\u00e9 permanent : Damien Delseny, le chef du service police justice du Parisien.\u00a0\u00bb,\u00a0\u00bbpagebuilder_path_for_native_apps\u00a0\u00bb:null,\u00a0\u00bbsite_url\u00a0\u00bb:null,\u00a0\u00bbsite_keywords\u00a0\u00bb:null,\u00a0\u00bbnative_app_rendering\u00a0\u00bb:null,\u00a0\u00bbamp_deactivated\u00a0\u00bb:\u00a0\u00bbfalse\u00a0\u00bb,\u00a0\u00bbsite_about\u00a0\u00bb:null,\u00a0\u00bbpaywall_deactivated\u00a0\u00bb:\u00a0\u00bbfalse\u00a0\u00bb,\u00a0\u00bbsite_description\u00a0\u00bb:\u00a0\u00bbLe podcast faits divers Crime story raconte chaque semaine les grandes affaires criminelles qui ont marqu\u00e9 ces derni\u00e8res d\u00e9cennies. Publi\u00e9 chaque samedi, Crime story est pr\u00e9sent\u00e9 par la journaliste Clawdia Prolongeau et son invit\u00e9 permanent : Damien Delseny, le chef du service police justice du Parisien.\u00a0\u00bb,\u00a0\u00bbsite_title\u00a0\u00bb:\u00a0\u00bbCrime story : le podcast Faits divers du Parisien &#8211; Le Parisien\u00a0\u00bb,\u00a0\u00bbsite_tagline\u00a0\u00bb:null},\u00a0\u00bbinactive\u00a0\u00bb:false,\u00a0\u00bbnode_type\u00a0\u00bb:\u00a0\u00bbsection\u00a0\u00bb,\u00a0\u00bb_website\u00a0\u00bb:\u00a0\u00bbleparisien\u00a0\u00bb,\u00a0\u00bbname\u00a0\u00bb:\u00a0\u00bbCrime story\u00a0\u00bb,\u00a0\u00bbstory_list\u00a0\u00bb:{\u00ab\u00a0story_list_content\u00a0\u00bb:{}},\u00a0\u00bb_id\u00a0\u00bb:\u00a0\u00bb\/podcasts\/crime-story\u00a0\u00bb,\u00a0\u00bbancestors\u00a0\u00bb:{\u00ab\u00a0default\u00a0\u00bb:[\u00ab\u00a0\/podcasts\u00a0\u00bb],\u00a0\u00bbMaillage_SEO_Surfooter\u00a0\u00bb:[\u00ab\u00a0\/podcasts\u00a0\u00bb],\u00a0\u00bbWebsked-plans\u00a0\u00bb:[\u00ab\u00a0https:\/\/www.leparisien.fr\/\u00a0\u00bb,\u00a0\u00bb\/podcasts\u00a0\u00bb],\u00a0\u00bbsub-nav\u00a0\u00bb:[\u00ab\u00a0https:\/\/www.leparisien.fr\/\u00a0\u00bb,\u00a0\u00bb\/podcasts\u00a0\u00bb],\u00a0\u00bbmenu\u00a0\u00bb:[\u00ab\u00a0https:\/\/www.leparisien.fr\/\u00a0\u00bb,\u00a0\u00bb\/podcasts\u00a0\u00bb]},\u00a0\u00bborder\u00a0\u00bb:{\u00ab\u00a0default\u00a0\u00bb:2002,\u00a0\u00bbMaillage_SEO_Surfooter\u00a0\u00bb:2002,\u00a0\u00bbWebsked-plans\u00a0\u00bb:2002,\u00a0\u00bbsub-nav\u00a0\u00bb:2002,\u00a0\u00bbmenu\u00a0\u00bb:2002}}},\u00a0\u00bbtype\u00a0\u00bb:\u00a0\u00bbsection\u00a0\u00bb,\u00a0\u00bbversion\u00a0\u00bb:\u00a0\u00bb0.6.0&Prime;},\u00a0\u00bbseo_keywords\u00a0\u00bb:[\u00ab\u00a0crime\u00a0\u00bb,\u00a0\u00bbfaits divers\u00a0\u00bb,\u00a0\u00bbaffaires criminelles\u00a0\u00bb,\u00a0\u00bbpodcast\u00a0\u00bb],\u00a0\u00bbkeywords\u00a0\u00bb:[\u00ab\u00a0crime\u00a0\u00bb,\u00a0\u00bbfaits divers\u00a0\u00bb,\u00a0\u00bbaffaires criminelles\u00a0\u00bb,\u00a0\u00bbpodcast\u00a0\u00bb]},\u00a0\u00bbrelated_content\u00a0\u00bb:{\u00ab\u00a0redirect\u00a0\u00bb:[{\u00ab\u00a0canonical_url\u00a0\u00bb:\u00a0\u00bb\/podcasts\/crime-story\/22-vengeance-et-colis-piege-le-mysterieux-attentat-de-la-baule-21-12-2025-4FKELAMJORCTXA32RTSSIAVKXQ.php\u00a0\u00bb,\u00a0\u00bbtype\u00a0\u00bb:\u00a0\u00bbredirect\u00a0\u00bb,\u00a0\u00bbversion\u00a0\u00bb:\u00a0\u00bb0.10.11&Prime;,\u00a0\u00bbredirect_url\u00a0\u00bb:\u00a0\u00bbhttps:\/\/podcasts.leparisien.fr\/le-parisien-crime-story\/202512200702-22-vengeance-et-colis-piege-le-mysterieux-attentat-de-la-bau\u00a0\u00bb}],\u00a0\u00bbbasic\u00a0\u00bb:[]},\u00a0\u00bbtype\u00a0\u00bb:\u00a0\u00bbstory\u00a0\u00bb,\u00a0\u00bbcredits\u00a0\u00bb:{\u00ab\u00a0by\u00a0\u00bb:[{\u00ab\u00a0socialLinks\u00a0\u00bb:[{\u00ab\u00a0site\u00a0\u00bb:\u00a0\u00bbemail\u00a0\u00bb,\u00a0\u00bbdeprecated\u00a0\u00bb:true,\u00a0\u00bbdeprecation_msg\u00a0\u00bb:\u00a0\u00bbPlease use social_links.\u00a0\u00bb,\u00a0\u00bburl\u00a0\u00bb:\u00a0\u00bb\u00a0\u00bb},{\u00ab\u00a0site\u00a0\u00bb:\u00a0\u00bbtwitter\u00a0\u00bb,\u00a0\u00bbdeprecated\u00a0\u00bb:true,\u00a0\u00bbdeprecation_msg\u00a0\u00bb:\u00a0\u00bbPlease use social_links.\u00a0\u00bb,\u00a0\u00bburl\u00a0\u00bb:\u00a0\u00bb\u00a0\u00bb}],\u00a0\u00bborg\u00a0\u00bb:\u00a0\u00bbPodcast\u00a0\u00bb,\u00a0\u00bbsocial_links\u00a0\u00bb:[{\u00ab\u00a0site\u00a0\u00bb:\u00a0\u00bbemail\u00a0\u00bb,\u00a0\u00bburl\u00a0\u00bb:\u00a0\u00bb\u00a0\u00bb},{\u00ab\u00a0site\u00a0\u00bb:\u00a0\u00bbtwitter\u00a0\u00bb,\u00a0\u00bburl\u00a0\u00bb:\u00a0\u00bb\u00a0\u00bb}],\u00a0\u00bbname\u00a0\u00bb:\u00a0\u00bbL&rsquo;\u00e9quipe de Crime Story\u00a0\u00bb,\u00a0\u00bb_id\u00a0\u00bb:\u00a0\u00bbEquipeCrimeStory\u00a0\u00bb,\u00a0\u00bbadditional_properties\u00a0\u00bb:{\u00ab\u00a0original\u00a0\u00bb:{\u00ab\u00a0lastName\u00a0\u00bb:\u00a0\u00bbde Crime Story\u00a0\u00bb,\u00a0\u00bbeducation\u00a0\u00bb:[],\u00a0\u00bblongBio\u00a0\u00bb:\u00a0\u00bb\u00a0\u00bb,\u00a0\u00bbfirstName\u00a0\u00bb:\u00a0\u00bbL&rsquo;\u00e9quipe\u00a0\u00bb,\u00a0\u00bbtwitter\u00a0\u00bb:\u00a0\u00bb\u00a0\u00bb,\u00a0\u00bbbooks\u00a0\u00bb:[],\u00a0\u00bbpodcasts\u00a0\u00bb:[],\u00a0\u00bbawards\u00a0\u00bb:[],\u00a0\u00bblocation\u00a0\u00bb:\u00a0\u00bbPodcast\u00a0\u00bb,\u00a0\u00bb_id\u00a0\u00bb:\u00a0\u00bbEquipeCrimeStory\u00a0\u00bb,\u00a0\u00bblast_updated_date\u00a0\u00bb:\u00a0\u00bb2023-12-22T10:31:47.195Z\u00a0\u00bb,\u00a0\u00bbbyline\u00a0\u00bb:\u00a0\u00bbL&rsquo;\u00e9quipe de Crime Story\u00a0\u00bb,\u00a0\u00bbemail\u00a0\u00bb:\u00a0\u00bb\u00a0\u00bb,\u00a0\u00bbslug\u00a0\u00bb:\u00a0\u00bb\u00a0\u00bb}},\u00a0\u00bbtype\u00a0\u00bb:\u00a0\u00bbauthor\u00a0\u00bb,\u00a0\u00bbversion\u00a0\u00bb:\u00a0\u00bb0.5.8&Prime;,\u00a0\u00bbslug\u00a0\u00bb:\u00a0\u00bb\u00a0\u00bb,\u00a0\u00bbdisplay_name\u00a0\u00bb:\u00a0\u00bbL&rsquo;\u00e9quipe de Crime Story\u00a0\u00bb}]},\u00a0\u00bbsubtype\u00a0\u00bb:\u00a0\u00bbART:\u00a0\u00bb,\u00a0\u00bbfirst_publish_date\u00a0\u00bb:\u00a0\u00bb2025-12-21T16:46:32Z\u00a0\u00bb,\u00a0\u00bbadditional_properties\u00a0\u00bb:{\u00ab\u00a0is_published\u00a0\u00bb:true,\u00a0\u00bbpublish_date\u00a0\u00bb:\u00a0\u00bb2025-12-21T16:51:01.879Z\u00a0\u00bb,\u00a0\u00bbhas_published_copy\u00a0\u00bb:true},\u00a0\u00bblast_updated_date\u00a0\u00bb:\u00a0\u00bb2025-12-21T16:55:08.984Z\u00a0\u00bb,\u00a0\u00bbowner\u00a0\u00bb:{\u00ab\u00a0sponsored\u00a0\u00bb:false,\u00a0\u00bbid\u00a0\u00bb:\u00a0\u00bbleparisien\u00a0\u00bb},\u00a0\u00bbaddress\u00a0\u00bb:{},\u00a0\u00bblabel\u00a0\u00bb:{\u00ab\u00a0format\u00a0\u00bb:{\u00ab\u00a0display\u00a0\u00bb:true,\u00a0\u00bbtext\u00a0\u00bb:\u00a0\u00bbPodcast\u00a0\u00bb,\u00a0\u00bburl\u00a0\u00bb:\u00a0\u00bb\/podcast\u00a0\u00bb}},\u00a0\u00bbpromo_items\u00a0\u00bb:{\u00ab\u00a0basic\u00a0\u00bb:{\u00ab\u00a0owner\u00a0\u00bb:{\u00ab\u00a0sponsored\u00a0\u00bb:false,\u00a0\u00bbid\u00a0\u00bb:\u00a0\u00bbleparisien\u00a0\u00bb},\u00a0\u00bbaddress\u00a0\u00bb:{},\u00a0\u00bbsyndication\u00a0\u00bb:{\u00ab\u00a0search\u00a0\u00bb:false,\u00a0\u00bbexternal_distribution\u00a0\u00bb:false},\u00a0\u00bbauth\u00a0\u00bb:{\u00ab\u00a01&Prime;:\u00a0\u00bb28ed450c4bd377382bf836d0cade3a2eefd7a53d971c7c3346f88731b7c97ddc\u00a0\u00bb},\u00a0\u00bbcaption\u00a0\u00bb:\u00a0\u00bbLe vendredi 24 novembre 2000, un colis pi\u00e9g\u00e9 explose au Syndicat intercommunal de la c\u00f4te d\u2019Amour et de la presqu\u2019\u00eele gu\u00e9randaise, le SICAPG. Le Parisien DA\/AFP\u00a0\u00bb,\u00a0\u00bbsource\u00a0\u00bb:{\u00ab\u00a0system\u00a0\u00bb:\u00a0\u00bbphoto center\u00a0\u00bb,\u00a0\u00bbedit_url\u00a0\u00bb:\u00a0\u00bb\u00a0\u00bb,\u00a0\u00bbadditional_properties\u00a0\u00bb:{\u00ab\u00a0editor\u00a0\u00bb:\u00a0\u00bbphoto center\u00a0\u00bb}},\u00a0\u00bbtaxonomy\u00a0\u00bb:{\u00ab\u00a0associated_tasks\u00a0\u00bb:[]},\u00a0\u00bbtype\u00a0\u00bb:\u00a0\u00bbimage\u00a0\u00bb,\u00a0\u00bbversion\u00a0\u00bb:\u00a0\u00bb0.10.9&Prime;,\u00a0\u00bburl\u00a0\u00bb:\u00a0\u00bbhttps:\/\/cloudfront-eu-central-1.images.arcpublishing.com\/leparisien\/WRB7NC7QCBAYLOUXNS7ZJCY34I.jpg\u00a0\u00bb,\u00a0\u00bbgeo\u00a0\u00bb:{},\u00a0\u00bblicensable\u00a0\u00bb:false,\u00a0\u00bbcredits\u00a0\u00bb:{\u00ab\u00a0by\u00a0\u00bb:[]},\u00a0\u00bbsubtitle\u00a0\u00bb:\u00a0\u00bb\u00a0\u00bb,\u00a0\u00bbwidth\u00a0\u00bb:1622,\u00a0\u00bb_id\u00a0\u00bb:\u00a0\u00bbWRB7NC7QCBAYLOUXNS7ZJCY34I\u00a0\u00bb,\u00a0\u00bbadditional_properties\u00a0\u00bb:{\u00ab\u00a0fullSizeResizeUrl\u00a0\u00bb:\u00a0\u00bb\/resizer\/v2\/WRB7NC7QCBAYLOUXNS7ZJCY34I.jpg?auth=28ed450c4bd377382bf836d0cade3a2eefd7a53d971c7c3346f88731b7c97ddc\u00a0\u00bb,\u00a0\u00bbkeywords\u00a0\u00bb:[\u00ab\u00a0crime story\u00a0\u00bb],\u00a0\u00bbproxyUrl\u00a0\u00bb:\u00a0\u00bb\/resizer\/v2\/WRB7NC7QCBAYLOUXNS7ZJCY34I.jpg?auth=28ed450c4bd377382bf836d0cade3a2eefd7a53d971c7c3346f88731b7c97ddc\u00a0\u00bb,\u00a0\u00bboriginalUrl\u00a0\u00bb:\u00a0\u00bbhttps:\/\/cloudfront-eu-central-1.images.arcpublishing.com\/leparisien\/WRB7NC7QCBAYLOUXNS7ZJCY34I.jpg\u00a0\u00bb,\u00a0\u00bbpublished\u00a0\u00bb:true,\u00a0\u00bbresizeUrl\u00a0\u00bb:\u00a0\u00bb\/resizer\/v2\/WRB7NC7QCBAYLOUXNS7ZJCY34I.jpg?auth=28ed450c4bd377382bf836d0cade3a2eefd7a53d971c7c3346f88731b7c97ddc\u00a0\u00bb,\u00a0\u00bbingestionMethod\u00a0\u00bb:\u00a0\u00bbmanual\u00a0\u00bb,\u00a0\u00bbthumbnailResizeUrl\u00a0\u00bb:\u00a0\u00bb\/resizer\/v2\/WRB7NC7QCBAYLOUXNS7ZJCY34I.jpg?auth=28ed450c4bd377382bf836d0cade3a2eefd7a53d971c7c3346f88731b7c97ddc&#038;width=300&Prime;,\u00a0\u00bbversion\u00a0\u00bb:2,\u00a0\u00bboriginalName\u00a0\u00bb:\u00a0\u00bbcrime-story-1622_1013 (5).jpg\u00a0\u00bb,\u00a0\u00bbmime_type\u00a0\u00bb:\u00a0\u00bbimage\/jpeg\u00a0\u00bb,\u00a0\u00bbrestricted\u00a0\u00bb:false,\u00a0\u00bbtemplate_id\u00a0\u00bb:68,\u00a0\u00bbgalleries\u00a0\u00bb:[]},\u00a0\u00bbcreated_date\u00a0\u00bb:\u00a0\u00bb2025-12-19T15:38:15Z\u00a0\u00bb,\u00a0\u00bblast_updated_date\u00a0\u00bb:\u00a0\u00bb2025-12-19T21:46:41Z\u00a0\u00bb,\u00a0\u00bbheight\u00a0\u00bb:1013,\u00a0\u00bbimage_type\u00a0\u00bb:\u00a0\u00bbphotograph\u00a0\u00bb,\u00a0\u00bbstatus\u00a0\u00bb:\u00a0\u00bb\u00a0\u00bb}},\u00a0\u00bbcanonical_url\u00a0\u00bb:\u00a0\u00bb\/podcasts\/crime-story\/22-vengeance-et-colis-piege-le-mysterieux-attentat-de-la-baule-21-12-2025-4FKELAMJORCTXA32RTSSIAVKXQ.php\u00a0\u00bb,\u00a0\u00bbdistributor\u00a0\u00bb:{\u00ab\u00a0name\u00a0\u00bb:\u00a0\u00bbleparisien\u00a0\u00bb,\u00a0\u00bbcategory\u00a0\u00bb:\u00a0\u00bbstaff\u00a0\u00bb,\u00a0\u00bbsubcategory\u00a0\u00bb:\u00a0\u00bb\u00a0\u00bb},\u00a0\u00bbcanonical_website\u00a0\u00bb:\u00a0\u00bbleparisien\u00a0\u00bb,\u00a0\u00bbcontent_restrictions\u00a0\u00bb:{\u00ab\u00a0content_code\u00a0\u00bb:\u00a0\u00bbmetered\u00a0\u00bb},\u00a0\u00bbdisplay_date\u00a0\u00bb:\u00a0\u00bb2025-12-21T16:46:32Z\u00a0\u00bb,\u00a0\u00bbheadlines\u00a0\u00bb:{\u00ab\u00a0tablet\u00a0\u00bb:\u00a0\u00bb\u00a0\u00bb,\u00a0\u00bbprint\u00a0\u00bb:\u00a0\u00bb\u00a0\u00bb,\u00a0\u00bbmeta_title\u00a0\u00bb:\u00a0\u00bb\u00a0\u00bb,\u00a0\u00bbnative\u00a0\u00bb:\u00a0\u00bb\u00a0\u00bb,\u00a0\u00bbweb\u00a0\u00bb:\u00a0\u00bb\u00a0\u00bb,\u00a0\u00bbmobile\u00a0\u00bb:\u00a0\u00bb\u00a0\u00bb,\u00a0\u00bbbasic\u00a0\u00bb:\u00a0\u00bb[2\/2] Vengeance et colis pi\u00e9g\u00e9\u00a0: le myst\u00e9rieux attentat de La\u00a0Baule\u00a0\u00bb,\u00a0\u00bbtable\u00a0\u00bb:\u00a0\u00bb\u00a0\u00bb},\u00a0\u00bbwebsites\u00a0\u00bb:{\u00ab\u00a0leparisien\u00a0\u00bb:{\u00ab\u00a0website_url\u00a0\u00bb:\u00a0\u00bb\/podcasts\/crime-story\/22-vengeance-et-colis-piege-le-mysterieux-attentat-de-la-baule-21-12-2025-4FKELAMJORCTXA32RTSSIAVKXQ.php\u00a0\u00bb,\u00a0\u00bbwebsite_section\u00a0\u00bb:{\u00ab\u00a0path\u00a0\u00bb:\u00a0\u00bb\/podcasts\/crime-story\u00a0\u00bb,\u00a0\u00bbparent\u00a0\u00bb:{\u00ab\u00a0default\u00a0\u00bb:\u00a0\u00bb\/podcasts\u00a0\u00bb},\u00a0\u00bb_website\u00a0\u00bb:\u00a0\u00bbleparisien\u00a0\u00bb,\u00a0\u00bbparent_id\u00a0\u00bb:\u00a0\u00bb\/podcasts\u00a0\u00bb,\u00a0\u00bbname\u00a0\u00bb:\u00a0\u00bbCrime story\u00a0\u00bb,\u00a0\u00bbdescription\u00a0\u00bb:\u00a0\u00bbLe podcast faits divers Crime story raconte chaque semaine les grandes affaires criminelles qui ont marqu\u00e9 ces derni\u00e8res d\u00e9cennies. Publi\u00e9 chaque samedi, Crime story est pr\u00e9sent\u00e9 par la journaliste Clawdia Prolongeau et son invit\u00e9 permanent : Damien Delseny, le chef du service police justice du Parisien.\u00a0\u00bb,\u00a0\u00bb_id\u00a0\u00bb:\u00a0\u00bb\/podcasts\/crime-story\u00a0\u00bb,\u00a0\u00bbadditional_properties\u00a0\u00bb:{\u00ab\u00a0original\u00a0\u00bb:{\u00ab\u00a0parent\u00a0\u00bb:{\u00ab\u00a0default\u00a0\u00bb:\u00a0\u00bb\/podcasts\u00a0\u00bb,\u00a0\u00bbMaillage_SEO_Surfooter\u00a0\u00bb:\u00a0\u00bb\/podcasts\u00a0\u00bb,\u00a0\u00bbWebsked-plans\u00a0\u00bb:\u00a0\u00bb\/podcasts\u00a0\u00bb,\u00a0\u00bbsub-nav\u00a0\u00bb:\u00a0\u00bb\/podcasts\u00a0\u00bb,\u00a0\u00bbmenu\u00a0\u00bb:\u00a0\u00bb\/podcasts\u00a0\u00bb},\u00a0\u00bbin_the_news\u00a0\u00bb:{\u00ab\u00a0in_the_news_usefeature\u00a0\u00bb:null,\u00a0\u00bbin_the_news_usebasepage\u00a0\u00bb:\u00a0\u00bb\/in-the-news-forsections\/\u00a0\u00bb,\u00a0\u00bbin_the_news_usesectionbar\u00a0\u00bb:\u00a0\u00bbfalse\u00a0\u00bb},\u00a0\u00bbGoogle Analytics\u00a0\u00bb:{\u00ab\u00a0ga_name_level_2&Prime;:\u00a0\u00bbcrime-story\u00a0\u00bb,\u00a0\u00bbga_name_level_3&Prime;:null,\u00a0\u00bbga_name_level_1&Prime;:\u00a0\u00bbpodcasts\u00a0\u00bb},\u00a0\u00bbsocial\u00a0\u00bb:{\u00ab\u00a0archives\u00a0\u00bb:null,\u00a0\u00bbtwitter\u00a0\u00bb:null,\u00a0\u00bbrss\u00a0\u00bb:null,\u00a0\u00bbfacebook\u00a0\u00bb:null},\u00a0\u00bbSponsor\u00a0\u00bb:{\u00ab\u00a0sponsor_type\u00a0\u00bb:null,\u00a0\u00bbsponsor_message\u00a0\u00bb:null,\u00a0\u00bbcollection_id_for_pinned_content\u00a0\u00bb:null,\u00a0\u00bbsponsor_logo_url\u00a0\u00bb:null,\u00a0\u00bbsponsor_name\u00a0\u00bb:null},\u00a0\u00bbMobile\u00a0\u00bb:{\u00ab\u00a0background_color_section\u00a0\u00bb:\u00a0\u00bb#C0C0C0&Prime;,\u00a0\u00bbalternative_title\u00a0\u00bb:null,\u00a0\u00bbxtpage\u00a0\u00bb:null,\u00a0\u00bbsection_collection_id\u00a0\u00bb:null,\u00a0\u00bblabel\u00a0\u00bb:null,\u00a0\u00bbbackground_image_section\u00a0\u00bb:null},\u00a0\u00bbNewsletter\u00a0\u00bb:{\u00ab\u00a0newsletter_optin\u00a0\u00bb:\u00a0\u00bboptin_thematique_faits_divers\u00a0\u00bb,\u00a0\u00bbnewsletter_color\u00a0\u00bb:\u00a0\u00bb#1EA0E6&Prime;,\u00a0\u00bbnewsletter_title\u00a0\u00bb:\u00a0\u00bbUne plong\u00e9e dans l\u2019actualit\u00e9 des faits divers, pour \u00e9clairer la face sombre de notre \u00e9poque\u00a0\u00bb,\u00a0\u00bbnewsletter_name\u00a0\u00bb:\u00a0\u00bbL&rsquo;Essentiel de l&rsquo;actu\u00a0\u00bb,\u00a0\u00bbnewsletter_image\u00a0\u00bb:\u00a0\u00bbnewsletter-faits-divers-logo.png\u00a0\u00bb,\u00a0\u00bbnewsletter_slug\u00a0\u00bb:\u00a0\u00bbfaits-divers\u00a0\u00bb,\u00a0\u00bbmodule_message\u00a0\u00bb:null,\u00a0\u00bbnewsletter_label\u00a0\u00bb:\u00a0\u00bbEnqu\u00eate en cours\u00a0\u00bb},\u00a0\u00bb_admin\u00a0\u00bb:{\u00ab\u00a0tracking_node\u00a0\u00bb:null,\u00a0\u00bbalias_ids\u00a0\u00bb:[\u00ab\u00a0\/podcasts\/crime-story\u00a0\u00bb],\u00a0\u00bbdo_not_show_on_site\u00a0\u00bb:null,\u00a0\u00bbcommercial_node\u00a0\u00bb:null,\u00a0\u00bbdefault_content\u00a0\u00bb:null},\u00a0\u00bbnavigation\u00a0\u00bb:{\u00ab\u00a0nav_title\u00a0\u00bb:null,\u00a0\u00bbdisplay_in_top_strip\u00a0\u00bb:null,\u00a0\u00bbnav_display\u00a0\u00bb:null},\u00a0\u00bbsite\u00a0\u00bb:{\u00ab\u00a0is_clickable_on_menu\u00a0\u00bb:\u00a0\u00bbtrue\u00a0\u00bb,\u00a0\u00bbpresentation\u00a0\u00bb:\u00a0\u00bbLe podcast faits divers Crime story raconte chaque semaine les grandes affaires criminelles qui ont marqu\u00e9 ces derni\u00e8res d\u00e9cennies. Publi\u00e9 chaque samedi, Crime story est pr\u00e9sent\u00e9 par la journaliste Clawdia Prolongeau et son invit\u00e9 permanent : Damien Delseny, le chef du service police justice du Parisien.\u00a0\u00bb,\u00a0\u00bbpagebuilder_path_for_native_apps\u00a0\u00bb:null,\u00a0\u00bbsite_url\u00a0\u00bb:null,\u00a0\u00bbsite_keywords\u00a0\u00bb:null,\u00a0\u00bbnative_app_rendering\u00a0\u00bb:null,\u00a0\u00bbamp_deactivated\u00a0\u00bb:\u00a0\u00bbfalse\u00a0\u00bb,\u00a0\u00bbsite_about\u00a0\u00bb:null,\u00a0\u00bbpaywall_deactivated\u00a0\u00bb:\u00a0\u00bbfalse\u00a0\u00bb,\u00a0\u00bbsite_description\u00a0\u00bb:\u00a0\u00bbLe podcast faits divers Crime story raconte chaque semaine les grandes affaires criminelles qui ont marqu\u00e9 ces derni\u00e8res d\u00e9cennies. Publi\u00e9 chaque samedi, Crime story est pr\u00e9sent\u00e9 par la journaliste Clawdia Prolongeau et son invit\u00e9 permanent : Damien Delseny, le chef du service police justice du Parisien.\u00a0\u00bb,\u00a0\u00bbsite_title\u00a0\u00bb:\u00a0\u00bbCrime story : le podcast Faits divers du Parisien &#8211; Le Parisien\u00a0\u00bb,\u00a0\u00bbsite_tagline\u00a0\u00bb:null},\u00a0\u00bbinactive\u00a0\u00bb:false,\u00a0\u00bbnode_type\u00a0\u00bb:\u00a0\u00bbsection\u00a0\u00bb,\u00a0\u00bb_website\u00a0\u00bb:\u00a0\u00bbleparisien\u00a0\u00bb,\u00a0\u00bbname\u00a0\u00bb:\u00a0\u00bbCrime story\u00a0\u00bb,\u00a0\u00bbstory_list\u00a0\u00bb:{\u00ab\u00a0story_list_content\u00a0\u00bb:{}},\u00a0\u00bb_id\u00a0\u00bb:\u00a0\u00bb\/podcasts\/crime-story\u00a0\u00bb,\u00a0\u00bbancestors\u00a0\u00bb:{\u00ab\u00a0default\u00a0\u00bb:[\u00ab\u00a0\/podcasts\u00a0\u00bb],\u00a0\u00bbMaillage_SEO_Surfooter\u00a0\u00bb:[\u00ab\u00a0\/podcasts\u00a0\u00bb],\u00a0\u00bbWebsked-plans\u00a0\u00bb:[\u00ab\u00a0https:\/\/www.leparisien.fr\/\u00a0\u00bb,\u00a0\u00bb\/podcasts\u00a0\u00bb],\u00a0\u00bbsub-nav\u00a0\u00bb:[\u00ab\u00a0https:\/\/www.leparisien.fr\/\u00a0\u00bb,\u00a0\u00bb\/podcasts\u00a0\u00bb],\u00a0\u00bbmenu\u00a0\u00bb:[\u00ab\u00a0https:\/\/www.leparisien.fr\/\u00a0\u00bb,\u00a0\u00bb\/podcasts\u00a0\u00bb]},\u00a0\u00bborder\u00a0\u00bb:{\u00ab\u00a0default\u00a0\u00bb:2002,\u00a0\u00bbMaillage_SEO_Surfooter\u00a0\u00bb:2002,\u00a0\u00bbWebsked-plans\u00a0\u00bb:2002,\u00a0\u00bbsub-nav\u00a0\u00bb:2002,\u00a0\u00bbmenu\u00a0\u00bb:2002}}},\u00a0\u00bb_website_section_id\u00a0\u00bb:\u00a0\u00bbleparisien.\/podcasts\/crime-story\u00a0\u00bb,\u00a0\u00bbtype\u00a0\u00bb:\u00a0\u00bbsection\u00a0\u00bb,\u00a0\u00bbversion\u00a0\u00bb:\u00a0\u00bb0.6.0&Prime;}}},\u00a0\u00bbcreated_date\u00a0\u00bb:\u00a0\u00bb2025-12-19T15:41:00.866Z\u00a0\u00bb,\u00a0\u00bbpublish_date\u00a0\u00bb:\u00a0\u00bb2025-12-21T16:55:08Z\u00a0\u00bb,\u00a0\u00bb_id\u00a0\u00bb:\u00a0\u00bb4FKELAMJORCTXA32RTSSIAVKXQ\u00a0\u00bb,\u00a0\u00bbwebsite\u00a0\u00bb:\u00a0\u00bbleparisien\u00a0\u00bb,\u00a0\u00bbwebsite_url\u00a0\u00bb:\u00a0\u00bb\/podcasts\/crime-story\/22-vengeance-et-colis-piege-le-mysterieux-attentat-de-la-baule-21-12-2025-4FKELAMJORCTXA32RTSSIAVKXQ.php\u00a0\u00bb}],\u00a0\u00bbadditional_properties\u00a0\u00bb:{\u00ab\u00a0took\u00a0\u00bb:39,\u00a0\u00bbtimed_out\u00a0\u00bb:false},\u00a0\u00bbcount\u00a0\u00bb:181,\u00a0\u00bbnext\u00a0\u00bb:1,\u00a0\u00bb_id\u00a0\u00bb:\u00a0\u00bba5718727bbe12a8cbbd26901e012dceea69679a90d8e8dd11edf0720a6640125&Prime;},\u00a0\u00bbexpires\u00a0\u00bb:1767387480380,\u00a0\u00bblastModified\u00a0\u00bb:1767387360310},\u00a0\u00bb{\\\u00a0\u00bbexcludeSections\\\u00a0\u00bb:[\\\u00a0\u00bb\/podcasts\/code-source\\\u00a0\u00bb,\\\u00a0\u00bb\/politique\/newsletter\\\u00a0\u00bb,\\\u00a0\u00bb\/newsletters\\\u00a0\u00bb],\\\u00a0\u00bbexcludeSubtype\\\u00a0\u00bb:\\\u00a0\u00bbarticle_sponsored,article_like\\\u00a0\u00bb,\\\u00a0\u00bbfilterContent\\\u00a0\u00bb:[\\\u00a0\u00bb_id\\\u00a0\u00bb,\\\u00a0\u00bbheadlines\\\u00a0\u00bb,\\\u00a0\u00bbwebsite_url\\\u00a0\u00bb,\\\u00a0\u00bblabel\\\u00a0\u00bb],\\\u00a0\u00bboffset\\\u00a0\u00bb:0,\\\u00a0\u00bbsectionPath\\\u00a0\u00bb:\\\u00a0\u00bb\/meteo\\\u00a0\u00bb,\\\u00a0\u00bbsize\\\u00a0\u00bb:20,\\\u00a0\u00bbwebsite\\\u00a0\u00bb:\\\u00a0\u00bbleparisien\\\u00a0\u00bb}\u00a0\u00bb:{\u00ab\u00a0data\u00a0\u00bb:{\u00ab\u00a0content_elements\u00a0\u00bb:[{\u00ab\u00a0_id\u00a0\u00bb:\u00a0\u00bbXHMU4QE7VZGKJCLAGCO7QT7374&Prime;,\u00a0\u00bbcontent_restrictions\u00a0\u00bb:{\u00ab\u00a0content_code\u00a0\u00bb:\u00a0\u00bbmetered\u00a0\u00bb},\u00a0\u00bbdistributor\u00a0\u00bb:{\u00ab\u00a0name\u00a0\u00bb:\u00a0\u00bbleparisien\u00a0\u00bb},\u00a0\u00bbheadlines\u00a0\u00bb:{\u00ab\u00a0basic\u00a0\u00bb:\u00a0\u00bbLes premiers flocons de 2026 sont tomb\u00e9s en \u00cele-de-France et dans l\u2019Oise, plac\u00e9s en vigilance jaune neige verglas\u00a0\u00bb},\u00a0\u00bblabel\u00a0\u00bb:{},\u00a0\u00bbpromo_items\u00a0\u00bb:{\u00ab\u00a0basic\u00a0\u00bb:{\u00ab\u00a0additional_properties\u00a0\u00bb:{},\u00a0\u00bbcaption\u00a0\u00bb:\u00a0\u00bbCe vendredi matin, certains secteurs de l&rsquo;Oise ont vu leur paysage se blanchir, comme ici \u00e0 Maliens. DR\/ Facebook. Fr\u00e9dot Fredot.\u00a0\u00bb,\u00a0\u00bbheight\u00a0\u00bb:637,\u00a0\u00bbtype\u00a0\u00bb:\u00a0\u00bbimage\u00a0\u00bb,\u00a0\u00bburl\u00a0\u00bb:\u00a0\u00bbhttps:\/\/cloudfront-eu-central-1.images.arcpublishing.com\/leparisien\/3WVFKULXRBEUJBJGFZD6VMHKCU.jpg\u00a0\u00bb,\u00a0\u00bbwidth\u00a0\u00bb:1080}},\u00a0\u00bbsubtype\u00a0\u00bb:\u00a0\u00bbART:\u00a0\u00bb,\u00a0\u00bbtaxonomy\u00a0\u00bb:{\u00ab\u00a0primary_section\u00a0\u00bb:{\u00ab\u00a0_id\u00a0\u00bb:\u00a0\u00bb\/meteo\u00a0\u00bb,\u00a0\u00bbadditional_properties\u00a0\u00bb:{\u00ab\u00a0original\u00a0\u00bb:{\u00ab\u00a0site\u00a0\u00bb:{\u00ab\u00a0paywall_deactivated\u00a0\u00bb:\u00a0\u00bbfalse\u00a0\u00bb}}},\u00a0\u00bbname\u00a0\u00bb:\u00a0\u00bbM\u00e9t\u00e9o\u00a0\u00bb}},\u00a0\u00bbwebsite_url\u00a0\u00bb:\u00a0\u00bb\/oise-60\/les-premiers-flocons-de-2026-sont-tombes-en-ile-de-france-et-dans-loise-places-en-vigilance-jaune-neige-verglas-02-01-2026-XHMU4QE7VZGKJCLAGCO7QT7374.php\u00a0\u00bb},{\u00ab\u00a0_id\u00a0\u00bb:\u00a0\u00bbQBMX4V55SFD5FKRCQE32DHDDWQ\u00a0\u00bb,\u00a0\u00bbcontent_restrictions\u00a0\u00bb:{\u00ab\u00a0content_code\u00a0\u00bb:\u00a0\u00bbmetered\u00a0\u00bb},\u00a0\u00bbdistributor\u00a0\u00bb:{\u00ab\u00a0name\u00a0\u00bb:\u00a0\u00bbleparisien\u00a0\u00bb},\u00a0\u00bbheadlines\u00a0\u00bb:{\u00ab\u00a0basic\u00a0\u00bb:\u00a0\u00bbM\u00e9t\u00e9o du week-end\u00a0: des temp\u00e9ratures encore plus basses avec quelques l\u00e9g\u00e8res chutes de neige attendues\u00a0\u00bb},\u00a0\u00bblabel\u00a0\u00bb:{},\u00a0\u00bbpromo_items\u00a0\u00bb:{\u00ab\u00a0basic\u00a0\u00bb:{\u00ab\u00a0additional_properties\u00a0\u00bb:{},\u00a0\u00bbcaption\u00a0\u00bb:\u00a0\u00bbDes gel\u00e9es seront g\u00e9n\u00e9ralis\u00e9es dans le nord comme dans le sud du pays en matin\u00e9e, o\u00f9 les temp\u00e9ratures attendues iront parfois jusqu\u2019\u00e0 -10\u00a0\u00b0C en campagne et en montagne. LP \/ Arnaud Journois \u00ab\u00a0,\u00a0\u00bbheight\u00a0\u00bb:1866,\u00a0\u00bbtype\u00a0\u00bb:\u00a0\u00bbimage\u00a0\u00bb,\u00a0\u00bburl\u00a0\u00bb:\u00a0\u00bbhttps:\/\/cloudfront-eu-central-1.images.arcpublishing.com\/leparisien\/DSFN6KQBPNAKPP7VJC6X3AEI4A.jpg\u00a0\u00bb,\u00a0\u00bbwidth\u00a0\u00bb:2800}},\u00a0\u00bbsubtype\u00a0\u00bb:\u00a0\u00bbART:\u00a0\u00bb,\u00a0\u00bbtaxonomy\u00a0\u00bb:{\u00ab\u00a0primary_section\u00a0\u00bb:{\u00ab\u00a0_id\u00a0\u00bb:\u00a0\u00bb\/meteo\u00a0\u00bb,\u00a0\u00bbadditional_properties\u00a0\u00bb:{\u00ab\u00a0original\u00a0\u00bb:{\u00ab\u00a0site\u00a0\u00bb:{\u00ab\u00a0paywall_deactivated\u00a0\u00bb:\u00a0\u00bbfalse\u00a0\u00bb}}},\u00a0\u00bbname\u00a0\u00bb:\u00a0\u00bbM\u00e9t\u00e9o\u00a0\u00bb},\u00a0\u00bbtags\u00a0\u00bb:[{\u00ab\u00a0text\u00a0\u00bb:\u00a0\u00bbM\u00e9t\u00e9o froid\u00a0\u00bb}]},\u00a0\u00bbwebsite_url\u00a0\u00bb:\u00a0\u00bbhttps:\/\/www.leparisien.fr\/meteo\/meteo-du-week-end-des-temperatures-encore-plus-basses-avec-quelques-legeres-chutes-de-neige-attendues-02-01-2026-QBMX4V55SFD5FKRCQE32DHDDWQ.php\u00a0\u00bb},{\u00ab\u00a0_id\u00a0\u00bb:\u00a0\u00bbDA3U5AWCTZGUBKGIEKMUHMUQXI\u00a0\u00bb,\u00a0\u00bbcontent_restrictions\u00a0\u00bb:{\u00ab\u00a0content_code\u00a0\u00bb:\u00a0\u00bbhard-paywall\u00a0\u00bb},\u00a0\u00bbdistributor\u00a0\u00bb:{\u00ab\u00a0name\u00a0\u00bb:\u00a0\u00bbleparisien\u00a0\u00bb},\u00a0\u00bbheadlines\u00a0\u00bb:{\u00ab\u00a0basic\u00a0\u00bb:\u00a0\u00bb\u00ab\u00a0D\u00e8s que le soleil dispara\u00eet, c\u2019est dur\u00a0\u00bb\u00a0: \u00e0 Melun, la Croix-Rouge \u00e0 la rescousse des SDF face au froid\u00a0\u00bb},\u00a0\u00bblabel\u00a0\u00bb:{\u00ab\u00a0format\u00a0\u00bb:{\u00ab\u00a0text\u00a0\u00bb:\u00a0\u00bbReportage\u00a0\u00bb,\u00a0\u00bburl\u00a0\u00bb:\u00a0\u00bb\/reportage\u00a0\u00bb},\u00a0\u00bbprofil\u00a0\u00bb:{\u00ab\u00a0text\u00a0\u00bb:\u00a0\u00bbABO\u00a0\u00bb}},\u00a0\u00bbpromo_items\u00a0\u00bb:{\u00ab\u00a0basic\u00a0\u00bb:{\u00ab\u00a0additional_properties\u00a0\u00bb:{},\u00a0\u00bbcaption\u00a0\u00bb:\u00a0\u00bbLe M\u00e9e-sur-Seine (Seine-et-Marne), le 29 d\u00e9cembre 2025. Depuis la phase 2 du plan grand froid activ\u00e9e le 26 d\u00e9cembre, les maraudes sont renforc\u00e9es. LP\/Sophie Bordier\u00a0\u00bb,\u00a0\u00bbheight\u00a0\u00bb:3468,\u00a0\u00bbtype\u00a0\u00bb:\u00a0\u00bbimage\u00a0\u00bb,\u00a0\u00bburl\u00a0\u00bb:\u00a0\u00bbhttps:\/\/cloudfront-eu-central-1.images.arcpublishing.com\/leparisien\/NQFBOXW5TVFLXOJMCFDR6HE6NA.jpg\u00a0\u00bb,\u00a0\u00bbwidth\u00a0\u00bb:4624}},\u00a0\u00bbsubtype\u00a0\u00bb:\u00a0\u00bbART:\u00a0\u00bb,\u00a0\u00bbtaxonomy\u00a0\u00bb:{\u00ab\u00a0primary_section\u00a0\u00bb:{\u00ab\u00a0_id\u00a0\u00bb:\u00a0\u00bb\/seine-et-marne-77&Prime;,\u00a0\u00bbadditional_properties\u00a0\u00bb:{\u00ab\u00a0original\u00a0\u00bb:{\u00ab\u00a0site\u00a0\u00bb:{}}},\u00a0\u00bbname\u00a0\u00bb:\u00a0\u00bbSeine-et-Marne\u00a0\u00bb},\u00a0\u00bbtags\u00a0\u00bb:[{\u00ab\u00a0text\u00a0\u00bb:\u00a0\u00bbM\u00e9t\u00e9o froid\u00a0\u00bb}]},\u00a0\u00bbwebsite_url\u00a0\u00bb:\u00a0\u00bbhttps:\/\/www.leparisien.fr\/seine-et-marne-77\/des-que-le-soleil-disparait-cest-dur-a-melun-la-croix-rouge-a-la-rescousse-des-sdf-face-au-froid-02-01-2026-DA3U5AWCTZGUBKGIEKMUHMUQXI.php\u00a0\u00bb},{\u00ab\u00a0_id\u00a0\u00bb:\u00a0\u00bbU3FTAVHA7VHJTERVUFQOZSX2X4&Prime;,\u00a0\u00bbcontent_restrictions\u00a0\u00bb:{\u00ab\u00a0content_code\u00a0\u00bb:\u00a0\u00bbmetered\u00a0\u00bb},\u00a0\u00bbdistributor\u00a0\u00bb:{\u00ab\u00a0name\u00a0\u00bb:\u00a0\u00bbleparisien\u00a0\u00bb},\u00a0\u00bbheadlines\u00a0\u00bb:{\u00ab\u00a0basic\u00a0\u00bb:\u00a0\u00bbMunicipales \u00e0 Paris\u00a0: r\u00e9quisition, locaux de la Ville&#8230; que proposent les candidats en cas de grand froid\u00a0?\u00a0\u00bb},\u00a0\u00bblabel\u00a0\u00bb:{},\u00a0\u00bbpromo_items\u00a0\u00bb:{\u00ab\u00a0basic\u00a0\u00bb:{\u00ab\u00a0additional_properties\u00a0\u00bb:{},\u00a0\u00bbcaption\u00a0\u00bb:\u00a0\u00bbLe plan grand froid a \u00e9t\u00e9 activ\u00e9 en \u00cele-de-France dimanche. LP\/Olivier Arandel \u00ab\u00a0,\u00a0\u00bbheight\u00a0\u00bb:3333,\u00a0\u00bbtype\u00a0\u00bb:\u00a0\u00bbimage\u00a0\u00bb,\u00a0\u00bburl\u00a0\u00bb:\u00a0\u00bbhttps:\/\/cloudfront-eu-central-1.images.arcpublishing.com\/leparisien\/RBYUTWJODVB4XAZW4IG2MBMCV4.jpg\u00a0\u00bb,\u00a0\u00bbwidth\u00a0\u00bb:5000}},\u00a0\u00bbsubtype\u00a0\u00bb:\u00a0\u00bbART:\u00a0\u00bb,\u00a0\u00bbtaxonomy\u00a0\u00bb:{\u00ab\u00a0primary_section\u00a0\u00bb:{\u00ab\u00a0_id\u00a0\u00bb:\u00a0\u00bb\/paris-75&Prime;,\u00a0\u00bbadditional_properties\u00a0\u00bb:{\u00ab\u00a0original\u00a0\u00bb:{\u00ab\u00a0site\u00a0\u00bb:{}}},\u00a0\u00bbname\u00a0\u00bb:\u00a0\u00bbParis\u00a0\u00bb},\u00a0\u00bbtags\u00a0\u00bb:[{\u00ab\u00a0text\u00a0\u00bb:\u00a0\u00bb\u00c9lections municipales 2026 \u00e0 Paris\u00a0\u00bb},{\u00ab\u00a0text\u00a0\u00bb:\u00a0\u00bbRachida Dati\u00a0\u00bb},{\u00ab\u00a0text\u00a0\u00bb:\u00a0\u00bbEmmanuel Gr\u00e9goire\u00a0\u00bb},{\u00ab\u00a0text\u00a0\u00bb:\u00a0\u00bbIan Brossat\u00a0\u00bb},{\u00ab\u00a0text\u00a0\u00bb:\u00a0\u00bbDavid Belliard\u00a0\u00bb},{\u00ab\u00a0text\u00a0\u00bb:\u00a0\u00bbPierre-Yves Bournazel\u00a0\u00bb},{\u00ab\u00a0text\u00a0\u00bb:\u00a0\u00bbSophia Chikirou\u00a0\u00bb},{\u00ab\u00a0text\u00a0\u00bb:\u00a0\u00bbM\u00e9t\u00e9o froid\u00a0\u00bb}]},\u00a0\u00bbwebsite_url\u00a0\u00bb:\u00a0\u00bbhttps:\/\/www.leparisien.fr\/paris-75\/municipales-a-paris-requisition-locaux-de-la-ville-que-proposent-les-candidats-en-cas-de-grand-froid-31-12-2025-U3FTAVHA7VHJTERVUFQOZSX2X4.php\u00a0\u00bb},{\u00ab\u00a0_id\u00a0\u00bb:\u00a0\u00bbP3D3ICLHFNAWBD7MN6SPFALRGA\u00a0\u00bb,\u00a0\u00bbcontent_restrictions\u00a0\u00bb:{\u00ab\u00a0content_code\u00a0\u00bb:\u00a0\u00bbmetered\u00a0\u00bb},\u00a0\u00bbdistributor\u00a0\u00bb:{\u00ab\u00a0name\u00a0\u00bb:\u00a0\u00bbleparisien\u00a0\u00bb},\u00a0\u00bbheadlines\u00a0\u00bb:{\u00ab\u00a0basic\u00a0\u00bb:\u00a0\u00bbSoleil, froid et pluie pour la nouvelle ann\u00e9e\u00a0: \u00e0 quelle m\u00e9t\u00e9o s\u2019attendre cette semaine\u00a0?\u00a0\u00bb},\u00a0\u00bblabel\u00a0\u00bb:{},\u00a0\u00bbpromo_items\u00a0\u00bb:{\u00ab\u00a0basic\u00a0\u00bb:{\u00ab\u00a0additional_properties\u00a0\u00bb:{},\u00a0\u00bbcaption\u00a0\u00bb:\u00a0\u00bbLe soleil sera franc sur une grosse partie du pays en d\u00e9but de semaine. (Illustration) LP\/Aur\u00e9lie Ladet\u00a0\u00bb,\u00a0\u00bbheight\u00a0\u00bb:1866,\u00a0\u00bbtype\u00a0\u00bb:\u00a0\u00bbimage\u00a0\u00bb,\u00a0\u00bburl\u00a0\u00bb:\u00a0\u00bbhttps:\/\/cloudfront-eu-central-1.images.arcpublishing.com\/leparisien\/CIUGMUXOYBB73NEVXSK4RSTZGQ.jpg\u00a0\u00bb,\u00a0\u00bbwidth\u00a0\u00bb:2800}},\u00a0\u00bbsubtype\u00a0\u00bb:\u00a0\u00bbART:\u00a0\u00bb,\u00a0\u00bbtaxonomy\u00a0\u00bb:{\u00ab\u00a0primary_section\u00a0\u00bb:{\u00ab\u00a0_id\u00a0\u00bb:\u00a0\u00bb\/meteo\u00a0\u00bb,\u00a0\u00bbadditional_properties\u00a0\u00bb:{\u00ab\u00a0original\u00a0\u00bb:{\u00ab\u00a0site\u00a0\u00bb:{\u00ab\u00a0paywall_deactivated\u00a0\u00bb:\u00a0\u00bbfalse\u00a0\u00bb}}},\u00a0\u00bbname\u00a0\u00bb:\u00a0\u00bbM\u00e9t\u00e9o\u00a0\u00bb}},\u00a0\u00bbwebsite_url\u00a0\u00bb:\u00a0\u00bb\/meteo\/soleil-froid-et-pluie-pour-la-nouvelle-annee-a-quel-meteo-sattendre-cette-semaine-29-12-2025-P3D3ICLHFNAWBD7MN6SPFALRGA.php\u00a0\u00bb},{\u00ab\u00a0_id\u00a0\u00bb:\u00a0\u00bbUTNRYSTKTFAPLD22UTGONCZ4FU\u00a0\u00bb,\u00a0\u00bbcontent_restrictions\u00a0\u00bb:{\u00ab\u00a0content_code\u00a0\u00bb:\u00a0\u00bbmetered\u00a0\u00bb},\u00a0\u00bbdistributor\u00a0\u00bb:{\u00ab\u00a0name\u00a0\u00bb:\u00a0\u00bbleparisien\u00a0\u00bb},\u00a0\u00bbheadlines\u00a0\u00bb:{\u00ab\u00a0basic\u00a0\u00bb:\u00a0\u00bbR\u00e9clam\u00e9 par la Ville de Paris et les associations, le plan grand froid activ\u00e9 en \u00cele-de-France\u00a0\u00bb},\u00a0\u00bblabel\u00a0\u00bb:{},\u00a0\u00bbpromo_items\u00a0\u00bb:{\u00ab\u00a0basic\u00a0\u00bb:{\u00ab\u00a0additional_properties\u00a0\u00bb:{},\u00a0\u00bbcaption\u00a0\u00bb:\u00a0\u00bbParis (Ve), le 27 d\u00e9cembre. Le pr\u00e9fet de la r\u00e9gion \u00cele-de-France, Marc Guillaume, a officialis\u00e9 ce dimanche soir l&rsquo;activation du plan grand froid \u00e0 Paris, r\u00e9clam\u00e9 depuis plusieurs jours par les associations et \u00e9lus. LP\/Ahmed Benazzouz\u00a0\u00bb,\u00a0\u00bbheight\u00a0\u00bb:3280,\u00a0\u00bbtype\u00a0\u00bb:\u00a0\u00bbimage\u00a0\u00bb,\u00a0\u00bburl\u00a0\u00bb:\u00a0\u00bbhttps:\/\/cloudfront-eu-central-1.images.arcpublishing.com\/leparisien\/TB3GV6YDD5C3PN35WGX2IUGL3Y.jpg\u00a0\u00bb,\u00a0\u00bbwidth\u00a0\u00bb:4928}},\u00a0\u00bbsubtype\u00a0\u00bb:\u00a0\u00bbART:\u00a0\u00bb,\u00a0\u00bbtaxonomy\u00a0\u00bb:{\u00ab\u00a0primary_section\u00a0\u00bb:{\u00ab\u00a0_id\u00a0\u00bb:\u00a0\u00bb\/paris-75&Prime;,\u00a0\u00bbadditional_properties\u00a0\u00bb:{\u00ab\u00a0original\u00a0\u00bb:{\u00ab\u00a0site\u00a0\u00bb:{}}},\u00a0\u00bbname\u00a0\u00bb:\u00a0\u00bbParis\u00a0\u00bb},\u00a0\u00bbtags\u00a0\u00bb:[{\u00ab\u00a0text\u00a0\u00bb:\u00a0\u00bbM\u00e9t\u00e9o froid\u00a0\u00bb}]},\u00a0\u00bbwebsite_url\u00a0\u00bb:\u00a0\u00bb\/paris-75\/reclame-par-la-ville-de-paris-et-les-associations-le-plan-grand-froid-active-en-ile-de-france-28-12-2025-UTNRYSTKTFAPLD22UTGONCZ4FU.php\u00a0\u00bb},{\u00ab\u00a0_id\u00a0\u00bb:\u00a0\u00bbFGNVEFDZP5ALDL65Z6OHB3S3RE\u00a0\u00bb,\u00a0\u00bbcontent_restrictions\u00a0\u00bb:{\u00ab\u00a0content_code\u00a0\u00bb:\u00a0\u00bbhard-paywall\u00a0\u00bb},\u00a0\u00bbdistributor\u00a0\u00bb:{\u00ab\u00a0name\u00a0\u00bb:\u00a0\u00bbleparisien\u00a0\u00bb},\u00a0\u00bbheadlines\u00a0\u00bb:{\u00ab\u00a0basic\u00a0\u00bb:\u00a0\u00bbL\u2019alcool r\u00e9chauffe, la fra\u00eecheur fait tomber malade, il faut plus de calories\u2026 On d\u00e9m\u00eale le vrai du faux sur le froid\u00a0\u00bb},\u00a0\u00bblabel\u00a0\u00bb:{\u00ab\u00a0format\u00a0\u00bb:{\u00ab\u00a0text\u00a0\u00bb:\u00a0\u00bbD\u00e9cryptage\u00a0\u00bb,\u00a0\u00bburl\u00a0\u00bb:\u00a0\u00bb\/decryptage\u00a0\u00bb},\u00a0\u00bbprofil\u00a0\u00bb:{\u00ab\u00a0text\u00a0\u00bb:\u00a0\u00bbABO\u00a0\u00bb}},\u00a0\u00bbpromo_items\u00a0\u00bb:{\u00ab\u00a0basic\u00a0\u00bb:{\u00ab\u00a0additional_properties\u00a0\u00bb:{},\u00a0\u00bbcaption\u00a0\u00bb:\u00a0\u00bbLoin d&rsquo;\u00eatre d\u00e9conseill\u00e9es, les balades en hiver permettent de renforcer notre syst\u00e8me immunitaire. (Illustration) LP\/Delphine Goldsztejn\u00a0\u00bb,\u00a0\u00bbheight\u00a0\u00bb:3378,\u00a0\u00bbtype\u00a0\u00bb:\u00a0\u00bbimage\u00a0\u00bb,\u00a0\u00bburl\u00a0\u00bb:\u00a0\u00bbhttps:\/\/cloudfront-eu-central-1.images.arcpublishing.com\/leparisien\/CVT5NMMWBBEMTFQ7ZAYMHLXQS4.jpg\u00a0\u00bb,\u00a0\u00bbwidth\u00a0\u00bb:5000}},\u00a0\u00bbsubtype\u00a0\u00bb:\u00a0\u00bbART:\u00a0\u00bb,\u00a0\u00bbtaxonomy\u00a0\u00bb:{\u00ab\u00a0primary_section\u00a0\u00bb:{\u00ab\u00a0_id\u00a0\u00bb:\u00a0\u00bb\/societe\/sante\u00a0\u00bb,\u00a0\u00bbadditional_properties\u00a0\u00bb:{\u00ab\u00a0original\u00a0\u00bb:{\u00ab\u00a0site\u00a0\u00bb:{}}},\u00a0\u00bbname\u00a0\u00bb:\u00a0\u00bbSant\u00e9\u00a0\u00bb},\u00a0\u00bbtags\u00a0\u00bb:[{\u00ab\u00a0text\u00a0\u00bb:\u00a0\u00bbM\u00e9t\u00e9o froid\u00a0\u00bb}]},\u00a0\u00bbwebsite_url\u00a0\u00bb:\u00a0\u00bb\/societe\/sante\/lalcool-rechauffe-la-fraicheur-fait-tomber-malade-il-faut-plus-de-calories-on-demele-le-vrai-du-faux-sur-le-froid-28-12-2025-FGNVEFDZP5ALDL65Z6OHB3S3RE.php\u00a0\u00bb},{\u00ab\u00a0_id\u00a0\u00bb:\u00a0\u00bb4MYKX7VJUJGHPEZFTWF7SCVTOQ\u00a0\u00bb,\u00a0\u00bbcontent_restrictions\u00a0\u00bb:{\u00ab\u00a0content_code\u00a0\u00bb:\u00a0\u00bbmetered\u00a0\u00bb},\u00a0\u00bbdistributor\u00a0\u00bb:{\u00ab\u00a0name\u00a0\u00bb:\u00a0\u00bbleparisien\u00a0\u00bb},\u00a0\u00bbheadlines\u00a0\u00bb:{\u00ab\u00a0basic\u00a0\u00bb:\u00a0\u00bb\u00ab\u00a0Un \u00e9pisode pluvieux durable\u00a0\u00bb\u00a0: les Pyr\u00e9n\u00e9es-Orientales restent en vigilance orange pluie-inondation\u00a0\u00bb},\u00a0\u00bblabel\u00a0\u00bb:{},\u00a0\u00bbpromo_items\u00a0\u00bb:{\u00ab\u00a0basic\u00a0\u00bb:{\u00ab\u00a0additional_properties\u00a0\u00bb:{},\u00a0\u00bbcaption\u00a0\u00bb:\u00a0\u00bbLes pluies devraient cesser de tomber dimanche matin. AFP\/Jean-Christophe Milhet\u00a0\u00bb,\u00a0\u00bbheight\u00a0\u00bb:1867,\u00a0\u00bbtype\u00a0\u00bb:\u00a0\u00bbimage\u00a0\u00bb,\u00a0\u00bburl\u00a0\u00bb:\u00a0\u00bbhttps:\/\/cloudfront-eu-central-1.images.arcpublishing.com\/leparisien\/ZY6CZDBJ4BGUHGZJ5DEI4SZTDA.jpg\u00a0\u00bb,\u00a0\u00bbwidth\u00a0\u00bb:2800}},\u00a0\u00bbsubtype\u00a0\u00bb:\u00a0\u00bbART:\u00a0\u00bb,\u00a0\u00bbtaxonomy\u00a0\u00bb:{\u00ab\u00a0primary_section\u00a0\u00bb:{\u00ab\u00a0_id\u00a0\u00bb:\u00a0\u00bb\/meteo\u00a0\u00bb,\u00a0\u00bbadditional_properties\u00a0\u00bb:{\u00ab\u00a0original\u00a0\u00bb:{\u00ab\u00a0site\u00a0\u00bb:{\u00ab\u00a0paywall_deactivated\u00a0\u00bb:\u00a0\u00bbfalse\u00a0\u00bb}}},\u00a0\u00bbname\u00a0\u00bb:\u00a0\u00bbM\u00e9t\u00e9o\u00a0\u00bb},\u00a0\u00bbtags\u00a0\u00bb:[{\u00ab\u00a0text\u00a0\u00bb:\u00a0\u00bbM\u00e9t\u00e9o inondations\u00a0\u00bb}]},\u00a0\u00bbwebsite_url\u00a0\u00bb:\u00a0\u00bb\/meteo\/un-episode-pluvieux-durable-les-pyrenees-orientales-restent-en-vigilance-orange-pluie-inondation-27-12-2025-4MYKX7VJUJGHPEZFTWF7SCVTOQ.php\u00a0\u00bb},{\u00ab\u00a0_id\u00a0\u00bb:\u00a0\u00bbUYIVT35SEFCE5OOJLJFGPEP2VU\u00a0\u00bb,\u00a0\u00bbcontent_restrictions\u00a0\u00bb:{\u00ab\u00a0content_code\u00a0\u00bb:\u00a0\u00bbmetered\u00a0\u00bb},\u00a0\u00bbdistributor\u00a0\u00bb:{\u00ab\u00a0name\u00a0\u00bb:\u00a0\u00bbleparisien\u00a0\u00bb},\u00a0\u00bbheadlines\u00a0\u00bb:{\u00ab\u00a0basic\u00a0\u00bb:\u00a0\u00bbM\u00e9t\u00e9o\u00a0: \u00e0 quel temps s\u2019attendre ce week-end en France\u00a0?\u00a0\u00bb},\u00a0\u00bblabel\u00a0\u00bb:{},\u00a0\u00bbpromo_items\u00a0\u00bb:{\u00ab\u00a0basic\u00a0\u00bb:{\u00ab\u00a0additional_properties\u00a0\u00bb:{},\u00a0\u00bbcaption\u00a0\u00bb:\u00a0\u00bbSamedi, le temps froid se maintient sur les r\u00e9gions du nord de la France. LP\/Delphine Goldsztejn\u00a0\u00bb,\u00a0\u00bbheight\u00a0\u00bb:3525,\u00a0\u00bbtype\u00a0\u00bb:\u00a0\u00bbimage\u00a0\u00bb,\u00a0\u00bburl\u00a0\u00bb:\u00a0\u00bbhttps:\/\/cloudfront-eu-central-1.images.arcpublishing.com\/leparisien\/AU2TYW6THJFYZPRY5KHGEJ7HFI.jpg\u00a0\u00bb,\u00a0\u00bbwidth\u00a0\u00bb:5000}},\u00a0\u00bbsubtype\u00a0\u00bb:\u00a0\u00bbART:\u00a0\u00bb,\u00a0\u00bbtaxonomy\u00a0\u00bb:{\u00ab\u00a0primary_section\u00a0\u00bb:{\u00ab\u00a0_id\u00a0\u00bb:\u00a0\u00bb\/meteo\u00a0\u00bb,\u00a0\u00bbadditional_properties\u00a0\u00bb:{\u00ab\u00a0original\u00a0\u00bb:{\u00ab\u00a0site\u00a0\u00bb:{\u00ab\u00a0paywall_deactivated\u00a0\u00bb:\u00a0\u00bbfalse\u00a0\u00bb}}},\u00a0\u00bbname\u00a0\u00bb:\u00a0\u00bbM\u00e9t\u00e9o\u00a0\u00bb},\u00a0\u00bbtags\u00a0\u00bb:[{\u00ab\u00a0text\u00a0\u00bb:\u00a0\u00bbM\u00e9t\u00e9o froid\u00a0\u00bb}]},\u00a0\u00bbwebsite_url\u00a0\u00bb:\u00a0\u00bb\/meteo\/meteo-a-quel-temps-sattendre-ce-week-end-en-france-27-12-2025-UYIVT35SEFCE5OOJLJFGPEP2VU.php\u00a0\u00bb},{\u00ab\u00a0_id\u00a0\u00bb:\u00a0\u00bbN324G5HVA5E6TLMAKBGCFC6UZA\u00a0\u00bb,\u00a0\u00bbcontent_restrictions\u00a0\u00bb:{\u00ab\u00a0content_code\u00a0\u00bb:\u00a0\u00bbmetered\u00a0\u00bb},\u00a0\u00bbdistributor\u00a0\u00bb:{\u00ab\u00a0name\u00a0\u00bb:\u00a0\u00bbleparisien\u00a0\u00bb},\u00a0\u00bbheadlines\u00a0\u00bb:{\u00ab\u00a0basic\u00a0\u00bb:\u00a0\u00bbLe froid s\u2019installe en France et va \u00ab persister \u00bb jusqu\u2019\u00e0 d\u00e9but janvier\u00a0\u00bb},\u00a0\u00bblabel\u00a0\u00bb:{},\u00a0\u00bbpromo_items\u00a0\u00bb:{\u00ab\u00a0basic\u00a0\u00bb:{\u00ab\u00a0additional_properties\u00a0\u00bb:{},\u00a0\u00bbcaption\u00a0\u00bb:\u00a0\u00bbLe froid est particuli\u00e8rement dangereux pour les personnes sans domicile fixe. (Illustration) LP\/Delphine Goldsztejn\\n\\n\u00a0\u00bb,\u00a0\u00bbheight\u00a0\u00bb:3697,\u00a0\u00bbtype\u00a0\u00bb:\u00a0\u00bbimage\u00a0\u00bb,\u00a0\u00bburl\u00a0\u00bb:\u00a0\u00bbhttps:\/\/cloudfront-eu-central-1.images.arcpublishing.com\/leparisien\/NZSSL3T3XFFHTNOTY4CN25PFPY.jpg\u00a0\u00bb,\u00a0\u00bbwidth\u00a0\u00bb:5000}},\u00a0\u00bbsubtype\u00a0\u00bb:\u00a0\u00bbART:\u00a0\u00bb,\u00a0\u00bbtaxonomy\u00a0\u00bb:{\u00ab\u00a0primary_section\u00a0\u00bb:{\u00ab\u00a0_id\u00a0\u00bb:\u00a0\u00bb\/meteo\u00a0\u00bb,\u00a0\u00bbadditional_properties\u00a0\u00bb:{\u00ab\u00a0original\u00a0\u00bb:{\u00ab\u00a0site\u00a0\u00bb:{\u00ab\u00a0paywall_deactivated\u00a0\u00bb:\u00a0\u00bbfalse\u00a0\u00bb}}},\u00a0\u00bbname\u00a0\u00bb:\u00a0\u00bbM\u00e9t\u00e9o\u00a0\u00bb},\u00a0\u00bbtags\u00a0\u00bb:[{\u00ab\u00a0text\u00a0\u00bb:\u00a0\u00bbM\u00e9t\u00e9o froid\u00a0\u00bb}]},\u00a0\u00bbwebsite_url\u00a0\u00bb:\u00a0\u00bb\/meteo\/le-froid-sinstalle-en-france-les-temperatures-legerement-sous-les-normales-de-saison-jusqua-debut-janvier-26-12-2025-N324G5HVA5E6TLMAKBGCFC6UZA.php\u00a0\u00bb},{\u00ab\u00a0_id\u00a0\u00bb:\u00a0\u00bbBFKS4EV4QNDR7OLFOP74RC7JN4&Prime;,\u00a0\u00bbcontent_restrictions\u00a0\u00bb:{\u00ab\u00a0content_code\u00a0\u00bb:\u00a0\u00bbmetered\u00a0\u00bb},\u00a0\u00bbdistributor\u00a0\u00bb:{\u00ab\u00a0name\u00a0\u00bb:\u00a0\u00bbleparisien\u00a0\u00bb},\u00a0\u00bbheadlines\u00a0\u00bb:{\u00ab\u00a0basic\u00a0\u00bb:\u00a0\u00bbFortes pluies et rivi\u00e8res en crues dans l\u2019Aude et les Pyr\u00e9n\u00e9es-Orientales, en vigilance orange ce vendredi\u00a0\u00bb},\u00a0\u00bblabel\u00a0\u00bb:{},\u00a0\u00bbpromo_items\u00a0\u00bb:{\u00ab\u00a0basic\u00a0\u00bb:{\u00ab\u00a0additional_properties\u00a0\u00bb:{},\u00a0\u00bbcaption\u00a0\u00bb:\u00a0\u00bbUne rue inond\u00e9e ce vendredi apr\u00e8s la crue de la rivi\u00e8re Agly, pr\u00e8s de Rivesaltes.  AFP\/Jean-Christophe MILHETAFP)\u00a0\u00bb,\u00a0\u00bbheight\u00a0\u00bb:1867,\u00a0\u00bbtype\u00a0\u00bb:\u00a0\u00bbimage\u00a0\u00bb,\u00a0\u00bburl\u00a0\u00bb:\u00a0\u00bbhttps:\/\/cloudfront-eu-central-1.images.arcpublishing.com\/leparisien\/5IH75JVUBRHM7EFIX3FLVTCFX4.jpg\u00a0\u00bb,\u00a0\u00bbwidth\u00a0\u00bb:2800}},\u00a0\u00bbsubtype\u00a0\u00bb:\u00a0\u00bbART:\u00a0\u00bb,\u00a0\u00bbtaxonomy\u00a0\u00bb:{\u00ab\u00a0primary_section\u00a0\u00bb:{\u00ab\u00a0_id\u00a0\u00bb:\u00a0\u00bb\/pyrenees-orientales-66&Prime;,\u00a0\u00bbadditional_properties\u00a0\u00bb:{\u00ab\u00a0original\u00a0\u00bb:{\u00ab\u00a0site\u00a0\u00bb:{}}},\u00a0\u00bbname\u00a0\u00bb:\u00a0\u00bbPyr\u00e9n\u00e9es-Orientales\u00a0\u00bb}},\u00a0\u00bbwebsite_url\u00a0\u00bb:\u00a0\u00bb\/pyrenees-orientales-66\/intemperies-dans-les-pyrenees-orientales-une-trentaine-dinterventions-des-pompiers-des-voitures-emportees-par-les-eaux-26-12-2025-BFKS4EV4QNDR7OLFOP74RC7JN4.php\u00a0\u00bb},{\u00ab\u00a0_id\u00a0\u00bb:\u00a0\u00bbQHKPS4OK6BFEPJLDOLR3EM3AFA\u00a0\u00bb,\u00a0\u00bbcontent_restrictions\u00a0\u00bb:{\u00ab\u00a0content_code\u00a0\u00bb:\u00a0\u00bbmetered\u00a0\u00bb},\u00a0\u00bbdistributor\u00a0\u00bb:{\u00ab\u00a0name\u00a0\u00bb:\u00a0\u00bbleparisien\u00a0\u00bb},\u00a0\u00bbheadlines\u00a0\u00bb:{\u00ab\u00a0basic\u00a0\u00bb:\u00a0\u00bbVigilance orange pluie-inondation\u00a0: pont effondr\u00e9, \u00e9boulements\u2026 La Haute-Corse touch\u00e9e par de violentes intemp\u00e9ries\u00a0\u00bb},\u00a0\u00bblabel\u00a0\u00bb:{},\u00a0\u00bbpromo_items\u00a0\u00bb:{\u00ab\u00a0basic\u00a0\u00bb:{\u00ab\u00a0additional_properties\u00a0\u00bb:{},\u00a0\u00bbcaption\u00a0\u00bb:\u00a0\u00bbLe pont de Saint-Florent (Haute-Corse), effondr\u00e9 apr\u00e8s de violentes intemp\u00e9ries dans la nuit du jeudi 25 au vendredi 26 d\u00e9cembre 2025. Capture d&rsquo;\u00e9cran Facebook \/ Mairie de Saint-Florent \u00ab\u00a0,\u00a0\u00bbheight\u00a0\u00bb:942,\u00a0\u00bbtype\u00a0\u00bb:\u00a0\u00bbimage\u00a0\u00bb,\u00a0\u00bburl\u00a0\u00bb:\u00a0\u00bbhttps:\/\/cloudfront-eu-central-1.images.arcpublishing.com\/leparisien\/H3YW5UR6HJFZTBPSXFX3JJKWVA.jpg\u00a0\u00bb,\u00a0\u00bbwidth\u00a0\u00bb:924}},\u00a0\u00bbsubtype\u00a0\u00bb:\u00a0\u00bbART:\u00a0\u00bb,\u00a0\u00bbtaxonomy\u00a0\u00bb:{\u00ab\u00a0primary_section\u00a0\u00bb:{\u00ab\u00a0_id\u00a0\u00bb:\u00a0\u00bb\/haute-corse-2b\u00a0\u00bb,\u00a0\u00bbadditional_properties\u00a0\u00bb:{\u00ab\u00a0original\u00a0\u00bb:{\u00ab\u00a0site\u00a0\u00bb:{}}},\u00a0\u00bbname\u00a0\u00bb:\u00a0\u00bbHaute-Corse\u00a0\u00bb},\u00a0\u00bbtags\u00a0\u00bb:[{\u00ab\u00a0text\u00a0\u00bb:\u00a0\u00bbM\u00e9t\u00e9o intemp\u00e9ries\u00a0\u00bb}]},\u00a0\u00bbwebsite_url\u00a0\u00bb:\u00a0\u00bb\/haute-corse-2b\/vigilance-orange-pluie-inondation-pont-effondre-eboulements-la-haute-corse-touchee-par-de-violentes-intemperies-26-12-2025-QHKPS4OK6BFEPJLDOLR3EM3AFA.php\u00a0\u00bb},{\u00ab\u00a0_id\u00a0\u00bb:\u00a0\u00bbRH3DK65QUVCFBD56AUB4YNRFTQ\u00a0\u00bb,\u00a0\u00bbcontent_restrictions\u00a0\u00bb:{\u00ab\u00a0content_code\u00a0\u00bb:\u00a0\u00bbmetered\u00a0\u00bb},\u00a0\u00bbdistributor\u00a0\u00bb:{\u00ab\u00a0name\u00a0\u00bb:\u00a0\u00bbleparisien\u00a0\u00bb},\u00a0\u00bbheadlines\u00a0\u00bb:{\u00ab\u00a0basic\u00a0\u00bb:\u00a0\u00bbMaraudes, h\u00e9bergements d\u2019urgence\u2026 Pourquoi de nombreux d\u00e9partements d\u00e9clenchent le \u00ab\u00a0Plan grand froid\u00a0\u00bb ce jeudi\u00a0\u00bb},\u00a0\u00bblabel\u00a0\u00bb:{},\u00a0\u00bbpromo_items\u00a0\u00bb:{\u00ab\u00a0basic\u00a0\u00bb:{\u00ab\u00a0additional_properties\u00a0\u00bb:{},\u00a0\u00bbcaption\u00a0\u00bb:\u00a0\u00bbLe froid est particuli\u00e8rement dangereux pour les personnes sans domicile fixe. (Illustration) LP\/Delphine Goldsztejn\u00a0\u00bb,\u00a0\u00bbheight\u00a0\u00bb:3697,\u00a0\u00bbtype\u00a0\u00bb:\u00a0\u00bbimage\u00a0\u00bb,\u00a0\u00bburl\u00a0\u00bb:\u00a0\u00bbhttps:\/\/cloudfront-eu-central-1.images.arcpublishing.com\/leparisien\/NZSSL3T3XFFHTNOTY4CN25PFPY.jpg\u00a0\u00bb,\u00a0\u00bbwidth\u00a0\u00bb:5000}},\u00a0\u00bbsubtype\u00a0\u00bb:\u00a0\u00bbART:\u00a0\u00bb,\u00a0\u00bbtaxonomy\u00a0\u00bb:{\u00ab\u00a0primary_section\u00a0\u00bb:{\u00ab\u00a0_id\u00a0\u00bb:\u00a0\u00bb\/societe\u00a0\u00bb,\u00a0\u00bbadditional_properties\u00a0\u00bb:{\u00ab\u00a0original\u00a0\u00bb:{\u00ab\u00a0site\u00a0\u00bb:{}}},\u00a0\u00bbname\u00a0\u00bb:\u00a0\u00bbSoci\u00e9t\u00e9\u00a0\u00bb},\u00a0\u00bbtags\u00a0\u00bb:[{\u00ab\u00a0text\u00a0\u00bb:\u00a0\u00bbM\u00e9t\u00e9o froid\u00a0\u00bb}]},\u00a0\u00bbwebsite_url\u00a0\u00bb:\u00a0\u00bb\/societe\/maraudes-hebergements-durgence-pourquoi-de-nombreux-departements-declenchent-le-plan-grand-froid-ce-jeudi-25-12-2025-RH3DK65QUVCFBD56AUB4YNRFTQ.php\u00a0\u00bb},{\u00ab\u00a0_id\u00a0\u00bb:\u00a0\u00bbBEYIQGR4MJBFTKGOUDKXNFUYCA\u00a0\u00bb,\u00a0\u00bbcontent_restrictions\u00a0\u00bb:{\u00ab\u00a0content_code\u00a0\u00bb:\u00a0\u00bbmetered\u00a0\u00bb},\u00a0\u00bbdistributor\u00a0\u00bb:{\u00ab\u00a0name\u00a0\u00bb:\u00a0\u00bbleparisien\u00a0\u00bb},\u00a0\u00bbheadlines\u00a0\u00bb:{\u00ab\u00a0basic\u00a0\u00bb:\u00a0\u00bbCrues et pluie-inondation\u00a0: l\u2019Aude, la Haute-Corse et les Pyr\u00e9n\u00e9es-Orientales en vigilance orange ce jeudi\u00a0\u00bb},\u00a0\u00bblabel\u00a0\u00bb:{},\u00a0\u00bbpromo_items\u00a0\u00bb:{\u00ab\u00a0basic\u00a0\u00bb:{\u00ab\u00a0additional_properties\u00a0\u00bb:{},\u00a0\u00bbcaption\u00a0\u00bb:\u00a0\u00bbM\u00e9t\u00e9o France pr\u00e9cise que ces ph\u00e9nom\u00e8nes pourraient s\u2019aggraver. (Illustration) LP\/Philippe Lavieille\\n\\n\u00a0\u00bb,\u00a0\u00bbheight\u00a0\u00bb:3333,\u00a0\u00bbtype\u00a0\u00bb:\u00a0\u00bbimage\u00a0\u00bb,\u00a0\u00bburl\u00a0\u00bb:\u00a0\u00bbhttps:\/\/cloudfront-eu-central-1.images.arcpublishing.com\/leparisien\/VD4NTE7ICVHBZCFPV3QEZBPZ7E.jpg\u00a0\u00bb,\u00a0\u00bbwidth\u00a0\u00bb:5000}},\u00a0\u00bbsubtype\u00a0\u00bb:\u00a0\u00bbART:\u00a0\u00bb,\u00a0\u00bbtaxonomy\u00a0\u00bb:{\u00ab\u00a0primary_section\u00a0\u00bb:{\u00ab\u00a0_id\u00a0\u00bb:\u00a0\u00bb\/meteo\u00a0\u00bb,\u00a0\u00bbadditional_properties\u00a0\u00bb:{\u00ab\u00a0original\u00a0\u00bb:{\u00ab\u00a0site\u00a0\u00bb:{\u00ab\u00a0paywall_deactivated\u00a0\u00bb:\u00a0\u00bbfalse\u00a0\u00bb}}},\u00a0\u00bbname\u00a0\u00bb:\u00a0\u00bbM\u00e9t\u00e9o\u00a0\u00bb},\u00a0\u00bbtags\u00a0\u00bb:[{\u00ab\u00a0text\u00a0\u00bb:\u00a0\u00bbM\u00e9t\u00e9o intemp\u00e9ries\u00a0\u00bb},{\u00ab\u00a0text\u00a0\u00bb:\u00a0\u00bbM\u00e9t\u00e9o inondations\u00a0\u00bb}]},\u00a0\u00bbwebsite_url\u00a0\u00bb:\u00a0\u00bb\/meteo\/pluie-et-inondations-laude-la-haute-corse-et-les-pyrenees-orientales-en-vigilance-orange-ce-jeudi-25-12-2025-BEYIQGR4MJBFTKGOUDKXNFUYCA.php\u00a0\u00bb},{\u00ab\u00a0_id\u00a0\u00bb:\u00a0\u00bbC4HUCAQQ5RGANEXZNIH4V7CMCQ\u00a0\u00bb,\u00a0\u00bbcontent_restrictions\u00a0\u00bb:{\u00ab\u00a0content_code\u00a0\u00bb:\u00a0\u00bbmetered\u00a0\u00bb},\u00a0\u00bbdistributor\u00a0\u00bb:{\u00ab\u00a0name\u00a0\u00bb:\u00a0\u00bbleparisien\u00a0\u00bb},\u00a0\u00bbheadlines\u00a0\u00bb:{\u00ab\u00a0basic\u00a0\u00bb:\u00a0\u00bbQu\u2019est-ce que la \u00ab\u00a0rivi\u00e8re atmosph\u00e9rique\u00a0\u00bb, ce ph\u00e9nom\u00e8ne violent qui menace la Californie ?\u00a0\u00bb},\u00a0\u00bblabel\u00a0\u00bb:{},\u00a0\u00bbpromo_items\u00a0\u00bb:{\u00ab\u00a0basic\u00a0\u00bb:{\u00ab\u00a0additional_properties\u00a0\u00bb:{},\u00a0\u00bbcaption\u00a0\u00bb:\u00a0\u00bbLos Angeles (Californie, \u00c9tats-Unis), mercredi. La r\u00e9gion subit d\u00e9j\u00e0 d&rsquo;importants intemp\u00e9ries depuis plusieurs jours. Reuters\/Jill Connelly\u00a0\u00bb,\u00a0\u00bbheight\u00a0\u00bb:1867,\u00a0\u00bbtype\u00a0\u00bb:\u00a0\u00bbimage\u00a0\u00bb,\u00a0\u00bburl\u00a0\u00bb:\u00a0\u00bbhttps:\/\/cloudfront-eu-central-1.images.arcpublishing.com\/leparisien\/XQM4YTDTDRDDBFACIBQUJT4PZY.jpg\u00a0\u00bb,\u00a0\u00bbwidth\u00a0\u00bb:2800},\u00a0\u00bblead_art_dailymotion\u00a0\u00bb:{\u00ab\u00a0embed\u00a0\u00bb:{\u00ab\u00a0id\u00a0\u00bb:\u00a0\u00bbx9wemaw\u00a0\u00bb,\u00a0\u00bburl\u00a0\u00bb:\u00a0\u00bbhttps:\/\/www.dailymotion.com\/video\/x9wemaw\u00a0\u00bb},\u00a0\u00bbsubtype\u00a0\u00bb:\u00a0\u00bbvideo_dm\u00a0\u00bb,\u00a0\u00bbtype\u00a0\u00bb:\u00a0\u00bbcustom_embed\u00a0\u00bb}},\u00a0\u00bbsubtype\u00a0\u00bb:\u00a0\u00bbART:\u00a0\u00bb,\u00a0\u00bbtaxonomy\u00a0\u00bb:{\u00ab\u00a0primary_section\u00a0\u00bb:{\u00ab\u00a0_id\u00a0\u00bb:\u00a0\u00bb\/meteo\u00a0\u00bb,\u00a0\u00bbadditional_properties\u00a0\u00bb:{\u00ab\u00a0original\u00a0\u00bb:{\u00ab\u00a0site\u00a0\u00bb:{\u00ab\u00a0paywall_deactivated\u00a0\u00bb:\u00a0\u00bbfalse\u00a0\u00bb}}},\u00a0\u00bbname\u00a0\u00bb:\u00a0\u00bbM\u00e9t\u00e9o\u00a0\u00bb}},\u00a0\u00bbwebsite_url\u00a0\u00bb:\u00a0\u00bb\/meteo\/quest-ce-que-la-riviere-atmospherique-ce-phenomene-qui-menace-la-californie-25-12-2025-C4HUCAQQ5RGANEXZNIH4V7CMCQ.php\u00a0\u00bb},{\u00ab\u00a0_id\u00a0\u00bb:\u00a0\u00bbZS44RT526NELDDG64SQDBAFC2Q\u00a0\u00bb,\u00a0\u00bbcontent_restrictions\u00a0\u00bb:{\u00ab\u00a0content_code\u00a0\u00bb:\u00a0\u00bbmetered\u00a0\u00bb},\u00a0\u00bbdistributor\u00a0\u00bb:{\u00ab\u00a0name\u00a0\u00bb:\u00a0\u00bbleparisien\u00a0\u00bb},\u00a0\u00bbheadlines\u00a0\u00bb:{\u00ab\u00a0basic\u00a0\u00bb:\u00a0\u00bbIl a neig\u00e9 la nuit de No\u00ebl\u00a0: les images des paysages blanchis ce 25\u00a0d\u00e9cembre\u00a0\u00bb},\u00a0\u00bblabel\u00a0\u00bb:{},\u00a0\u00bbpromo_items\u00a0\u00bb:{\u00ab\u00a0basic\u00a0\u00bb:{\u00ab\u00a0additional_properties\u00a0\u00bb:{},\u00a0\u00bbcaption\u00a0\u00bb:\u00a0\u00bbSaumur (Maine-et-Loire), jeudi. La ville s&rsquo;est r\u00e9veill\u00e9e avec une fine couche blanche au sol et sur les toits. LP\/Ga\u00ebl Lombart\u00a0\u00bb,\u00a0\u00bbheight\u00a0\u00bb:676,\u00a0\u00bbtype\u00a0\u00bb:\u00a0\u00bbimage\u00a0\u00bb,\u00a0\u00bburl\u00a0\u00bb:\u00a0\u00bbhttps:\/\/cloudfront-eu-central-1.images.arcpublishing.com\/leparisien\/K25HZAU7NJD7NMR45NEL2WSEWU.png\u00a0\u00bb,\u00a0\u00bbwidth\u00a0\u00bb:1224},\u00a0\u00bblead_art_dailymotion\u00a0\u00bb:{\u00ab\u00a0embed\u00a0\u00bb:{\u00ab\u00a0id\u00a0\u00bb:\u00a0\u00bbx9wedoi\u00a0\u00bb,\u00a0\u00bburl\u00a0\u00bb:\u00a0\u00bbhttps:\/\/www.dailymotion.com\/video\/x9wedoi\u00a0\u00bb},\u00a0\u00bbsubtype\u00a0\u00bb:\u00a0\u00bbvideo_dm\u00a0\u00bb,\u00a0\u00bbtype\u00a0\u00bb:\u00a0\u00bbcustom_embed\u00a0\u00bb}},\u00a0\u00bbsubtype\u00a0\u00bb:\u00a0\u00bbART:\u00a0\u00bb,\u00a0\u00bbtaxonomy\u00a0\u00bb:{\u00ab\u00a0primary_section\u00a0\u00bb:{\u00ab\u00a0_id\u00a0\u00bb:\u00a0\u00bb\/meteo\u00a0\u00bb,\u00a0\u00bbadditional_properties\u00a0\u00bb:{\u00ab\u00a0original\u00a0\u00bb:{\u00ab\u00a0site\u00a0\u00bb:{\u00ab\u00a0paywall_deactivated\u00a0\u00bb:\u00a0\u00bbfalse\u00a0\u00bb}}},\u00a0\u00bbname\u00a0\u00bb:\u00a0\u00bbM\u00e9t\u00e9o\u00a0\u00bb},\u00a0\u00bbtags\u00a0\u00bb:[{\u00ab\u00a0text\u00a0\u00bb:\u00a0\u00bbM\u00e9t\u00e9o neige\u00a0\u00bb}]},\u00a0\u00bbwebsite_url\u00a0\u00bb:\u00a0\u00bb\/meteo\/il-a-neige-la-nuit-de-noel-les-images-des-paysages-blanchis-ce-25-decembre-25-12-2025-ZS44RT526NELDDG64SQDBAFC2Q.php\u00a0\u00bb},{\u00ab\u00a0_id\u00a0\u00bb:\u00a0\u00bbEYXNK3BEA5GWDO4AAHZQ57KDWI\u00a0\u00bb,\u00a0\u00bbcontent_restrictions\u00a0\u00bb:{\u00ab\u00a0content_code\u00a0\u00bb:\u00a0\u00bbmetered\u00a0\u00bb},\u00a0\u00bbdistributor\u00a0\u00bb:{\u00ab\u00a0name\u00a0\u00bb:\u00a0\u00bbleparisien\u00a0\u00bb},\u00a0\u00bbheadlines\u00a0\u00bb:{\u00ab\u00a0basic\u00a0\u00bb:\u00a0\u00bbIl g\u00e8le \u00e0 Paris le jour de No\u00ebl, une premi\u00e8re dans la capitale depuis 2010&Prime;},\u00a0\u00bblabel\u00a0\u00bb:{},\u00a0\u00bbpromo_items\u00a0\u00bb:{\u00ab\u00a0basic\u00a0\u00bb:{\u00ab\u00a0additional_properties\u00a0\u00bb:{},\u00a0\u00bbcaption\u00a0\u00bb:\u00a0\u00bbLe ciel bleu s&rsquo;accompagne ce jeudi matin de temp\u00e9ratures n\u00e9gatives dans la capitale. (illustration) LP\/Aur\u00e9lie Audureau\u00a0\u00bb,\u00a0\u00bbheight\u00a0\u00bb:2281,\u00a0\u00bbtype\u00a0\u00bb:\u00a0\u00bbimage\u00a0\u00bb,\u00a0\u00bburl\u00a0\u00bb:\u00a0\u00bbhttps:\/\/cloudfront-eu-central-1.images.arcpublishing.com\/leparisien\/HZIF7K25UFFH7G4EVSVI7MB3LU.jpg\u00a0\u00bb,\u00a0\u00bbwidth\u00a0\u00bb:3041}},\u00a0\u00bbsubtype\u00a0\u00bb:\u00a0\u00bbART:\u00a0\u00bb,\u00a0\u00bbtaxonomy\u00a0\u00bb:{\u00ab\u00a0primary_section\u00a0\u00bb:{\u00ab\u00a0_id\u00a0\u00bb:\u00a0\u00bb\/meteo\u00a0\u00bb,\u00a0\u00bbadditional_properties\u00a0\u00bb:{\u00ab\u00a0original\u00a0\u00bb:{\u00ab\u00a0site\u00a0\u00bb:{\u00ab\u00a0paywall_deactivated\u00a0\u00bb:\u00a0\u00bbfalse\u00a0\u00bb}}},\u00a0\u00bbname\u00a0\u00bb:\u00a0\u00bbM\u00e9t\u00e9o\u00a0\u00bb},\u00a0\u00bbtags\u00a0\u00bb:[{\u00ab\u00a0text\u00a0\u00bb:\u00a0\u00bbM\u00e9t\u00e9o froid\u00a0\u00bb},{\u00ab\u00a0text\u00a0\u00bb:\u00a0\u00bbNo\u00ebl\u00a0\u00bb}]},\u00a0\u00bbwebsite_url\u00a0\u00bb:\u00a0\u00bb\/meteo\/il-gele-a-paris-le-jour-de-noel-une-premiere-dans-la-capitale-depuis-2010-25-12-2025-EYXNK3BEA5GWDO4AAHZQ57KDWI.php\u00a0\u00bb},{\u00ab\u00a0_id\u00a0\u00bb:\u00a0\u00bb5ILUXZKSNBBKRKPGPB3NBXJNGE\u00a0\u00bb,\u00a0\u00bbcontent_restrictions\u00a0\u00bb:{\u00ab\u00a0content_code\u00a0\u00bb:\u00a0\u00bbmetered\u00a0\u00bb},\u00a0\u00bbdistributor\u00a0\u00bb:{\u00ab\u00a0name\u00a0\u00bb:\u00a0\u00bbleparisien\u00a0\u00bb},\u00a0\u00bbheadlines\u00a0\u00bb:{\u00ab\u00a0basic\u00a0\u00bb:\u00a0\u00bbSans \u00e9lectricit\u00e9 apr\u00e8s les crues et la neige\u00a0: encore 5\u00a0500 foyers concern\u00e9s dans l\u2019Aveyron, 1\u00a0400 dans l\u2019H\u00e9rault\u00a0\u00bb},\u00a0\u00bblabel\u00a0\u00bb:{},\u00a0\u00bbpromo_items\u00a0\u00bb:{\u00ab\u00a0basic\u00a0\u00bb:{\u00ab\u00a0additional_properties\u00a0\u00bb:{},\u00a0\u00bbcaption\u00a0\u00bb:\u00a0\u00bbPlus de 7\u00a0000 foyers \u00e9taient toujours priv\u00e9s d\u2019\u00e9lectricit\u00e9 ce mercredi matin en France. (Illustration) AFP\/Thierry Zoccolan\u00a0\u00bb,\u00a0\u00bbheight\u00a0\u00bb:841,\u00a0\u00bbtype\u00a0\u00bb:\u00a0\u00bbimage\u00a0\u00bb,\u00a0\u00bburl\u00a0\u00bb:\u00a0\u00bbhttps:\/\/cloudfront-eu-central-1.images.arcpublishing.com\/leparisien\/ZGSIC727F4TJTLFWLMXSJAOPRQ.jpg\u00a0\u00bb,\u00a0\u00bbwidth\u00a0\u00bb:1280}},\u00a0\u00bbsubtype\u00a0\u00bb:\u00a0\u00bbART:\u00a0\u00bb,\u00a0\u00bbtaxonomy\u00a0\u00bb:{\u00ab\u00a0primary_section\u00a0\u00bb:{\u00ab\u00a0_id\u00a0\u00bb:\u00a0\u00bb\/meteo\u00a0\u00bb,\u00a0\u00bbadditional_properties\u00a0\u00bb:{\u00ab\u00a0original\u00a0\u00bb:{\u00ab\u00a0site\u00a0\u00bb:{\u00ab\u00a0paywall_deactivated\u00a0\u00bb:\u00a0\u00bbfalse\u00a0\u00bb}}},\u00a0\u00bbname\u00a0\u00bb:\u00a0\u00bbM\u00e9t\u00e9o\u00a0\u00bb}},\u00a0\u00bbwebsite_url\u00a0\u00bb:\u00a0\u00bb\/meteo\/sans-electricite-apres-les-crues-et-la-neige-encore-6-500-foyers-concernes-dans-laveyron-1-400-dans-lherault-24-12-2025-5ILUXZKSNBBKRKPGPB3NBXJNGE.php\u00a0\u00bb},{\u00ab\u00a0_id\u00a0\u00bb:\u00a0\u00bbZODFUGH4AZDRRB6KGXVHSJKBWE\u00a0\u00bb,\u00a0\u00bbcontent_restrictions\u00a0\u00bb:{\u00ab\u00a0content_code\u00a0\u00bb:\u00a0\u00bbmetered\u00a0\u00bb},\u00a0\u00bbdistributor\u00a0\u00bb:{\u00ab\u00a0name\u00a0\u00bb:\u00a0\u00bbleparisien\u00a0\u00bb},\u00a0\u00bbheadlines\u00a0\u00bb:{\u00ab\u00a0basic\u00a0\u00bb:\u00a0\u00bbNeige et verglas\u00a0: Ard\u00e8che et Dr\u00f4me en vigilance orange, fin de la vigilance orange crues pour l\u2019H\u00e9rault\u00a0\u00bb},\u00a0\u00bblabel\u00a0\u00bb:{},\u00a0\u00bbpromo_items\u00a0\u00bb:{\u00ab\u00a0basic\u00a0\u00bb:{\u00ab\u00a0additional_properties\u00a0\u00bb:{},\u00a0\u00bbcaption\u00a0\u00bb:\u00a0\u00bbIl pourrait tomber jusqu&rsquo;\u00e0 5 cm de neige en vall\u00e9e, dans les Alpes. (illustration) LP\/Arnaud Dumontier\u00a0\u00bb,\u00a0\u00bbheight\u00a0\u00bb:3335,\u00a0\u00bbtype\u00a0\u00bb:\u00a0\u00bbimage\u00a0\u00bb,\u00a0\u00bburl\u00a0\u00bb:\u00a0\u00bbhttps:\/\/cloudfront-eu-central-1.images.arcpublishing.com\/leparisien\/S5KSWYNYARHIFJRVJMCGOPMVO4.jpg\u00a0\u00bb,\u00a0\u00bbwidth\u00a0\u00bb:5000}},\u00a0\u00bbsubtype\u00a0\u00bb:\u00a0\u00bbART:\u00a0\u00bb,\u00a0\u00bbtaxonomy\u00a0\u00bb:{\u00ab\u00a0primary_section\u00a0\u00bb:{\u00ab\u00a0_id\u00a0\u00bb:\u00a0\u00bb\/meteo\u00a0\u00bb,\u00a0\u00bbadditional_properties\u00a0\u00bb:{\u00ab\u00a0original\u00a0\u00bb:{\u00ab\u00a0site\u00a0\u00bb:{\u00ab\u00a0paywall_deactivated\u00a0\u00bb:\u00a0\u00bbfalse\u00a0\u00bb}}},\u00a0\u00bbname\u00a0\u00bb:\u00a0\u00bbM\u00e9t\u00e9o\u00a0\u00bb},\u00a0\u00bbtags\u00a0\u00bb:[{\u00ab\u00a0text\u00a0\u00bb:\u00a0\u00bbM\u00e9t\u00e9o neige\u00a0\u00bb}]},\u00a0\u00bbwebsite_url\u00a0\u00bb:\u00a0\u00bb\/meteo\/neige-et-verglas-ardeche-et-drome-en-vigilance-orange-fin-de-la-vigilance-rouge-crues-pour-lherault-24-12-2025-ZODFUGH4AZDRRB6KGXVHSJKBWE.php\u00a0\u00bb},{\u00ab\u00a0_id\u00a0\u00bb:\u00a0\u00bb265LFOY6TRG6NDOT6O2K5TEICM\u00a0\u00bb,\u00a0\u00bbcontent_restrictions\u00a0\u00bb:{\u00ab\u00a0content_code\u00a0\u00bb:\u00a0\u00bbhard-paywall\u00a0\u00bb},\u00a0\u00bbdistributor\u00a0\u00bb:{\u00ab\u00a0name\u00a0\u00bb:\u00a0\u00bbleparisien\u00a0\u00bb},\u00a0\u00bbheadlines\u00a0\u00bb:{\u00ab\u00a0basic\u00a0\u00bb:\u00a0\u00bbIntemp\u00e9ries\u00a0: \u00e0 Agde, apr\u00e8s le pic de crue de l\u2019H\u00e9rault, les habitants respirent \u00e0 nouveau\u00a0\u00bb},\u00a0\u00bblabel\u00a0\u00bb:{\u00ab\u00a0format\u00a0\u00bb:{\u00ab\u00a0text\u00a0\u00bb:\u00a0\u00bbReportage\u00a0\u00bb,\u00a0\u00bburl\u00a0\u00bb:\u00a0\u00bb\/reportage\u00a0\u00bb},\u00a0\u00bbprofil\u00a0\u00bb:{\u00ab\u00a0text\u00a0\u00bb:\u00a0\u00bbABO\u00a0\u00bb}},\u00a0\u00bbpromo_items\u00a0\u00bb:{\u00ab\u00a0basic\u00a0\u00bb:{\u00ab\u00a0additional_properties\u00a0\u00bb:{},\u00a0\u00bbcaption\u00a0\u00bb:\u00a0\u00bbAu Grau d&rsquo;Agde, Jos\u00e9 observe la d\u00e9crue. Pr\u00e9voyant, lui qui tient un snack \u00e0 la belle saison a stock\u00e9 tout son mat\u00e9riel en hauteur. LP\/Christian Goutorbe\u00a0\u00bb,\u00a0\u00bbheight\u00a0\u00bb:3024,\u00a0\u00bbtype\u00a0\u00bb:\u00a0\u00bbimage\u00a0\u00bb,\u00a0\u00bburl\u00a0\u00bb:\u00a0\u00bbhttps:\/\/cloudfront-eu-central-1.images.arcpublishing.com\/leparisien\/LHX6DPSQMZCQRPRBC4CIMRED3M.jpg\u00a0\u00bb,\u00a0\u00bbwidth\u00a0\u00bb:4032}},\u00a0\u00bbsubtype\u00a0\u00bb:\u00a0\u00bbART:\u00a0\u00bb,\u00a0\u00bbtaxonomy\u00a0\u00bb:{\u00ab\u00a0primary_section\u00a0\u00bb:{\u00ab\u00a0_id\u00a0\u00bb:\u00a0\u00bb\/herault-34&Prime;,\u00a0\u00bbadditional_properties\u00a0\u00bb:{\u00ab\u00a0original\u00a0\u00bb:{\u00ab\u00a0site\u00a0\u00bb:{}}},\u00a0\u00bbname\u00a0\u00bb:\u00a0\u00bbH\u00e9rault\u00a0\u00bb},\u00a0\u00bbtags\u00a0\u00bb:[{\u00ab\u00a0text\u00a0\u00bb:\u00a0\u00bbM\u00e9t\u00e9o inondations\u00a0\u00bb}]},\u00a0\u00bbwebsite_url\u00a0\u00bb:\u00a0\u00bb\/herault-34\/intemperies-a-agde-apres-le-pic-de-crue-de-lherault-les-habitants-respirent-a-nouveau-23-12-2025-265LFOY6TRG6NDOT6O2K5TEICM.php\u00a0\u00bb}],\u00a0\u00bbcount\u00a0\u00bb:3955,\u00a0\u00bbnext\u00a0\u00bb:20,\u00a0\u00bb_id\u00a0\u00bb:\u00a0\u00bb5d7d982e1d8b1a60f577744549ceabf3266fa66933a94f02f55a4a491b34031a\u00a0\u00bb},\u00a0\u00bbexpires\u00a0\u00bb:1767387481038,\u00a0\u00bblastModified\u00a0\u00bb:1767387360903},\u00a0\u00bb{\\\u00a0\u00bbexcludeSections\\\u00a0\u00bb:[\\\u00a0\u00bb\/podcasts\\\u00a0\u00bb],\\\u00a0\u00bbexcludeSubtype\\\u00a0\u00bb:\\\u00a0\u00bb\\\u00a0\u00bb,\\\u00a0\u00bboffset\\\u00a0\u00bb:0,\\\u00a0\u00bbsectionPath\\\u00a0\u00bb:\\\u00a0\u00bb\/meteo\\\u00a0\u00bb,\\\u00a0\u00bbsize\\\u00a0\u00bb:9,\\\u00a0\u00bbsources\\\u00a0\u00bb:[\\\u00a0\u00bb_id\\\u00a0\u00bb,\\\u00a0\u00bbheadlines\\\u00a0\u00bb,\\\u00a0\u00bbwebsite_url\\\u00a0\u00bb,\\\u00a0\u00bblabel\\\u00a0\u00bb]}\u00a0\u00bb:{\u00ab\u00a0data\u00a0\u00bb:{\u00ab\u00a0content_elements\u00a0\u00bb:[{\u00ab\u00a0_id\u00a0\u00bb:\u00a0\u00bbXHMU4QE7VZGKJCLAGCO7QT7374&Prime;,\u00a0\u00bbcontent_restrictions\u00a0\u00bb:{\u00ab\u00a0content_code\u00a0\u00bb:\u00a0\u00bbmetered\u00a0\u00bb},\u00a0\u00bbdistributor\u00a0\u00bb:{\u00ab\u00a0name\u00a0\u00bb:\u00a0\u00bbleparisien\u00a0\u00bb},\u00a0\u00bbheadlines\u00a0\u00bb:{\u00ab\u00a0basic\u00a0\u00bb:\u00a0\u00bbLes premiers flocons de 2026 sont tomb\u00e9s en \u00cele-de-France et dans l\u2019Oise, plac\u00e9s en vigilance jaune neige verglas\u00a0\u00bb},\u00a0\u00bblabel\u00a0\u00bb:{},\u00a0\u00bbpromo_items\u00a0\u00bb:{\u00ab\u00a0basic\u00a0\u00bb:{\u00ab\u00a0additional_properties\u00a0\u00bb:{},\u00a0\u00bbcaption\u00a0\u00bb:\u00a0\u00bbCe vendredi matin, certains secteurs de l&rsquo;Oise ont vu leur paysage se blanchir, comme ici \u00e0 Maliens. DR\/ Facebook. Fr\u00e9dot Fredot.\u00a0\u00bb,\u00a0\u00bbheight\u00a0\u00bb:637,\u00a0\u00bbtype\u00a0\u00bb:\u00a0\u00bbimage\u00a0\u00bb,\u00a0\u00bburl\u00a0\u00bb:\u00a0\u00bbhttps:\/\/cloudfront-eu-central-1.images.arcpublishing.com\/leparisien\/3WVFKULXRBEUJBJGFZD6VMHKCU.jpg\u00a0\u00bb,\u00a0\u00bbwidth\u00a0\u00bb:1080}},\u00a0\u00bbsubtype\u00a0\u00bb:\u00a0\u00bbART:\u00a0\u00bb,\u00a0\u00bbtaxonomy\u00a0\u00bb:{\u00ab\u00a0primary_section\u00a0\u00bb:{\u00ab\u00a0_id\u00a0\u00bb:\u00a0\u00bb\/meteo\u00a0\u00bb,\u00a0\u00bbadditional_properties\u00a0\u00bb:{\u00ab\u00a0original\u00a0\u00bb:{\u00ab\u00a0site\u00a0\u00bb:{\u00ab\u00a0paywall_deactivated\u00a0\u00bb:\u00a0\u00bbfalse\u00a0\u00bb}}},\u00a0\u00bbname\u00a0\u00bb:\u00a0\u00bbM\u00e9t\u00e9o\u00a0\u00bb}},\u00a0\u00bbwebsite_url\u00a0\u00bb:\u00a0\u00bb\/oise-60\/les-premiers-flocons-de-2026-sont-tombes-en-ile-de-france-et-dans-loise-places-en-vigilance-jaune-neige-verglas-02-01-2026-XHMU4QE7VZGKJCLAGCO7QT7374.php\u00a0\u00bb},{\u00ab\u00a0_id\u00a0\u00bb:\u00a0\u00bbQBMX4V55SFD5FKRCQE32DHDDWQ\u00a0\u00bb,\u00a0\u00bbcontent_restrictions\u00a0\u00bb:{\u00ab\u00a0content_code\u00a0\u00bb:\u00a0\u00bbmetered\u00a0\u00bb},\u00a0\u00bbdistributor\u00a0\u00bb:{\u00ab\u00a0name\u00a0\u00bb:\u00a0\u00bbleparisien\u00a0\u00bb},\u00a0\u00bbheadlines\u00a0\u00bb:{\u00ab\u00a0basic\u00a0\u00bb:\u00a0\u00bbM\u00e9t\u00e9o du week-end\u00a0: des temp\u00e9ratures encore plus basses avec quelques l\u00e9g\u00e8res chutes de neige attendues\u00a0\u00bb},\u00a0\u00bblabel\u00a0\u00bb:{},\u00a0\u00bbpromo_items\u00a0\u00bb:{\u00ab\u00a0basic\u00a0\u00bb:{\u00ab\u00a0additional_properties\u00a0\u00bb:{},\u00a0\u00bbcaption\u00a0\u00bb:\u00a0\u00bbDes gel\u00e9es seront g\u00e9n\u00e9ralis\u00e9es dans le nord comme dans le sud du pays en matin\u00e9e, o\u00f9 les temp\u00e9ratures attendues iront parfois jusqu\u2019\u00e0 -10\u00a0\u00b0C en campagne et en montagne. LP \/ Arnaud Journois \u00ab\u00a0,\u00a0\u00bbheight\u00a0\u00bb:1866,\u00a0\u00bbtype\u00a0\u00bb:\u00a0\u00bbimage\u00a0\u00bb,\u00a0\u00bburl\u00a0\u00bb:\u00a0\u00bbhttps:\/\/cloudfront-eu-central-1.images.arcpublishing.com\/leparisien\/DSFN6KQBPNAKPP7VJC6X3AEI4A.jpg\u00a0\u00bb,\u00a0\u00bbwidth\u00a0\u00bb:2800}},\u00a0\u00bbsubtype\u00a0\u00bb:\u00a0\u00bbART:\u00a0\u00bb,\u00a0\u00bbtaxonomy\u00a0\u00bb:{\u00ab\u00a0primary_section\u00a0\u00bb:{\u00ab\u00a0_id\u00a0\u00bb:\u00a0\u00bb\/meteo\u00a0\u00bb,\u00a0\u00bbadditional_properties\u00a0\u00bb:{\u00ab\u00a0original\u00a0\u00bb:{\u00ab\u00a0site\u00a0\u00bb:{\u00ab\u00a0paywall_deactivated\u00a0\u00bb:\u00a0\u00bbfalse\u00a0\u00bb}}},\u00a0\u00bbname\u00a0\u00bb:\u00a0\u00bbM\u00e9t\u00e9o\u00a0\u00bb},\u00a0\u00bbtags\u00a0\u00bb:[{\u00ab\u00a0text\u00a0\u00bb:\u00a0\u00bbM\u00e9t\u00e9o froid\u00a0\u00bb}]},\u00a0\u00bbwebsite_url\u00a0\u00bb:\u00a0\u00bbhttps:\/\/www.leparisien.fr\/meteo\/meteo-du-week-end-des-temperatures-encore-plus-basses-avec-quelques-legeres-chutes-de-neige-attendues-02-01-2026-QBMX4V55SFD5FKRCQE32DHDDWQ.php\u00a0\u00bb},{\u00ab\u00a0_id\u00a0\u00bb:\u00a0\u00bbDA3U5AWCTZGUBKGIEKMUHMUQXI\u00a0\u00bb,\u00a0\u00bbcontent_restrictions\u00a0\u00bb:{\u00ab\u00a0content_code\u00a0\u00bb:\u00a0\u00bbhard-paywall\u00a0\u00bb},\u00a0\u00bbdistributor\u00a0\u00bb:{\u00ab\u00a0name\u00a0\u00bb:\u00a0\u00bbleparisien\u00a0\u00bb},\u00a0\u00bbheadlines\u00a0\u00bb:{\u00ab\u00a0basic\u00a0\u00bb:\u00a0\u00bb\u00ab\u00a0D\u00e8s que le soleil dispara\u00eet, c\u2019est dur\u00a0\u00bb\u00a0: \u00e0 Melun, la Croix-Rouge \u00e0 la rescousse des SDF face au froid\u00a0\u00bb},\u00a0\u00bblabel\u00a0\u00bb:{\u00ab\u00a0format\u00a0\u00bb:{\u00ab\u00a0text\u00a0\u00bb:\u00a0\u00bbReportage\u00a0\u00bb,\u00a0\u00bburl\u00a0\u00bb:\u00a0\u00bb\/reportage\u00a0\u00bb},\u00a0\u00bbprofil\u00a0\u00bb:{\u00ab\u00a0text\u00a0\u00bb:\u00a0\u00bbABO\u00a0\u00bb}},\u00a0\u00bbpromo_items\u00a0\u00bb:{\u00ab\u00a0basic\u00a0\u00bb:{\u00ab\u00a0additional_properties\u00a0\u00bb:{},\u00a0\u00bbcaption\u00a0\u00bb:\u00a0\u00bbLe M\u00e9e-sur-Seine (Seine-et-Marne), le 29 d\u00e9cembre 2025. Depuis la phase 2 du plan grand froid activ\u00e9e le 26 d\u00e9cembre, les maraudes sont renforc\u00e9es. LP\/Sophie Bordier\u00a0\u00bb,\u00a0\u00bbheight\u00a0\u00bb:3468,\u00a0\u00bbtype\u00a0\u00bb:\u00a0\u00bbimage\u00a0\u00bb,\u00a0\u00bburl\u00a0\u00bb:\u00a0\u00bbhttps:\/\/cloudfront-eu-central-1.images.arcpublishing.com\/leparisien\/NQFBOXW5TVFLXOJMCFDR6HE6NA.jpg\u00a0\u00bb,\u00a0\u00bbwidth\u00a0\u00bb:4624}},\u00a0\u00bbsubtype\u00a0\u00bb:\u00a0\u00bbART:\u00a0\u00bb,\u00a0\u00bbtaxonomy\u00a0\u00bb:{\u00ab\u00a0primary_section\u00a0\u00bb:{\u00ab\u00a0_id\u00a0\u00bb:\u00a0\u00bb\/seine-et-marne-77&Prime;,\u00a0\u00bbadditional_properties\u00a0\u00bb:{\u00ab\u00a0original\u00a0\u00bb:{\u00ab\u00a0site\u00a0\u00bb:{}}},\u00a0\u00bbname\u00a0\u00bb:\u00a0\u00bbSeine-et-Marne\u00a0\u00bb},\u00a0\u00bbtags\u00a0\u00bb:[{\u00ab\u00a0text\u00a0\u00bb:\u00a0\u00bbM\u00e9t\u00e9o froid\u00a0\u00bb}]},\u00a0\u00bbwebsite_url\u00a0\u00bb:\u00a0\u00bbhttps:\/\/www.leparisien.fr\/seine-et-marne-77\/des-que-le-soleil-disparait-cest-dur-a-melun-la-croix-rouge-a-la-rescousse-des-sdf-face-au-froid-02-01-2026-DA3U5AWCTZGUBKGIEKMUHMUQXI.php\u00a0\u00bb},{\u00ab\u00a0_id\u00a0\u00bb:\u00a0\u00bbU3FTAVHA7VHJTERVUFQOZSX2X4&Prime;,\u00a0\u00bbcontent_restrictions\u00a0\u00bb:{\u00ab\u00a0content_code\u00a0\u00bb:\u00a0\u00bbmetered\u00a0\u00bb},\u00a0\u00bbdistributor\u00a0\u00bb:{\u00ab\u00a0name\u00a0\u00bb:\u00a0\u00bbleparisien\u00a0\u00bb},\u00a0\u00bbheadlines\u00a0\u00bb:{\u00ab\u00a0basic\u00a0\u00bb:\u00a0\u00bbMunicipales \u00e0 Paris\u00a0: r\u00e9quisition, locaux de la Ville&#8230; que proposent les candidats en cas de grand froid\u00a0?\u00a0\u00bb},\u00a0\u00bblabel\u00a0\u00bb:{},\u00a0\u00bbpromo_items\u00a0\u00bb:{\u00ab\u00a0basic\u00a0\u00bb:{\u00ab\u00a0additional_properties\u00a0\u00bb:{},\u00a0\u00bbcaption\u00a0\u00bb:\u00a0\u00bbLe plan grand froid a \u00e9t\u00e9 activ\u00e9 en \u00cele-de-France dimanche. LP\/Olivier Arandel \u00ab\u00a0,\u00a0\u00bbheight\u00a0\u00bb:3333,\u00a0\u00bbtype\u00a0\u00bb:\u00a0\u00bbimage\u00a0\u00bb,\u00a0\u00bburl\u00a0\u00bb:\u00a0\u00bbhttps:\/\/cloudfront-eu-central-1.images.arcpublishing.com\/leparisien\/RBYUTWJODVB4XAZW4IG2MBMCV4.jpg\u00a0\u00bb,\u00a0\u00bbwidth\u00a0\u00bb:5000}},\u00a0\u00bbsubtype\u00a0\u00bb:\u00a0\u00bbART:\u00a0\u00bb,\u00a0\u00bbtaxonomy\u00a0\u00bb:{\u00ab\u00a0primary_section\u00a0\u00bb:{\u00ab\u00a0_id\u00a0\u00bb:\u00a0\u00bb\/paris-75&Prime;,\u00a0\u00bbadditional_properties\u00a0\u00bb:{\u00ab\u00a0original\u00a0\u00bb:{\u00ab\u00a0site\u00a0\u00bb:{}}},\u00a0\u00bbname\u00a0\u00bb:\u00a0\u00bbParis\u00a0\u00bb},\u00a0\u00bbtags\u00a0\u00bb:[{\u00ab\u00a0text\u00a0\u00bb:\u00a0\u00bb\u00c9lections municipales 2026 \u00e0 Paris\u00a0\u00bb},{\u00ab\u00a0text\u00a0\u00bb:\u00a0\u00bbRachida Dati\u00a0\u00bb},{\u00ab\u00a0text\u00a0\u00bb:\u00a0\u00bbEmmanuel Gr\u00e9goire\u00a0\u00bb},{\u00ab\u00a0text\u00a0\u00bb:\u00a0\u00bbIan Brossat\u00a0\u00bb},{\u00ab\u00a0text\u00a0\u00bb:\u00a0\u00bbDavid Belliard\u00a0\u00bb},{\u00ab\u00a0text\u00a0\u00bb:\u00a0\u00bbPierre-Yves Bournazel\u00a0\u00bb},{\u00ab\u00a0text\u00a0\u00bb:\u00a0\u00bbSophia Chikirou\u00a0\u00bb},{\u00ab\u00a0text\u00a0\u00bb:\u00a0\u00bbM\u00e9t\u00e9o froid\u00a0\u00bb}]},\u00a0\u00bbwebsite_url\u00a0\u00bb:\u00a0\u00bbhttps:\/\/www.leparisien.fr\/paris-75\/municipales-a-paris-requisition-locaux-de-la-ville-que-proposent-les-candidats-en-cas-de-grand-froid-31-12-2025-U3FTAVHA7VHJTERVUFQOZSX2X4.php\u00a0\u00bb},{\u00ab\u00a0_id\u00a0\u00bb:\u00a0\u00bbP3D3ICLHFNAWBD7MN6SPFALRGA\u00a0\u00bb,\u00a0\u00bbcontent_restrictions\u00a0\u00bb:{\u00ab\u00a0content_code\u00a0\u00bb:\u00a0\u00bbmetered\u00a0\u00bb},\u00a0\u00bbdistributor\u00a0\u00bb:{\u00ab\u00a0name\u00a0\u00bb:\u00a0\u00bbleparisien\u00a0\u00bb},\u00a0\u00bbheadlines\u00a0\u00bb:{\u00ab\u00a0basic\u00a0\u00bb:\u00a0\u00bbSoleil, froid et pluie pour la nouvelle ann\u00e9e\u00a0: \u00e0 quelle m\u00e9t\u00e9o s\u2019attendre cette semaine\u00a0?\u00a0\u00bb},\u00a0\u00bblabel\u00a0\u00bb:{},\u00a0\u00bbpromo_items\u00a0\u00bb:{\u00ab\u00a0basic\u00a0\u00bb:{\u00ab\u00a0additional_properties\u00a0\u00bb:{},\u00a0\u00bbcaption\u00a0\u00bb:\u00a0\u00bbLe soleil sera franc sur une grosse partie du pays en d\u00e9but de semaine. (Illustration) LP\/Aur\u00e9lie Ladet\u00a0\u00bb,\u00a0\u00bbheight\u00a0\u00bb:1866,\u00a0\u00bbtype\u00a0\u00bb:\u00a0\u00bbimage\u00a0\u00bb,\u00a0\u00bburl\u00a0\u00bb:\u00a0\u00bbhttps:\/\/cloudfront-eu-central-1.images.arcpublishing.com\/leparisien\/CIUGMUXOYBB73NEVXSK4RSTZGQ.jpg\u00a0\u00bb,\u00a0\u00bbwidth\u00a0\u00bb:2800}},\u00a0\u00bbsubtype\u00a0\u00bb:\u00a0\u00bbART:\u00a0\u00bb,\u00a0\u00bbtaxonomy\u00a0\u00bb:{\u00ab\u00a0primary_section\u00a0\u00bb:{\u00ab\u00a0_id\u00a0\u00bb:\u00a0\u00bb\/meteo\u00a0\u00bb,\u00a0\u00bbadditional_properties\u00a0\u00bb:{\u00ab\u00a0original\u00a0\u00bb:{\u00ab\u00a0site\u00a0\u00bb:{\u00ab\u00a0paywall_deactivated\u00a0\u00bb:\u00a0\u00bbfalse\u00a0\u00bb}}},\u00a0\u00bbname\u00a0\u00bb:\u00a0\u00bbM\u00e9t\u00e9o\u00a0\u00bb}},\u00a0\u00bbwebsite_url\u00a0\u00bb:\u00a0\u00bb\/meteo\/soleil-froid-et-pluie-pour-la-nouvelle-annee-a-quel-meteo-sattendre-cette-semaine-29-12-2025-P3D3ICLHFNAWBD7MN6SPFALRGA.php\u00a0\u00bb},{\u00ab\u00a0_id\u00a0\u00bb:\u00a0\u00bbUTNRYSTKTFAPLD22UTGONCZ4FU\u00a0\u00bb,\u00a0\u00bbcontent_restrictions\u00a0\u00bb:{\u00ab\u00a0content_code\u00a0\u00bb:\u00a0\u00bbmetered\u00a0\u00bb},\u00a0\u00bbdistributor\u00a0\u00bb:{\u00ab\u00a0name\u00a0\u00bb:\u00a0\u00bbleparisien\u00a0\u00bb},\u00a0\u00bbheadlines\u00a0\u00bb:{\u00ab\u00a0basic\u00a0\u00bb:\u00a0\u00bbR\u00e9clam\u00e9 par la Ville de Paris et les associations, le plan grand froid activ\u00e9 en \u00cele-de-France\u00a0\u00bb},\u00a0\u00bblabel\u00a0\u00bb:{},\u00a0\u00bbpromo_items\u00a0\u00bb:{\u00ab\u00a0basic\u00a0\u00bb:{\u00ab\u00a0additional_properties\u00a0\u00bb:{},\u00a0\u00bbcaption\u00a0\u00bb:\u00a0\u00bbParis (Ve), le 27 d\u00e9cembre. Le pr\u00e9fet de la r\u00e9gion \u00cele-de-France, Marc Guillaume, a officialis\u00e9 ce dimanche soir l&rsquo;activation du plan grand froid \u00e0 Paris, r\u00e9clam\u00e9 depuis plusieurs jours par les associations et \u00e9lus. LP\/Ahmed Benazzouz\u00a0\u00bb,\u00a0\u00bbheight\u00a0\u00bb:3280,\u00a0\u00bbtype\u00a0\u00bb:\u00a0\u00bbimage\u00a0\u00bb,\u00a0\u00bburl\u00a0\u00bb:\u00a0\u00bbhttps:\/\/cloudfront-eu-central-1.images.arcpublishing.com\/leparisien\/TB3GV6YDD5C3PN35WGX2IUGL3Y.jpg\u00a0\u00bb,\u00a0\u00bbwidth\u00a0\u00bb:4928}},\u00a0\u00bbsubtype\u00a0\u00bb:\u00a0\u00bbART:\u00a0\u00bb,\u00a0\u00bbtaxonomy\u00a0\u00bb:{\u00ab\u00a0primary_section\u00a0\u00bb:{\u00ab\u00a0_id\u00a0\u00bb:\u00a0\u00bb\/paris-75&Prime;,\u00a0\u00bbadditional_properties\u00a0\u00bb:{\u00ab\u00a0original\u00a0\u00bb:{\u00ab\u00a0site\u00a0\u00bb:{}}},\u00a0\u00bbname\u00a0\u00bb:\u00a0\u00bbParis\u00a0\u00bb},\u00a0\u00bbtags\u00a0\u00bb:[{\u00ab\u00a0text\u00a0\u00bb:\u00a0\u00bbM\u00e9t\u00e9o froid\u00a0\u00bb}]},\u00a0\u00bbwebsite_url\u00a0\u00bb:\u00a0\u00bb\/paris-75\/reclame-par-la-ville-de-paris-et-les-associations-le-plan-grand-froid-active-en-ile-de-france-28-12-2025-UTNRYSTKTFAPLD22UTGONCZ4FU.php\u00a0\u00bb},{\u00ab\u00a0_id\u00a0\u00bb:\u00a0\u00bbFGNVEFDZP5ALDL65Z6OHB3S3RE\u00a0\u00bb,\u00a0\u00bbcontent_restrictions\u00a0\u00bb:{\u00ab\u00a0content_code\u00a0\u00bb:\u00a0\u00bbhard-paywall\u00a0\u00bb},\u00a0\u00bbdistributor\u00a0\u00bb:{\u00ab\u00a0name\u00a0\u00bb:\u00a0\u00bbleparisien\u00a0\u00bb},\u00a0\u00bbheadlines\u00a0\u00bb:{\u00ab\u00a0basic\u00a0\u00bb:\u00a0\u00bbL\u2019alcool r\u00e9chauffe, la fra\u00eecheur fait tomber malade, il faut plus de calories\u2026 On d\u00e9m\u00eale le vrai du faux sur le froid\u00a0\u00bb},\u00a0\u00bblabel\u00a0\u00bb:{\u00ab\u00a0format\u00a0\u00bb:{\u00ab\u00a0text\u00a0\u00bb:\u00a0\u00bbD\u00e9cryptage\u00a0\u00bb,\u00a0\u00bburl\u00a0\u00bb:\u00a0\u00bb\/decryptage\u00a0\u00bb},\u00a0\u00bbprofil\u00a0\u00bb:{\u00ab\u00a0text\u00a0\u00bb:\u00a0\u00bbABO\u00a0\u00bb}},\u00a0\u00bbpromo_items\u00a0\u00bb:{\u00ab\u00a0basic\u00a0\u00bb:{\u00ab\u00a0additional_properties\u00a0\u00bb:{},\u00a0\u00bbcaption\u00a0\u00bb:\u00a0\u00bbLoin d&rsquo;\u00eatre d\u00e9conseill\u00e9es, les balades en hiver permettent de renforcer notre syst\u00e8me immunitaire. (Illustration) LP\/Delphine Goldsztejn\u00a0\u00bb,\u00a0\u00bbheight\u00a0\u00bb:3378,\u00a0\u00bbtype\u00a0\u00bb:\u00a0\u00bbimage\u00a0\u00bb,\u00a0\u00bburl\u00a0\u00bb:\u00a0\u00bbhttps:\/\/cloudfront-eu-central-1.images.arcpublishing.com\/leparisien\/CVT5NMMWBBEMTFQ7ZAYMHLXQS4.jpg\u00a0\u00bb,\u00a0\u00bbwidth\u00a0\u00bb:5000}},\u00a0\u00bbsubtype\u00a0\u00bb:\u00a0\u00bbART:\u00a0\u00bb,\u00a0\u00bbtaxonomy\u00a0\u00bb:{\u00ab\u00a0primary_section\u00a0\u00bb:{\u00ab\u00a0_id\u00a0\u00bb:\u00a0\u00bb\/societe\/sante\u00a0\u00bb,\u00a0\u00bbadditional_properties\u00a0\u00bb:{\u00ab\u00a0original\u00a0\u00bb:{\u00ab\u00a0site\u00a0\u00bb:{}}},\u00a0\u00bbname\u00a0\u00bb:\u00a0\u00bbSant\u00e9\u00a0\u00bb},\u00a0\u00bbtags\u00a0\u00bb:[{\u00ab\u00a0text\u00a0\u00bb:\u00a0\u00bbM\u00e9t\u00e9o froid\u00a0\u00bb}]},\u00a0\u00bbwebsite_url\u00a0\u00bb:\u00a0\u00bb\/societe\/sante\/lalcool-rechauffe-la-fraicheur-fait-tomber-malade-il-faut-plus-de-calories-on-demele-le-vrai-du-faux-sur-le-froid-28-12-2025-FGNVEFDZP5ALDL65Z6OHB3S3RE.php\u00a0\u00bb},{\u00ab\u00a0_id\u00a0\u00bb:\u00a0\u00bb4MYKX7VJUJGHPEZFTWF7SCVTOQ\u00a0\u00bb,\u00a0\u00bbcontent_restrictions\u00a0\u00bb:{\u00ab\u00a0content_code\u00a0\u00bb:\u00a0\u00bbmetered\u00a0\u00bb},\u00a0\u00bbdistributor\u00a0\u00bb:{\u00ab\u00a0name\u00a0\u00bb:\u00a0\u00bbleparisien\u00a0\u00bb},\u00a0\u00bbheadlines\u00a0\u00bb:{\u00ab\u00a0basic\u00a0\u00bb:\u00a0\u00bb\u00ab\u00a0Un \u00e9pisode pluvieux durable\u00a0\u00bb\u00a0: les Pyr\u00e9n\u00e9es-Orientales restent en vigilance orange pluie-inondation\u00a0\u00bb},\u00a0\u00bblabel\u00a0\u00bb:{},\u00a0\u00bbpromo_items\u00a0\u00bb:{\u00ab\u00a0basic\u00a0\u00bb:{\u00ab\u00a0additional_properties\u00a0\u00bb:{},\u00a0\u00bbcaption\u00a0\u00bb:\u00a0\u00bbLes pluies devraient cesser de tomber dimanche matin. AFP\/Jean-Christophe Milhet\u00a0\u00bb,\u00a0\u00bbheight\u00a0\u00bb:1867,\u00a0\u00bbtype\u00a0\u00bb:\u00a0\u00bbimage\u00a0\u00bb,\u00a0\u00bburl\u00a0\u00bb:\u00a0\u00bbhttps:\/\/cloudfront-eu-central-1.images.arcpublishing.com\/leparisien\/ZY6CZDBJ4BGUHGZJ5DEI4SZTDA.jpg\u00a0\u00bb,\u00a0\u00bbwidth\u00a0\u00bb:2800}},\u00a0\u00bbsubtype\u00a0\u00bb:\u00a0\u00bbART:\u00a0\u00bb,\u00a0\u00bbtaxonomy\u00a0\u00bb:{\u00ab\u00a0primary_section\u00a0\u00bb:{\u00ab\u00a0_id\u00a0\u00bb:\u00a0\u00bb\/meteo\u00a0\u00bb,\u00a0\u00bbadditional_properties\u00a0\u00bb:{\u00ab\u00a0original\u00a0\u00bb:{\u00ab\u00a0site\u00a0\u00bb:{\u00ab\u00a0paywall_deactivated\u00a0\u00bb:\u00a0\u00bbfalse\u00a0\u00bb}}},\u00a0\u00bbname\u00a0\u00bb:\u00a0\u00bbM\u00e9t\u00e9o\u00a0\u00bb},\u00a0\u00bbtags\u00a0\u00bb:[{\u00ab\u00a0text\u00a0\u00bb:\u00a0\u00bbM\u00e9t\u00e9o inondations\u00a0\u00bb}]},\u00a0\u00bbwebsite_url\u00a0\u00bb:\u00a0\u00bb\/meteo\/un-episode-pluvieux-durable-les-pyrenees-orientales-restent-en-vigilance-orange-pluie-inondation-27-12-2025-4MYKX7VJUJGHPEZFTWF7SCVTOQ.php\u00a0\u00bb},{\u00ab\u00a0_id\u00a0\u00bb:\u00a0\u00bbUYIVT35SEFCE5OOJLJFGPEP2VU\u00a0\u00bb,\u00a0\u00bbcontent_restrictions\u00a0\u00bb:{\u00ab\u00a0content_code\u00a0\u00bb:\u00a0\u00bbmetered\u00a0\u00bb},\u00a0\u00bbdistributor\u00a0\u00bb:{\u00ab\u00a0name\u00a0\u00bb:\u00a0\u00bbleparisien\u00a0\u00bb},\u00a0\u00bbheadlines\u00a0\u00bb:{\u00ab\u00a0basic\u00a0\u00bb:\u00a0\u00bbM\u00e9t\u00e9o\u00a0: \u00e0 quel temps s\u2019attendre ce week-end en France\u00a0?\u00a0\u00bb},\u00a0\u00bblabel\u00a0\u00bb:{},\u00a0\u00bbpromo_items\u00a0\u00bb:{\u00ab\u00a0basic\u00a0\u00bb:{\u00ab\u00a0additional_properties\u00a0\u00bb:{},\u00a0\u00bbcaption\u00a0\u00bb:\u00a0\u00bbSamedi, le temps froid se maintient sur les r\u00e9gions du nord de la France. LP\/Delphine Goldsztejn\u00a0\u00bb,\u00a0\u00bbheight\u00a0\u00bb:3525,\u00a0\u00bbtype\u00a0\u00bb:\u00a0\u00bbimage\u00a0\u00bb,\u00a0\u00bburl\u00a0\u00bb:\u00a0\u00bbhttps:\/\/cloudfront-eu-central-1.images.arcpublishing.com\/leparisien\/AU2TYW6THJFYZPRY5KHGEJ7HFI.jpg\u00a0\u00bb,\u00a0\u00bbwidth\u00a0\u00bb:5000}},\u00a0\u00bbsubtype\u00a0\u00bb:\u00a0\u00bbART:\u00a0\u00bb,\u00a0\u00bbtaxonomy\u00a0\u00bb:{\u00ab\u00a0primary_section\u00a0\u00bb:{\u00ab\u00a0_id\u00a0\u00bb:\u00a0\u00bb\/meteo\u00a0\u00bb,\u00a0\u00bbadditional_properties\u00a0\u00bb:{\u00ab\u00a0original\u00a0\u00bb:{\u00ab\u00a0site\u00a0\u00bb:{\u00ab\u00a0paywall_deactivated\u00a0\u00bb:\u00a0\u00bbfalse\u00a0\u00bb}}},\u00a0\u00bbname\u00a0\u00bb:\u00a0\u00bbM\u00e9t\u00e9o\u00a0\u00bb},\u00a0\u00bbtags\u00a0\u00bb:[{\u00ab\u00a0text\u00a0\u00bb:\u00a0\u00bbM\u00e9t\u00e9o froid\u00a0\u00bb}]},\u00a0\u00bbwebsite_url\u00a0\u00bb:\u00a0\u00bb\/meteo\/meteo-a-quel-temps-sattendre-ce-week-end-en-france-27-12-2025-UYIVT35SEFCE5OOJLJFGPEP2VU.php\u00a0\u00bb}],\u00a0\u00bbcount\u00a0\u00bb:3955,\u00a0\u00bbnext\u00a0\u00bb:9,\u00a0\u00bb_id\u00a0\u00bb:\u00a0\u00bb446f6837a0214a556f0a41f5dd1ca2a4fa63a26422cf47d2153a762c904bc8a4&Prime;},\u00a0\u00bbexpires\u00a0\u00bb:1767387487456,\u00a0\u00bblastModified\u00a0\u00bb:1767387367335}},\u00a0\u00bbmost-read\u00a0\u00bb:{\u00ab\u00a0{\\\u00a0\u00bbsize\\\u00a0\u00bb:5,\\\u00a0\u00bbtype\\\u00a0\u00bb:\\\u00a0\u00bball-sections\\\u00a0\u00bb,\\\u00a0\u00bbwebsite\\\u00a0\u00bb:\\\u00a0\u00bbleparisien\\\u00a0\u00bb}\u00a0\u00bb:{\u00ab\u00a0data\u00a0\u00bb:{\u00ab\u00a0content_elements\u00a0\u00bb:[{\u00ab\u00a0headlines\u00a0\u00bb:{\u00ab\u00a0basic\u00a0\u00bb:\u00a0\u00bb\u00ab\u00a0C\u2019est le dernier, je l\u2019ai promis \u00e0 ma femme\u00a0\u00bb\u00a0: \u00e0 bient\u00f4t 80\u00a0ans, le doyen du Dakar en tourn\u00e9e d\u2019adieu\u00a0\u00bb},\u00a0\u00bbwebsite_url\u00a0\u00bb:\u00a0\u00bb\/yvelines-78\/cest-le-dernier-je-lai-promis-a-ma-femme-a-bientot-80-ans-le-doyen-du-dakar-en-tournee-dadieu-02-01-2026-HGMXIUMUBJEKVGKII5ONIJQKHU.php\u00a0\u00bb},{\u00ab\u00a0headlines\u00a0\u00bb:{\u00ab\u00a0basic\u00a0\u00bb:\u00a0\u00bbGuerre en Ukraine\u00a0: \u00ab\u00a0Un symbole de peur pour les Russes\u00a0\u00bb, c\u2019est quoi le Baba Yaga, ce drone ukrainien qui a droit \u00e0 sa propre statue\u00a0\u00bb},\u00a0\u00bbwebsite_url\u00a0\u00bb:\u00a0\u00bb\/international\/ukraine\/guerre-en-ukraine-un-symbole-de-peur-pour-les-russes-cest-quoi-le-baba-yaga-ce-drone-ukrainien-qui-a-droit-a-sa-propre-statue-01-01-2026-DLQW6FXUEZDFHNGFPG2J4ZPCBE.php\u00a0\u00bb},{\u00ab\u00a0headlines\u00a0\u00bb:{\u00ab\u00a0basic\u00a0\u00bb:\u00a0\u00bbLandes\u00a0: une femme disparue depuis No\u00ebl retrouv\u00e9e enterr\u00e9e dans le jardin de son ex-conjoint\u00a0\u00bb},\u00a0\u00bbwebsite_url\u00a0\u00bb:\u00a0\u00bb\/landes-40\/landes-une-femme-disparue-depuis-noel-retrouvee-enterree-dans-le-jardin-de-son-ex-conjoint-02-01-2026-ITB4XWZ4UJGFDHE4SZ2T4AZ2VY.php\u00a0\u00bb},{\u00ab\u00a0headlines\u00a0\u00bb:{\u00ab\u00a0basic\u00a0\u00bb:\u00a0\u00bbDonald Trump raille la naturalisation des Clooney et critique la \u00ab\u00a0gestion d\u00e9sastreuse de l\u2019immigration\u00a0\u00bb en France\u00a0\u00bb},\u00a0\u00bbwebsite_url\u00a0\u00bb:\u00a0\u00bb\/international\/etats-unis\/donald-trump-raille-la-naturalisation-des-clooney-et-critique-la-gestion-desastreuse-de-limmigration-en-france-01-01-2026-WWXDJN5IVNGX3BPVHP3E2F4DTE.php\u00a0\u00bb},{\u00ab\u00a0headlines\u00a0\u00bb:{\u00ab\u00a0basic\u00a0\u00bb:\u00a0\u00bb\u00ab\u00a040\u00a0euros pour trois descentes, \u00e7a pique\u00a0!\u00a0\u00bb\u00a0: malgr\u00e9 le manque de neige, skier co\u00fbte toujours cher\u00a0\u00bb},\u00a0\u00bbwebsite_url\u00a0\u00bb:\u00a0\u00bb\/economie\/consommation\/40-euros-pour-trois-descentes-ca-pique-malgre-le-manque-de-neige-skier-coute-toujours-cher-02-01-2026-JTX4S6PR45FW5DI7F2A3HQJY2M.php\u00a0\u00bb}],\u00a0\u00bb_id\u00a0\u00bb:\u00a0\u00bb232b8ac82024f3226e1885b81f04a2b5c861a9ee597d8a97ae48c739ebd47ffa\u00a0\u00bb},\u00a0\u00bbexpires\u00a0\u00bb:1767390122329,\u00a0\u00bblastModified\u00a0\u00bb:1767386515438}},\u00a0\u00bbget-comment\u00a0\u00bb:{\u00ab\u00a0{\\\u00a0\u00bbarticleId\\\u00a0\u00bb:\\\u00a0\u00bbXHMU4QE7VZGKJCLAGCO7QT7374\\\u00a0\u00bb,\\\u00a0\u00bblimit\\\u00a0\u00bb:1000}\u00a0\u00bb:{\u00ab\u00a0data\u00a0\u00bb:{\u00ab\u00a0comments\u00a0\u00bb:[{\u00ab\u00a0id\u00a0\u00bb:\u00a0\u00bb29994dcf-f82f-42c7-b2c7-411463838aad\u00a0\u00bb,\u00a0\u00bbusername\u00a0\u00bb:\u00a0\u00bbBoups11&Prime;,\u00a0\u00bbmessage\u00a0\u00bb:\u00a0\u00bbFermons la N118&Prime;,\u00a0\u00bbcreatedAt\u00a0\u00bb:\u00a0\u00bb2026-01-02T20:06:24+00:00&Prime;,\u00a0\u00bbarticleTitle\u00a0\u00bb:\u00a0\u00bbLes premiers flocons de 2026 sont tomb\u00e9s en \u00cele-de-France et dans l\u2019Oise, plac\u00e9s en vigilance jaune neige verglas\u00a0\u00bb,\u00a0\u00bbarticleUrl\u00a0\u00bb:\u00a0\u00bbhttps:\/\/leparisien.fr\/oise-60\/les-premiers-flocons-de-2026-sont-tombes-en-ile-de-france-et-dans-loise-places-en-vigilance-jaune-neige-verglas-02-01-2026-XHMU4QE7VZGKJCLAGCO7QT7374.php\u00a0\u00bb,\u00a0\u00bbarticleId\u00a0\u00bb:\u00a0\u00bbXHMU4QE7VZGKJCLAGCO7QT7374&Prime;}],\u00a0\u00bbid\u00a0\u00bb:\u00a0\u00bb\u00a0\u00bb,\u00a0\u00bbcreatedAt\u00a0\u00bb:\u00a0\u00bb\u00a0\u00bb,\u00a0\u00bb_id\u00a0\u00bb:\u00a0\u00bb\u00a0\u00bb},\u00a0\u00bbexpires\u00a0\u00bb:1767387704421,\u00a0\u00bblastModified\u00a0\u00bb:1767387404269}},\u00a0\u00bbguide-third-party\u00a0\u00bb:{\u00ab\u00a0{}\u00a0\u00bb:{\u00ab\u00a0data\u00a0\u00bb:{\u00ab\u00a0type\u00a0\u00bb:\u00a0\u00bbresults\u00a0\u00bb,\u00a0\u00bbversion\u00a0\u00bb:\u00a0\u00bb0.6.0&Prime;,\u00a0\u00bbcontent_elements\u00a0\u00bb:[{\u00ab\u00a0headlines\u00a0\u00bb:{\u00ab\u00a0basic\u00a0\u00bb:\u00a0\u00bbVoici les 2 paires de baskets Nike en promo qui font craquer tout le monde cet hiver (-50%) \u00ab\u00a0},\u00a0\u00bbpromo_items\u00a0\u00bb:{\u00ab\u00a0basic\u00a0\u00bb:{\u00ab\u00a0owner\u00a0\u00bb:{\u00ab\u00a0sponsored\u00a0\u00bb:false,\u00a0\u00bbid\u00a0\u00bb:\u00a0\u00bblpguideshopping\u00a0\u00bb},\u00a0\u00bbcredits\u00a0\u00bb:{\u00ab\u00a0affiliation\u00a0\u00bb:[]},\u00a0\u00bbsubtitle\u00a0\u00bb:\u00a0\u00bbnike\u00a0\u00bb,\u00a0\u00bbwidth\u00a0\u00bb:1280,\u00a0\u00bbcaption\u00a0\u00bb:\u00a0\u00bbVoici les 2 paires de baskets Nike en promo qui font craquer tout le monde cet hiver (-50%) \/\/ Nike\u00a0\u00bb,\u00a0\u00bbsource\u00a0\u00bb:{\u00ab\u00a0system\u00a0\u00bb:\u00a0\u00bbphoto center\u00a0\u00bb,\u00a0\u00bbedit_url\u00a0\u00bb:\u00a0\u00bb\u00a0\u00bb,\u00a0\u00bbadditional_properties\u00a0\u00bb:{\u00ab\u00a0editor\u00a0\u00bb:\u00a0\u00bbphoto center\u00a0\u00bb}},\u00a0\u00bbtype\u00a0\u00bb:\u00a0\u00bbimage\u00a0\u00bb,\u00a0\u00bburl\u00a0\u00bb:\u00a0\u00bbhttps:\/\/cloudfront-eu-central-1.images.arcpublishing.com\/lpguideshopping\/RW5BGNS4T5BIVFXRENTLWCXUI4.jpg\u00a0\u00bb,\u00a0\u00bbheight\u00a0\u00bb:800}},\u00a0\u00bbcanonical_url\u00a0\u00bb:\u00a0\u00bbhttps:\/\/www.leparisien.fr\/guide-shopping\/mode-soins\/mode\/voici-les-2-paires-de-baskets-nike-en-promo-qui-font-craquer-tout-le-monde-cet-hiver-50-02-01-2026-ZFPWWA55VZF7NM6KBDRPSAPKNQ.php\u00a0\u00bb,\u00a0\u00bb_id\u00a0\u00bb:\u00a0\u00bbZFPWWA55VZF7NM6KBDRPSAPKNQ\u00a0\u00bb},{\u00ab\u00a0headlines\u00a0\u00bb:{\u00ab\u00a0basic\u00a0\u00bb:\u00a0\u00bbLidl : impossible de passer \u00e0 c\u00f4t\u00e9 de cet appareil pour la maison Silvercrest \u00e0 seulement 7,99 euros\u00a0\u00bb},\u00a0\u00bbpromo_items\u00a0\u00bb:{\u00ab\u00a0basic\u00a0\u00bb:{\u00ab\u00a0owner\u00a0\u00bb:{\u00ab\u00a0sponsored\u00a0\u00bb:false,\u00a0\u00bbid\u00a0\u00bb:\u00a0\u00bblpguideshopping\u00a0\u00bb},\u00a0\u00bbcredits\u00a0\u00bb:{\u00ab\u00a0affiliation\u00a0\u00bb:[]},\u00a0\u00bbsubtitle\u00a0\u00bb:\u00a0\u00bblidl\u00a0\u00bb,\u00a0\u00bbwidth\u00a0\u00bb:1280,\u00a0\u00bbcaption\u00a0\u00bb:\u00a0\u00bbLidl : impossible de passer \u00e0 c\u00f4t\u00e9 de cet appareil pour la maison Silvercrest \u00e0 seulement 7,99 euros \/\/ Lidl\u00a0\u00bb,\u00a0\u00bbsource\u00a0\u00bb:{\u00ab\u00a0system\u00a0\u00bb:\u00a0\u00bbphoto center\u00a0\u00bb,\u00a0\u00bbedit_url\u00a0\u00bb:\u00a0\u00bb\u00a0\u00bb,\u00a0\u00bbadditional_properties\u00a0\u00bb:{\u00ab\u00a0editor\u00a0\u00bb:\u00a0\u00bbphoto center\u00a0\u00bb}},\u00a0\u00bbtype\u00a0\u00bb:\u00a0\u00bbimage\u00a0\u00bb,\u00a0\u00bburl\u00a0\u00bb:\u00a0\u00bbhttps:\/\/cloudfront-eu-central-1.images.arcpublishing.com\/lpguideshopping\/RTKCIAPUBZDVBIXRHORTP3G2MI.jpg\u00a0\u00bb,\u00a0\u00bbheight\u00a0\u00bb:800}},\u00a0\u00bbcanonical_url\u00a0\u00bb:\u00a0\u00bbhttps:\/\/www.leparisien.fr\/guide-shopping\/maison\/lidl-impossible-de-passer-a-cote-de-cet-appareil-pour-la-maison-silvercrest-a-seulement-799-euros-02-01-2026-JKWWFFVZL5F47GHE27H7J7HL4I.php\u00a0\u00bb,\u00a0\u00bb_id\u00a0\u00bb:\u00a0\u00bbJKWWFFVZL5F47GHE27H7J7HL4I\u00a0\u00bb},{\u00ab\u00a0headlines\u00a0\u00bb:{\u00ab\u00a0basic\u00a0\u00bb:\u00a0\u00bbEncore No\u00ebl ? L\u2019airfryer Ninja CRISPi vous attend \u00e0 prix r\u00e9duit ce week-end \u00ab\u00a0},\u00a0\u00bbpromo_items\u00a0\u00bb:{\u00ab\u00a0basic\u00a0\u00bb:{\u00ab\u00a0owner\u00a0\u00bb:{\u00ab\u00a0sponsored\u00a0\u00bb:false,\u00a0\u00bbid\u00a0\u00bb:\u00a0\u00bblpguideshopping\u00a0\u00bb},\u00a0\u00bbcredits\u00a0\u00bb:{\u00ab\u00a0affiliation\u00a0\u00bb:[]},\u00a0\u00bbsubtitle\u00a0\u00bb:\u00a0\u00bbninja\u00a0\u00bb,\u00a0\u00bbwidth\u00a0\u00bb:1280,\u00a0\u00bbcaption\u00a0\u00bb:\u00a0\u00bbEncore No\u00ebl ? L\u2019airfryer Ninja CRISPi vous attend \u00e0 prix r\u00e9duit ce week-end \/\/ Ninja\u00a0\u00bb,\u00a0\u00bbsource\u00a0\u00bb:{\u00ab\u00a0system\u00a0\u00bb:\u00a0\u00bbphoto center\u00a0\u00bb,\u00a0\u00bbedit_url\u00a0\u00bb:\u00a0\u00bb\u00a0\u00bb,\u00a0\u00bbadditional_properties\u00a0\u00bb:{\u00ab\u00a0editor\u00a0\u00bb:\u00a0\u00bbphoto center\u00a0\u00bb}},\u00a0\u00bbtype\u00a0\u00bb:\u00a0\u00bbimage\u00a0\u00bb,\u00a0\u00bburl\u00a0\u00bb:\u00a0\u00bbhttps:\/\/cloudfront-eu-central-1.images.arcpublishing.com\/lpguideshopping\/Z7ZSBC47VFBJDLMAAI57ZI7IEY.jpg\u00a0\u00bb,\u00a0\u00bbheight\u00a0\u00bb:800}},\u00a0\u00bbcanonical_url\u00a0\u00bb:\u00a0\u00bbhttps:\/\/www.leparisien.fr\/guide-shopping\/maison\/cuisine-alimentation\/encore-noel-lairfryer-ninja-crispi-vous-attend-a-prix-reduit-ce-week-end-02-01-2026-T3MV4GJ4BVEVRHTZCZGMDCXAPI.php\u00a0\u00bb,\u00a0\u00bb_id\u00a0\u00bb:\u00a0\u00bbT3MV4GJ4BVEVRHTZCZGMDCXAPI\u00a0\u00bb},{\u00ab\u00a0headlines\u00a0\u00bb:{\u00ab\u00a0basic\u00a0\u00bb:\u00a0\u00bbCette montre connect\u00e9e Xiaomi \u00e0 39 euros sur Amazon vous aidera \u00e0 tenir vos r\u00e9solutions sportives toute l\u2019ann\u00e9e\u00a0\u00bb},\u00a0\u00bbpromo_items\u00a0\u00bb:{\u00ab\u00a0basic\u00a0\u00bb:{\u00ab\u00a0owner\u00a0\u00bb:{\u00ab\u00a0sponsored\u00a0\u00bb:false,\u00a0\u00bbid\u00a0\u00bb:\u00a0\u00bblpguideshopping\u00a0\u00bb},\u00a0\u00bbcredits\u00a0\u00bb:{\u00ab\u00a0affiliation\u00a0\u00bb:[]},\u00a0\u00bbsubtitle\u00a0\u00bb:\u00a0\u00bbmontre-connectee-Xiaomi\u00a0\u00bb,\u00a0\u00bbwidth\u00a0\u00bb:1280,\u00a0\u00bbcaption\u00a0\u00bb:\u00a0\u00bbCette montre connect\u00e9e Xiaomi \u00e0 39 euros sur Amazon vous aidera \u00e0 tenir vos r\u00e9solutions sportives toute l\u2019ann\u00e9e \/\/ Amazon\u00a0\u00bb,\u00a0\u00bbsource\u00a0\u00bb:{\u00ab\u00a0system\u00a0\u00bb:\u00a0\u00bbphoto center\u00a0\u00bb,\u00a0\u00bbedit_url\u00a0\u00bb:\u00a0\u00bb\u00a0\u00bb,\u00a0\u00bbadditional_properties\u00a0\u00bb:{\u00ab\u00a0editor\u00a0\u00bb:\u00a0\u00bbphoto center\u00a0\u00bb}},\u00a0\u00bbtype\u00a0\u00bb:\u00a0\u00bbimage\u00a0\u00bb,\u00a0\u00bburl\u00a0\u00bb:\u00a0\u00bbhttps:\/\/cloudfront-eu-central-1.images.arcpublishing.com\/lpguideshopping\/K5UVFHIISNH2DI3DU645VLQVRY.jpg\u00a0\u00bb,\u00a0\u00bbheight\u00a0\u00bb:800}},\u00a0\u00bbcanonical_url\u00a0\u00bb:\u00a0\u00bbhttps:\/\/www.leparisien.fr\/guide-shopping\/high-tech\/divers\/cette-montre-connectee-xiaomi-a-39-euros-sur-amazon-vous-aidera-a-tenir-vos-resolutions-sportives-toute-lannee-02-01-2026-HQ3446HTI5GFDFFZC5L7DXVA4I.php\u00a0\u00bb,\u00a0\u00bb_id\u00a0\u00bb:\u00a0\u00bbHQ3446HTI5GFDFFZC5L7DXVA4I\u00a0\u00bb}],\u00a0\u00bbadditional_properties\u00a0\u00bb:{\u00ab\u00a0took\u00a0\u00bb:41,\u00a0\u00bbtimed_out\u00a0\u00bb:false},\u00a0\u00bbcount\u00a0\u00bb:10000,\u00a0\u00bbnext\u00a0\u00bb:4,\u00a0\u00bb_id\u00a0\u00bb:\u00a0\u00bb8e2ff5cd4f47dac79f7456a1407c177de333a253cff91431ed8113eca177d950&Prime;},\u00a0\u00bbexpires\u00a0\u00bb:1767390115553,\u00a0\u00bblastModified\u00a0\u00bb:1767386515420}},\u00a0\u00bbbienici-annonce-immo\u00a0\u00bb:{\u00ab\u00a0{\\\u00a0\u00bbfileCode\\\u00a0\u00bb:\\\u00a0\u00bbf758b5a8-5b64-40b3-ad13-68f53289886e\\\u00a0\u00bb}\u00a0\u00bb:{\u00ab\u00a0data\u00a0\u00bb:{\u00ab\u00a0@version\u00a0\u00bb:2,\u00a0\u00bbchannel\u00a0\u00bb:{\u00ab\u00a0item\u00a0\u00bb:[{\u00ab\u00a0title\u00a0\u00bb:\u00a0\u00bbMaison neuve 5\u00a0pi\u00e8ces 110\u00a0m\u00b2\u00a0\u00bb,\u00a0\u00bbdescription\u00a0\u00bb:\u00a0\u00bbproche gare et commerces \\npossibilit\u00e9 de construire en R+1+C\\n\\nLe Pavillon Fran\u00e7ais construit des maisons sur-mesure alliant design, caract\u00e8re et qualit\u00e9 depuis plus de 30 ans. Chaque projet est unique : vous choisissez la configuration, les mat\u00e9riaux, les finitions\u2026 nous concr\u00e9tisons votre vision.\\n\\nNos constructions sont encadr\u00e9es par le CCMI, un contrat garantissant un prix d\u00e9finitif et des d\u00e9lais de livraison pr\u00e9cis.\\n\\nGr\u00e2ce \u00e0 notre certification NF Habitat, vous b\u00e9n\u00e9ficiez d\u2019un haut niveau de confort, de performance et de durabilit\u00e9. Avec un accompagnement personnalis\u00e9 \u00e0 chaque \u00e9tape, nous faisons de votre maison un lieu unique qui vous ressemble.\\n\\nFaites confiance \u00e0 un constructeur exp\u00e9riment\u00e9, \u00e0 l\u2019\u00e9coute et engag\u00e9 \u00e0 vos c\u00f4t\u00e9s pour b\u00e2tir la maison de vos r\u00eaves.\\n\\nContactez C\u00e9dric COUVEZ au  (Le Pavillon Fran\u00e7ais &#8211; Agence d&rsquo;Orry-la-Ville).\\n\\nConstruction aux normes RE2020. Prix avec assurance dommages-ouvrage comprise, hors VRD, terrain non viabilis\u00e9, frais de notaire non compris, frais divers non compris. Terrain s\u00e9lectionn\u00e9 et vu pour vous sous r\u00e9serve de disponibilit\u00e9 et au prix indiqu\u00e9 par notre partenaire foncier. Conditions et visuels non contractuels.\\nCette annonce a \u00e9t\u00e9 cr\u00e9\u00e9e et diffus\u00e9e avec le logiciel VITAHOME.\u00a0\u00bb,\u00a0\u00bblink\u00a0\u00bb:\u00a0\u00bbhttps:\/\/www.bienici.com\/annonce\/gedeon-32392714&Prime;,\u00a0\u00bbguid\u00a0\u00bb:{\u00ab\u00a0@isPermaLink\u00a0\u00bb:\u00a0\u00bbfalse\u00a0\u00bb,\u00a0\u00bb#\u00a0\u00bb:\u00a0\u00bb76485f652b2a17c1d8aeb51b1968222d3a724ef4&Prime;},\u00a0\u00bbg:brand\u00a0\u00bb:\u00a0\u00bbBien ici\u00a0\u00bb,\u00a0\u00bbg:mpn\u00a0\u00bb:\u00a0\u00bbgedeon-32392714&Prime;,\u00a0\u00bbg:google_product_category\u00a0\u00bb:\u00a0\u00bbMaison et jardin\u00a0\u00bb,\u00a0\u00bbg:product_type\u00a0\u00bb:\u00a0\u00bbMaison et jardin\u00a0\u00bb,\u00a0\u00bbg:shipping\u00a0\u00bb:{\u00ab\u00a0g:country\u00a0\u00bb:\u00a0\u00bbFR\u00a0\u00bb,\u00a0\u00bbg:price\u00a0\u00bb:\u00a0\u00bb0 EUR\u00a0\u00bb},\u00a0\u00bbg:availability\u00a0\u00bb:\u00a0\u00bben stock\u00a0\u00bb,\u00a0\u00bbg:condition\u00a0\u00bb:\u00a0\u00bbneuf\u00a0\u00bb,\u00a0\u00bbg:adType\u00a0\u00bb:\u00a0\u00bbbuy\u00a0\u00bb,\u00a0\u00bbg:propertyType\u00a0\u00bb:\u00a0\u00bbmaisonvilla\u00a0\u00bb,\u00a0\u00bbg:departement\u00a0\u00bb:\u00a0\u00bb60&Prime;,\u00a0\u00bbg:departement_name\u00a0\u00bb:\u00a0\u00bbOise\u00a0\u00bb,\u00a0\u00bbg:in_the_departement_name\u00a0\u00bb:\u00a0\u00bbdans l\u2019Oise\u00a0\u00bb,\u00a0\u00bbg:region_name\u00a0\u00bb:\u00a0\u00bbHauts-de-France\u00a0\u00bb,\u00a0\u00bbg:in_the_region_name\u00a0\u00bb:\u00a0\u00bbdans les Hauts-de-France\u00a0\u00bb,\u00a0\u00bbg:old_region_name\u00a0\u00bb:\u00a0\u00bbPicardie\u00a0\u00bb,\u00a0\u00bbg:old_in_the_region_name\u00a0\u00bb:\u00a0\u00bben Picardie\u00a0\u00bb,\u00a0\u00bbg:city\u00a0\u00bb:\u00a0\u00bbChambly\u00a0\u00bb,\u00a0\u00bbg:in_city\u00a0\u00bb:\u00a0\u00bb\u00e0 Chambly\u00a0\u00bb,\u00a0\u00bbg:postal_code\u00a0\u00bb:\u00a0\u00bb60230&Prime;,\u00a0\u00bbg:surfaceArea\u00a0\u00bb:\u00a0\u00bb110&Prime;,\u00a0\u00bbg:roomsQuantity\u00a0\u00bb:\u00a0\u00bb5&Prime;,\u00a0\u00bbg:bedroomsQuantity\u00a0\u00bb:\u00a0\u00bb4&Prime;,\u00a0\u00bbg:id\u00a0\u00bb:\u00a0\u00bb76485f652b2a17c1d8aeb51b1968222d3a724ef4&Prime;,\u00a0\u00bbg:publicationDate\u00a0\u00bb:\u00a0\u00bb2026-01-02T12:37:14.707Z\u00a0\u00bb,\u00a0\u00bbg:modificationDate\u00a0\u00bb:\u00a0\u00bb2026-01-02T12:37:14.707Z\u00a0\u00bb,\u00a0\u00bbg:price\u00a0\u00bb:\u00a0\u00bb370000 EUR\u00a0\u00bb,\u00a0\u00bbg:image_link\u00a0\u00bb:\u00a0\u00bbhttps:\/\/file.bienici.com\/photo\/gedeon-32392714_media.studio-net.fr_biens_32392714_x6957b9eb6839c\u00a0\u00bb,\u00a0\u00bbg:additional_image_link\u00a0\u00bb:[\u00ab\u00a0https:\/\/file.bienici.com\/photo\/gedeon-32392714_media.studio-net.fr_biens_32392714_x6957b9eb683a5&Prime;,\u00a0\u00bbhttps:\/\/file.bienici.com\/photo\/gedeon-32392714_media.studio-net.fr_biens_32392714_x6957b9eb683a8&Prime;,\u00a0\u00bbhttps:\/\/file.bienici.com\/photo\/gedeon-32392714_media.studio-net.fr_biens_32392714_x6957b9eb683aa\u00a0\u00bb,\u00a0\u00bbhttps:\/\/file.bienici.com\/photo\/gedeon-32392714_media.studio-net.fr_biens_32392714_x6957b9eb683ad\u00a0\u00bb,\u00a0\u00bbhttps:\/\/file.bienici.com\/photo\/gedeon-32392714_media.studio-net.fr_biens_32392714_x6957b9eb683af\u00a0\u00bb,\u00a0\u00bbhttps:\/\/file.bienici.com\/photo\/gedeon-32392714_media.studio-net.fr_biens_32392714_x6957b9eb683b1&Prime;,\u00a0\u00bbhttps:\/\/file.bienici.com\/photo\/gedeon-32392714_media.studio-net.fr_biens_32392714_x6957b9eb683b3&Prime;,\u00a0\u00bbhttps:\/\/file.bienici.com\/photo\/gedeon-32392714_media.studio-net.fr_biens_32392714_x6957b9eb683b5&Prime;,\u00a0\u00bbhttps:\/\/file.bienici.com\/photo\/gedeon-32392714_media.studio-net.fr_biens_32392714_x6957b9eb683b9&Prime;],\u00a0\u00bbg:latitude\u00a0\u00bb:\u00a0\u00bb49.16897&Prime;,\u00a0\u00bbg:longitude\u00a0\u00bb:\u00a0\u00bb2.242305&Prime;},{\u00ab\u00a0title\u00a0\u00bb:\u00a0\u00bbMaison neuve 8\u00a0pi\u00e8ces 200\u00a0m\u00b2\u00a0\u00bb,\u00a0\u00bbdescription\u00a0\u00bb:\u00a0\u00bbInformations du terrain : terrain viabilis\u00e9s \\nsecteur recherch\u00e9 et au calme proche du centre ville, commerces et \u00e9coles\\n\\nLe Pavillon Fran\u00e7ais construit des maisons sur-mesure alliant design, caract\u00e8re et qualit\u00e9 depuis plus de 30 ans. Chaque projet est unique : vous choisissez la configuration, les mat\u00e9riaux, les finitions\u2026 nous concr\u00e9tisons votre vision.\\n\\nNos constructions sont encadr\u00e9es par le CCMI, un contrat garantissant un prix d\u00e9finitif et des d\u00e9lais de livraison pr\u00e9cis.\\n\\nGr\u00e2ce \u00e0 notre certification NF Habitat, vous b\u00e9n\u00e9ficiez d\u2019un haut niveau de confort, de performance et de durabilit\u00e9. Avec un accompagnement personnalis\u00e9 \u00e0 chaque \u00e9tape, nous faisons de votre maison un lieu unique qui vous ressemble.\\n\\nFaites confiance \u00e0 un constructeur exp\u00e9riment\u00e9, \u00e0 l\u2019\u00e9coute et engag\u00e9 \u00e0 vos c\u00f4t\u00e9s pour b\u00e2tir la maison de vos r\u00eaves.\\n\\nContactez C\u00e9dric COUVEZ au  (Le Pavillon Fran\u00e7ais &#8211; Agence d&rsquo;Orry-la-Ville).\\n\\nConstruction aux normes RE2020. Prix avec assurance dommages-ouvrage comprise, hors VRD, terrain viabilis\u00e9, frais de notaire non compris, frais divers non compris. Terrain s\u00e9lectionn\u00e9 et vu pour vous sous r\u00e9serve de disponibilit\u00e9 et au prix indiqu\u00e9 par notre partenaire foncier. Conditions et visuels non contractuels.\\nCette annonce a \u00e9t\u00e9 cr\u00e9\u00e9e et diffus\u00e9e avec le logiciel VITAHOME.\u00a0\u00bb,\u00a0\u00bblink\u00a0\u00bb:\u00a0\u00bbhttps:\/\/www.bienici.com\/annonce\/gedeon-32392717&Prime;,\u00a0\u00bbguid\u00a0\u00bb:{\u00ab\u00a0@isPermaLink\u00a0\u00bb:\u00a0\u00bbfalse\u00a0\u00bb,\u00a0\u00bb#\u00a0\u00bb:\u00a0\u00bb70b4962ec9f9c9d12f0f1df36641aff2c737964a\u00a0\u00bb},\u00a0\u00bbg:brand\u00a0\u00bb:\u00a0\u00bbBien ici\u00a0\u00bb,\u00a0\u00bbg:mpn\u00a0\u00bb:\u00a0\u00bbgedeon-32392717&Prime;,\u00a0\u00bbg:google_product_category\u00a0\u00bb:\u00a0\u00bbMaison et jardin\u00a0\u00bb,\u00a0\u00bbg:product_type\u00a0\u00bb:\u00a0\u00bbMaison et jardin\u00a0\u00bb,\u00a0\u00bbg:shipping\u00a0\u00bb:{\u00ab\u00a0g:country\u00a0\u00bb:\u00a0\u00bbFR\u00a0\u00bb,\u00a0\u00bbg:price\u00a0\u00bb:\u00a0\u00bb0 EUR\u00a0\u00bb},\u00a0\u00bbg:availability\u00a0\u00bb:\u00a0\u00bben stock\u00a0\u00bb,\u00a0\u00bbg:condition\u00a0\u00bb:\u00a0\u00bbneuf\u00a0\u00bb,\u00a0\u00bbg:adType\u00a0\u00bb:\u00a0\u00bbbuy\u00a0\u00bb,\u00a0\u00bbg:propertyType\u00a0\u00bb:\u00a0\u00bbmaisonvilla\u00a0\u00bb,\u00a0\u00bbg:departement\u00a0\u00bb:\u00a0\u00bb60&Prime;,\u00a0\u00bbg:departement_name\u00a0\u00bb:\u00a0\u00bbOise\u00a0\u00bb,\u00a0\u00bbg:in_the_departement_name\u00a0\u00bb:\u00a0\u00bbdans l\u2019Oise\u00a0\u00bb,\u00a0\u00bbg:region_name\u00a0\u00bb:\u00a0\u00bbHauts-de-France\u00a0\u00bb,\u00a0\u00bbg:in_the_region_name\u00a0\u00bb:\u00a0\u00bbdans les Hauts-de-France\u00a0\u00bb,\u00a0\u00bbg:old_region_name\u00a0\u00bb:\u00a0\u00bbPicardie\u00a0\u00bb,\u00a0\u00bbg:old_in_the_region_name\u00a0\u00bb:\u00a0\u00bben Picardie\u00a0\u00bb,\u00a0\u00bbg:city\u00a0\u00bb:\u00a0\u00bbGouvieux\u00a0\u00bb,\u00a0\u00bbg:in_city\u00a0\u00bb:\u00a0\u00bb\u00e0 Gouvieux\u00a0\u00bb,\u00a0\u00bbg:postal_code\u00a0\u00bb:\u00a0\u00bb60270&Prime;,\u00a0\u00bbg:surfaceArea\u00a0\u00bb:\u00a0\u00bb200&Prime;,\u00a0\u00bbg:roomsQuantity\u00a0\u00bb:\u00a0\u00bb8&Prime;,\u00a0\u00bbg:bedroomsQuantity\u00a0\u00bb:\u00a0\u00bb5&Prime;,\u00a0\u00bbg:id\u00a0\u00bb:\u00a0\u00bb70b4962ec9f9c9d12f0f1df36641aff2c737964a\u00a0\u00bb,\u00a0\u00bbg:publicationDate\u00a0\u00bb:\u00a0\u00bb2026-01-02T12:37:14.707Z\u00a0\u00bb,\u00a0\u00bbg:modificationDate\u00a0\u00bb:\u00a0\u00bb2026-01-02T12:37:14.707Z\u00a0\u00bb,\u00a0\u00bbg:price\u00a0\u00bb:\u00a0\u00bb780000 EUR\u00a0\u00bb,\u00a0\u00bbg:image_link\u00a0\u00bb:\u00a0\u00bbhttps:\/\/file.bienici.com\/photo\/gedeon-32392717_media.studio-net.fr_biens_32392717_x6957ba0172e47&Prime;,\u00a0\u00bbg:additional_image_link\u00a0\u00bb:[\u00ab\u00a0https:\/\/file.bienici.com\/photo\/gedeon-32392717_media.studio-net.fr_biens_32392717_x6957ba0172e49&Prime;,\u00a0\u00bbhttps:\/\/file.bienici.com\/photo\/gedeon-32392717_media.studio-net.fr_biens_32392717_x6957ba0172e4a\u00a0\u00bb,\u00a0\u00bbhttps:\/\/file.bienici.com\/photo\/gedeon-32392717_media.studio-net.fr_biens_32392717_x6957ba0172e4b\u00a0\u00bb,\u00a0\u00bbhttps:\/\/file.bienici.com\/photo\/gedeon-32392717_media.studio-net.fr_biens_32392717_x6957ba0172e4c\u00a0\u00bb,\u00a0\u00bbhttps:\/\/file.bienici.com\/photo\/gedeon-32392717_media.studio-net.fr_biens_32392717_x6957ba0172e4d\u00a0\u00bb,\u00a0\u00bbhttps:\/\/file.bienici.com\/photo\/gedeon-32392717_media.studio-net.fr_biens_32392717_x6957ba0172e4e\u00a0\u00bb,\u00a0\u00bbhttps:\/\/file.bienici.com\/photo\/gedeon-32392717_media.studio-net.fr_biens_32392717_x6957ba0172e4f\u00a0\u00bb,\u00a0\u00bbhttps:\/\/file.bienici.com\/photo\/gedeon-32392717_media.studio-net.fr_biens_32392717_x6957ba0172e50&Prime;,\u00a0\u00bbhttps:\/\/file.bienici.com\/photo\/gedeon-32392717_media.studio-net.fr_biens_32392717_x6957ba0172e51&Prime;]},{\u00ab\u00a0title\u00a0\u00bb:\u00a0\u00bbMaison neuve 5\u00a0pi\u00e8ces 130\u00a0m\u00b2\u00a0\u00bb,\u00a0\u00bbdescription\u00a0\u00bb:\u00a0\u00bbProche gare \\nPossibilit\u00e9 de R+1+COMBLES\\n\\nLe Pavillon Fran\u00e7ais construit des maisons sur-mesure alliant design, caract\u00e8re et qualit\u00e9 depuis plus de 30 ans. Chaque projet est unique : vous choisissez la configuration, les mat\u00e9riaux, les finitions\u2026 nous concr\u00e9tisons votre vision.\\n\\nNos constructions sont encadr\u00e9es par le CCMI, un contrat garantissant un prix d\u00e9finitif et des d\u00e9lais de livraison pr\u00e9cis.\\n\\nGr\u00e2ce \u00e0 notre certification NF Habitat, vous b\u00e9n\u00e9ficiez d\u2019un haut niveau de confort, de performance et de durabilit\u00e9. Avec un accompagnement personnalis\u00e9 \u00e0 chaque \u00e9tape, nous faisons de votre maison un lieu unique qui vous ressemble.\\n\\nFaites confiance \u00e0 un constructeur exp\u00e9riment\u00e9, \u00e0 l\u2019\u00e9coute et engag\u00e9 \u00e0 vos c\u00f4t\u00e9s pour b\u00e2tir la maison de vos r\u00eaves.\\n\\nContactez C\u00e9dric COUVEZ au  (Le Pavillon Fran\u00e7ais &#8211; Agence d&rsquo;Orry-la-Ville).\\n\\nConstruction aux normes RE2020. Prix avec assurance dommages-ouvrage comprise, hors VRD, terrain viabilis\u00e9, frais de notaire non compris, frais divers non compris. Terrain s\u00e9lectionn\u00e9 et vu pour vous sous r\u00e9serve de disponibilit\u00e9 et au prix indiqu\u00e9 par notre partenaire foncier. Conditions et visuels non contractuels.\\nCette annonce a \u00e9t\u00e9 cr\u00e9\u00e9e et diffus\u00e9e avec le logiciel VITAHOME.\u00a0\u00bb,\u00a0\u00bblink\u00a0\u00bb:\u00a0\u00bbhttps:\/\/www.bienici.com\/annonce\/gedeon-32392715&Prime;,\u00a0\u00bbguid\u00a0\u00bb:{\u00ab\u00a0@isPermaLink\u00a0\u00bb:\u00a0\u00bbfalse\u00a0\u00bb,\u00a0\u00bb#\u00a0\u00bb:\u00a0\u00bb708495dbbe7fd7d0ec8b931be5ca3d0dbf3dfa6f\u00a0\u00bb},\u00a0\u00bbg:brand\u00a0\u00bb:\u00a0\u00bbBien ici\u00a0\u00bb,\u00a0\u00bbg:mpn\u00a0\u00bb:\u00a0\u00bbgedeon-32392715&Prime;,\u00a0\u00bbg:google_product_category\u00a0\u00bb:\u00a0\u00bbMaison et jardin\u00a0\u00bb,\u00a0\u00bbg:product_type\u00a0\u00bb:\u00a0\u00bbMaison et jardin\u00a0\u00bb,\u00a0\u00bbg:shipping\u00a0\u00bb:{\u00ab\u00a0g:country\u00a0\u00bb:\u00a0\u00bbFR\u00a0\u00bb,\u00a0\u00bbg:price\u00a0\u00bb:\u00a0\u00bb0 EUR\u00a0\u00bb},\u00a0\u00bbg:availability\u00a0\u00bb:\u00a0\u00bben stock\u00a0\u00bb,\u00a0\u00bbg:condition\u00a0\u00bb:\u00a0\u00bbneuf\u00a0\u00bb,\u00a0\u00bbg:adType\u00a0\u00bb:\u00a0\u00bbbuy\u00a0\u00bb,\u00a0\u00bbg:propertyType\u00a0\u00bb:\u00a0\u00bbmaisonvilla\u00a0\u00bb,\u00a0\u00bbg:departement\u00a0\u00bb:\u00a0\u00bb60&Prime;,\u00a0\u00bbg:departement_name\u00a0\u00bb:\u00a0\u00bbOise\u00a0\u00bb,\u00a0\u00bbg:in_the_departement_name\u00a0\u00bb:\u00a0\u00bbdans l\u2019Oise\u00a0\u00bb,\u00a0\u00bbg:region_name\u00a0\u00bb:\u00a0\u00bbHauts-de-France\u00a0\u00bb,\u00a0\u00bbg:in_the_region_name\u00a0\u00bb:\u00a0\u00bbdans les Hauts-de-France\u00a0\u00bb,\u00a0\u00bbg:old_region_name\u00a0\u00bb:\u00a0\u00bbPicardie\u00a0\u00bb,\u00a0\u00bbg:old_in_the_region_name\u00a0\u00bb:\u00a0\u00bben Picardie\u00a0\u00bb,\u00a0\u00bbg:city\u00a0\u00bb:\u00a0\u00bbChambly\u00a0\u00bb,\u00a0\u00bbg:in_city\u00a0\u00bb:\u00a0\u00bb\u00e0 Chambly\u00a0\u00bb,\u00a0\u00bbg:postal_code\u00a0\u00bb:\u00a0\u00bb60230&Prime;,\u00a0\u00bbg:surfaceArea\u00a0\u00bb:\u00a0\u00bb130&Prime;,\u00a0\u00bbg:roomsQuantity\u00a0\u00bb:\u00a0\u00bb5&Prime;,\u00a0\u00bbg:bedroomsQuantity\u00a0\u00bb:\u00a0\u00bb4&Prime;,\u00a0\u00bbg:id\u00a0\u00bb:\u00a0\u00bb708495dbbe7fd7d0ec8b931be5ca3d0dbf3dfa6f\u00a0\u00bb,\u00a0\u00bbg:publicationDate\u00a0\u00bb:\u00a0\u00bb2026-01-02T12:37:14.707Z\u00a0\u00bb,\u00a0\u00bbg:modificationDate\u00a0\u00bb:\u00a0\u00bb2026-01-02T12:37:14.707Z\u00a0\u00bb,\u00a0\u00bbg:price\u00a0\u00bb:\u00a0\u00bb450000 EUR\u00a0\u00bb,\u00a0\u00bbg:image_link\u00a0\u00bb:\u00a0\u00bbhttps:\/\/file.bienici.com\/photo\/gedeon-32392715_media.studio-net.fr_biens_32392715_x6957b9f39d5a9&Prime;,\u00a0\u00bbg:additional_image_link\u00a0\u00bb:[\u00ab\u00a0https:\/\/file.bienici.com\/photo\/gedeon-32392715_media.studio-net.fr_biens_32392715_x6957b9f39d5af\u00a0\u00bb,\u00a0\u00bbhttps:\/\/file.bienici.com\/photo\/gedeon-32392715_media.studio-net.fr_biens_32392715_x6957b9f39d5b2&Prime;,\u00a0\u00bbhttps:\/\/file.bienici.com\/photo\/gedeon-32392715_media.studio-net.fr_biens_32392715_x6957b9f39d5b4&Prime;,\u00a0\u00bbhttps:\/\/file.bienici.com\/photo\/gedeon-32392715_media.studio-net.fr_biens_32392715_x6957b9f39d5b6&Prime;,\u00a0\u00bbhttps:\/\/file.bienici.com\/photo\/gedeon-32392715_media.studio-net.fr_biens_32392715_x6957b9f39d5b8&Prime;,\u00a0\u00bbhttps:\/\/file.bienici.com\/photo\/gedeon-32392715_media.studio-net.fr_biens_32392715_x6957b9f39d5ba\u00a0\u00bb,\u00a0\u00bbhttps:\/\/file.bienici.com\/photo\/gedeon-32392715_media.studio-net.fr_biens_32392715_x6957b9f39d5bc\u00a0\u00bb,\u00a0\u00bbhttps:\/\/file.bienici.com\/photo\/gedeon-32392715_media.studio-net.fr_biens_32392715_x6957b9f39d5be\u00a0\u00bb,\u00a0\u00bbhttps:\/\/file.bienici.com\/photo\/gedeon-32392715_media.studio-net.fr_biens_32392715_x6957b9f39d5c1&Prime;],\u00a0\u00bbg:latitude\u00a0\u00bb:\u00a0\u00bb49.16897&Prime;,\u00a0\u00bbg:longitude\u00a0\u00bb:\u00a0\u00bb2.242305&Prime;},{\u00ab\u00a0title\u00a0\u00bb:\u00a0\u00bbMaison neuve 8\u00a0pi\u00e8ces 200\u00a0m\u00b2\u00a0\u00bb,\u00a0\u00bbdescription\u00a0\u00bb:\u00a0\u00bbInformations du terrain : terrain viabilis\u00e9s \\nsecteur recherch\u00e9 et au calme proche du centre ville, commerces et \u00e9coles\\n\\nLe Pavillon Fran\u00e7ais construit des maisons sur-mesure alliant design, caract\u00e8re et qualit\u00e9 depuis plus de 30 ans. Chaque projet est unique : vous choisissez la configuration, les mat\u00e9riaux, les finitions\u2026 nous concr\u00e9tisons votre vision.\\n\\nNos constructions sont encadr\u00e9es par le CCMI, un contrat garantissant un prix d\u00e9finitif et des d\u00e9lais de livraison pr\u00e9cis.\\n\\nGr\u00e2ce \u00e0 notre certification NF Habitat, vous b\u00e9n\u00e9ficiez d\u2019un haut niveau de confort, de performance et de durabilit\u00e9. Avec un accompagnement personnalis\u00e9 \u00e0 chaque \u00e9tape, nous faisons de votre maison un lieu unique qui vous ressemble.\\n\\nFaites confiance \u00e0 un constructeur exp\u00e9riment\u00e9, \u00e0 l\u2019\u00e9coute et engag\u00e9 \u00e0 vos c\u00f4t\u00e9s pour b\u00e2tir la maison de vos r\u00eaves.\\n\\nContactez C\u00e9dric COUVEZ au  (Le Pavillon Fran\u00e7ais &#8211; Agence d&rsquo;Orry-la-Ville).\\n\\nConstruction aux normes RE2020. Prix avec assurance dommages-ouvrage comprise, hors VRD, terrain viabilis\u00e9, frais de notaire non compris, frais divers non compris. Terrain s\u00e9lectionn\u00e9 et vu pour vous sous r\u00e9serve de disponibilit\u00e9 et au prix indiqu\u00e9 par notre partenaire foncier. Conditions et visuels non contractuels.\\nCette annonce a \u00e9t\u00e9 cr\u00e9\u00e9e et diffus\u00e9e avec le logiciel VITAHOME.\u00a0\u00bb,\u00a0\u00bblink\u00a0\u00bb:\u00a0\u00bbhttps:\/\/www.bienici.com\/annonce\/gedeon-32392718&Prime;,\u00a0\u00bbguid\u00a0\u00bb:{\u00ab\u00a0@isPermaLink\u00a0\u00bb:\u00a0\u00bbfalse\u00a0\u00bb,\u00a0\u00bb#\u00a0\u00bb:\u00a0\u00bb9b1e8ad29588244f185cdf89093f1efb36944fd0&Prime;},\u00a0\u00bbg:brand\u00a0\u00bb:\u00a0\u00bbBien ici\u00a0\u00bb,\u00a0\u00bbg:mpn\u00a0\u00bb:\u00a0\u00bbgedeon-32392718&Prime;,\u00a0\u00bbg:google_product_category\u00a0\u00bb:\u00a0\u00bbMaison et jardin\u00a0\u00bb,\u00a0\u00bbg:product_type\u00a0\u00bb:\u00a0\u00bbMaison et jardin\u00a0\u00bb,\u00a0\u00bbg:shipping\u00a0\u00bb:{\u00ab\u00a0g:country\u00a0\u00bb:\u00a0\u00bbFR\u00a0\u00bb,\u00a0\u00bbg:price\u00a0\u00bb:\u00a0\u00bb0 EUR\u00a0\u00bb},\u00a0\u00bbg:availability\u00a0\u00bb:\u00a0\u00bben stock\u00a0\u00bb,\u00a0\u00bbg:condition\u00a0\u00bb:\u00a0\u00bbneuf\u00a0\u00bb,\u00a0\u00bbg:adType\u00a0\u00bb:\u00a0\u00bbbuy\u00a0\u00bb,\u00a0\u00bbg:propertyType\u00a0\u00bb:\u00a0\u00bbmaisonvilla\u00a0\u00bb,\u00a0\u00bbg:departement\u00a0\u00bb:\u00a0\u00bb60&Prime;,\u00a0\u00bbg:departement_name\u00a0\u00bb:\u00a0\u00bbOise\u00a0\u00bb,\u00a0\u00bbg:in_the_departement_name\u00a0\u00bb:\u00a0\u00bbdans l\u2019Oise\u00a0\u00bb,\u00a0\u00bbg:region_name\u00a0\u00bb:\u00a0\u00bbHauts-de-France\u00a0\u00bb,\u00a0\u00bbg:in_the_region_name\u00a0\u00bb:\u00a0\u00bbdans les Hauts-de-France\u00a0\u00bb,\u00a0\u00bbg:old_region_name\u00a0\u00bb:\u00a0\u00bbPicardie\u00a0\u00bb,\u00a0\u00bbg:old_in_the_region_name\u00a0\u00bb:\u00a0\u00bben Picardie\u00a0\u00bb,\u00a0\u00bbg:city\u00a0\u00bb:\u00a0\u00bbGouvieux\u00a0\u00bb,\u00a0\u00bbg:in_city\u00a0\u00bb:\u00a0\u00bb\u00e0 Gouvieux\u00a0\u00bb,\u00a0\u00bbg:postal_code\u00a0\u00bb:\u00a0\u00bb60270&Prime;,\u00a0\u00bbg:surfaceArea\u00a0\u00bb:\u00a0\u00bb200&Prime;,\u00a0\u00bbg:roomsQuantity\u00a0\u00bb:\u00a0\u00bb8&Prime;,\u00a0\u00bbg:bedroomsQuantity\u00a0\u00bb:\u00a0\u00bb5&Prime;,\u00a0\u00bbg:id\u00a0\u00bb:\u00a0\u00bb9b1e8ad29588244f185cdf89093f1efb36944fd0&Prime;,\u00a0\u00bbg:publicationDate\u00a0\u00bb:\u00a0\u00bb2026-01-02T12:37:14.707Z\u00a0\u00bb,\u00a0\u00bbg:modificationDate\u00a0\u00bb:\u00a0\u00bb2026-01-02T12:37:14.707Z\u00a0\u00bb,\u00a0\u00bbg:price\u00a0\u00bb:\u00a0\u00bb900000 EUR\u00a0\u00bb,\u00a0\u00bbg:image_link\u00a0\u00bb:\u00a0\u00bbhttps:\/\/file.bienici.com\/photo\/gedeon-32392718_media.studio-net.fr_biens_32392718_x6957ba0a39b3a\u00a0\u00bb,\u00a0\u00bbg:additional_image_link\u00a0\u00bb:[\u00ab\u00a0https:\/\/file.bienici.com\/photo\/gedeon-32392718_media.studio-net.fr_biens_32392718_x6957ba0a39b42&Prime;,\u00a0\u00bbhttps:\/\/file.bienici.com\/photo\/gedeon-32392718_media.studio-net.fr_biens_32392718_x6957ba0a39b46&Prime;,\u00a0\u00bbhttps:\/\/file.bienici.com\/photo\/gedeon-32392718_media.studio-net.fr_biens_32392718_x6957ba0a39b48&Prime;,\u00a0\u00bbhttps:\/\/file.bienici.com\/photo\/gedeon-32392718_media.studio-net.fr_biens_32392718_x6957ba0a39b4b\u00a0\u00bb,\u00a0\u00bbhttps:\/\/file.bienici.com\/photo\/gedeon-32392718_media.studio-net.fr_biens_32392718_x6957ba0a39b4d\u00a0\u00bb,\u00a0\u00bbhttps:\/\/file.bienici.com\/photo\/gedeon-32392718_media.studio-net.fr_biens_32392718_x6957ba0a39b50&Prime;,\u00a0\u00bbhttps:\/\/file.bienici.com\/photo\/gedeon-32392718_media.studio-net.fr_biens_32392718_x6957ba0a39b52&Prime;,\u00a0\u00bbhttps:\/\/file.bienici.com\/photo\/gedeon-32392718_media.studio-net.fr_biens_32392718_x6957ba0a39b54&Prime;,\u00a0\u00bbhttps:\/\/file.bienici.com\/photo\/gedeon-32392718_media.studio-net.fr_biens_32392718_x6957ba0a39b57&Prime;]},{\u00ab\u00a0title\u00a0\u00bb:\u00a0\u00bbMaison neuve 6\u00a0pi\u00e8ces 160\u00a0m\u00b2\u00a0\u00bb,\u00a0\u00bbdescription\u00a0\u00bb:\u00a0\u00bbLe Pavillon Fran\u00e7ais construit des maisons sur-mesure alliant design, caract\u00e8re et qualit\u00e9 depuis plus de 30 ans. Chaque projet est unique : vous choisissez la configuration, les mat\u00e9riaux, les finitions\u2026 nous concr\u00e9tisons votre vision.\\n\\nNos constructions sont encadr\u00e9es par le CCMI, un contrat garantissant un prix d\u00e9finitif et des d\u00e9lais de livraison pr\u00e9cis.\\n\\nGr\u00e2ce \u00e0 notre certification NF Habitat, vous b\u00e9n\u00e9ficiez d\u2019un haut niveau de confort, de performance et de durabilit\u00e9. Avec un accompagnement personnalis\u00e9 \u00e0 chaque \u00e9tape, nous faisons de votre maison un lieu unique qui vous ressemble.\\n\\nFaites confiance \u00e0 un constructeur exp\u00e9riment\u00e9, \u00e0 l\u2019\u00e9coute et engag\u00e9 \u00e0 vos c\u00f4t\u00e9s pour b\u00e2tir la maison de vos r\u00eaves.\\n\\nContactez C\u00e9dric COUVEZ au  (Le Pavillon Fran\u00e7ais &#8211; Agence d&rsquo;Orry-la-Ville).\\n\\nConstruction aux normes RE2020. Prix avec assurance dommages-ouvrage comprise, hors VRD, terrain viabilis\u00e9, frais de notaire non compris, frais divers non compris. Terrain s\u00e9lectionn\u00e9 et vu pour vous sous r\u00e9serve de disponibilit\u00e9 et au prix indiqu\u00e9 par notre partenaire foncier. Conditions et visuels non contractuels.\\nCette annonce a \u00e9t\u00e9 cr\u00e9\u00e9e et diffus\u00e9e avec le logiciel VITAHOME.\u00a0\u00bb,\u00a0\u00bblink\u00a0\u00bb:\u00a0\u00bbhttps:\/\/www.bienici.com\/annonce\/gedeon-32392704&Prime;,\u00a0\u00bbguid\u00a0\u00bb:{\u00ab\u00a0@isPermaLink\u00a0\u00bb:\u00a0\u00bbfalse\u00a0\u00bb,\u00a0\u00bb#\u00a0\u00bb:\u00a0\u00bb61dd33191ec777323aa2ca8f35b6011a6f47f0d4&Prime;},\u00a0\u00bbg:brand\u00a0\u00bb:\u00a0\u00bbBien ici\u00a0\u00bb,\u00a0\u00bbg:mpn\u00a0\u00bb:\u00a0\u00bbgedeon-32392704&Prime;,\u00a0\u00bbg:google_product_category\u00a0\u00bb:\u00a0\u00bbMaison et jardin\u00a0\u00bb,\u00a0\u00bbg:product_type\u00a0\u00bb:\u00a0\u00bbMaison et jardin\u00a0\u00bb,\u00a0\u00bbg:shipping\u00a0\u00bb:{\u00ab\u00a0g:country\u00a0\u00bb:\u00a0\u00bbFR\u00a0\u00bb,\u00a0\u00bbg:price\u00a0\u00bb:\u00a0\u00bb0 EUR\u00a0\u00bb},\u00a0\u00bbg:availability\u00a0\u00bb:\u00a0\u00bben stock\u00a0\u00bb,\u00a0\u00bbg:condition\u00a0\u00bb:\u00a0\u00bbneuf\u00a0\u00bb,\u00a0\u00bbg:adType\u00a0\u00bb:\u00a0\u00bbbuy\u00a0\u00bb,\u00a0\u00bbg:propertyType\u00a0\u00bb:\u00a0\u00bbmaisonvilla\u00a0\u00bb,\u00a0\u00bbg:departement\u00a0\u00bb:\u00a0\u00bb60&Prime;,\u00a0\u00bbg:departement_name\u00a0\u00bb:\u00a0\u00bbOise\u00a0\u00bb,\u00a0\u00bbg:in_the_departement_name\u00a0\u00bb:\u00a0\u00bbdans l\u2019Oise\u00a0\u00bb,\u00a0\u00bbg:region_name\u00a0\u00bb:\u00a0\u00bbHauts-de-France\u00a0\u00bb,\u00a0\u00bbg:in_the_region_name\u00a0\u00bb:\u00a0\u00bbdans les Hauts-de-France\u00a0\u00bb,\u00a0\u00bbg:old_region_name\u00a0\u00bb:\u00a0\u00bbPicardie\u00a0\u00bb,\u00a0\u00bbg:old_in_the_region_name\u00a0\u00bb:\u00a0\u00bben Picardie\u00a0\u00bb,\u00a0\u00bbg:city\u00a0\u00bb:\u00a0\u00bbGouvieux\u00a0\u00bb,\u00a0\u00bbg:in_city\u00a0\u00bb:\u00a0\u00bb\u00e0 Gouvieux\u00a0\u00bb,\u00a0\u00bbg:postal_code\u00a0\u00bb:\u00a0\u00bb60270&Prime;,\u00a0\u00bbg:surfaceArea\u00a0\u00bb:\u00a0\u00bb160&Prime;,\u00a0\u00bbg:roomsQuantity\u00a0\u00bb:\u00a0\u00bb6&Prime;,\u00a0\u00bbg:bedroomsQuantity\u00a0\u00bb:\u00a0\u00bb4&Prime;,\u00a0\u00bbg:id\u00a0\u00bb:\u00a0\u00bb61dd33191ec777323aa2ca8f35b6011a6f47f0d4&Prime;,\u00a0\u00bbg:publicationDate\u00a0\u00bb:\u00a0\u00bb2026-01-02T12:37:14.707Z\u00a0\u00bb,\u00a0\u00bbg:modificationDate\u00a0\u00bb:\u00a0\u00bb2026-01-02T12:37:14.707Z\u00a0\u00bb,\u00a0\u00bbg:price\u00a0\u00bb:\u00a0\u00bb580000 EUR\u00a0\u00bb,\u00a0\u00bbg:image_link\u00a0\u00bb:\u00a0\u00bbhttps:\/\/file.bienici.com\/photo\/gedeon-32392704_media.studio-net.fr_biens_32392704_x6957b9c0a3266&Prime;,\u00a0\u00bbg:additional_image_link\u00a0\u00bb:[\u00ab\u00a0https:\/\/file.bienici.com\/photo\/gedeon-32392704_media.studio-net.fr_biens_32392704_x6957b9c0a326d\u00a0\u00bb,\u00a0\u00bbhttps:\/\/file.bienici.com\/photo\/gedeon-32392704_media.studio-net.fr_biens_32392704_x6957b9c0a3270&Prime;,\u00a0\u00bbhttps:\/\/file.bienici.com\/photo\/gedeon-32392704_media.studio-net.fr_biens_32392704_x6957b9c0a3272&Prime;,\u00a0\u00bbhttps:\/\/file.bienici.com\/photo\/gedeon-32392704_media.studio-net.fr_biens_32392704_x6957b9c0a3275&Prime;,\u00a0\u00bbhttps:\/\/file.bienici.com\/photo\/gedeon-32392704_media.studio-net.fr_biens_32392704_x6957b9c0a3277&Prime;,\u00a0\u00bbhttps:\/\/file.bienici.com\/photo\/gedeon-32392704_media.studio-net.fr_biens_32392704_x6957b9c0a3279&Prime;,\u00a0\u00bbhttps:\/\/file.bienici.com\/photo\/gedeon-32392704_media.studio-net.fr_biens_32392704_x6957b9c0a327b\u00a0\u00bb,\u00a0\u00bbhttps:\/\/file.bienici.com\/photo\/gedeon-32392704_media.studio-net.fr_biens_32392704_x6957b9c0a327d\u00a0\u00bb,\u00a0\u00bbhttps:\/\/file.bienici.com\/photo\/gedeon-32392704_media.studio-net.fr_biens_32392704_x6957b9c0a3280&Prime;]},{\u00ab\u00a0title\u00a0\u00bb:\u00a0\u00bbMaison neuve 5\u00a0pi\u00e8ces 130\u00a0m\u00b2\u00a0\u00bb,\u00a0\u00bbdescription\u00a0\u00bb:\u00a0\u00bbLE PAVILLON FRANCAIS Lauriane ASSELIE  , vous propose de r\u00e9aliser votre maison enti\u00e8rement sur-mesure, d&rsquo;architecture contemporaine, moderne ou traditionnelle, sur ce terrain d&rsquo;une superficie de 650m\u00b2 descriptif de qualit\u00e9, maison labellis\u00e9e nf, conforme \u00e0 la RE2020, bio brique en terre cuite, menuiseries ALU grises anthracite, tuile en terre cuite, carrelage 60&#215;60, portes int\u00e9rieures massives, finition soign\u00e9e. Terrain propos\u00e9 par notre partenaire foncier, sous r\u00e9serve de disponibilit\u00e9. Garanties et assurances obligatoires incluses (voir d\u00e9tails en agence). Hors raccordements, hors branchements. Hors frais de notaire. Terrain s\u00e9lectionn\u00e9 et vu pour vous sous r\u00e9serve de disponibilit\u00e9 et au prix indiqu\u00e9 par notre partenaire foncier\\n\\nLe Pavillon Fran\u00e7ais construit des maisons sur-mesure alliant design, caract\u00e8re et qualit\u00e9 depuis plus de 30 ans. Chaque projet est unique : vous choisissez la configuration, les mat\u00e9riaux, les finitions\u2026 nous concr\u00e9tisons votre vision.\\n\\nNos constructions sont encadr\u00e9es par le CCMI, un contrat garantissant un prix d\u00e9finitif et des d\u00e9lais de livraison pr\u00e9cis.\\n\\nGr\u00e2ce \u00e0 notre certification NF Habitat, vous b\u00e9n\u00e9ficiez d\u2019un haut niveau de confort, de performance et de durabilit\u00e9. Avec un accompagnement personnalis\u00e9 \u00e0 chaque \u00e9tape, nous faisons de votre maison un lieu unique qui vous ressemble.\\n\\nFaites confiance \u00e0 un constructeur exp\u00e9riment\u00e9, \u00e0 l\u2019\u00e9coute et engag\u00e9 \u00e0 vos c\u00f4t\u00e9s pour b\u00e2tir la maison de vos r\u00eaves.\\n\\nContactez Lauriane ASSELIE au  (Le Pavillon Fran\u00e7ais &#8211; Agence d&rsquo;Esbly).\\n\\nConstruction aux normes RE2020. Prix avec assurance dommages-ouvrage comprise, hors VRD, terrain viabilis\u00e9, frais de notaire non compris, frais divers non compris. Terrain s\u00e9lectionn\u00e9 et vu pour vous sous r\u00e9serve de disponibilit\u00e9 et au prix indiqu\u00e9 par notre partenaire foncier. Conditions et visuels non contractuels.\\nCette annonce a \u00e9t\u00e9 cr\u00e9\u00e9e et diffus\u00e9e avec le logiciel VITAHOME.\u00a0\u00bb,\u00a0\u00bblink\u00a0\u00bb:\u00a0\u00bbhttps:\/\/www.bienici.com\/annonce\/gedeon-32392635&Prime;,\u00a0\u00bbguid\u00a0\u00bb:{\u00ab\u00a0@isPermaLink\u00a0\u00bb:\u00a0\u00bbfalse\u00a0\u00bb,\u00a0\u00bb#\u00a0\u00bb:\u00a0\u00bb6cac581df5d17a9bf193d8fa9c4c70bcaa683637&Prime;},\u00a0\u00bbg:brand\u00a0\u00bb:\u00a0\u00bbBien ici\u00a0\u00bb,\u00a0\u00bbg:mpn\u00a0\u00bb:\u00a0\u00bbgedeon-32392635&Prime;,\u00a0\u00bbg:google_product_category\u00a0\u00bb:\u00a0\u00bbMaison et jardin\u00a0\u00bb,\u00a0\u00bbg:product_type\u00a0\u00bb:\u00a0\u00bbMaison et jardin\u00a0\u00bb,\u00a0\u00bbg:shipping\u00a0\u00bb:{\u00ab\u00a0g:country\u00a0\u00bb:\u00a0\u00bbFR\u00a0\u00bb,\u00a0\u00bbg:price\u00a0\u00bb:\u00a0\u00bb0 EUR\u00a0\u00bb},\u00a0\u00bbg:availability\u00a0\u00bb:\u00a0\u00bben stock\u00a0\u00bb,\u00a0\u00bbg:condition\u00a0\u00bb:\u00a0\u00bbneuf\u00a0\u00bb,\u00a0\u00bbg:adType\u00a0\u00bb:\u00a0\u00bbbuy\u00a0\u00bb,\u00a0\u00bbg:propertyType\u00a0\u00bb:\u00a0\u00bbmaisonvilla\u00a0\u00bb,\u00a0\u00bbg:departement\u00a0\u00bb:\u00a0\u00bb60&Prime;,\u00a0\u00bbg:departement_name\u00a0\u00bb:\u00a0\u00bbOise\u00a0\u00bb,\u00a0\u00bbg:in_the_departement_name\u00a0\u00bb:\u00a0\u00bbdans l\u2019Oise\u00a0\u00bb,\u00a0\u00bbg:region_name\u00a0\u00bb:\u00a0\u00bbHauts-de-France\u00a0\u00bb,\u00a0\u00bbg:in_the_region_name\u00a0\u00bb:\u00a0\u00bbdans les Hauts-de-France\u00a0\u00bb,\u00a0\u00bbg:old_region_name\u00a0\u00bb:\u00a0\u00bbPicardie\u00a0\u00bb,\u00a0\u00bbg:old_in_the_region_name\u00a0\u00bb:\u00a0\u00bben Picardie\u00a0\u00bb,\u00a0\u00bbg:city\u00a0\u00bb:\u00a0\u00bbCr\u00e9py-en-Valois\u00a0\u00bb,\u00a0\u00bbg:in_city\u00a0\u00bb:\u00a0\u00bb\u00e0 Cr\u00e9py-en-Valois\u00a0\u00bb,\u00a0\u00bbg:postal_code\u00a0\u00bb:\u00a0\u00bb60800&Prime;,\u00a0\u00bbg:surfaceArea\u00a0\u00bb:\u00a0\u00bb130&Prime;,\u00a0\u00bbg:roomsQuantity\u00a0\u00bb:\u00a0\u00bb5&Prime;,\u00a0\u00bbg:bedroomsQuantity\u00a0\u00bb:\u00a0\u00bb4&Prime;,\u00a0\u00bbg:id\u00a0\u00bb:\u00a0\u00bb6cac581df5d17a9bf193d8fa9c4c70bcaa683637&Prime;,\u00a0\u00bbg:publicationDate\u00a0\u00bb:\u00a0\u00bb2026-01-02T12:33:22.709Z\u00a0\u00bb,\u00a0\u00bbg:modificationDate\u00a0\u00bb:\u00a0\u00bb2026-01-02T12:33:22.709Z\u00a0\u00bb,\u00a0\u00bbg:price\u00a0\u00bb:\u00a0\u00bb2900000 EUR\u00a0\u00bb,\u00a0\u00bbg:image_link\u00a0\u00bb:\u00a0\u00bbhttps:\/\/file.bienici.com\/photo\/gedeon-32392635_media.studio-net.fr_biens_32392635_x6957b75b742d7&Prime;,\u00a0\u00bbg:additional_image_link\u00a0\u00bb:[\u00ab\u00a0https:\/\/file.bienici.com\/photo\/gedeon-32392635_media.studio-net.fr_biens_32392635_x6957b75b742db\u00a0\u00bb,\u00a0\u00bbhttps:\/\/file.bienici.com\/photo\/gedeon-32392635_media.studio-net.fr_biens_32392635_x6957b75b742dc\u00a0\u00bb,\u00a0\u00bbhttps:\/\/file.bienici.com\/photo\/gedeon-32392635_media.studio-net.fr_biens_32392635_x6957b75b742dd\u00a0\u00bb,\u00a0\u00bbhttps:\/\/file.bienici.com\/photo\/gedeon-32392635_media.studio-net.fr_biens_32392635_x6957b75b742de\u00a0\u00bb,\u00a0\u00bbhttps:\/\/file.bienici.com\/photo\/gedeon-32392635_media.studio-net.fr_biens_32392635_x6957b75b742e0&Prime;,\u00a0\u00bbhttps:\/\/file.bienici.com\/photo\/gedeon-32392635_media.studio-net.fr_biens_32392635_x6957b75b742e1&Prime;,\u00a0\u00bbhttps:\/\/file.bienici.com\/photo\/gedeon-32392635_media.studio-net.fr_biens_32392635_x6957b75b742e3&Prime;,\u00a0\u00bbhttps:\/\/file.bienici.com\/photo\/gedeon-32392635_media.studio-net.fr_biens_32392635_x6957b75b742e4&Prime;,\u00a0\u00bbhttps:\/\/file.bienici.com\/photo\/gedeon-32392635_media.studio-net.fr_biens_32392635_x6957b75b742e5&Prime;],\u00a0\u00bbg:latitude\u00a0\u00bb:\u00a0\u00bb49.229106&Prime;,\u00a0\u00bbg:longitude\u00a0\u00bb:\u00a0\u00bb2.899399&Prime;},{\u00ab\u00a0title\u00a0\u00bb:\u00a0\u00bbMaison neuve 7\u00a0pi\u00e8ces 124\u00a0m\u00b2\u00a0\u00bb,\u00a0\u00bbdescription\u00a0\u00bb:\u00a0\u00bbVENTE : maison T7 (124 m\u00b2) \u00e0 Chevri\u00e8res<br \/>Proche de Compi\u00e8gne\u00a0&#8211;\u00a0 En vente \u00e0 Chevri\u00e8res (60710) : maison neuve 7 pi\u00e8ces de 124 m\u00b2 sur un terrain de 500 m\u00b2. Son int\u00e9rieur se divise en cinq chambres, une cuisine et trois salles de bains.<br \/>\u00c0 proximit\u00e9 : gares, \u00c9cole Primaire Denise Bertin, tennis, biblioth\u00e8que, boulangerie, \u00e9picerie et bureau de poste. Acc\u00e8s autoroute A1 et nationale N31 \u00e0 7 km.<br \/>Le prix de vente de cette maison de 7 pi\u00e8ces est de 259 000 \u20ac.<br \/>Contactez Antoine FLIPPE () pour plus de renseignements sur la maison ou sur les modalit\u00e9s de vente. Maisons Balency Pierrelaye vous accompagne dans toutes vos d\u00e9marches et dans tous vos projets immobiliers.<br \/>Annonce propos\u00e9e par un Agent Commercial Partenaire.\\nTerrain propos\u00e9 par un partenaire foncier selon disponibilit\u00e9s et autorisation de publicit\u00e9 au prix de 65\u00a0000 \u20ac. Hors droit d&rsquo;enregistrement et frais de notaire. Maison propos\u00e9e, avec un contrat de construction de maison individuelle, dans le cadre de la loi du 19\/12\/1990, au prix de 194\u00a0000 \u20ac (Hors branchements et raccordements, papiers peints, peintures, rev\u00eatement de sol dans les chambres, qui sont chiffr\u00e9s dans les travaux qui restent \u00e0 charge du client. Tarif modifiable sans pr\u00e9avis). \u00c9tiquette \u00e9nergie : A. Diff\u00e9rents mod\u00e8les disponibles pour ce terrain. Assurances et garanties du constructeur comprises (RC professionnelle, d\u00e9cennale, dommage ouvrage).\u00a0\u00bb,\u00a0\u00bblink\u00a0\u00bb:\u00a0\u00bbhttps:\/\/www.bienici.com\/annonce\/entities-1046268-3613598&Prime;,\u00a0\u00bbguid\u00a0\u00bb:{\u00ab\u00a0@isPermaLink\u00a0\u00bb:\u00a0\u00bbfalse\u00a0\u00bb,\u00a0\u00bb#\u00a0\u00bb:\u00a0\u00bb23e5dec38770a46c0d642b947c7b91724bb892ca\u00a0\u00bb},\u00a0\u00bbg:brand\u00a0\u00bb:\u00a0\u00bbBien ici\u00a0\u00bb,\u00a0\u00bbg:mpn\u00a0\u00bb:\u00a0\u00bbentities-1046268-3613598&Prime;,\u00a0\u00bbg:google_product_category\u00a0\u00bb:\u00a0\u00bbMaison et jardin\u00a0\u00bb,\u00a0\u00bbg:product_type\u00a0\u00bb:\u00a0\u00bbMaison et jardin\u00a0\u00bb,\u00a0\u00bbg:shipping\u00a0\u00bb:{\u00ab\u00a0g:country\u00a0\u00bb:\u00a0\u00bbFR\u00a0\u00bb,\u00a0\u00bbg:price\u00a0\u00bb:\u00a0\u00bb0 EUR\u00a0\u00bb},\u00a0\u00bbg:availability\u00a0\u00bb:\u00a0\u00bben stock\u00a0\u00bb,\u00a0\u00bbg:condition\u00a0\u00bb:\u00a0\u00bbneuf\u00a0\u00bb,\u00a0\u00bbg:adType\u00a0\u00bb:\u00a0\u00bbbuy\u00a0\u00bb,\u00a0\u00bbg:propertyType\u00a0\u00bb:\u00a0\u00bbmaisonvilla\u00a0\u00bb,\u00a0\u00bbg:departement\u00a0\u00bb:\u00a0\u00bb60&Prime;,\u00a0\u00bbg:departement_name\u00a0\u00bb:\u00a0\u00bbOise\u00a0\u00bb,\u00a0\u00bbg:in_the_departement_name\u00a0\u00bb:\u00a0\u00bbdans l\u2019Oise\u00a0\u00bb,\u00a0\u00bbg:region_name\u00a0\u00bb:\u00a0\u00bbHauts-de-France\u00a0\u00bb,\u00a0\u00bbg:in_the_region_name\u00a0\u00bb:\u00a0\u00bbdans les Hauts-de-France\u00a0\u00bb,\u00a0\u00bbg:old_region_name\u00a0\u00bb:\u00a0\u00bbPicardie\u00a0\u00bb,\u00a0\u00bbg:old_in_the_region_name\u00a0\u00bb:\u00a0\u00bben Picardie\u00a0\u00bb,\u00a0\u00bbg:city\u00a0\u00bb:\u00a0\u00bbChevri\u00e8res\u00a0\u00bb,\u00a0\u00bbg:in_city\u00a0\u00bb:\u00a0\u00bb\u00e0 Chevri\u00e8res\u00a0\u00bb,\u00a0\u00bbg:postal_code\u00a0\u00bb:\u00a0\u00bb60710&Prime;,\u00a0\u00bbg:surfaceArea\u00a0\u00bb:\u00a0\u00bb124&Prime;,\u00a0\u00bbg:roomsQuantity\u00a0\u00bb:\u00a0\u00bb7&Prime;,\u00a0\u00bbg:bedroomsQuantity\u00a0\u00bb:\u00a0\u00bb5&Prime;,\u00a0\u00bbg:energyClassification\u00a0\u00bb:\u00a0\u00bbA\u00a0\u00bb,\u00a0\u00bbg:id\u00a0\u00bb:\u00a0\u00bb23e5dec38770a46c0d642b947c7b91724bb892ca\u00a0\u00bb,\u00a0\u00bbg:publicationDate\u00a0\u00bb:\u00a0\u00bb2026-01-02T11:48:14.455Z\u00a0\u00bb,\u00a0\u00bbg:modificationDate\u00a0\u00bb:\u00a0\u00bb2026-01-02T11:48:14.455Z\u00a0\u00bb,\u00a0\u00bbg:price\u00a0\u00bb:\u00a0\u00bb259000 EUR\u00a0\u00bb,\u00a0\u00bbg:min_price\u00a0\u00bb:\u00a0\u00bb259000 EUR\u00a0\u00bb,\u00a0\u00bbg:max_price\u00a0\u00bb:\u00a0\u00bb259000 EUR\u00a0\u00bb,\u00a0\u00bbg:image_link\u00a0\u00bb:\u00a0\u00bbhttps:\/\/file.bienici.com\/photo\/entities-1046268-3613598_docs.entities.fr__MaisonsFranceConfort_11747192_vue-open-bp-2020-etg-124-so-design.jpeg\u00a0\u00bb,\u00a0\u00bbg:additional_image_link\u00a0\u00bb:[\u00ab\u00a0https:\/\/file.bienici.com\/photo\/entities-1046268-3613598_docs.entities.fr__MaisonsFranceConfort_11747193_vue-open-bp-2020-etg-124-so-design.jpeg\u00a0\u00bb,\u00a0\u00bbhttps:\/\/file.bienici.com\/photo\/entities-1046268-3613598_docs.entities.fr__MaisonsFranceConfort_11747194_terrain-annonce-af2261054.jpeg\u00a0\u00bb,\u00a0\u00bbhttps:\/\/file.bienici.com\/photo\/entities-1046268-3613598_docs.entities.fr__MaisonsFranceConfort_11747190_plan-open-bp-2020-etg-124-so-design.jpeg\u00a0\u00bb,\u00a0\u00bbhttps:\/\/file.bienici.com\/photo\/entities-1046268-3613598_docs.entities.fr__MaisonsFranceConfort_11747191_plan-open-bp-2020-etg-124-so-design.jpeg\u00a0\u00bb],\u00a0\u00bbg:latitude\u00a0\u00bb:\u00a0\u00bb49.3469726&Prime;,\u00a0\u00bbg:longitude\u00a0\u00bb:\u00a0\u00bb2.6817671&Prime;},{\u00ab\u00a0title\u00a0\u00bb:\u00a0\u00bbMaison neuve 7\u00a0pi\u00e8ces 102\u00a0m\u00b2\u00a0\u00bb,\u00a0\u00bbdescription\u00a0\u00bb:\u00a0\u00bbVENTE d&rsquo;une maison T7 (102 m\u00b2) \u00e0 Cr\u00e9py-en-Valois<br \/>Paris \u00e0 50 min (Transilien K)\u00a0&#8211;\u00a0 \u00c0 d\u00e9couvrir \u00e0 Cr\u00e9py-en-Valois (60800) : maison neuve 7 pi\u00e8ces en vente. 2 niveaux, surface de 102 m\u00b2 sur 440 m\u00b2 de terrain. Son int\u00e9rieur dispose de cinq chambres, d&rsquo;une cuisine et de deux salles de bains.<br \/>\u00c0 proximit\u00e9 : gare (Cr\u00e9py-en-Valois), \u00e9tablissements scolaires, biblioth\u00e8que, commerces, boulangeries, supermarch\u00e9, poissonnerie et bureau de poste. March\u00e9 Place de la R\u00e9publique le mercredi matin. Nationale N2 accessible \u00e0 5 km. Compi\u00e8gne \u00e0 19 km.<br \/>Cette maison de 7 pi\u00e8ces est propos\u00e9e \u00e0 l&rsquo;achat pour 238 000 \u20ac.<br \/>Prenez contact avec Antoine FLIPPE (t\u00e9l : ) pour obtenir de plus amples informations sur la maison, sur les d\u00e9marches \u00e0 suivre ou sur les modalit\u00e9s de vente. Concr\u00e9tisez vos projets immobiliers avec Maisons Balency Pierrelaye.<br \/>Annonce propos\u00e9e par un Agent Commercial Partenaire.\\nTerrain propos\u00e9 par un partenaire foncier selon disponibilit\u00e9s et autorisation de publicit\u00e9 au prix de 67\u00a0000 \u20ac. Hors droit d&rsquo;enregistrement et frais de notaire. Maison propos\u00e9e, avec un contrat de construction de maison individuelle, dans le cadre de la loi du 19\/12\/1990, au prix de 171\u00a0000 \u20ac (Hors branchements et raccordements, papiers peints, peintures, rev\u00eatement de sol dans les chambres, qui sont chiffr\u00e9s dans les travaux qui restent \u00e0 charge du client. Tarif modifiable sans pr\u00e9avis). \u00c9tiquette \u00e9nergie : A. Diff\u00e9rents mod\u00e8les disponibles pour ce terrain. Assurances et garanties du constructeur comprises (RC professionnelle, d\u00e9cennale, dommage ouvrage).\u00a0\u00bb,\u00a0\u00bblink\u00a0\u00bb:\u00a0\u00bbhttps:\/\/www.bienici.com\/annonce\/entities-1046268-3613613&Prime;,\u00a0\u00bbguid\u00a0\u00bb:{\u00ab\u00a0@isPermaLink\u00a0\u00bb:\u00a0\u00bbfalse\u00a0\u00bb,\u00a0\u00bb#\u00a0\u00bb:\u00a0\u00bbf241dfda509228e6c5d4b3e00ea44cae677dc11d\u00a0\u00bb},\u00a0\u00bbg:brand\u00a0\u00bb:\u00a0\u00bbBien ici\u00a0\u00bb,\u00a0\u00bbg:mpn\u00a0\u00bb:\u00a0\u00bbentities-1046268-3613613&Prime;,\u00a0\u00bbg:google_product_category\u00a0\u00bb:\u00a0\u00bbMaison et jardin\u00a0\u00bb,\u00a0\u00bbg:product_type\u00a0\u00bb:\u00a0\u00bbMaison et jardin\u00a0\u00bb,\u00a0\u00bbg:shipping\u00a0\u00bb:{\u00ab\u00a0g:country\u00a0\u00bb:\u00a0\u00bbFR\u00a0\u00bb,\u00a0\u00bbg:price\u00a0\u00bb:\u00a0\u00bb0 EUR\u00a0\u00bb},\u00a0\u00bbg:availability\u00a0\u00bb:\u00a0\u00bben stock\u00a0\u00bb,\u00a0\u00bbg:condition\u00a0\u00bb:\u00a0\u00bbneuf\u00a0\u00bb,\u00a0\u00bbg:adType\u00a0\u00bb:\u00a0\u00bbbuy\u00a0\u00bb,\u00a0\u00bbg:propertyType\u00a0\u00bb:\u00a0\u00bbmaisonvilla\u00a0\u00bb,\u00a0\u00bbg:departement\u00a0\u00bb:\u00a0\u00bb60&Prime;,\u00a0\u00bbg:departement_name\u00a0\u00bb:\u00a0\u00bbOise\u00a0\u00bb,\u00a0\u00bbg:in_the_departement_name\u00a0\u00bb:\u00a0\u00bbdans l\u2019Oise\u00a0\u00bb,\u00a0\u00bbg:region_name\u00a0\u00bb:\u00a0\u00bbHauts-de-France\u00a0\u00bb,\u00a0\u00bbg:in_the_region_name\u00a0\u00bb:\u00a0\u00bbdans les Hauts-de-France\u00a0\u00bb,\u00a0\u00bbg:old_region_name\u00a0\u00bb:\u00a0\u00bbPicardie\u00a0\u00bb,\u00a0\u00bbg:old_in_the_region_name\u00a0\u00bb:\u00a0\u00bben Picardie\u00a0\u00bb,\u00a0\u00bbg:city\u00a0\u00bb:\u00a0\u00bbCr\u00e9py-en-Valois\u00a0\u00bb,\u00a0\u00bbg:in_city\u00a0\u00bb:\u00a0\u00bb\u00e0 Cr\u00e9py-en-Valois\u00a0\u00bb,\u00a0\u00bbg:postal_code\u00a0\u00bb:\u00a0\u00bb60800&Prime;,\u00a0\u00bbg:surfaceArea\u00a0\u00bb:\u00a0\u00bb102&Prime;,\u00a0\u00bbg:roomsQuantity\u00a0\u00bb:\u00a0\u00bb7&Prime;,\u00a0\u00bbg:bedroomsQuantity\u00a0\u00bb:\u00a0\u00bb5&Prime;,\u00a0\u00bbg:energyClassification\u00a0\u00bb:\u00a0\u00bbA\u00a0\u00bb,\u00a0\u00bbg:id\u00a0\u00bb:\u00a0\u00bbf241dfda509228e6c5d4b3e00ea44cae677dc11d\u00a0\u00bb,\u00a0\u00bbg:publicationDate\u00a0\u00bb:\u00a0\u00bb2026-01-02T11:48:14.455Z\u00a0\u00bb,\u00a0\u00bbg:modificationDate\u00a0\u00bb:\u00a0\u00bb2026-01-02T11:48:14.455Z\u00a0\u00bb,\u00a0\u00bbg:price\u00a0\u00bb:\u00a0\u00bb238000 EUR\u00a0\u00bb,\u00a0\u00bbg:min_price\u00a0\u00bb:\u00a0\u00bb238000 EUR\u00a0\u00bb,\u00a0\u00bbg:max_price\u00a0\u00bb:\u00a0\u00bb238000 EUR\u00a0\u00bb,\u00a0\u00bbg:image_link\u00a0\u00bb:\u00a0\u00bbhttps:\/\/file.bienici.com\/photo\/entities-1046268-3613613_docs.entities.fr__MaisonsFranceConfort_11747341_vue-open-bp-2020-etg-102-so-design.jpeg\u00a0\u00bb,\u00a0\u00bbg:additional_image_link\u00a0\u00bb:[\u00ab\u00a0https:\/\/file.bienici.com\/photo\/entities-1046268-3613613_docs.entities.fr__MaisonsFranceConfort_11747342_vue-open-bp-2020-etg-102-so-design.jpeg\u00a0\u00bb,\u00a0\u00bbhttps:\/\/file.bienici.com\/photo\/entities-1046268-3613613_docs.entities.fr__MaisonsFranceConfort_11747343_terrain-annonce-af2261082.jpeg\u00a0\u00bb,\u00a0\u00bbhttps:\/\/file.bienici.com\/photo\/entities-1046268-3613613_docs.entities.fr__MaisonsFranceConfort_11747339_plan-open-bp-2020-etg-102-so-design.jpeg\u00a0\u00bb,\u00a0\u00bbhttps:\/\/file.bienici.com\/photo\/entities-1046268-3613613_docs.entities.fr__MaisonsFranceConfort_11747340_plan-open-bp-2020-etg-102-so-design.jpeg\u00a0\u00bb],\u00a0\u00bbg:latitude\u00a0\u00bb:\u00a0\u00bb49.2338978&Prime;,\u00a0\u00bbg:longitude\u00a0\u00bb:\u00a0\u00bb2.8895486&Prime;},{\u00ab\u00a0title\u00a0\u00bb:\u00a0\u00bbMaison neuve 7\u00a0pi\u00e8ces 102\u00a0m\u00b2\u00a0\u00bb,\u00a0\u00bbdescription\u00a0\u00bb:\u00a0\u00bbVENTE d&rsquo;une maison T7 (102 m\u00b2) \u00e0 Novillers<br \/>Proche de Cergy\u00a0&#8211;\u00a0 \u00c0 vendre \u00e0 Novillers (60730) : maison neuve 7 pi\u00e8ces de 102 m\u00b2 et de 870 m\u00b2 de terrain. Elle compte cinq chambres, une cuisine et deux salles de bains.<br \/>\u00c0 proximit\u00e9 : gares, \u00e9tablissements scolaires, cr\u00e8ches, march\u00e9s, biblioth\u00e8ques, tennis, bassin de natation, commerces, boulangeries, supermarch\u00e9s, boucheries-charcuteries et bureaux de poste. Acc\u00e8s autoroute A16 \u00e0 8 km.<br \/>Cette maison de 7 pi\u00e8ces est propos\u00e9e \u00e0 l&rsquo;achat pour 280 000 \u20ac.<br \/>N&rsquo;h\u00e9sitez pas \u00e0 prendre contact avec Antoine FLIPPE () pour plus de renseignements sur la maison, sur les modalit\u00e9s de vente ou sur les d\u00e9marches \u00e0 suivre. Concr\u00e9tisez vos projets immobiliers avec Maisons Balency Pierrelaye.<br \/>Annonce propos\u00e9e par un Agent Commercial Partenaire.\\nTerrain propos\u00e9 par un partenaire foncier selon disponibilit\u00e9s et autorisation de publicit\u00e9 au prix de 110\u00a0000 \u20ac. Hors droit d&rsquo;enregistrement et frais de notaire. Maison propos\u00e9e, avec un contrat de construction de maison individuelle, dans le cadre de la loi du 19\/12\/1990, au prix de 170\u00a0000 \u20ac (Hors branchements et raccordements, papiers peints, peintures, rev\u00eatement de sol dans les chambres, qui sont chiffr\u00e9s dans les travaux qui restent \u00e0 charge du client. Tarif modifiable sans pr\u00e9avis). \u00c9tiquette \u00e9nergie : A. Diff\u00e9rents mod\u00e8les disponibles pour ce terrain. Assurances et garanties du constructeur comprises (RC professionnelle, d\u00e9cennale, dommage ouvrage).\u00a0\u00bb,\u00a0\u00bblink\u00a0\u00bb:\u00a0\u00bbhttps:\/\/www.bienici.com\/annonce\/entities-1046268-3613605&Prime;,\u00a0\u00bbguid\u00a0\u00bb:{\u00ab\u00a0@isPermaLink\u00a0\u00bb:\u00a0\u00bbfalse\u00a0\u00bb,\u00a0\u00bb#\u00a0\u00bb:\u00a0\u00bbe9303c99fe5c5fca78ddee0d8e3ea15e34c9f71b\u00a0\u00bb},\u00a0\u00bbg:brand\u00a0\u00bb:\u00a0\u00bbBien ici\u00a0\u00bb,\u00a0\u00bbg:mpn\u00a0\u00bb:\u00a0\u00bbentities-1046268-3613605&Prime;,\u00a0\u00bbg:google_product_category\u00a0\u00bb:\u00a0\u00bbMaison et jardin\u00a0\u00bb,\u00a0\u00bbg:product_type\u00a0\u00bb:\u00a0\u00bbMaison et jardin\u00a0\u00bb,\u00a0\u00bbg:shipping\u00a0\u00bb:{\u00ab\u00a0g:country\u00a0\u00bb:\u00a0\u00bbFR\u00a0\u00bb,\u00a0\u00bbg:price\u00a0\u00bb:\u00a0\u00bb0 EUR\u00a0\u00bb},\u00a0\u00bbg:availability\u00a0\u00bb:\u00a0\u00bben stock\u00a0\u00bb,\u00a0\u00bbg:condition\u00a0\u00bb:\u00a0\u00bbneuf\u00a0\u00bb,\u00a0\u00bbg:adType\u00a0\u00bb:\u00a0\u00bbbuy\u00a0\u00bb,\u00a0\u00bbg:propertyType\u00a0\u00bb:\u00a0\u00bbmaisonvilla\u00a0\u00bb,\u00a0\u00bbg:departement\u00a0\u00bb:\u00a0\u00bb60&Prime;,\u00a0\u00bbg:departement_name\u00a0\u00bb:\u00a0\u00bbOise\u00a0\u00bb,\u00a0\u00bbg:in_the_departement_name\u00a0\u00bb:\u00a0\u00bbdans l\u2019Oise\u00a0\u00bb,\u00a0\u00bbg:region_name\u00a0\u00bb:\u00a0\u00bbHauts-de-France\u00a0\u00bb,\u00a0\u00bbg:in_the_region_name\u00a0\u00bb:\u00a0\u00bbdans les Hauts-de-France\u00a0\u00bb,\u00a0\u00bbg:old_region_name\u00a0\u00bb:\u00a0\u00bbPicardie\u00a0\u00bb,\u00a0\u00bbg:old_in_the_region_name\u00a0\u00bb:\u00a0\u00bben Picardie\u00a0\u00bb,\u00a0\u00bbg:city\u00a0\u00bb:\u00a0\u00bbNovillers\u00a0\u00bb,\u00a0\u00bbg:in_city\u00a0\u00bb:\u00a0\u00bb\u00e0 Novillers\u00a0\u00bb,\u00a0\u00bbg:postal_code\u00a0\u00bb:\u00a0\u00bb60730&Prime;,\u00a0\u00bbg:surfaceArea\u00a0\u00bb:\u00a0\u00bb102&Prime;,\u00a0\u00bbg:roomsQuantity\u00a0\u00bb:\u00a0\u00bb7&Prime;,\u00a0\u00bbg:bedroomsQuantity\u00a0\u00bb:\u00a0\u00bb5&Prime;,\u00a0\u00bbg:energyClassification\u00a0\u00bb:\u00a0\u00bbA\u00a0\u00bb,\u00a0\u00bbg:id\u00a0\u00bb:\u00a0\u00bbe9303c99fe5c5fca78ddee0d8e3ea15e34c9f71b\u00a0\u00bb,\u00a0\u00bbg:publicationDate\u00a0\u00bb:\u00a0\u00bb2026-01-02T11:48:14.455Z\u00a0\u00bb,\u00a0\u00bbg:modificationDate\u00a0\u00bb:\u00a0\u00bb2026-01-02T11:48:14.455Z\u00a0\u00bb,\u00a0\u00bbg:price\u00a0\u00bb:\u00a0\u00bb280000 EUR\u00a0\u00bb,\u00a0\u00bbg:min_price\u00a0\u00bb:\u00a0\u00bb280000 EUR\u00a0\u00bb,\u00a0\u00bbg:max_price\u00a0\u00bb:\u00a0\u00bb280000 EUR\u00a0\u00bb,\u00a0\u00bbg:image_link\u00a0\u00bb:\u00a0\u00bbhttps:\/\/file.bienici.com\/photo\/entities-1046268-3613605_docs.entities.fr__MaisonsFranceConfort_11747256_vue-open-bp-2020-etg-102-so-tradition.jpeg\u00a0\u00bb,\u00a0\u00bbg:additional_image_link\u00a0\u00bb:[\u00ab\u00a0https:\/\/file.bienici.com\/photo\/entities-1046268-3613605_docs.entities.fr__MaisonsFranceConfort_11747257_vue-open-bp-2020-etg-102-so-tradition.jpeg\u00a0\u00bb,\u00a0\u00bbhttps:\/\/file.bienici.com\/photo\/entities-1046268-3613605_docs.entities.fr__MaisonsFranceConfort_11747258_terrain-annonce-af2261068.jpeg\u00a0\u00bb,\u00a0\u00bbhttps:\/\/file.bienici.com\/photo\/entities-1046268-3613605_docs.entities.fr__MaisonsFranceConfort_11747254_plan-open-bp-2020-etg-102-so-tradition.jpeg\u00a0\u00bb,\u00a0\u00bbhttps:\/\/file.bienici.com\/photo\/entities-1046268-3613605_docs.entities.fr__MaisonsFranceConfort_11747255_plan-open-bp-2020-etg-102-so-tradition.jpeg\u00a0\u00bb],\u00a0\u00bbg:latitude\u00a0\u00bb:\u00a0\u00bb49.2708902&Prime;,\u00a0\u00bbg:longitude\u00a0\u00bb:\u00a0\u00bb2.2141629&Prime;},{\u00ab\u00a0title\u00a0\u00bb:\u00a0\u00bbMaison neuve 7\u00a0pi\u00e8ces 102\u00a0m\u00b2\u00a0\u00bb,\u00a0\u00bbdescription\u00a0\u00bb:\u00a0\u00bbVENTE : maison F7 (102 m\u00b2) \u00e0 Fitz-James<br \/>Proche de Beauvais\u00a0&#8211;\u00a0 \u00c0 d\u00e9couvrir \u00e0 Fitz-James (60600) : maison neuve 7 pi\u00e8ces \u00e0 vendre. 2 niveaux, surface de 102 m\u00b2 et 420 m\u00b2 de terrain. Elle offre cinq chambres, une cuisine et deux salles de bains.<br \/>\u00c0 dix minutes : gares, \u00e9coles, cr\u00e8che, tennis, boulangerie, commerces et bureau de poste. Nationale N31 \u00e0 1 km.<br \/>Cette maison de 7 pi\u00e8ces est \u00e0 vendre pour la somme de 267 000 \u20ac.<br \/>Prenez contact avec notre agence (FLIPPE Antoine : ) pour toute information sur la maison, sur les d\u00e9marches \u00e0 suivre ou sur les modalit\u00e9s de vente. Maisons Balency Pierrelaye vous accompagne dans tous vos projets immobiliers et dans toutes vos d\u00e9marches.<br \/>Annonce propos\u00e9e par un Agent Commercial Partenaire.\\nTerrain propos\u00e9 par un partenaire foncier selon disponibilit\u00e9s et autorisation de publicit\u00e9 au prix de 96\u00a0000 \u20ac. Hors droit d&rsquo;enregistrement et frais de notaire. Maison propos\u00e9e, avec un contrat de construction de maison individuelle, dans le cadre de la loi du 19\/12\/1990, au prix de 171\u00a0000 \u20ac (Hors branchements et raccordements, papiers peints, peintures, rev\u00eatement de sol dans les chambres, qui sont chiffr\u00e9s dans les travaux qui restent \u00e0 charge du client. Tarif modifiable sans pr\u00e9avis). \u00c9tiquette \u00e9nergie : A. Diff\u00e9rents mod\u00e8les disponibles pour ce terrain. Assurances et garanties du constructeur comprises (RC professionnelle, d\u00e9cennale, dommage ouvrage).\u00a0\u00bb,\u00a0\u00bblink\u00a0\u00bb:\u00a0\u00bbhttps:\/\/www.bienici.com\/annonce\/entities-1046268-3613595&Prime;,\u00a0\u00bbguid\u00a0\u00bb:{\u00ab\u00a0@isPermaLink\u00a0\u00bb:\u00a0\u00bbfalse\u00a0\u00bb,\u00a0\u00bb#\u00a0\u00bb:\u00a0\u00bb4fb82a8b03b2babbc3f9c2b2e4e1dd1dc5f24d3d\u00a0\u00bb},\u00a0\u00bbg:brand\u00a0\u00bb:\u00a0\u00bbBien ici\u00a0\u00bb,\u00a0\u00bbg:mpn\u00a0\u00bb:\u00a0\u00bbentities-1046268-3613595&Prime;,\u00a0\u00bbg:google_product_category\u00a0\u00bb:\u00a0\u00bbMaison et jardin\u00a0\u00bb,\u00a0\u00bbg:product_type\u00a0\u00bb:\u00a0\u00bbMaison et jardin\u00a0\u00bb,\u00a0\u00bbg:shipping\u00a0\u00bb:{\u00ab\u00a0g:country\u00a0\u00bb:\u00a0\u00bbFR\u00a0\u00bb,\u00a0\u00bbg:price\u00a0\u00bb:\u00a0\u00bb0 EUR\u00a0\u00bb},\u00a0\u00bbg:availability\u00a0\u00bb:\u00a0\u00bben stock\u00a0\u00bb,\u00a0\u00bbg:condition\u00a0\u00bb:\u00a0\u00bbneuf\u00a0\u00bb,\u00a0\u00bbg:adType\u00a0\u00bb:\u00a0\u00bbbuy\u00a0\u00bb,\u00a0\u00bbg:propertyType\u00a0\u00bb:\u00a0\u00bbmaisonvilla\u00a0\u00bb,\u00a0\u00bbg:departement\u00a0\u00bb:\u00a0\u00bb60&Prime;,\u00a0\u00bbg:departement_name\u00a0\u00bb:\u00a0\u00bbOise\u00a0\u00bb,\u00a0\u00bbg:in_the_departement_name\u00a0\u00bb:\u00a0\u00bbdans l\u2019Oise\u00a0\u00bb,\u00a0\u00bbg:region_name\u00a0\u00bb:\u00a0\u00bbHauts-de-France\u00a0\u00bb,\u00a0\u00bbg:in_the_region_name\u00a0\u00bb:\u00a0\u00bbdans les Hauts-de-France\u00a0\u00bb,\u00a0\u00bbg:old_region_name\u00a0\u00bb:\u00a0\u00bbPicardie\u00a0\u00bb,\u00a0\u00bbg:old_in_the_region_name\u00a0\u00bb:\u00a0\u00bben Picardie\u00a0\u00bb,\u00a0\u00bbg:city\u00a0\u00bb:\u00a0\u00bbFitz-James\u00a0\u00bb,\u00a0\u00bbg:in_city\u00a0\u00bb:\u00a0\u00bb\u00e0 Fitz-James\u00a0\u00bb,\u00a0\u00bbg:postal_code\u00a0\u00bb:\u00a0\u00bb60600&Prime;,\u00a0\u00bbg:surfaceArea\u00a0\u00bb:\u00a0\u00bb102&Prime;,\u00a0\u00bbg:roomsQuantity\u00a0\u00bb:\u00a0\u00bb7&Prime;,\u00a0\u00bbg:bedroomsQuantity\u00a0\u00bb:\u00a0\u00bb5&Prime;,\u00a0\u00bbg:energyClassification\u00a0\u00bb:\u00a0\u00bbA\u00a0\u00bb,\u00a0\u00bbg:id\u00a0\u00bb:\u00a0\u00bb4fb82a8b03b2babbc3f9c2b2e4e1dd1dc5f24d3d\u00a0\u00bb,\u00a0\u00bbg:publicationDate\u00a0\u00bb:\u00a0\u00bb2026-01-02T11:48:14.455Z\u00a0\u00bb,\u00a0\u00bbg:modificationDate\u00a0\u00bb:\u00a0\u00bb2026-01-02T11:48:14.455Z\u00a0\u00bb,\u00a0\u00bbg:price\u00a0\u00bb:\u00a0\u00bb267000 EUR\u00a0\u00bb,\u00a0\u00bbg:min_price\u00a0\u00bb:\u00a0\u00bb267000 EUR\u00a0\u00bb,\u00a0\u00bbg:max_price\u00a0\u00bb:\u00a0\u00bb267000 EUR\u00a0\u00bb,\u00a0\u00bbg:image_link\u00a0\u00bb:\u00a0\u00bbhttps:\/\/file.bienici.com\/photo\/entities-1046268-3613595_docs.entities.fr__MaisonsFranceConfort_11747159_vue-open-bp-2020-etg-102-so-design.jpeg\u00a0\u00bb,\u00a0\u00bbg:additional_image_link\u00a0\u00bb:[\u00ab\u00a0https:\/\/file.bienici.com\/photo\/entities-1046268-3613595_docs.entities.fr__MaisonsFranceConfort_11747160_vue-open-bp-2020-etg-102-so-design.jpeg\u00a0\u00bb,\u00a0\u00bbhttps:\/\/file.bienici.com\/photo\/entities-1046268-3613595_docs.entities.fr__MaisonsFranceConfort_11747161_terrain-annonce-af2261047.jpeg\u00a0\u00bb,\u00a0\u00bbhttps:\/\/file.bienici.com\/photo\/entities-1046268-3613595_docs.entities.fr__MaisonsFranceConfort_11747157_plan-open-bp-2020-etg-102-so-design.jpeg\u00a0\u00bb,\u00a0\u00bbhttps:\/\/file.bienici.com\/photo\/entities-1046268-3613595_docs.entities.fr__MaisonsFranceConfort_11747158_plan-open-bp-2020-etg-102-so-design.jpeg\u00a0\u00bb],\u00a0\u00bbg:latitude\u00a0\u00bb:\u00a0\u00bb49.3902285&Prime;,\u00a0\u00bbg:longitude\u00a0\u00bb:\u00a0\u00bb2.431443&Prime;}],\u00a0\u00bbtitle\u00a0\u00bb:\u00a0\u00bbAds from Bien ici\u00a0\u00bb,\u00a0\u00bbdescription\u00a0\u00bb:\u00a0\u00bbReal estate ads catalogue\u00a0\u00bb,\u00a0\u00bblink\u00a0\u00bb:\u00a0\u00bbhttps:\/\/www.bienici.com\u00a0\u00bb,\u00a0\u00bbgenerator\u00a0\u00bb:\u00a0\u00bb\u00a0\u00bb,\u00a0\u00bblastBuildDate\u00a0\u00bb:\u00a0\u00bbFri, 02 Jan 2026 14:26:48 GMT\u00a0\u00bb},\u00a0\u00bb@xmlns:g\u00a0\u00bb:\u00a0\u00bbhttp:\/\/base.google.com\/ns\/1.0&Prime;,\u00a0\u00bb@xmlns:atom\u00a0\u00bb:\u00a0\u00bbhttp:\/\/www.w3.org\/2005\/Atom\u00a0\u00bb,\u00a0\u00bb@xmlns:content\u00a0\u00bb:\u00a0\u00bbhttp:\/\/purl.org\/rss\/1.0\/modules\/content\/\u00a0\u00bb,\u00a0\u00bb@xmlns:dc\u00a0\u00bb:\u00a0\u00bbhttp:\/\/purl.org\/dc\/elements\/1.1\/\u00a0\u00bb,\u00a0\u00bb_id\u00a0\u00bb:\u00a0\u00bb131074e12625776d9509c865eba2a26af936e227aa6d9b63e081371cd3055fba\u00a0\u00bb},\u00a0\u00bbexpires\u00a0\u00bb:1767387656096,\u00a0\u00bblastModified\u00a0\u00bb:1767387055867}},\u00a0\u00bbdynamic-surfooter\u00a0\u00bb:{\u00ab\u00a0{\\\u00a0\u00bbtag\\\u00a0\u00bb:\\\u00a0\u00bb\/meteo\\\u00a0\u00bb}\u00a0\u00bb:{\u00ab\u00a0data\u00a0\u00bb:{\u00ab\u00a0data\u00a0\u00bb:[{\u00ab\u00a0id\u00a0\u00bb:\u00a0\u00bbffd9fd90-edc2-4a93-839d-2bdc3b1b3e64&Prime;,\u00a0\u00bbdata\u00a0\u00bb:{\u00ab\u00a0seoLinks\u00a0\u00bb:[[{\u00ab\u00a0name\u00a0\u00bb:\u00a0\u00bbDossiers d\u2019actualit\u00e9\u00a0\u00bb,\u00a0\u00bbseo\u00a0\u00bb:[{\u00ab\u00a0url\u00a0\u00bb:\u00a0\u00bbhttps:\/\/www.leparisien.fr\/international\/etats-unis\/donald-trump\/\u00a0\u00bb,\u00a0\u00bblabel\u00a0\u00bb:\u00a0\u00bbDonald Trump\u00a0\u00bb},{\u00ab\u00a0url\u00a0\u00bb:\u00a0\u00bbhttps:\/\/www.leparisien.fr\/international\/ukraine\/\u00a0\u00bb,\u00a0\u00bblabel\u00a0\u00bb:\u00a0\u00bbGuerre en Ukraine\u00a0\u00bb},{\u00ab\u00a0url\u00a0\u00bb:\u00a0\u00bbhttps:\/\/www.leparisien.fr\/international\/israel\/\u00a0\u00bb,\u00a0\u00bblabel\u00a0\u00bb:\u00a0\u00bbGuerre au Proche-Orient\u00a0\u00bb},{\u00ab\u00a0url\u00a0\u00bb:\u00a0\u00bbhttps:\/\/www.leparisien.fr\/faits-divers\/incendie-mortel-d-un-bar-a-crans-montana\/\u00a0\u00bb,\u00a0\u00bblabel\u00a0\u00bb:\u00a0\u00bbIncendie mortel \u00e0 Crans-Montana\u00a0\u00bb},{\u00ab\u00a0url\u00a0\u00bb:\u00a0\u00bbhttps:\/\/www.leparisien.fr\/pouvoir-d-achat\/\u00a0\u00bb,\u00a0\u00bblabel\u00a0\u00bb:\u00a0\u00bbPouvoir d&rsquo;achat\u00a0\u00bb},{\u00ab\u00a0url\u00a0\u00bb:\u00a0\u00bbhttps:\/\/www.leparisien.fr\/dans-les-comptes-des-francais\/\u00a0\u00bb,\u00a0\u00bblabel\u00a0\u00bb:\u00a0\u00bbDans les comptes\u00a0\u00bb},{\u00ab\u00a0url\u00a0\u00bb:\u00a0\u00bbhttps:\/\/www.leparisien.fr\/dans-le-lit-des-francais\/\u00a0\u00bb,\u00a0\u00bblabel\u00a0\u00bb:\u00a0\u00bbDans le lit\u00a0\u00bb},{\u00ab\u00a0url\u00a0\u00bb:\u00a0\u00bbhttps:\/\/www.leparisien.fr\/dans-la-tete-des-francais\/\u00a0\u00bb,\u00a0\u00bblabel\u00a0\u00bb:\u00a0\u00bbDans la t\u00eate\u00a0\u00bb},{\u00ab\u00a0url\u00a0\u00bb:\u00a0\u00bbhttps:\/\/www.leparisien.fr\/societe\/dans-la-nouvelle-vie-des-francais\/\u00a0\u00bb,\u00a0\u00bblabel\u00a0\u00bb:\u00a0\u00bbDans la nouvelle vie\u00a0\u00bb},{\u00ab\u00a0url\u00a0\u00bb:\u00a0\u00bbhttps:\/\/www.leparisien.fr\/intime\/dans-le-secret-du-couple\/\u00a0\u00bb,\u00a0\u00bblabel\u00a0\u00bb:\u00a0\u00bbDans le secret du couple\u00a0\u00bb},{\u00ab\u00a0url\u00a0\u00bb:\u00a0\u00bbhttps:\/\/www.leparisien.fr\/societe\/dans-le-coeur\/\u00a0\u00bb,\u00a0\u00bblabel\u00a0\u00bb:\u00a0\u00bbDans le c\u0153ur\u00a0\u00bb}]}],[{\u00ab\u00a0name\u00a0\u00bb:\u00a0\u00bbSports\u00a0\u00bb,\u00a0\u00bbseo\u00a0\u00bb:[{\u00ab\u00a0url\u00a0\u00bb:\u00a0\u00bbhttps:\/\/www.leparisien.fr\/sports\/football\/psg\/\u00a0\u00bb,\u00a0\u00bblabel\u00a0\u00bb:\u00a0\u00bbPSG\u00a0\u00bb},{\u00ab\u00a0url\u00a0\u00bb:\u00a0\u00bbhttps:\/\/www.leparisien.fr\/sports\/football\/ligue-des-champions\/\u00a0\u00bb,\u00a0\u00bblabel\u00a0\u00bb:\u00a0\u00bbLigue des champions\u00a0\u00bb},{\u00ab\u00a0url\u00a0\u00bb:\u00a0\u00bbhttps:\/\/www.leparisien.fr\/sports\/football\/ligue-1\/\u00a0\u00bb,\u00a0\u00bblabel\u00a0\u00bb:\u00a0\u00bbLigue 1&Prime;},{\u00ab\u00a0url\u00a0\u00bb:\u00a0\u00bbhttps:\/\/www.leparisien.fr\/sports\/football\/paris-fc\/\u00a0\u00bb,\u00a0\u00bblabel\u00a0\u00bb:\u00a0\u00bbParis FC\u00a0\u00bb},{\u00ab\u00a0url\u00a0\u00bb:\u00a0\u00bbhttps:\/\/www.leparisien.fr\/sports\/football\/ousmane-dembele\/\u00a0\u00bb,\u00a0\u00bblabel\u00a0\u00bb:\u00a0\u00bbOusmane Demb\u00e9l\u00e9\u00a0\u00bb},{\u00ab\u00a0url\u00a0\u00bb:\u00a0\u00bbhttps:\/\/www.leparisien.fr\/sports\/football\/kylian-mbappe\/\u00a0\u00bb,\u00a0\u00bblabel\u00a0\u00bb:\u00a0\u00bbKylian Mbapp\u00e9\u00a0\u00bb},{\u00ab\u00a0url\u00a0\u00bb:\u00a0\u00bbhttps:\/\/www.leparisien.fr\/sports\/football\/equipe-de-france\/\u00a0\u00bb,\u00a0\u00bblabel\u00a0\u00bb:\u00a0\u00bb\u00c9quipe de France de football\u00a0\u00bb},{\u00ab\u00a0url\u00a0\u00bb:\u00a0\u00bbhttps:\/\/www.leparisien.fr\/sports\/football\/coupe-d-afrique-des-nations\/\u00a0\u00bb,\u00a0\u00bblabel\u00a0\u00bb:\u00a0\u00bbCAN 2025&Prime;},{\u00ab\u00a0url\u00a0\u00bb:\u00a0\u00bbhttps:\/\/www.leparisien.fr\/sports\/football\/coupe-du-monde\/\u00a0\u00bb,\u00a0\u00bblabel\u00a0\u00bb:\u00a0\u00bbCoupe du monde 2026&Prime;},{\u00ab\u00a0url\u00a0\u00bb:\u00a0\u00bbhttps:\/\/www.leparisien.fr\/sports\/JO\/jo-hiver-2026-milan-cortina\/\u00a0\u00bb,\u00a0\u00bblabel\u00a0\u00bb:\u00a0\u00bbJO d&rsquo;hiver 2026 de Milan-Cortina\u00a0\u00bb}]}],[{\u00ab\u00a0name\u00a0\u00bb:\u00a0\u00bbPolitique\u00a0\u00bb,\u00a0\u00bbseo\u00a0\u00bb:[{\u00ab\u00a0url\u00a0\u00bb:\u00a0\u00bbhttps:\/\/www.leparisien.fr\/politique\/emmanuel-macron\/\u00a0\u00bb,\u00a0\u00bblabel\u00a0\u00bb:\u00a0\u00bbEmmanuel Macron\u00a0\u00bb},{\u00ab\u00a0url\u00a0\u00bb:\u00a0\u00bbhttps:\/\/www.leparisien.fr\/politique\/sebastien-lecornu\/\u00a0\u00bb,\u00a0\u00bblabel\u00a0\u00bb:\u00a0\u00bbS\u00e9bastien Lecornu\u00a0\u00bb},{\u00ab\u00a0url\u00a0\u00bb:\u00a0\u00bbhttps:\/\/www.leparisien.fr\/elections\/municipales\/\u00a0\u00bb,\u00a0\u00bblabel\u00a0\u00bb:\u00a0\u00bbMunicipales 2026&Prime;},{\u00ab\u00a0url\u00a0\u00bb:\u00a0\u00bbhttps:\/\/www.leparisien.fr\/resultats-elections\/\u00a0\u00bb,\u00a0\u00bblabel\u00a0\u00bb:\u00a0\u00bbR\u00e9sultats \u00e9lections\u00a0\u00bb},{\u00ab\u00a0url\u00a0\u00bb:\u00a0\u00bbhttps:\/\/www.leparisien.fr\/elections\/presidentielle\/\u00a0\u00bb,\u00a0\u00bblabel\u00a0\u00bb:\u00a0\u00bbPr\u00e9sidentielle 2027&Prime;}]},{\u00ab\u00a0name\u00a0\u00bb:\u00a0\u00bb\u00c9tudiant\u00a0\u00bb,\u00a0\u00bbseo\u00a0\u00bb:[{\u00ab\u00a0url\u00a0\u00bb:\u00a0\u00bbhttps:\/\/www.leparisien.fr\/etudiant\/etudes\/\u00a0\u00bb,\u00a0\u00bblabel\u00a0\u00bb:\u00a0\u00bbEnseignement sup\u00e9rieur\u00a0\u00bb},{\u00ab\u00a0url\u00a0\u00bb:\u00a0\u00bbhttps:\/\/www.leparisien.fr\/etudiant\/lycee\/\u00a0\u00bb,\u00a0\u00bblabel\u00a0\u00bb:\u00a0\u00bbLyc\u00e9e\u00a0\u00bb},{\u00ab\u00a0url\u00a0\u00bb:\u00a0\u00bbhttps:\/\/www.leparisien.fr\/etudiant\/college\/\u00a0\u00bb,\u00a0\u00bblabel\u00a0\u00bb:\u00a0\u00bbColl\u00e8ge\u00a0\u00bb},{\u00ab\u00a0url\u00a0\u00bb:\u00a0\u00bbhttps:\/\/www.leparisien.fr\/etudiant\/guide-metiers\/\u00a0\u00bb,\u00a0\u00bblabel\u00a0\u00bb:\u00a0\u00bbGuide m\u00e9tier\u00a0\u00bb},{\u00ab\u00a0url\u00a0\u00bb:\u00a0\u00bbhttps:\/\/www.leparisien.fr\/etudiant\/vie-etudiante\/\u00a0\u00bb,\u00a0\u00bblabel\u00a0\u00bb:\u00a0\u00bbVie \u00e9tudiante\u00a0\u00bb},{\u00ab\u00a0url\u00a0\u00bb:\u00a0\u00bbhttps:\/\/www.leparisien.fr\/etudiant\/sortir\/\u00a0\u00bb,\u00a0\u00bblabel\u00a0\u00bb:\u00a0\u00bbAgenda sorties\u00a0\u00bb},{\u00ab\u00a0url\u00a0\u00bb:\u00a0\u00bbhttps:\/\/www.leparisien.fr\/etudiant\/jobs-stages\/\u00a0\u00bb,\u00a0\u00bblabel\u00a0\u00bb:\u00a0\u00bbJobs Stages\u00a0\u00bb}]}],[{\u00ab\u00a0name\u00a0\u00bb:\u00a0\u00bbPodcasts &#038; Vid\u00e9os\u00a0\u00bb,\u00a0\u00bbseo\u00a0\u00bb:[{\u00ab\u00a0url\u00a0\u00bb:\u00a0\u00bbhttps:\/\/www.leparisien.fr\/podcasts\/crime-story\/\u00a0\u00bb,\u00a0\u00bblabel\u00a0\u00bb:\u00a0\u00bbCrime Story\u00a0\u00bb},{\u00ab\u00a0url\u00a0\u00bb:\u00a0\u00bbhttps:\/\/www.leparisien.fr\/podcasts\/code-source\/\u00a0\u00bb,\u00a0\u00bblabel\u00a0\u00bb:\u00a0\u00bbCode source\u00a0\u00bb}]},{\u00ab\u00a0name\u00a0\u00bb:null,\u00a0\u00bbseo\u00a0\u00bb:[{\u00ab\u00a0url\u00a0\u00bb:\u00a0\u00bbhttps:\/\/www.leparisien.fr\/food-checking\/\u00a0\u00bb,\u00a0\u00bblabel\u00a0\u00bb:\u00a0\u00bbFood-checking\u00a0\u00bb},{\u00ab\u00a0url\u00a0\u00bb:\u00a0\u00bbhttps:\/\/www.leparisien.fr\/biclou\/\u00a0\u00bb,\u00a0\u00bblabel\u00a0\u00bb:\u00a0\u00bbBiclou\u00a0\u00bb}]},{\u00ab\u00a0name\u00a0\u00bb:null,\u00a0\u00bbseo\u00a0\u00bb:[{\u00ab\u00a0url\u00a0\u00bb:\u00a0\u00bbhttps:\/\/www.leparisien.fr\/guide-shopping\/bon-plan\/\u00a0\u00bb,\u00a0\u00bblabel\u00a0\u00bb:\u00a0\u00bbBons Plans\u00a0\u00bb},{\u00ab\u00a0url\u00a0\u00bb:\u00a0\u00bbhttps:\/\/www.leparisien.fr\/guide-shopping\/selection-guide\/\u00a0\u00bb,\u00a0\u00bblabel\u00a0\u00bb:\u00a0\u00bbS\u00e9lection du Guide d&rsquo;achat\u00a0\u00bb},{\u00ab\u00a0url\u00a0\u00bb:\u00a0\u00bbhttps:\/\/www.leparisien.fr\/meteo\/\u00a0\u00bb,\u00a0\u00bblabel\u00a0\u00bb:\u00a0\u00bbM\u00e9t\u00e9o\u00a0\u00bb}]}]]},\u00a0\u00bbname\u00a0\u00bb:\u00a0\u00bbdefault_footer\u00a0\u00bb,\u00a0\u00bbtype\u00a0\u00bb:\u00a0\u00bbfooter\u00a0\u00bb,\u00a0\u00bbdevice\u00a0\u00bb:\u00a0\u00bbweb\u00a0\u00bb,\u00a0\u00bbtags\u00a0\u00bb:[\u00ab\u00a0https:\/\/www.leparisien.fr\/\u00a0\u00bb]}],\u00a0\u00bb_id\u00a0\u00bb:\u00a0\u00bbbadce162eeaaefa62e5ff0d816f22553b681827e56ddf192337e2eca7d81ead6&Prime;},\u00a0\u00bbexpires\u00a0\u00bb:1767388268470,\u00a0\u00bblastModified\u00a0\u00bb:1767386468462}}};Fusion.layout=\u00a0\u00bbarticle-layout\u00a0\u00bb;Fusion.metas={};Fusion.outputType=\u00a0\u00bbdefault\u00a0\u00bb;Fusion.template=\u00a0\u00bbtemplate\/article\u00a0\u00bb;Fusion.tree={\u00ab\u00a0collection\u00a0\u00bb:\u00a0\u00bblayouts\u00a0\u00bb,\u00a0\u00bbtype\u00a0\u00bb:\u00a0\u00bbarticle-layout\u00a0\u00bb,\u00a0\u00bbprops\u00a0\u00bb:{\u00ab\u00a0collection\u00a0\u00bb:\u00a0\u00bblayouts\u00a0\u00bb,\u00a0\u00bbtype\u00a0\u00bb:\u00a0\u00bbarticle-layout\u00a0\u00bb,\u00a0\u00bbid\u00a0\u00bb:\u00a0\u00bbarticle-layout\u00a0\u00bb,\u00a0\u00bbchildProps\u00a0\u00bb:[{\u00ab\u00a0collection\u00a0\u00bb:\u00a0\u00bbsections\u00a0\u00bb,\u00a0\u00bbid\u00a0\u00bb:0},{\u00ab\u00a0collection\u00a0\u00bb:\u00a0\u00bbsections\u00a0\u00bb,\u00a0\u00bbid\u00a0\u00bb:1},{\u00ab\u00a0collection\u00a0\u00bb:\u00a0\u00bbsections\u00a0\u00bb,\u00a0\u00bbid\u00a0\u00bb:2},{\u00ab\u00a0collection\u00a0\u00bb:\u00a0\u00bbsections\u00a0\u00bb,\u00a0\u00bbid\u00a0\u00bb:3},{\u00ab\u00a0collection\u00a0\u00bb:\u00a0\u00bbsections\u00a0\u00bb,\u00a0\u00bbid\u00a0\u00bb:4},{\u00ab\u00a0collection\u00a0\u00bb:\u00a0\u00bbsections\u00a0\u00bb,\u00a0\u00bbid\u00a0\u00bb:5},{\u00ab\u00a0collection\u00a0\u00bb:\u00a0\u00bbsections\u00a0\u00bb,\u00a0\u00bbid\u00a0\u00bb:6},{\u00ab\u00a0collection\u00a0\u00bb:\u00a0\u00bbsections\u00a0\u00bb,\u00a0\u00bbid\u00a0\u00bb:7}]},\u00a0\u00bbchildren\u00a0\u00bb:[{\u00ab\u00a0collection\u00a0\u00bb:\u00a0\u00bbsections\u00a0\u00bb,\u00a0\u00bbprops\u00a0\u00bb:{\u00ab\u00a0collection\u00a0\u00bb:\u00a0\u00bbsections\u00a0\u00bb,\u00a0\u00bbid\u00a0\u00bb:0},\u00a0\u00bbchildren\u00a0\u00bb:[{\u00ab\u00a0collection\u00a0\u00bb:\u00a0\u00bbfeatures\u00a0\u00bb,\u00a0\u00bbtype\u00a0\u00bb:\u00a0\u00bbglobal\/HeaderNav\u00a0\u00bb,\u00a0\u00bbprops\u00a0\u00bb:{\u00ab\u00a0collection\u00a0\u00bb:\u00a0\u00bbfeatures\u00a0\u00bb,\u00a0\u00bbtype\u00a0\u00bb:\u00a0\u00bbglobal\/HeaderNav\u00a0\u00bb,\u00a0\u00bbid\u00a0\u00bb:\u00a0\u00bbf0fAVPTA1kS68mi\u00a0\u00bb,\u00a0\u00bbname\u00a0\u00bb:\u00a0\u00bbglobal HeaderNav\u00a0\u00bb,\u00a0\u00bbcontentConfig\u00a0\u00bb:{\u00ab\u00a0contentService\u00a0\u00bb:\u00a0\u00bb\u00a0\u00bb,\u00a0\u00bbcontentConfigValues\u00a0\u00bb:{},\u00a0\u00bbinherit\u00a0\u00bb:true},\u00a0\u00bbcustomFields\u00a0\u00bb:{\u00ab\u00a0navBarType\u00a0\u00bb:\u00a0\u00bbLP\u00a0\u00bb,\u00a0\u00bbconfig\u00a0\u00bb:\u00a0\u00bb[{\\\u00a0\u00bbsectionId\\\u00a0\u00bb:\\\u00a0\u00bb\/sports\/football\/ligue-1\/\\\u00a0\u00bb,\\\u00a0\u00bbliveCollectionId\\\u00a0\u00bb:\\\u00a0\u00bb\\\u00a0\u00bb,\\\u00a0\u00bbliveUrl\\\u00a0\u00bb:\\\u00a0\u00bb\\\u00a0\u00bb,\\\u00a0\u00bbliveLabel\\\u00a0\u00bb:\\\u00a0\u00bb\\\u00a0\u00bb,\\\u00a0\u00bbshowLive\\\u00a0\u00bb:false,\\\u00a0\u00bbimage\\\u00a0\u00bb:\\\u00a0\u00bb\\\u00a0\u00bb,\\\u00a0\u00bbimageDark\\\u00a0\u00bb:\\\u00a0\u00bb\\\u00a0\u00bb,\\\u00a0\u00bbimageLink\\\u00a0\u00bb:\\\u00a0\u00bb\\\u00a0\u00bb,\\\u00a0\u00bbimageSizeMobile\\\u00a0\u00bb:\\\u00a0\u00bb\\\u00a0\u00bb,\\\u00a0\u00bbimageSizeTable\\\u00a0\u00bb:\\\u00a0\u00bb\\\u00a0\u00bb,\\\u00a0\u00bbimageSizeDesktop\\\u00a0\u00bb:\\\u00a0\u00bb\\\u00a0\u00bb,\\\u00a0\u00bbcontextLabel\\\u00a0\u00bb:\\\u00a0\u00bbLigue 1\\\u00a0\u00bb,\\\u00a0\u00bbcontextLink\\\u00a0\u00bb:\\\u00a0\u00bbhttps:\/\/www.leparisien.fr\/sports\/football\/ligue-1\/\\\u00a0\u00bb,\\\u00a0\u00bbkeyword\\\u00a0\u00bb:\\\u00a0\u00bb\\\u00a0\u00bb,\\\u00a0\u00bbmetadata\\\u00a0\u00bb:\\\u00a0\u00bb\\\u00a0\u00bb,\\\u00a0\u00bblabel\\\u00a0\u00bb:\\\u00a0\u00bb\\\u00a0\u00bb,\\\u00a0\u00bblinks\\\u00a0\u00bb:[{\\\u00a0\u00bburl\\\u00a0\u00bb:\\\u00a0\u00bbhttps:\/\/www.leparisien.fr\/sports\/football\/ligue-1\/calendrier-resultats\/\\\u00a0\u00bb,\\\u00a0\u00bbtext\\\u00a0\u00bb:\\\u00a0\u00bbCalendrier et r\u00e9sultats\\\u00a0\u00bb,\\\u00a0\u00bbsearchEnable\\\u00a0\u00bb:false,\\\u00a0\u00bbsearchPlaceholder\\\u00a0\u00bb:\\\u00a0\u00bb\\\u00a0\u00bb},{\\\u00a0\u00bburl\\\u00a0\u00bb:\\\u00a0\u00bbhttps:\/\/www.leparisien.fr\/sports\/football\/ligue-1\/classement\/\\\u00a0\u00bb,\\\u00a0\u00bbtext\\\u00a0\u00bb:\\\u00a0\u00bbClassement des \u00e9quipes\\\u00a0\u00bb,\\\u00a0\u00bbsearchEnable\\\u00a0\u00bb:false,\\\u00a0\u00bbsearchPlaceholder\\\u00a0\u00bb:\\\u00a0\u00bb\\\u00a0\u00bb},{\\\u00a0\u00bburl\\\u00a0\u00bb:\\\u00a0\u00bbhttps:\/\/www.leparisien.fr\/sports\/football\/ligue-1\/calendrier-psg\/\\\u00a0\u00bb,\\\u00a0\u00bbtext\\\u00a0\u00bb:\\\u00a0\u00bbCalendrier du PSG\\\u00a0\u00bb,\\\u00a0\u00bbsearchEnable\\\u00a0\u00bb:false,\\\u00a0\u00bbsearchPlaceholder\\\u00a0\u00bb:\\\u00a0\u00bb\\\u00a0\u00bb}]},{\\\u00a0\u00bbsectionId\\\u00a0\u00bb:\\\u00a0\u00bb\/jo-paris-2024\/\\\u00a0\u00bb,\\\u00a0\u00bbliveCollectionId\\\u00a0\u00bb:\\\u00a0\u00bb\\\u00a0\u00bb,\\\u00a0\u00bbliveUrl\\\u00a0\u00bb:\\\u00a0\u00bb\\\u00a0\u00bb,\\\u00a0\u00bbliveLabel\\\u00a0\u00bb:\\\u00a0\u00bb\\\u00a0\u00bb,\\\u00a0\u00bbshowLive\\\u00a0\u00bb:false,\\\u00a0\u00bbimage\\\u00a0\u00bb:\\\u00a0\u00bbhttps:\/\/assets.leparisien.fr\/website\/images\/homepage\/logo-jo-2024.svg\\\u00a0\u00bb,\\\u00a0\u00bbimageDark\\\u00a0\u00bb:\\\u00a0\u00bbhttps:\/\/assets.leparisien.fr\/website\/images\/homepage\/dark\/logo-jo-2024.png\\\u00a0\u00bb,\\\u00a0\u00bbimageLink\\\u00a0\u00bb:\\\u00a0\u00bb\/jo-paris-2024\/\\\u00a0\u00bb,\\\u00a0\u00bbimageSizeMobile\\\u00a0\u00bb:\\\u00a0\u00bb28X16\\\u00a0\u00bb,\\\u00a0\u00bbimageSizeTable\\\u00a0\u00bb:\\\u00a0\u00bb28X16\\\u00a0\u00bb,\\\u00a0\u00bbimageSizeDesktop\\\u00a0\u00bb:\\\u00a0\u00bb28X16\\\u00a0\u00bb,\\\u00a0\u00bbcontextLabel\\\u00a0\u00bb:\\\u00a0\u00bbJO Paris 2024\\\u00a0\u00bb,\\\u00a0\u00bbcontextLink\\\u00a0\u00bb:\\\u00a0\u00bbhttps:\/\/www.leparisien.fr\/jo-paris-2024\/\\\u00a0\u00bb,\\\u00a0\u00bbkeyword\\\u00a0\u00bb:\\\u00a0\u00bb\\\u00a0\u00bb,\\\u00a0\u00bbmetadata\\\u00a0\u00bb:\\\u00a0\u00bb\\\u00a0\u00bb,\\\u00a0\u00bblabel\\\u00a0\u00bb:\\\u00a0\u00bb\\\u00a0\u00bb,\\\u00a0\u00bblinks\\\u00a0\u00bb:[{\\\u00a0\u00bburl\\\u00a0\u00bb:\\\u00a0\u00bbhttps:\/\/www.leparisien.fr\/jo-paris-2024\/tableau-des-medailles\/\\\u00a0\u00bb,\\\u00a0\u00bbtext\\\u00a0\u00bb:\\\u00a0\u00bbTableau des m\u00e9dailles\\\u00a0\u00bb,\\\u00a0\u00bbsearchEnable\\\u00a0\u00bb:false,\\\u00a0\u00bbsearchPlaceholder\\\u00a0\u00bb:\\\u00a0\u00bb\\\u00a0\u00bb},{\\\u00a0\u00bburl\\\u00a0\u00bb:\\\u00a0\u00bbhttps:\/\/www.leparisien.fr\/jo-paris-2024\/resultats-par-discipline\/\\\u00a0\u00bb,\\\u00a0\u00bbtext\\\u00a0\u00bb:\\\u00a0\u00bbR\u00e9sultats\\\u00a0\u00bb,\\\u00a0\u00bbsearchEnable\\\u00a0\u00bb:false,\\\u00a0\u00bbsearchPlaceholder\\\u00a0\u00bb:\\\u00a0\u00bb\\\u00a0\u00bb},{\\\u00a0\u00bburl\\\u00a0\u00bb:\\\u00a0\u00bb\\\u00a0\u00bb,\\\u00a0\u00bbtext\\\u00a0\u00bb:\\\u00a0\u00bbDisciplines\\\u00a0\u00bb,\\\u00a0\u00bbsearchEnable\\\u00a0\u00bb:true,\\\u00a0\u00bbsearchPlaceholder\\\u00a0\u00bb:\\\u00a0\u00bbex : Aviron\\\u00a0\u00bb,\\\u00a0\u00bbchildren\\\u00a0\u00bb:[{\\\u00a0\u00bburl\\\u00a0\u00bb:\\\u00a0\u00bbhttps:\/\/www.leparisien.fr\/jo-paris-2024\/athletisme\/\\\u00a0\u00bb,\\\u00a0\u00bbtext\\\u00a0\u00bb:\\\u00a0\u00bbAthl\u00e9tisme\\\u00a0\u00bb},{\\\u00a0\u00bburl\\\u00a0\u00bb:\\\u00a0\u00bbhttps:\/\/www.leparisien.fr\/jo-paris-2024\/aviron\/\\\u00a0\u00bb,\\\u00a0\u00bbtext\\\u00a0\u00bb:\\\u00a0\u00bbAviron\\\u00a0\u00bb},{\\\u00a0\u00bburl\\\u00a0\u00bb:\\\u00a0\u00bbhttps:\/\/www.leparisien.fr\/jo-paris-2024\/badminton\/\\\u00a0\u00bb,\\\u00a0\u00bbtext\\\u00a0\u00bb:\\\u00a0\u00bbBadminton\\\u00a0\u00bb},{\\\u00a0\u00bburl\\\u00a0\u00bb:\\\u00a0\u00bbhttps:\/\/www.leparisien.fr\/jo-paris-2024\/basketball\/\\\u00a0\u00bb,\\\u00a0\u00bbtext\\\u00a0\u00bb:\\\u00a0\u00bbBasketball\\\u00a0\u00bb},{\\\u00a0\u00bburl\\\u00a0\u00bb:\\\u00a0\u00bbhttps:\/\/www.leparisien.fr\/jo-paris-2024\/bmx\/\\\u00a0\u00bb,\\\u00a0\u00bbtext\\\u00a0\u00bb:\\\u00a0\u00bbBMX\\\u00a0\u00bb},{\\\u00a0\u00bburl\\\u00a0\u00bb:\\\u00a0\u00bbhttps:\/\/www.leparisien.fr\/jo-paris-2024\/boxe\/\\\u00a0\u00bb,\\\u00a0\u00bbtext\\\u00a0\u00bb:\\\u00a0\u00bbBoxe\\\u00a0\u00bb},{\\\u00a0\u00bburl\\\u00a0\u00bb:\\\u00a0\u00bbhttps:\/\/www.leparisien.fr\/jo-paris-2024\/breaking\/\\\u00a0\u00bb,\\\u00a0\u00bbtext\\\u00a0\u00bb:\\\u00a0\u00bbBreaking\\\u00a0\u00bb},{\\\u00a0\u00bburl\\\u00a0\u00bb:\\\u00a0\u00bbhttps:\/\/www.leparisien.fr\/jo-paris-2024\/canoe\/\\\u00a0\u00bb,\\\u00a0\u00bbtext\\\u00a0\u00bb:\\\u00a0\u00bbCano\u00eb\\\u00a0\u00bb},{\\\u00a0\u00bburl\\\u00a0\u00bb:\\\u00a0\u00bbhttps:\/\/www.leparisien.fr\/jo-paris-2024\/cyclisme\/\\\u00a0\u00bb,\\\u00a0\u00bbtext\\\u00a0\u00bb:\\\u00a0\u00bbCyclisme\\\u00a0\u00bb},{\\\u00a0\u00bburl\\\u00a0\u00bb:\\\u00a0\u00bbhttps:\/\/www.leparisien.fr\/jo-paris-2024\/sports-equestres\/\\\u00a0\u00bb,\\\u00a0\u00bbtext\\\u00a0\u00bb:\\\u00a0\u00bb\u00c9quitation\\\u00a0\u00bb},{\\\u00a0\u00bburl\\\u00a0\u00bb:\\\u00a0\u00bbhttps:\/\/www.leparisien.fr\/jo-paris-2024\/escalade-sportive\/\\\u00a0\u00bb,\\\u00a0\u00bbtext\\\u00a0\u00bb:\\\u00a0\u00bbEscalade\\\u00a0\u00bb},{\\\u00a0\u00bburl\\\u00a0\u00bb:\\\u00a0\u00bbhttps:\/\/www.leparisien.fr\/jo-paris-2024\/escrime\/\\\u00a0\u00bb,\\\u00a0\u00bbtext\\\u00a0\u00bb:\\\u00a0\u00bbEscrime\\\u00a0\u00bb},{\\\u00a0\u00bburl\\\u00a0\u00bb:\\\u00a0\u00bbhttps:\/\/www.leparisien.fr\/jo-paris-2024\/football\/\\\u00a0\u00bb,\\\u00a0\u00bbtext\\\u00a0\u00bb:\\\u00a0\u00bbFootball\\\u00a0\u00bb},{\\\u00a0\u00bburl\\\u00a0\u00bb:\\\u00a0\u00bbhttps:\/\/www.leparisien.fr\/jo-paris-2024\/golf\/\\\u00a0\u00bb,\\\u00a0\u00bbtext\\\u00a0\u00bb:\\\u00a0\u00bbGolf\\\u00a0\u00bb},{\\\u00a0\u00bburl\\\u00a0\u00bb:\\\u00a0\u00bbhttps:\/\/www.leparisien.fr\/jo-paris-2024\/gymnastique\/\\\u00a0\u00bb,\\\u00a0\u00bbtext\\\u00a0\u00bb:\\\u00a0\u00bbGymnastique\\\u00a0\u00bb},{\\\u00a0\u00bburl\\\u00a0\u00bb:\\\u00a0\u00bbhttps:\/\/www.leparisien.fr\/jo-paris-2024\/halterophilie\/\\\u00a0\u00bb,\\\u00a0\u00bbtext\\\u00a0\u00bb:\\\u00a0\u00bbHalt\u00e9rophilie\\\u00a0\u00bb},{\\\u00a0\u00bburl\\\u00a0\u00bb:\\\u00a0\u00bbhttps:\/\/www.leparisien.fr\/jo-paris-2024\/handball\/\\\u00a0\u00bb,\\\u00a0\u00bbtext\\\u00a0\u00bb:\\\u00a0\u00bbHandball\\\u00a0\u00bb},{\\\u00a0\u00bburl\\\u00a0\u00bb:\\\u00a0\u00bbhttps:\/\/www.leparisien.fr\/jo-paris-2024\/hockey\/\\\u00a0\u00bb,\\\u00a0\u00bbtext\\\u00a0\u00bb:\\\u00a0\u00bbHockey\\\u00a0\u00bb},{\\\u00a0\u00bburl\\\u00a0\u00bb:\\\u00a0\u00bbhttps:\/\/www.leparisien.fr\/jo-paris-2024\/judo\/\\\u00a0\u00bb,\\\u00a0\u00bbtext\\\u00a0\u00bb:\\\u00a0\u00bbJudo\\\u00a0\u00bb},{\\\u00a0\u00bburl\\\u00a0\u00bb:\\\u00a0\u00bbhttps:\/\/www.leparisien.fr\/jo-paris-2024\/lutte\/\\\u00a0\u00bb,\\\u00a0\u00bbtext\\\u00a0\u00bb:\\\u00a0\u00bbLutte\\\u00a0\u00bb},{\\\u00a0\u00bburl\\\u00a0\u00bb:\\\u00a0\u00bbhttps:\/\/www.leparisien.fr\/jo-paris-2024\/natation\/\\\u00a0\u00bb,\\\u00a0\u00bbtext\\\u00a0\u00bb:\\\u00a0\u00bbNatation\\\u00a0\u00bb},{\\\u00a0\u00bburl\\\u00a0\u00bb:\\\u00a0\u00bbhttps:\/\/www.leparisien.fr\/jo-paris-2024\/pentathlon-moderne\/\\\u00a0\u00bb,\\\u00a0\u00bbtext\\\u00a0\u00bb:\\\u00a0\u00bbPentathlon moderne\\\u00a0\u00bb},{\\\u00a0\u00bburl\\\u00a0\u00bb:\\\u00a0\u00bbhttps:\/\/www.leparisien.fr\/jo-paris-2024\/plongeon\/\\\u00a0\u00bb,\\\u00a0\u00bbtext\\\u00a0\u00bb:\\\u00a0\u00bbPlongeon\\\u00a0\u00bb},{\\\u00a0\u00bburl\\\u00a0\u00bb:\\\u00a0\u00bbhttps:\/\/www.leparisien.fr\/jo-paris-2024\/rugby\/\\\u00a0\u00bb,\\\u00a0\u00bbtext\\\u00a0\u00bb:\\\u00a0\u00bbRugby \u00e0 7\\\u00a0\u00bb},{\\\u00a0\u00bburl\\\u00a0\u00bb:\\\u00a0\u00bbhttps:\/\/www.leparisien.fr\/jo-paris-2024\/skateboard\/\\\u00a0\u00bb,\\\u00a0\u00bbtext\\\u00a0\u00bb:\\\u00a0\u00bbSkateboard\\\u00a0\u00bb},{\\\u00a0\u00bburl\\\u00a0\u00bb:\\\u00a0\u00bbhttps:\/\/www.leparisien.fr\/jo-paris-2024\/surf\/\\\u00a0\u00bb,\\\u00a0\u00bbtext\\\u00a0\u00bb:\\\u00a0\u00bbSurf\\\u00a0\u00bb},{\\\u00a0\u00bburl\\\u00a0\u00bb:\\\u00a0\u00bbhttps:\/\/www.leparisien.fr\/jo-paris-2024\/taekwondo\/\\\u00a0\u00bb,\\\u00a0\u00bbtext\\\u00a0\u00bb:\\\u00a0\u00bbTaekwondo\\\u00a0\u00bb},{\\\u00a0\u00bburl\\\u00a0\u00bb:\\\u00a0\u00bbhttps:\/\/www.leparisien.fr\/jo-paris-2024\/tennis\/\\\u00a0\u00bb,\\\u00a0\u00bbtext\\\u00a0\u00bb:\\\u00a0\u00bbTennis\\\u00a0\u00bb},{\\\u00a0\u00bburl\\\u00a0\u00bb:\\\u00a0\u00bbhttps:\/\/www.leparisien.fr\/jo-paris-2024\/tennis-de-table\/\\\u00a0\u00bb,\\\u00a0\u00bbtext\\\u00a0\u00bb:\\\u00a0\u00bbTennis de table\\\u00a0\u00bb},{\\\u00a0\u00bburl\\\u00a0\u00bb:\\\u00a0\u00bbhttps:\/\/www.leparisien.fr\/jo-paris-2024\/tir\/\\\u00a0\u00bb,\\\u00a0\u00bbtext\\\u00a0\u00bb:\\\u00a0\u00bbTir\\\u00a0\u00bb},{\\\u00a0\u00bburl\\\u00a0\u00bb:\\\u00a0\u00bbhttps:\/\/www.leparisien.fr\/jo-paris-2024\/tir-a-l-arc\/\\\u00a0\u00bb,\\\u00a0\u00bbtext\\\u00a0\u00bb:\\\u00a0\u00bbTir \u00e0 l\u2019arc\\\u00a0\u00bb},{\\\u00a0\u00bburl\\\u00a0\u00bb:\\\u00a0\u00bbhttps:\/\/www.leparisien.fr\/jo-paris-2024\/trampoline\/\\\u00a0\u00bb,\\\u00a0\u00bbtext\\\u00a0\u00bb:\\\u00a0\u00bbTrampoline\\\u00a0\u00bb},{\\\u00a0\u00bburl\\\u00a0\u00bb:\\\u00a0\u00bbhttps:\/\/www.leparisien.fr\/jo-paris-2024\/triathlon\/\\\u00a0\u00bb,\\\u00a0\u00bbtext\\\u00a0\u00bb:\\\u00a0\u00bbTriathlon\\\u00a0\u00bb},{\\\u00a0\u00bburl\\\u00a0\u00bb:\\\u00a0\u00bbhttps:\/\/www.leparisien.fr\/jo-paris-2024\/voile\/\\\u00a0\u00bb,\\\u00a0\u00bbtext\\\u00a0\u00bb:\\\u00a0\u00bbVoile\\\u00a0\u00bb},{\\\u00a0\u00bburl\\\u00a0\u00bb:\\\u00a0\u00bbhttps:\/\/www.leparisien.fr\/jo-paris-2024\/volleyball\/\\\u00a0\u00bb,\\\u00a0\u00bbtext\\\u00a0\u00bb:\\\u00a0\u00bbVolleyball\\\u00a0\u00bb},{\\\u00a0\u00bburl\\\u00a0\u00bb:\\\u00a0\u00bbhttps:\/\/www.leparisien.fr\/jo-paris-2024\/vtt\/\\\u00a0\u00bb,\\\u00a0\u00bbtext\\\u00a0\u00bb:\\\u00a0\u00bbVTT\\\u00a0\u00bb},{\\\u00a0\u00bburl\\\u00a0\u00bb:\\\u00a0\u00bbhttps:\/\/www.leparisien.fr\/jo-paris-2024\/waterpolo\/\\\u00a0\u00bb,\\\u00a0\u00bbtext\\\u00a0\u00bb:\\\u00a0\u00bbWater-polo\\\u00a0\u00bb}]},{\\\u00a0\u00bburl\\\u00a0\u00bb:\\\u00a0\u00bb\/jo-paris-2024\/equipe-de-france\/\\\u00a0\u00bb,\\\u00a0\u00bbtext\\\u00a0\u00bb:\\\u00a0\u00bb\u00c9quipe de France\\\u00a0\u00bb,\\\u00a0\u00bbsearchEnable\\\u00a0\u00bb:false,\\\u00a0\u00bbsearchPlaceholder\\\u00a0\u00bb:\\\u00a0\u00bb\\\u00a0\u00bb},{\\\u00a0\u00bburl\\\u00a0\u00bb:\\\u00a0\u00bb\/jo-paris-2024\/videos\/\\\u00a0\u00bb,\\\u00a0\u00bbtext\\\u00a0\u00bb:\\\u00a0\u00bbVid\u00e9os\\\u00a0\u00bb,\\\u00a0\u00bbsearchEnable\\\u00a0\u00bb:false,\\\u00a0\u00bbsearchPlaceholder\\\u00a0\u00bb:\\\u00a0\u00bb\\\u00a0\u00bb},{\\\u00a0\u00bburl\\\u00a0\u00bb:\\\u00a0\u00bb\/inscription-newsletter-jeux-olympiques\/\\\u00a0\u00bb,\\\u00a0\u00bbtext\\\u00a0\u00bb:\\\u00a0\u00bbNewsletter\\\u00a0\u00bb,\\\u00a0\u00bbsearchEnable\\\u00a0\u00bb:false,\\\u00a0\u00bbsearchPlaceholder\\\u00a0\u00bb:\\\u00a0\u00bb\\\u00a0\u00bb}]},{\\\u00a0\u00bbsectionId\\\u00a0\u00bb:\\\u00a0\u00bb\/environnement\/climat\/\\\u00a0\u00bb,\\\u00a0\u00bbliveCollectionId\\\u00a0\u00bb:\\\u00a0\u00bb\\\u00a0\u00bb,\\\u00a0\u00bbliveUrl\\\u00a0\u00bb:\\\u00a0\u00bb\\\u00a0\u00bb,\\\u00a0\u00bbliveLabel\\\u00a0\u00bb:\\\u00a0\u00bb\\\u00a0\u00bb,\\\u00a0\u00bbshowLive\\\u00a0\u00bb:false,\\\u00a0\u00bbimage\\\u00a0\u00bb:\\\u00a0\u00bb\\\u00a0\u00bb,\\\u00a0\u00bbimageDark\\\u00a0\u00bb:\\\u00a0\u00bb\\\u00a0\u00bb,\\\u00a0\u00bbimageLink\\\u00a0\u00bb:\\\u00a0\u00bb\\\u00a0\u00bb,\\\u00a0\u00bbimageSizeMobile\\\u00a0\u00bb:\\\u00a0\u00bb\\\u00a0\u00bb,\\\u00a0\u00bbimageSizeTable\\\u00a0\u00bb:\\\u00a0\u00bb\\\u00a0\u00bb,\\\u00a0\u00bbimageSizeDesktop\\\u00a0\u00bb:\\\u00a0\u00bb\\\u00a0\u00bb,\\\u00a0\u00bbcontextLabel\\\u00a0\u00bb:\\\u00a0\u00bbClimat\\\u00a0\u00bb,\\\u00a0\u00bbcontextLink\\\u00a0\u00bb:\\\u00a0\u00bb\/environnement\/climat\/\\\u00a0\u00bb,\\\u00a0\u00bbkeyword\\\u00a0\u00bb:\\\u00a0\u00bb\\\u00a0\u00bb,\\\u00a0\u00bbmetadata\\\u00a0\u00bb:\\\u00a0\u00bb\\\u00a0\u00bb,\\\u00a0\u00bblabel\\\u00a0\u00bb:\\\u00a0\u00bb\\\u00a0\u00bb,\\\u00a0\u00bblinks\\\u00a0\u00bb:[{\\\u00a0\u00bburl\\\u00a0\u00bb:\\\u00a0\u00bbhttps:\/\/www.leparisien.fr\/environnement\/climat\/cest-quoi-le-rechauffement-climatique-25-questions-reponses-pour-tout-comprendre-30-11-2023-XTKH6RVJL5FALK4X4Z4RM6PS4A.php\\\u00a0\u00bb,\\\u00a0\u00bbtext\\\u00a0\u00bb:\\\u00a0\u00bbR\u00e9chauffement climatique\\\u00a0\u00bb,\\\u00a0\u00bbsearchEnable\\\u00a0\u00bb:false,\\\u00a0\u00bbsearchPlaceholder\\\u00a0\u00bb:\\\u00a0\u00bb\\\u00a0\u00bb},{\\\u00a0\u00bburl\\\u00a0\u00bb:\\\u00a0\u00bbhttps:\/\/www.leparisien.fr\/environnement\/climat\/fonte-des-glaces-decouvrez-limpact-de-la-hausse-des-mers-sur-votre-territoire-08-11-2023-KYMKTDOICVFVNECCHBC43CWHKE.php\\\u00a0\u00bb,\\\u00a0\u00bbtext\\\u00a0\u00bb:\\\u00a0\u00bbFonte des glaces\\\u00a0\u00bb,\\\u00a0\u00bbsearchEnable\\\u00a0\u00bb:false,\\\u00a0\u00bbsearchPlaceholder\\\u00a0\u00bb:\\\u00a0\u00bb\\\u00a0\u00bb},{\\\u00a0\u00bburl\\\u00a0\u00bb:\\\u00a0\u00bbhttps:\/\/www.leparisien.fr\/environnement\/quiz-climat-gaz-a-effet-de-serre-etes-vous-incollable-14-06-2023-2ZQLLSSZKNDD5ERNUXEMZ2E6UM.php\\\u00a0\u00bb,\\\u00a0\u00bbtext\\\u00a0\u00bb:\\\u00a0\u00bbQuiz sur le climat\\\u00a0\u00bb,\\\u00a0\u00bbsearchEnable\\\u00a0\u00bb:false,\\\u00a0\u00bbsearchPlaceholder\\\u00a0\u00bb:\\\u00a0\u00bb\\\u00a0\u00bb},{\\\u00a0\u00bburl\\\u00a0\u00bb:\\\u00a0\u00bbhttps:\/\/www.leparisien.fr\/inscription-newsletter-environnement\/\\\u00a0\u00bb,\\\u00a0\u00bbtext\\\u00a0\u00bb:\\\u00a0\u00bbNewsletter\\\u00a0\u00bb,\\\u00a0\u00bbsearchEnable\\\u00a0\u00bb:false,\\\u00a0\u00bbsearchPlaceholder\\\u00a0\u00bb:\\\u00a0\u00bb\\\u00a0\u00bb},{\\\u00a0\u00bburl\\\u00a0\u00bb:\\\u00a0\u00bbhttps:\/\/www.leparisien.fr\/environnement\/climat\/\\\u00a0\u00bb,\\\u00a0\u00bbtext\\\u00a0\u00bb:\\\u00a0\u00bbToute l&rsquo;actu\\\u00a0\u00bb,\\\u00a0\u00bbsearchEnable\\\u00a0\u00bb:false,\\\u00a0\u00bbsearchPlaceholder\\\u00a0\u00bb:\\\u00a0\u00bb\\\u00a0\u00bb}]},{\\\u00a0\u00bbsectionId\\\u00a0\u00bb:\\\u00a0\u00bb\/sports\/football\/coupe-du-monde\/\\\u00a0\u00bb,\\\u00a0\u00bbliveCollectionId\\\u00a0\u00bb:\\\u00a0\u00bb\\\u00a0\u00bb,\\\u00a0\u00bbliveUrl\\\u00a0\u00bb:\\\u00a0\u00bb\\\u00a0\u00bb,\\\u00a0\u00bbliveLabel\\\u00a0\u00bb:\\\u00a0\u00bb\\\u00a0\u00bb,\\\u00a0\u00bbshowLive\\\u00a0\u00bb:false,\\\u00a0\u00bbimage\\\u00a0\u00bb:\\\u00a0\u00bb\\\u00a0\u00bb,\\\u00a0\u00bbimageDark\\\u00a0\u00bb:\\\u00a0\u00bb\\\u00a0\u00bb,\\\u00a0\u00bbimageLink\\\u00a0\u00bb:\\\u00a0\u00bb\\\u00a0\u00bb,\\\u00a0\u00bbimageSizeMobile\\\u00a0\u00bb:\\\u00a0\u00bb\\\u00a0\u00bb,\\\u00a0\u00bbimageSizeTable\\\u00a0\u00bb:\\\u00a0\u00bb\\\u00a0\u00bb,\\\u00a0\u00bbimageSizeDesktop\\\u00a0\u00bb:\\\u00a0\u00bb\\\u00a0\u00bb,\\\u00a0\u00bbcontextLabel\\\u00a0\u00bb:\\\u00a0\u00bbCoupe du monde 2026\\\u00a0\u00bb,\\\u00a0\u00bbcontextLink\\\u00a0\u00bb:\\\u00a0\u00bb\/sports\/football\/coupe-du-monde\/\\\u00a0\u00bb,\\\u00a0\u00bbkeyword\\\u00a0\u00bb:\\\u00a0\u00bb\\\u00a0\u00bb,\\\u00a0\u00bbmetadata\\\u00a0\u00bb:\\\u00a0\u00bb\\\u00a0\u00bb,\\\u00a0\u00bblabel\\\u00a0\u00bb:\\\u00a0\u00bb\\\u00a0\u00bb,\\\u00a0\u00bblinks\\\u00a0\u00bb:[{\\\u00a0\u00bburl\\\u00a0\u00bb:\\\u00a0\u00bbhttps:\/\/www.leparisien.fr\/sports\/football\/coupe-du-monde\/coupe-du-monde-2026-le-calendrier-complet-a-telecharger-avec-les-jours-heures-et-stades-de-tous-les-matchs-06-12-2025-Q5YRAV5H3JAHFE5FWUJ767HYNQ.php\\\u00a0\u00bb,\\\u00a0\u00bbtext\\\u00a0\u00bb:\\\u00a0\u00bbCalendrier\\\u00a0\u00bb,\\\u00a0\u00bbsearchEnable\\\u00a0\u00bb:false,\\\u00a0\u00bbsearchPlaceholder\\\u00a0\u00bb:\\\u00a0\u00bb\\\u00a0\u00bb},{\\\u00a0\u00bburl\\\u00a0\u00bb:\\\u00a0\u00bbhttps:\/\/www.leparisien.fr\/sports\/football\/coupe-du-monde-2026-les-16-villes-sont-connues-17-06-2022-JYSQAT2EA5CWDPDAWK5RSOCDNQ.php\\\u00a0\u00bb,\\\u00a0\u00bbtext\\\u00a0\u00bb:\\\u00a0\u00bbVilles h\u00f4tes\\\u00a0\u00bb,\\\u00a0\u00bbsearchEnable\\\u00a0\u00bb:false,\\\u00a0\u00bbsearchPlaceholder\\\u00a0\u00bb:\\\u00a0\u00bb\\\u00a0\u00bb},{\\\u00a0\u00bburl\\\u00a0\u00bb:\\\u00a0\u00bbhttps:\/\/www.leparisien.fr\/sports\/football\/equipe-de-france\/\\\u00a0\u00bb,\\\u00a0\u00bbtext\\\u00a0\u00bb:\\\u00a0\u00bbLes Bleus\\\u00a0\u00bb,\\\u00a0\u00bbsearchEnable\\\u00a0\u00bb:false,\\\u00a0\u00bbsearchPlaceholder\\\u00a0\u00bb:\\\u00a0\u00bb\\\u00a0\u00bb}]},{\\\u00a0\u00bbsectionId\\\u00a0\u00bb:\\\u00a0\u00bb\/sports\/football\/coupe-d-afrique-des-nations\/\\\u00a0\u00bb,\\\u00a0\u00bbliveCollectionId\\\u00a0\u00bb:\\\u00a0\u00bb\\\u00a0\u00bb,\\\u00a0\u00bbliveUrl\\\u00a0\u00bb:\\\u00a0\u00bb\\\u00a0\u00bb,\\\u00a0\u00bbliveLabel\\\u00a0\u00bb:\\\u00a0\u00bb\\\u00a0\u00bb,\\\u00a0\u00bbshowLive\\\u00a0\u00bb:true,\\\u00a0\u00bbimage\\\u00a0\u00bb:\\\u00a0\u00bb\\\u00a0\u00bb,\\\u00a0\u00bbimageDark\\\u00a0\u00bb:\\\u00a0\u00bb\\\u00a0\u00bb,\\\u00a0\u00bbimageLink\\\u00a0\u00bb:\\\u00a0\u00bb\\\u00a0\u00bb,\\\u00a0\u00bbimageSizeMobile\\\u00a0\u00bb:\\\u00a0\u00bb\\\u00a0\u00bb,\\\u00a0\u00bbimageSizeTable\\\u00a0\u00bb:\\\u00a0\u00bb\\\u00a0\u00bb,\\\u00a0\u00bbimageSizeDesktop\\\u00a0\u00bb:\\\u00a0\u00bb\\\u00a0\u00bb,\\\u00a0\u00bbcontextLabel\\\u00a0\u00bb:\\\u00a0\u00bbCAN 2025\\\u00a0\u00bb,\\\u00a0\u00bbcontextLink\\\u00a0\u00bb:\\\u00a0\u00bb\/sports\/football\/coupe-d-afrique-des-nations\/\\\u00a0\u00bb,\\\u00a0\u00bbkeyword\\\u00a0\u00bb:\\\u00a0\u00bb\\\u00a0\u00bb,\\\u00a0\u00bbmetadata\\\u00a0\u00bb:\\\u00a0\u00bb\\\u00a0\u00bb,\\\u00a0\u00bblabel\\\u00a0\u00bb:\\\u00a0\u00bb\\\u00a0\u00bb,\\\u00a0\u00bblinks\\\u00a0\u00bb:[{\\\u00a0\u00bburl\\\u00a0\u00bb:\\\u00a0\u00bb\\\u00a0\u00bb,\\\u00a0\u00bbtext\\\u00a0\u00bb:\\\u00a0\u00bb\u00c9quipes\\\u00a0\u00bb,\\\u00a0\u00bbsearchEnable\\\u00a0\u00bb:false,\\\u00a0\u00bbsearchPlaceholder\\\u00a0\u00bb:\\\u00a0\u00bb\\\u00a0\u00bb,\\\u00a0\u00bbchildren\\\u00a0\u00bb:[{\\\u00a0\u00bburl\\\u00a0\u00bb:\\\u00a0\u00bbhttps:\/\/www.leparisien.fr\/sports\/football\/algerie\/\\\u00a0\u00bb,\\\u00a0\u00bbtext\\\u00a0\u00bb:\\\u00a0\u00bbAlg\u00e9rie\\\u00a0\u00bb},{\\\u00a0\u00bburl\\\u00a0\u00bb:\\\u00a0\u00bbhttps:\/\/www.leparisien.fr\/sports\/football\/cameroun\/\\\u00a0\u00bb,\\\u00a0\u00bbtext\\\u00a0\u00bb:\\\u00a0\u00bbCameroun\\\u00a0\u00bb},{\\\u00a0\u00bburl\\\u00a0\u00bb:\\\u00a0\u00bbhttps:\/\/www.leparisien.fr\/sports\/football\/cote-d-ivoire\/\\\u00a0\u00bb,\\\u00a0\u00bbtext\\\u00a0\u00bb:\\\u00a0\u00bbC\u00f4te d\u2019Ivoire\\\u00a0\u00bb},{\\\u00a0\u00bburl\\\u00a0\u00bb:\\\u00a0\u00bbhttps:\/\/www.leparisien.fr\/sports\/football\/egypte\/\\\u00a0\u00bb,\\\u00a0\u00bbtext\\\u00a0\u00bb:\\\u00a0\u00bb\u00c9gypte\\\u00a0\u00bb},{\\\u00a0\u00bburl\\\u00a0\u00bb:\\\u00a0\u00bbhttps:\/\/www.leparisien.fr\/sports\/football\/maroc\/\\\u00a0\u00bb,\\\u00a0\u00bbtext\\\u00a0\u00bb:\\\u00a0\u00bbMaroc\\\u00a0\u00bb},{\\\u00a0\u00bburl\\\u00a0\u00bb:\\\u00a0\u00bbhttps:\/\/www.leparisien.fr\/sports\/football\/mali\/\\\u00a0\u00bb,\\\u00a0\u00bbtext\\\u00a0\u00bb:\\\u00a0\u00bbMali\\\u00a0\u00bb},{\\\u00a0\u00bburl\\\u00a0\u00bb:\\\u00a0\u00bbhttps:\/\/www.leparisien.fr\/sports\/football\/senegal\/\\\u00a0\u00bb,\\\u00a0\u00bbtext\\\u00a0\u00bb:\\\u00a0\u00bbS\u00e9n\u00e9gal\\\u00a0\u00bb},{\\\u00a0\u00bburl\\\u00a0\u00bb:\\\u00a0\u00bbhttps:\/\/www.leparisien.fr\/sports\/football\/tunisie\/\\\u00a0\u00bb,\\\u00a0\u00bbtext\\\u00a0\u00bb:\\\u00a0\u00bbTunisie\\\u00a0\u00bb}]},{\\\u00a0\u00bburl\\\u00a0\u00bb:\\\u00a0\u00bbhttps:\/\/www.leparisien.fr\/sports\/football\/coupe-d-afrique-des-nations\/calendrier-resultats\/\\\u00a0\u00bb,\\\u00a0\u00bbtext\\\u00a0\u00bb:\\\u00a0\u00bbCalendrier et r\u00e9sultats\\\u00a0\u00bb,\\\u00a0\u00bbsearchEnable\\\u00a0\u00bb:false,\\\u00a0\u00bbsearchPlaceholder\\\u00a0\u00bb:\\\u00a0\u00bb\\\u00a0\u00bb},{\\\u00a0\u00bburl\\\u00a0\u00bb:\\\u00a0\u00bbhttps:\/\/www.leparisien.fr\/sports\/football\/coupe-d-afrique-des-nations\/classement\/\\\u00a0\u00bb,\\\u00a0\u00bbtext\\\u00a0\u00bb:\\\u00a0\u00bbClassement\\\u00a0\u00bb,\\\u00a0\u00bbsearchEnable\\\u00a0\u00bb:false,\\\u00a0\u00bbsearchPlaceholder\\\u00a0\u00bb:\\\u00a0\u00bb\\\u00a0\u00bb},{\\\u00a0\u00bburl\\\u00a0\u00bb:\\\u00a0\u00bbhttps:\/\/www.leparisien.fr\/sports\/football\/coupe-d-afrique-des-nations\/can-2025-le-guide-des-equipes-20-12-2025-NTCYH63RXVD65KTQ3C35O2FCEA.php\\\u00a0\u00bb,\\\u00a0\u00bbtext\\\u00a0\u00bb:\\\u00a0\u00bbGuide des \u00e9quipes\\\u00a0\u00bb,\\\u00a0\u00bbsearchEnable\\\u00a0\u00bb:false,\\\u00a0\u00bbsearchPlaceholder\\\u00a0\u00bb:\\\u00a0\u00bb\\\u00a0\u00bb}]},{\\\u00a0\u00bbsectionId\\\u00a0\u00bb:\\\u00a0\u00bb\/international\/ukraine\/\\\u00a0\u00bb,\\\u00a0\u00bbliveCollectionId\\\u00a0\u00bb:\\\u00a0\u00bb\\\u00a0\u00bb,\\\u00a0\u00bbliveUrl\\\u00a0\u00bb:\\\u00a0\u00bb\\\u00a0\u00bb,\\\u00a0\u00bbliveLabel\\\u00a0\u00bb:\\\u00a0\u00bb\\\u00a0\u00bb,\\\u00a0\u00bbshowLive\\\u00a0\u00bb:false,\\\u00a0\u00bbimage\\\u00a0\u00bb:\\\u00a0\u00bb\\\u00a0\u00bb,\\\u00a0\u00bbimageDark\\\u00a0\u00bb:\\\u00a0\u00bb\\\u00a0\u00bb,\\\u00a0\u00bbimageLink\\\u00a0\u00bb:\\\u00a0\u00bb\\\u00a0\u00bb,\\\u00a0\u00bbimageSizeMobile\\\u00a0\u00bb:\\\u00a0\u00bb\\\u00a0\u00bb,\\\u00a0\u00bbimageSizeTable\\\u00a0\u00bb:\\\u00a0\u00bb\\\u00a0\u00bb,\\\u00a0\u00bbimageSizeDesktop\\\u00a0\u00bb:\\\u00a0\u00bb\\\u00a0\u00bb,\\\u00a0\u00bbcontextLabel\\\u00a0\u00bb:\\\u00a0\u00bbGuerre en Ukraine\\\u00a0\u00bb,\\\u00a0\u00bbcontextLink\\\u00a0\u00bb:\\\u00a0\u00bb\/international\/ukraine\/\\\u00a0\u00bb,\\\u00a0\u00bbkeyword\\\u00a0\u00bb:\\\u00a0\u00bb\\\u00a0\u00bb,\\\u00a0\u00bbmetadata\\\u00a0\u00bb:\\\u00a0\u00bb\\\u00a0\u00bb,\\\u00a0\u00bblabel\\\u00a0\u00bb:\\\u00a0\u00bb\\\u00a0\u00bb,\\\u00a0\u00bblinks\\\u00a0\u00bb:[{\\\u00a0\u00bburl\\\u00a0\u00bb:\\\u00a0\u00bb\/reportages-guerre-ukraine\/\\\u00a0\u00bb,\\\u00a0\u00bbtext\\\u00a0\u00bb:\\\u00a0\u00bbNos reportages\\\u00a0\u00bb,\\\u00a0\u00bbsearchEnable\\\u00a0\u00bb:false,\\\u00a0\u00bbsearchPlaceholder\\\u00a0\u00bb:\\\u00a0\u00bb\\\u00a0\u00bb},{\\\u00a0\u00bburl\\\u00a0\u00bb:\\\u00a0\u00bb\/international\/volodymyr-zelensky\/\\\u00a0\u00bb,\\\u00a0\u00bbtext\\\u00a0\u00bb:\\\u00a0\u00bbVolodymyr Zelensky\\\u00a0\u00bb,\\\u00a0\u00bbsearchEnable\\\u00a0\u00bb:false,\\\u00a0\u00bbsearchPlaceholder\\\u00a0\u00bb:\\\u00a0\u00bb\\\u00a0\u00bb},{\\\u00a0\u00bburl\\\u00a0\u00bb:\\\u00a0\u00bb\/international\/vladimir-poutine\/\\\u00a0\u00bb,\\\u00a0\u00bbtext\\\u00a0\u00bb:\\\u00a0\u00bbVladimir Poutine\\\u00a0\u00bb,\\\u00a0\u00bbsearchEnable\\\u00a0\u00bb:false,\\\u00a0\u00bbsearchPlaceholder\\\u00a0\u00bb:\\\u00a0\u00bb\\\u00a0\u00bb},{\\\u00a0\u00bburl\\\u00a0\u00bb:\\\u00a0\u00bb\/international\/ukraine\/\\\u00a0\u00bb,\\\u00a0\u00bbtext\\\u00a0\u00bb:\\\u00a0\u00bbToute l&rsquo;actu\\\u00a0\u00bb,\\\u00a0\u00bbsearchEnable\\\u00a0\u00bb:false,\\\u00a0\u00bbsearchPlaceholder\\\u00a0\u00bb:\\\u00a0\u00bb\\\u00a0\u00bb}]},{\\\u00a0\u00bbsectionId\\\u00a0\u00bb:\\\u00a0\u00bb\/sports\/formule-1\/\\\u00a0\u00bb,\\\u00a0\u00bbliveCollectionId\\\u00a0\u00bb:\\\u00a0\u00bb\\\u00a0\u00bb,\\\u00a0\u00bbliveUrl\\\u00a0\u00bb:\\\u00a0\u00bb\\\u00a0\u00bb,\\\u00a0\u00bbliveLabel\\\u00a0\u00bb:\\\u00a0\u00bb\\\u00a0\u00bb,\\\u00a0\u00bbshowLive\\\u00a0\u00bb:false,\\\u00a0\u00bbimage\\\u00a0\u00bb:\\\u00a0\u00bb\\\u00a0\u00bb,\\\u00a0\u00bbimageDark\\\u00a0\u00bb:\\\u00a0\u00bb\\\u00a0\u00bb,\\\u00a0\u00bbimageLink\\\u00a0\u00bb:\\\u00a0\u00bb\\\u00a0\u00bb,\\\u00a0\u00bbimageSizeMobile\\\u00a0\u00bb:\\\u00a0\u00bb\\\u00a0\u00bb,\\\u00a0\u00bbimageSizeTable\\\u00a0\u00bb:\\\u00a0\u00bb\\\u00a0\u00bb,\\\u00a0\u00bbimageSizeDesktop\\\u00a0\u00bb:\\\u00a0\u00bb\\\u00a0\u00bb,\\\u00a0\u00bbcontextLabel\\\u00a0\u00bb:\\\u00a0\u00bbFormule 1\\\u00a0\u00bb,\\\u00a0\u00bbcontextLink\\\u00a0\u00bb:\\\u00a0\u00bb\/sports\/formule-1\/\\\u00a0\u00bb,\\\u00a0\u00bbkeyword\\\u00a0\u00bb:\\\u00a0\u00bb\\\u00a0\u00bb,\\\u00a0\u00bbmetadata\\\u00a0\u00bb:\\\u00a0\u00bb\\\u00a0\u00bb,\\\u00a0\u00bblabel\\\u00a0\u00bb:\\\u00a0\u00bb\\\u00a0\u00bb,\\\u00a0\u00bblinks\\\u00a0\u00bb:[{\\\u00a0\u00bburl\\\u00a0\u00bb:\\\u00a0\u00bbhttps:\/\/www.leparisien.fr\/sports\/formule-1\/calendrier-resultats-saison-f1\/\\\u00a0\u00bb,\\\u00a0\u00bbtext\\\u00a0\u00bb:\\\u00a0\u00bbCalendrier 2025\\\u00a0\u00bb,\\\u00a0\u00bbsearchEnable\\\u00a0\u00bb:false,\\\u00a0\u00bbsearchPlaceholder\\\u00a0\u00bb:\\\u00a0\u00bb\\\u00a0\u00bb},{\\\u00a0\u00bburl\\\u00a0\u00bb:\\\u00a0\u00bbhttps:\/\/www.leparisien.fr\/sports\/formule-1\/classement-pilotes-f1\/\\\u00a0\u00bb,\\\u00a0\u00bbtext\\\u00a0\u00bb:\\\u00a0\u00bbClassement des pilotes\\\u00a0\u00bb,\\\u00a0\u00bbsearchEnable\\\u00a0\u00bb:false,\\\u00a0\u00bbsearchPlaceholder\\\u00a0\u00bb:\\\u00a0\u00bb\\\u00a0\u00bb},{\\\u00a0\u00bburl\\\u00a0\u00bb:\\\u00a0\u00bbhttps:\/\/www.leparisien.fr\/sports\/formule-1\/classement-constructeurs-f1\/\\\u00a0\u00bb,\\\u00a0\u00bbtext\\\u00a0\u00bb:\\\u00a0\u00bbClassement des constructeurs\\\u00a0\u00bb,\\\u00a0\u00bbsearchEnable\\\u00a0\u00bb:false,\\\u00a0\u00bbsearchPlaceholder\\\u00a0\u00bb:\\\u00a0\u00bb\\\u00a0\u00bb},{\\\u00a0\u00bburl\\\u00a0\u00bb:\\\u00a0\u00bbhttps:\/\/www.leparisien.fr\/sports\/formule-1\/formule-1-la-grille-complete-des-pilotes-engages-pour-la-saison-2025-avec-trois-francais-20-12-2024-PD6OIPIC25DE3CVAY5YJOIC43I.php\\\u00a0\u00bb,\\\u00a0\u00bbtext\\\u00a0\u00bb:\\\u00a0\u00bbGrille des pilotes\\\u00a0\u00bb,\\\u00a0\u00bbsearchEnable\\\u00a0\u00bb:false,\\\u00a0\u00bbsearchPlaceholder\\\u00a0\u00bb:\\\u00a0\u00bb\\\u00a0\u00bb}]},{\\\u00a0\u00bbsectionId\\\u00a0\u00bb:\\\u00a0\u00bb\/elections\/europeennes\/\\\u00a0\u00bb,\\\u00a0\u00bbliveCollectionId\\\u00a0\u00bb:\\\u00a0\u00bb\\\u00a0\u00bb,\\\u00a0\u00bbliveUrl\\\u00a0\u00bb:\\\u00a0\u00bb\\\u00a0\u00bb,\\\u00a0\u00bbliveLabel\\\u00a0\u00bb:\\\u00a0\u00bb\\\u00a0\u00bb,\\\u00a0\u00bbshowLive\\\u00a0\u00bb:false,\\\u00a0\u00bbimage\\\u00a0\u00bb:\\\u00a0\u00bb\\\u00a0\u00bb,\\\u00a0\u00bbimageDark\\\u00a0\u00bb:\\\u00a0\u00bb\\\u00a0\u00bb,\\\u00a0\u00bbimageLink\\\u00a0\u00bb:\\\u00a0\u00bb\\\u00a0\u00bb,\\\u00a0\u00bbimageSizeMobile\\\u00a0\u00bb:\\\u00a0\u00bb\\\u00a0\u00bb,\\\u00a0\u00bbimageSizeTable\\\u00a0\u00bb:\\\u00a0\u00bb\\\u00a0\u00bb,\\\u00a0\u00bbimageSizeDesktop\\\u00a0\u00bb:\\\u00a0\u00bb\\\u00a0\u00bb,\\\u00a0\u00bbcontextLabel\\\u00a0\u00bb:\\\u00a0\u00bbEurop\u00e9ennes 2024\\\u00a0\u00bb,\\\u00a0\u00bbcontextLink\\\u00a0\u00bb:\\\u00a0\u00bb\/elections\/europeennes\/\\\u00a0\u00bb,\\\u00a0\u00bbkeyword\\\u00a0\u00bb:\\\u00a0\u00bb\\\u00a0\u00bb,\\\u00a0\u00bbmetadata\\\u00a0\u00bb:\\\u00a0\u00bb\\\u00a0\u00bb,\\\u00a0\u00bblabel\\\u00a0\u00bb:\\\u00a0\u00bb\\\u00a0\u00bb,\\\u00a0\u00bblinks\\\u00a0\u00bb:[{\\\u00a0\u00bburl\\\u00a0\u00bb:\\\u00a0\u00bbhttps:\/\/www.leparisien.fr\/elections\/europeennes\/elections-europeennes-2024-decouvrez-comment-a-vote-votre-commune-09-06-2024-BXL5YEPYQ5HHDD5Y7MTJY3IXCE.php\\\u00a0\u00bb,\\\u00a0\u00bbtext\\\u00a0\u00bb:\\\u00a0\u00bbR\u00e9sultats par commune\\\u00a0\u00bb,\\\u00a0\u00bbsearchEnable\\\u00a0\u00bb:false,\\\u00a0\u00bbsearchPlaceholder\\\u00a0\u00bb:\\\u00a0\u00bb\\\u00a0\u00bb},{\\\u00a0\u00bburl\\\u00a0\u00bb:\\\u00a0\u00bbhttps:\/\/www.leparisien.fr\/elections\/europeennes\/elections-europeennes-2024-les-resultats-parti-par-parti-09-06-2024-BX7N5OPXPBEWNMFVQKLATJ4H7I.php\\\u00a0\u00bb,\\\u00a0\u00bbtext\\\u00a0\u00bb:\\\u00a0\u00bbR\u00e9sultats parti par parti\\\u00a0\u00bb,\\\u00a0\u00bbsearchEnable\\\u00a0\u00bb:false,\\\u00a0\u00bbsearchPlaceholder\\\u00a0\u00bb:\\\u00a0\u00bb\\\u00a0\u00bb},{\\\u00a0\u00bburl\\\u00a0\u00bb:\\\u00a0\u00bb\\\u00a0\u00bb,\\\u00a0\u00bbtext\\\u00a0\u00bb:\\\u00a0\u00bbCandidats t\u00eates de liste\\\u00a0\u00bb,\\\u00a0\u00bbsearchEnable\\\u00a0\u00bb:false,\\\u00a0\u00bbsearchPlaceholder\\\u00a0\u00bb:\\\u00a0\u00bb\\\u00a0\u00bb,\\\u00a0\u00bbchildren\\\u00a0\u00bb:[{\\\u00a0\u00bburl\\\u00a0\u00bb:\\\u00a0\u00bbhttps:\/\/www.leparisien.fr\/politique\/manon-aubry\/\\\u00a0\u00bb,\\\u00a0\u00bbtext\\\u00a0\u00bb:\\\u00a0\u00bbManon Aubry\\\u00a0\u00bb},{\\\u00a0\u00bburl\\\u00a0\u00bb:\\\u00a0\u00bbhttps:\/\/www.leparisien.fr\/politique\/jordan-bardella\/\\\u00a0\u00bb,\\\u00a0\u00bbtext\\\u00a0\u00bb:\\\u00a0\u00bbJordan Bardella\\\u00a0\u00bb},{\\\u00a0\u00bburl\\\u00a0\u00bb:\\\u00a0\u00bbhttps:\/\/www.leparisien.fr\/politique\/francois-xavier-bellamy\/\\\u00a0\u00bb,\\\u00a0\u00bbtext\\\u00a0\u00bb:\\\u00a0\u00bbFran\u00e7ois-Xavier Bellamy\\\u00a0\u00bb},{\\\u00a0\u00bburl\\\u00a0\u00bb:\\\u00a0\u00bbhttps:\/\/www.leparisien.fr\/politique\/raphael-glucksmann\/\\\u00a0\u00bb,\\\u00a0\u00bbtext\\\u00a0\u00bb:\\\u00a0\u00bbRapha\u00ebl Glucksmann\\\u00a0\u00bb},{\\\u00a0\u00bburl\\\u00a0\u00bb:\\\u00a0\u00bbhttps:\/\/www.leparisien.fr\/politique\/valerie-hayer\/\\\u00a0\u00bb,\\\u00a0\u00bbtext\\\u00a0\u00bb:\\\u00a0\u00bbVal\u00e9rie Hayer\\\u00a0\u00bb},{\\\u00a0\u00bburl\\\u00a0\u00bb:\\\u00a0\u00bbhttps:\/\/www.leparisien.fr\/politique\/marion-marechal\/\\\u00a0\u00bb,\\\u00a0\u00bbtext\\\u00a0\u00bb:\\\u00a0\u00bbMarion Mar\u00e9chal\\\u00a0\u00bb},{\\\u00a0\u00bburl\\\u00a0\u00bb:\\\u00a0\u00bbhttps:\/\/www.leparisien.fr\/politique\/marie-toussaint\/\\\u00a0\u00bb,\\\u00a0\u00bbtext\\\u00a0\u00bb:\\\u00a0\u00bbMarie Toussaint\\\u00a0\u00bb}]}]},{\\\u00a0\u00bbsectionId\\\u00a0\u00bb:\\\u00a0\u00bb\/elections\/legislatives\/\\\u00a0\u00bb,\\\u00a0\u00bbliveCollectionId\\\u00a0\u00bb:\\\u00a0\u00bb\\\u00a0\u00bb,\\\u00a0\u00bbliveUrl\\\u00a0\u00bb:\\\u00a0\u00bb\\\u00a0\u00bb,\\\u00a0\u00bbliveLabel\\\u00a0\u00bb:\\\u00a0\u00bb\\\u00a0\u00bb,\\\u00a0\u00bbshowLive\\\u00a0\u00bb:false,\\\u00a0\u00bbimage\\\u00a0\u00bb:\\\u00a0\u00bb\\\u00a0\u00bb,\\\u00a0\u00bbimageDark\\\u00a0\u00bb:\\\u00a0\u00bb\\\u00a0\u00bb,\\\u00a0\u00bbimageLink\\\u00a0\u00bb:\\\u00a0\u00bb\\\u00a0\u00bb,\\\u00a0\u00bbimageSizeMobile\\\u00a0\u00bb:\\\u00a0\u00bb\\\u00a0\u00bb,\\\u00a0\u00bbimageSizeTable\\\u00a0\u00bb:\\\u00a0\u00bb\\\u00a0\u00bb,\\\u00a0\u00bbimageSizeDesktop\\\u00a0\u00bb:\\\u00a0\u00bb\\\u00a0\u00bb,\\\u00a0\u00bbcontextLabel\\\u00a0\u00bb:\\\u00a0\u00bbL\u00e9gislatives 2024\\\u00a0\u00bb,\\\u00a0\u00bbcontextLink\\\u00a0\u00bb:\\\u00a0\u00bb\/elections\/legislatives\/\\\u00a0\u00bb,\\\u00a0\u00bbkeyword\\\u00a0\u00bb:\\\u00a0\u00bb\\\u00a0\u00bb,\\\u00a0\u00bbmetadata\\\u00a0\u00bb:\\\u00a0\u00bb\\\u00a0\u00bb,\\\u00a0\u00bblabel\\\u00a0\u00bb:\\\u00a0\u00bb\\\u00a0\u00bb,\\\u00a0\u00bblinks\\\u00a0\u00bb:[{\\\u00a0\u00bburl\\\u00a0\u00bb:\\\u00a0\u00bbhttps:\/\/www.leparisien.fr\/elections\/legislatives\/legislatives-2024-decouvrez-les-resultats-du-second-tour-dans-votre-circonscription-07-07-2024-OQAAR3P5NRDKFLBFBSZDMUIKUU.php\\\u00a0\u00bb,\\\u00a0\u00bbtext\\\u00a0\u00bb:\\\u00a0\u00bbR\u00e9sultats par circonscription\\\u00a0\u00bb,\\\u00a0\u00bbsearchEnable\\\u00a0\u00bb:false,\\\u00a0\u00bbsearchPlaceholder\\\u00a0\u00bb:\\\u00a0\u00bb\\\u00a0\u00bb},{\\\u00a0\u00bburl\\\u00a0\u00bb:\\\u00a0\u00bbhttps:\/\/www.leparisien.fr\/elections\/legislatives\/legislatives-2024-la-carte-de-france-des-resultats-du-second-tour-des-elections-en-temps-reel-07-07-2024-ZCBJ5PM3BJDJFHO5VSDZX2IL4Q.php\\\u00a0\u00bb,\\\u00a0\u00bbtext\\\u00a0\u00bb:\\\u00a0\u00bbCartes du second tour\\\u00a0\u00bb,\\\u00a0\u00bbsearchEnable\\\u00a0\u00bb:false,\\\u00a0\u00bbsearchPlaceholder\\\u00a0\u00bb:\\\u00a0\u00bb\\\u00a0\u00bb},{\\\u00a0\u00bburl\\\u00a0\u00bb:\\\u00a0\u00bbhttps:\/\/www.leparisien.fr\/resultats-elections\/\\\u00a0\u00bb,\\\u00a0\u00bbtext\\\u00a0\u00bb:\\\u00a0\u00bbTous les r\u00e9sultats\\\u00a0\u00bb,\\\u00a0\u00bbsearchEnable\\\u00a0\u00bb:false,\\\u00a0\u00bbsearchPlaceholder\\\u00a0\u00bb:\\\u00a0\u00bb\\\u00a0\u00bb}]},{\\\u00a0\u00bbsectionId\\\u00a0\u00bb:\\\u00a0\u00bb\/sports\/cyclisme\/tour-de-france\/\\\u00a0\u00bb,\\\u00a0\u00bbliveCollectionId\\\u00a0\u00bb:\\\u00a0\u00bb\\\u00a0\u00bb,\\\u00a0\u00bbliveUrl\\\u00a0\u00bb:\\\u00a0\u00bb\\\u00a0\u00bb,\\\u00a0\u00bbliveLabel\\\u00a0\u00bb:\\\u00a0\u00bb\\\u00a0\u00bb,\\\u00a0\u00bbshowLive\\\u00a0\u00bb:true,\\\u00a0\u00bbimage\\\u00a0\u00bb:\\\u00a0\u00bb\\\u00a0\u00bb,\\\u00a0\u00bbimageDark\\\u00a0\u00bb:\\\u00a0\u00bb\\\u00a0\u00bb,\\\u00a0\u00bbimageLink\\\u00a0\u00bb:\\\u00a0\u00bb\\\u00a0\u00bb,\\\u00a0\u00bbimageSizeMobile\\\u00a0\u00bb:\\\u00a0\u00bb\\\u00a0\u00bb,\\\u00a0\u00bbimageSizeTable\\\u00a0\u00bb:\\\u00a0\u00bb\\\u00a0\u00bb,\\\u00a0\u00bbimageSizeDesktop\\\u00a0\u00bb:\\\u00a0\u00bb\\\u00a0\u00bb,\\\u00a0\u00bbcontextLabel\\\u00a0\u00bb:\\\u00a0\u00bbTour de France 2026\\\u00a0\u00bb,\\\u00a0\u00bbcontextLink\\\u00a0\u00bb:\\\u00a0\u00bb\/sports\/cyclisme\/tour-de-france\/\\\u00a0\u00bb,\\\u00a0\u00bbkeyword\\\u00a0\u00bb:\\\u00a0\u00bb\\\u00a0\u00bb,\\\u00a0\u00bbmetadata\\\u00a0\u00bb:\\\u00a0\u00bb\\\u00a0\u00bb,\\\u00a0\u00bblabel\\\u00a0\u00bb:\\\u00a0\u00bb\\\u00a0\u00bb,\\\u00a0\u00bblinks\\\u00a0\u00bb:[{\\\u00a0\u00bburl\\\u00a0\u00bb:\\\u00a0\u00bbhttps:\/\/www.leparisien.fr\/sports\/cyclisme\/tour-de-france\/tour-de-france-2026-decouvrez-la-carte-officielle-du-parcours-avec-la-double-ascension-de-lalpe-dhuez-23-10-2025-P3XRAO6KUVGNVMWVNYZG3BN5JM.php\\\u00a0\u00bb,\\\u00a0\u00bbtext\\\u00a0\u00bb:\\\u00a0\u00bbParcours\\\u00a0\u00bb,\\\u00a0\u00bbsearchEnable\\\u00a0\u00bb:false,\\\u00a0\u00bbsearchPlaceholder\\\u00a0\u00bb:\\\u00a0\u00bb\\\u00a0\u00bb},{\\\u00a0\u00bburl\\\u00a0\u00bb:\\\u00a0\u00bbhttps:\/\/www.leparisien.fr\/sports\/cyclisme\/tadej-pogacar\/\\\u00a0\u00bb,\\\u00a0\u00bbtext\\\u00a0\u00bb:\\\u00a0\u00bbTadej Pogacar\\\u00a0\u00bb,\\\u00a0\u00bbsearchEnable\\\u00a0\u00bb:false,\\\u00a0\u00bbsearchPlaceholder\\\u00a0\u00bb:\\\u00a0\u00bb\\\u00a0\u00bb},{\\\u00a0\u00bburl\\\u00a0\u00bb:\\\u00a0\u00bbhttps:\/\/www.leparisien.fr\/sports\/cyclisme\/jonas-vingegaard\/\\\u00a0\u00bb,\\\u00a0\u00bbtext\\\u00a0\u00bb:\\\u00a0\u00bbJonas Vingegaard\\\u00a0\u00bb,\\\u00a0\u00bbsearchEnable\\\u00a0\u00bb:false,\\\u00a0\u00bbsearchPlaceholder\\\u00a0\u00bb:\\\u00a0\u00bb\\\u00a0\u00bb}]},{\\\u00a0\u00bbsectionId\\\u00a0\u00bb:\\\u00a0\u00bb\/jo-paralympiques-paris-2024\/\\\u00a0\u00bb,\\\u00a0\u00bbliveCollectionId\\\u00a0\u00bb:\\\u00a0\u00bb\\\u00a0\u00bb,\\\u00a0\u00bbliveUrl\\\u00a0\u00bb:\\\u00a0\u00bb\\\u00a0\u00bb,\\\u00a0\u00bbliveLabel\\\u00a0\u00bb:\\\u00a0\u00bb\\\u00a0\u00bb,\\\u00a0\u00bbshowLive\\\u00a0\u00bb:false,\\\u00a0\u00bbimage\\\u00a0\u00bb:\\\u00a0\u00bbhttps:\/\/assets.leparisien.fr\/website\/images\/homepage\/logo-jo-2024.svg\\\u00a0\u00bb,\\\u00a0\u00bbimageDark\\\u00a0\u00bb:\\\u00a0\u00bbhttps:\/\/assets.leparisien.fr\/website\/images\/homepage\/dark\/logo-jo-2024.png\\\u00a0\u00bb,\\\u00a0\u00bbimageLink\\\u00a0\u00bb:\\\u00a0\u00bb\\\u00a0\u00bb,\\\u00a0\u00bbimageSizeMobile\\\u00a0\u00bb:\\\u00a0\u00bb28X16\\\u00a0\u00bb,\\\u00a0\u00bbimageSizeTable\\\u00a0\u00bb:\\\u00a0\u00bb28X16\\\u00a0\u00bb,\\\u00a0\u00bbimageSizeDesktop\\\u00a0\u00bb:\\\u00a0\u00bb28X16\\\u00a0\u00bb,\\\u00a0\u00bbcontextLabel\\\u00a0\u00bb:\\\u00a0\u00bbJeux paralympiques 2024\\\u00a0\u00bb,\\\u00a0\u00bbcontextLink\\\u00a0\u00bb:\\\u00a0\u00bbhttps:\/\/www.leparisien.fr\/jo-paralympiques-paris-2024\/\\\u00a0\u00bb,\\\u00a0\u00bbkeyword\\\u00a0\u00bb:\\\u00a0\u00bb\\\u00a0\u00bb,\\\u00a0\u00bbmetadata\\\u00a0\u00bb:\\\u00a0\u00bb\\\u00a0\u00bb,\\\u00a0\u00bblabel\\\u00a0\u00bb:\\\u00a0\u00bb\\\u00a0\u00bb,\\\u00a0\u00bblinks\\\u00a0\u00bb:[{\\\u00a0\u00bburl\\\u00a0\u00bb:\\\u00a0\u00bbhttps:\/\/www.leparisien.fr\/jo-paralympiques-paris-2024\/tableau-des-medailles\/\\\u00a0\u00bb,\\\u00a0\u00bbtext\\\u00a0\u00bb:\\\u00a0\u00bbTableau des m\u00e9dailles\\\u00a0\u00bb,\\\u00a0\u00bbsearchEnable\\\u00a0\u00bb:false,\\\u00a0\u00bbsearchPlaceholder\\\u00a0\u00bb:\\\u00a0\u00bb\\\u00a0\u00bb},{\\\u00a0\u00bburl\\\u00a0\u00bb:\\\u00a0\u00bbhttps:\/\/www.leparisien.fr\/jo-paralympiques-paris-2024\/resultats\/\\\u00a0\u00bb,\\\u00a0\u00bbtext\\\u00a0\u00bb:\\\u00a0\u00bbR\u00e9sultats\\\u00a0\u00bb,\\\u00a0\u00bbsearchEnable\\\u00a0\u00bb:false,\\\u00a0\u00bbsearchPlaceholder\\\u00a0\u00bb:\\\u00a0\u00bb\\\u00a0\u00bb},{\\\u00a0\u00bburl\\\u00a0\u00bb:\\\u00a0\u00bbhttps:\/\/www.leparisien.fr\/jo-paris-2024\/equipe-de-france\/\\\u00a0\u00bb,\\\u00a0\u00bbtext\\\u00a0\u00bb:\\\u00a0\u00bb\u00c9quipe de France\\\u00a0\u00bb,\\\u00a0\u00bbsearchEnable\\\u00a0\u00bb:false,\\\u00a0\u00bbsearchPlaceholder\\\u00a0\u00bb:\\\u00a0\u00bb\\\u00a0\u00bb},{\\\u00a0\u00bburl\\\u00a0\u00bb:\\\u00a0\u00bbhttps:\/\/www.leparisien.fr\/jo-paris-2024\/videos\/\\\u00a0\u00bb,\\\u00a0\u00bbtext\\\u00a0\u00bb:\\\u00a0\u00bbVid\u00e9os\\\u00a0\u00bb,\\\u00a0\u00bbsearchEnable\\\u00a0\u00bb:false,\\\u00a0\u00bbsearchPlaceholder\\\u00a0\u00bb:\\\u00a0\u00bb\\\u00a0\u00bb},{\\\u00a0\u00bburl\\\u00a0\u00bb:\\\u00a0\u00bbhttps:\/\/www.leparisien.fr\/inscription-newsletter-jeux-olympiques\/\\\u00a0\u00bb,\\\u00a0\u00bbtext\\\u00a0\u00bb:\\\u00a0\u00bbNewsletter\\\u00a0\u00bb,\\\u00a0\u00bbsearchEnable\\\u00a0\u00bb:false,\\\u00a0\u00bbsearchPlaceholder\\\u00a0\u00bb:\\\u00a0\u00bb\\\u00a0\u00bb}]},{\\\u00a0\u00bbsectionId\\\u00a0\u00bb:\\\u00a0\u00bb\/international\/etats-unis\/\\\u00a0\u00bb,\\\u00a0\u00bbliveCollectionId\\\u00a0\u00bb:\\\u00a0\u00bb\\\u00a0\u00bb,\\\u00a0\u00bbliveUrl\\\u00a0\u00bb:\\\u00a0\u00bb\\\u00a0\u00bb,\\\u00a0\u00bbliveLabel\\\u00a0\u00bb:\\\u00a0\u00bb\\\u00a0\u00bb,\\\u00a0\u00bbshowLive\\\u00a0\u00bb:false,\\\u00a0\u00bbimage\\\u00a0\u00bb:\\\u00a0\u00bbhttps:\/\/assets.leparisien.fr\/website\/images\/homepage\/us-2024.svg\\\u00a0\u00bb,\\\u00a0\u00bbimageDark\\\u00a0\u00bb:\\\u00a0\u00bbhttps:\/\/assets.leparisien.fr\/website\/images\/homepage\/dark\/us-2024.png\\\u00a0\u00bb,\\\u00a0\u00bbimageLink\\\u00a0\u00bb:\\\u00a0\u00bb\\\u00a0\u00bb,\\\u00a0\u00bbimageSizeMobile\\\u00a0\u00bb:\\\u00a0\u00bb16&#215;16\\\u00a0\u00bb,\\\u00a0\u00bbimageSizeTable\\\u00a0\u00bb:\\\u00a0\u00bb16&#215;16\\\u00a0\u00bb,\\\u00a0\u00bbimageSizeDesktop\\\u00a0\u00bb:\\\u00a0\u00bb16&#215;16\\\u00a0\u00bb,\\\u00a0\u00bbcontextLabel\\\u00a0\u00bb:\\\u00a0\u00bb\u00c9tats-Unis\\\u00a0\u00bb,\\\u00a0\u00bbcontextLink\\\u00a0\u00bb:\\\u00a0\u00bb\/international\/etats-unis\/\\\u00a0\u00bb,\\\u00a0\u00bbkeyword\\\u00a0\u00bb:\\\u00a0\u00bb\\\u00a0\u00bb,\\\u00a0\u00bbmetadata\\\u00a0\u00bb:\\\u00a0\u00bb\\\u00a0\u00bb,\\\u00a0\u00bblabel\\\u00a0\u00bb:\\\u00a0\u00bb\\\u00a0\u00bb,\\\u00a0\u00bblinks\\\u00a0\u00bb:[{\\\u00a0\u00bburl\\\u00a0\u00bb:\\\u00a0\u00bbhttps:\/\/www.leparisien.fr\/international\/etats-unis\/donald-trump\/\\\u00a0\u00bb,\\\u00a0\u00bbtext\\\u00a0\u00bb:\\\u00a0\u00bbDonald Trump\\\u00a0\u00bb,\\\u00a0\u00bbsearchEnable\\\u00a0\u00bb:false,\\\u00a0\u00bbsearchPlaceholder\\\u00a0\u00bb:\\\u00a0\u00bb\\\u00a0\u00bb},{\\\u00a0\u00bburl\\\u00a0\u00bb:\\\u00a0\u00bbhttps:\/\/www.leparisien.fr\/international\/elon-musk\/\\\u00a0\u00bb,\\\u00a0\u00bbtext\\\u00a0\u00bb:\\\u00a0\u00bbElon Musk\\\u00a0\u00bb,\\\u00a0\u00bbsearchEnable\\\u00a0\u00bb:false,\\\u00a0\u00bbsearchPlaceholder\\\u00a0\u00bb:\\\u00a0\u00bb\\\u00a0\u00bb},{\\\u00a0\u00bburl\\\u00a0\u00bb:\\\u00a0\u00bbhttps:\/\/www.leparisien.fr\/international\/etats-unis\/\\\u00a0\u00bb,\\\u00a0\u00bbtext\\\u00a0\u00bb:\\\u00a0\u00bbToute l&rsquo;actu aux \u00c9tats-Unis\\\u00a0\u00bb,\\\u00a0\u00bbsearchEnable\\\u00a0\u00bb:false,\\\u00a0\u00bbsearchPlaceholder\\\u00a0\u00bb:\\\u00a0\u00bb\\\u00a0\u00bb}]},{\\\u00a0\u00bbsectionId\\\u00a0\u00bb:\\\u00a0\u00bb\/sports\/football\/ligue-des-champions\/\\\u00a0\u00bb,\\\u00a0\u00bbliveCollectionId\\\u00a0\u00bb:\\\u00a0\u00bb\\\u00a0\u00bb,\\\u00a0\u00bbliveUrl\\\u00a0\u00bb:\\\u00a0\u00bb\\\u00a0\u00bb,\\\u00a0\u00bbliveLabel\\\u00a0\u00bb:\\\u00a0\u00bb\\\u00a0\u00bb,\\\u00a0\u00bbshowLive\\\u00a0\u00bb:false,\\\u00a0\u00bbimage\\\u00a0\u00bb:\\\u00a0\u00bb\\\u00a0\u00bb,\\\u00a0\u00bbimageDark\\\u00a0\u00bb:\\\u00a0\u00bb\\\u00a0\u00bb,\\\u00a0\u00bbimageLink\\\u00a0\u00bb:\\\u00a0\u00bb\\\u00a0\u00bb,\\\u00a0\u00bbimageSizeMobile\\\u00a0\u00bb:\\\u00a0\u00bb\\\u00a0\u00bb,\\\u00a0\u00bbimageSizeTable\\\u00a0\u00bb:\\\u00a0\u00bb\\\u00a0\u00bb,\\\u00a0\u00bbimageSizeDesktop\\\u00a0\u00bb:\\\u00a0\u00bb\\\u00a0\u00bb,\\\u00a0\u00bbcontextLabel\\\u00a0\u00bb:\\\u00a0\u00bbLigue des champions\\\u00a0\u00bb,\\\u00a0\u00bbcontextLink\\\u00a0\u00bb:\\\u00a0\u00bb\/sports\/football\/ligue-des-champions\/\\\u00a0\u00bb,\\\u00a0\u00bbkeyword\\\u00a0\u00bb:\\\u00a0\u00bb\\\u00a0\u00bb,\\\u00a0\u00bbmetadata\\\u00a0\u00bb:\\\u00a0\u00bb\\\u00a0\u00bb,\\\u00a0\u00bblabel\\\u00a0\u00bb:\\\u00a0\u00bb\\\u00a0\u00bb,\\\u00a0\u00bblinks\\\u00a0\u00bb:[{\\\u00a0\u00bburl\\\u00a0\u00bb:\\\u00a0\u00bbhttps:\/\/www.leparisien.fr\/sports\/football\/ligue-des-champions\/calendrier-resultats\/\\\u00a0\u00bb,\\\u00a0\u00bbtext\\\u00a0\u00bb:\\\u00a0\u00bbCalendrier et r\u00e9sultats\\\u00a0\u00bb,\\\u00a0\u00bbsearchEnable\\\u00a0\u00bb:false,\\\u00a0\u00bbsearchPlaceholder\\\u00a0\u00bb:\\\u00a0\u00bb\\\u00a0\u00bb},{\\\u00a0\u00bburl\\\u00a0\u00bb:\\\u00a0\u00bbhttps:\/\/www.leparisien.fr\/sports\/football\/ligue-des-champions\/classement\/\\\u00a0\u00bb,\\\u00a0\u00bbtext\\\u00a0\u00bb:\\\u00a0\u00bbClassement\\\u00a0\u00bb,\\\u00a0\u00bbsearchEnable\\\u00a0\u00bb:false,\\\u00a0\u00bbsearchPlaceholder\\\u00a0\u00bb:\\\u00a0\u00bb\\\u00a0\u00bb},{\\\u00a0\u00bburl\\\u00a0\u00bb:\\\u00a0\u00bbhttps:\/\/www.leparisien.fr\/sports\/football\/psg\/\\\u00a0\u00bb,\\\u00a0\u00bbtext\\\u00a0\u00bb:\\\u00a0\u00bbPSG\\\u00a0\u00bb,\\\u00a0\u00bbsearchEnable\\\u00a0\u00bb:false,\\\u00a0\u00bbsearchPlaceholder\\\u00a0\u00bb:\\\u00a0\u00bb\\\u00a0\u00bb}]},{\\\u00a0\u00bbsectionId\\\u00a0\u00bb:\\\u00a0\u00bb\\\u00a0\u00bb,\\\u00a0\u00bbliveCollectionId\\\u00a0\u00bb:\\\u00a0\u00bb\\\u00a0\u00bb,\\\u00a0\u00bbliveUrl\\\u00a0\u00bb:\\\u00a0\u00bb\\\u00a0\u00bb,\\\u00a0\u00bbliveLabel\\\u00a0\u00bb:\\\u00a0\u00bb\\\u00a0\u00bb,\\\u00a0\u00bbshowLive\\\u00a0\u00bb:false,\\\u00a0\u00bbimage\\\u00a0\u00bb:\\\u00a0\u00bb\\\u00a0\u00bb,\\\u00a0\u00bbimageDark\\\u00a0\u00bb:\\\u00a0\u00bb\\\u00a0\u00bb,\\\u00a0\u00bbimageLink\\\u00a0\u00bb:\\\u00a0\u00bb\\\u00a0\u00bb,\\\u00a0\u00bbimageSizeMobile\\\u00a0\u00bb:\\\u00a0\u00bb\\\u00a0\u00bb,\\\u00a0\u00bbimageSizeTable\\\u00a0\u00bb:\\\u00a0\u00bb\\\u00a0\u00bb,\\\u00a0\u00bbimageSizeDesktop\\\u00a0\u00bb:\\\u00a0\u00bb\\\u00a0\u00bb,\\\u00a0\u00bbcontextLabel\\\u00a0\u00bb:\\\u00a0\u00bbNotre-Dame de Paris\\\u00a0\u00bb,\\\u00a0\u00bbcontextLink\\\u00a0\u00bb:\\\u00a0\u00bb\/paris-75\/notre-dame-de-paris\/\\\u00a0\u00bb,\\\u00a0\u00bbkeyword\\\u00a0\u00bb:\\\u00a0\u00bbNotre-Dame de Paris\\\u00a0\u00bb,\\\u00a0\u00bbmetadata\\\u00a0\u00bb:\\\u00a0\u00bb\\\u00a0\u00bb,\\\u00a0\u00bblabel\\\u00a0\u00bb:\\\u00a0\u00bb\\\u00a0\u00bb,\\\u00a0\u00bblinks\\\u00a0\u00bb:[{\\\u00a0\u00bburl\\\u00a0\u00bb:\\\u00a0\u00bb\/paris-75\/artisans-notre-dame-de-paris\/\\\u00a0\u00bb,\\\u00a0\u00bbtext\\\u00a0\u00bb:\\\u00a0\u00bbLes artisans de la reconstruction\\\u00a0\u00bb,\\\u00a0\u00bbsearchEnable\\\u00a0\u00bb:false,\\\u00a0\u00bbsearchPlaceholder\\\u00a0\u00bb:\\\u00a0\u00bb\\\u00a0\u00bb},{\\\u00a0\u00bburl\\\u00a0\u00bb:\\\u00a0\u00bb\/paris-75\/notre-dame-de-paris-avant-et-apres-lincendie-les-images-epoustouflantes-de-la-renaissance-de-la-cathedrale-30-11-2024-U4EJED4CBFGCJI3BGLGUWXGAUA.php\\\u00a0\u00bb,\\\u00a0\u00bbtext\\\u00a0\u00bb:\\\u00a0\u00bbLes images avant\/apr\u00e8s\\\u00a0\u00bb,\\\u00a0\u00bbsearchEnable\\\u00a0\u00bb:false,\\\u00a0\u00bbsearchPlaceholder\\\u00a0\u00bb:\\\u00a0\u00bb\\\u00a0\u00bb}]},{\\\u00a0\u00bbsectionId\\\u00a0\u00bb:\\\u00a0\u00bb\/sports\/tennis\/roland-garros\/\\\u00a0\u00bb,\\\u00a0\u00bbliveCollectionId\\\u00a0\u00bb:\\\u00a0\u00bb\\\u00a0\u00bb,\\\u00a0\u00bbliveUrl\\\u00a0\u00bb:\\\u00a0\u00bb\\\u00a0\u00bb,\\\u00a0\u00bbliveLabel\\\u00a0\u00bb:\\\u00a0\u00bb\\\u00a0\u00bb,\\\u00a0\u00bbshowLive\\\u00a0\u00bb:false,\\\u00a0\u00bbimage\\\u00a0\u00bb:\\\u00a0\u00bb\\\u00a0\u00bb,\\\u00a0\u00bbimageDark\\\u00a0\u00bb:\\\u00a0\u00bb\\\u00a0\u00bb,\\\u00a0\u00bbimageLink\\\u00a0\u00bb:\\\u00a0\u00bb\\\u00a0\u00bb,\\\u00a0\u00bbimageSizeMobile\\\u00a0\u00bb:\\\u00a0\u00bb\\\u00a0\u00bb,\\\u00a0\u00bbimageSizeTable\\\u00a0\u00bb:\\\u00a0\u00bb\\\u00a0\u00bb,\\\u00a0\u00bbimageSizeDesktop\\\u00a0\u00bb:\\\u00a0\u00bb\\\u00a0\u00bb,\\\u00a0\u00bbcontextLabel\\\u00a0\u00bb:\\\u00a0\u00bbRoland-Garros 2026\\\u00a0\u00bb,\\\u00a0\u00bbcontextLink\\\u00a0\u00bb:\\\u00a0\u00bb\/sports\/tennis\/roland-garros\/\\\u00a0\u00bb,\\\u00a0\u00bbkeyword\\\u00a0\u00bb:\\\u00a0\u00bb\\\u00a0\u00bb,\\\u00a0\u00bbmetadata\\\u00a0\u00bb:\\\u00a0\u00bb\\\u00a0\u00bb,\\\u00a0\u00bblabel\\\u00a0\u00bb:\\\u00a0\u00bb\\\u00a0\u00bb,\\\u00a0\u00bblinks\\\u00a0\u00bb:[{\\\u00a0\u00bburl\\\u00a0\u00bb:\\\u00a0\u00bb\/sports\/tennis\/carlos-alcaraz\/\\\u00a0\u00bb,\\\u00a0\u00bbtext\\\u00a0\u00bb:\\\u00a0\u00bbCarlos Alcaraz\\\u00a0\u00bb,\\\u00a0\u00bbsearchEnable\\\u00a0\u00bb:false,\\\u00a0\u00bbsearchPlaceholder\\\u00a0\u00bb:\\\u00a0\u00bb\\\u00a0\u00bb},{\\\u00a0\u00bburl\\\u00a0\u00bb:\\\u00a0\u00bb\/sports\/tennis\/jannik-sinner\/\\\u00a0\u00bb,\\\u00a0\u00bbtext\\\u00a0\u00bb:\\\u00a0\u00bbJannik Sinner\\\u00a0\u00bb,\\\u00a0\u00bbsearchEnable\\\u00a0\u00bb:false,\\\u00a0\u00bbsearchPlaceholder\\\u00a0\u00bb:\\\u00a0\u00bb\\\u00a0\u00bb},{\\\u00a0\u00bburl\\\u00a0\u00bb:\\\u00a0\u00bb\/sports\/tennis\/novak-djokovic\/\\\u00a0\u00bb,\\\u00a0\u00bbtext\\\u00a0\u00bb:\\\u00a0\u00bbNovak Djokovic\\\u00a0\u00bb,\\\u00a0\u00bbsearchEnable\\\u00a0\u00bb:false,\\\u00a0\u00bbsearchPlaceholder\\\u00a0\u00bb:\\\u00a0\u00bb\\\u00a0\u00bb},{\\\u00a0\u00bburl\\\u00a0\u00bb:\\\u00a0\u00bb\/sports\/tennis\/aryna-sabalenka\/\\\u00a0\u00bb,\\\u00a0\u00bbtext\\\u00a0\u00bb:\\\u00a0\u00bbAryna Sabalenka\\\u00a0\u00bb,\\\u00a0\u00bbsearchEnable\\\u00a0\u00bb:false,\\\u00a0\u00bbsearchPlaceholder\\\u00a0\u00bb:\\\u00a0\u00bb\\\u00a0\u00bb}]},{\\\u00a0\u00bbsectionId\\\u00a0\u00bb:\\\u00a0\u00bb\/sports\/football\/coupe-du-monde-des-clubs\/\\\u00a0\u00bb,\\\u00a0\u00bbliveCollectionId\\\u00a0\u00bb:\\\u00a0\u00bb\\\u00a0\u00bb,\\\u00a0\u00bbliveUrl\\\u00a0\u00bb:\\\u00a0\u00bb\\\u00a0\u00bb,\\\u00a0\u00bbliveLabel\\\u00a0\u00bb:\\\u00a0\u00bb\\\u00a0\u00bb,\\\u00a0\u00bbshowLive\\\u00a0\u00bb:false,\\\u00a0\u00bbimage\\\u00a0\u00bb:\\\u00a0\u00bb\\\u00a0\u00bb,\\\u00a0\u00bbimageDark\\\u00a0\u00bb:\\\u00a0\u00bb\\\u00a0\u00bb,\\\u00a0\u00bbimageLink\\\u00a0\u00bb:\\\u00a0\u00bb\\\u00a0\u00bb,\\\u00a0\u00bbimageSizeMobile\\\u00a0\u00bb:\\\u00a0\u00bb\\\u00a0\u00bb,\\\u00a0\u00bbimageSizeTable\\\u00a0\u00bb:\\\u00a0\u00bb\\\u00a0\u00bb,\\\u00a0\u00bbimageSizeDesktop\\\u00a0\u00bb:\\\u00a0\u00bb\\\u00a0\u00bb,\\\u00a0\u00bbcontextLabel\\\u00a0\u00bb:\\\u00a0\u00bbCoupe du monde des clubs 2025\\\u00a0\u00bb,\\\u00a0\u00bbcontextLink\\\u00a0\u00bb:\\\u00a0\u00bb\/sports\/football\/coupe-du-monde-des-clubs\/\\\u00a0\u00bb,\\\u00a0\u00bbkeyword\\\u00a0\u00bb:\\\u00a0\u00bb\\\u00a0\u00bb,\\\u00a0\u00bbmetadata\\\u00a0\u00bb:\\\u00a0\u00bb\\\u00a0\u00bb,\\\u00a0\u00bblabel\\\u00a0\u00bb:\\\u00a0\u00bb\\\u00a0\u00bb,\\\u00a0\u00bblinks\\\u00a0\u00bb:[{\\\u00a0\u00bburl\\\u00a0\u00bb:\\\u00a0\u00bbhttps:\/\/www.leparisien.fr\/sports\/football\/coupe-du-monde-des-clubs\/calendrier-resultats\/\\\u00a0\u00bb,\\\u00a0\u00bbtext\\\u00a0\u00bb:\\\u00a0\u00bbCalendrier et r\u00e9sultats\\\u00a0\u00bb,\\\u00a0\u00bbsearchEnable\\\u00a0\u00bb:false,\\\u00a0\u00bbsearchPlaceholder\\\u00a0\u00bb:\\\u00a0\u00bb\\\u00a0\u00bb},{\\\u00a0\u00bburl\\\u00a0\u00bb:\\\u00a0\u00bbhttps:\/\/www.leparisien.fr\/sports\/football\/coupe-du-monde-des-clubs\/classement\/\\\u00a0\u00bb,\\\u00a0\u00bbtext\\\u00a0\u00bb:\\\u00a0\u00bbClassement\\\u00a0\u00bb,\\\u00a0\u00bbsearchEnable\\\u00a0\u00bb:false,\\\u00a0\u00bbsearchPlaceholder\\\u00a0\u00bb:\\\u00a0\u00bb\\\u00a0\u00bb},{\\\u00a0\u00bburl\\\u00a0\u00bb:\\\u00a0\u00bbhttps:\/\/www.leparisien.fr\/sports\/football\/psg\/\\\u00a0\u00bb,\\\u00a0\u00bbtext\\\u00a0\u00bb:\\\u00a0\u00bbPSG\\\u00a0\u00bb,\\\u00a0\u00bbsearchEnable\\\u00a0\u00bb:false,\\\u00a0\u00bbsearchPlaceholder\\\u00a0\u00bb:\\\u00a0\u00bb\\\u00a0\u00bb}]},{\\\u00a0\u00bbsectionId\\\u00a0\u00bb:\\\u00a0\u00bb\/sports\/cyclisme\/tour-de-france-feminin\/\\\u00a0\u00bb,\\\u00a0\u00bbliveCollectionId\\\u00a0\u00bb:\\\u00a0\u00bb\\\u00a0\u00bb,\\\u00a0\u00bbliveUrl\\\u00a0\u00bb:\\\u00a0\u00bb\\\u00a0\u00bb,\\\u00a0\u00bbliveLabel\\\u00a0\u00bb:\\\u00a0\u00bb\\\u00a0\u00bb,\\\u00a0\u00bbshowLive\\\u00a0\u00bb:true,\\\u00a0\u00bbimage\\\u00a0\u00bb:\\\u00a0\u00bb\\\u00a0\u00bb,\\\u00a0\u00bbimageDark\\\u00a0\u00bb:\\\u00a0\u00bb\\\u00a0\u00bb,\\\u00a0\u00bbimageLink\\\u00a0\u00bb:\\\u00a0\u00bb\\\u00a0\u00bb,\\\u00a0\u00bbimageSizeMobile\\\u00a0\u00bb:\\\u00a0\u00bb\\\u00a0\u00bb,\\\u00a0\u00bbimageSizeTable\\\u00a0\u00bb:\\\u00a0\u00bb\\\u00a0\u00bb,\\\u00a0\u00bbimageSizeDesktop\\\u00a0\u00bb:\\\u00a0\u00bb\\\u00a0\u00bb,\\\u00a0\u00bbcontextLabel\\\u00a0\u00bb:\\\u00a0\u00bbTour de Frances femmes 2026\\\u00a0\u00bb,\\\u00a0\u00bbcontextLink\\\u00a0\u00bb:\\\u00a0\u00bb\/sports\/cyclisme\/tour-de-france-feminin\/\\\u00a0\u00bb,\\\u00a0\u00bbkeyword\\\u00a0\u00bb:\\\u00a0\u00bb\\\u00a0\u00bb,\\\u00a0\u00bbmetadata\\\u00a0\u00bb:\\\u00a0\u00bb\\\u00a0\u00bb,\\\u00a0\u00bblabel\\\u00a0\u00bb:\\\u00a0\u00bb\\\u00a0\u00bb,\\\u00a0\u00bblinks\\\u00a0\u00bb:[{\\\u00a0\u00bburl\\\u00a0\u00bb:\\\u00a0\u00bbhttps:\/\/www.leparisien.fr\/sports\/cyclisme\/tour-de-france-feminin\/tour-de-france-femmes-decouvrez-le-parcours-officiel-de-ledition-2026-avec-le-mythique-mont-ventoux-23-10-2025-35IH7H3QHVHN5LD6GK5BKCGU2A.php\\\u00a0\u00bb,\\\u00a0\u00bbtext\\\u00a0\u00bb:\\\u00a0\u00bbParcours\\\u00a0\u00bb,\\\u00a0\u00bbsearchEnable\\\u00a0\u00bb:false,\\\u00a0\u00bbsearchPlaceholder\\\u00a0\u00bb:\\\u00a0\u00bb\\\u00a0\u00bb},{\\\u00a0\u00bburl\\\u00a0\u00bb:\\\u00a0\u00bbhttps:\/\/www.leparisien.fr\/sports\/cyclisme\/pauline-ferrand-prevot\/\\\u00a0\u00bb,\\\u00a0\u00bbtext\\\u00a0\u00bb:\\\u00a0\u00bbPauline Ferrand-Pr\u00e9vot\\\u00a0\u00bb,\\\u00a0\u00bbsearchEnable\\\u00a0\u00bb:false,\\\u00a0\u00bbsearchPlaceholder\\\u00a0\u00bb:\\\u00a0\u00bb\\\u00a0\u00bb}]},{\\\u00a0\u00bbsectionId\\\u00a0\u00bb:\\\u00a0\u00bb\/elections\/municipales\/\\\u00a0\u00bb,\\\u00a0\u00bbliveCollectionId\\\u00a0\u00bb:\\\u00a0\u00bb\\\u00a0\u00bb,\\\u00a0\u00bbliveUrl\\\u00a0\u00bb:\\\u00a0\u00bb\\\u00a0\u00bb,\\\u00a0\u00bbliveLabel\\\u00a0\u00bb:\\\u00a0\u00bb\\\u00a0\u00bb,\\\u00a0\u00bbshowLive\\\u00a0\u00bb:false,\\\u00a0\u00bbimage\\\u00a0\u00bb:\\\u00a0\u00bbhttps:\/\/assets.leparisien.fr\/website\/images\/section\/logo-municipales.svg\\\u00a0\u00bb,\\\u00a0\u00bbimageDark\\\u00a0\u00bb:\\\u00a0\u00bb\\\u00a0\u00bb,\\\u00a0\u00bbimageLink\\\u00a0\u00bb:\\\u00a0\u00bb\\\u00a0\u00bb,\\\u00a0\u00bbimageSizeMobile\\\u00a0\u00bb:\\\u00a0\u00bb20&#215;20\\\u00a0\u00bb,\\\u00a0\u00bbimageSizeTable\\\u00a0\u00bb:\\\u00a0\u00bb20&#215;20\\\u00a0\u00bb,\\\u00a0\u00bbimageSizeDesktop\\\u00a0\u00bb:\\\u00a0\u00bb20&#215;20\\\u00a0\u00bb,\\\u00a0\u00bbcontextLabel\\\u00a0\u00bb:\\\u00a0\u00bbMunicipales 2026\\\u00a0\u00bb,\\\u00a0\u00bbcontextLink\\\u00a0\u00bb:\\\u00a0\u00bb\/elections\/municipales\/\\\u00a0\u00bb,\\\u00a0\u00bbkeyword\\\u00a0\u00bb:\\\u00a0\u00bb\\\u00a0\u00bb,\\\u00a0\u00bbmetadata\\\u00a0\u00bb:\\\u00a0\u00bb\\\u00a0\u00bb,\\\u00a0\u00bblabel\\\u00a0\u00bb:\\\u00a0\u00bb\\\u00a0\u00bb,\\\u00a0\u00bblinks\\\u00a0\u00bb:[{\\\u00a0\u00bburl\\\u00a0\u00bb:\\\u00a0\u00bbhttps:\/\/www.leparisien.fr\/elections\/municipales\/sondages\/\\\u00a0\u00bb,\\\u00a0\u00bbtext\\\u00a0\u00bb:\\\u00a0\u00bbSondages\\\u00a0\u00bb,\\\u00a0\u00bbsearchEnable\\\u00a0\u00bb:false,\\\u00a0\u00bbsearchPlaceholder\\\u00a0\u00bb:\\\u00a0\u00bb\\\u00a0\u00bb},{\\\u00a0\u00bburl\\\u00a0\u00bb:\\\u00a0\u00bbhttps:\/\/www.leparisien.fr\/elections\/municipales\/municipales-paris\/\\\u00a0\u00bb,\\\u00a0\u00bbtext\\\u00a0\u00bb:\\\u00a0\u00bbParis\\\u00a0\u00bb,\\\u00a0\u00bbsearchEnable\\\u00a0\u00bb:false,\\\u00a0\u00bbsearchPlaceholder\\\u00a0\u00bb:\\\u00a0\u00bb\\\u00a0\u00bb},{\\\u00a0\u00bburl\\\u00a0\u00bb:\\\u00a0\u00bbhttps:\/\/www.leparisien.fr\/elections\/municipales\/lyon\/\\\u00a0\u00bb,\\\u00a0\u00bbtext\\\u00a0\u00bb:\\\u00a0\u00bbLyon\\\u00a0\u00bb,\\\u00a0\u00bbsearchEnable\\\u00a0\u00bb:false,\\\u00a0\u00bbsearchPlaceholder\\\u00a0\u00bb:\\\u00a0\u00bb\\\u00a0\u00bb},{\\\u00a0\u00bburl\\\u00a0\u00bb:\\\u00a0\u00bbhttps:\/\/www.leparisien.fr\/elections\/municipales\/marseille\/\\\u00a0\u00bb,\\\u00a0\u00bbtext\\\u00a0\u00bb:\\\u00a0\u00bbMarseille\\\u00a0\u00bb,\\\u00a0\u00bbsearchEnable\\\u00a0\u00bb:false,\\\u00a0\u00bbsearchPlaceholder\\\u00a0\u00bb:\\\u00a0\u00bb\\\u00a0\u00bb},{\\\u00a0\u00bburl\\\u00a0\u00bb:\\\u00a0\u00bbhttps:\/\/www.leparisien.fr\/resultats-elections\/\\\u00a0\u00bb,\\\u00a0\u00bbtext\\\u00a0\u00bb:\\\u00a0\u00bbR\u00e9sultats\\\u00a0\u00bb,\\\u00a0\u00bbsearchEnable\\\u00a0\u00bb:false,\\\u00a0\u00bbsearchPlaceholder\\\u00a0\u00bb:\\\u00a0\u00bb\\\u00a0\u00bb}]}]\u00a0\u00bb,\u00a0\u00bbencartAboTitle\u00a0\u00bb:\u00a0\u00bbOffre Solo\u00a0\u00bb,\u00a0\u00bbencartAboText\u00a0\u00bb:\u00a0\u00bb1\u20ac pendant 2 mois\u00a0\u00bb,\u00a0\u00bbencartAboBtnLabel\u00a0\u00bb:\u00a0\u00bbS\u2019abonner\u00a0\u00bb,\u00a0\u00bblogoConfig\u00a0\u00bb:\u00a0\u00bb[{\\\u00a0\u00bbsection\\\u00a0\u00bb:\\\u00a0\u00bb\/jo-paris-2024\\\u00a0\u00bb,\\\u00a0\u00bburl\\\u00a0\u00bb:\\\u00a0\u00bbhttps:\/\/assets.leparisien.fr\/website\/images\/homepage\/logo-jo-2024.svg\\\u00a0\u00bb,\\\u00a0\u00bbwidth\\\u00a0\u00bb:\\\u00a0\u00bb28\\\u00a0\u00bb,\\\u00a0\u00bbheight\\\u00a0\u00bb:\\\u00a0\u00bb16\\\u00a0\u00bb},{\\\u00a0\u00bbsection\\\u00a0\u00bb:\\\u00a0\u00bb\/jo-paralympiques-paris-2024\\\u00a0\u00bb,\\\u00a0\u00bburl\\\u00a0\u00bb:\\\u00a0\u00bbhttps:\/\/assets.leparisien.fr\/website\/images\/homepage\/logo-jo-2024.svg\\\u00a0\u00bb,\\\u00a0\u00bbwidth\\\u00a0\u00bb:\\\u00a0\u00bb28\\\u00a0\u00bb,\\\u00a0\u00bbheight\\\u00a0\u00bb:\\\u00a0\u00bb16\\\u00a0\u00bb}]\u00a0\u00bb},\u00a0\u00bbdisplayProperties\u00a0\u00bb:{},\u00a0\u00bblocalEdits\u00a0\u00bb:{},\u00a0\u00bbvariants\u00a0\u00bb:{}}},{\u00ab\u00a0collection\u00a0\u00bb:\u00a0\u00bbfeatures\u00a0\u00bb,\u00a0\u00bbtype\u00a0\u00bb:\u00a0\u00bbglobal\/GenericAds\u00a0\u00bb,\u00a0\u00bbprops\u00a0\u00bb:{\u00ab\u00a0collection\u00a0\u00bb:\u00a0\u00bbfeatures\u00a0\u00bb,\u00a0\u00bbtype\u00a0\u00bb:\u00a0\u00bbglobal\/GenericAds\u00a0\u00bb,\u00a0\u00bbid\u00a0\u00bb:\u00a0\u00bbf0fz2RpBkdcw2v2&Prime;,\u00a0\u00bbname\u00a0\u00bb:\u00a0\u00bbglobal GenericAds\u00a0\u00bb,\u00a0\u00bbcontentConfig\u00a0\u00bb:{\u00ab\u00a0contentService\u00a0\u00bb:\u00a0\u00bb\u00a0\u00bb,\u00a0\u00bbcontentConfigValues\u00a0\u00bb:{},\u00a0\u00bbinherit\u00a0\u00bb:true},\u00a0\u00bbcustomFields\u00a0\u00bb:{\u00ab\u00a0device\u00a0\u00bb:\u00a0\u00bball-devices\u00a0\u00bb,\u00a0\u00bbadType\u00a0\u00bb:\u00a0\u00bbbanniere-1&Prime;,\u00a0\u00bbfillBackground\u00a0\u00bb:true,\u00a0\u00bbenableMinHeight\u00a0\u00bb:true},\u00a0\u00bbdisplayProperties\u00a0\u00bb:{},\u00a0\u00bblocalEdits\u00a0\u00bb:{},\u00a0\u00bbvariants\u00a0\u00bb:{}}},{\u00ab\u00a0collection\u00a0\u00bb:\u00a0\u00bbfeatures\u00a0\u00bb,\u00a0\u00bbtype\u00a0\u00bb:\u00a0\u00bbglobal\/GlobalCustomModal\u00a0\u00bb,\u00a0\u00bbprops\u00a0\u00bb:{\u00ab\u00a0collection\u00a0\u00bb:\u00a0\u00bbfeatures\u00a0\u00bb,\u00a0\u00bbtype\u00a0\u00bb:\u00a0\u00bbglobal\/GlobalCustomModal\u00a0\u00bb,\u00a0\u00bbid\u00a0\u00bb:\u00a0\u00bbf0fucmCTBsqo5ke\u00a0\u00bb,\u00a0\u00bbname\u00a0\u00bb:\u00a0\u00bbglobal GlobalCustomModal\u00a0\u00bb,\u00a0\u00bbcontentConfig\u00a0\u00bb:{\u00ab\u00a0contentService\u00a0\u00bb:\u00a0\u00bb\u00a0\u00bb,\u00a0\u00bbcontentConfigValues\u00a0\u00bb:{},\u00a0\u00bbinherit\u00a0\u00bb:true},\u00a0\u00bbcustomFields\u00a0\u00bb:{},\u00a0\u00bbdisplayProperties\u00a0\u00bb:{},\u00a0\u00bblocalEdits\u00a0\u00bb:{},\u00a0\u00bbvariants\u00a0\u00bb:{}}}]},{\u00ab\u00a0collection\u00a0\u00bb:\u00a0\u00bbsections\u00a0\u00bb,\u00a0\u00bbprops\u00a0\u00bb:{\u00ab\u00a0collection\u00a0\u00bb:\u00a0\u00bbsections\u00a0\u00bb,\u00a0\u00bbid\u00a0\u00bb:1},\u00a0\u00bbchildren\u00a0\u00bb:[{\u00ab\u00a0collection\u00a0\u00bb:\u00a0\u00bbfeatures\u00a0\u00bb,\u00a0\u00bbtype\u00a0\u00bb:\u00a0\u00bbArticle\/Breadcrumb\u00a0\u00bb,\u00a0\u00bbprops\u00a0\u00bb:{\u00ab\u00a0collection\u00a0\u00bb:\u00a0\u00bbfeatures\u00a0\u00bb,\u00a0\u00bbtype\u00a0\u00bb:\u00a0\u00bbArticle\/Breadcrumb\u00a0\u00bb,\u00a0\u00bbid\u00a0\u00bb:\u00a0\u00bbf0ff0Vy719g08y2&Prime;,\u00a0\u00bbname\u00a0\u00bb:\u00a0\u00bbArticle Breadcrumb\u00a0\u00bb,\u00a0\u00bbcontentConfig\u00a0\u00bb:{\u00ab\u00a0contentService\u00a0\u00bb:\u00a0\u00bb\u00a0\u00bb,\u00a0\u00bbcontentConfigValues\u00a0\u00bb:{},\u00a0\u00bbinherit\u00a0\u00bb:true},\u00a0\u00bbcustomFields\u00a0\u00bb:{\u00ab\u00a0showProfilTag\u00a0\u00bb:false},\u00a0\u00bbdisplayProperties\u00a0\u00bb:{},\u00a0\u00bblocalEdits\u00a0\u00bb:{},\u00a0\u00bbvariants\u00a0\u00bb:{}}},{\u00ab\u00a0collection\u00a0\u00bb:\u00a0\u00bbfeatures\u00a0\u00bb,\u00a0\u00bbtype\u00a0\u00bb:\u00a0\u00bbArticle\/header\u00a0\u00bb,\u00a0\u00bbprops\u00a0\u00bb:{\u00ab\u00a0collection\u00a0\u00bb:\u00a0\u00bbfeatures\u00a0\u00bb,\u00a0\u00bbtype\u00a0\u00bb:\u00a0\u00bbArticle\/header\u00a0\u00bb,\u00a0\u00bbid\u00a0\u00bb:\u00a0\u00bb0fheITrD8rs\u00a0\u00bb,\u00a0\u00bbcontentConfig\u00a0\u00bb:{\u00ab\u00a0contentService\u00a0\u00bb:\u00a0\u00bb\u00a0\u00bb,\u00a0\u00bbcontentConfigValues\u00a0\u00bb:{},\u00a0\u00bbinherit\u00a0\u00bb:false},\u00a0\u00bbcustomFields\u00a0\u00bb:{},\u00a0\u00bbdisplayProperties\u00a0\u00bb:{},\u00a0\u00bblocalEdits\u00a0\u00bb:{},\u00a0\u00bbvariants\u00a0\u00bb:{}}},{\u00ab\u00a0collection\u00a0\u00bb:\u00a0\u00bbfeatures\u00a0\u00bb,\u00a0\u00bbtype\u00a0\u00bb:\u00a0\u00bbArticle\/PremiumBar\u00a0\u00bb,\u00a0\u00bbprops\u00a0\u00bb:{\u00ab\u00a0collection\u00a0\u00bb:\u00a0\u00bbfeatures\u00a0\u00bb,\u00a0\u00bbtype\u00a0\u00bb:\u00a0\u00bbArticle\/PremiumBar\u00a0\u00bb,\u00a0\u00bbid\u00a0\u00bb:\u00a0\u00bbf0fnt6ZqhlPht8&Prime;,\u00a0\u00bbname\u00a0\u00bb:\u00a0\u00bbArticle PremiumBar\u00a0\u00bb,\u00a0\u00bbcontentConfig\u00a0\u00bb:{\u00ab\u00a0contentService\u00a0\u00bb:\u00a0\u00bb\u00a0\u00bb,\u00a0\u00bbcontentConfigValues\u00a0\u00bb:{},\u00a0\u00bbinherit\u00a0\u00bb:true},\u00a0\u00bbcustomFields\u00a0\u00bb:{\u00ab\u00a0nonSubscriberText\u00a0\u00bb:\u00a0\u00bbCet article est r\u00e9serv\u00e9 aux abonn\u00e9s.\u00a0\u00bb,\u00a0\u00bbsubscriberText\u00a0\u00bb:\u00a0\u00bbVotre abonnement vous permet d\u2019acc\u00e9der \u00e0 cet article.\u00a0\u00bb},\u00a0\u00bbdisplayProperties\u00a0\u00bb:{},\u00a0\u00bblocalEdits\u00a0\u00bb:{},\u00a0\u00bbvariants\u00a0\u00bb:{}}}]},{\u00ab\u00a0collection\u00a0\u00bb:\u00a0\u00bbsections\u00a0\u00bb,\u00a0\u00bbprops\u00a0\u00bb:{\u00ab\u00a0collection\u00a0\u00bb:\u00a0\u00bbsections\u00a0\u00bb,\u00a0\u00bbid\u00a0\u00bb:2},\u00a0\u00bbchildren\u00a0\u00bb:[{\u00ab\u00a0collection\u00a0\u00bb:\u00a0\u00bbfeatures\u00a0\u00bb,\u00a0\u00bbtype\u00a0\u00bb:\u00a0\u00bbArticle\/LeadArt\u00a0\u00bb,\u00a0\u00bbprops\u00a0\u00bb:{\u00ab\u00a0collection\u00a0\u00bb:\u00a0\u00bbfeatures\u00a0\u00bb,\u00a0\u00bbtype\u00a0\u00bb:\u00a0\u00bbArticle\/LeadArt\u00a0\u00bb,\u00a0\u00bbid\u00a0\u00bb:\u00a0\u00bb0fJwZntD8rG\u00a0\u00bb,\u00a0\u00bbcontentConfig\u00a0\u00bb:{\u00ab\u00a0contentService\u00a0\u00bb:\u00a0\u00bb\u00a0\u00bb,\u00a0\u00bbcontentConfigValues\u00a0\u00bb:{},\u00a0\u00bbinherit\u00a0\u00bb:false},\u00a0\u00bbcustomFields\u00a0\u00bb:{},\u00a0\u00bbdisplayProperties\u00a0\u00bb:{},\u00a0\u00bblocalEdits\u00a0\u00bb:{},\u00a0\u00bbvariants\u00a0\u00bb:{}}}]},{\u00ab\u00a0collection\u00a0\u00bb:\u00a0\u00bbsections\u00a0\u00bb,\u00a0\u00bbprops\u00a0\u00bb:{\u00ab\u00a0collection\u00a0\u00bb:\u00a0\u00bbsections\u00a0\u00bb,\u00a0\u00bbid\u00a0\u00bb:3},\u00a0\u00bbchildren\u00a0\u00bb:[{\u00ab\u00a0collection\u00a0\u00bb:\u00a0\u00bbfeatures\u00a0\u00bb,\u00a0\u00bbtype\u00a0\u00bb:\u00a0\u00bbglobal\/GenericAds\u00a0\u00bb,\u00a0\u00bbprops\u00a0\u00bb:{\u00ab\u00a0collection\u00a0\u00bb:\u00a0\u00bbfeatures\u00a0\u00bb,\u00a0\u00bbtype\u00a0\u00bb:\u00a0\u00bbglobal\/GenericAds\u00a0\u00bb,\u00a0\u00bbid\u00a0\u00bb:\u00a0\u00bbf0fFt3yFVmaA1Bj\u00a0\u00bb,\u00a0\u00bbname\u00a0\u00bb:\u00a0\u00bbglobal GenericAds\u00a0\u00bb,\u00a0\u00bbcontentConfig\u00a0\u00bb:{\u00ab\u00a0contentService\u00a0\u00bb:\u00a0\u00bb\u00a0\u00bb,\u00a0\u00bbcontentConfigValues\u00a0\u00bb:{},\u00a0\u00bbinherit\u00a0\u00bb:true},\u00a0\u00bbcustomFields\u00a0\u00bb:{\u00ab\u00a0device\u00a0\u00bb:\u00a0\u00bbdesktop\u00a0\u00bb,\u00a0\u00bbadType\u00a0\u00bb:\u00a0\u00bbpave-1&Prime;,\u00a0\u00bbisSticky\u00a0\u00bb:true},\u00a0\u00bbdisplayProperties\u00a0\u00bb:{},\u00a0\u00bblocalEdits\u00a0\u00bb:{},\u00a0\u00bbvariants\u00a0\u00bb:{}}}]},{\u00ab\u00a0collection\u00a0\u00bb:\u00a0\u00bbsections\u00a0\u00bb,\u00a0\u00bbprops\u00a0\u00bb:{\u00ab\u00a0collection\u00a0\u00bb:\u00a0\u00bbsections\u00a0\u00bb,\u00a0\u00bbid\u00a0\u00bb:4},\u00a0\u00bbchildren\u00a0\u00bb:[{\u00ab\u00a0collection\u00a0\u00bb:\u00a0\u00bbfeatures\u00a0\u00bb,\u00a0\u00bbtype\u00a0\u00bb:\u00a0\u00bbArticle\/ShareTools\u00a0\u00bb,\u00a0\u00bbprops\u00a0\u00bb:{\u00ab\u00a0collection\u00a0\u00bb:\u00a0\u00bbfeatures\u00a0\u00bb,\u00a0\u00bbtype\u00a0\u00bb:\u00a0\u00bbArticle\/ShareTools\u00a0\u00bb,\u00a0\u00bbid\u00a0\u00bb:\u00a0\u00bbf0fitCJAY5tB1aG\u00a0\u00bb,\u00a0\u00bbname\u00a0\u00bb:\u00a0\u00bbArticle ShareTools\u00a0\u00bb,\u00a0\u00bbcontentConfig\u00a0\u00bb:{\u00ab\u00a0contentService\u00a0\u00bb:\u00a0\u00bb\u00a0\u00bb,\u00a0\u00bbcontentConfigValues\u00a0\u00bb:{},\u00a0\u00bbinherit\u00a0\u00bb:true},\u00a0\u00bbcustomFields\u00a0\u00bb:{},\u00a0\u00bbdisplayProperties\u00a0\u00bb:{},\u00a0\u00bblocalEdits\u00a0\u00bb:{},\u00a0\u00bbvariants\u00a0\u00bb:{}}},{\u00ab\u00a0collection\u00a0\u00bb:\u00a0\u00bbfeatures\u00a0\u00bb,\u00a0\u00bbtype\u00a0\u00bb:\u00a0\u00bbArticle\/PlayerEtx\u00a0\u00bb,\u00a0\u00bbprops\u00a0\u00bb:{\u00ab\u00a0collection\u00a0\u00bb:\u00a0\u00bbfeatures\u00a0\u00bb,\u00a0\u00bbtype\u00a0\u00bb:\u00a0\u00bbArticle\/PlayerEtx\u00a0\u00bb,\u00a0\u00bbid\u00a0\u00bb:\u00a0\u00bbf0fBxJJuuuhWoP\u00a0\u00bb,\u00a0\u00bbname\u00a0\u00bb:\u00a0\u00bbArticle PlayerEtx\u00a0\u00bb,\u00a0\u00bbcontentConfig\u00a0\u00bb:{\u00ab\u00a0contentService\u00a0\u00bb:\u00a0\u00bb\u00a0\u00bb,\u00a0\u00bbcontentConfigValues\u00a0\u00bb:{},\u00a0\u00bbinherit\u00a0\u00bb:true},\u00a0\u00bbcustomFields\u00a0\u00bb:{},\u00a0\u00bbdisplayProperties\u00a0\u00bb:{},\u00a0\u00bblocalEdits\u00a0\u00bb:{},\u00a0\u00bbvariants\u00a0\u00bb:{}}},{\u00ab\u00a0collection\u00a0\u00bb:\u00a0\u00bbfeatures\u00a0\u00bb,\u00a0\u00bbtype\u00a0\u00bb:\u00a0\u00bbArticle\/Content\u00a0\u00bb,\u00a0\u00bbprops\u00a0\u00bb:{\u00ab\u00a0collection\u00a0\u00bb:\u00a0\u00bbfeatures\u00a0\u00bb,\u00a0\u00bbtype\u00a0\u00bb:\u00a0\u00bbArticle\/Content\u00a0\u00bb,\u00a0\u00bbid\u00a0\u00bb:\u00a0\u00bbf0f4Goz1n8wq2v7&Prime;,\u00a0\u00bbname\u00a0\u00bb:\u00a0\u00bbArticle Content\u00a0\u00bb,\u00a0\u00bbcontentConfig\u00a0\u00bb:{\u00ab\u00a0contentService\u00a0\u00bb:\u00a0\u00bb\u00a0\u00bb,\u00a0\u00bbcontentConfigValues\u00a0\u00bb:{},\u00a0\u00bbinherit\u00a0\u00bb:true},\u00a0\u00bbcustomFields\u00a0\u00bb:{\u00ab\u00a0restrictSection\u00a0\u00bb:\u00a0\u00bb[{\\\u00a0\u00bburl\\\u00a0\u00bb:\\\u00a0\u00bb\/politique\\\u00a0\u00bb,\\\u00a0\u00bbtitle\\\u00a0\u00bb:\\\u00a0\u00bb\\\u00a0\u00bb},{\\\u00a0\u00bburl\\\u00a0\u00bb:\\\u00a0\u00bb\/elections\/presidentielle\\\u00a0\u00bb,\\\u00a0\u00bbtitle\\\u00a0\u00bb:\\\u00a0\u00bb\\\u00a0\u00bb}]\u00a0\u00bb,\u00a0\u00bbskus\u00a0\u00bb:[\u00ab\u00a0{\\\u00a0\u00bbsku\\\u00a0\u00bb: \\\u00a0\u00bbSWGPD.0782-9649-2957-42734\\\u00a0\u00bb,\\\u00a0\u00bbformula\\\u00a0\u00bb: \\\u00a0\u00bbformule_numerique_adl\\\u00a0\u00bb,\\\u00a0\u00bbnoviusId\\\u00a0\u00bb: 498}\u00a0\u00bb,\u00a0\u00bb{\\\u00a0\u00bbsku\\\u00a0\u00bb: \\\u00a0\u00bbSWGPD.5403-2727-0950-84295\\\u00a0\u00bb,\\\u00a0\u00bbformula\\\u00a0\u00bb: \\\u00a0\u00bbformule_numerique_add\\\u00a0\u00bb,\\\u00a0\u00bbnoviusId\\\u00a0\u00bb: 493}\u00a0\u00bb,\u00a0\u00bb{\\\u00a0\u00bbsku\\\u00a0\u00bb: \\\u00a0\u00bbSWGPD.6330-5660-7304-97284\\\u00a0\u00bb,\\\u00a0\u00bbformula\\\u00a0\u00bb: \\\u00a0\u00bbformule_numerique_1_an_multi_3\\\u00a0\u00bb,\\\u00a0\u00bbtype\\\u00a0\u00bb:\\\u00a0\u00bbmulti\\\u00a0\u00bb,\\\u00a0\u00bbnoviusId\\\u00a0\u00bb: 561}\u00a0\u00bb,\u00a0\u00bb{\\\u00a0\u00bbsku\\\u00a0\u00bb: \\\u00a0\u00bbSWGPD.4532-1255-3472-02333\\\u00a0\u00bb,\\\u00a0\u00bbformula\\\u00a0\u00bb: \\\u00a0\u00bbformule_numerique_adl_multi_3\\\u00a0\u00bb,\\\u00a0\u00bbtype\\\u00a0\u00bb:\\\u00a0\u00bbmulti\\\u00a0\u00bb,\\\u00a0\u00bbnoviusId\\\u00a0\u00bb: 560}\u00a0\u00bb,\u00a0\u00bb{\\\u00a0\u00bbsku\\\u00a0\u00bb: \\\u00a0\u00bbSWGPD.8093-1737-9798-61799\\\u00a0\u00bb,\\\u00a0\u00bbformula\\\u00a0\u00bb: \\\u00a0\u00bbformule_numerique_adl_multi_5\\\u00a0\u00bb,\\\u00a0\u00bbtype\\\u00a0\u00bb:\\\u00a0\u00bbmulti\\\u00a0\u00bb,\\\u00a0\u00bbnoviusId\\\u00a0\u00bb: 564}\u00a0\u00bb,\u00a0\u00bb{\\\u00a0\u00bbsku\\\u00a0\u00bb: \\\u00a0\u00bbSWGPD.2753-0863-3277-88556\\\u00a0\u00bb,\\\u00a0\u00bbformula\\\u00a0\u00bb: \\\u00a0\u00bbformule_numerique_1_an_multi_5\\\u00a0\u00bb,\\\u00a0\u00bbtype\\\u00a0\u00bb:\\\u00a0\u00bbmulti\\\u00a0\u00bb,\\\u00a0\u00bbnoviusId\\\u00a0\u00bb: 565}\u00a0\u00bb],\u00a0\u00bbnewsletterOptin\u00a0\u00bb:\u00a0\u00bboptin_newsletter\u00a0\u00bb,\u00a0\u00bbnewsletterTitle\u00a0\u00bb:\u00a0\u00bbUn tour de l&rsquo;actualit\u00e9 pour commencer la journ\u00e9e\u00a0\u00bb,\u00a0\u00bbnewsletterLabel\u00a0\u00bb:\u00a0\u00bbL&rsquo;essentiel du matin\u00a0\u00bb,\u00a0\u00bbnewsletterImage\u00a0\u00bb:\u00a0\u00bbnewsletter-essentiel-matin-logo.png\u00a0\u00bb,\u00a0\u00bbnewsletterColor\u00a0\u00bb:\u00a0\u00bb#1EA0E6&Prime;},\u00a0\u00bbdisplayProperties\u00a0\u00bb:{},\u00a0\u00bblocalEdits\u00a0\u00bb:{},\u00a0\u00bbvariants\u00a0\u00bb:{}}},{\u00ab\u00a0collection\u00a0\u00bb:\u00a0\u00bbfeatures\u00a0\u00bb,\u00a0\u00bbtype\u00a0\u00bb:\u00a0\u00bbArticle\/Links\u00a0\u00bb,\u00a0\u00bbprops\u00a0\u00bb:{\u00ab\u00a0collection\u00a0\u00bb:\u00a0\u00bbfeatures\u00a0\u00bb,\u00a0\u00bbtype\u00a0\u00bb:\u00a0\u00bbArticle\/Links\u00a0\u00bb,\u00a0\u00bbid\u00a0\u00bb:\u00a0\u00bbf0fKskYRRAXOjK\u00a0\u00bb,\u00a0\u00bbname\u00a0\u00bb:\u00a0\u00bbArticle Links\u00a0\u00bb,\u00a0\u00bbcontentConfig\u00a0\u00bb:{\u00ab\u00a0contentService\u00a0\u00bb:\u00a0\u00bb\u00a0\u00bb,\u00a0\u00bbcontentConfigValues\u00a0\u00bb:{},\u00a0\u00bbinherit\u00a0\u00bb:true},\u00a0\u00bbcustomFields\u00a0\u00bb:{\u00ab\u00a0nbToFetch\u00a0\u00bb:20,\u00a0\u00bbarticleLimit\u00a0\u00bb:3,\u00a0\u00bbaboArticleLimit\u00a0\u00bb:1,\u00a0\u00bbbackgroundColor\u00a0\u00bb:\u00a0\u00bb#F5F7F8&Prime;,\u00a0\u00bbborderColor\u00a0\u00bb:\u00a0\u00bb#1EA0E6&Prime;,\u00a0\u00bbexcludeSections\u00a0\u00bb:[\u00ab\u00a0\/podcasts\/code-source\u00a0\u00bb,\u00a0\u00bb\/politique\/newsletter\u00a0\u00bb,\u00a0\u00bb\/newsletters\u00a0\u00bb],\u00a0\u00bbrecirculationByTag\u00a0\u00bb:true},\u00a0\u00bbdisplayProperties\u00a0\u00bb:{},\u00a0\u00bblocalEdits\u00a0\u00bb:{},\u00a0\u00bbvariants\u00a0\u00bb:{}}}]},{\u00ab\u00a0collection\u00a0\u00bb:\u00a0\u00bbsections\u00a0\u00bb,\u00a0\u00bbprops\u00a0\u00bb:{\u00ab\u00a0collection\u00a0\u00bb:\u00a0\u00bbsections\u00a0\u00bb,\u00a0\u00bbid\u00a0\u00bb:5},\u00a0\u00bbchildren\u00a0\u00bb:[{\u00ab\u00a0collection\u00a0\u00bb:\u00a0\u00bbfeatures\u00a0\u00bb,\u00a0\u00bbtype\u00a0\u00bb:\u00a0\u00bbArticle\/DailyMotionPlaylist\u00a0\u00bb,\u00a0\u00bbprops\u00a0\u00bb:{\u00ab\u00a0collection\u00a0\u00bb:\u00a0\u00bbfeatures\u00a0\u00bb,\u00a0\u00bbtype\u00a0\u00bb:\u00a0\u00bbArticle\/DailyMotionPlaylist\u00a0\u00bb,\u00a0\u00bbid\u00a0\u00bb:\u00a0\u00bbf0fH04CtISAr2oA\u00a0\u00bb,\u00a0\u00bbname\u00a0\u00bb:\u00a0\u00bbArticle DailyMotionPlaylist\u00a0\u00bb,\u00a0\u00bbcontentConfig\u00a0\u00bb:{\u00ab\u00a0contentService\u00a0\u00bb:\u00a0\u00bb\u00a0\u00bb,\u00a0\u00bbcontentConfigValues\u00a0\u00bb:{},\u00a0\u00bbinherit\u00a0\u00bb:true},\u00a0\u00bbcustomFields\u00a0\u00bb:{\u00ab\u00a0playlistId\u00a0\u00bb:\u00a0\u00bbx4xtbj\u00a0\u00bb,\u00a0\u00bbplayerId\u00a0\u00bb:\u00a0\u00bbxc6ct\u00a0\u00bb},\u00a0\u00bbdisplayProperties\u00a0\u00bb:{},\u00a0\u00bblocalEdits\u00a0\u00bb:{},\u00a0\u00bbvariants\u00a0\u00bb:{}}},{\u00ab\u00a0collection\u00a0\u00bb:\u00a0\u00bbfeatures\u00a0\u00bb,\u00a0\u00bbtype\u00a0\u00bb:\u00a0\u00bbArticle\/MostRead\u00a0\u00bb,\u00a0\u00bbprops\u00a0\u00bb:{\u00ab\u00a0collection\u00a0\u00bb:\u00a0\u00bbfeatures\u00a0\u00bb,\u00a0\u00bbtype\u00a0\u00bb:\u00a0\u00bbArticle\/MostRead\u00a0\u00bb,\u00a0\u00bbid\u00a0\u00bb:\u00a0\u00bbf0fC9iWS34Ok8QN\u00a0\u00bb,\u00a0\u00bbname\u00a0\u00bb:\u00a0\u00bbArticle MostRead\u00a0\u00bb,\u00a0\u00bbcontentConfig\u00a0\u00bb:{\u00ab\u00a0contentService\u00a0\u00bb:\u00a0\u00bb\u00a0\u00bb,\u00a0\u00bbcontentConfigValues\u00a0\u00bb:{},\u00a0\u00bbinherit\u00a0\u00bb:true},\u00a0\u00bbcustomFields\u00a0\u00bb:{\u00ab\u00a0type\u00a0\u00bb:\u00a0\u00bball-sections\u00a0\u00bb,\u00a0\u00bbsize\u00a0\u00bb:5,\u00a0\u00bbrightRailPlacement\u00a0\u00bb:true,\u00a0\u00bbmodule title\u00a0\u00bb:\u00a0\u00bbLes plus lus\u00a0\u00bb},\u00a0\u00bbdisplayProperties\u00a0\u00bb:{},\u00a0\u00bblocalEdits\u00a0\u00bb:{},\u00a0\u00bbvariants\u00a0\u00bb:{}}},{\u00ab\u00a0collection\u00a0\u00bb:\u00a0\u00bbfeatures\u00a0\u00bb,\u00a0\u00bbtype\u00a0\u00bb:\u00a0\u00bbglobal\/CardBanner\u00a0\u00bb,\u00a0\u00bbprops\u00a0\u00bb:{\u00ab\u00a0collection\u00a0\u00bb:\u00a0\u00bbfeatures\u00a0\u00bb,\u00a0\u00bbtype\u00a0\u00bb:\u00a0\u00bbglobal\/CardBanner\u00a0\u00bb,\u00a0\u00bbid\u00a0\u00bb:\u00a0\u00bbf0fxFL9AyMd11nI\u00a0\u00bb,\u00a0\u00bbname\u00a0\u00bb:\u00a0\u00bbglobal Banner for unsubscribed\u00a0\u00bb,\u00a0\u00bbcontentConfig\u00a0\u00bb:{\u00ab\u00a0contentService\u00a0\u00bb:\u00a0\u00bb\u00a0\u00bb,\u00a0\u00bbcontentConfigValues\u00a0\u00bb:{},\u00a0\u00bbinherit\u00a0\u00bb:true},\u00a0\u00bbcustomFields\u00a0\u00bb:{\u00ab\u00a0size\u00a0\u00bb:\u00a0\u00bbsmall\u00a0\u00bb,\u00a0\u00bbposition\u00a0\u00bb:\u00a0\u00bbcolumn\u00a0\u00bb,\u00a0\u00bbwithMarginTop\u00a0\u00bb:false,\u00a0\u00bbtitle\u00a0\u00bb:\u00a0\u00bbAnnonces immobili\u00e8res pr\u00e8s de chez vous\u00a0\u00bb,\u00a0\u00bbtext\u00a0\u00bb:\u00a0\u00bbContenu sponsoris\u00e9\u00a0\u00bb,\u00a0\u00bbbtnLabel\u00a0\u00bb:\u00a0\u00bbVoir les annonces\u00a0\u00bb,\u00a0\u00bbbtnHref\u00a0\u00bb:\u00a0\u00bbhttps:\/\/annonces-immo.leparisien.fr\/?xtatc=PUB-[bienici]-[immo_sidebar]-[]-[]-[]-[]-[partenaires]-[]\u00a0\u00bb,\u00a0\u00bbimageUrl\u00a0\u00bb:\u00a0\u00bb\/bien-ici.svg\u00a0\u00bb,\u00a0\u00bbisVisibleOnlyOn\u00a0\u00bb:\u00a0\u00bb\/immobilier\u00a0\u00bb},\u00a0\u00bbdisplayProperties\u00a0\u00bb:{},\u00a0\u00bblocalEdits\u00a0\u00bb:{},\u00a0\u00bbvariants\u00a0\u00bb:{}}},{\u00ab\u00a0collection\u00a0\u00bb:\u00a0\u00bbfeatures\u00a0\u00bb,\u00a0\u00bbtype\u00a0\u00bb:\u00a0\u00bbglobal\/GenericAds\u00a0\u00bb,\u00a0\u00bbprops\u00a0\u00bb:{\u00ab\u00a0collection\u00a0\u00bb:\u00a0\u00bbfeatures\u00a0\u00bb,\u00a0\u00bbtype\u00a0\u00bb:\u00a0\u00bbglobal\/GenericAds\u00a0\u00bb,\u00a0\u00bbid\u00a0\u00bb:\u00a0\u00bbf0fd5povOm5R3Pf\u00a0\u00bb,\u00a0\u00bbname\u00a0\u00bb:\u00a0\u00bbglobal GenericAds\u00a0\u00bb,\u00a0\u00bbcontentConfig\u00a0\u00bb:{\u00ab\u00a0contentService\u00a0\u00bb:\u00a0\u00bb\u00a0\u00bb,\u00a0\u00bbcontentConfigValues\u00a0\u00bb:{},\u00a0\u00bbinherit\u00a0\u00bb:true},\u00a0\u00bbcustomFields\u00a0\u00bb:{\u00ab\u00a0device\u00a0\u00bb:\u00a0\u00bball-devices\u00a0\u00bb,\u00a0\u00bbadType\u00a0\u00bb:\u00a0\u00bbpave-2&Prime;,\u00a0\u00bbisSticky\u00a0\u00bb:true},\u00a0\u00bbdisplayProperties\u00a0\u00bb:{},\u00a0\u00bblocalEdits\u00a0\u00bb:{},\u00a0\u00bbvariants\u00a0\u00bb:{}}},{\u00ab\u00a0collection\u00a0\u00bb:\u00a0\u00bbfeatures\u00a0\u00bb,\u00a0\u00bbtype\u00a0\u00bb:\u00a0\u00bbArticle\/NewspaperThumbnail\u00a0\u00bb,\u00a0\u00bbprops\u00a0\u00bb:{\u00ab\u00a0collection\u00a0\u00bb:\u00a0\u00bbfeatures\u00a0\u00bb,\u00a0\u00bbtype\u00a0\u00bb:\u00a0\u00bbArticle\/NewspaperThumbnail\u00a0\u00bb,\u00a0\u00bbid\u00a0\u00bb:\u00a0\u00bbf0fbwy6gcBQk1R1&Prime;,\u00a0\u00bbname\u00a0\u00bb:\u00a0\u00bbArticle NewspaperThumbnail\u00a0\u00bb,\u00a0\u00bbcontentConfig\u00a0\u00bb:{\u00ab\u00a0contentService\u00a0\u00bb:\u00a0\u00bb\u00a0\u00bb,\u00a0\u00bbcontentConfigValues\u00a0\u00bb:{},\u00a0\u00bbinherit\u00a0\u00bb:true},\u00a0\u00bbcustomFields\u00a0\u00bb:{},\u00a0\u00bbdisplayProperties\u00a0\u00bb:{},\u00a0\u00bblocalEdits\u00a0\u00bb:{},\u00a0\u00bbvariants\u00a0\u00bb:{}}},{\u00ab\u00a0collection\u00a0\u00bb:\u00a0\u00bbfeatures\u00a0\u00bb,\u00a0\u00bbtype\u00a0\u00bb:\u00a0\u00bbglobal\/CardBanner\u00a0\u00bb,\u00a0\u00bbprops\u00a0\u00bb:{\u00ab\u00a0collection\u00a0\u00bb:\u00a0\u00bbfeatures\u00a0\u00bb,\u00a0\u00bbtype\u00a0\u00bb:\u00a0\u00bbglobal\/CardBanner\u00a0\u00bb,\u00a0\u00bbid\u00a0\u00bb:\u00a0\u00bbf0fPAhspkSBgNj\u00a0\u00bb,\u00a0\u00bbname\u00a0\u00bb:\u00a0\u00bbglobal Banner for unsubscribed-1&Prime;,\u00a0\u00bbcontentConfig\u00a0\u00bb:{\u00ab\u00a0contentService\u00a0\u00bb:\u00a0\u00bb\u00a0\u00bb,\u00a0\u00bbcontentConfigValues\u00a0\u00bb:{},\u00a0\u00bbinherit\u00a0\u00bb:true},\u00a0\u00bbcustomFields\u00a0\u00bb:{\u00ab\u00a0size\u00a0\u00bb:\u00a0\u00bbsmall\u00a0\u00bb,\u00a0\u00bbposition\u00a0\u00bb:\u00a0\u00bbcolumn\u00a0\u00bb,\u00a0\u00bbwithMarginTop\u00a0\u00bb:false,\u00a0\u00bbtitle\u00a0\u00bb:\u00a0\u00bbAnnonces immobili\u00e8res pr\u00e8s de chez vous\u00a0\u00bb,\u00a0\u00bbtext\u00a0\u00bb:\u00a0\u00bbContenu sponsoris\u00e9\u00a0\u00bb,\u00a0\u00bbbtnLabel\u00a0\u00bb:\u00a0\u00bbVoir les annonces\u00a0\u00bb,\u00a0\u00bbbtnHref\u00a0\u00bb:\u00a0\u00bbhttps:\/\/annonces-immo.leparisien.fr\/?xtatc=PUB-[bienici]-[immo_sidebar]-[]-[]-[]-[]-[partenaires]-[]\u00a0\u00bb,\u00a0\u00bbimageUrl\u00a0\u00bb:\u00a0\u00bb\/bien-ici.svg\u00a0\u00bb,\u00a0\u00bbisVisibleOnlyOn\u00a0\u00bb:\u00a0\u00bb\/immobilier\u00a0\u00bb,\u00a0\u00bbpbInternal_cloneId\u00a0\u00bb:\u00a0\u00bbf0fPAhspkSBgNj\u00a0\u00bb,\u00a0\u00bbforSubscribersOnly\u00a0\u00bb:true},\u00a0\u00bbdisplayProperties\u00a0\u00bb:{},\u00a0\u00bblocalEdits\u00a0\u00bb:{},\u00a0\u00bbvariants\u00a0\u00bb:{}}}]},{\u00ab\u00a0collection\u00a0\u00bb:\u00a0\u00bbsections\u00a0\u00bb,\u00a0\u00bbprops\u00a0\u00bb:{\u00ab\u00a0collection\u00a0\u00bb:\u00a0\u00bbsections\u00a0\u00bb,\u00a0\u00bbid\u00a0\u00bb:6},\u00a0\u00bbchildren\u00a0\u00bb:[{\u00ab\u00a0collection\u00a0\u00bb:\u00a0\u00bbfeatures\u00a0\u00bb,\u00a0\u00bbtype\u00a0\u00bb:\u00a0\u00bbglobal\/Outbrain\u00a0\u00bb,\u00a0\u00bbprops\u00a0\u00bb:{\u00ab\u00a0collection\u00a0\u00bb:\u00a0\u00bbfeatures\u00a0\u00bb,\u00a0\u00bbtype\u00a0\u00bb:\u00a0\u00bbglobal\/Outbrain\u00a0\u00bb,\u00a0\u00bbid\u00a0\u00bb:\u00a0\u00bb0fxw1JrD8rX\u00a0\u00bb,\u00a0\u00bbcontentConfig\u00a0\u00bb:{\u00ab\u00a0contentService\u00a0\u00bb:\u00a0\u00bb\u00a0\u00bb,\u00a0\u00bbcontentConfigValues\u00a0\u00bb:{},\u00a0\u00bbinherit\u00a0\u00bb:false},\u00a0\u00bbcustomFields\u00a0\u00bb:{\u00ab\u00a0allowDailymotionPip\u00a0\u00bb:true},\u00a0\u00bbdisplayProperties\u00a0\u00bb:{},\u00a0\u00bblocalEdits\u00a0\u00bb:{},\u00a0\u00bbvariants\u00a0\u00bb:{}}},{\u00ab\u00a0collection\u00a0\u00bb:\u00a0\u00bbfeatures\u00a0\u00bb,\u00a0\u00bbtype\u00a0\u00bb:\u00a0\u00bbArticle\/Comments\u00a0\u00bb,\u00a0\u00bbprops\u00a0\u00bb:{\u00ab\u00a0collection\u00a0\u00bb:\u00a0\u00bbfeatures\u00a0\u00bb,\u00a0\u00bbtype\u00a0\u00bb:\u00a0\u00bbArticle\/Comments\u00a0\u00bb,\u00a0\u00bbid\u00a0\u00bb:\u00a0\u00bbf0ft91kZfUAC2Qb\u00a0\u00bb,\u00a0\u00bbname\u00a0\u00bb:\u00a0\u00bbArticle Comments\u00a0\u00bb,\u00a0\u00bbcontentConfig\u00a0\u00bb:{\u00ab\u00a0contentService\u00a0\u00bb:\u00a0\u00bb\u00a0\u00bb,\u00a0\u00bbcontentConfigValues\u00a0\u00bb:{},\u00a0\u00bbinherit\u00a0\u00bb:true},\u00a0\u00bbcustomFields\u00a0\u00bb:{\u00ab\u00a0successText\u00a0\u00bb:\u00a0\u00bbVotre commentaire a bien \u00e9t\u00e9 envoy\u00e9.\u00a0\u00bb,\u00a0\u00bbshowCommentsButtonText\u00a0\u00bb:\u00a0\u00bbVoir tous les commentaires\u00a0\u00bb},\u00a0\u00bbdisplayProperties\u00a0\u00bb:{},\u00a0\u00bblocalEdits\u00a0\u00bb:{},\u00a0\u00bbvariants\u00a0\u00bb:{}}},{\u00ab\u00a0collection\u00a0\u00bb:\u00a0\u00bbfeatures\u00a0\u00bb,\u00a0\u00bbtype\u00a0\u00bb:\u00a0\u00bbArticle\/LinksWithImage\u00a0\u00bb,\u00a0\u00bbprops\u00a0\u00bb:{\u00ab\u00a0collection\u00a0\u00bb:\u00a0\u00bbfeatures\u00a0\u00bb,\u00a0\u00bbtype\u00a0\u00bb:\u00a0\u00bbArticle\/LinksWithImage\u00a0\u00bb,\u00a0\u00bbid\u00a0\u00bb:\u00a0\u00bbf0fEBWPaYFZa611&Prime;,\u00a0\u00bbname\u00a0\u00bb:\u00a0\u00bbArticle LinksWithImage\u00a0\u00bb,\u00a0\u00bbcontentConfig\u00a0\u00bb:{\u00ab\u00a0contentService\u00a0\u00bb:\u00a0\u00bb\u00a0\u00bb,\u00a0\u00bbcontentConfigValues\u00a0\u00bb:{},\u00a0\u00bbinherit\u00a0\u00bb:true},\u00a0\u00bbcustomFields\u00a0\u00bb:{\u00ab\u00a0nbToFetch\u00a0\u00bb:20,\u00a0\u00bbarticleLimit\u00a0\u00bb:3,\u00a0\u00bbaboArticleLimit\u00a0\u00bb:2,\u00a0\u00bbrecirculationByTag\u00a0\u00bb:true},\u00a0\u00bbdisplayProperties\u00a0\u00bb:{},\u00a0\u00bblocalEdits\u00a0\u00bb:{},\u00a0\u00bbvariants\u00a0\u00bb:{}}},{\u00ab\u00a0collection\u00a0\u00bb:\u00a0\u00bbfeatures\u00a0\u00bb,\u00a0\u00bbtype\u00a0\u00bb:\u00a0\u00bbglobal\/MostRecentFeed\u00a0\u00bb,\u00a0\u00bbprops\u00a0\u00bb:{\u00ab\u00a0collection\u00a0\u00bb:\u00a0\u00bbfeatures\u00a0\u00bb,\u00a0\u00bbtype\u00a0\u00bb:\u00a0\u00bbglobal\/MostRecentFeed\u00a0\u00bb,\u00a0\u00bbid\u00a0\u00bb:\u00a0\u00bb0f20QDrD8re\u00a0\u00bb,\u00a0\u00bbname\u00a0\u00bb:\u00a0\u00bbarticlemostrecentfeed\u00a0\u00bb,\u00a0\u00bbcontentConfig\u00a0\u00bb:{\u00ab\u00a0contentService\u00a0\u00bb:\u00a0\u00bb\u00a0\u00bb,\u00a0\u00bbcontentConfigValues\u00a0\u00bb:{},\u00a0\u00bbinherit\u00a0\u00bb:false},\u00a0\u00bbcustomFields\u00a0\u00bb:{\u00ab\u00a0size\u00a0\u00bb:9,\u00a0\u00bbexcludeSections\u00a0\u00bb:[\u00ab\u00a0\/podcasts\u00a0\u00bb]},\u00a0\u00bbdisplayProperties\u00a0\u00bb:{},\u00a0\u00bblocalEdits\u00a0\u00bb:{},\u00a0\u00bbvariants\u00a0\u00bb:{}}},{\u00ab\u00a0collection\u00a0\u00bb:\u00a0\u00bbfeatures\u00a0\u00bb,\u00a0\u00bbtype\u00a0\u00bb:\u00a0\u00bbglobal\/NewMostRecentFeed\u00a0\u00bb,\u00a0\u00bbprops\u00a0\u00bb:{\u00ab\u00a0collection\u00a0\u00bb:\u00a0\u00bbfeatures\u00a0\u00bb,\u00a0\u00bbtype\u00a0\u00bb:\u00a0\u00bbglobal\/NewMostRecentFeed\u00a0\u00bb,\u00a0\u00bbid\u00a0\u00bb:\u00a0\u00bbf0fRUfz7OUBA2fR\u00a0\u00bb,\u00a0\u00bbname\u00a0\u00bb:\u00a0\u00bbNewMostRecentFeed\u00a0\u00bb,\u00a0\u00bbcontentConfig\u00a0\u00bb:{\u00ab\u00a0contentService\u00a0\u00bb:\u00a0\u00bb\u00a0\u00bb,\u00a0\u00bbcontentConfigValues\u00a0\u00bb:{},\u00a0\u00bbinherit\u00a0\u00bb:true},\u00a0\u00bbcustomFields\u00a0\u00bb:{\u00ab\u00a0size\u00a0\u00bb:6,\u00a0\u00bbexcludeSections\u00a0\u00bb:[\u00ab\u00a0\/podcasts\u00a0\u00bb]},\u00a0\u00bbdisplayProperties\u00a0\u00bb:{},\u00a0\u00bblocalEdits\u00a0\u00bb:{},\u00a0\u00bbvariants\u00a0\u00bb:{}}},{\u00ab\u00a0collection\u00a0\u00bb:\u00a0\u00bbchains\u00a0\u00bb,\u00a0\u00bbtype\u00a0\u00bb:\u00a0\u00bbSectionGenericChain\u00a0\u00bb,\u00a0\u00bbprops\u00a0\u00bb:{\u00ab\u00a0collection\u00a0\u00bb:\u00a0\u00bbchains\u00a0\u00bb,\u00a0\u00bbtype\u00a0\u00bb:\u00a0\u00bbSectionGenericChain\u00a0\u00bb,\u00a0\u00bbid\u00a0\u00bb:\u00a0\u00bbc0f2F2rxlUNR5yW\u00a0\u00bb,\u00a0\u00bbname\u00a0\u00bb:\u00a0\u00bbNotre s\u00e9lection\u00a0\u00bb,\u00a0\u00bbcustomFields\u00a0\u00bb:{\u00ab\u00a0showTitle\u00a0\u00bb:true,\u00a0\u00bbtitleVariant\u00a0\u00bb:\u00a0\u00bbdefault\u00a0\u00bb,\u00a0\u00bbtype\u00a0\u00bb:\u00a0\u00bbdefault\u00a0\u00bb,\u00a0\u00bbbackgroundColor\u00a0\u00bb:\u00a0\u00bb#fff\u00a0\u00bb,\u00a0\u00bbtemplate\u00a0\u00bb:\u00a0\u00bbarticles\u00a0\u00bb,\u00a0\u00bbtitle\u00a0\u00bb:\u00a0\u00bbNotre s\u00e9lection\u00a0\u00bb},\u00a0\u00bbdisplayProperties\u00a0\u00bb:{}},\u00a0\u00bbchildren\u00a0\u00bb:[{\u00ab\u00a0collection\u00a0\u00bb:\u00a0\u00bbfeatures\u00a0\u00bb,\u00a0\u00bbtype\u00a0\u00bb:\u00a0\u00bbglobal\/GenericFeed\u00a0\u00bb,\u00a0\u00bbprops\u00a0\u00bb:{\u00ab\u00a0collection\u00a0\u00bb:\u00a0\u00bbfeatures\u00a0\u00bb,\u00a0\u00bbtype\u00a0\u00bb:\u00a0\u00bbglobal\/GenericFeed\u00a0\u00bb,\u00a0\u00bbid\u00a0\u00bb:\u00a0\u00bbf0fB5H7R66Ff1db\u00a0\u00bb,\u00a0\u00bbname\u00a0\u00bb:\u00a0\u00bbActualit\u00e9s\u00a0\u00bb,\u00a0\u00bbcontentConfig\u00a0\u00bb:{\u00ab\u00a0contentService\u00a0\u00bb:\u00a0\u00bb\u00a0\u00bb,\u00a0\u00bbcontentConfigValues\u00a0\u00bb:{},\u00a0\u00bbinherit\u00a0\u00bb:true},\u00a0\u00bbcustomFields\u00a0\u00bb:{\u00ab\u00a0feedConfig\u00a0\u00bb:{\u00ab\u00a0contentService\u00a0\u00bb:\u00a0\u00bbcollection-full-story-feed\u00a0\u00bb,\u00a0\u00bbcontentConfigValues\u00a0\u00bb:{\u00ab\u00a0website\u00a0\u00bb:\u00a0\u00bbleparisien\u00a0\u00bb,\u00a0\u00bbsize\u00a0\u00bb:3,\u00a0\u00bboffset\u00a0\u00bb:0,\u00a0\u00bbid\u00a0\u00bb:\u00a0\u00bbABCYYZKCTJHHJIFMTFMG2X6Q4M\u00a0\u00bb}},\u00a0\u00bbdisplayType\u00a0\u00bb:\u00a0\u00bbcards\u00a0\u00bb,\u00a0\u00bbtitleLevel\u00a0\u00bb:\u00a0\u00bbp\u00a0\u00bb,\u00a0\u00bblazyload\u00a0\u00bb:true,\u00a0\u00bbfetchpriority\u00a0\u00bb:\u00a0\u00bblow\u00a0\u00bb,\u00a0\u00bbsizes\u00a0\u00bb:\u00a0\u00bb\u00a0\u00bb,\u00a0\u00bbcontentSize\u00a0\u00bb:3,\u00a0\u00bbcontentOffset\u00a0\u00bb:0,\u00a0\u00bbblockName\u00a0\u00bb:\u00a0\u00bbArticle_NotreSelection\u00a0\u00bb},\u00a0\u00bbdisplayProperties\u00a0\u00bb:{},\u00a0\u00bblocalEdits\u00a0\u00bb:{},\u00a0\u00bbvariants\u00a0\u00bb:{}}}]},{\u00ab\u00a0collection\u00a0\u00bb:\u00a0\u00bbfeatures\u00a0\u00bb,\u00a0\u00bbtype\u00a0\u00bb:\u00a0\u00bbArticle\/MostReadV2&Prime;,\u00a0\u00bbprops\u00a0\u00bb:{\u00ab\u00a0collection\u00a0\u00bb:\u00a0\u00bbfeatures\u00a0\u00bb,\u00a0\u00bbtype\u00a0\u00bb:\u00a0\u00bbArticle\/MostReadV2&Prime;,\u00a0\u00bbid\u00a0\u00bb:\u00a0\u00bbf0fzx5c23svs2XA\u00a0\u00bb,\u00a0\u00bbname\u00a0\u00bb:\u00a0\u00bbNos abonn\u00e9s ont lu ensuite\u00a0\u00bb,\u00a0\u00bbcontentConfig\u00a0\u00bb:{\u00ab\u00a0contentService\u00a0\u00bb:\u00a0\u00bb\u00a0\u00bb,\u00a0\u00bbcontentConfigValues\u00a0\u00bb:{},\u00a0\u00bbinherit\u00a0\u00bb:true},\u00a0\u00bbcustomFields\u00a0\u00bb:{\u00ab\u00a0lazyload\u00a0\u00bb:true,\u00a0\u00bbtitleLevel\u00a0\u00bb:\u00a0\u00bbp\u00a0\u00bb,\u00a0\u00bbfetchpriority\u00a0\u00bb:\u00a0\u00bblow\u00a0\u00bb,\u00a0\u00bbtitle\u00a0\u00bb:\u00a0\u00bbNos abonn\u00e9s ont lu ensuite\u00a0\u00bb,\u00a0\u00bbcontentSize\u00a0\u00bb:6,\u00a0\u00bbcontentOffset\u00a0\u00bb:0,\u00a0\u00bbidCollection\u00a0\u00bb:\u00a0\u00bbH6677CJES5DA5MJ74Y34GN63KM\u00a0\u00bb,\u00a0\u00bbblockName\u00a0\u00bb:\u00a0\u00bbArticle_LusAbonnes\u00a0\u00bb},\u00a0\u00bbdisplayProperties\u00a0\u00bb:{},\u00a0\u00bblocalEdits\u00a0\u00bb:{},\u00a0\u00bbvariants\u00a0\u00bb:{}}}]},{\u00ab\u00a0collection\u00a0\u00bb:\u00a0\u00bbsections\u00a0\u00bb,\u00a0\u00bbprops\u00a0\u00bb:{\u00ab\u00a0collection\u00a0\u00bb:\u00a0\u00bbsections\u00a0\u00bb,\u00a0\u00bbid\u00a0\u00bb:7},\u00a0\u00bbchildren\u00a0\u00bb:[{\u00ab\u00a0collection\u00a0\u00bb:\u00a0\u00bbchains\u00a0\u00bb,\u00a0\u00bbtype\u00a0\u00bb:\u00a0\u00bbServicesChain\u00a0\u00bb,\u00a0\u00bbprops\u00a0\u00bb:{\u00ab\u00a0collection\u00a0\u00bb:\u00a0\u00bbchains\u00a0\u00bb,\u00a0\u00bbtype\u00a0\u00bb:\u00a0\u00bbServicesChain\u00a0\u00bb,\u00a0\u00bbid\u00a0\u00bb:\u00a0\u00bb0f8j7Fg7LrS\u00a0\u00bb,\u00a0\u00bbcustomFields\u00a0\u00bb:{\u00ab\u00a0backgroundColor\u00a0\u00bb:\u00a0\u00bb#ECEFF1&Prime;},\u00a0\u00bbdisplayProperties\u00a0\u00bb:{\u00ab\u00a0columns\u00a0\u00bb:{}}},\u00a0\u00bbchildren\u00a0\u00bb:[{\u00ab\u00a0collection\u00a0\u00bb:\u00a0\u00bbfeatures\u00a0\u00bb,\u00a0\u00bbtype\u00a0\u00bb:\u00a0\u00bbglobal\/ThirdPartyGuide\u00a0\u00bb,\u00a0\u00bbprops\u00a0\u00bb:{\u00ab\u00a0collection\u00a0\u00bb:\u00a0\u00bbfeatures\u00a0\u00bb,\u00a0\u00bbtype\u00a0\u00bb:\u00a0\u00bbglobal\/ThirdPartyGuide\u00a0\u00bb,\u00a0\u00bbid\u00a0\u00bb:\u00a0\u00bb0fCBIXOUKrf-7-0-0&Prime;,\u00a0\u00bbcontentConfig\u00a0\u00bb:{\u00ab\u00a0contentService\u00a0\u00bb:\u00a0\u00bb\u00a0\u00bb,\u00a0\u00bbcontentConfigValues\u00a0\u00bb:{},\u00a0\u00bbinherit\u00a0\u00bb:false},\u00a0\u00bbcustomFields\u00a0\u00bb:{\u00ab\u00a0title\u00a0\u00bb:\u00a0\u00bbGuide Shopping Le Parisien\u00a0\u00bb,\u00a0\u00bblistBackgroundColor\u00a0\u00bb:\u00a0\u00bb#ffffff\u00a0\u00bb,\u00a0\u00bbbottomLinkText\u00a0\u00bb:\u00a0\u00bbS\u00e9lection shopping\u00a0\u00bb,\u00a0\u00bbbottomLinkHref\u00a0\u00bb:\u00a0\u00bbhttps:\/\/www.leparisien.fr\/guide-shopping\/\u00a0\u00bb,\u00a0\u00bbnumItemsToShow\u00a0\u00bb:5,\u00a0\u00bbsource\u00a0\u00bb:\u00a0\u00bbComposer lp-guide-shopping\u00a0\u00bb},\u00a0\u00bbdisplayProperties\u00a0\u00bb:{},\u00a0\u00bblocalEdits\u00a0\u00bb:{},\u00a0\u00bbvariants\u00a0\u00bb:{}}},{\u00ab\u00a0collection\u00a0\u00bb:\u00a0\u00bbfeatures\u00a0\u00bb,\u00a0\u00bbtype\u00a0\u00bb:\u00a0\u00bbglobal\/SwitchableThirdParty\u00a0\u00bb,\u00a0\u00bbprops\u00a0\u00bb:{\u00ab\u00a0collection\u00a0\u00bb:\u00a0\u00bbfeatures\u00a0\u00bb,\u00a0\u00bbtype\u00a0\u00bb:\u00a0\u00bbglobal\/SwitchableThirdParty\u00a0\u00bb,\u00a0\u00bbid\u00a0\u00bb:\u00a0\u00bb0fq3t7f7Lr9-7-0-1&Prime;,\u00a0\u00bbcontentConfig\u00a0\u00bb:{\u00ab\u00a0contentService\u00a0\u00bb:\u00a0\u00bb\u00a0\u00bb,\u00a0\u00bbcontentConfigValues\u00a0\u00bb:{},\u00a0\u00bbinherit\u00a0\u00bb:false},\u00a0\u00bbcustomFields\u00a0\u00bb:{\u00ab\u00a0secondAlternativeBottomLinkText\u00a0\u00bb:\u00a0\u00bbVoir toutes les annonces\u00a0\u00bb,\u00a0\u00bbfirstAlternativeSections\u00a0\u00bb:\u00a0\u00bb\/economie\/annonces-legales,\/info-paris-ile-de-france-oise,\/paris-75,\/essonne-91,\/hauts-de-seine-92,\/seine-saint-denis-93,\/val-d-oise-95,\/val-de-marne-94,\/seine-et-marne-77,\/yvelines-78,\/oise-60,\/calvados-14,\/seine-maritime-76,\/eure-27,\/loiret-45,\/charente-maritime-17,\/eure-et-loir-28,\/finistere-29,\/haute-garonne-31,\/marne-51,\/martinique-972,\/pyrenees-orientales-66,\/puy-de-dome-63,\/aube-10&Prime;,\u00a0\u00bbsecondAlternativeSections\u00a0\u00bb:\u00a0\u00bb\/automobile,\/sports\u00a0\u00bb,\u00a0\u00bbsecondAlternativeBackgroundColor\u00a0\u00bb:\u00a0\u00bb#ffffff\u00a0\u00bb,\u00a0\u00bbdefaultNumItemsToShow\u00a0\u00bb:5,\u00a0\u00bbdefaultBottomLinkHref\u00a0\u00bb:\u00a0\u00bbhttps:\/\/www.leparisien.fr\/jeux\/\u00a0\u00bb,\u00a0\u00bbfirstAlternativeBackgroundColor\u00a0\u00bb:\u00a0\u00bb#ffffff\u00a0\u00bb,\u00a0\u00bbsecondAlternativeNumItemsToShow\u00a0\u00bb:5,\u00a0\u00bbfirstAlternativeBottomLinkText\u00a0\u00bb:\u00a0\u00bbD\u00e9poser une annonce\u00a0\u00bb,\u00a0\u00bbdefaultBottomLinkText\u00a0\u00bb:\u00a0\u00bbVoir\u00a0\u00bb,\u00a0\u00bbdefaultBottomText\u00a0\u00bb:\u00a0\u00bbUne s\u00e9lection compl\u00e8te de jeux\u00a0\u00bb,\u00a0\u00bbfirstAlternativeBottomLinkHref\u00a0\u00bb:\u00a0\u00bbhttps:\/\/www.annonces-legales.fr\/lp\/leparisien\/choisir-votre-journal\u00a0\u00bb,\u00a0\u00bbfirstAlternativeNumItemsToShow\u00a0\u00bb:5,\u00a0\u00bbsecondAlternativeBottomLinkHref\u00a0\u00bb:\u00a0\u00bbhttps:\/\/www.paruvendu.fr\/voiture-occasion\/?partenaire=leparisien\u00a0\u00bb,\u00a0\u00bbsecondAlternativeTitle\u00a0\u00bb:\u00a0\u00bbAnnonces auto\u00a0\u00bb,\u00a0\u00bbdefaultBackgroundColor\u00a0\u00bb:\u00a0\u00bb#ffffff\u00a0\u00bb,\u00a0\u00bbsecondAlternativeBlock\u00a0\u00bb:\u00a0\u00bbThirdPartyAuto\u00a0\u00bb,\u00a0\u00bblegalAdsFilterByDepartment\u00a0\u00bb:true,\u00a0\u00bbdefaultTitle\u00a0\u00bb:\u00a0\u00bbJeux gratuits\u00a0\u00bb,\u00a0\u00bbfirstAlternativeBlock\u00a0\u00bb:\u00a0\u00bbThirdPartyLegalAds\u00a0\u00bb,\u00a0\u00bbfirstAlternativeTitle\u00a0\u00bb:\u00a0\u00bbAnnonces l\u00e9gales\u00a0\u00bb,\u00a0\u00bbsecondAlternativeBottomText\u00a0\u00bb:\u00a0\u00bbVoir toutes les annonces\u00a0\u00bb,\u00a0\u00bbdefaultBlock\u00a0\u00bb:\u00a0\u00bbThirdPartyGames\u00a0\u00bb,\u00a0\u00bbfirstAlternativeBottomText\u00a0\u00bb:\u00a0\u00bbD\u00e9poser une annonce\u00a0\u00bb,\u00a0\u00bbgames\u00a0\u00bb:\u00a0\u00bb[{\\\u00a0\u00bbtitle\\\u00a0\u00bb:\\\u00a0\u00bbMots fl\u00e9ch\u00e9s\\\u00a0\u00bb,\\\u00a0\u00bbimage\\\u00a0\u00bb:\\\u00a0\u00bbBZKNCAICXRFGNOCFRH4DOEFELE\\\u00a0\u00bb,\\\u00a0\u00bblink_url\\\u00a0\u00bb:\\\u00a0\u00bbhttps:\/\/www.leparisien.fr\/jeux\/mots-fleches\/\\\u00a0\u00bb},{\\\u00a0\u00bbtitle\\\u00a0\u00bb:\\\u00a0\u00bbMots coup\u00e9s\\\u00a0\u00bb,\\\u00a0\u00bbimage\\\u00a0\u00bb:\\\u00a0\u00bbAVGPR2WDX5GGNHLS7BKSHCF5MI\\\u00a0\u00bb,\\\u00a0\u00bblink_url\\\u00a0\u00bb:\\\u00a0\u00bbhttps:\/\/www.leparisien.fr\/jeux\/mots-coupes\/\\\u00a0\u00bb},{\\\u00a0\u00bbtitle\\\u00a0\u00bb:\\\u00a0\u00bbMots crois\u00e9s\\\u00a0\u00bb,\\\u00a0\u00bbimage\\\u00a0\u00bb:\\\u00a0\u00bbRXIMFLPYZZA67OM6E427V5HB6E\\\u00a0\u00bb,\\\u00a0\u00bblink_url\\\u00a0\u00bb:\\\u00a0\u00bbhttps:\/\/www.leparisien.fr\/jeux\/mots-croises\/\\\u00a0\u00bb},{\\\u00a0\u00bbtitle\\\u00a0\u00bb:\\\u00a0\u00bbMots m\u00eal\u00e9s\\\u00a0\u00bb,\\\u00a0\u00bbimage\\\u00a0\u00bb:\\\u00a0\u00bbEMTERX2ITJGVNJ7TR6Y7DOSMYE\\\u00a0\u00bb,\\\u00a0\u00bblink_url\\\u00a0\u00bb:\\\u00a0\u00bbhttps:\/\/www.leparisien.fr\/jeux\/mots-melanges\/\\\u00a0\u00bb},{\\\u00a0\u00bbtitle\\\u00a0\u00bb:\\\u00a0\u00bbKakuro\\\u00a0\u00bb,\\\u00a0\u00bbimage\\\u00a0\u00bb:\\\u00a0\u00bbAH4OYIWTKVFG3NMLXODVQ52BOM\\\u00a0\u00bb,\\\u00a0\u00bblink_url\\\u00a0\u00bb:\\\u00a0\u00bbhttps:\/\/www.leparisien.fr\/jeux\/kakuro\/\\\u00a0\u00bb},{\\\u00a0\u00bbtitle\\\u00a0\u00bb:\\\u00a0\u00bbSudoku\\\u00a0\u00bb,\\\u00a0\u00bbimage\\\u00a0\u00bb:\\\u00a0\u00bbNL33EXRAL5D63ATCW5UOHASETE\\\u00a0\u00bb,\\\u00a0\u00bblink_url\\\u00a0\u00bb:\\\u00a0\u00bbhttps:\/\/www.leparisien.fr\/jeux\/sudoku\/\\\u00a0\u00bb}]\u00a0\u00bb},\u00a0\u00bbdisplayProperties\u00a0\u00bb:{},\u00a0\u00bblocalEdits\u00a0\u00bb:{\u00ab\u00a0items\u00a0\u00bb:{}},\u00a0\u00bbvariants\u00a0\u00bb:{}}},{\u00ab\u00a0collection\u00a0\u00bb:\u00a0\u00bbfeatures\u00a0\u00bb,\u00a0\u00bbtype\u00a0\u00bb:\u00a0\u00bbglobal\/PartnerMenu\u00a0\u00bb,\u00a0\u00bbprops\u00a0\u00bb:{\u00ab\u00a0collection\u00a0\u00bb:\u00a0\u00bbfeatures\u00a0\u00bb,\u00a0\u00bbtype\u00a0\u00bb:\u00a0\u00bbglobal\/PartnerMenu\u00a0\u00bb,\u00a0\u00bbid\u00a0\u00bb:\u00a0\u00bb0fnBIXOUKrB-7-0-2&Prime;,\u00a0\u00bbcontentConfig\u00a0\u00bb:{\u00ab\u00a0contentService\u00a0\u00bb:\u00a0\u00bb\u00a0\u00bb,\u00a0\u00bbcontentConfigValues\u00a0\u00bb:{},\u00a0\u00bbinherit\u00a0\u00bb:false},\u00a0\u00bbcustomFields\u00a0\u00bb:{\u00ab\u00a0bottomText\u00a0\u00bb:\u00a0\u00bb\u00a0\u00bb,\u00a0\u00bbbottomLinkHref\u00a0\u00bb:\u00a0\u00bbhttps:\/\/leparisien.fr\/jardin\/services\/\u00a0\u00bb,\u00a0\u00bblistBackgroundColor\u00a0\u00bb:\u00a0\u00bb#ffffff\u00a0\u00bb,\u00a0\u00bbbottomLinkText\u00a0\u00bb:\u00a0\u00bbVoir\u00a0\u00bb,\u00a0\u00bbsectionHierarchy\u00a0\u00bb:\u00a0\u00bbentretien-exterieurs\u00a0\u00bb,\u00a0\u00bbtitle\u00a0\u00bb:\u00a0\u00bbEntretien d\u2019ext\u00e9rieurs\u00a0\u00bb},\u00a0\u00bbdisplayProperties\u00a0\u00bb:{},\u00a0\u00bblocalEdits\u00a0\u00bb:{\u00ab\u00a0items\u00a0\u00bb:{}},\u00a0\u00bbvariants\u00a0\u00bb:{}}},{\u00ab\u00a0collection\u00a0\u00bb:\u00a0\u00bbfeatures\u00a0\u00bb,\u00a0\u00bbtype\u00a0\u00bb:\u00a0\u00bbglobal\/SwitchableThirdParty\u00a0\u00bb,\u00a0\u00bbprops\u00a0\u00bb:{\u00ab\u00a0collection\u00a0\u00bb:\u00a0\u00bbfeatures\u00a0\u00bb,\u00a0\u00bbtype\u00a0\u00bb:\u00a0\u00bbglobal\/SwitchableThirdParty\u00a0\u00bb,\u00a0\u00bbid\u00a0\u00bb:\u00a0\u00bb0fTBIXOUKr0-7-0-3&Prime;,\u00a0\u00bbname\u00a0\u00bb:\u00a0\u00bbglobal SwitchableThirdParty\u00a0\u00bb,\u00a0\u00bbcontentConfig\u00a0\u00bb:{\u00ab\u00a0contentService\u00a0\u00bb:\u00a0\u00bb\u00a0\u00bb,\u00a0\u00bbcontentConfigValues\u00a0\u00bb:{},\u00a0\u00bbinherit\u00a0\u00bb:false},\u00a0\u00bbcustomFields\u00a0\u00bb:{\u00ab\u00a0secondAlternativeBottomLinkText\u00a0\u00bb:\u00a0\u00bbPlease set text\u00a0\u00bb,\u00a0\u00bbfirstAlternativeSections\u00a0\u00bb:\u00a0\u00bb\/info-paris-ile-de-france-oise,\/paris-75,\/essonne-91,\/hauts-de-seine-92,\/seine-saint-denis-93,\/val-d-oise-95,\/val-de-marne-94,\/seine-et-marne-77,\/yvelines-78,\/oise-60,\/calvados-14,\/seine-maritime-76,\/eure-27,\/loiret-45&Prime;,\u00a0\u00bbsecondAlternativeBackgroundColor\u00a0\u00bb:\u00a0\u00bb#ffffff\u00a0\u00bb,\u00a0\u00bbdefaultNumItemsToShow\u00a0\u00bb:5,\u00a0\u00bbdefaultBottomLinkHref\u00a0\u00bb:\u00a0\u00bbhttps:\/\/www.leparisien.fr\/nos-services\/\u00a0\u00bb,\u00a0\u00bbfirstAlternativeBackgroundColor\u00a0\u00bb:\u00a0\u00bb#ffffff\u00a0\u00bb,\u00a0\u00bbsecondAlternativeNumItemsToShow\u00a0\u00bb:5,\u00a0\u00bbfirstAlternativeBottomLinkText\u00a0\u00bb:\u00a0\u00bbVoir toutes les annonces\u00a0\u00bb,\u00a0\u00bbdefaultBottomLinkText\u00a0\u00bb:\u00a0\u00bbVoir\u00a0\u00bb,\u00a0\u00bbdefaultBottomText\u00a0\u00bb:\u00a0\u00bbTous les services\u00a0\u00bb,\u00a0\u00bbfirstAlternativeBottomLinkHref\u00a0\u00bb:\u00a0\u00bb https:\/\/www.paruvendu.fr\/voiture-occasion\/?partenaire=leparisien\u00a0\u00bb,\u00a0\u00bbfirstAlternativeNumItemsToShow\u00a0\u00bb:5,\u00a0\u00bbsecondAlternativeBottomLinkHref\u00a0\u00bb:\u00a0\u00bb#\u00a0\u00bb,\u00a0\u00bbsecondAlternativeTitle\u00a0\u00bb:\u00a0\u00bbPlease set text\u00a0\u00bb,\u00a0\u00bbdefaultBackgroundColor\u00a0\u00bb:\u00a0\u00bb#ffffff\u00a0\u00bb,\u00a0\u00bblegalAdsFilterByDepartment\u00a0\u00bb:true,\u00a0\u00bbdefaultTitle\u00a0\u00bb:\u00a0\u00bbServices\u00a0\u00bb,\u00a0\u00bbfirstAlternativeBlock\u00a0\u00bb:\u00a0\u00bbThirdPartyAuto\u00a0\u00bb,\u00a0\u00bbfirstAlternativeTitle\u00a0\u00bb:\u00a0\u00bbAnnonces auto\u00a0\u00bb,\u00a0\u00bbsecondAlternativeBottomText\u00a0\u00bb:\u00a0\u00bbPlease set text\u00a0\u00bb,\u00a0\u00bbdefaultBlock\u00a0\u00bb:\u00a0\u00bbThirdPartyServices\u00a0\u00bb,\u00a0\u00bbfirstAlternativeBottomText\u00a0\u00bb:\u00a0\u00bbVoir toutes les annonces\u00a0\u00bb,\u00a0\u00bbservicesSectionHierarchy\u00a0\u00bb:\u00a0\u00bbservices-guide\u00a0\u00bb},\u00a0\u00bbdisplayProperties\u00a0\u00bb:{},\u00a0\u00bblocalEdits\u00a0\u00bb:{\u00ab\u00a0items\u00a0\u00bb:{}},\u00a0\u00bbvariants\u00a0\u00bb:{}}}]},{\u00ab\u00a0collection\u00a0\u00bb:\u00a0\u00bbchains\u00a0\u00bb,\u00a0\u00bbtype\u00a0\u00bb:\u00a0\u00bbFooterSubscribeChain\u00a0\u00bb,\u00a0\u00bbprops\u00a0\u00bb:{\u00ab\u00a0collection\u00a0\u00bb:\u00a0\u00bbchains\u00a0\u00bb,\u00a0\u00bbtype\u00a0\u00bb:\u00a0\u00bbFooterSubscribeChain\u00a0\u00bb,\u00a0\u00bbid\u00a0\u00bb:\u00a0\u00bb0fcvEBwhbrC\u00a0\u00bb,\u00a0\u00bbcustomFields\u00a0\u00bb:{\u00ab\u00a0desktopImageSrc\u00a0\u00bb:\u00a0\u00bb\/pb\/resources\/images\/footer_img_abo_desktop.png\u00a0\u00bb,\u00a0\u00bbtitleText\u00a0\u00bb:\u00a0\u00bbProfitez des avantages de l\u2019offre num\u00e9rique\u00a0\u00bb,\u00a0\u00bbbuttonLinkUrl\u00a0\u00bb:\u00a0\u00bbhttps:\/\/abonnement.leparisien.fr\/?origin=FOOWA717&Prime;,\u00a0\u00bbmobileImageSrc\u00a0\u00bb:\u00a0\u00bb\/pb\/resources\/images\/footer_img_abo_tablet.png\u00a0\u00bb,\u00a0\u00bbbuttonActionSelect\u00a0\u00bb:\u00a0\u00bbOpen URL in same window\u00a0\u00bb,\u00a0\u00bbbuttonLinkText\u00a0\u00bb:\u00a0\u00bbJe m&rsquo;abonne\u00a0\u00bb},\u00a0\u00bbdisplayProperties\u00a0\u00bb:{\u00ab\u00a0columns\u00a0\u00bb:{}}},\u00a0\u00bbchildren\u00a0\u00bb:[{\u00ab\u00a0collection\u00a0\u00bb:\u00a0\u00bbfeatures\u00a0\u00bb,\u00a0\u00bbtype\u00a0\u00bb:\u00a0\u00bbglobal\/BulletPointItem\u00a0\u00bb,\u00a0\u00bbprops\u00a0\u00bb:{\u00ab\u00a0collection\u00a0\u00bb:\u00a0\u00bbfeatures\u00a0\u00bb,\u00a0\u00bbtype\u00a0\u00bb:\u00a0\u00bbglobal\/BulletPointItem\u00a0\u00bb,\u00a0\u00bbid\u00a0\u00bb:\u00a0\u00bb0ffp5Svhbr2-7-1-0&Prime;,\u00a0\u00bbcontentConfig\u00a0\u00bb:{\u00ab\u00a0contentService\u00a0\u00bb:\u00a0\u00bb\u00a0\u00bb,\u00a0\u00bbcontentConfigValues\u00a0\u00bb:{},\u00a0\u00bbinherit\u00a0\u00bb:false},\u00a0\u00bbcustomFields\u00a0\u00bb:{\u00ab\u00a0text\u00a0\u00bb:\u00a0\u00bbL\u2019int\u00e9gralit\u00e9 des articles et vid\u00e9os\u00a0\u00bb},\u00a0\u00bbdisplayProperties\u00a0\u00bb:{},\u00a0\u00bblocalEdits\u00a0\u00bb:{},\u00a0\u00bbvariants\u00a0\u00bb:{}}},{\u00ab\u00a0collection\u00a0\u00bb:\u00a0\u00bbfeatures\u00a0\u00bb,\u00a0\u00bbtype\u00a0\u00bb:\u00a0\u00bbglobal\/BulletPointItem\u00a0\u00bb,\u00a0\u00bbprops\u00a0\u00bb:{\u00ab\u00a0collection\u00a0\u00bb:\u00a0\u00bbfeatures\u00a0\u00bb,\u00a0\u00bbtype\u00a0\u00bb:\u00a0\u00bbglobal\/BulletPointItem\u00a0\u00bb,\u00a0\u00bbid\u00a0\u00bb:\u00a0\u00bb0fPfjUvhbrT-7-1-1&Prime;,\u00a0\u00bbcontentConfig\u00a0\u00bb:{\u00ab\u00a0contentService\u00a0\u00bb:\u00a0\u00bb\u00a0\u00bb,\u00a0\u00bbcontentConfigValues\u00a0\u00bb:{},\u00a0\u00bbinherit\u00a0\u00bb:false},\u00a0\u00bbcustomFields\u00a0\u00bb:{\u00ab\u00a0text\u00a0\u00bb:\u00a0\u00bbL\u2019info locale qui vous concerne\u00a0\u00bb},\u00a0\u00bbdisplayProperties\u00a0\u00bb:{},\u00a0\u00bblocalEdits\u00a0\u00bb:{},\u00a0\u00bbvariants\u00a0\u00bb:{}}},{\u00ab\u00a0collection\u00a0\u00bb:\u00a0\u00bbfeatures\u00a0\u00bb,\u00a0\u00bbtype\u00a0\u00bb:\u00a0\u00bbglobal\/BulletPointItem\u00a0\u00bb,\u00a0\u00bbprops\u00a0\u00bb:{\u00ab\u00a0collection\u00a0\u00bb:\u00a0\u00bbfeatures\u00a0\u00bb,\u00a0\u00bbtype\u00a0\u00bb:\u00a0\u00bbglobal\/BulletPointItem\u00a0\u00bb,\u00a0\u00bbid\u00a0\u00bb:\u00a0\u00bb0f4hYYvhbrM-7-1-2&Prime;,\u00a0\u00bbcontentConfig\u00a0\u00bb:{\u00ab\u00a0contentService\u00a0\u00bb:\u00a0\u00bb\u00a0\u00bb,\u00a0\u00bbcontentConfigValues\u00a0\u00bb:{},\u00a0\u00bbinherit\u00a0\u00bb:false},\u00a0\u00bbcustomFields\u00a0\u00bb:{\u00ab\u00a0text\u00a0\u00bb:\u00a0\u00bbLe journal num\u00e9rique d\u00e8s 22h30 la veille de sa parution\u00a0\u00bb},\u00a0\u00bbdisplayProperties\u00a0\u00bb:{},\u00a0\u00bblocalEdits\u00a0\u00bb:{},\u00a0\u00bbvariants\u00a0\u00bb:{}}},{\u00ab\u00a0collection\u00a0\u00bb:\u00a0\u00bbfeatures\u00a0\u00bb,\u00a0\u00bbtype\u00a0\u00bb:\u00a0\u00bbglobal\/BulletPointItem\u00a0\u00bb,\u00a0\u00bbprops\u00a0\u00bb:{\u00ab\u00a0collection\u00a0\u00bb:\u00a0\u00bbfeatures\u00a0\u00bb,\u00a0\u00bbtype\u00a0\u00bb:\u00a0\u00bbglobal\/BulletPointItem\u00a0\u00bb,\u00a0\u00bbid\u00a0\u00bb:\u00a0\u00bb0f7py0whbrH-7-1-3&Prime;,\u00a0\u00bbcontentConfig\u00a0\u00bb:{\u00ab\u00a0contentService\u00a0\u00bb:\u00a0\u00bb\u00a0\u00bb,\u00a0\u00bbcontentConfigValues\u00a0\u00bb:{},\u00a0\u00bbinherit\u00a0\u00bb:false},\u00a0\u00bbcustomFields\u00a0\u00bb:{\u00ab\u00a0text\u00a0\u00bb:\u00a0\u00bbUne navigation sans publicit\u00e9\u00a0\u00bb},\u00a0\u00bbdisplayProperties\u00a0\u00bb:{},\u00a0\u00bblocalEdits\u00a0\u00bb:{},\u00a0\u00bbvariants\u00a0\u00bb:{}}},{\u00ab\u00a0collection\u00a0\u00bb:\u00a0\u00bbfeatures\u00a0\u00bb,\u00a0\u00bbtype\u00a0\u00bb:\u00a0\u00bbglobal\/BulletPointItem\u00a0\u00bb,\u00a0\u00bbprops\u00a0\u00bb:{\u00ab\u00a0collection\u00a0\u00bb:\u00a0\u00bbfeatures\u00a0\u00bb,\u00a0\u00bbtype\u00a0\u00bb:\u00a0\u00bbglobal\/BulletPointItem\u00a0\u00bb,\u00a0\u00bbid\u00a0\u00bb:\u00a0\u00bb0fs6R4whbrR-7-1-4&Prime;,\u00a0\u00bbcontentConfig\u00a0\u00bb:{\u00ab\u00a0contentService\u00a0\u00bb:\u00a0\u00bb\u00a0\u00bb,\u00a0\u00bbcontentConfigValues\u00a0\u00bb:{},\u00a0\u00bbinherit\u00a0\u00bb:false},\u00a0\u00bbcustomFields\u00a0\u00bb:{\u00ab\u00a0text\u00a0\u00bb:\u00a0\u00bbDes offres privil\u00e8ges avec le Club Le Parisien\u00a0\u00bb},\u00a0\u00bbdisplayProperties\u00a0\u00bb:{},\u00a0\u00bblocalEdits\u00a0\u00bb:{},\u00a0\u00bbvariants\u00a0\u00bb:{}}}]},{\u00ab\u00a0collection\u00a0\u00bb:\u00a0\u00bbfeatures\u00a0\u00bb,\u00a0\u00bbtype\u00a0\u00bb:\u00a0\u00bbglobal\/DynamicSurfooter\u00a0\u00bb,\u00a0\u00bbprops\u00a0\u00bb:{\u00ab\u00a0collection\u00a0\u00bb:\u00a0\u00bbfeatures\u00a0\u00bb,\u00a0\u00bbtype\u00a0\u00bb:\u00a0\u00bbglobal\/DynamicSurfooter\u00a0\u00bb,\u00a0\u00bbid\u00a0\u00bb:\u00a0\u00bbf0fpLDVh19B824B\u00a0\u00bb,\u00a0\u00bbname\u00a0\u00bb:\u00a0\u00bbglobal DynamicSurfooter\u00a0\u00bb,\u00a0\u00bbcontentConfig\u00a0\u00bb:{\u00ab\u00a0contentService\u00a0\u00bb:\u00a0\u00bb\u00a0\u00bb,\u00a0\u00bbcontentConfigValues\u00a0\u00bb:{},\u00a0\u00bbinherit\u00a0\u00bb:true},\u00a0\u00bbcustomFields\u00a0\u00bb:{\u00ab\u00a0pageType\u00a0\u00bb:\u00a0\u00bbarticle\u00a0\u00bb},\u00a0\u00bbdisplayProperties\u00a0\u00bb:{},\u00a0\u00bblocalEdits\u00a0\u00bb:{},\u00a0\u00bbvariants\u00a0\u00bb:{}}},{\u00ab\u00a0collection\u00a0\u00bb:\u00a0\u00bbfeatures\u00a0\u00bb,\u00a0\u00bbtype\u00a0\u00bb:\u00a0\u00bbglobal\/FooterSections\u00a0\u00bb,\u00a0\u00bbprops\u00a0\u00bb:{\u00ab\u00a0collection\u00a0\u00bb:\u00a0\u00bbfeatures\u00a0\u00bb,\u00a0\u00bbtype\u00a0\u00bb:\u00a0\u00bbglobal\/FooterSections\u00a0\u00bb,\u00a0\u00bbid\u00a0\u00bb:\u00a0\u00bb0f0D7trD8rG\u00a0\u00bb,\u00a0\u00bbcontentConfig\u00a0\u00bb:{\u00ab\u00a0contentService\u00a0\u00bb:\u00a0\u00bb\u00a0\u00bb,\u00a0\u00bbcontentConfigValues\u00a0\u00bb:{},\u00a0\u00bbinherit\u00a0\u00bb:false},\u00a0\u00bbcustomFields\u00a0\u00bb:{\u00ab\u00a0footerLinks\u00a0\u00bb:\u00a0\u00bb[{\\\u00a0\u00bburl\\\u00a0\u00bb:\\\u00a0\u00bbhttps:\/\/www.leparisien.fr\/etudiant\/sortir\/paris\/reveillon\/\\\u00a0\u00bb,\\\u00a0\u00bbtitle\\\u00a0\u00bb:\\\u00a0\u00bbR\u00e9veillon 2026\\\u00a0\u00bb},{\\\u00a0\u00bburl\\\u00a0\u00bb:\\\u00a0\u00bbhttps:\/\/www.leparisien.fr\/codes-promo\/marques\/\\\u00a0\u00bb,\\\u00a0\u00bbtitle\\\u00a0\u00bb:\\\u00a0\u00bbCodes de r\u00e9duction\\\u00a0\u00bb},{\\\u00a0\u00bburl\\\u00a0\u00bb:\\\u00a0\u00bb\/resultats-elections\/\\\u00a0\u00bb,\\\u00a0\u00bbtitle\\\u00a0\u00bb:\\\u00a0\u00bbR\u00e9sultats \u00e9lections \\\u00a0\u00bb}]\u00a0\u00bb,\u00a0\u00bbarchivesLastYear\u00a0\u00bb:\u00a0\u00bb2016&Prime;},\u00a0\u00bbdisplayProperties\u00a0\u00bb:{},\u00a0\u00bblocalEdits\u00a0\u00bb:{\u00ab\u00a0items\u00a0\u00bb:{}},\u00a0\u00bbvariants\u00a0\u00bb:{}}},{\u00ab\u00a0collection\u00a0\u00bb:\u00a0\u00bbfeatures\u00a0\u00bb,\u00a0\u00bbtype\u00a0\u00bb:\u00a0\u00bbglobal\/FooterLast\u00a0\u00bb,\u00a0\u00bbprops\u00a0\u00bb:{\u00ab\u00a0collection\u00a0\u00bb:\u00a0\u00bbfeatures\u00a0\u00bb,\u00a0\u00bbtype\u00a0\u00bb:\u00a0\u00bbglobal\/FooterLast\u00a0\u00bb,\u00a0\u00bbid\u00a0\u00bb:\u00a0\u00bb0fvwmwrD8rY\u00a0\u00bb,\u00a0\u00bbcontentConfig\u00a0\u00bb:{\u00ab\u00a0contentService\u00a0\u00bb:\u00a0\u00bb\u00a0\u00bb,\u00a0\u00bbcontentConfigValues\u00a0\u00bb:{},\u00a0\u00bbinherit\u00a0\u00bb:false},\u00a0\u00bbcustomFields\u00a0\u00bb:{},\u00a0\u00bbdisplayProperties\u00a0\u00bb:{},\u00a0\u00bblocalEdits\u00a0\u00bb:{\u00ab\u00a0items\u00a0\u00bb:{}},\u00a0\u00bbvariants\u00a0\u00bb:{}}}]}]};Fusion.spa=false;Fusion.spaEnabled=false;<\/p>\n","protected":false},"excerpt":{"rendered":"Les premi\u00e8res neiges de 2026 sont tomb\u00e9es sur l\u2019\u00cele-de-France ! \u00c0 la mi-journ\u00e9e, Paris a par exemple connu&hellip;\n","protected":false},"author":2,"featured_media":636961,"comment_status":"","ping_status":"","sticky":false,"template":"","format":"standard","meta":{"footnotes":""},"categories":[1592],"tags":[1111,11,872,1777,674,1011,27,662,2487,12,626,25],"class_list":{"0":"post-636960","1":"post","2":"type-post","3":"status-publish","4":"format-standard","5":"has-post-thumbnail","7":"category-ile-de-france","8":"tag-actu","9":"tag-actualites","10":"tag-culture-et-loisirs","11":"tag-eu","12":"tag-europe","13":"tag-fr","14":"tag-france","15":"tag-ile-de-france","16":"tag-meteo","17":"tag-news","18":"tag-paris","19":"tag-republique-francaise"},"share_on_mastodon":{"url":"https:\/\/pubeurope.com\/@fr\/115827510224777065","error":""},"_links":{"self":[{"href":"https:\/\/www.europesays.com\/fr\/wp-json\/wp\/v2\/posts\/636960","targetHints":{"allow":["GET"]}}],"collection":[{"href":"https:\/\/www.europesays.com\/fr\/wp-json\/wp\/v2\/posts"}],"about":[{"href":"https:\/\/www.europesays.com\/fr\/wp-json\/wp\/v2\/types\/post"}],"author":[{"embeddable":true,"href":"https:\/\/www.europesays.com\/fr\/wp-json\/wp\/v2\/users\/2"}],"replies":[{"embeddable":true,"href":"https:\/\/www.europesays.com\/fr\/wp-json\/wp\/v2\/comments?post=636960"}],"version-history":[{"count":0,"href":"https:\/\/www.europesays.com\/fr\/wp-json\/wp\/v2\/posts\/636960\/revisions"}],"wp:featuredmedia":[{"embeddable":true,"href":"https:\/\/www.europesays.com\/fr\/wp-json\/wp\/v2\/media\/636961"}],"wp:attachment":[{"href":"https:\/\/www.europesays.com\/fr\/wp-json\/wp\/v2\/media?parent=636960"}],"wp:term":[{"taxonomy":"category","embeddable":true,"href":"https:\/\/www.europesays.com\/fr\/wp-json\/wp\/v2\/categories?post=636960"},{"taxonomy":"post_tag","embeddable":true,"href":"https:\/\/www.europesays.com\/fr\/wp-json\/wp\/v2\/tags?post=636960"}],"curies":[{"name":"wp","href":"https:\/\/api.w.org\/{rel}","templated":true}]}}