{"id":636964,"date":"2026-01-02T20:59:13","date_gmt":"2026-01-02T20:59:13","guid":{"rendered":"https:\/\/www.europesays.com\/fr\/636964\/"},"modified":"2026-01-02T20:59:13","modified_gmt":"2026-01-02T20:59:13","slug":"garde-a-vue-pour-un-homme-ayant-vole-lepee-dune-statue-de-jeanne-darc","status":"publish","type":"post","link":"https:\/\/www.europesays.com\/fr\/636964\/","title":{"rendered":"garde \u00e0 vue pour un homme ayant vol\u00e9 l&rsquo;\u00e9p\u00e9e d&rsquo;une statue de Jeanne d&rsquo;Arc"},"content":{"rendered":"<p>\n    Apr\u00e8s avoir r\u00e9ussi \u00e0 arracher la lame de l\u2019\u00e9p\u00e9e et quitt\u00e9 les lieux avec, il a \u00e9t\u00e9 interpell\u00e9 par la police et plac\u00e9 en garde \u00e0 vue.<\/p>\n<p class=\"fig-paragraph\">Un homme a \u00e9t\u00e9 plac\u00e9 en garde \u00e0 vue apr\u00e8s avoir vol\u00e9 la lame de l&rsquo;\u00e9p\u00e9e d&rsquo;une statue de\u00a0<a href=\"http:\/\/www.lefigaro.fr\/cinema\/isla-johnston-pressentie-pour-incarner-jeanne-d-arc-dans-le-prochain-film-de-baz-luhrmann-20250819\" data-fig-type=\"Article\" data-gtm-custom-categorie=\"navigation\" data-gtm-custom-action=\"crossclick\" data-gtm-custom-label=\"Contextuel\" data-gtm-event=\"customEventSPE\" data-fig-domain=\"LEFIGARO\" target=\"_blank\" rel=\"noopener\">Jeanne d&rsquo;Arc<\/a>\u00a0\u00e0 Paris, dans le 8e arrondissement, a appris vendredi 2 janvier l&rsquo;AFP de source polici\u00e8re. Vendredi, aux alentours de 10 heures, cet homme a escalad\u00e9 la statue place Saint-Augustin, non loin de la\u00a0<a href=\"http:\/\/www.lefigaro.fr\/faits-divers\/paris-un-incendie-en-cours-dans-un-immeuble-en-face-de-la-gare-saint-lazare-20241224\" data-fig-type=\"NewsFlash\" data-gtm-custom-categorie=\"navigation\" data-gtm-custom-action=\"crossclick\" data-gtm-custom-label=\"Contextuel\" data-gtm-event=\"customEventSPE\" data-fig-domain=\"LEFIGARO\" target=\"_blank\" rel=\"noopener\">gare Saint-Lazare<\/a>.<\/p>\n<p class=\"fig-paragraph\">Apr\u00e8s avoir r\u00e9ussi \u00e0 arracher la lame de l&rsquo;\u00e9p\u00e9e et quitt\u00e9 les lieux avec, il a \u00e9t\u00e9 interpell\u00e9 par la police et plac\u00e9 en garde \u00e0 vue. Il fera l&rsquo;objet d&rsquo;un examen de comportement, a expliqu\u00e9 cette source polici\u00e8re. La statue \u00e9questre de Jeanne d&rsquo;Arc est une \u0153uvre du sculpteur fran\u00e7ais Paul Dubois, r\u00e9alis\u00e9e \u00e0 la fin du XIXe si\u00e8cle. Cette \u0153uvre, un temps expos\u00e9e devant le Panth\u00e9on, est la seule parisienne repr\u00e9sentant \u00abLa Pucelle d&rsquo;Orl\u00e9ans\u00bb brandissant une \u00e9p\u00e9e dans sa main droite.<\/p>\n<p>                                            <a class=\"fig-a11y-skip\" href=\"#fig-a11y-skip-main-inarticle\" data-module=\"a11y-skip\" data-context=\"was @visible\"><br \/>\n    Passer la publicit\u00e9<br \/>\n<\/a>            <\/p>\n<p class=\"fig-paragraph\">Plus d\u2019informations \u00e0 venir&#8230;<\/p>\n","protected":false},"excerpt":{"rendered":"Apr\u00e8s avoir r\u00e9ussi \u00e0 arracher la lame de l\u2019\u00e9p\u00e9e et quitt\u00e9 les lieux avec, il a \u00e9t\u00e9 interpell\u00e9&hellip;\n","protected":false},"author":2,"featured_media":636965,"comment_status":"","ping_status":"","sticky":false,"template":"","format":"standard","meta":{"footnotes":""},"categories":[1888],"tags":[1111,1928,11,1927,1777,674,1011,27,14168,12,1926,626,1925,25,1175],"class_list":{"0":"post-636964","1":"post","2":"type-post","3":"status-publish","4":"format-standard","5":"has-post-thumbnail","7":"category-paris","8":"tag-actu","9":"tag-actu-paris","10":"tag-actualites","11":"tag-actualites-paris","12":"tag-eu","13":"tag-europe","14":"tag-fr","15":"tag-france","16":"tag-jeanne-darc","17":"tag-news","18":"tag-news-paris","19":"tag-paris","20":"tag-paris-news","21":"tag-republique-francaise","22":"tag-vol"},"share_on_mastodon":{"url":"https:\/\/pubeurope.com\/@fr\/115827517987466116","error":""},"_links":{"self":[{"href":"https:\/\/www.europesays.com\/fr\/wp-json\/wp\/v2\/posts\/636964","targetHints":{"allow":["GET"]}}],"collection":[{"href":"https:\/\/www.europesays.com\/fr\/wp-json\/wp\/v2\/posts"}],"about":[{"href":"https:\/\/www.europesays.com\/fr\/wp-json\/wp\/v2\/types\/post"}],"author":[{"embeddable":true,"href":"https:\/\/www.europesays.com\/fr\/wp-json\/wp\/v2\/users\/2"}],"replies":[{"embeddable":true,"href":"https:\/\/www.europesays.com\/fr\/wp-json\/wp\/v2\/comments?post=636964"}],"version-history":[{"count":0,"href":"https:\/\/www.europesays.com\/fr\/wp-json\/wp\/v2\/posts\/636964\/revisions"}],"wp:featuredmedia":[{"embeddable":true,"href":"https:\/\/www.europesays.com\/fr\/wp-json\/wp\/v2\/media\/636965"}],"wp:attachment":[{"href":"https:\/\/www.europesays.com\/fr\/wp-json\/wp\/v2\/media?parent=636964"}],"wp:term":[{"taxonomy":"category","embeddable":true,"href":"https:\/\/www.europesays.com\/fr\/wp-json\/wp\/v2\/categories?post=636964"},{"taxonomy":"post_tag","embeddable":true,"href":"https:\/\/www.europesays.com\/fr\/wp-json\/wp\/v2\/tags?post=636964"}],"curies":[{"name":"wp","href":"https:\/\/api.w.org\/{rel}","templated":true}]}}