{"id":636966,"date":"2026-01-02T21:00:10","date_gmt":"2026-01-02T21:00:10","guid":{"rendered":"https:\/\/www.europesays.com\/fr\/636966\/"},"modified":"2026-01-02T21:00:10","modified_gmt":"2026-01-02T21:00:10","slug":"des-soignants-de-lhopital-militaire-percy-de-clamart-mobilises-en-suisse","status":"publish","type":"post","link":"https:\/\/www.europesays.com\/fr\/636966\/","title":{"rendered":"des soignants de l&rsquo;h\u00f4pital militaire Percy de Clamart mobilis\u00e9s en Suisse"},"content":{"rendered":"<p>                    Par<br \/>\n        <strong><br \/>\n            <a href=\"https:\/\/actu.fr\/auteur\/marie-amelie-marchal\" title=\"Consulter tous les articles de Marie Amelie Marchal\" target=\"_blank\" rel=\"noopener\">Marie Amelie Marchal<\/a><br \/>\n                    <\/strong><\/p>\n<p>        Publi\u00e9 le<\/p>\n<p>            2 janv. 2026 \u00e0 17h40        <\/p>\n<p>L\u2019ampleur du <a href=\"https:\/\/actu.fr\/monde\/une-explosion-dans-un-bar-de-nuit-fait-plusieurs-morts-dans-une-station-de-ski-en-suisse_63642153.html\" target=\"_blank\" rel=\"noopener\">drame<\/a> est in\u00e9dite. Dans la nuit du 31 d\u00e9cembre au 1er janvier 2026, un incendie a ravag\u00e9 <a href=\"https:\/\/actu.fr\/faits-divers\/drame-de-crans-montana-qui-sont-les-gerants-bien-connus-dans-les-alpes-maritimes_63643195.html\" target=\"_blank\" rel=\"noopener\">un bar<\/a> dans la station suisse du Crans-Montana faisant<strong> une quarantaine de morts et 119 bless\u00e9s<\/strong>. Selon les derni\u00e8res informations, au moins neuf Fran\u00e7ais sont bless\u00e9s et huit port\u00e9s disparus. Pour venir en aide aux soignants suisses, une \u00e9quipe de militaires officiant \u00e0 <a href=\"https:\/\/actu.fr\/ile-de-france\/clamart_92023\/hauts-de-seine-clamart-fait-don-de-100-000-euros-a-l-hopital-des-armees-de-percy_45040828.html\" target=\"_blank\" rel=\"noopener\">Percy<\/a> a \u00e9t\u00e9 envoy\u00e9e sur place indique \u00e0 actu Paris le minist\u00e8re des Arm\u00e9es et des Anciens combattants.<\/p>\n<p>\u00ab\u2009Trop t\u00f4t pour dire quels h\u00f4pitaux prennent quels patients\u2009\u00bb<\/p>\n<p class=\" wall-content\">\u00c0 la demande de la Suisse, une mission d\u00e9di\u00e9e d\u2019\u00e9valuation des bless\u00e9s br\u00fbl\u00e9s en vue de leur \u00e9vacuation dans les structures comp\u00e9tentes selon l\u2019\u00e9tat des l\u00e9sions, \u00ab\u2009qui consiste en une \u00e9quipe sp\u00e9cialis\u00e9e intitul\u00e9e \u00ab\u2009Burn Assessment Team\u2009\u00bb laquelle comporte <strong>quatre membres dont trois militaires de Percy<\/strong> (un plasticien, un anesth\u00e9siste et une infirmi\u00e8re sp\u00e9cialis\u00e9s dans ces pathologies) et <strong>un m\u00e9decin des pompiers<\/strong> du minist\u00e8re de l\u2019int\u00e9rieur\u2009\u00bb, nous indique le minist\u00e8re des Arm\u00e9es. Ils devraient rester sur place plusieurs jours pour \u00ab\u2009soutenir le travail des autorit\u00e9s sanitaires suisses\u2009\u00bb.<\/p>\n<p class=\" wall-content\">Quant \u00e0 la r\u00e9partition, si l\u2019on sait que des victimes ont \u00e9t\u00e9 <a href=\"https:\/\/actu.fr\/auvergne-rhone-alpes\/lyon_69123\/incendie-mortel-de-crans-montana-des-jeunes-victimes-transferees-d-urgence-a-lyon_63643124.html\" target=\"_blank\" rel=\"noopener\">transf\u00e9r\u00e9es \u00e0 Lyon<\/a> et \u00e0 Paris, le minist\u00e8re des Arm\u00e9es nous indique qu\u2019il est encore \u00ab<strong>\u2009trop t\u00f4t<\/strong> pour dire pr\u00e9cis\u00e9ment<strong> quels h\u00f4pitaux prennent quels patients<\/strong> et quand\u2009\u00bb. Ajoutant que \u00ab\u2009la r\u00e9gulation est en cours\u2009\u00bb et que Percy et Sainte-Anne \u00e0 Toulon (Var) sont deux destinations possibles.<\/p>\n<p class=\" wall-content\">\u00c0 ce stade, des victimes originaires du <a href=\"https:\/\/actu.fr\/occitanie\/saint-julien-de-peyrolas_30273\/incendie-mortel-a-crans-montana-un-habitant-du-gard-parmi-les-victimes_63644857.html\" target=\"_blank\" rel=\"noopener\">Gard<\/a>, de <a href=\"https:\/\/actu.fr\/societe\/incendie-a-crans-montana-une-setoise-figure-parmi-les-victimes_63644603.html\" target=\"_blank\" rel=\"noopener\">l\u2019H\u00e9rault<\/a> et de la <a href=\"https:\/\/actu.fr\/bourgogne-franche-comte\/dijon_21231\/incendie-de-crans-montana-en-suisse-le-temoignage-glacant-d-un-lyceen-dijonnais_63643426.html\" target=\"_blank\" rel=\"noopener\">C\u00f4te-d\u2019Or<\/a> ont d\u00e9j\u00e0 \u00e9t\u00e9 identifi\u00e9es.<\/p>\n<p class=\" wall-content\">Personnalisez votre actualit\u00e9 en ajoutant vos villes et m\u00e9dias en favori avec <a href=\"https:\/\/moncompte.actu.fr\" title=\"D\u00e9couvez Mon Actu\" rel=\"nofollow noopener\" data-trk=\"{&quot;cta&quot;:{&quot;action&quot;:&quot;https:\\\/\\\/moncompte.actu.fr&quot;,&quot;category&quot;:&quot;mon compte&quot;,&quot;from&quot;:&quot;article footer&quot;,&quot;name&quot;:&quot;Mon actu&quot;,&quot;type&quot;:&quot;cta&quot;}}\" target=\"_blank\">Mon Actu<\/a>.<\/p>\n","protected":false},"excerpt":{"rendered":"Par Marie Amelie Marchal Publi\u00e9 le 2 janv. 2026 \u00e0 17h40 L\u2019ampleur du drame est in\u00e9dite. Dans la&hellip;\n","protected":false},"author":2,"featured_media":636967,"comment_status":"","ping_status":"","sticky":false,"template":"","format":"standard","meta":{"footnotes":""},"categories":[1888],"tags":[11,1813,1777,674,118,1011,27,1310,12,626,1311,25],"class_list":{"0":"post-636966","1":"post","2":"type-post","3":"status-publish","4":"format-standard","5":"has-post-thumbnail","7":"category-paris","8":"tag-actualites","9":"tag-armee","10":"tag-eu","11":"tag-europe","12":"tag-faits-divers","13":"tag-fr","14":"tag-france","15":"tag-incendie","16":"tag-news","17":"tag-paris","18":"tag-pompiers","19":"tag-republique-francaise"},"share_on_mastodon":{"url":"https:\/\/pubeurope.com\/@fr\/115827522007219488","error":""},"_links":{"self":[{"href":"https:\/\/www.europesays.com\/fr\/wp-json\/wp\/v2\/posts\/636966","targetHints":{"allow":["GET"]}}],"collection":[{"href":"https:\/\/www.europesays.com\/fr\/wp-json\/wp\/v2\/posts"}],"about":[{"href":"https:\/\/www.europesays.com\/fr\/wp-json\/wp\/v2\/types\/post"}],"author":[{"embeddable":true,"href":"https:\/\/www.europesays.com\/fr\/wp-json\/wp\/v2\/users\/2"}],"replies":[{"embeddable":true,"href":"https:\/\/www.europesays.com\/fr\/wp-json\/wp\/v2\/comments?post=636966"}],"version-history":[{"count":0,"href":"https:\/\/www.europesays.com\/fr\/wp-json\/wp\/v2\/posts\/636966\/revisions"}],"wp:featuredmedia":[{"embeddable":true,"href":"https:\/\/www.europesays.com\/fr\/wp-json\/wp\/v2\/media\/636967"}],"wp:attachment":[{"href":"https:\/\/www.europesays.com\/fr\/wp-json\/wp\/v2\/media?parent=636966"}],"wp:term":[{"taxonomy":"category","embeddable":true,"href":"https:\/\/www.europesays.com\/fr\/wp-json\/wp\/v2\/categories?post=636966"},{"taxonomy":"post_tag","embeddable":true,"href":"https:\/\/www.europesays.com\/fr\/wp-json\/wp\/v2\/tags?post=636966"}],"curies":[{"name":"wp","href":"https:\/\/api.w.org\/{rel}","templated":true}]}}