{"id":636968,"date":"2026-01-02T21:01:10","date_gmt":"2026-01-02T21:01:10","guid":{"rendered":"https:\/\/www.europesays.com\/fr\/636968\/"},"modified":"2026-01-02T21:01:10","modified_gmt":"2026-01-02T21:01:10","slug":"paris-sg-paris-fc-quand-les-deux-clubs-ne-faisaient-quun-avant-de-divorcer","status":"publish","type":"post","link":"https:\/\/www.europesays.com\/fr\/636968\/","title":{"rendered":"Paris SG-Paris FC, quand les deux clubs ne faisaient qu\u2019un avant de divorcer"},"content":{"rendered":"<p>\n    <strong>R\u00c9CIT \u2013 <\/strong>Le Paris Saint-Germain affronte le Paris FC dimanche (20\u00a0h\u00a045), au Parc des Princes, en Ligue\u00a01. Un duel entre deux clubs qui n\u2019ont fait qu\u2019un entre 1970 et 1972.<\/p>\n<p class=\"fig-paragraph\">Retour vers le futur. Pour la troisi\u00e8me fois, le Paris SG et le Paris FC croiseront le fer ce dimanche (20\u00a0h\u00a045), au Parc des Princes, lors de\u00a0<a href=\"https:\/\/www.lefigaro.fr\/sports\/football\/ligue-1\/calendrier-resultats?journee=17\" target=\"_blank\" rel=\"noopener\" data-gtm-custom-categorie=\"navigation\" data-gtm-custom-action=\"crossclick\" data-gtm-custom-label=\"Contextuel\" data-gtm-event=\"customEventSPE\">la 17e\u00a0journ\u00e9e de Ligue\u00a01<\/a>. Une premi\u00e8re depuis la saison 1978-1979, la seule campagne lors de laquelle les deux clubs ont \u00e9volu\u00e9, en m\u00eame temps, au premier \u00e9chelon national. L\u2019histoire qui lie les deux entit\u00e9s ne se limite toutefois pas \u00e0 ces deux rencontres. R\u00e9cit d\u2019une histoire commune\u2026 mais tout sauf ordinaire.<\/p>\n<p class=\"fig-paragraph\">Histoire qui trouve ses racines dans un mariage de raison, celui de la coquille vide du Paris FC avec le Stade Saint-Germanois, en 1970. Les deux clubs \u00ab\u00a0ont bri\u00e8vement fusionn\u00e9 pour donner naissance au Paris Saint-Germain Football Club. Cette union durera deux saisons\u00a0\u00bb, r\u00e9sume-t-on sur\u00a0<a href=\"https:\/\/parisfc.fr\/historique\/\" target=\"_blank\" rel=\"sponsored noopener\" data-gtm-custom-categorie=\"navigation\" data-gtm-custom-action=\"crossclick\" data-gtm-custom-label=\"Contextuel\" data-gtm-event=\"customEventSPE\">le site du Paris FC<\/a>. Un divorce en forme de \u00ab\u00a0coup politique\u00a0\u00bb, si vous demandez son avis \u00e0 Jean-Claude Bras, premier grand nom attir\u00e9 par le Paris Saint-Germain, \u00e0 l\u2019\u00e9t\u00e9 1970.<\/p>\n<p class=\"fig-paragraph\">Pourquoi ce mariage\u00a0? Quelles racines \u00e0 ce divorce\u00a0? Il faut\u2026<\/p>\n<p class=\"fig-premium-paywall__infos\">\n        Cet article est r\u00e9serv\u00e9 aux abonn\u00e9s.        Il vous reste 92% \u00e0 d\u00e9couvrir.\n    <\/p>\n<p>                <img  data- alt=\"Le Figaro\" class=\"fig-img--complete fig-img\"\/><\/p>\n<p class=\"fig-premium-paywall__title\">Vous avez envie de lire la suite ?<\/p>\n<p class=\"fig-premium-paywall__subtitle\">D\u00e9bloquez tous les articles imm\u00e9diatement.<\/p>\n<p class=\"fig-premium-paywall__connect\">\n                D\u00e9j\u00e0 abonn\u00e9\u00a0?                <a class=\"fig-premium-paywall__connect-link\" href=\"https:\/\/connect.lefigaro.fr\/login?client=horizon_web&amp;type=main&amp;redirect_uri=https%3A%2F%2Fwww.lefigaro.fr%2Fsports%2Ffootball%2Fligue-1%2Fparis-sg-paris-fc-quand-les-deux-clubs-ne-faisaient-qu-un-avant-de-divorcer-20260102\" data-js-gtm=\"{&quot;customCategorie&quot;: &quot;conversion&quot;, &quot;customAction&quot;: &quot;before_Landing_Connexion_paywall_auto&quot;, &quot;customLabel&quot;: &quot;bGVmaWdhcm8uZnJfXzFmMGU3YzlhLTZmYTQtNjg0YS05NmRhLTJiYTE0NDY2YjRlZF9fTmV3c0ZsYXNo_Paris SG-Paris FC, quand les deux clubs ne faisaient qu\u2019un avant de divorcer_67&quot;, &quot;customIDSPE&quot;: &quot;bGVmaWdhcm8uZnJfXzFmMGU3YzlhLTZmYTQtNjg0YS05NmRhLTJiYTE0NDY2YjRlZF9fTmV3c0ZsYXNo&quot;, &quot;event&quot;: &quot;customEventSPE&quot;}\" target=\"_blank\" rel=\"noopener\"><br \/>\n                    Connectez-vous<br \/>\n                <\/a>\n            <\/p>\n","protected":false},"excerpt":{"rendered":"R\u00c9CIT \u2013 Le Paris Saint-Germain affronte le Paris FC dimanche (20\u00a0h\u00a045), au Parc des Princes, en Ligue\u00a01. Un&hellip;\n","protected":false},"author":2,"featured_media":636969,"comment_status":"","ping_status":"","sticky":false,"template":"","format":"standard","meta":{"footnotes":""},"categories":[1888],"tags":[11,1777,674,1011,27,12,2334,626,445,93,25],"class_list":{"0":"post-636968","1":"post","2":"type-post","3":"status-publish","4":"format-standard","5":"has-post-thumbnail","7":"category-paris","8":"tag-actualites","9":"tag-eu","10":"tag-europe","11":"tag-fr","12":"tag-france","13":"tag-news","14":"tag-parc-des-princes","15":"tag-paris","16":"tag-paris-fc","17":"tag-psg","18":"tag-republique-francaise"},"share_on_mastodon":{"url":"https:\/\/pubeurope.com\/@fr\/115827525812088387","error":""},"_links":{"self":[{"href":"https:\/\/www.europesays.com\/fr\/wp-json\/wp\/v2\/posts\/636968","targetHints":{"allow":["GET"]}}],"collection":[{"href":"https:\/\/www.europesays.com\/fr\/wp-json\/wp\/v2\/posts"}],"about":[{"href":"https:\/\/www.europesays.com\/fr\/wp-json\/wp\/v2\/types\/post"}],"author":[{"embeddable":true,"href":"https:\/\/www.europesays.com\/fr\/wp-json\/wp\/v2\/users\/2"}],"replies":[{"embeddable":true,"href":"https:\/\/www.europesays.com\/fr\/wp-json\/wp\/v2\/comments?post=636968"}],"version-history":[{"count":0,"href":"https:\/\/www.europesays.com\/fr\/wp-json\/wp\/v2\/posts\/636968\/revisions"}],"wp:featuredmedia":[{"embeddable":true,"href":"https:\/\/www.europesays.com\/fr\/wp-json\/wp\/v2\/media\/636969"}],"wp:attachment":[{"href":"https:\/\/www.europesays.com\/fr\/wp-json\/wp\/v2\/media?parent=636968"}],"wp:term":[{"taxonomy":"category","embeddable":true,"href":"https:\/\/www.europesays.com\/fr\/wp-json\/wp\/v2\/categories?post=636968"},{"taxonomy":"post_tag","embeddable":true,"href":"https:\/\/www.europesays.com\/fr\/wp-json\/wp\/v2\/tags?post=636968"}],"curies":[{"name":"wp","href":"https:\/\/api.w.org\/{rel}","templated":true}]}}