{"id":636972,"date":"2026-01-02T21:03:21","date_gmt":"2026-01-02T21:03:21","guid":{"rendered":"https:\/\/www.europesays.com\/fr\/636972\/"},"modified":"2026-01-02T21:03:21","modified_gmt":"2026-01-02T21:03:21","slug":"lukraine-ordonne-levacuation-de-3-000-enfants-et-de-leurs-parents-de-deux-regions-ou-la-russie-progresse","status":"publish","type":"post","link":"https:\/\/www.europesays.com\/fr\/636972\/","title":{"rendered":"L&rsquo;Ukraine ordonne l&rsquo;\u00e9vacuation de 3\u00a0000\u00a0enfants et de leurs parents de deux r\u00e9gions o\u00f9 la Russie progresse"},"content":{"rendered":"\n<p class=\"c-chapo \">\n  Il s&rsquo;agit d&rsquo;une quarantaine de localit\u00e9s dans les r\u00e9gions de Zaporijjia (sud) et Dnipropetrovsk (centre).\n<\/p>\n<p>      lire plus tard<\/p>\n<p id=\"dialog__title\" class=\"dialog__title\">Pour sauvegarder cet article, connectez-vous ou cr\u00e9ez un compte franceinfo<\/p>\n<p class=\"dialog__description\">Sans paiement. Sans abonnement.<\/p>\n<p>        Fermer la fen\u00eatre d\u2019activation des notifications France Info<\/p>\n<p>      cr\u00e9er votre compte<\/p>\n<p>      se connecter<\/p>\n<p>      :<\/p>\n<p>        Fermer la fen\u00eatre de pr\u00e9sentation<\/p>\n<p>    <img loading=\"lazy\" decoding=\"async\" class=\"signature__image lazyload\" width=\"100\" height=\"100\" data- alt=\"\" src=\"https:\/\/www.europesays.com\/fr\/wp-content\/uploads\/2025\/05\/64a68815cd1a7_placeholder-36b69ec8.png\"\/><\/p>\n<p>    Publi\u00e9 le 02\/01\/2026 19:42<\/p>\n<p>      Mis \u00e0 jour le 02\/01\/2026 20:42<\/p>\n<p>        Temps de lecture : 1min<\/p>\n<p>    <img decoding=\"async\"  alt=\"Un homme charg\u00e9 de sacs apr\u00e8s le bombardement de son appartement dans la r\u00e9gion de Zaporijjia (sud de l'Ukraine), le 17 d\u00e9cembre 2025. (DMYTRO SMOLIENKO \/ NURPHOTO \/ AFP)\" width=\"432\" height=\"243\" src=\"https:\/\/www.europesays.com\/fr\/wp-content\/uploads\/2026\/01\/075-ukrinform-russiang251217-npz57-6958110b8be58181135969.jpg\" fetchpriority=\"high\"\/><\/p>\n<p>      Un homme charg\u00e9 de sacs apr\u00e8s le bombardement de son appartement dans la r\u00e9gion de Zaporijjia (sud de l&rsquo;Ukraine), le 17 d\u00e9cembre 2025. (DMYTRO SMOLIENKO \/ NURPHOTO \/ AFP)<\/p>\n<p>Les autorit\u00e9s ukrainiennes ont ordonn\u00e9, vendredi 2\u00a0janvier, l&rsquo;\u00e9vacuation de plus de 3\u00a0000\u00a0enfants avec leurs parents d&rsquo;une quarantaine de localit\u00e9s dans les r\u00e9gions de Zaporijjia (sud) et Dnipropetrovsk (centre), o\u00f9 les forces russes ont r\u00e9alis\u00e9 des avanc\u00e9es ces derniers mois. Selon le ministre ukrainien de la Reconstruction, Oleksi\u00ef Kouleba, des \u00e9vacuations ont \u00e9galement d\u00e9j\u00e0 eu lieu dans les derniers jours de d\u00e9cembre dans la r\u00e9gion de Tchernihiv, dans le nord de l&rsquo;Ukraine. \u00ab\u00a0Au total, 150\u00a0000\u00a0personnes ont \u00e9t\u00e9 \u00e9vacu\u00e9es des zones de front vers des r\u00e9gions plus s\u00fbres depuis le 1er juin. Parmi elles, on compte pr\u00e8s de 18\u00a0000\u00a0enfants\u00a0\u00bb, a-t-il \u00e9crit sur Telegram.<\/p>\n<p>La plupart des \u00e9vacuations forc\u00e9es de civils en Ukraine ces derni\u00e8res ann\u00e9es l&rsquo;ont \u00e9t\u00e9 dans la r\u00e9gion orientale de <a href=\"https:\/\/www.franceinfo.fr\/monde\/europe\/manifestations-en-ukraine\/guerre-en-ukraine-pourquoi-la-region-d-odessa-est-l-une-des-cibles-prioritaires-de-vladimir-poutine_7698136.html\" target=\"_self\" rel=\"noopener noreferrer nofollow\" data-tooltip-url=\"https:\/\/www.franceinfo.fr\/monde\/europe\/manifestations-en-ukraine\/guerre-en-ukraine-pourquoi-la-region-d-odessa-est-l-une-des-cibles-prioritaires-de-vladimir-poutine_7698136.html\">Donetsk<\/a>, <a href=\"https:\/\/www.franceinfo.fr\/monde\/europe\/manifestations-en-ukraine\/guerre-en-ukraine-l-enjeu-du-donbass_7709239.html\" target=\"_self\" rel=\"noopener noreferrer nofollow\" data-tooltip-url=\"https:\/\/www.franceinfo.fr\/monde\/europe\/manifestations-en-ukraine\/guerre-en-ukraine-l-enjeu-du-donbass_7709239.html\">o\u00f9 se concentre l&rsquo;essentiel des combats<\/a>. Mais l&rsquo;arm\u00e9e russe avance aussi dans celle de Dnipropetrovsk, o\u00f9 elle a p\u00e9n\u00e9tr\u00e9 \u00e0 l&rsquo;\u00e9t\u00e9\u00a02025, et dans celle de Zaporijjia, o\u00f9 le front \u00e9tait rest\u00e9 fig\u00e9 pendant des ann\u00e9es.<\/p>\n<p>Lors de l&rsquo;ann\u00e9e 2025, les forces russes se sont empar\u00e9es de plus de 5\u00a0600\u00a0km2 de territoire ukrainien, soit davantage que les ann\u00e9es 2024 et 2023 r\u00e9unies, selon les donn\u00e9es de l&rsquo;Institut pour l&rsquo;\u00e9tude de la guerre, organisme travaillant avec le Critical Threats Project, deux centres de r\u00e9flexion am\u00e9ricains sp\u00e9cialis\u00e9s dans l&rsquo;\u00e9tude des conflits.<\/p>\n","protected":false},"excerpt":{"rendered":"Il s&rsquo;agit d&rsquo;une quarantaine de localit\u00e9s dans les r\u00e9gions de Zaporijjia (sud) et Dnipropetrovsk (centre). lire plus tard&hellip;\n","protected":false},"author":2,"featured_media":636973,"comment_status":"","ping_status":"","sticky":false,"template":"","format":"standard","meta":{"footnotes":""},"categories":[1590],"tags":[11,1777,674,12,220],"class_list":{"0":"post-636972","1":"post","2":"type-post","3":"status-publish","4":"format-standard","5":"has-post-thumbnail","7":"category-ukraine","8":"tag-actualites","9":"tag-eu","10":"tag-europe","11":"tag-news","12":"tag-ukraine"},"share_on_mastodon":{"url":"https:\/\/pubeurope.com\/@fr\/115827533765003305","error":""},"_links":{"self":[{"href":"https:\/\/www.europesays.com\/fr\/wp-json\/wp\/v2\/posts\/636972","targetHints":{"allow":["GET"]}}],"collection":[{"href":"https:\/\/www.europesays.com\/fr\/wp-json\/wp\/v2\/posts"}],"about":[{"href":"https:\/\/www.europesays.com\/fr\/wp-json\/wp\/v2\/types\/post"}],"author":[{"embeddable":true,"href":"https:\/\/www.europesays.com\/fr\/wp-json\/wp\/v2\/users\/2"}],"replies":[{"embeddable":true,"href":"https:\/\/www.europesays.com\/fr\/wp-json\/wp\/v2\/comments?post=636972"}],"version-history":[{"count":0,"href":"https:\/\/www.europesays.com\/fr\/wp-json\/wp\/v2\/posts\/636972\/revisions"}],"wp:featuredmedia":[{"embeddable":true,"href":"https:\/\/www.europesays.com\/fr\/wp-json\/wp\/v2\/media\/636973"}],"wp:attachment":[{"href":"https:\/\/www.europesays.com\/fr\/wp-json\/wp\/v2\/media?parent=636972"}],"wp:term":[{"taxonomy":"category","embeddable":true,"href":"https:\/\/www.europesays.com\/fr\/wp-json\/wp\/v2\/categories?post=636972"},{"taxonomy":"post_tag","embeddable":true,"href":"https:\/\/www.europesays.com\/fr\/wp-json\/wp\/v2\/tags?post=636972"}],"curies":[{"name":"wp","href":"https:\/\/api.w.org\/{rel}","templated":true}]}}