{"id":636976,"date":"2026-01-02T21:05:19","date_gmt":"2026-01-02T21:05:19","guid":{"rendered":"https:\/\/www.europesays.com\/fr\/636976\/"},"modified":"2026-01-02T21:05:19","modified_gmt":"2026-01-02T21:05:19","slug":"royaume-uni-les-actions-progressent-de-02-7","status":"publish","type":"post","link":"https:\/\/www.europesays.com\/fr\/636976\/","title":{"rendered":"Royaume-Uni : les actions progressent de 0,2%"},"content":{"rendered":"<td class=\"is__realtime px-5\">\n<tr wp_automatic_readability=\"2\">\n<td colspan=\"3\" class=\"is__realtime-quality js-next-event-quotes\" data-next-event=\"2026-01-02T22:00:00+01:00\">\n<p>                                                    Temps r\u00e9el<br \/>\n                                            USA<\/p>\n<p>22:05:11 02\/01\/2026<\/p>\n<\/td>\n<td colspan=\"2\" class=\"txt-align-center is__realtime-quality\">\n<p>                                                            Apr\u00e8s cl\u00f4ture<\/p>\n<p>22:00:36<\/p>\n<\/td>\n<\/tr>\n<tr>\n<td class=\"txt-s7 is__realtime-last txt-align-left\">\n<p>48\u202f382,39                        PTS\n                                    <\/td>\n<td class=\"txt-s7 is__realtime-var txt-align-left\">\n                                             +0,66\u00a0%\n                                    <\/td>\n<td class=\"table-child--middle c-none cs-table table-child--no-pad\">\n                                                <img loading=\"lazy\" decoding=\"async\" style=\"vertical-align: middle\" width=\"120\" height=\"45\" alt=\"Graphique intraday de Dow Jones Industrial\" src=\"https:\/\/www.zonebourse.com\/zbcache\/charts\/ObjectChart.aspx?Name=4945&amp;Type=Intraday&amp;Width=120&amp;Height=45&amp;ShowAxis=0&amp;DTstart=2026-01-02&amp;Render=Line&amp;BottomMargin=3&amp;TopMargin=5&amp;Prev=48063.29\" onerror=\"this.style.display='none'\"\/>                    <\/td>\n<td class=\"txt-s4 txt-align-center\">\n<p>48\u202f352,85                        <\/td>\n<td class=\"txt-s4 txt-align-center\">\n                                                         -0,06\u00a0%<\/p>\n<\/td>\n<\/tr>\n<p class=\"m-0 txt-s1\">Publi\u00e9 le 02\/01\/2026<br \/>\n                    \u00e0 18:07<\/p>\n<p>\n                                            Dow Jones\n                                                        <\/p>\n<p><img decoding=\"async\" src=\"https:\/\/www.europesays.com\/fr\/wp-content\/uploads\/2026\/01\/2016-03-24T202309Z_1_LYNXNPEC2N1BE_RTROPTP_2_USA.JPG\" alt=\"Royaume-Uni :  les actions progressent de 0,2%\" class=\"w-100 media--169 \" data-zoomable=\"true\" data-zoomable-url=\"\/images\/reuters\/2016-03-24T202309Z_1_LYNXNPEC2N1BE_RTROPTP_2_USA.JPG\"\/>]]]]>]]><\/p>\n<p>D\u00e9bloquer l&rsquo;article : INSCRIVEZ-VOUS !<\/p>\n<p><img decoding=\"async\" src=\"https:\/\/www.europesays.com\/fr\/wp-content\/uploads\/2025\/04\/dj-logo-footer.gif\" alt=\"Dow Jones logo\" class=\"c-block ml-auto\"\/><br \/>\n                    \u00a9 Dow Jones &#8211;<br \/>\n                                        2026<\/p>\n<tr class=\" \" wp_automatic_readability=\"0.29268292682927\">\n<td class=\"table-child--centered table-child--top table-child--nowrap table-child--w60 txt-s1\">19:30<\/td>\n<td class=\"w-100\"><a href=\"https:\/\/www.zonebourse.com\/actualite-bourse\/les-fonds-phares-de-d-e-shaw-surmontent-la-volatilite-du-marche-et-battent-le-s-p-500-en-2025-selo-ce7e59d9dc8ff223\" class=\"txt- txt-overflow-2 link link--no-underline my-5 my-m-0 \" target=\"_blank\" rel=\"noopener\"><\/p>\n<p>Les fonds phares de D.E. Shaw surmontent la volatilit\u00e9 du march\u00e9 et battent le S&amp;P 500 en 2025, selon une source<\/p>\n<p>                <\/a><\/td>\n<td class=\"table-child--right  table-child--top table-child--w60 c-none cm-table\">\n                                    RE\n                        <\/td>\n<\/tr>\n<tr class=\" \" wp_automatic_readability=\"0.17142857142857\">\n<td class=\"table-child--centered table-child--top table-child--nowrap table-child--w60 txt-s1\">18:54<\/td>\n<td class=\"w-100\"><a href=\"https:\/\/www.zonebourse.com\/actualite-bourse\/debut-timide-pour-le-s-p-500-et-le-nasdaq-en-2026-apres-de-solides-gains-l-annee-precedente-ce7e59d9dc8cfe24\" class=\"txt- txt-overflow-2 link link--no-underline my-5 my-m-0 \" target=\"_blank\" rel=\"noopener\"><\/p>\n<p>D\u00e9but timide pour le S&amp;P 500 et le Nasdaq en 2026 apr\u00e8s de solides gains l&rsquo;ann\u00e9e pr\u00e9c\u00e9dente<\/p>\n<p>                <\/a><\/td>\n<td class=\"table-child--right  table-child--top table-child--w60 c-none cm-table\">\n                                    RE\n                        <\/td>\n<\/tr>\n<tr class=\" \" wp_automatic_readability=\"0.21951219512195\">\n<td class=\"table-child--centered table-child--top table-child--nowrap table-child--w60 txt-s1\">18:01<\/td>\n<td class=\"w-100\"><a href=\"https:\/\/www.zonebourse.com\/actualite-bourse\/les-indices-boursiers-americains-entament-l-annee-sur-une-note-positive-ce7e59d9dc8df623\" class=\"txt- txt-overflow-2 link link--no-underline my-5 my-m-0 \" target=\"_blank\" rel=\"noopener\"><\/p>\n<p>Les indices boursiers am\u00e9ricains entament l&rsquo;ann\u00e9e sur une note positive<\/p>\n<p>                <\/a><\/td>\n<td class=\"table-child--right  table-child--top table-child--w60 c-none cm-table\">\n                                    MT\n                        <\/td>\n<\/tr>\n<tr class=\" \" wp_automatic_readability=\"0.15189873417722\">\n<td class=\"table-child--centered table-child--top table-child--nowrap table-child--w60 txt-s1\">17:57<\/td>\n<td class=\"w-100\"><a href=\"https:\/\/www.zonebourse.com\/actualite-bourse\/wall-street-se-cherche-une-tendance-pour-la-premiere-seance-de-l-annee-ce7e59d9dc8aff22\" class=\"txt- txt-overflow-2 link link--no-underline my-5 my-m-0 \" target=\"_blank\" rel=\"noopener\"><\/p>\n<p>Wall Street se cherche une tendance pour la premi\u00e8re s\u00e9ance de l&rsquo;ann\u00e9e<\/p>\n<p>                <\/a><\/td>\n<td class=\"table-child--right  table-child--top table-child--w60 c-none cm-table\"><img loading=\"lazy\" decoding=\"async\" src=\"https:\/\/www.europesays.com\/fr\/wp-content\/uploads\/2025\/05\/logo_at.gif\" width=\"14\" height=\"8\" alt=\"Zonebourse\"\/><\/td>\n<\/tr>\n<tr class=\" \" wp_automatic_readability=\"0.24324324324324\">\n<td class=\"table-child--centered table-child--top table-child--nowrap table-child--w60 txt-s1\">16:38<\/td>\n<td class=\"w-100\"><a href=\"https:\/\/www.zonebourse.com\/actualite-bourse\/s-p-et-nasdaq-entament-2026-sur-une-base-solide-alors-que-la-tech-rebondit-apres-des-pertes-recentes-ce7e59d9dc89fe20\" class=\"txt- txt-overflow-2 link link--no-underline my-5 my-m-0 \" target=\"_blank\" rel=\"noopener\"><\/p>\n<p>S&amp;P et Nasdaq entament 2026 sur une base solide alors que la tech rebondit apr\u00e8s des pertes r\u00e9centes<\/p>\n<p>                <\/a><\/td>\n<td class=\"table-child--right  table-child--top table-child--w60 c-none cm-table\">\n                                    RE\n                        <\/td>\n<\/tr>\n<tr class=\" \" wp_automatic_readability=\"0.22784810126582\">\n<td class=\"table-child--centered table-child--top table-child--nowrap table-child--w60 txt-s1\">16:02<\/td>\n<td class=\"w-100\"><a href=\"https:\/\/www.zonebourse.com\/actualite-bourse\/l-argent-et-le-kospi-au-top-le-cacao-et-l-omx-copenhague-au-fond-du-trou-ce7e59d9dd80f521\" class=\"txt- txt-overflow-2 link link--no-underline my-5 my-m-0 \" target=\"_blank\" rel=\"noopener\"><\/p>\n<p>L&rsquo;argent et le KOSPI au Top, le cacao et l&rsquo;OMX Copenhague au fond du trou<\/p>\n<p>                <\/a><\/td>\n<td class=\"table-child--right  table-child--top table-child--w60 c-none cm-table\"><img loading=\"lazy\" decoding=\"async\" src=\"https:\/\/www.europesays.com\/fr\/wp-content\/uploads\/2025\/05\/logo_at.gif\" width=\"14\" height=\"8\" alt=\"Zonebourse\"\/><\/td>\n<\/tr>\n<tr class=\" \" wp_automatic_readability=\"0.16\">\n<td class=\"table-child--centered table-child--top table-child--nowrap table-child--w60 txt-s1\">15:57<\/td>\n<td class=\"w-100\"><a href=\"https:\/\/www.zonebourse.com\/actualite-bourse\/l-expansion-du-secteur-manufacturier-americain-ralentit-en-decembre-ce7e59d9dd80f725\" class=\"txt- txt-overflow-2 link link--no-underline my-5 my-m-0 \" target=\"_blank\" rel=\"noopener\"><\/p>\n<p>L&rsquo;expansion du secteur manufacturier am\u00e9ricain ralentit en d\u00e9cembre<\/p>\n<p>                <\/a><\/td>\n<td class=\"table-child--right  table-child--top table-child--w60 c-none cm-table\"><img loading=\"lazy\" decoding=\"async\" src=\"https:\/\/www.europesays.com\/fr\/wp-content\/uploads\/2025\/05\/logo_at.gif\" width=\"14\" height=\"8\" alt=\"Zonebourse\"\/><\/td>\n<\/tr>\n<tr class=\" \" wp_automatic_readability=\"0.33962264150943\">\n<td class=\"table-child--centered table-child--top table-child--nowrap table-child--w60 txt-s1\">16:12<\/td>\n<td class=\"w-100\"><a href=\"https:\/\/www.zonebourse.com\/actualite-bourse\/wall-street-en-hausse-pour-debuter-l-annee-ce7e59d9dd81fe26\" class=\"txt- txt-overflow-2 link link--no-underline my-5 my-m-0 \" target=\"_blank\" rel=\"noopener\"><\/p>\n<p>Wall Street en hausse pour d\u00e9buter l&rsquo;ann\u00e9e<\/p>\n<p>                <\/a><\/td>\n<td class=\"table-child--right  table-child--top table-child--w60 c-none cm-table\">\n                                    AW\n                        <\/td>\n<\/tr>\n<tr class=\" \" wp_automatic_readability=\"0.2093023255814\">\n<td class=\"table-child--centered table-child--top table-child--nowrap table-child--w60 txt-s1\">15:29<\/td>\n<td class=\"w-100\"><a href=\"https:\/\/www.zonebourse.com\/actualite-bourse\/wall-street-l-annee-2026-devrait-bien-demarrer-dans-le-prolongement-de-2025-ce7e59d9dd81f722\" class=\"txt- txt-overflow-2 link link--no-underline my-5 my-m-0 \" target=\"_blank\" rel=\"noopener\"><\/p>\n<p>Wall Street : l&rsquo;ann\u00e9e 2026 devrait bien d\u00e9marrer, dans le prolongement de 2025<\/p>\n<p>                <\/a><\/td>\n<td class=\"table-child--right  table-child--top table-child--w60 c-none cm-table\"><img loading=\"lazy\" decoding=\"async\" src=\"https:\/\/www.europesays.com\/fr\/wp-content\/uploads\/2025\/05\/logo_at.gif\" width=\"14\" height=\"8\" alt=\"Zonebourse\"\/><\/td>\n<\/tr>\n<tr class=\" \" wp_automatic_readability=\"0.38028169014085\">\n<td class=\"table-child--centered table-child--top table-child--nowrap table-child--w60 txt-s1\">18:32<\/td>\n<td class=\"w-100\"><a href=\"https:\/\/www.zonebourse.com\/actualite-bourse\/les-bourses-mondiales-debutent-2026-en-hausse-la-tech-grimpe-ce7e59d9dd8bf527\" class=\"txt- txt-overflow-2 link link--no-underline my-5 my-m-0 \" target=\"_blank\" rel=\"noopener\"><\/p>\n<p>Les Bourses mondiales d\u00e9butent 2026 en hausse, la tech grimpe<\/p>\n<p>                <\/a><\/td>\n<td class=\"table-child--right  table-child--top table-child--w60 c-none cm-table\">\n                                    AW\n                        <\/td>\n<\/tr>\n<tr class=\" \" wp_automatic_readability=\"0.23076923076923\">\n<td class=\"table-child--centered table-child--top table-child--nowrap table-child--w60 txt-s1\">13:31<\/td>\n<td class=\"w-100\"><a href=\"https:\/\/www.zonebourse.com\/actualite-bourse\/pinnacle-financial-partners-finalise-sa-fusion-avec-synovus-financial-ce7e59d9dd88f42d\" class=\"txt- txt-overflow-2 link link--no-underline my-5 my-m-0 \" target=\"_blank\" rel=\"noopener\"><\/p>\n<p>Pinnacle Financial Partners finalise sa fusion avec Synovus Financial<\/p>\n<p>                <\/a><\/td>\n<td class=\"table-child--right  table-child--top table-child--w60 c-none cm-table\">\n                                    MT\n                        <\/td>\n<\/tr>\n<tr class=\" \" wp_automatic_readability=\"0.18\">\n<td class=\"table-child--centered table-child--top table-child--nowrap table-child--w60 txt-s1\">13:18<\/td>\n<td class=\"w-100\"><a href=\"https:\/\/www.zonebourse.com\/actualite-bourse\/accendra-health-debute-sa-cotation-sous-le-symbole-ach-apres-la-cession-d-owens-minor-ce7e59d9dd89f022\" class=\"txt- txt-overflow-2 link link--no-underline my-5 my-m-0 \" target=\"_blank\" rel=\"noopener\"><\/p>\n<p>Accendra Health d\u00e9bute sa cotation sous le symbole &lsquo;ACH&rsquo; apr\u00e8s la cession d&rsquo;Owens &amp; Minor<\/p>\n<p>                <\/a><\/td>\n<td class=\"table-child--right  table-child--top table-child--w60 c-none cm-table\">\n                                    MT\n                        <\/td>\n<\/tr>\n<tr class=\" \" wp_automatic_readability=\"0.30681818181818\">\n<td class=\"table-child--centered table-child--top table-child--nowrap table-child--w60 txt-s1\">13:08<\/td>\n<td class=\"w-100\"><a href=\"https:\/\/www.zonebourse.com\/actualite-bourse\/le-ftse-recule-apres-un-record-historique-les-valeurs-de-la-defense-en-tete-ce7e59d9dd89f321\" class=\"txt- txt-overflow-2 link link--no-underline my-5 my-m-0 \" target=\"_blank\" rel=\"noopener\"><\/p>\n<p>Le FTSE recule apr\u00e8s un record historique, les valeurs de la d\u00e9fense en t\u00eate<\/p>\n<p>                <\/a><\/td>\n<td class=\"table-child--right  table-child--top table-child--w60 c-none cm-table\">\n                                    AN\n                        <\/td>\n<\/tr>\n<tr class=\" \" wp_automatic_readability=\"0.18181818181818\">\n<td class=\"table-child--centered table-child--top table-child--nowrap table-child--w60 txt-s1\">12:33<\/td>\n<td class=\"w-100\"><a href=\"https:\/\/www.zonebourse.com\/actualite-bourse\/accendra-health-debute-sa-cotation-a-la-bourse-de-new-york-sous-le-nouveau-symbole-ach-ce7e59d9da81f325\" class=\"txt- txt-overflow-2 link link--no-underline my-5 my-m-0 \" target=\"_blank\" rel=\"noopener\"><\/p>\n<p>Accendra Health d\u00e9bute sa cotation \u00e0 la Bourse de New York sous le nouveau symbole \u00ab\u00a0ACH\u00a0\u00bb<\/p>\n<p>                <\/a><\/td>\n<td class=\"table-child--right  table-child--top table-child--w60 c-none cm-table\">\n                                    RE\n                        <\/td>\n<\/tr>\n<tr class=\" \" wp_automatic_readability=\"0.15384615384615\">\n<td class=\"table-child--centered table-child--top table-child--nowrap table-child--w60 txt-s1\">11:36<\/td>\n<td class=\"w-100\"><a href=\"https:\/\/www.zonebourse.com\/actualite-bourse\/l-europe-boursiere-vue-sans-direction-pour-la-premiere-seance-de-2026-ce7e59d9da8cf72d\" class=\"txt- txt-overflow-2 link link--no-underline my-5 my-m-0 \" target=\"_blank\" rel=\"noopener\"><\/p>\n<p>L&rsquo;Europe boursi\u00e8re vue sans direction pour la premi\u00e8re s\u00e9ance de 2026<\/p>\n<p>                <\/a><\/td>\n<td class=\"table-child--right  table-child--top table-child--w60 c-none cm-table\"><img loading=\"lazy\" decoding=\"async\" src=\"https:\/\/www.europesays.com\/fr\/wp-content\/uploads\/2025\/05\/logo_at.gif\" width=\"14\" height=\"8\" alt=\"Zonebourse\"\/><\/td>\n<\/tr>\n<tr class=\" \" wp_automatic_readability=\"0.17910447761194\">\n<td class=\"table-child--centered table-child--top table-child--nowrap table-child--w60 txt-s1\">11:36<\/td>\n<td class=\"w-100\"><a href=\"https:\/\/www.zonebourse.com\/actualite-bourse\/wall-street-sans-entrain-pour-cloturer-une-annee-euphorique-ce7e59d9da8cf727\" class=\"txt- txt-overflow-2 link link--no-underline my-5 my-m-0 \" target=\"_blank\" rel=\"noopener\"><\/p>\n<p>Wall Street sans entrain pour cl\u00f4turer une ann\u00e9e euphorique<\/p>\n<p>                <\/a><\/td>\n<td class=\"table-child--right  table-child--top table-child--w60 c-none cm-table\"><img loading=\"lazy\" decoding=\"async\" src=\"https:\/\/www.europesays.com\/fr\/wp-content\/uploads\/2025\/05\/logo_at.gif\" width=\"14\" height=\"8\" alt=\"Zonebourse\"\/><\/td>\n<\/tr>\n<tr class=\" \" wp_automatic_readability=\"0.32530120481928\">\n<td class=\"table-child--centered table-child--top table-child--nowrap table-child--w60 txt-s1\">10:09<\/td>\n<td class=\"w-100\"><a href=\"https:\/\/www.zonebourse.com\/actualite-bourse\/bourses-mondiales-l-europe-en-hausse-londres-au-dessus-des-10-000-points-ce7e59d9da89f223\" class=\"txt- txt-overflow-2 link link--no-underline my-5 my-m-0 \" target=\"_blank\" rel=\"noopener\"><\/p>\n<p>Bourses mondiales: l&rsquo;Europe en hausse, Londres au-dessus des 10.000 points<\/p>\n<p>                <\/a><\/td>\n<td class=\"table-child--right  table-child--top table-child--w60 c-none cm-table\">\n                                    AW\n                        <\/td>\n<\/tr>\n<tr class=\" \" wp_automatic_readability=\"0.40127388535032\">\n<td class=\"table-child--centered table-child--top table-child--nowrap table-child--w60 txt-s1\">10:01<\/td>\n<td class=\"w-100\"><a href=\"https:\/\/www.zonebourse.com\/actualite-bourse\/les-contrats-a-terme-e-mini-sur-le-s-p-500-americain-en-hausse-de-0-6-ceux-sur-le-nasdaq-100-gagn-ce7e59d9db80ff2c\" class=\"txt- txt-overflow-2 link link--no-underline my-5 my-m-0 \" target=\"_blank\" rel=\"noopener\"><\/p>\n<p>Les contrats \u00e0 terme e-mini sur le S&amp;P 500 am\u00e9ricain en hausse de 0,6 %, ceux sur le Nasdaq 100 gagnent 1 %, les futures sur le Dow prennent 0,3 %<\/p>\n<p>                <\/a><\/td>\n<td class=\"table-child--right  table-child--top table-child--w60 c-none cm-table\">\n                                    RE\n                        <\/td>\n<\/tr>\n<tr class=\" \" wp_automatic_readability=\"0.17647058823529\">\n<td class=\"table-child--centered table-child--top table-child--nowrap table-child--w60 txt-s1\">08:24<\/td>\n<td class=\"w-100\"><a href=\"https:\/\/www.zonebourse.com\/actualite-bourse\/point-marches-l-europe-vue-en-ordre-disperse-pour-la-premiere-seance-de-2026-ce7e59d9db88f325\" class=\"txt- txt-overflow-2 link link--no-underline my-5 my-m-0 \" target=\"_blank\" rel=\"noopener\"><\/p>\n<p>Point march\u00e9s-L&rsquo;Europe vue en ordre dispers\u00e9 pour la premi\u00e8re s\u00e9ance de 2026 (actualis\u00e9)<\/p>\n<p>                <\/a><\/td>\n<td class=\"table-child--right  table-child--top table-child--w60 c-none cm-table\">\n                                    RE\n                        <\/td>\n<\/tr>\n<tr class=\" \" wp_automatic_readability=\"0.16\">\n<td class=\"table-child--centered table-child--top table-child--nowrap table-child--w60 txt-s1\">07:36<\/td>\n<td class=\"w-100\"><a href=\"https:\/\/www.zonebourse.com\/actualite-bourse\/wall-street-4-replis-consecutifs-mais-gain-mensuel-pour-finir-2025-ce7e59d9db88f62d\" class=\"txt- txt-overflow-2 link link--no-underline my-5 my-m-0 \" target=\"_blank\" rel=\"noopener\"><\/p>\n<p>Wall Street : 4 replis cons\u00e9cutifs mais gain mensuel pour finir 2025<\/p>\n<p>                <\/a><\/td>\n<td class=\"table-child--right  table-child--top table-child--w60 c-none cm-table\"><img loading=\"lazy\" decoding=\"async\" src=\"https:\/\/www.europesays.com\/fr\/wp-content\/uploads\/2025\/05\/logo_at.gif\" width=\"14\" height=\"8\" alt=\"Zonebourse\"\/><\/td>\n<\/tr>\n<tr class=\" \" wp_automatic_readability=\"0.40909090909091\">\n<td class=\"table-child--centered table-child--top table-child--nowrap table-child--w60 txt-s1\">03:54<\/td>\n<td class=\"w-100\"><a href=\"https:\/\/www.zonebourse.com\/actualite-bourse\/les-contrats-a-terme-sur-le-nasdaq-en-hausse-de-0-58-ceux-sur-le-s-p-500-progressent-de-0-39--ce7e59d9d88ff727\" class=\"txt- txt-overflow-2 link link--no-underline my-5 my-m-0 \" target=\"_blank\" rel=\"noopener\"><\/p>\n<p>Les contrats \u00e0 terme sur le Nasdaq en hausse de 0,58\u00a0% ; ceux sur le S&amp;P 500 progressent de 0,39\u00a0%<\/p>\n<p>                <\/a><\/td>\n<td class=\"table-child--right  table-child--top table-child--w60 c-none cm-table\">\n                                    RE\n                        <\/td>\n<\/tr>\n<tr class=\" \" wp_automatic_readability=\"0.3375\">\n<td class=\"table-child--centered table-child--top table-child--nowrap table-child--w60 txt-s1\">01:20<\/td>\n<td class=\"w-100\"><a href=\"https:\/\/www.zonebourse.com\/actualite-bourse\/owens-minor-inc-changera-son-symbole-boursier-en-ach-au-lieu-de-omi-ce7e59d9d88af325\" class=\"txt- txt-overflow-2 link link--no-underline my-5 my-m-0 \" target=\"_blank\" rel=\"noopener\"><\/p>\n<p>Owens &amp; Minor, Inc. changera son symbole boursier en ACH au lieu de OMI<\/p>\n<p>                <\/a><\/td>\n<td class=\"table-child--right  table-child--top table-child--w60 c-none cm-table\">\n                                    CI\n                        <\/td>\n<\/tr>\n<tr class=\" \" wp_automatic_readability=\"0.31034482758621\">\n<td class=\"table-child--centered table-child--top table-child--nowrap table-child--w60 txt-s1\">\n    01\/01<\/td>\n<td class=\"w-100\"><a href=\"https:\/\/www.zonebourse.com\/actualite-bourse\/pinnacle-financial-partners-finalise-l-acquisition-de-synovus-financial-corp-pour-7-8-milliards-de-ce7e59d9dd8fff25\" class=\"txt- txt-overflow-2 link link--no-underline my-5 my-m-0 \" target=\"_blank\" rel=\"noopener\"><\/p>\n<p>Pinnacle Financial Partners finalise l&rsquo;acquisition de Synovus Financial Corp. pour 7,8 milliards de dollars<\/p>\n<p>                <\/a><\/td>\n<td class=\"table-child--right  table-child--top table-child--w60 c-none cm-table\">\n                                    CI\n                        <\/td>\n<\/tr>\n<tr class=\" \" wp_automatic_readability=\"0.25352112676056\">\n<td class=\"table-child--centered table-child--top table-child--nowrap table-child--w60 txt-s1\">\n    31\/12<\/td>\n<td class=\"w-100\"><a href=\"https:\/\/www.zonebourse.com\/actualite-bourse\/les-bourses-mondiales-en-ordre-disperse-avant-la-fin-d-annee-ce7e59d8d18af020\" class=\"txt- txt-overflow-2 link link--no-underline my-5 my-m-0 \" target=\"_blank\" rel=\"noopener\"><\/p>\n<p>Les Bourses mondiales en ordre dispers\u00e9 avant la fin d&rsquo;ann\u00e9e<\/p>\n<p>                <\/a><\/td>\n<td class=\"table-child--right  table-child--top table-child--w60 c-none cm-table\">\n                                    AW\n                        <\/td>\n<\/tr>\n<tr class=\" \" wp_automatic_readability=\"0.2093023255814\">\n<td class=\"table-child--centered table-child--top table-child--nowrap table-child--w60 txt-s1\">\n    31\/12<\/td>\n<td class=\"w-100\"><a href=\"https:\/\/www.zonebourse.com\/actualite-bourse\/les-industriels-du-dow-enregistrent-une-huitieme-hausse-mensuelle-consecutive-leur-plus-longue-seri-ce7e59d8d18bf022\" class=\"txt- txt-overflow-2 link link--no-underline my-5 my-m-0 \" target=\"_blank\" rel=\"noopener\"><\/p>\n<p>Les industriels du Dow enregistrent une huiti\u00e8me hausse mensuelle cons\u00e9cutive, leur plus longue s\u00e9rie de gains depuis celle de dix mois achev\u00e9e en janvier 2018<\/p>\n<p>                <\/a><\/td>\n<td class=\"table-child--right  table-child--top table-child--w60 c-none cm-table\">\n                                    RE\n                        <\/td>\n<\/tr>\n<p>Couleur : Varia.Varia. 5j.Variation 1 moisVariation 3 moisVariation 6 moisVaria. 1anVaria. 3ansVaria. 5ansVaria. 10ansVaria. 1 janv.<\/p>\n<p>Pond\u00e9ration : CapitalisationPond\u00e9rations Equipond\u00e9r\u00e9es<\/p>\n<p>Regroupement : IndustrieSuper SecteursSuper Secteurs et SecteursIndustrie et ActionsSuper Secteurs et ActionsSecteurs et ActionsActions<\/p>\n<p><a class=\"c-block mt-10 link link__more\" href=\"https:\/\/www.zonebourse.com\/cours\/indice\/DOW-JONES-INDUSTRIAL-4945\/heatmap\/\" target=\"_blank\" rel=\"noopener\"><br \/>\n                    Heatmap d\u00e9taill\u00e9e<br \/>\n                <\/a><br \/>\n    <img decoding=\"async\" src=\"https:\/\/www.europesays.com\/fr\/wp-content\/uploads\/2025\/12\/img_footer_appstore.png\" alt=\"Download from Apple Store\" loading=\"lazy\"\/><\/p>\n<p class=\"m-0\">NOS EXPERTS \u00c0 VOTRE \u00c9COUTE<\/p>\n<p class=\"m-0 txt-bold\">Lundi &#8211; Vendredi 9h-12h \/ 14h-18h<\/p>\n<p><img decoding=\"async\" src=\"https:\/\/www.europesays.com\/fr\/wp-content\/uploads\/2025\/04\/footer_logo_zb.png\" width=\"181\" height=\"24\" alt=\"Zonebourse, bourse en direct\" loading=\"lazy\"\/><br \/>\n                    Mentions l\u00e9gales<br \/>\n                |<br \/>\n                Param\u00e9trer les cookies<br \/>\n            |<br \/>\n                    Blog Zonebourse<br \/>\n                |<a href=\"https:\/\/www.zonebourse.com\/qui-sommes-nous\" class=\"link txt-footer\" target=\"_blank\" rel=\"noopener\"><br \/>\n                Qui sommes-nous ?<br \/>\n            <\/a>|<br \/>\n                Copyright \u00a9 2026 Surperformance SAS. Tous droits r\u00e9serv\u00e9s.<\/p>\n<p>\n            Les cotations sont fournies par Factset, Morningstar et S&amp;P Capital IQ\n        <\/p>\n<p class=\"pl-10 txt-bold m-0\">S\u00e9lectionnez votre \u00e9dition<\/p>\n<p class=\"txt-s1 txt-muted m-0 pl-10\">Toutes les informations financi\u00e8res adapt\u00e9es au niveau national<\/p>\n<\/td>\n","protected":false},"excerpt":{"rendered":"Temps r\u00e9el USA 22:05:11 02\/01\/2026 Apr\u00e8s cl\u00f4ture 22:00:36 48\u202f382,39 PTS +0,66\u00a0% 48\u202f352,85 -0,06\u00a0% Publi\u00e9 le 02\/01\/2026 \u00e0 18:07&hellip;\n","protected":false},"author":2,"featured_media":636977,"comment_status":"","ping_status":"","sticky":false,"template":"","format":"standard","meta":{"footnotes":""},"categories":[1588],"tags":[11,340,1777,674,12,473,1853,1851,1850,1852],"class_list":{"0":"post-636976","1":"post","2":"type-post","3":"status-publish","4":"format-standard","5":"has-post-thumbnail","7":"category-royaume-uni","8":"tag-actualites","9":"tag-bourse","10":"tag-eu","11":"tag-europe","12":"tag-news","13":"tag-royaume-uni","14":"tag-royaume-uni-de-grande-bretagne-et-dirlande-du-nord","15":"tag-uk","16":"tag-united-kingdom","17":"tag-united-kingdom-of-great-britain-and-northern-ireland"},"share_on_mastodon":{"url":"https:\/\/pubeurope.com\/@fr\/115827542019715064","error":""},"_links":{"self":[{"href":"https:\/\/www.europesays.com\/fr\/wp-json\/wp\/v2\/posts\/636976","targetHints":{"allow":["GET"]}}],"collection":[{"href":"https:\/\/www.europesays.com\/fr\/wp-json\/wp\/v2\/posts"}],"about":[{"href":"https:\/\/www.europesays.com\/fr\/wp-json\/wp\/v2\/types\/post"}],"author":[{"embeddable":true,"href":"https:\/\/www.europesays.com\/fr\/wp-json\/wp\/v2\/users\/2"}],"replies":[{"embeddable":true,"href":"https:\/\/www.europesays.com\/fr\/wp-json\/wp\/v2\/comments?post=636976"}],"version-history":[{"count":0,"href":"https:\/\/www.europesays.com\/fr\/wp-json\/wp\/v2\/posts\/636976\/revisions"}],"wp:featuredmedia":[{"embeddable":true,"href":"https:\/\/www.europesays.com\/fr\/wp-json\/wp\/v2\/media\/636977"}],"wp:attachment":[{"href":"https:\/\/www.europesays.com\/fr\/wp-json\/wp\/v2\/media?parent=636976"}],"wp:term":[{"taxonomy":"category","embeddable":true,"href":"https:\/\/www.europesays.com\/fr\/wp-json\/wp\/v2\/categories?post=636976"},{"taxonomy":"post_tag","embeddable":true,"href":"https:\/\/www.europesays.com\/fr\/wp-json\/wp\/v2\/tags?post=636976"}],"curies":[{"name":"wp","href":"https:\/\/api.w.org\/{rel}","templated":true}]}}