{"id":636978,"date":"2026-01-02T21:06:14","date_gmt":"2026-01-02T21:06:14","guid":{"rendered":"https:\/\/www.europesays.com\/fr\/636978\/"},"modified":"2026-01-02T21:06:14","modified_gmt":"2026-01-02T21:06:14","slug":"la-population-en-emploi-quasi-stable-en-allemagne-en-2025-2","status":"publish","type":"post","link":"https:\/\/www.europesays.com\/fr\/636978\/","title":{"rendered":"La population en emploi quasi-stable en Allemagne en 2025"},"content":{"rendered":"<p>\u00ab\u00a0A l&rsquo;exception de l&rsquo;ann\u00e9e pand\u00e9mique 2020, le nombre de personnes employ\u00e9es a augment\u00e9 r\u00e9guli\u00e8rement depuis 2006. Cependant, le rythme de la croissance de l&#8217;emploi a consid\u00e9rablement ralenti \u00e0 partir du d\u00e9but de 2024\u00a0\u00bb pr\u00e9cise Destatis.<\/p>\n<p>L&rsquo;institut explique cette tendance n\u00e9gative par le ralentissement du march\u00e9 du travail et, comme les ann\u00e9es pr\u00e9c\u00e9dentes, par les effets de plus en plus marqu\u00e9s du changement d\u00e9mographique : de moins en moins de jeunes sont disponibles pour remplacer les travailleurs prenant leur retraite.<\/p>\n<p>N\u00e9anmoins, le march\u00e9 du travail a continu\u00e9 de&#8230;<\/p>\n<p style=\"margin-top:20px;\"><a href=\"https:\/\/www.zonebourse.com\/actualite-bourse\/la-population-en-emploi-quasi-stable-en-allemagne-en-2025-ce7e59d9dd8bf525\" target=\"_blank\" rel=\"noopener noreferrer\" class=\"lien-cta-article\">Lire l&rsquo;article complet sur Zonebourse.com<\/a><\/p>\n","protected":false},"excerpt":{"rendered":"\u00ab\u00a0A l&rsquo;exception de l&rsquo;ann\u00e9e pand\u00e9mique 2020, le nombre de personnes employ\u00e9es a augment\u00e9 r\u00e9guli\u00e8rement depuis 2006. Cependant, le&hellip;\n","protected":false},"author":2,"featured_media":636979,"comment_status":"","ping_status":"","sticky":false,"template":"","format":"standard","meta":{"footnotes":""},"categories":[1587],"tags":[11,672,1804,1805,1803,1777,674,1801,12,1802],"class_list":{"0":"post-636978","1":"post","2":"type-post","3":"status-publish","4":"format-standard","5":"has-post-thumbnail","7":"category-allemagne","8":"tag-actualites","9":"tag-allemagne","10":"tag-bundesrepublik-deutschland","11":"tag-de","12":"tag-deutschland","13":"tag-eu","14":"tag-europe","15":"tag-germany","16":"tag-news","17":"tag-republique-federale-dallemagne"},"share_on_mastodon":{"url":"https:\/\/pubeurope.com\/@fr\/115827545716796784","error":""},"_links":{"self":[{"href":"https:\/\/www.europesays.com\/fr\/wp-json\/wp\/v2\/posts\/636978","targetHints":{"allow":["GET"]}}],"collection":[{"href":"https:\/\/www.europesays.com\/fr\/wp-json\/wp\/v2\/posts"}],"about":[{"href":"https:\/\/www.europesays.com\/fr\/wp-json\/wp\/v2\/types\/post"}],"author":[{"embeddable":true,"href":"https:\/\/www.europesays.com\/fr\/wp-json\/wp\/v2\/users\/2"}],"replies":[{"embeddable":true,"href":"https:\/\/www.europesays.com\/fr\/wp-json\/wp\/v2\/comments?post=636978"}],"version-history":[{"count":0,"href":"https:\/\/www.europesays.com\/fr\/wp-json\/wp\/v2\/posts\/636978\/revisions"}],"wp:featuredmedia":[{"embeddable":true,"href":"https:\/\/www.europesays.com\/fr\/wp-json\/wp\/v2\/media\/636979"}],"wp:attachment":[{"href":"https:\/\/www.europesays.com\/fr\/wp-json\/wp\/v2\/media?parent=636978"}],"wp:term":[{"taxonomy":"category","embeddable":true,"href":"https:\/\/www.europesays.com\/fr\/wp-json\/wp\/v2\/categories?post=636978"},{"taxonomy":"post_tag","embeddable":true,"href":"https:\/\/www.europesays.com\/fr\/wp-json\/wp\/v2\/tags?post=636978"}],"curies":[{"name":"wp","href":"https:\/\/api.w.org\/{rel}","templated":true}]}}