{"id":636986,"date":"2026-01-02T21:11:16","date_gmt":"2026-01-02T21:11:16","guid":{"rendered":"https:\/\/www.europesays.com\/fr\/636986\/"},"modified":"2026-01-02T21:11:16","modified_gmt":"2026-01-02T21:11:16","slug":"le-statut-professionnel-en-2027-et-le-tour-de-france-2028-les-grandes-ambitions-de-lanester-women-morbihan","status":"publish","type":"post","link":"https:\/\/www.europesays.com\/fr\/636986\/","title":{"rendered":"Le statut professionnel en 2027 et le Tour de France 2028\u00a0: les grandes ambitions de Lanester Women Morbihan !"},"content":{"rendered":"<p>Labellis\u00e9e N1 depuis plusieurs saisons, <a href=\"https:\/\/www.letelegramme.fr\/sports\/cyclisme\/effectif-reduit-optimisation-des-frais-staff-restructure-comment-lanester-women-morbihan-veut-devenir-une-equipe-majeure-en-france-6926486.php\" target=\"_blank\" rel=\"noopener\">Lanester Women Morbihan<\/a> esp\u00e8re passer \u00e0 la vitesse sup\u00e9rieure. Sur ses r\u00e9seaux sociaux, l\u2019\u00e9quipe du Morbihan a d\u00e9voil\u00e9, ce vendredi, ses ambitions \u00e0 court et moyen termes. Cette saison 2026, la formation manag\u00e9e par Christophe Roye entend \u00ab devenir l\u2019\u00e9quipe f\u00e9minine amateur de r\u00e9f\u00e9rence en France \u00bb avant \u00ab d\u2019acc\u00e9der au statut professionnel \u00bb en 2027 et de \u00ab participer au Tour de France Femmes \u00bb en 2028.<\/p>\n<p>\u00ab Cette acc\u00e9l\u00e9ration est le fruit d\u2019un travail collectif, rendu possible par l\u2019engagement historique de nos partenaires et l\u2019arriv\u00e9e de nouveaux acteurs majeurs \u00e0 nos c\u00f4t\u00e9s. Leur confiance nous permet de structurer le projet de mani\u00e8re plus professionnelle, \u00e0 la hauteur de nos ambitions sportives et humaines \u00bb, est-t-il annonc\u00e9.<\/p>\n","protected":false},"excerpt":{"rendered":"Labellis\u00e9e N1 depuis plusieurs saisons, Lanester Women Morbihan esp\u00e8re passer \u00e0 la vitesse sup\u00e9rieure. Sur ses r\u00e9seaux sociaux,&hellip;\n","protected":false},"author":2,"featured_media":636987,"comment_status":"","ping_status":"","sticky":false,"template":"","format":"standard","meta":{"footnotes":""},"categories":[4],"tags":[11,207,6159,11097,3166,1011,27,6349,12,25,60],"class_list":{"0":"post-636986","1":"post","2":"type-post","3":"status-publish","4":"format-standard","5":"has-post-thumbnail","7":"category-france","8":"tag-actualites","9":"tag-cyclisme","10":"tag-cyclisme-amateurs","11":"tag-cyclisme-feminin","12":"tag-en-continu-sports","13":"tag-fr","14":"tag-france","15":"tag-lanester","16":"tag-news","17":"tag-republique-francaise","18":"tag-sports"},"share_on_mastodon":{"url":"https:\/\/pubeurope.com\/@fr\/115827565014024588","error":""},"_links":{"self":[{"href":"https:\/\/www.europesays.com\/fr\/wp-json\/wp\/v2\/posts\/636986","targetHints":{"allow":["GET"]}}],"collection":[{"href":"https:\/\/www.europesays.com\/fr\/wp-json\/wp\/v2\/posts"}],"about":[{"href":"https:\/\/www.europesays.com\/fr\/wp-json\/wp\/v2\/types\/post"}],"author":[{"embeddable":true,"href":"https:\/\/www.europesays.com\/fr\/wp-json\/wp\/v2\/users\/2"}],"replies":[{"embeddable":true,"href":"https:\/\/www.europesays.com\/fr\/wp-json\/wp\/v2\/comments?post=636986"}],"version-history":[{"count":0,"href":"https:\/\/www.europesays.com\/fr\/wp-json\/wp\/v2\/posts\/636986\/revisions"}],"wp:featuredmedia":[{"embeddable":true,"href":"https:\/\/www.europesays.com\/fr\/wp-json\/wp\/v2\/media\/636987"}],"wp:attachment":[{"href":"https:\/\/www.europesays.com\/fr\/wp-json\/wp\/v2\/media?parent=636986"}],"wp:term":[{"taxonomy":"category","embeddable":true,"href":"https:\/\/www.europesays.com\/fr\/wp-json\/wp\/v2\/categories?post=636986"},{"taxonomy":"post_tag","embeddable":true,"href":"https:\/\/www.europesays.com\/fr\/wp-json\/wp\/v2\/tags?post=636986"}],"curies":[{"name":"wp","href":"https:\/\/api.w.org\/{rel}","templated":true}]}}