{"id":636999,"date":"2026-01-02T21:24:20","date_gmt":"2026-01-02T21:24:20","guid":{"rendered":"https:\/\/www.europesays.com\/fr\/636999\/"},"modified":"2026-01-02T21:24:20","modified_gmt":"2026-01-02T21:24:20","slug":"qui-sera-le-plus-nul-emission","status":"publish","type":"post","link":"https:\/\/www.europesays.com\/fr\/636999\/","title":{"rendered":"Qui sera le plus nul ? (\u00c9mission)"},"content":{"rendered":"<p>Informations<\/p>\n<p class=\"default-2\">Dans cette comp\u00e9tition, les candidats seront interrog\u00e9s sur TOUT ce que nous sommes cens\u00e9s savoir, ce que nous avons appris \u00e0 l\u2019\u00e9cole primaire, mais que parfois\u2026 nous avons oubli\u00e9 depuis bien longtemps !<\/p>\n<p>TOUTES les formes d\u2019intelligence seront test\u00e9es : \u00e9preuves de logique, tests de culture g\u00e9n\u00e9rale, \u00e0 l\u2019\u00e9crit ET \u00e0 l\u2019oral !<\/p>\n<p>Ils sont chanteurs, com\u00e9diens, cr\u00e9ateurs de contenus, journalistes ou humoristes. Ils devront donner un maximum de bonnes r\u00e9ponses lors des diff\u00e9rents tests pour esp\u00e9rer sortir du jeu le plus rapidement possible et \u00e9viter d&rsquo;\u00eatre sacr\u00e9 LE \u00ab\u00a0PLUS NUL\u00a0\u00bb DE FRANCE !<\/p>\n","protected":false},"excerpt":{"rendered":"Informations Dans cette comp\u00e9tition, les candidats seront interrog\u00e9s sur TOUT ce que nous sommes cens\u00e9s savoir, ce que&hellip;\n","protected":false},"author":2,"featured_media":637000,"comment_status":"","ping_status":"","sticky":false,"template":"","format":"standard","meta":{"footnotes":""},"categories":[1356],"tags":[58,59,1011,27,74419,74425,74420,74426,74422,74423,74424,252,74421,74427,1364],"class_list":{"0":"post-636999","1":"post","2":"type-post","3":"status-publish","4":"format-standard","5":"has-post-thumbnail","7":"category-television","8":"tag-divertissement","9":"tag-entertainment","10":"tag-fr","11":"tag-france","12":"tag-qui-sera-le-plus-nul-emission","13":"tag-qui-sera-le-plus-nul-emission-streaming","14":"tag-qui-sera-le-plus-nul-emission-tf1","15":"tag-qui-sera-le-plus-nul-emission-tf1-streaming","16":"tag-streaming-qui-sera-le-plus-nul-emission","17":"tag-streaming-qui-sera-le-plus-nul-emission-tf1","18":"tag-streaming-tf1-qui-sera-le-plus-nul-emission","19":"tag-television","20":"tag-tf1-qui-sera-le-plus-nul-emission","21":"tag-tf1-qui-sera-le-plus-nul-emission-streaming","22":"tag-tv"},"share_on_mastodon":{"url":"https:\/\/pubeurope.com\/@fr\/115827616252858967","error":""},"_links":{"self":[{"href":"https:\/\/www.europesays.com\/fr\/wp-json\/wp\/v2\/posts\/636999","targetHints":{"allow":["GET"]}}],"collection":[{"href":"https:\/\/www.europesays.com\/fr\/wp-json\/wp\/v2\/posts"}],"about":[{"href":"https:\/\/www.europesays.com\/fr\/wp-json\/wp\/v2\/types\/post"}],"author":[{"embeddable":true,"href":"https:\/\/www.europesays.com\/fr\/wp-json\/wp\/v2\/users\/2"}],"replies":[{"embeddable":true,"href":"https:\/\/www.europesays.com\/fr\/wp-json\/wp\/v2\/comments?post=636999"}],"version-history":[{"count":0,"href":"https:\/\/www.europesays.com\/fr\/wp-json\/wp\/v2\/posts\/636999\/revisions"}],"wp:featuredmedia":[{"embeddable":true,"href":"https:\/\/www.europesays.com\/fr\/wp-json\/wp\/v2\/media\/637000"}],"wp:attachment":[{"href":"https:\/\/www.europesays.com\/fr\/wp-json\/wp\/v2\/media?parent=636999"}],"wp:term":[{"taxonomy":"category","embeddable":true,"href":"https:\/\/www.europesays.com\/fr\/wp-json\/wp\/v2\/categories?post=636999"},{"taxonomy":"post_tag","embeddable":true,"href":"https:\/\/www.europesays.com\/fr\/wp-json\/wp\/v2\/tags?post=636999"}],"curies":[{"name":"wp","href":"https:\/\/api.w.org\/{rel}","templated":true}]}}