{"id":637001,"date":"2026-01-02T21:25:11","date_gmt":"2026-01-02T21:25:11","guid":{"rendered":"https:\/\/www.europesays.com\/fr\/637001\/"},"modified":"2026-01-02T21:25:11","modified_gmt":"2026-01-02T21:25:11","slug":"pour-eux-cetait-un-gros-mot","status":"publish","type":"post","link":"https:\/\/www.europesays.com\/fr\/637001\/","title":{"rendered":"Pour eux, c&rsquo;\u00e9tait un gros mot\u00a0!"},"content":{"rendered":"<p>\n                            Chantal Goya a souvent \u00e9t\u00e9 rabaiss\u00e9e pour ses chansons jug\u00e9es niaises et son public enfantin. Mais comment la star de 83\u00a0ans r\u00e9agit-elle \u00e0 ces critiques parfois cruelles\u00a0?<\/p>\n<p><a href=\"https:\/\/www.journaldesfemmes.fr\/people\/personnalites\/2801875-chantal-goya-mari-spectacle-enfants-chirurgie\/\" title=\"Chantal Goya\" target=\"_blank\" rel=\"noopener\">Chantal Goya<\/a> a souvent \u00e9t\u00e9 moqu\u00e9e au cours de sa carri\u00e8re. Certains n&rsquo;h\u00e9sitaient pas \u00e0 critiquer l&rsquo;apparente l\u00e9g\u00e8ret\u00e9 de ses tubes tels que Pandi Panda ou Un lapin\u00a0et lui reprochaient de toucher avant tout un public enfantin. Mais la chanteuse, d\u00e9sormais \u00e2g\u00e9e de 83 ans, a-t-elle \u00e9t\u00e9 bless\u00e9e par les critiques ?<\/p>\n<p>Chantal Goya, trait\u00e9e de \u00ab\u00a0conne\u00a0\u00bb : \u00ab\u00a0Ce n&rsquo;est pas grave&#8230;\u00a0\u00bb<\/p>\n<p>L&rsquo;interpr\u00e8te de Bouba le petit ourson sait qu&rsquo;elle s&rsquo;est ali\u00e9n\u00e9e une partie du public qui la jugeait niaise, au cours de sa carri\u00e8re. Mais celle qui est en couple avec Jean-Jacques Debout depuis plusieurs d\u00e9cennies n&rsquo;a jamais laisser les moqueries l&rsquo;atteindre, aussi nombreuses furent-elles.\u00a0\u00ab\u00a0J&rsquo;avais un public ! Donc, je me disais : &lsquo;Les pauvres, ils n&rsquo;ont pas compris mais ce n&rsquo;est pas grave, quand ils auront un enfant, ils viendront me voir'\u00a0\u00bb, a-t-elle confi\u00e9 \u00e0 Christophe Beaugrand au micro de M Radio.<\/p>\n<p>Et si elle a m\u00eame \u00e9t\u00e9 trait\u00e9e de \u00ab\u00a0conne\u00a0\u00bb au cours de sa carri\u00e8re, Chantal Goya sait exactement comment r\u00e9pliquer \u00e0 ces insultes. \u00ab\u00a0Ce n&rsquo;est pas grave, maintenant il y a un &lsquo;i&rsquo; devant et \u00e7a fait &lsquo;ic\u00f4ne'\u00a0\u00bb, a-t-elle l\u00e2ch\u00e9, provoquant l&rsquo;hilarit\u00e9 de l&rsquo;animateur.<\/p>\n<p><a class=\"fancy\" href=\"https:\/\/img-3.journaldesfemmes.fr\/C8ec6sA23LkrK9u22fftd0Bf4Ko=\/1080x\/smart\/40cc192231844ac5b7340783243143c9\/ccmcms-jdf\/40061096.jpg\" target=\"_blank\" rel=\"noopener\"><img decoding=\"async\" alt=\"\" src=\"https:\/\/www.europesays.com\/fr\/wp-content\/uploads\/2026\/01\/40061096.jpg\"\/><\/a><\/p>\n<p>\u00a9\u00a0ERIC DESSONS\/JDD\/SIPA<\/p>\n<p>Chantal Goya, rabaiss\u00e9e par la critique : \u00ab\u00a0On a le droit de faire ce qu&rsquo;on a envie\u00a0\u00bb<\/p>\n<p>Mais ce n&rsquo;est pas seulement le public qui a d\u00e9nigr\u00e9 le travail de la chanteuse, qui \u00e9tait aussi actrice dans les ann\u00e9es 60 et 70. Une partie du showbizz et de la critique n&rsquo;h\u00e9sitait pas \u00e0 la rabaisser, ne comprenant pas comment elle pouvait tourner dans un film de Jean-Luc Godard, en l&rsquo;occurrence Masculin f\u00e9minin (en 1966), puis monter sur sc\u00e8ne en se grimant en f\u00e9e pour chanter devant un public d&rsquo;enfants.<\/p>\n<p>\u00ab\u00a0Je me souviens qu&rsquo;\u00e0 l&rsquo;\u00e9poque, quand j&rsquo;ai eu un prix d&rsquo;interpr\u00e9tation avec Godard dans Masculin f\u00e9minin, les grands journalistes intellos ne comprenaient absolument pas comment je suis pass\u00e9e de Godard \u00e0 B\u00e9cassine. Pour eux, c&rsquo;\u00e9tait un gros mot ! Ils disaient : &lsquo;Mais qu&rsquo;est-ce qu&rsquo;elle fait ? Elle qui joue si bien'\u00a0\u00bb, s&rsquo;est souvenue l&rsquo;octog\u00e9naire, qui ne s&rsquo;est jamais d\u00e9mont\u00e9e : \u00ab\u00a0On a le droit de faire ce qu&rsquo;on a envie\u00a0\u00bb.<\/p>\n<p>Et de conclure : \u00ab\u00a0Je suis tr\u00e8s heureuse d&rsquo;avoir \u00e9t\u00e9 l\u00e0 avec les enfants. Et ils ne sont pas un public facile. Si on ne les int\u00e9resse pas, ils parlent tous ensemble et c&rsquo;est fini, on ne les a plus sous la main. Il faut les captiver\u00a0\u00bb. En tout cas, les moqueries n&#8217;emp\u00eachent pas Chantal Goya de remplir les salles, aujourd&rsquo;hui encore, puisque l&rsquo;ancienne idole des enfants a r\u00e9cemment lanc\u00e9 sa tourn\u00e9e \u00ab\u00a050 ans d&rsquo;amour\u00a0\u00bb.<\/p>\n","protected":false},"excerpt":{"rendered":"Chantal Goya a souvent \u00e9t\u00e9 rabaiss\u00e9e pour ses chansons jug\u00e9es niaises et son public enfantin. Mais comment la&hellip;\n","protected":false},"author":2,"featured_media":637002,"comment_status":"","ping_status":"","sticky":false,"template":"","format":"standard","meta":{"footnotes":""},"categories":[1355],"tags":[3723,14397,74428,51761,58,59,51763,1011,27,51766,1361,873,51767],"class_list":{"0":"post-637001","1":"post","2":"type-post","3":"status-publish","4":"format-standard","5":"has-post-thumbnail","7":"category-musique","8":"tag-actus","9":"tag-chantal-goya","10":"tag-cms-journaldesfemmes-3252093","11":"tag-controller-content","12":"tag-divertissement","13":"tag-entertainment","14":"tag-format-papier","15":"tag-fr","16":"tag-france","17":"tag-les-histoires-du-jdf","18":"tag-music","19":"tag-musique","20":"tag-parallaxeinfeed"},"share_on_mastodon":{"url":"https:\/\/pubeurope.com\/@fr\/115827620224025317","error":""},"_links":{"self":[{"href":"https:\/\/www.europesays.com\/fr\/wp-json\/wp\/v2\/posts\/637001","targetHints":{"allow":["GET"]}}],"collection":[{"href":"https:\/\/www.europesays.com\/fr\/wp-json\/wp\/v2\/posts"}],"about":[{"href":"https:\/\/www.europesays.com\/fr\/wp-json\/wp\/v2\/types\/post"}],"author":[{"embeddable":true,"href":"https:\/\/www.europesays.com\/fr\/wp-json\/wp\/v2\/users\/2"}],"replies":[{"embeddable":true,"href":"https:\/\/www.europesays.com\/fr\/wp-json\/wp\/v2\/comments?post=637001"}],"version-history":[{"count":0,"href":"https:\/\/www.europesays.com\/fr\/wp-json\/wp\/v2\/posts\/637001\/revisions"}],"wp:featuredmedia":[{"embeddable":true,"href":"https:\/\/www.europesays.com\/fr\/wp-json\/wp\/v2\/media\/637002"}],"wp:attachment":[{"href":"https:\/\/www.europesays.com\/fr\/wp-json\/wp\/v2\/media?parent=637001"}],"wp:term":[{"taxonomy":"category","embeddable":true,"href":"https:\/\/www.europesays.com\/fr\/wp-json\/wp\/v2\/categories?post=637001"},{"taxonomy":"post_tag","embeddable":true,"href":"https:\/\/www.europesays.com\/fr\/wp-json\/wp\/v2\/tags?post=637001"}],"curies":[{"name":"wp","href":"https:\/\/api.w.org\/{rel}","templated":true}]}}