{"id":637012,"date":"2026-01-02T21:31:11","date_gmt":"2026-01-02T21:31:11","guid":{"rendered":"https:\/\/www.europesays.com\/fr\/637012\/"},"modified":"2026-01-02T21:31:11","modified_gmt":"2026-01-02T21:31:11","slug":"une-enquete-ouverte-visant-lia-grok-accusee-de-fausses-videos-sexuelles","status":"publish","type":"post","link":"https:\/\/www.europesays.com\/fr\/637012\/","title":{"rendered":"Une enqu\u00eate ouverte visant l\u2019IA Grok accus\u00e9e de fausses vid\u00e9os sexuelles"},"content":{"rendered":"<p><a href=\"https:\/\/www.20minutes.fr\/high-tech\/4139030-20250216-quoi-grok-3-ia-developpee-elon-musk\" class=\"c-link c-link--is-underlined\" target=\"_blank\" rel=\"noopener\">Grok<\/a> est au c\u0153ur d\u2019une vive pol\u00e9mique. Et la justice a d\u00e9cid\u00e9 de s\u2019en m\u00ealer. Le parquet de Paris a <a href=\"https:\/\/www.20minutes.fr\/high-tech\/by-the-web\/4193970-20260101-scandale-x-apres-usage-massif-intelligence-artificielle-deshabiller-femmes\" class=\"c-link c-link--is-underlined\" target=\"_blank\" rel=\"noopener\">\u00e9tendu vendredi son enqu\u00eate visant X<\/a> (anciennement Twitter) \u00e0 cette intelligence artificielle, accus\u00e9e par trois ministres et deux d\u00e9put\u00e9s d\u2019avoir g\u00e9n\u00e9r\u00e9 et diffus\u00e9 de fausses vid\u00e9os \u00e0 caract\u00e8re sexuel, \u00ab\u00a0mettant notamment en sc\u00e8ne des mineurs\u00a0\u00bb, a appris l\u2019AFP aupr\u00e8s du minist\u00e8re public.<\/p>\n<p>Ces parlementaires et ministres fran\u00e7ais d\u00e9noncent la diffusion de \u00ab\u00a0<a href=\"https:\/\/www.20minutes.fr\/high-tech\/by-the-web\/4063497-20231122-intelligence-artificielle-plus-plus-adolescentes-americaines-victimes-faux-nus\" class=\"c-link c-link--is-underlined\" target=\"_blank\" rel=\"noopener\">deepfakes<\/a>\u00a0\u00bb, c\u2019est-\u00e0-dire de fausses vid\u00e9os, \u00e0 caract\u00e8re sexuel et diffus\u00e9es sur la plateforme X par Grok, sans le consentement des personnes repr\u00e9sent\u00e9es sur ces vid\u00e9os.<\/p>\n<p>\u00ab\u00a0Contenus manifestement illicites\u00a0\u00bb<\/p>\n<p>Cette enqu\u00eate visant X est ouverte depuis juillet, \u00e0 la suite de signalements contre le r\u00e9seau social et ses dirigeants, accus\u00e9s d\u2019avoir biais\u00e9 l\u2019algorithme de la plateforme \u00e0 des fins d\u2019ing\u00e9rence \u00e9trang\u00e8re. \u00ab\u00a0Le d\u00e9lit de montage \u00e0 caract\u00e8re sexuel d\u2019une personne sans son consentement est puni de deux ans d\u2019emprisonnement et de 60.000 euros\u00a0\u00bb, a rappel\u00e9 le parquet qui confirmait une information du site <a href=\"https:\/\/www.politico.eu\/article\/la-justice-etend-son-enquete-sur-x-aux-deepfakes-de-femmes-deshabillees-par-lia-grok\/\" rel=\"nofollow noopener\" target=\"_blank\" class=\"c-link c-link--is-underlined\">Politico<\/a>.<\/p>\n<\/p>\n<p>Vendredi, les d\u00e9put\u00e9s macroniste Eric Bothorel et socialiste Arthur Delaporte ont saisi la justice, aboutissant \u00e0 l\u2019\u00e9largissement des investigations. Les ministres Roland Lescure, Anne Le H\u00e9nanff et Aurore Berg\u00e9 ont \u00e9galement annonc\u00e9 vendredi avoir signal\u00e9 au procureur des \u00ab\u00a0contenus manifestement illicites\u00a0\u00bb, demandant \u00ab\u00a0leur retrait imm\u00e9diat.\u00a0\u00bb<\/p>\n<p>Les internautes incit\u00e9s \u00e0 signaler ces publications<\/p>\n<p>\u00ab\u00a0Ces derniers jours, l\u2019intelligence artificielle Grok a permis la g\u00e9n\u00e9ration et la diffusion de contenus \u00e0 caract\u00e8re sexiste et sexuel, notamment <a href=\"https:\/\/www.20minutes.fr\/tv\/tant-ecrans\/4181965-20251031-faq-rue-quoi-deepfake\" class=\"c-link c-link--is-underlined\" target=\"_blank\" rel=\"noopener\">sous forme de fausses vid\u00e9os (deepfakes)<\/a>, visant des personnes sans leur consentement\u00a0\u00bb, ont-ils d\u00e9taill\u00e9. Un signalement a \u00e9galement \u00e9t\u00e9 effectu\u00e9 aupr\u00e8s de la plateforme Pharos par le gouvernement, ont-ils indiqu\u00e9.<\/p>\n<p>L\u2019Arcom, l\u2019autorit\u00e9 de r\u00e9gulation de la communication audiovisuelle et du num\u00e9rique, a aussi \u00e9t\u00e9 saisie, \u00ab\u00a0au titre de possibles manquements de X \u00e0 ses obligations d\u00e9coulant du Digital Services Act\u00a0\u00bb, le r\u00e8glement europ\u00e9en sur les services num\u00e9riques. Sur X, la haute-commissaire \u00e0 l\u2019Enfance Sarah El-Ha\u00efry s\u2019est d\u00e9clar\u00e9e \u00ab\u00a0scandalis\u00e9e par les requ\u00eates adress\u00e9es \u00e0 Grok de d\u00e9nuder des filles et femmes\u00a0\u00bb et a incit\u00e9 les internautes \u00e0 signaler les publications \u00e0 Pharos.<\/p>\n","protected":false},"excerpt":{"rendered":"Grok est au c\u0153ur d\u2019une vive pol\u00e9mique. Et la justice a d\u00e9cid\u00e9 de s\u2019en m\u00ealer. Le parquet de&hellip;\n","protected":false},"author":2,"featured_media":637013,"comment_status":"","ping_status":"","sticky":false,"template":"","format":"standard","meta":{"footnotes":""},"categories":[6],"tags":[35,44044,33,34,1067,1011,27,142,3995,10857,28259],"class_list":{"0":"post-637012","1":"post","2":"type-post","3":"status-publish","4":"format-standard","5":"has-post-thumbnail","7":"category-economie","8":"tag-business","9":"tag-deepfake","10":"tag-economie","11":"tag-economy","12":"tag-enquete","13":"tag-fr","14":"tag-france","15":"tag-high-tech","16":"tag-intelligence-artificielle-ia","17":"tag-parquet-de-paris","18":"tag-twitter-x"},"share_on_mastodon":{"url":"https:\/\/pubeurope.com\/@fr\/115827643776361990","error":""},"_links":{"self":[{"href":"https:\/\/www.europesays.com\/fr\/wp-json\/wp\/v2\/posts\/637012","targetHints":{"allow":["GET"]}}],"collection":[{"href":"https:\/\/www.europesays.com\/fr\/wp-json\/wp\/v2\/posts"}],"about":[{"href":"https:\/\/www.europesays.com\/fr\/wp-json\/wp\/v2\/types\/post"}],"author":[{"embeddable":true,"href":"https:\/\/www.europesays.com\/fr\/wp-json\/wp\/v2\/users\/2"}],"replies":[{"embeddable":true,"href":"https:\/\/www.europesays.com\/fr\/wp-json\/wp\/v2\/comments?post=637012"}],"version-history":[{"count":0,"href":"https:\/\/www.europesays.com\/fr\/wp-json\/wp\/v2\/posts\/637012\/revisions"}],"wp:featuredmedia":[{"embeddable":true,"href":"https:\/\/www.europesays.com\/fr\/wp-json\/wp\/v2\/media\/637013"}],"wp:attachment":[{"href":"https:\/\/www.europesays.com\/fr\/wp-json\/wp\/v2\/media?parent=637012"}],"wp:term":[{"taxonomy":"category","embeddable":true,"href":"https:\/\/www.europesays.com\/fr\/wp-json\/wp\/v2\/categories?post=637012"},{"taxonomy":"post_tag","embeddable":true,"href":"https:\/\/www.europesays.com\/fr\/wp-json\/wp\/v2\/tags?post=637012"}],"curies":[{"name":"wp","href":"https:\/\/api.w.org\/{rel}","templated":true}]}}