{"id":637022,"date":"2026-01-02T21:36:16","date_gmt":"2026-01-02T21:36:16","guid":{"rendered":"https:\/\/www.europesays.com\/fr\/637022\/"},"modified":"2026-01-02T21:36:16","modified_gmt":"2026-01-02T21:36:16","slug":"un-premier-depart-pour-lasse","status":"publish","type":"post","link":"https:\/\/www.europesays.com\/fr\/637022\/","title":{"rendered":"un premier d\u00e9part pour l\u2019ASSE"},"content":{"rendered":"<p><strong>Yvann Ma\u00e7on, en manque de temps de jeu \u00e0 l\u2019ASSE, devrait s\u2019engager en pr\u00eat avec le club grec de l\u2019AEL Novibet. Le premier mouvement du mercato hivernal se pr\u00e9cise.<\/strong><\/p>\n<p>\u00c0 chaque mercato, des opportunit\u00e9s se pr\u00e9sentent pour les joueurs en qu\u00eate de rebond. C\u2019est le cas d\u2019Yvann Ma\u00e7on. Le lat\u00e9ral droit de l\u2019AS Saint-\u00c9tienne, sous contrat jusqu\u2019en 2027, est en passe de quitter le Forez. Peu utilis\u00e9 cette saison, le Guadeloup\u00e9en devrait s\u2019envoler pour la Gr\u00e8ce o\u00f9 l\u2019attend un nouveau d\u00e9fi.<\/p>\n<p>Depuis plusieurs mois, le d\u00e9fenseur vit une situation d\u00e9licate. Min\u00e9 par une blessure au genou la saison derni\u00e8re, il n\u2019a jamais vraiment retrouv\u00e9 sa place dans le groupe st\u00e9phanois. Malgr\u00e9 une tentative de transfert avort\u00e9e au Servette FC cet \u00e9t\u00e9, Ma\u00e7on n\u2019a disput\u00e9 que quelques minutes de jeu cette saison. Une mise \u00e0 l\u2019\u00e9cart confirm\u00e9e lors du stage estival \u00e0 Aix-les-Bains.<\/p>\n<p>Yvann Ma\u00e7on proche de l\u2019AE Larisa<\/p>\n<p>Selon le m\u00e9dia grec Sport FM, l\u2019AE Larisa serait sur le point de finaliser le pr\u00eat d\u2019Yvann Ma\u00e7on. Le club, bas\u00e9 \u00e0 Larissa, aurait trouv\u00e9 un accord avec l\u2019AS Saint-\u00c9tienne pour accueillir le joueur d\u00e8s ce mois de janvier.<\/p>\n<p>Les sources grecques confirment bien l\u2019identit\u00e9 du joueur de l\u2019ASSE. Le pr\u00eat serait sans option d\u2019achat pour le moment, mais permettrait au d\u00e9fenseur de retrouver du temps de jeu dans un championnat moins expos\u00e9 mais comp\u00e9titif.<\/p>\n<p>Crimson Hub, m\u00e9dia sp\u00e9cialis\u00e9 sur l\u2019AEL, avait d\u00e9j\u00e0 \u00e9voqu\u00e9 cette piste il y a quelques jours. L\u2019information prend d\u00e9sormais plus d\u2019\u00e9paisseur avec les confirmations venues de Gr\u00e8ce. Pour Ma\u00e7on, ce d\u00e9part ressemble \u00e0 une bouff\u00e9e d\u2019oxyg\u00e8ne apr\u00e8s plusieurs mois d\u2019isolement sportif.<\/p>\n<p>Une situation fig\u00e9e \u00e0 l\u2019ASSE<\/p>\n<p>En d\u00e9but de saison, Eirik Horneland avait d\u00e9j\u00e0 laiss\u00e9 entendre qu\u2019Yvann Ma\u00e7on ne faisait pas partie de ses plans. L\u2019\u00e9cartement du groupe professionnel lors de la pr\u00e9paration estivale a marqu\u00e9 une rupture nette. Malgr\u00e9 l\u2019absence de lat\u00e9raux de m\u00e9tier sur certains matchs, Ma\u00e7on n\u2019a \u00e9t\u00e9 titularis\u00e9 qu\u2019une seule fois, face au Mans, en Coupe.<\/p>\n<p>Le club cherchait depuis plusieurs mois une porte de sortie pour le joueur. L\u2019AEL Novibet devrait donc offrir cette issue. \u00c0 27 ans, Ma\u00e7on n\u2019a plus de temps \u00e0 perdre s\u2019il veut relancer une carri\u00e8re frein\u00e9e par les blessures et une instabilit\u00e9 chronique.<\/p>\n<p>Ce d\u00e9part pourrait marquer le coup d\u2019envoi d\u2019un mercato anim\u00e9 \u00e0 l\u2019ASSE, qui cherche aussi \u00e0 se renforcer \u00e0 plusieurs postes cl\u00e9s.<\/p>\n<p><a href=\"https:\/\/www.sport-fm.gr\/article\/podosfairo\/superleague1\/ael-Novibet-koda-ston-daneismo-tou-mason-apo-ti-sed-etien\/5097109\" target=\"_blank\" rel=\"noopener\">Source : Sport FM (Gr\u00e8ce), Crimson Hub<\/a><\/p>\n","protected":false},"excerpt":{"rendered":"Yvann Ma\u00e7on, en manque de temps de jeu \u00e0 l\u2019ASSE, devrait s\u2019engager en pr\u00eat avec le club grec&hellip;\n","protected":false},"author":2,"featured_media":637023,"comment_status":"","ping_status":"","sticky":false,"template":"","format":"standard","meta":{"footnotes":""},"categories":[9653],"tags":[1111,11,2430,1777,674,1011,27,12,25,4001],"class_list":{"0":"post-637022","1":"post","2":"type-post","3":"status-publish","4":"format-standard","5":"has-post-thumbnail","7":"category-saint-etienne","8":"tag-actu","9":"tag-actualites","10":"tag-auvergne-rhone-alpes","11":"tag-eu","12":"tag-europe","13":"tag-fr","14":"tag-france","15":"tag-news","16":"tag-republique-francaise","17":"tag-saint-etienne"},"share_on_mastodon":{"url":"https:\/\/pubeurope.com\/@fr\/115827663366217665","error":""},"_links":{"self":[{"href":"https:\/\/www.europesays.com\/fr\/wp-json\/wp\/v2\/posts\/637022","targetHints":{"allow":["GET"]}}],"collection":[{"href":"https:\/\/www.europesays.com\/fr\/wp-json\/wp\/v2\/posts"}],"about":[{"href":"https:\/\/www.europesays.com\/fr\/wp-json\/wp\/v2\/types\/post"}],"author":[{"embeddable":true,"href":"https:\/\/www.europesays.com\/fr\/wp-json\/wp\/v2\/users\/2"}],"replies":[{"embeddable":true,"href":"https:\/\/www.europesays.com\/fr\/wp-json\/wp\/v2\/comments?post=637022"}],"version-history":[{"count":0,"href":"https:\/\/www.europesays.com\/fr\/wp-json\/wp\/v2\/posts\/637022\/revisions"}],"wp:featuredmedia":[{"embeddable":true,"href":"https:\/\/www.europesays.com\/fr\/wp-json\/wp\/v2\/media\/637023"}],"wp:attachment":[{"href":"https:\/\/www.europesays.com\/fr\/wp-json\/wp\/v2\/media?parent=637022"}],"wp:term":[{"taxonomy":"category","embeddable":true,"href":"https:\/\/www.europesays.com\/fr\/wp-json\/wp\/v2\/categories?post=637022"},{"taxonomy":"post_tag","embeddable":true,"href":"https:\/\/www.europesays.com\/fr\/wp-json\/wp\/v2\/tags?post=637022"}],"curies":[{"name":"wp","href":"https:\/\/api.w.org\/{rel}","templated":true}]}}