{"id":637026,"date":"2026-01-02T21:41:02","date_gmt":"2026-01-02T21:41:02","guid":{"rendered":"https:\/\/www.europesays.com\/fr\/637026\/"},"modified":"2026-01-02T21:41:02","modified_gmt":"2026-01-02T21:41:02","slug":"deplacement-a-toulon-les-infos-pratiques-montpellier-herault-rugby","status":"publish","type":"post","link":"https:\/\/www.europesays.com\/fr\/637026\/","title":{"rendered":"D\u00e9placement \u00e0 Toulon : les infos pratiques &#8211; Montpellier H\u00e9rault Rugby"},"content":{"rendered":"<p>\t\t\t\t\t\t\t\t\t\t\t\t\t&#13;<\/p>\n<p>\t\t\t\t\t\t\t\t\t<img fetchpriority=\"high\" data-lazyloaded=\"1\" width=\"1200\" height=\"1800\" src=\"https:\/\/www.europesays.com\/fr\/wp-content\/uploads\/2025\/08\/SLE09171-1200x1800.jpg\" class=\"attachment-xl size-xl wp-post-image\" alt=\"D\u00e9placement \u00e0 Toulon : les infos pratiques\" decoding=\"async\"  data- loading=\"eager\"\/>\t\t\t\t\t\t\t\t&#13;<br \/>\n\t\t\t\t\t\t\t\t&#13;<\/p>\n<p><strong>Le <strong> Club du XV du MHR<\/strong>, en collaboration avec le <strong>CHDS du MHR<\/strong>, organise le d\u00e9placement \u00e0 Mayol \u00e0 l\u2019occasion de la rencontre qui opposera le MHR au RC Toulon le samedi 24 janvier prochain. Retrouvez toutes les informations ci-dessous ! <\/strong><\/p>\n<p>Avec le CHDS et le Club du XV\u2026<\/p>\n<p><img loading=\"lazy\" data-lazyloaded=\"1\" decoding=\"async\" width=\"697\" height=\"1009\" src=\"https:\/\/www.europesays.com\/fr\/wp-content\/uploads\/2026\/01\/ed049089-6ef8-4225-a2df-afc1767ee531.jpg\" alt=\"\" class=\"wp-image-14381\"  data-\/><\/p>\n<p>Infos et r\u00e9servations au plus tard le 10 janvier . Contact : <a href=\"https:\/\/www.montpellier-rugby.com\/news\/mailto:chdsdeplacement@gmail.com\" target=\"_blank\" rel=\"noopener\">xvdumhr<\/a>@gmail.com <\/p>\n<p>\u2026 Ou avec les Clapas Cistes !<\/p>\n","protected":false},"excerpt":{"rendered":"&#13; &#13; &#13; Le Club du XV du MHR, en collaboration avec le CHDS du MHR, organise le&hellip;\n","protected":false},"author":2,"featured_media":332748,"comment_status":"","ping_status":"","sticky":false,"template":"","format":"standard","meta":{"footnotes":""},"categories":[9619],"tags":[1111,11,1777,674,1011,27,12,882,25,2310],"class_list":{"0":"post-637026","1":"post","2":"type-post","3":"status-publish","4":"format-standard","5":"has-post-thumbnail","7":"category-toulon","8":"tag-actu","9":"tag-actualites","10":"tag-eu","11":"tag-europe","12":"tag-fr","13":"tag-france","14":"tag-news","15":"tag-provence-alpes-cote-dazur","16":"tag-republique-francaise","17":"tag-toulon"},"share_on_mastodon":{"url":"https:\/\/pubeurope.com\/@fr\/115827683207593486","error":""},"_links":{"self":[{"href":"https:\/\/www.europesays.com\/fr\/wp-json\/wp\/v2\/posts\/637026","targetHints":{"allow":["GET"]}}],"collection":[{"href":"https:\/\/www.europesays.com\/fr\/wp-json\/wp\/v2\/posts"}],"about":[{"href":"https:\/\/www.europesays.com\/fr\/wp-json\/wp\/v2\/types\/post"}],"author":[{"embeddable":true,"href":"https:\/\/www.europesays.com\/fr\/wp-json\/wp\/v2\/users\/2"}],"replies":[{"embeddable":true,"href":"https:\/\/www.europesays.com\/fr\/wp-json\/wp\/v2\/comments?post=637026"}],"version-history":[{"count":0,"href":"https:\/\/www.europesays.com\/fr\/wp-json\/wp\/v2\/posts\/637026\/revisions"}],"wp:featuredmedia":[{"embeddable":true,"href":"https:\/\/www.europesays.com\/fr\/wp-json\/wp\/v2\/media\/332748"}],"wp:attachment":[{"href":"https:\/\/www.europesays.com\/fr\/wp-json\/wp\/v2\/media?parent=637026"}],"wp:term":[{"taxonomy":"category","embeddable":true,"href":"https:\/\/www.europesays.com\/fr\/wp-json\/wp\/v2\/categories?post=637026"},{"taxonomy":"post_tag","embeddable":true,"href":"https:\/\/www.europesays.com\/fr\/wp-json\/wp\/v2\/tags?post=637026"}],"curies":[{"name":"wp","href":"https:\/\/api.w.org\/{rel}","templated":true}]}}