{"id":637032,"date":"2026-01-02T21:47:36","date_gmt":"2026-01-02T21:47:36","guid":{"rendered":"https:\/\/www.europesays.com\/fr\/637032\/"},"modified":"2026-01-02T21:47:36","modified_gmt":"2026-01-02T21:47:36","slug":"lacces-a-la51-de-nouveau-bloque-en-direction-de-grenoble","status":"publish","type":"post","link":"https:\/\/www.europesays.com\/fr\/637032\/","title":{"rendered":"l&rsquo;acc\u00e8s \u00e0 l&rsquo;A51 de nouveau bloqu\u00e9 en direction de Grenoble"},"content":{"rendered":"<p>Ce vendredi 2 janvier, en fin de matin\u00e9e, une vingtaine d\u2019agriculteurs ont pris position au col du Fau, sur la commune de Monestier-de-Clermont, pour bloquer, \u00e0 cet endroit, l\u2019acc\u00e8s \u00e0 l\u2019A51.<\/p>\n<p>Les agriculteurs souhaitent ainsi manifester leur opposition \u00e0 la signature du trait\u00e9 avec le Mercosur, \u00e0 l\u2019abattage de la totalit\u00e9 des troupeaux de bovins lorsqu\u2019un cas de contamination \u00e0 la dermatose nodulaire est d\u00e9cel\u00e9, et \u00e9galement d\u00e9noncer la baisse annonc\u00e9e du budget de la Politique agricole commune.<\/p>\n<p>Ce contenu est bloqu\u00e9 car vous n&rsquo;avez pas accept\u00e9 les cookies et autres traceurs.<\/p>\n<p>En cliquant sur \u00ab J\u2019accepte \u00bb, les cookies et autres traceurs seront d\u00e9pos\u00e9s et vous pourrez visualiser les contenus  (<a href=\"\" class=\"consentModule_policy\" target=\"_blank\" title=\"Consulter la politique de protection des donn\u00e9es du fournisseur\">plus d&rsquo;informations<\/a>).<\/p>\n<p>En cliquant sur \u00ab J\u2019accepte tous les cookies \u00bb, vous autorisez des d\u00e9p\u00f4ts de cookies et autres traceurs pour le stockage de vos donn\u00e9es sur nos sites et applications \u00e0 des fins de personnalisation et de ciblage publicitaire.<\/p>\n<p class=\"consentModule_secondaryText\">Vous gardez la possibilit\u00e9 de retirer votre consentement \u00e0 tout moment en consultant notre <a href=\"https:\/\/www.ledauphine.com\/protection-des-donnees\" target=\"_blank\" title=\"Consulter notre politique de protection des donn\u00e9es\" rel=\"noopener\">politique de protection des donn\u00e9es<\/a>. <br \/>&#13;<br \/>\n            <a href=\"https:\/\/www.ledauphine.com\/transport\/2026\/01\/02\/javascript:Didomi.notice.show()\" class=\"consentModule_cmp\" target=\"_blank\" rel=\"noopener\">G\u00e9rer mes choix<\/a>&#13;\n        <\/p>\n<p>&#13;<br \/>\n                        J&rsquo;accepte&#13;<br \/>\n            J&rsquo;accepte tous les cookies&#13;\n        <\/p>\n<p>Plusieurs dizaines d\u2019agriculteurs s\u2019\u00e9taient d\u00e9j\u00e0 mobilis\u00e9s au m\u00eame endroit, dans les m\u00eames conditions, et pour les m\u00eames raisons du 21 au 23 d\u00e9cembre dernier.<\/p>\n<p>La sortie de l\u2019A51 n\u2019est pas bloqu\u00e9e. Et le trafic sur la D1075 n\u2019est pas perturb\u00e9.<\/p>\n","protected":false},"excerpt":{"rendered":"Ce vendredi 2 janvier, en fin de matin\u00e9e, une vingtaine d\u2019agriculteurs ont pris position au col du Fau,&hellip;\n","protected":false},"author":2,"featured_media":637033,"comment_status":"","ping_status":"","sticky":false,"template":"","format":"standard","meta":{"footnotes":""},"categories":[9566],"tags":[1111,11,2430,3542,112,113,1777,674,107,1011,27,329,2731,108,29635,12,25,2803],"class_list":{"0":"post-637032","1":"post","2":"type-post","3":"status-publish","4":"format-standard","5":"has-post-thumbnail","7":"category-grenoble","8":"tag-actu","9":"tag-actualites","10":"tag-auvergne-rhone-alpes","11":"tag-circulation","12":"tag-edition-grenoble-agglomeration","13":"tag-edition-gresivaudan-oisans","14":"tag-eu","15":"tag-europe","16":"tag-fil-info","17":"tag-fr","18":"tag-france","19":"tag-france-monde","20":"tag-grenoble","21":"tag-isere","22":"tag-monestier-de-clermont","23":"tag-news","24":"tag-republique-francaise","25":"tag-transport"},"share_on_mastodon":{"url":"https:\/\/pubeurope.com\/@fr\/115827706788899882","error":""},"_links":{"self":[{"href":"https:\/\/www.europesays.com\/fr\/wp-json\/wp\/v2\/posts\/637032","targetHints":{"allow":["GET"]}}],"collection":[{"href":"https:\/\/www.europesays.com\/fr\/wp-json\/wp\/v2\/posts"}],"about":[{"href":"https:\/\/www.europesays.com\/fr\/wp-json\/wp\/v2\/types\/post"}],"author":[{"embeddable":true,"href":"https:\/\/www.europesays.com\/fr\/wp-json\/wp\/v2\/users\/2"}],"replies":[{"embeddable":true,"href":"https:\/\/www.europesays.com\/fr\/wp-json\/wp\/v2\/comments?post=637032"}],"version-history":[{"count":0,"href":"https:\/\/www.europesays.com\/fr\/wp-json\/wp\/v2\/posts\/637032\/revisions"}],"wp:featuredmedia":[{"embeddable":true,"href":"https:\/\/www.europesays.com\/fr\/wp-json\/wp\/v2\/media\/637033"}],"wp:attachment":[{"href":"https:\/\/www.europesays.com\/fr\/wp-json\/wp\/v2\/media?parent=637032"}],"wp:term":[{"taxonomy":"category","embeddable":true,"href":"https:\/\/www.europesays.com\/fr\/wp-json\/wp\/v2\/categories?post=637032"},{"taxonomy":"post_tag","embeddable":true,"href":"https:\/\/www.europesays.com\/fr\/wp-json\/wp\/v2\/tags?post=637032"}],"curies":[{"name":"wp","href":"https:\/\/api.w.org\/{rel}","templated":true}]}}