{"id":637034,"date":"2026-01-02T21:48:34","date_gmt":"2026-01-02T21:48:34","guid":{"rendered":"https:\/\/www.europesays.com\/fr\/637034\/"},"modified":"2026-01-02T21:48:34","modified_gmt":"2026-01-02T21:48:34","slug":"grenoble-subventionne-la-non-mixite-quand-lecologie-rompt-avec-luniversel","status":"publish","type":"post","link":"https:\/\/www.europesays.com\/fr\/637034\/","title":{"rendered":"Grenoble subventionne la non-mixit\u00e9 : quand l\u2019\u00e9cologie rompt avec l\u2019universel"},"content":{"rendered":"<p>La pol\u00e9mique est n\u00e9e d\u2019un <a href=\"https:\/\/www.grenoblemag.com\/article\/2461\/rassemblement-reserve-aux-personnes-non-blanches-le-rn-appelle-a-une-depolitisation-des-subventions-associatives-a-grenoble\" target=\"_blank\" rel=\"noopener\">communiqu\u00e9 de presse du candidat RN<\/a> Valentin Gabriac. Dans ce texte, il d\u00e9nonce une \u00ab d\u00e9rive id\u00e9ologique subventionn\u00e9e \u00bb apr\u00e8s avoir identifi\u00e9 \u00e0 Grenoble un rassemblement organis\u00e9 en non-mixit\u00e9 raciale, b\u00e9n\u00e9ficiant de financements municipaux.<\/p>\n<p>Contact\u00e9 par Boulevard Voltaire, Valentin Gabriac pr\u00e9cise sa d\u00e9marche. \u00ab Ce n\u2019est pas le caract\u00e8re LGBTI qui pose probl\u00e8me. Chacun a sa sexualit\u00e9. Le vrai sujet, c\u2019est le caract\u00e8re discriminant fond\u00e9 sur la couleur de peau \u00bb, explique-t-il \u00e0 BV.<\/p>\n<p>L\u2019\u00e9v\u00e9nement qu\u2019il pointe est un rendez-vous mensuel, organis\u00e9 au Centre LGBTI de Grenoble \u2013 Cigale, intitul\u00e9 \u00ab Rencontres entre personnes non-blanches et\/ou \u00e9tranger.e.s LGBT \u00bb. Un rassemblement qui, selon lui, se tient r\u00e9guli\u00e8rement depuis 2025 et qui b\u00e9n\u00e9ficie d\u2019environ 4 000 euros de subventions municipales annuelles. L&rsquo;organisateur de l&rsquo;\u00e9v\u00e8nement, contact\u00e9 par BV, n&rsquo;a pas r\u00e9pondu \u00e0 notre courriel.<\/p>\n<p>Dans son communiqu\u00e9 comme dans son entretien \u00e0 Boulevard Voltaire, le candidat RN cible directement la responsabilit\u00e9 politique de la majorit\u00e9 \u00e9cologiste. \u00ab C\u2019est marqu\u00e9 noir sur blanc : un rendez-vous mensuel fond\u00e9 sur des crit\u00e8res raciaux, financ\u00e9 par de l\u2019argent public \u00bb, r\u00e9sume-t-il.<\/p>\n<p><strong>Une mairie \u00e9cologiste face \u00e0 ses choix politiques<\/strong><\/p>\n<p>Au-del\u00e0 de la sortie politique du RN, la question pos\u00e9e est institutionnelle. Une municipalit\u00e9 peut-elle continuer \u00e0 se r\u00e9clamer de l\u2019universalisme r\u00e9publicain tout en subventionnant des \u00e9v\u00e9nements reposant sur des crit\u00e8res identitaires ?<\/p>\n<p>Pour Cl\u00e9ment Chappet, coordinateur du collectif d\u2019opposition de droite, qui a r\u00e9pondu aux questions de Boulevard Voltaire, la ligne est clairement franchie. \u00ab Nous refusons toute forme de communautarisme. Une collectivit\u00e9 ne peut pas financer des associations qui organisent des \u00e9v\u00e9nements en non-mixit\u00e9 \u00bb, affirme-t-il.<\/p>\n<p>L\u2019\u00e9lu insiste m\u00eame sur la port\u00e9e symbolique de ces choix budg\u00e9taires. \u00ab Une subvention n\u2019est jamais neutre. Quand une ville finance une association, elle valide une vision du vivre-ensemble \u00bb, souligne-t-il.<\/p>\n<blockquote class=\"twitter-tweet\">\n<p>\u27a1\ufe0f \u00c0 Grenoble, une association subventionn\u00e9e (!) par la mairie organise samedi 3\/01 un \u00e9v\u00e9nement r\u00e9serv\u00e9 aux personnes \u201cnon blanches\u201d comme chaque mois.<\/p>\n<p>\u27a1\ufe0f Je ferai interdire cet \u00e9v\u00e9nement mensuel d\u00e8s que possible, avant m\u00eame d\u2019\u00eatre \u00e9lu. 1\/5 <a href=\"https:\/\/t.co\/MQoOELBR3f\">pic.twitter.com\/MQoOELBR3f<\/a><\/p>\n<p>\u2014 Valentin Gabriac (@ValentinGabriac) <a href=\"https:\/\/twitter.com\/ValentinGabriac\/status\/2006062340798632150?ref_src=twsrc%5Etfw\" target=\"_blank\" rel=\"noopener\">December 30, 2025<\/a><\/p>\n<\/blockquote>\n<p><strong>Des alertes anciennes et r\u00e9p\u00e9t\u00e9es<\/strong><\/p>\n<p>Mise en cause pour l&rsquo;inaction de l&rsquo;opposition par le candidat RN, Cl\u00e9ment Chappet rappelle que leurs alertes ne datent pas d\u2019hier. \u00ab Cela fait six ans que nous nous battons contre ces d\u00e9rives et contre des subventions accord\u00e9es \u00e0 des structures probl\u00e9matiques \u00bb, explique-t-il \u00e0 Boulevard Voltaire, \u00e9voquant une <a href=\"https:\/\/www.bvoltaire.fr\/grenoble-une-piece-contre-le-privilege-blanc-dans-une-salle-subventionnee\/\" target=\"_blank\" rel=\"noopener\">accumulation de d\u00e9cisions municipales<\/a> allant dans le m\u00eame sens.<\/p>\n<p>Cette s\u00e9quence s\u2019inscrit dans une continuit\u00e9 grenobloise d\u00e9j\u00e0 d\u00e9nonc\u00e9e. D\u00e8s 2022, le groupe Soci\u00e9t\u00e9 Civile au conseil municipal avait point\u00e9 <a href=\"https:\/\/www.placegrenet.fr\/2022\/01\/31\/le-groupe-societe-civile-denonce-une-subvention-de-la-ville-de-grenoble-en-faveur-du-mois-decolonial\/558801\" target=\"_blank\" rel=\"noopener\">une subvention accord\u00e9e par la ville au Mois d\u00e9colonial<\/a>, \u00e9v\u00e9nement accus\u00e9 de promouvoir une lecture id\u00e9ologique et racialiste de la soci\u00e9t\u00e9, avec le soutien de la municipalit\u00e9 \u00e9cologiste. \u00c0 l\u2019\u00e9poque d\u00e9j\u00e0, la question de l\u2019usage de l\u2019argent public et de sa compatibilit\u00e9 avec les principes r\u00e9publicains avait \u00e9t\u00e9 pos\u00e9e.<\/p>\n<p>Pour ses d\u00e9tracteurs, le financement actuel de rencontres revendiqu\u00e9es comme r\u00e9serv\u00e9es \u00e0 des publics d\u00e9finis par l\u2019origine et l\u2019appartenance appara\u00eet ainsi moins comme une rupture que comme une nouvelle illustration d\u2019une orientation politique assum\u00e9e.<\/p>\n<p><strong>Contrat d\u2019engagement r\u00e9publicain<\/strong><\/p>\n<p>L\u2019affaire renvoie enfin au cadre juridique national. Le contrat d\u2019engagement r\u00e9publicain, instaur\u00e9 par la loi du 24 ao\u00fbt 2021, conditionne l\u2019octroi de subventions publiques au respect de principes fondamentaux tels que l\u2019\u00e9galit\u00e9, la la\u00efcit\u00e9 et le refus de toute discrimination.<\/p>\n<p>Con\u00e7u pour lutter contre le s\u00e9paratisme, ce dispositif a d\u00e9j\u00e0 servi de base au retrait de financements pour certaines associations. D\u00e8s lors, une contradiction appara\u00eet : comment justifier l\u2019application stricte de ce contrat dans certains cas, tout en continuant \u00e0 financer, \u00e0 Grenoble, des \u00e9v\u00e9nements fond\u00e9s sur la non-mixit\u00e9 raciale ?<\/p>\n<p>Contact\u00e9e (par t\u00e9l\u00e9phone et courriel) par Boulevard Voltaire, la mairie de Grenoble n\u2019a pas donn\u00e9 suite \u00e0 notre sollicitation. Un silence qui renforce encore la question pos\u00e9e par cette affaire : jusqu\u2019o\u00f9 une municipalit\u00e9 \u00e9cologiste peut-elle aller dans l\u2019accompagnement de pratiques identitaires sans rompre avec les principes r\u00e9publicains qu\u2019elle est cens\u00e9e garantir ?<\/p>\n<p>                    <a href=\"#\" rel=\"nofollow\" onclick=\"window.print(); pfTrackEvent('Grenoble subventionne la non-mixit\u00e9 : quand l\u2019\u00e9cologie rompt avec l\u2019universel'); return false;\" title=\"Printer Friendly, PDF &amp; Email\"><br \/>\n                    <img decoding=\"async\" src=\"https:\/\/www.europesays.com\/fr\/wp-content\/uploads\/2025\/04\/printfriendly-icon-sm.png\" alt=\"Print Friendly, PDF &amp; Email\" class=\"pf-button-img\" style=\"width: 17px;height: 17px;\"\/>Imprimer, enregistrer en PDF cet article<br \/>\n                    <\/a><br \/>\n                <script async src=\"https:\/\/platform.twitter.com\/widgets.js\" charset=\"utf-8\"><\/script><\/p>\n","protected":false},"excerpt":{"rendered":"La pol\u00e9mique est n\u00e9e d\u2019un communiqu\u00e9 de presse du candidat RN Valentin Gabriac. Dans ce texte, il d\u00e9nonce&hellip;\n","protected":false},"author":2,"featured_media":637035,"comment_status":"","ping_status":"","sticky":false,"template":"","format":"standard","meta":{"footnotes":""},"categories":[9566],"tags":[1111,11,2430,1777,674,1011,27,2731,12,25],"class_list":{"0":"post-637034","1":"post","2":"type-post","3":"status-publish","4":"format-standard","5":"has-post-thumbnail","7":"category-grenoble","8":"tag-actu","9":"tag-actualites","10":"tag-auvergne-rhone-alpes","11":"tag-eu","12":"tag-europe","13":"tag-fr","14":"tag-france","15":"tag-grenoble","16":"tag-news","17":"tag-republique-francaise"},"share_on_mastodon":{"url":"https:\/\/pubeurope.com\/@fr\/115827710564864283","error":""},"_links":{"self":[{"href":"https:\/\/www.europesays.com\/fr\/wp-json\/wp\/v2\/posts\/637034","targetHints":{"allow":["GET"]}}],"collection":[{"href":"https:\/\/www.europesays.com\/fr\/wp-json\/wp\/v2\/posts"}],"about":[{"href":"https:\/\/www.europesays.com\/fr\/wp-json\/wp\/v2\/types\/post"}],"author":[{"embeddable":true,"href":"https:\/\/www.europesays.com\/fr\/wp-json\/wp\/v2\/users\/2"}],"replies":[{"embeddable":true,"href":"https:\/\/www.europesays.com\/fr\/wp-json\/wp\/v2\/comments?post=637034"}],"version-history":[{"count":0,"href":"https:\/\/www.europesays.com\/fr\/wp-json\/wp\/v2\/posts\/637034\/revisions"}],"wp:featuredmedia":[{"embeddable":true,"href":"https:\/\/www.europesays.com\/fr\/wp-json\/wp\/v2\/media\/637035"}],"wp:attachment":[{"href":"https:\/\/www.europesays.com\/fr\/wp-json\/wp\/v2\/media?parent=637034"}],"wp:term":[{"taxonomy":"category","embeddable":true,"href":"https:\/\/www.europesays.com\/fr\/wp-json\/wp\/v2\/categories?post=637034"},{"taxonomy":"post_tag","embeddable":true,"href":"https:\/\/www.europesays.com\/fr\/wp-json\/wp\/v2\/tags?post=637034"}],"curies":[{"name":"wp","href":"https:\/\/api.w.org\/{rel}","templated":true}]}}