{"id":637036,"date":"2026-01-02T21:50:27","date_gmt":"2026-01-02T21:50:27","guid":{"rendered":"https:\/\/www.europesays.com\/fr\/637036\/"},"modified":"2026-01-02T21:50:27","modified_gmt":"2026-01-02T21:50:27","slug":"rennes-habib-beye-ne-restera-pas-si","status":"publish","type":"post","link":"https:\/\/www.europesays.com\/fr\/637036\/","title":{"rendered":"Rennes, Habib Beye ne restera pas si&#8230;"},"content":{"rendered":"<p>Dans l\u2019imm\u00e9diat, Habib Beye refuse toute distraction li\u00e9e \u00e0 son futur personnel.<a href=\"https:\/\/www.goal.com\/fr\/listes\/rennes-habib-beye-repond-a-ceux-qui-le-voyaient-dehors\/blt3d50cfd568295d5a\" target=\"_self\" rel=\"noopener\">\u00a0L\u2019entra\u00eeneur du Stade Rennais se concentre exclusivement sur le d\u00e9veloppement du club et de son effectif<\/a>. \u00ab\u00a0Mon objectif c\u2019est de faire grandir ce club, de faire progresser des jeunes et on le fait, de valoriser un effectif de grande qualit\u00e9. Je ne me focalise que sur cet aspect-l\u00e0\u00a0\u00bb, a expliqu\u00e9 Habib Beye avant le choc face \u00e0 Lille. Ce travail de fond, Habib Beye l\u2019inscrit dans une vision \u00e0 moyen terme, tout en restant lucide sur l\u2019exigence des mois \u00e0 venir.\u00a0<\/p>\n<p>\u00ab\u00a0Le 26 mai, le jour o\u00f9 on rendra les cl\u00e9s je l\u2019esp\u00e8re, on pourra se poser pour dresser le bilan de ce qu\u2019on a fait depuis que je suis arriv\u00e9 au club. Pour l\u2019instant, \u00e0 mon sens, ce bilan est tr\u00e8s positif.\u00a0\u00bb Pour Habib Beye, Rennes a d\u00e9j\u00e0 franchi une \u00e9tape importante sur le plan identitaire. \u00ab\u00a0On a remis une identit\u00e9 claire au sein de ce club avec le d\u00e9veloppement des jeunes. On est tr\u00e8s satisfaits de ce que l\u2019on fait mais ce travail n\u2019est pas termin\u00e9, il nous reste cinq mois de comp\u00e9tition et ils vont \u00eatre denses, intenses et plein de passion. [La fin du travail] On l\u2019envisage avec beaucoup de positif.\u00a0\u00bb D\u00e9sormais, place au terrain. Le d\u00e9placement \u00e0 Lille marque le d\u00e9but d\u2019un encha\u00eenement crucial pour le Stade Rennais et pour Habib Beye, dont l\u2019avenir se jouera exclusivement sur les r\u00e9sultats.\u00a0<\/p>\n","protected":false},"excerpt":{"rendered":"Dans l\u2019imm\u00e9diat, Habib Beye refuse toute distraction li\u00e9e \u00e0 son futur personnel.\u00a0L\u2019entra\u00eeneur du Stade Rennais se concentre exclusivement&hellip;\n","protected":false},"author":2,"featured_media":637037,"comment_status":"","ping_status":"","sticky":false,"template":"","format":"standard","meta":{"footnotes":""},"categories":[2821],"tags":[1111,11,829,1777,674,1011,27,25442,66,1307,74429,12,584,25],"class_list":{"0":"post-637036","1":"post","2":"type-post","3":"status-publish","4":"format-standard","5":"has-post-thumbnail","7":"category-rennes","8":"tag-actu","9":"tag-actualites","10":"tag-bretagne","11":"tag-eu","12":"tag-europe","13":"tag-fr","14":"tag-france","15":"tag-h-beye","16":"tag-ligue-1","17":"tag-lille","18":"tag-lille-vs-rennes","19":"tag-news","20":"tag-rennes","21":"tag-republique-francaise"},"share_on_mastodon":{"url":"https:\/\/pubeurope.com\/@fr\/115827718476071429","error":""},"_links":{"self":[{"href":"https:\/\/www.europesays.com\/fr\/wp-json\/wp\/v2\/posts\/637036","targetHints":{"allow":["GET"]}}],"collection":[{"href":"https:\/\/www.europesays.com\/fr\/wp-json\/wp\/v2\/posts"}],"about":[{"href":"https:\/\/www.europesays.com\/fr\/wp-json\/wp\/v2\/types\/post"}],"author":[{"embeddable":true,"href":"https:\/\/www.europesays.com\/fr\/wp-json\/wp\/v2\/users\/2"}],"replies":[{"embeddable":true,"href":"https:\/\/www.europesays.com\/fr\/wp-json\/wp\/v2\/comments?post=637036"}],"version-history":[{"count":0,"href":"https:\/\/www.europesays.com\/fr\/wp-json\/wp\/v2\/posts\/637036\/revisions"}],"wp:featuredmedia":[{"embeddable":true,"href":"https:\/\/www.europesays.com\/fr\/wp-json\/wp\/v2\/media\/637037"}],"wp:attachment":[{"href":"https:\/\/www.europesays.com\/fr\/wp-json\/wp\/v2\/media?parent=637036"}],"wp:term":[{"taxonomy":"category","embeddable":true,"href":"https:\/\/www.europesays.com\/fr\/wp-json\/wp\/v2\/categories?post=637036"},{"taxonomy":"post_tag","embeddable":true,"href":"https:\/\/www.europesays.com\/fr\/wp-json\/wp\/v2\/tags?post=637036"}],"curies":[{"name":"wp","href":"https:\/\/api.w.org\/{rel}","templated":true}]}}