{"id":637050,"date":"2026-01-02T21:58:14","date_gmt":"2026-01-02T21:58:14","guid":{"rendered":"https:\/\/www.europesays.com\/fr\/637050\/"},"modified":"2026-01-02T21:58:14","modified_gmt":"2026-01-02T21:58:14","slug":"a-moins-de-2h-de-bordeaux-ce-village-medieval-borde-de-cours-deau-figure-parmi-les-plus-beaux","status":"publish","type":"post","link":"https:\/\/www.europesays.com\/fr\/637050\/","title":{"rendered":"\u00c0 moins de 2h de Bordeaux, ce village m\u00e9di\u00e9val bord\u00e9 de cours d\u2019eau figure parmi les plus beaux"},"content":{"rendered":"<p><strong>Quand on \u00e9voque les plus beaux villages de France, on pense rarement \u00e0 ceux qui se cachent \u00e0 proximit\u00e9 des grandes m\u00e9tropoles. Pourtant, \u00e0 moins de deux heures de Bordeaux, un bourg m\u00e9di\u00e9val exceptionnel t\u2019attend, nich\u00e9 entre cours d\u2019eau et patrimoine pr\u00e9serv\u00e9. Je t\u2019invite \u00e0 d\u00e9couvrir ce joyau qui m\u00e9rite amplement sa r\u00e9putation.<\/strong><\/p>\n<p>Un patrimoine m\u00e9di\u00e9val pr\u00e9serv\u00e9 au fil des si\u00e8cles<\/p>\n<p>Je ne cesse de m\u2019\u00e9merveiller devant la richesse architecturale de ce village qui a travers\u00e9 les \u00e9poques sans perdre son \u00e2me. Les remparts m\u00e9di\u00e9vaux t\u00e9moignent d\u2019un pass\u00e9 glorieux, quand ce bourg fortifi\u00e9 contr\u00f4lait le commerce fluvial et prot\u00e9geait ses habitants. Tu peux encore admirer trois portes monumentales qui percent l\u2019enceinte fortifi\u00e9e, v\u00e9ritables invitations \u00e0 remonter le temps.<\/p>\n<p>L\u2019\u00e9glise Saint-Sauveur constitue un chef-d\u2019\u0153uvre de l\u2019art roman et gothique que je te recommande vivement de visiter. Ses fresques murales du XIVe si\u00e8cle racontent des histoires bibliques avec une fra\u00eecheur remarquable. Le clo\u00eetre attenant offre un havre de paix o\u00f9 j\u2019aime me ressourcer loin de l\u2019agitation moderne. Les chapiteaux sculpt\u00e9s r\u00e9v\u00e8lent le talent des artisans m\u00e9di\u00e9vaux qui ont fa\u00e7onn\u00e9 ce lieu sacr\u00e9.<\/p>\n<p>Je trouve int\u00e9ressant de d\u00e9ambuler dans les ruelles pav\u00e9es bord\u00e9es de maisons \u00e0 colombages et fa\u00e7ades de pierre blonde. Chaque b\u00e2tisse raconte une histoire, depuis les demeures de marchands prosp\u00e8res jusqu\u2019aux modestes habitations d\u2019artisans. Tu remarqueras les d\u00e9tails architecturaux soign\u00e9s : fen\u00eatres \u00e0 meneaux, portes clout\u00e9es et enseignes en fer forg\u00e9. Ce patrimoine b\u00e2ti fait de ce village un v\u00e9ritable mus\u00e9e \u00e0 ciel ouvert.<\/p>\n<p>Entre Garonne et canal, une situation g\u00e9ographique exceptionnelle<\/p>\n<p>La position de ce bourg entre la Garonne et le canal du Midi explique largement son rayonnement historique. Je suis toujours impressionn\u00e9 par cette configuration unique qui en faisait jadis un port fluvial strat\u00e9gique. Les gabares charg\u00e9es de vin remontaient le fleuve vers Bordeaux, tandis que les p\u00e9niches empruntaient le canal pour rejoindre la M\u00e9diterran\u00e9e. Cette double voie navigable a enrichi consid\u00e9rablement la r\u00e9gion.<\/p>\n<p>Aujourd\u2019hui, je t\u2019invite \u00e0 profiter des berges am\u00e9nag\u00e9es pour de magnifiques balades au fil de l\u2019eau. Le chemin de halage longe le canal sur plusieurs kilom\u00e8tres et offre des panoramas changeants au gr\u00e9 des saisons. Tu croises des \u00e9cluses anciennes encore en fonctionnement, des ponts de pierre \u00e9l\u00e9gants et une v\u00e9g\u00e9tation luxuriante. Les p\u00eacheurs appr\u00e9cient particuli\u00e8rement ces rives poissonneuses o\u00f9 brochets et sandres abondent.<\/p>\n<p>Je trouve que la relation entre ce village et ses cours d\u2019eau d\u00e9passe la simple g\u00e9ographie. L\u2019eau a fa\u00e7onn\u00e9 l\u2019identit\u00e9 locale, structur\u00e9 l\u2019\u00e9conomie et inspir\u00e9 les artistes. Les reflets des fa\u00e7ades m\u00e9di\u00e9vales dans la Garonne cr\u00e9ent des tableaux vivants qui varient selon la lumi\u00e8re. Tu peux embarquer pour une croisi\u00e8re fluviale qui te permettra d\u2019admirer le village depuis une perspective in\u00e9dite. Cette exp\u00e9rience nautique ajoute une dimension romantique \u00e0 ta d\u00e9couverte.<\/p>\n<p>Un vignoble r\u00e9put\u00e9 entre Entre-Deux-Mers et Graves<\/p>\n<p>Je ne peux \u00e9voquer ce terroir sans mentionner ses vins d\u2019exception qui ont fait sa renomm\u00e9e bien au-del\u00e0 de la Gironde. Le vignoble local produit des blancs liquoreux remarquables, h\u00e9ritiers d\u2019un savoir-faire ancestral. Les coteaux ensoleill\u00e9s dominent la Garonne et b\u00e9n\u00e9ficient d\u2019un microclimat id\u00e9al pour la culture de la vigne. Tu d\u00e9couvriras des appellations prestigieuses lors de d\u00e9gustations dans les chais s\u00e9culaires.<\/p>\n<p>Tout comme <a href=\"https:\/\/www.newsofmarseille.com\/ils-suivaient-panneau-curiosite-ont-decouvert-village-medieval-suspendu-au-dessus-vignes-00166892025.html\" target=\"_blank\" rel=\"noopener\">ce village m\u00e9di\u00e9val suspendu au-dessus des vignes<\/a>, ce bourg bordelais entretient un lien \u00e9troit avec la viticulture. Je te conseille de rencontrer les vignerons passionn\u00e9s qui perp\u00e9tuent des traditions viticoles remontant au Moyen \u00c2ge. Leurs caves vo\u00fbt\u00e9es conservent des tr\u00e9sors \u0153nologiques que tu pourras d\u00e9guster accompagn\u00e9 de fromages locaux. L\u2019hospitalit\u00e9 girondine transforme chaque d\u00e9gustation en moment convivial inoubliable.<\/p>\n<p>La Route des Vins traverse ce territoire et te permet d\u2019\u00e9tudier les ch\u00e2teaux viticoles environnants. Je prends toujours plaisir \u00e0 observer les vendanges automnales qui animent les coteaux de couleurs chaudes. Les festivals \u0153nologiques ponctuent l\u2019ann\u00e9e et c\u00e9l\u00e8brent ce patrimoine liquide avec animations et march\u00e9s gourmands. Cette culture viticole vivante constitue l\u2019\u00e2me m\u00eame de cette destination d\u2019exception.<\/p>\n<p>Une destination authentique loin des foules touristiques<\/p>\n<p>Contrairement \u00e0 <a href=\"https:\/\/www.newsofmarseille.com\/village-normand-a-tout-rivaliser-honfleur-foules-00150352025.html\" target=\"_blank\" rel=\"noopener\">certains villages normands qui rivalisent avec Honfleur<\/a> ou \u00e0 <a href=\"https:\/\/www.newsofmarseille.com\/joyau-medieval-hautes-alpes-figure-parmi-plus-beaux-villages-france-00115752025.html\" target=\"_blank\" rel=\"noopener\">ce joyau m\u00e9di\u00e9val des Hautes-Alpes<\/a>, ce bourg girondin a su pr\u00e9server son authenticit\u00e9 malgr\u00e9 son classement. Je constate avec satisfaction qu\u2019il \u00e9chappe au tourisme de masse qui d\u00e9nature parfois les sites patrimoniaux. Tu peux fl\u00e2ner tranquillement dans les ruelles sans bousculade ni files d\u2019attente interminables.<\/p>\n<p>\ud83d\udc47 Vous voulez en savoir plus? D\u00e9couvrez cette vid\u00e9o \ud83d\udc47<\/p>\n<p>Les commerces locaux ont gard\u00e9 leur caract\u00e8re familial et proposent des produits artisanaux de qualit\u00e9. Je fr\u00e9quente volontiers le march\u00e9 hebdomadaire o\u00f9 les producteurs vendent directement leurs fruits, l\u00e9gumes et sp\u00e9cialit\u00e9s r\u00e9gionales. Les restaurants servent une cuisine traditionnelle \u00e9labor\u00e9e avec des ingr\u00e9dients frais du terroir. Tu go\u00fbteras des recettes ancestrales qui honorent la gastronomie du Sud-Ouest.<\/p>\n<p>Cette atmosph\u00e8re pr\u00e9serv\u00e9e transforme chaque visite en v\u00e9ritable voyage dans le temps. Je t\u2019encourage \u00e0 s\u00e9journer dans les chambres d\u2019h\u00f4tes am\u00e9nag\u00e9es dans d\u2019anciennes demeures de caract\u00e8re. L\u2019accueil chaleureux des habitants t\u00e9moigne d\u2019un art de vivre \u00e0 la fran\u00e7aise qui se perd ailleurs. Tu repartiras avec des souvenirs authentiques et l\u2019envie de revenir chercher davantage cette r\u00e9gion attachante.<\/p>\n<p>Saint-Macaire, escale incontournable en Gironde<\/p>\n<p>Je te r\u00e9v\u00e8le maintenant que ce village d\u2019exception se nomme Saint-Macaire et m\u00e9rite largement ton d\u00e9tour lors de ton passage en Aquitaine. Situ\u00e9 \u00e0 exactement une heure quarante de Bordeaux, ce bourg m\u00e9di\u00e9val class\u00e9 constitue une destination parfaite pour une escapade d\u2019un jour ou un week-end ressour\u00e7ant. Tu d\u00e9couvriras un patrimoine exceptionnel dans un \u00e9crin naturel pr\u00e9serv\u00e9 entre Garonne et vignobles.<\/p>\n<p>Je trouve que Saint-Macaire incarne parfaitement l\u2019esprit des plus beaux villages fran\u00e7ais : authenticit\u00e9, beaut\u00e9 architecturale et douceur de vivre. Chaque saison r\u00e9v\u00e8le de nouveaux charmes, depuis les vendanges automnales jusqu\u2019aux balades printani\u00e8res le long des berges fleuries. Tu appr\u00e9cieras la proximit\u00e9 de Bordeaux qui permet d\u2019acc\u00e9der facilement \u00e0 ce havre de paix m\u00e9di\u00e9val sans subir les contraintes des destinations touristiques surcharg\u00e9es.<\/p>\n<p>As-tu d\u00e9j\u00e0 visit\u00e9 Saint-Macaire ou comptes-tu programmer une escapade dans ce village m\u00e9di\u00e9val ? Je serais ravi de conna\u00eetre tes impressions ou de r\u00e9pondre \u00e0 tes questions pour pr\u00e9parer au mieux ta d\u00e9couverte de ce joyau girondin. N\u2019h\u00e9site pas \u00e0 partager ton exp\u00e9rience en commentaire.<\/p>\n<p><img loading=\"lazy\" decoding=\"async\" width=\"150\" height=\"150\" src=\"data:image\/svg+xml,%3Csvg%20xmlns=\" http:=\"\" class=\"attachment-150x150 size-150x150\" alt=\"\" itemprop=\"image\" data-lazy- data-lazy- data-lazy-src=\"https:\/\/www.europesays.com\/fr\/wp-content\/uploads\/2025\/04\/im6-150x150.png\"\/><\/p>\n<p>Salut \u00e0 tous, je suis Eglantine. D\u00e9couvrez mes articles sur le voyage \u00e0 travers mes conseils, astuces et lieux pr\u00e9f\u00e9r\u00e9s en exclusivit\u00e9 sur News Of Marseille.<br \/>R\u00e9dactrice de coeur, je vous guide \u00e0 travers mes \u00e9crits pour vous transmettre mon expertise sur l&rsquo;aventure du voyage. Et \u00e9videmment, allez l&rsquo;OM \ud83d\ude09<\/p>\n<p>Partagez l&rsquo;article ou suivez nous !<\/p>\n<p>\n\tNos images sont \u00e0 but illustratif et peuvent ne pas repr\u00e9senter la r\u00e9alit\u00e9<\/p>\n","protected":false},"excerpt":{"rendered":"Quand on \u00e9voque les plus beaux villages de France, on pense rarement \u00e0 ceux qui se cachent \u00e0&hellip;\n","protected":false},"author":2,"featured_media":637051,"comment_status":"","ping_status":"","sticky":false,"template":"","format":"standard","meta":{"footnotes":""},"categories":[2817],"tags":[1111,11,74430,1997,1777,674,1011,27,12,2219,31473,25,74431],"class_list":{"0":"post-637050","1":"post","2":"type-post","3":"status-publish","4":"format-standard","5":"has-post-thumbnail","7":"category-bordeaux","8":"tag-actu","9":"tag-actualites","10":"tag-art-roman-et-gothique","11":"tag-bordeaux","12":"tag-eu","13":"tag-europe","14":"tag-fr","15":"tag-france","16":"tag-news","17":"tag-nouvelle-aquitaine","18":"tag-patrimoine-medieval","19":"tag-republique-francaise","20":"tag-village-de-charme"},"share_on_mastodon":{"url":"https:\/\/pubeurope.com\/@fr\/115827749945379426","error":""},"_links":{"self":[{"href":"https:\/\/www.europesays.com\/fr\/wp-json\/wp\/v2\/posts\/637050","targetHints":{"allow":["GET"]}}],"collection":[{"href":"https:\/\/www.europesays.com\/fr\/wp-json\/wp\/v2\/posts"}],"about":[{"href":"https:\/\/www.europesays.com\/fr\/wp-json\/wp\/v2\/types\/post"}],"author":[{"embeddable":true,"href":"https:\/\/www.europesays.com\/fr\/wp-json\/wp\/v2\/users\/2"}],"replies":[{"embeddable":true,"href":"https:\/\/www.europesays.com\/fr\/wp-json\/wp\/v2\/comments?post=637050"}],"version-history":[{"count":0,"href":"https:\/\/www.europesays.com\/fr\/wp-json\/wp\/v2\/posts\/637050\/revisions"}],"wp:featuredmedia":[{"embeddable":true,"href":"https:\/\/www.europesays.com\/fr\/wp-json\/wp\/v2\/media\/637051"}],"wp:attachment":[{"href":"https:\/\/www.europesays.com\/fr\/wp-json\/wp\/v2\/media?parent=637050"}],"wp:term":[{"taxonomy":"category","embeddable":true,"href":"https:\/\/www.europesays.com\/fr\/wp-json\/wp\/v2\/categories?post=637050"},{"taxonomy":"post_tag","embeddable":true,"href":"https:\/\/www.europesays.com\/fr\/wp-json\/wp\/v2\/tags?post=637050"}],"curies":[{"name":"wp","href":"https:\/\/api.w.org\/{rel}","templated":true}]}}