{"id":637056,"date":"2026-01-02T22:02:15","date_gmt":"2026-01-02T22:02:15","guid":{"rendered":"https:\/\/www.europesays.com\/fr\/637056\/"},"modified":"2026-01-02T22:02:15","modified_gmt":"2026-01-02T22:02:15","slug":"genesio-un-avenir-loin-de-lille-olivier-letang-muet","status":"publish","type":"post","link":"https:\/\/www.europesays.com\/fr\/637056\/","title":{"rendered":"Genesio, un avenir loin de Lille ? Olivier L\u00e9tang muet"},"content":{"rendered":"<p>\n\t\t\t\t\t Libre de n\u00e9gocier avec d&rsquo;autres clubs depuis le 1er janvier, Bruno Genesio a reconnu que des \u00ab choses devaient \u00eatre \u00e9claircies \u00bb entre lui et le pr\u00e9sident Olivier L\u00e9tang. Une formulation \u00e9nigmatique qui fait \u00e9cho aux d\u00e9clarations du coach en mai dernier, lorsqu&rsquo;il affirmait vouloir \u00ab conna\u00eetre les grandes orientations \u00bb du club avant de s&rsquo;engager sur l&rsquo;avenir. \u00c0 l&rsquo;\u00e9poque, le natif de Lyon avait rappel\u00e9 que \u00ab les contrats sont faits pour \u00eatre honor\u00e9s \u00bb, tout en pr\u00e9cisant qu&rsquo;\u00ab il y a un bilan \u00e0 faire et des r\u00e9ponses \u00e0 apporter \u00e0 certaines questions \u00bb. <br \/>\u200b <br \/>Ces interrogations semblent principalement porter sur la politique de recrutement et les ambitions sportives du LOSC. Des d\u00e9saccords ont \u00e9merg\u00e9 entre Genesio et L\u00e9tang concernant la construction de l&rsquo;effectif, notamment lors du mercato hivernal 2025 o\u00f9 l&rsquo;entra\u00eeneur attendait davantage de renforts. L&rsquo;interventionnisme du pr\u00e9sident lillois constituerait \u00e9galement un point de friction dans leurs relations professionnelles.\n\t\t\t\t <\/p>\n","protected":false},"excerpt":{"rendered":"Libre de n\u00e9gocier avec d&rsquo;autres clubs depuis le 1er janvier, Bruno Genesio a reconnu que des \u00ab choses&hellip;\n","protected":false},"author":2,"featured_media":637057,"comment_status":"","ping_status":"","sticky":false,"template":"","format":"standard","meta":{"footnotes":""},"categories":[2815],"tags":[1111,11,1777,674,1011,27,811,1307,12,25],"class_list":{"0":"post-637056","1":"post","2":"type-post","3":"status-publish","4":"format-standard","5":"has-post-thumbnail","7":"category-lille","8":"tag-actu","9":"tag-actualites","10":"tag-eu","11":"tag-europe","12":"tag-fr","13":"tag-france","14":"tag-hauts-de-france","15":"tag-lille","16":"tag-news","17":"tag-republique-francaise"},"share_on_mastodon":{"url":"https:\/\/pubeurope.com\/@fr\/115827765635796673","error":""},"_links":{"self":[{"href":"https:\/\/www.europesays.com\/fr\/wp-json\/wp\/v2\/posts\/637056","targetHints":{"allow":["GET"]}}],"collection":[{"href":"https:\/\/www.europesays.com\/fr\/wp-json\/wp\/v2\/posts"}],"about":[{"href":"https:\/\/www.europesays.com\/fr\/wp-json\/wp\/v2\/types\/post"}],"author":[{"embeddable":true,"href":"https:\/\/www.europesays.com\/fr\/wp-json\/wp\/v2\/users\/2"}],"replies":[{"embeddable":true,"href":"https:\/\/www.europesays.com\/fr\/wp-json\/wp\/v2\/comments?post=637056"}],"version-history":[{"count":0,"href":"https:\/\/www.europesays.com\/fr\/wp-json\/wp\/v2\/posts\/637056\/revisions"}],"wp:featuredmedia":[{"embeddable":true,"href":"https:\/\/www.europesays.com\/fr\/wp-json\/wp\/v2\/media\/637057"}],"wp:attachment":[{"href":"https:\/\/www.europesays.com\/fr\/wp-json\/wp\/v2\/media?parent=637056"}],"wp:term":[{"taxonomy":"category","embeddable":true,"href":"https:\/\/www.europesays.com\/fr\/wp-json\/wp\/v2\/categories?post=637056"},{"taxonomy":"post_tag","embeddable":true,"href":"https:\/\/www.europesays.com\/fr\/wp-json\/wp\/v2\/tags?post=637056"}],"curies":[{"name":"wp","href":"https:\/\/api.w.org\/{rel}","templated":true}]}}