{"id":637058,"date":"2026-01-02T22:03:10","date_gmt":"2026-01-02T22:03:10","guid":{"rendered":"https:\/\/www.europesays.com\/fr\/637058\/"},"modified":"2026-01-02T22:03:10","modified_gmt":"2026-01-02T22:03:10","slug":"ils-manquent-decraser-un-policier-apres-un-cambriolage-dans-les-quartiers-sud-de-marseille-le-soir-du-nouvel-an","status":"publish","type":"post","link":"https:\/\/www.europesays.com\/fr\/637058\/","title":{"rendered":"Ils manquent d&rsquo;\u00e9craser un policier apr\u00e8s un cambriolage dans les quartiers Sud de Marseille le soir du Nouvel An"},"content":{"rendered":"<p>Il est presque minuit, ce jeudi soir du 1er janvier 2025, lorsqu&rsquo;une voiture tous feux \u00e9teints d\u00e9boule \u00e0 tombeau ouvert devant une patrouille de police sur le boulevard Michelet, dans les quartiers Sud de Marseille. L&rsquo;\u00e9quipage de la brigade sp\u00e9cialis\u00e9e de terrain (BST) active le deux-tons et les gyrophares pour le contr\u00f4ler, mais le Volkswagen Tiguan fonce de plus belle en direction du rond-point du Prado. Dans la voiture de police, un rapide contr\u00f4le de l&rsquo;immatriculation laisse deviner la raison de ce <a href=\"https:\/\/www.laprovence.com\/article\/faits-divers-justice\/17610891550357\/interpelle-apres-un-refus-dobtemperer-un-homme-se-rebelle-et-blesse-un-policier-a-salon-de-provence\" target=\"_blank\" rel=\"noopener\">refus d&rsquo;obtemp\u00e9rer<\/a> : le v\u00e9hicule est signal\u00e9 vol\u00e9 depuis quelques jours. Mais il y a d&rsquo;autres explications&#8230;<\/p>\n<p>Le SUV emprunte la contre-all\u00e9e et finit par percuter une voiture dans laquelle se trouvent quatre personnes. Les policiers s&rsquo;approchent pour interpeller le conducteur, mais ce dernier engage la marche arri\u00e8re et manque de percuter l&rsquo;un des fonctionnaires, qui a tout juste le temps de s&rsquo;\u00e9carter.<\/p>\n<p>Soup\u00e7onn\u00e9s du cambriolage d&rsquo;une boulangerie<\/p>\n<p>La <a href=\"https:\/\/www.laprovence.com\/article\/faits-divers-justice\/94157039757291\/refus-dobtemperer-un-chauffard-pris-en-chasse-de-gignac-la-nerthe-jusqua-aix-en-provence\" target=\"_blank\" rel=\"noopener\">course-poursuite<\/a> ne reprend que sur quelques dizaines de m\u00e8tres, les pneus \u00e9tant d\u00e9sormais crev\u00e9s.<\/p>\n<p>\u00c0 l\u2019int\u00e9rieur du v\u00e9hicule, un jeune homme de 23 ans et un autre de 44 ans, tous deux d\u00e9j\u00e0 connus des services de police et passablement ivres. Le quadrag\u00e9naire, qui se trouvait au volant, se d\u00e9bat avant d&rsquo;\u00eatre ma\u00eetris\u00e9 et menott\u00e9. Il n&rsquo;avait d&rsquo;ailleurs pas le permis de conduire.\u00a0<\/p>\n<p>Mais en examinant l&rsquo;habitacle, les agents tombent sur un curieux fond de caisse et font aussit\u00f4t le lien avec un vol par effraction commis peu avant la course-poursuite.\u00a0Les suspects ont depuis \u00e9t\u00e9 plac\u00e9s en garde \u00e0 vue.<\/p>\n","protected":false},"excerpt":{"rendered":"Il est presque minuit, ce jeudi soir du 1er janvier 2025, lorsqu&rsquo;une voiture tous feux \u00e9teints d\u00e9boule \u00e0&hellip;\n","protected":false},"author":2,"featured_media":637059,"comment_status":"","ping_status":"","sticky":false,"template":"","format":"standard","meta":{"footnotes":""},"categories":[2814],"tags":[5734,1111,11,150,1174,74432,1446,1777,674,274,1011,27,6085,16286,884,12,10910,882,25],"class_list":{"0":"post-637058","1":"post","2":"type-post","3":"status-publish","4":"format-standard","5":"has-post-thumbnail","7":"category-marseille","8":"tag-5734","9":"tag-actu","10":"tag-actualites","11":"tag-apres","12":"tag-cambriolage","13":"tag-decraser","14":"tag-dans","15":"tag-eu","16":"tag-europe","17":"tag-faits-divers-justice","18":"tag-fr","19":"tag-france","20":"tag-ils","21":"tag-manquent","22":"tag-marseille","23":"tag-news","24":"tag-policier","25":"tag-provence-alpes-cote-dazur","26":"tag-republique-francaise"},"share_on_mastodon":{"url":"https:\/\/pubeurope.com\/@fr\/115827769587059776","error":""},"_links":{"self":[{"href":"https:\/\/www.europesays.com\/fr\/wp-json\/wp\/v2\/posts\/637058","targetHints":{"allow":["GET"]}}],"collection":[{"href":"https:\/\/www.europesays.com\/fr\/wp-json\/wp\/v2\/posts"}],"about":[{"href":"https:\/\/www.europesays.com\/fr\/wp-json\/wp\/v2\/types\/post"}],"author":[{"embeddable":true,"href":"https:\/\/www.europesays.com\/fr\/wp-json\/wp\/v2\/users\/2"}],"replies":[{"embeddable":true,"href":"https:\/\/www.europesays.com\/fr\/wp-json\/wp\/v2\/comments?post=637058"}],"version-history":[{"count":0,"href":"https:\/\/www.europesays.com\/fr\/wp-json\/wp\/v2\/posts\/637058\/revisions"}],"wp:featuredmedia":[{"embeddable":true,"href":"https:\/\/www.europesays.com\/fr\/wp-json\/wp\/v2\/media\/637059"}],"wp:attachment":[{"href":"https:\/\/www.europesays.com\/fr\/wp-json\/wp\/v2\/media?parent=637058"}],"wp:term":[{"taxonomy":"category","embeddable":true,"href":"https:\/\/www.europesays.com\/fr\/wp-json\/wp\/v2\/categories?post=637058"},{"taxonomy":"post_tag","embeddable":true,"href":"https:\/\/www.europesays.com\/fr\/wp-json\/wp\/v2\/tags?post=637058"}],"curies":[{"name":"wp","href":"https:\/\/api.w.org\/{rel}","templated":true}]}}