{"id":637075,"date":"2026-01-02T22:13:16","date_gmt":"2026-01-02T22:13:16","guid":{"rendered":"https:\/\/www.europesays.com\/fr\/637075\/"},"modified":"2026-01-02T22:13:16","modified_gmt":"2026-01-02T22:13:16","slug":"lavancee-russe-en-ukraine-a-ete-record-en-2025","status":"publish","type":"post","link":"https:\/\/www.europesays.com\/fr\/637075\/","title":{"rendered":"L\u2019avanc\u00e9e russe en Ukraine a \u00e9t\u00e9 record en 2025"},"content":{"rendered":"<p>L\u2019arm\u00e9e russe a r\u00e9alis\u00e9 en Ukraine sa plus forte progression sur le front en 2025 depuis la premi\u00e8re ann\u00e9e de l\u2019invasion, selon des donn\u00e9es analys\u00e9es par l\u2019AFP, maintenant une forte pression militaire. Des n\u00e9gociations sont attendues samedi entre Kiev et ses alli\u00e9s en vue d\u2019une hypoth\u00e9tique fin des hostilit\u00e9s.<\/p>\n<p>Des conseillers \u00e0 la s\u00e9curit\u00e9 de pays europ\u00e9ens alli\u00e9s doivent rencontrer samedi \u00e0 Kiev des responsables ukrainiens, avec la participation par visioconf\u00e9rence d\u2019une \u00e9quipe am\u00e9ricaine. Selon le pr\u00e9sident <a href=\"https:\/\/www.ledevoir.com\/volodymyr-zelensky\" target=\"_blank\" rel=\"noopener\">Volodymyr Zelensky<\/a>, une quinzaine de pays ont confirm\u00e9 leur participation, <a href=\"https:\/\/www.ledevoir.com\/monde\/945165\/carney-rencontrera-allies-ukraine-paris-parler-accord-paix\" target=\"_blank\" rel=\"noopener\">dont le Canada<\/a>, de m\u00eame que des repr\u00e9sentants de l\u2019Union europ\u00e9enne et de l\u2019<a href=\"https:\/\/www.ledevoir.com\/otan\" target=\"_blank\" rel=\"noopener\">OTAN<\/a>.<\/p>\n<p>Volodymyr Zelensky s\u2019\u00e9tait entretenu en d\u00e9cembre avec <a href=\"https:\/\/www.ledevoir.com\/donald-trump\" target=\"_blank\" rel=\"noopener\">Donald Trump<\/a> \u00e0 Washington sur le plan am\u00e9ricain visant \u00e0 mettre fin \u00e0 pr\u00e8s de quatre ans de guerre, mais des questions sensibles telles que celle des territoires occup\u00e9s restent non r\u00e9solues. Et Moscou a indiqu\u00e9 son intention de \u00ab\u00a0durcir sa position\u00a0\u00bb apr\u00e8s avoir accus\u00e9 Kiev, qui nie, d\u2019avoir cibl\u00e9 avec des drones une r\u00e9sidence de <a href=\"https:\/\/www.ledevoir.com\/vladimir-poutine\" target=\"_blank\" rel=\"noopener\">Vladimir Poutine<\/a>.<\/p>\n<p>En attendant des progr\u00e8s diplomatiques, sur le terrain, les forces russes se sont empar\u00e9es de plus de 5600\u00a0km2 de territoire ukrainien au cours de l\u2019ann\u00e9e 2025, soit davantage que les ann\u00e9es 2024 et 2023 r\u00e9unies, selon les donn\u00e9es de l\u2019Institute for the Study of War (ISW), qui travaille avec le Critical Threats Project (CTP), un autre centre de r\u00e9flexion am\u00e9ricain sp\u00e9cialis\u00e9 dans l\u2019\u00e9tude des conflits.<\/p>\n<p>En d\u00e9cembre, Moscou a conquis 244\u00a0km2, sa plus faible progression mensuelle depuis mars dans un contexte de conditions m\u00e9t\u00e9orologiques hivernales, mais a acc\u00e9l\u00e9r\u00e9 son offensive dans le Donbass, r\u00e9gion orientale o\u00f9 se situent les principales d\u00e9fenses ukrainiennes.<\/p>\n<p>L\u2019arm\u00e9e russe occupe environ 19,4\u00a0% de la superficie de l\u2019Ukraine, dont 0,94\u00a0% ont \u00e9t\u00e9 conquis au cours de l\u2019ann\u00e9e \u00e9coul\u00e9e.<\/p>\n<p>Signe de la progression russe, les autorit\u00e9s ukrainiennes ont ordonn\u00e9 vendredi l\u2019\u00e9vacuation de plus de 3000 enfants avec leurs parents d\u2019une quarantaine de localit\u00e9s dans les r\u00e9gions de Zaporijjia (sud) et Dnipropetrovsk (centre-est).<\/p>\n<p>La plupart des \u00e9vacuations forc\u00e9es de civils en Ukraine ces derni\u00e8res ann\u00e9es l\u2019ont \u00e9t\u00e9 dans la r\u00e9gion de Donetsk, dans l\u2019est, o\u00f9 se concentre l\u2019essentiel des combats. Mais l\u2019arm\u00e9e russe avance aussi dans celle de Dnipropetrovsk, o\u00f9 elle a p\u00e9n\u00e9tr\u00e9 \u00e0 l\u2019\u00e9t\u00e9 2025, et dans celle de Zaporijjia, o\u00f9 le front \u00e9tait rest\u00e9 fig\u00e9 pendant des ann\u00e9es.<\/p>\n<p>Le chef du renseignement militaire comme bras droit<\/p>\n<p>Dans ses v\u0153ux pour 2026, Volodymyr Zelensky a affirm\u00e9 qu\u2019un accord pour mettre fin \u00e0 la guerre \u00e9tait \u00ab\u00a0pr\u00eat \u00e0 90\u00a0%\u00a0\u00bb, tout en avertissant que les 10\u00a0% restants allaient d\u00e9terminer le \u00ab\u00a0destin de la paix\u00a0\u00bb, l\u2019avenir des territoires occup\u00e9s par la Russie demeurant l\u2019un des points cl\u00e9s.<\/p>\n<p>Cet accord n\u2019est cependant pas n\u00e9goci\u00e9 directement, pour l\u2019heure, Ukrainiens et Russes \u00e9changeant avec les Am\u00e9ricains. Et l\u2019adoption de sa derni\u00e8re mouture par Moscou semble improbable, car elle abandonne certaines de ses revendications cl\u00e9s.<\/p>\n<p>Vladimir Poutine a r\u00e9p\u00e9t\u00e9 ces derni\u00e8res semaines que la Russie atteindra ses objectifs en Ukraine \u00ab\u00a0par la voie militaire\u00a0\u00bb si les n\u00e9gociations \u00e9chouaient et salu\u00e9 les r\u00e9cents gains de son arm\u00e9e sur le front.<\/p>\n<p>Son homologue ukrainien a, lui, choisi vendredi le chef du renseignement militaire, Kyrylo Boudanov, pour diriger son cabinet pr\u00e9sidentiel, l\u2019un des postes les plus importants du pays.<\/p>\n<p>Loin du profil de son pr\u00e9d\u00e9cesseur, Andri\u00ef Iermak, tomb\u00e9 en disgr\u00e2ce \u00e0 cause d\u2019un scandale de corruption, Kyrylo Boudanov est un militaire de carri\u00e8re connu pour ses audacieuses op\u00e9rations contre la Russie et honni par Moscou, qui le qualifie de \u00ab\u00a0terroriste\u00a0\u00bb.<\/p>\n<p>M.\u00a0Zelensky a aussi annonc\u00e9 son intention de remplacer l\u2019actuel ministre de la D\u00e9fense, Denys Chmygal, <a href=\"https:\/\/www.ledevoir.com\/monde\/europe\/900844\/pourquoi-zelensky-va-il-remanier-gouvernement-ukrainien\" target=\"_blank\" rel=\"noopener\">nomm\u00e9 il y a moins d\u2019un an, en juillet 2025<\/a>, par le ministre de la Transformation digitale, Mykha\u00eflo Fedorov, un nouveau venu en politique \u00e2g\u00e9 de seulement 34\u00a0ans.<\/p>\n<p>Le pr\u00e9sident ukrainien n\u2019a pas expliqu\u00e9 sa d\u00e9cision, indiquant simplement que \u00ab\u00a0Mykha\u00eflo est tr\u00e8s impliqu\u00e9 dans les questions relatives aux drones et travaille tr\u00e8s efficacement\u00a0\u00bb dans son minist\u00e8re.<\/p>\n<p>Bombardements<\/p>\n<p>Les premiers jours de 2026 ont \u00e9t\u00e9 marqu\u00e9s par des bombardements en Ukraine.<\/p>\n<p>Jeudi, la Russie a accus\u00e9 l\u2019arm\u00e9e ukrainienne d\u2019avoir men\u00e9 pendant la nuit du nouvel an une attaque de drones en territoire occup\u00e9 dans la r\u00e9gion m\u00e9ridionale de Kherson, tuant 27 civils, dont deux enfants, dans un caf\u00e9 et un h\u00f4tel.<\/p>\n<p>Kiev a assur\u00e9 de son c\u00f4t\u00e9 avoir vis\u00e9 un rassemblement militaire.<\/p>\n<p>Vendredi, la Russie a frapp\u00e9 le centre-ville de Kharkiv, la deuxi\u00e8me cit\u00e9 d\u2019Ukraine, tuant un enfant de trois ans et faisant 19 bless\u00e9s, selon les autorit\u00e9s locales.<\/p>\n<p>Un journaliste de l\u2019AFP \u00e0 Kharkiv a pu voir sur place une rue recouverte de d\u00e9bris et de gravats d\u2019o\u00f9 s\u2019\u00e9chappent encore des flammes, et des immeubles aux vitres enti\u00e8rement souffl\u00e9es. Volodymyr Zelensky a qualifi\u00e9 la frappe d\u2019\u00ab\u00a0odieuse\u00a0\u00bb, affirmant que \u00ab\u00a0les rapports pr\u00e9liminaires indiquent que deux missiles balistiques ont frapp\u00e9 une zone r\u00e9sidentielle ordinaire\u00a0\u00bb.<\/p>\n<p>Le minist\u00e8re russe de la D\u00e9fense a, lui, d\u00e9menti, assurant n\u2019avoir \u00ab\u00a0ni planifi\u00e9, ni effectu\u00e9 de frappes avec des missiles ou des moyens de destruction a\u00e9riens dans les limites de la ville\u00a0\u00bb de Kharkiv.<\/p>\n<p>Selon le pr\u00e9sident, la r\u00e9union de samedi avec Europ\u00e9ens et Am\u00e9ricains vise notamment \u00e0 discuter des \u00ab\u00a0garanties de s\u00e9curit\u00e9\u00a0\u00bb que peuvent apporter \u00e0 l\u2019Ukraine ses alli\u00e9s. Un sommet avec des dirigeants occidentaux est par ailleurs pr\u00e9vu mardi en France.<\/p>\n","protected":false},"excerpt":{"rendered":"L\u2019arm\u00e9e russe a r\u00e9alis\u00e9 en Ukraine sa plus forte progression sur le front en 2025 depuis la premi\u00e8re&hellip;\n","protected":false},"author":2,"featured_media":637076,"comment_status":"","ping_status":"","sticky":false,"template":"","format":"standard","meta":{"footnotes":""},"categories":[1591],"tags":[11,1887,12,1885,1886,132],"class_list":{"0":"post-637075","1":"post","2":"type-post","3":"status-publish","4":"format-standard","5":"has-post-thumbnail","7":"category-russie","8":"tag-actualites","9":"tag-federation-de-russie","10":"tag-news","11":"tag-russia","12":"tag-russian-federation","13":"tag-russie"},"share_on_mastodon":{"url":"https:\/\/pubeurope.com\/@fr\/115827808894776361","error":""},"_links":{"self":[{"href":"https:\/\/www.europesays.com\/fr\/wp-json\/wp\/v2\/posts\/637075","targetHints":{"allow":["GET"]}}],"collection":[{"href":"https:\/\/www.europesays.com\/fr\/wp-json\/wp\/v2\/posts"}],"about":[{"href":"https:\/\/www.europesays.com\/fr\/wp-json\/wp\/v2\/types\/post"}],"author":[{"embeddable":true,"href":"https:\/\/www.europesays.com\/fr\/wp-json\/wp\/v2\/users\/2"}],"replies":[{"embeddable":true,"href":"https:\/\/www.europesays.com\/fr\/wp-json\/wp\/v2\/comments?post=637075"}],"version-history":[{"count":0,"href":"https:\/\/www.europesays.com\/fr\/wp-json\/wp\/v2\/posts\/637075\/revisions"}],"wp:featuredmedia":[{"embeddable":true,"href":"https:\/\/www.europesays.com\/fr\/wp-json\/wp\/v2\/media\/637076"}],"wp:attachment":[{"href":"https:\/\/www.europesays.com\/fr\/wp-json\/wp\/v2\/media?parent=637075"}],"wp:term":[{"taxonomy":"category","embeddable":true,"href":"https:\/\/www.europesays.com\/fr\/wp-json\/wp\/v2\/categories?post=637075"},{"taxonomy":"post_tag","embeddable":true,"href":"https:\/\/www.europesays.com\/fr\/wp-json\/wp\/v2\/tags?post=637075"}],"curies":[{"name":"wp","href":"https:\/\/api.w.org\/{rel}","templated":true}]}}