{"id":637077,"date":"2026-01-02T22:14:18","date_gmt":"2026-01-02T22:14:18","guid":{"rendered":"https:\/\/www.europesays.com\/fr\/637077\/"},"modified":"2026-01-02T22:14:18","modified_gmt":"2026-01-02T22:14:18","slug":"volodymyr-zelensky-annonce-quil-va-remplacer-son-ministre-de-la-defense","status":"publish","type":"post","link":"https:\/\/www.europesays.com\/fr\/637077\/","title":{"rendered":"Volodymyr Zelensky annonce qu&rsquo;il va remplacer son ministre de la D\u00e9fense"},"content":{"rendered":"<p>Dans son adresse diffus\u00e9e sur les r\u00e9seaux sociaux ce vendredi 2 janvier, le pr\u00e9sident ukrainien a fait savoir qu&rsquo;il avait propos\u00e9 le poste de ministre de la D\u00e9fense \u00e0 l&rsquo;actuel ministre de la Transition num\u00e9rique, Mykha\u00eflo Fedorov, \u00e2g\u00e9 de 34 ans.<\/p>\n<p>Le pr\u00e9sident ukrainien Volodymyr Zelensky a annonc\u00e9 ce vendredi 2 janvier son intention de remplacer <a href=\"https:\/\/www.bfmtv.com\/international\/europe\/ukraine\/guerre-en-ukraine-les-ministres-de-la-defense-russe-et-americain-ont-echange-au-telephone_AD-202406260085.html\" title=\"Guerre en Ukraine: les ministres de la D\u00e9fense russe et am\u00e9ricain ont \u00e9chang\u00e9 au t\u00e9l\u00e9phone\" class=\"internal_link\" target=\"_blank\" rel=\"noopener\">son ministre de la D\u00e9fense<\/a>. Il a ajout\u00e9 avoir propos\u00e9 le poste \u00e0 Mykha\u00eflo Fedorov, actuel ministre de la Transformation num\u00e9rique, \u00e2g\u00e9 de seulement 34 ans.<\/p>\n<p>\u00ab\u00a0J&rsquo;ai d\u00e9cid\u00e9 de modifier la structure du minist\u00e8re ukrainien de la D\u00e9fense. J&rsquo;ai propos\u00e9 \u00e0 Mykha\u00eflo Fedorov le poste de nouveau ministre ukrainien de la D\u00e9fense\u00a0\u00bb, a d\u00e9clar\u00e9 Volodymyr Zelensky dans son adresse quotidienne diffus\u00e9e sur les r\u00e9seaux sociaux.<\/p>\n<blockquote class=\"embed embed_quote\"><p>Selon Volodymyr Zelensky, \u00ab\u00a0Mykha\u00eflo est tr\u00e8s impliqu\u00e9 dans les questions relatives aux drones et travaille tr\u00e8s efficacement \u00e0 la num\u00e9risation des services et processus publics\u00a0\u00bb.<\/p><\/blockquote>\n<p>Un nouveau chef de l&rsquo;administration pr\u00e9sidentielle nomm\u00e9<\/p>\n<p>Le pr\u00e9sident ukrainien n&rsquo;a toutefois pas expliqu\u00e9 sa d\u00e9cision de remplacer le ministre de la D\u00e9fense actuel, Denys Chmygal, ancien Premier ministre qui avait \u00e9t\u00e9 nomm\u00e9 \u00e0 ce poste il y a moins d&rsquo;un an, en juillet 2025. Mykha\u00eflo Fedorov occupe le poste de ministre de la Transformation num\u00e9rique depuis 2019. Il est peu connu du public et est un nouveau venu en politique.<\/p>\n<p>Vendredi, Volodymyr Zelensky a par ailleurs annonc\u00e9 la nomination du chef du renseignement militaire ukrainien, Kyrylo Boudanov, en tant que chef de l&rsquo;administration pr\u00e9sidentielle, un poste cl\u00e9. Il remplace <a href=\"https:\/\/www.bfmtv.com\/international\/europe\/ukraine\/tout-comprendre-perquisitions-menees-chef-de-cabinet-limoge-millions-d-euros-detournees-qu-est-ce-que-le-scandale-de-corruption-qui-ebranle-l-ukraine_AN-202511280906.html\" title=\"TOUT COMPRENDRE. Perquisitions men\u00e9es, chef de cabinet limog\u00e9, millions d&#039;euros d\u00e9tourn\u00e9s: qu&#039;est-ce que le scandale de corruption qui \u00e9branle l&#039;Ukraine?\" class=\"internal_link\" target=\"_blank\" rel=\"noopener\">Andri\u00ef Iermak, l&rsquo;un des hommes les plus puissants d&rsquo;Ukrain<\/a>e avant sa disgr\u00e2ce sur fond de scandale de corruption.<\/p>\n","protected":false},"excerpt":{"rendered":"Dans son adresse diffus\u00e9e sur les r\u00e9seaux sociaux ce vendredi 2 janvier, le pr\u00e9sident ukrainien a fait savoir&hellip;\n","protected":false},"author":2,"featured_media":637078,"comment_status":"","ping_status":"","sticky":false,"template":"","format":"standard","meta":{"footnotes":""},"categories":[1590],"tags":[11,1777,674,12,220],"class_list":{"0":"post-637077","1":"post","2":"type-post","3":"status-publish","4":"format-standard","5":"has-post-thumbnail","7":"category-ukraine","8":"tag-actualites","9":"tag-eu","10":"tag-europe","11":"tag-news","12":"tag-ukraine"},"share_on_mastodon":{"url":"https:\/\/pubeurope.com\/@fr\/115827812811240302","error":""},"_links":{"self":[{"href":"https:\/\/www.europesays.com\/fr\/wp-json\/wp\/v2\/posts\/637077","targetHints":{"allow":["GET"]}}],"collection":[{"href":"https:\/\/www.europesays.com\/fr\/wp-json\/wp\/v2\/posts"}],"about":[{"href":"https:\/\/www.europesays.com\/fr\/wp-json\/wp\/v2\/types\/post"}],"author":[{"embeddable":true,"href":"https:\/\/www.europesays.com\/fr\/wp-json\/wp\/v2\/users\/2"}],"replies":[{"embeddable":true,"href":"https:\/\/www.europesays.com\/fr\/wp-json\/wp\/v2\/comments?post=637077"}],"version-history":[{"count":0,"href":"https:\/\/www.europesays.com\/fr\/wp-json\/wp\/v2\/posts\/637077\/revisions"}],"wp:featuredmedia":[{"embeddable":true,"href":"https:\/\/www.europesays.com\/fr\/wp-json\/wp\/v2\/media\/637078"}],"wp:attachment":[{"href":"https:\/\/www.europesays.com\/fr\/wp-json\/wp\/v2\/media?parent=637077"}],"wp:term":[{"taxonomy":"category","embeddable":true,"href":"https:\/\/www.europesays.com\/fr\/wp-json\/wp\/v2\/categories?post=637077"},{"taxonomy":"post_tag","embeddable":true,"href":"https:\/\/www.europesays.com\/fr\/wp-json\/wp\/v2\/tags?post=637077"}],"curies":[{"name":"wp","href":"https:\/\/api.w.org\/{rel}","templated":true}]}}