{"id":637082,"date":"2026-01-02T22:17:28","date_gmt":"2026-01-02T22:17:28","guid":{"rendered":"https:\/\/www.europesays.com\/fr\/637082\/"},"modified":"2026-01-02T22:17:28","modified_gmt":"2026-01-02T22:17:28","slug":"sibylle-vogt-rejoint-lecurie-de-marcel-weiss","status":"publish","type":"post","link":"https:\/\/www.europesays.com\/fr\/637082\/","title":{"rendered":"Sibylle Vogt rejoint l\u2019\u00e9curie de Marcel Weiss"},"content":{"rendered":"<p>Longtemps pilote n\u00b02 chez Peter Schiergen \u00e0 Cologne, Sibylle Vogt a r\u00e9cemment annonc\u00e9 \u00e0 ce dernier qu\u2019elle rejoindra l\u2019\u00e9curie de Marcel Weiss \u00e0 M\u00fcllheim \u00e0 partir du 1er f\u00e9vrier, pour qui elle sera premier jockey. La fin d\u2019une collaboration qui aura permis \u00e0 la Suissesse de remporter plus de 40 victoires dont ses plus beaux succ\u00e8s, notamment les 1000 Guin\u00e9es (Gr. II), en 2021, avec <strong>Novemba<\/strong> (qui lui avait permis de d\u00e9crocher un contrat avec l&rsquo;entra\u00eeneur), ou le Preis der Winterk\u00f6nigin (Gr. III) avec <strong>Nicoreni<\/strong>, en 2024. \u00c2g\u00e9e de 31 ans, elle a d\u00e9j\u00e0 collabor\u00e9 avec succ\u00e8s avec Marcel Weiss (vainqueur de l\u2019Arc 2021 avec <strong>Torquator Tasso<\/strong>) cette ann\u00e9e, en remportant notamment un groupe II au printemps dernier avec <strong>Alleno<\/strong>. De son c\u00f4t\u00e9, Peter Schiergen a d\u00e9clar\u00e9 \u00e0 GaloppOnline : \u201cJe tiens \u00e0 remercier Sibylle pour notre longue collaboration, durant laquelle nous avons partag\u00e9 de nombreux succ\u00e8s. Les changements et les s\u00e9parations font partie int\u00e9grante du sport professionnel et doivent \u00eatre accept\u00e9s. Le moment choisi nous a quelque peu surpris. Nous souhaitons \u00e0 Sibylle beaucoup de succ\u00e8s dans ses nouvelles fonctions et allons maintenant r\u00e9fl\u00e9chir sereinement \u00e0 la meilleure fa\u00e7on de renforcer l&rsquo;\u00e9quipe.\u201d<\/p>\n<p>Lire aussi<\/p>\n","protected":false},"excerpt":{"rendered":"Longtemps pilote n\u00b02 chez Peter Schiergen \u00e0 Cologne, Sibylle Vogt a r\u00e9cemment annonc\u00e9 \u00e0 ce dernier qu\u2019elle rejoindra&hellip;\n","protected":false},"author":2,"featured_media":637083,"comment_status":"","ping_status":"","sticky":false,"template":"","format":"standard","meta":{"footnotes":""},"categories":[1587],"tags":[11,672,1804,1805,1803,1777,674,1801,12,1802],"class_list":{"0":"post-637082","1":"post","2":"type-post","3":"status-publish","4":"format-standard","5":"has-post-thumbnail","7":"category-allemagne","8":"tag-actualites","9":"tag-allemagne","10":"tag-bundesrepublik-deutschland","11":"tag-de","12":"tag-deutschland","13":"tag-eu","14":"tag-europe","15":"tag-germany","16":"tag-news","17":"tag-republique-federale-dallemagne"},"share_on_mastodon":{"url":"https:\/\/pubeurope.com\/@fr\/115827824635298017","error":""},"_links":{"self":[{"href":"https:\/\/www.europesays.com\/fr\/wp-json\/wp\/v2\/posts\/637082","targetHints":{"allow":["GET"]}}],"collection":[{"href":"https:\/\/www.europesays.com\/fr\/wp-json\/wp\/v2\/posts"}],"about":[{"href":"https:\/\/www.europesays.com\/fr\/wp-json\/wp\/v2\/types\/post"}],"author":[{"embeddable":true,"href":"https:\/\/www.europesays.com\/fr\/wp-json\/wp\/v2\/users\/2"}],"replies":[{"embeddable":true,"href":"https:\/\/www.europesays.com\/fr\/wp-json\/wp\/v2\/comments?post=637082"}],"version-history":[{"count":0,"href":"https:\/\/www.europesays.com\/fr\/wp-json\/wp\/v2\/posts\/637082\/revisions"}],"wp:featuredmedia":[{"embeddable":true,"href":"https:\/\/www.europesays.com\/fr\/wp-json\/wp\/v2\/media\/637083"}],"wp:attachment":[{"href":"https:\/\/www.europesays.com\/fr\/wp-json\/wp\/v2\/media?parent=637082"}],"wp:term":[{"taxonomy":"category","embeddable":true,"href":"https:\/\/www.europesays.com\/fr\/wp-json\/wp\/v2\/categories?post=637082"},{"taxonomy":"post_tag","embeddable":true,"href":"https:\/\/www.europesays.com\/fr\/wp-json\/wp\/v2\/tags?post=637082"}],"curies":[{"name":"wp","href":"https:\/\/api.w.org\/{rel}","templated":true}]}}