{"id":637086,"date":"2026-01-02T22:19:14","date_gmt":"2026-01-02T22:19:14","guid":{"rendered":"https:\/\/www.europesays.com\/fr\/637086\/"},"modified":"2026-01-02T22:19:14","modified_gmt":"2026-01-02T22:19:14","slug":"lunion-europeenne-renforce-la-protection-des-infrastructures-critiques-face-aux-craintes-de-sabotage-dans-la-mer-baltique-business-am","status":"publish","type":"post","link":"https:\/\/www.europesays.com\/fr\/637086\/","title":{"rendered":"L\u2019Union europ\u00e9enne renforce la protection des infrastructures critiques face aux craintes de sabotage dans la mer Baltique\u00a0 &#8211; Business AM"},"content":{"rendered":"<p>                    <img decoding=\"async\" style=\"aspect-ratio:16\/9\" src=\"https:\/\/www.europesays.com\/fr\/wp-content\/uploads\/2026\/01\/Collage-Maker-06-Mar-2023-09-08-AM-9009-1678090166.webp.webp\" width=\"100%\" loading=\"eager\"\/><\/p>\n<p>                            <a href=\"https:\/\/fr.businessam.be\/author\/redactie\/\" class=\"author-thumbnail\" style=\"border: 2px inset #00000099;\" target=\"_blank\" rel=\"noopener\"><img loading=\"lazy\" decoding=\"async\" src=\"https:\/\/www.europesays.com\/fr\/wp-content\/uploads\/2026\/01\/cropped-favicon-192x192.png\" width=\"80\" height=\"80\" alt=\"Business AM\"\/><\/a>\ue05bpar <a href=\"https:\/\/fr.businessam.be\/author\/redactie\/\" target=\"_blank\" rel=\"noopener\">Business AM<\/a><br \/>\ue010publi\u00e9 le vendredi 02 janvier 2026 \u00e0 17:33 \u2022 <br \/>\ue00c3 min de lecture<\/p>\n<p>Principaux renseignements<\/p>\n<ul class=\"wp-block-list\">\n<li><strong>L\u2019Union europ\u00e9enne prend des mesures pour prot\u00e9ger les infrastructures critiques \u00e0 la suite des dommages caus\u00e9s r\u00e9cemment \u00e0 des c\u00e2bles sous-marins en mer Baltique.<\/strong><\/li>\n<li><strong>La Finlande a appr\u00e9hend\u00e9 un cargo soup\u00e7onn\u00e9 d\u2019avoir endommag\u00e9 un c\u00e2ble sous-marin et m\u00e8ne actuellement une enqu\u00eate sur son implication.<\/strong><\/li>\n<\/ul>\n<p>Les dommages r\u00e9cemment caus\u00e9s \u00e0 des c\u00e2bles sous-marins dans la mer Baltique ont suscit\u00e9 des craintes de sabotage et incit\u00e9 l\u2019Union europ\u00e9enne \u00e0 prendre des mesures pour mieux prot\u00e9ger les infrastructures essentielles. <\/p>\n<p>Kaja Kallas, Haute Repr\u00e9sentante de l\u2019UE pour les affaires \u00e9trang\u00e8res et la politique de s\u00e9curit\u00e9, a salu\u00e9 la rapide arrestation par <a href=\"https:\/\/fr.businessam.be\/la-finlande-saisit-un-navire-apres-lendommagement-dun-cable-de-telecommunications-en-mer-baltique\/\" target=\"_blank\" rel=\"noreferrer noopener\">la Finlande<\/a> des suspects impliqu\u00e9s dans l\u2019incident.<\/p>\n<blockquote class=\"twitter-tweet\">\n<p lang=\"en\" dir=\"ltr\">The Baltic Sea has seen a clear pattern of disruption since the start of Russia\u2019s war. Europe\u2019s critical infrastructure remains at high risk of sabotage.<\/p>\n<p>I thank Finland for taking swift and determined action in seizing the ship and crew suspected of damaging subsea cables\u2026<\/p>\n<p>\u2014 Kaja Kallas (@kajakallas) <a href=\"https:\/\/twitter.com\/kajakallas\/status\/2006705137335574551?ref_src=twsrc%5Etfw\" target=\"_blank\" rel=\"noopener\">January 1, 2026<\/a><\/p><\/blockquote>\n<p>Mesures<\/p>\n<p>Kallas a soulign\u00e9 la tendance inqui\u00e9tante des perturbations en mer Baltique depuis le d\u00e9but de la guerre men\u00e9e par la Russie, en insistant sur le risque permanent de sabotage pour les infrastructures critiques de l\u2019Europe.<\/p>\n<p>Pour faire face \u00e0 ces menaces croissantes, l\u2019UE pr\u00e9voit de renforcer la protection de ses infrastructures critiques gr\u00e2ce \u00e0 plusieurs mesures. Il s\u2019agit notamment d\u2019investir dans de nouveaux c\u00e2bles, de renforcer les capacit\u00e9s de surveillance, de garantir une plus grande capacit\u00e9 de r\u00e9paration et de prendre des mesures contre la <a href=\"https:\/\/fr.businessam.be\/pays-de-lue-obtiennent-davantage-de-pouvoirs-pour-controler-la-flotte-fantome-russe\/\" target=\"_blank\" rel=\"noreferrer noopener\">\u00ab\u00a0flotte fant\u00f4me\u00a0\u00bb<\/a> de la Russie, qui serait utilis\u00e9e pour des attaques hybrides.<\/p>\n<p>Cargo suspect dans les eaux finlandaises<\/p>\n<p>Les autorit\u00e9s finlandaises ont arr\u00eat\u00e9 le cargo Fritzburg dans leur zone \u00e9conomique exclusive apr\u00e8s avoir observ\u00e9 une activit\u00e9 suspecte. Le navire fait actuellement l\u2019objet d\u2019une enqu\u00eate pour son implication possible dans l\u2019endommagement d\u2019un c\u00e2ble de t\u00e9l\u00e9communications sous-marin dans le golfe de Finlande. (fc)<\/p>\n<p><a href=\"https:\/\/news.google.com\/publications\/CAowtseUCw?hl=fr&amp;gl=BE&amp;ceid=BE%3Afr\" target=\"_blank\" rel=\"noopener\">Suivez \u00e9galement Business AM sur Google Actualit\u00e9s<\/a><\/p>\n<p><a href=\"https:\/\/portalfr.businessam.be\/plans\/business-am-fr-offre-dete\/\" target=\"_blank\" rel=\"noopener\">Si vous souhaitez acc\u00e9der \u00e0 tous les articles, abonnez-vous ici!<\/a><\/p>\n<p>    <script async src=\"https:\/\/platform.twitter.com\/widgets.js\" charset=\"utf-8\"><\/script><\/p>\n","protected":false},"excerpt":{"rendered":"\ue05bpar Business AM\ue010publi\u00e9 le vendredi 02 janvier 2026 \u00e0 17:33 \u2022 \ue00c3 min de lecture Principaux renseignements L\u2019Union&hellip;\n","protected":false},"author":2,"featured_media":637087,"comment_status":"","ping_status":"","sticky":false,"template":"","format":"standard","meta":{"footnotes":""},"categories":[1586],"tags":[11,1777,674,1779,219,1011,27,5229,7436,12,25,132,12999,1778,364],"class_list":{"0":"post-637086","1":"post","2":"type-post","3":"status-publish","4":"format-standard","5":"has-post-thumbnail","7":"category-europe","8":"tag-actualites","9":"tag-eu","10":"tag-europe","11":"tag-european-union","12":"tag-finlande","13":"tag-fr","14":"tag-france","15":"tag-kaja-kallas","16":"tag-mer-baltique","17":"tag-news","18":"tag-republique-francaise","19":"tag-russie","20":"tag-sabotage","21":"tag-ue","22":"tag-union-europeenne"},"share_on_mastodon":{"url":"https:\/\/pubeurope.com\/@fr\/115827832690855569","error":""},"_links":{"self":[{"href":"https:\/\/www.europesays.com\/fr\/wp-json\/wp\/v2\/posts\/637086","targetHints":{"allow":["GET"]}}],"collection":[{"href":"https:\/\/www.europesays.com\/fr\/wp-json\/wp\/v2\/posts"}],"about":[{"href":"https:\/\/www.europesays.com\/fr\/wp-json\/wp\/v2\/types\/post"}],"author":[{"embeddable":true,"href":"https:\/\/www.europesays.com\/fr\/wp-json\/wp\/v2\/users\/2"}],"replies":[{"embeddable":true,"href":"https:\/\/www.europesays.com\/fr\/wp-json\/wp\/v2\/comments?post=637086"}],"version-history":[{"count":0,"href":"https:\/\/www.europesays.com\/fr\/wp-json\/wp\/v2\/posts\/637086\/revisions"}],"wp:featuredmedia":[{"embeddable":true,"href":"https:\/\/www.europesays.com\/fr\/wp-json\/wp\/v2\/media\/637087"}],"wp:attachment":[{"href":"https:\/\/www.europesays.com\/fr\/wp-json\/wp\/v2\/media?parent=637086"}],"wp:term":[{"taxonomy":"category","embeddable":true,"href":"https:\/\/www.europesays.com\/fr\/wp-json\/wp\/v2\/categories?post=637086"},{"taxonomy":"post_tag","embeddable":true,"href":"https:\/\/www.europesays.com\/fr\/wp-json\/wp\/v2\/tags?post=637086"}],"curies":[{"name":"wp","href":"https:\/\/api.w.org\/{rel}","templated":true}]}}