{"id":637093,"date":"2026-01-02T22:24:10","date_gmt":"2026-01-02T22:24:10","guid":{"rendered":"https:\/\/www.europesays.com\/fr\/637093\/"},"modified":"2026-01-02T22:24:10","modified_gmt":"2026-01-02T22:24:10","slug":"anatole-chaboissant-qualifie-avec-lalterna-stade-poitevin","status":"publish","type":"post","link":"https:\/\/www.europesays.com\/fr\/637093\/","title":{"rendered":"Anatole Chaboissant qualifi\u00e9 avec l\u2019Alterna Stade Poitevin"},"content":{"rendered":"<p>Anatole Chaboissant va, enfin, pouvoir officiellement porter le maillot de l\u2019Alterna Stade Poitevin. Le jeune passeur niortais est en effet qualifi\u00e9 pour le d\u00e9placement de son \u00e9quipe, ce samedi 3\u00a0janvier 2026, au Plessis-Robinson, pour le compte de la 14e\u00a0journ\u00e9e de Marmara SpikeLigue.<\/p>\n<p>Apr\u00e8s les efforts de C\u00e9dric Enard pour l\u2019enregistrer aupr\u00e8s de la LNV cette semaine, son nom est apparu ce vendredi sur le site de la Ligue. Une bonne nouvelle pour le club stadiste et l\u2019international tricolore, victime d\u2019une fracture de fatigue au tibia, l\u2019\u00e9t\u00e9 dernier, alors qu\u2019il venait d\u2019effectuer ses premiers pas en \u00e9quipe de France, \u00e0 l\u2019occasion de la Ligue des nations.<\/p>\n<p>Simon Gill forfait au Plessis-Robinson<\/p>\n<p>Op\u00e9r\u00e9 le 21\u00a0juillet dernier, avec la mise en place d\u2019une tige de titane, de vis et d\u2019une plaque, l\u2019ancien joueur de Nantes-Rez\u00e9 et du Paris Volley avait dans un premier temps suivi sa r\u00e9\u00e9ducation du c\u00f4t\u00e9 de Capbreton durant trois semaines, avant de revenir dans la Vienne afin de poursuivre son travail de r\u00e9athl\u00e9tisation.<\/p>\n<p>Apr\u00e8s avoir obtenu le feu vert du corps m\u00e9dical, il avait pu reprendre les entra\u00eenements collectifs depuis quelques semaines d\u00e9j\u00e0 et portera donc officiellement le n\u00b03 avec l\u2019Alterna SPVB. Ce retour aurait d\u00fb co\u00efncider avec le d\u00e9part de Gjorgi Giorgiev, comme cela avait \u00e9t\u00e9 convenu d\u00e8s le d\u00e9part, mais Simon Gill, l\u00e9g\u00e8rement touch\u00e9 au genou, est forfait pour le match au Plessis-Robinson et le passeur mac\u00e9donien sera bien dans le groupe stadiste pour ce premier match de l\u2019ann\u00e9e 2026.<\/p>\n<p>\u00a0<\/p>\n","protected":false},"excerpt":{"rendered":"Anatole Chaboissant va, enfin, pouvoir officiellement porter le maillot de l\u2019Alterna Stade Poitevin. Le jeune passeur niortais est&hellip;\n","protected":false},"author":2,"featured_media":637094,"comment_status":"","ping_status":"","sticky":false,"template":"","format":"standard","meta":{"footnotes":""},"categories":[1417],"tags":[1392,1654,1011,27,1655,1653,60,1584,1470,1469],"class_list":{"0":"post-637093","1":"post","2":"type-post","3":"status-publish","4":"format-standard","5":"has-post-thumbnail","7":"category-volley","8":"tag-a-la-une-local","9":"tag-alterna-stade-poitevin-volley-ball","10":"tag-fr","11":"tag-france","12":"tag-ligue-a","13":"tag-poitiers","14":"tag-sports","15":"tag-vienne","16":"tag-volley","17":"tag-volleyball"},"share_on_mastodon":{"url":"https:\/\/pubeurope.com\/@fr\/115827852136910875","error":""},"_links":{"self":[{"href":"https:\/\/www.europesays.com\/fr\/wp-json\/wp\/v2\/posts\/637093","targetHints":{"allow":["GET"]}}],"collection":[{"href":"https:\/\/www.europesays.com\/fr\/wp-json\/wp\/v2\/posts"}],"about":[{"href":"https:\/\/www.europesays.com\/fr\/wp-json\/wp\/v2\/types\/post"}],"author":[{"embeddable":true,"href":"https:\/\/www.europesays.com\/fr\/wp-json\/wp\/v2\/users\/2"}],"replies":[{"embeddable":true,"href":"https:\/\/www.europesays.com\/fr\/wp-json\/wp\/v2\/comments?post=637093"}],"version-history":[{"count":0,"href":"https:\/\/www.europesays.com\/fr\/wp-json\/wp\/v2\/posts\/637093\/revisions"}],"wp:featuredmedia":[{"embeddable":true,"href":"https:\/\/www.europesays.com\/fr\/wp-json\/wp\/v2\/media\/637094"}],"wp:attachment":[{"href":"https:\/\/www.europesays.com\/fr\/wp-json\/wp\/v2\/media?parent=637093"}],"wp:term":[{"taxonomy":"category","embeddable":true,"href":"https:\/\/www.europesays.com\/fr\/wp-json\/wp\/v2\/categories?post=637093"},{"taxonomy":"post_tag","embeddable":true,"href":"https:\/\/www.europesays.com\/fr\/wp-json\/wp\/v2\/tags?post=637093"}],"curies":[{"name":"wp","href":"https:\/\/api.w.org\/{rel}","templated":true}]}}