{"id":637103,"date":"2026-01-02T22:32:12","date_gmt":"2026-01-02T22:32:12","guid":{"rendered":"https:\/\/www.europesays.com\/fr\/637103\/"},"modified":"2026-01-02T22:32:12","modified_gmt":"2026-01-02T22:32:12","slug":"anne-roumanoff-dans-le-viseur-de-carla-bruni-une-ligne-rouge-franchie-avec-nicolas-sarkozy-on-a-dit-non","status":"publish","type":"post","link":"https:\/\/www.europesays.com\/fr\/637103\/","title":{"rendered":"Anne Roumanoff dans le viseur de Carla Bruni, une ligne rouge franchie avec Nicolas Sarkozy : \u00ab\u00a0On a dit non&#8230;\u00a0\u00bb"},"content":{"rendered":"<p>Par <a class=\"author_recette\" id=\"author_name\" href=\"https:\/\/www.nextplz.fr\/auteur\/noelle-binet\" target=\"_blank\" rel=\"noopener\">No\u00eblle<br \/>\nBinet<\/a> &#8211;<br \/>\nPubli\u00e9 le 02 Jan 2026 \u00e0<br \/>\n20:30<\/p>\n<p class=\"article-intro excerpt\">Ce n\u2019est un secret pour personne,<br \/>\nCarla Bruni n\u2019appr\u00e9cie pas que l\u2019on s\u2019attaque gratuitement \u00e0 son<br \/>\nmari Nicolas Sarkozy. Et manifestement, l\u2019entourage de l\u2019ancienne<br \/>\nPremi\u00e8re dame aurait tent\u00e9 de mettre des b\u00e2tons dans les roues<br \/>\nd\u2019Anne Roumanoff qui s\u2019est plusieurs fois montr\u00e9e sans piti\u00e9 envers<br \/>\nl\u2019ancien chef d\u2019\u00c9tat\u2026<\/p>\n<p>Apr\u00e8s une ann\u00e9e 2025 particuli\u00e8rement compliqu\u00e9e, Carla Bruni et<br \/>\nNicolas Sarkozy se sont envol\u00e9s en fin d\u00e9cembre en Guadeloupe avec<br \/>\nleur fille Giulia, loin de l\u00a0\u00bbagitation parisienne et m\u00e9diatique.<br \/>\nPour rappel, en septembre, l&rsquo;ex-chef d&rsquo;\u00c9tat de 70 ans a \u00e9t\u00e9<br \/>\ncondamn\u00e9 \u00e0 5 ans de prison ferme dans l&rsquo;affaire du financement<br \/>\nlibyen quant \u00e0 sa campagne pr\u00e9sidentielle de 2007.<\/p>\n<p>N&rsquo;ayant jamais cess\u00e9 de clamer son innocence, Nicolas Sarkozy<br \/>\njug\u00e9 en appel du 16 mars au 3 juin prochain, a toutefois pu sortir<br \/>\nde prison en novembre apr\u00e8s 21 jours de d\u00e9tention, qu&rsquo;il a<br \/>\nd&rsquo;ailleurs retranscrits dans son <a href=\"https:\/\/www.nextplz.fr\/people\/522126-carla-bruni-evoque-livre-nicolas-sarkozy-attire-foudre-trou-ventre\" target=\"_blank\" rel=\"noopener\"><br \/>\ndernier livre, Journal d&rsquo;un prisonnier,<\/a><br \/>\nd\u00e9sormais best-seller. Durant cette p\u00e9riode d\u00e9licate, le<br \/>\npapa de Pierre, Jean, Louis et Giulia s&rsquo;est particuli\u00e8rement<br \/>\ninqui\u00e9t\u00e9 pour son illustre clan. \u00ab\u00a0Quand Carla a d\u00fb venir \u00e0 la<br \/>\nprison&#8230; J\u2019avais le droit de la voir avec les enfants trois ou<br \/>\nquatre fois, 50 minutes pas plus, par semaine\u00a0\u00bb, a rapport\u00e9<br \/>\nNicolas Sarkozy, dans le podcast Legend de Guillaume Pley.<\/p>\n<p>\u00ab\u00a0Pour mes enfants qui sont venus, pour ma femme, c\u2019est une<br \/>\n\u00e9preuve&#8230;\u00a0\u00bb<\/p>\n<p>Manistement, l&rsquo;ancien maire de Neuilly-sur-Seine et sa famille,<br \/>\nse retrouvaient enferm\u00e9s \u00ab\u00a0dans une pi\u00e8ce, sans fen\u00eatre\u00a0\u00bb.<br \/>\n\u00ab\u00a0<a href=\"https:\/\/www.nextplz.fr\/people\/514093-au-plus-mal-giulia-sarkozy-sans-detour-sur-ce-poids-lourd-a-porter-lie-a-ses-parents\" target=\"_blank\" rel=\"noopener\">Pour<br \/>\nma fille qui est venue<\/a>, pour mes enfants qui sont venus, pour<br \/>\nma femme, c\u2019est une \u00e9preuve. Et j\u2019ai ressenti cette \u00e9preuve avec<br \/>\nbeaucoup de col\u00e8re, parce que toute cette souffrance injuste c\u2019est<br \/>\ninsupportable\u00a0\u00bb, a ajout\u00e9 Nicolas Sarkozy qui a d&rsquo;ailleurs re\u00e7u<br \/>\ndes \u00ab\u00a0milliers\u00a0\u00bb de lettres de soutien \u00e0 la prison de la<br \/>\nSant\u00e9. En pleine tourmente, l&rsquo;ex-ennemi jur\u00e9 de Fran\u00e7ois Hollande a<br \/>\nheureusement toujours pu compter sur son cercle intime qui s&rsquo;est<br \/>\nmontr\u00e9 particuli\u00e8rement digne.<\/p>\n<p>Anne Roumanoff pas toujours tendre avec l&rsquo;ancien chef d&rsquo;\u00c9tat,<br \/>\nl&rsquo;entourage de son \u00e9pouse s&rsquo;en m\u00eale<\/p>\n<p>\u00ab\u00a0Pour mes enfants, c\u2019est plus dur que pour moi. Dans l\u2019\u0153il<br \/>\ndu cyclone, la mer est plus calme que dans sa p\u00e9riph\u00e9rie\u00a0\u00bb, a<br \/>\nanalys\u00e9 Nicolas Sarkozy avant de vanter tous les m\u00e9rites de son<br \/>\n\u00e9pouse Carla Bruni, qui selon ses dires, fut \u00ab\u00a0tr\u00e8s<br \/>\nimportante\u00a0\u00bb et \u00ab\u00a0exceptionnelle\u00a0\u00bb. Pour d\u00e9fendre son<br \/>\nhomme, l&rsquo;ex-compagne de Rapha\u00ebl Enthoven, le p\u00e8re de son fils<br \/>\nAur\u00e9lien, est toujours en premi\u00e8re ligne ! Comme l&rsquo;ont rapport\u00e9<br \/>\nplusieurs m\u00e9dias en 2019, \u00e0 l&rsquo;instar de T\u00e9l\u00e9-Loisirs dans<br \/>\nle reportage La folle histoire d&rsquo;Anne Roumanoff d\u00e9voil\u00e9<br \/>\nsur C8, le grand public <a href=\"https:\/\/www.nextplz.fr\/personnalite\/carla-bruni\/\" target=\"_blank\" rel=\"noopener\">a appris que<br \/>\nCarla Bruni<\/a> aurait tent\u00e9 de faire annuler la pastille Radio<br \/>\nBistrot de l&rsquo;humoriste lors de sa venue dans l&rsquo;\u00e9mission<br \/>\nVivement Dimanche.<\/p>\n<p>\u00ab\u00a0Elle<br \/>\ndevient la plume politique acide de l&rsquo;\u00e8re Sarkozy&#8230;\u00a0\u00bb<\/p>\n<p>Et pour cause, pendant le quinquennat de Nicolas Sarkozy de<br \/>\n<a href=\"https:\/\/www.nextplz.fr\/personnalite\/anne-roumanoff\/\" target=\"_blank\" rel=\"noopener\">2007<br \/>\n\u00e0 2012, Anne Roumanoff<\/a> a multipli\u00e9 les blagues particuli\u00e8rement<br \/>\npiquantes \u00e0 son \u00e9gard sur le plateau de Vivement dimanche.<br \/>\nRaison pour laquelle Carla Bruni aurait tent\u00e9, lors de sa venue<br \/>\ndans le programme phare de Michel Drucker, qu&rsquo;on lui \u00e9pargne tout<br \/>\nbonnement son passage. \u00ab\u00a0Adoub\u00e9e par les m\u00e9dias, elle devient la<br \/>\nplume politique acide de l&rsquo;\u00e8re Sarkozy. \u00c0 tel point que lorsque<br \/>\nCarla Bruni va passer sur le canap\u00e9 rouge de Michel Drucker, son<br \/>\n\u00e9quipe va tenter de faire annuler la chronique Radio Bistro pr\u00e9vue<br \/>\nce jour-l\u00e0\u00a0\u00bb, a soulign\u00e9 la voix-off du reportage.<\/p>\n<p>Une requ\u00eate rejet\u00e9e par Michel Drucker et la production de Vivement<br \/>\nDimanche<\/p>\n<p>Visiblement, l&rsquo;\u00e9poux de Dany Saval et ses \u00e9quipes n&rsquo;auraient pas<br \/>\naccept\u00e9 leur folle requ\u00eate. \u00ab\u00a0L&rsquo;entourage disait : &lsquo;Oh, Anne<br \/>\nRoumanoff&#8230;&rsquo;. Si on pouvait d\u00e9caler Anne Roumanoff un autre<br \/>\ndimanche pour ne pas qu&rsquo;elle soit devant Carla Bruni, je pense que<br \/>\n\u00e7a leur aurait plu\u00a0\u00bb, a affirm\u00e9 Michel Drucker dont les propos<br \/>\nont \u00e9t\u00e9 <a href=\"https:\/\/www.closermag.fr\/people\/anne-roumanoff-trop-corrosive-pour-carla-bruni-comment-son-entourage-a-tente-de-1054952\" target=\"_blank\" rel=\"noreferrer noopener\">rapport\u00e9s par<br \/>\nCloser<\/a>. \u00ab\u00a0Avec la productrice, on a dit non. Et<br \/>\nAnne est venue et elle a fait une fable : le coq, le pigeon et le<br \/>\ndindon. Le coq, c&rsquo;\u00e9tait Sarko, le pigeon, c&rsquo;\u00e9tait Hollande, et le<br \/>\ndindon, c&rsquo;\u00e9tait Fillon.\u00a0\u00bb \u00c0 la surprise g\u00e9n\u00e9rale, Anne<br \/>\nRoumanoff a fait rire aux \u00e9clats l&rsquo;ex-muse d&rsquo;Yves Saint Laurent et<br \/>\nGianni Versace : \u00ab\u00a0Carla a tellement ri qu&rsquo;elle lui a dit :<br \/>\n&lsquo;Est-ce que vous pouvez me faire cadeau du texte ?!'\u00a0\u00bb Tout est<br \/>\nbien qui finit bien !<\/p>\n","protected":false},"excerpt":{"rendered":"Par No\u00eblle Binet &#8211; Publi\u00e9 le 02 Jan 2026 \u00e0 20:30 Ce n\u2019est un secret pour personne, Carla&hellip;\n","protected":false},"author":2,"featured_media":637104,"comment_status":"","ping_status":"","sticky":false,"template":"","format":"standard","meta":{"footnotes":""},"categories":[1359],"tags":[21303,58,59,1011,27,973,65861],"class_list":{"0":"post-637103","1":"post","2":"type-post","3":"status-publish","4":"format-standard","5":"has-post-thumbnail","7":"category-people","8":"tag-buzz_nonli","9":"tag-divertissement","10":"tag-entertainment","11":"tag-fr","12":"tag-france","13":"tag-people","14":"tag-trend"},"share_on_mastodon":{"url":"https:\/\/pubeurope.com\/@fr\/115827883565108177","error":""},"_links":{"self":[{"href":"https:\/\/www.europesays.com\/fr\/wp-json\/wp\/v2\/posts\/637103","targetHints":{"allow":["GET"]}}],"collection":[{"href":"https:\/\/www.europesays.com\/fr\/wp-json\/wp\/v2\/posts"}],"about":[{"href":"https:\/\/www.europesays.com\/fr\/wp-json\/wp\/v2\/types\/post"}],"author":[{"embeddable":true,"href":"https:\/\/www.europesays.com\/fr\/wp-json\/wp\/v2\/users\/2"}],"replies":[{"embeddable":true,"href":"https:\/\/www.europesays.com\/fr\/wp-json\/wp\/v2\/comments?post=637103"}],"version-history":[{"count":0,"href":"https:\/\/www.europesays.com\/fr\/wp-json\/wp\/v2\/posts\/637103\/revisions"}],"wp:featuredmedia":[{"embeddable":true,"href":"https:\/\/www.europesays.com\/fr\/wp-json\/wp\/v2\/media\/637104"}],"wp:attachment":[{"href":"https:\/\/www.europesays.com\/fr\/wp-json\/wp\/v2\/media?parent=637103"}],"wp:term":[{"taxonomy":"category","embeddable":true,"href":"https:\/\/www.europesays.com\/fr\/wp-json\/wp\/v2\/categories?post=637103"},{"taxonomy":"post_tag","embeddable":true,"href":"https:\/\/www.europesays.com\/fr\/wp-json\/wp\/v2\/tags?post=637103"}],"curies":[{"name":"wp","href":"https:\/\/api.w.org\/{rel}","templated":true}]}}