{"id":637105,"date":"2026-01-02T22:33:11","date_gmt":"2026-01-02T22:33:11","guid":{"rendered":"https:\/\/www.europesays.com\/fr\/637105\/"},"modified":"2026-01-02T22:33:11","modified_gmt":"2026-01-02T22:33:11","slug":"lexposition-josephine-baker-libre-et-engagee-prolongee-jusqua-mai-au-didam","status":"publish","type":"post","link":"https:\/\/www.europesays.com\/fr\/637105\/","title":{"rendered":"l\u2019exposition \u00ab\u00a0Jos\u00e9phine Baker, libre et engag\u00e9e\u00a0\u00bb prolong\u00e9e jusqu\u2019\u00e0 mai au Didam"},"content":{"rendered":"<p>L\u2019installation a \u00e9t\u00e9 imagin\u00e9e par le magazine \u00ab\u00a0Paris Match\u00a0\u00bb \u00e0 l\u2019occasion de l\u2019entr\u00e9e au Panth\u00e9on de Jos\u00e9phine Baker, en novembre 2021. Elle a \u00e9t\u00e9 organis\u00e9e autour de quatre grands th\u00e8mes\u00a0: la femme libre, l\u2019engag\u00e9e, la flamboyante et l\u2019universelle.<\/p>\n<p>Parcours hors norme<\/p>\n<p>De la p\u00e9riode des Ann\u00e9es folles aux ann\u00e9es 70, 36 photographies accompagn\u00e9es d\u2019une quinzaine de reproductions de documents d\u2019archives issues du dossier de r\u00e9sistante illustrent ce parcours hors norme.<\/p>\n","protected":false},"excerpt":{"rendered":"L\u2019installation a \u00e9t\u00e9 imagin\u00e9e par le magazine \u00ab\u00a0Paris Match\u00a0\u00bb \u00e0 l\u2019occasion de l\u2019entr\u00e9e au Panth\u00e9on de Jos\u00e9phine Baker,&hellip;\n","protected":false},"author":2,"featured_media":637106,"comment_status":"","ping_status":"","sticky":false,"template":"","format":"standard","meta":{"footnotes":""},"categories":[1358],"tags":[1348,1384,1385,1386,58,59,1011,27],"class_list":{"0":"post-637105","1":"post","2":"type-post","3":"status-publish","4":"format-standard","5":"has-post-thumbnail","7":"category-arts-et-design","8":"tag-arts","9":"tag-arts-and-design","10":"tag-arts-et-design","11":"tag-design","12":"tag-divertissement","13":"tag-entertainment","14":"tag-fr","15":"tag-france"},"share_on_mastodon":{"url":"https:\/\/pubeurope.com\/@fr\/115827887471133009","error":""},"_links":{"self":[{"href":"https:\/\/www.europesays.com\/fr\/wp-json\/wp\/v2\/posts\/637105","targetHints":{"allow":["GET"]}}],"collection":[{"href":"https:\/\/www.europesays.com\/fr\/wp-json\/wp\/v2\/posts"}],"about":[{"href":"https:\/\/www.europesays.com\/fr\/wp-json\/wp\/v2\/types\/post"}],"author":[{"embeddable":true,"href":"https:\/\/www.europesays.com\/fr\/wp-json\/wp\/v2\/users\/2"}],"replies":[{"embeddable":true,"href":"https:\/\/www.europesays.com\/fr\/wp-json\/wp\/v2\/comments?post=637105"}],"version-history":[{"count":0,"href":"https:\/\/www.europesays.com\/fr\/wp-json\/wp\/v2\/posts\/637105\/revisions"}],"wp:featuredmedia":[{"embeddable":true,"href":"https:\/\/www.europesays.com\/fr\/wp-json\/wp\/v2\/media\/637106"}],"wp:attachment":[{"href":"https:\/\/www.europesays.com\/fr\/wp-json\/wp\/v2\/media?parent=637105"}],"wp:term":[{"taxonomy":"category","embeddable":true,"href":"https:\/\/www.europesays.com\/fr\/wp-json\/wp\/v2\/categories?post=637105"},{"taxonomy":"post_tag","embeddable":true,"href":"https:\/\/www.europesays.com\/fr\/wp-json\/wp\/v2\/tags?post=637105"}],"curies":[{"name":"wp","href":"https:\/\/api.w.org\/{rel}","templated":true}]}}