{"id":637107,"date":"2026-01-02T22:35:10","date_gmt":"2026-01-02T22:35:10","guid":{"rendered":"https:\/\/www.europesays.com\/fr\/637107\/"},"modified":"2026-01-02T22:35:10","modified_gmt":"2026-01-02T22:35:10","slug":"un-animateur-emblematique-dm6-fait-ses-adieux-a-la-chaine-divertissements","status":"publish","type":"post","link":"https:\/\/www.europesays.com\/fr\/637107\/","title":{"rendered":"Un animateur embl\u00e9matique d&rsquo;M6 fait ses adieux \u00e0 la cha\u00eene ! : Divertissements"},"content":{"rendered":"<p class=\"lead\">C&rsquo;est une page qui se tourne pour M6. La cha\u00eene a annonc\u00e9 le d\u00e9part de l&rsquo;une de ses voix les plus embl\u00e9matiques : celle de Sport 6. Apr\u00e8s 36 ans de collaboration, St\u00e9phane Tortora a d\u00e9cid\u00e9 de quitter l&rsquo;\u00e9mission culte diffus\u00e9e depuis 1989, devenue un rendez-vous incontournable pour les amateurs de sport chaque dimanche.<\/p>\n<p class=\"lead\"><strong>St\u00e9phane Tortora, la voix mythique de Sport 6<\/strong><\/p>\n<p class=\"lead\"> Sur le m\u00eame sujet\u00a0:  <\/p>\n<p class=\"lead\">Lorsqu&rsquo;il a d\u00e9but\u00e9 sur Sport 6, St\u00e9phane Tortora n&rsquo;avait pas encore 30 ans. \u00ab\u00a0En juin 1989, j&rsquo;ai fait une maquette de Sport 6 en m&rsquo;inspirant du 6 minutes, le journal d&rsquo;information tout en images de la Six,\u00a0\u00bb avait-il expliqu\u00e9 \u00e0 nos confr\u00e8res du T\u00e9l\u00e9 Loisirs en 2023. \u00ab\u00a0Mes sup\u00e9rieurs m&rsquo;ont dit que cela ne marcherait pas avant de changer d&rsquo;avis. Ils m&rsquo;ont finalement demand\u00e9 de pr\u00e9parer une deuxi\u00e8me version, r\u00e9alis\u00e9e en septembre de la m\u00eame ann\u00e9e qui a plu. Deux semaines plus tard, j&rsquo;\u00e9tais \u00e0 l&rsquo;antenne.\u00a0\u00bb<\/p>\n<p class=\"lead\">Si son visage n&rsquo;a jamais \u00e9t\u00e9 associ\u00e9 \u00e0 l&rsquo;\u00e9mission, sa voix, elle, est devenue imm\u00e9diatement reconnaissable pour des g\u00e9n\u00e9rations de t\u00e9l\u00e9spectateurs. Chaque dimanche, elle accompagnait les r\u00e9sum\u00e9s sportifs de la cha\u00eene, s&rsquo;imposant comme un rep\u00e8re familier du paysage audiovisuel fran\u00e7ais.<\/p>\n<p class=\"lead\">Le 31 d\u00e9cembre 2025, M6 et le journaliste sportif ont officialis\u00e9 leur s\u00e9paration, mettant fin \u00e0 une collaboration de plus de trois d\u00e9cennies. Un d\u00e9part symbolique qui n&rsquo;a pas manqu\u00e9 de susciter une vague de nostalgie. Le journaliste sportif s&rsquo;est empress\u00e9 de tweeter juste apr\u00e8s sur X : \u00ab\u00a0Au revoir 2025 ! Au revoir M6 ! Vive 2026 ! Ses projets et ses promesses. Bonne ann\u00e9e \u00e0 vous ! Merci pour votre fid\u00e9lit\u00e9.\u00a0\u00bb<\/p>\n<p class=\"lead\"><strong>\u00ab\u00a0\u00c0 bient\u00f4t. Ailleurs.\u00a0\u00bb : St\u00e9phane Tortora, quel avenir apr\u00e8s M6\u202f?<\/strong><\/p>\n<p class=\"lead\">Dans son tweet, St\u00e9phane Tortora a conclu par cette phrase \u00e9nigmatique : \u00ab\u00a0\u00c0 bient\u00f4t. Ailleurs.\u00a0\u00bb Un message qui laisse entendre que de nouveaux projets pourraient bient\u00f4t se concr\u00e9tiser. Ce qui est certain, c&rsquo;est que, m\u00eame apr\u00e8s un travail aussi intense : \u00ab\u00a060h en 4 jours, du vendredi au lundi\u00a0\u00bb, avait-il confi\u00e9 au m\u00e9dia fran\u00e7ais, pour le journaliste sportif de 63 ans, la retraite n&rsquo;est pas \u00e0 l&rsquo;ordre du jour. Interrog\u00e9 par un internaute sur X, il a \u00e9t\u00e9 clair : \u00ab\u00a0En aucun cas la retraite. Du tout.\u00a0\u00bb<\/p>\n","protected":false},"excerpt":{"rendered":"C&rsquo;est une page qui se tourne pour M6. La cha\u00eene a annonc\u00e9 le d\u00e9part de l&rsquo;une de ses&hellip;\n","protected":false},"author":2,"featured_media":637108,"comment_status":"","ping_status":"","sticky":false,"template":"","format":"standard","meta":{"footnotes":""},"categories":[1356],"tags":[58,74435,59,1011,27,69278,252,1364],"class_list":{"0":"post-637107","1":"post","2":"type-post","3":"status-publish","4":"format-standard","5":"has-post-thumbnail","7":"category-television","8":"tag-divertissement","9":"tag-emissions-mags","10":"tag-entertainment","11":"tag-fr","12":"tag-france","13":"tag-generic_tvactu","14":"tag-television","15":"tag-tv"},"share_on_mastodon":{"url":"https:\/\/pubeurope.com\/@fr\/115827895531375527","error":""},"_links":{"self":[{"href":"https:\/\/www.europesays.com\/fr\/wp-json\/wp\/v2\/posts\/637107","targetHints":{"allow":["GET"]}}],"collection":[{"href":"https:\/\/www.europesays.com\/fr\/wp-json\/wp\/v2\/posts"}],"about":[{"href":"https:\/\/www.europesays.com\/fr\/wp-json\/wp\/v2\/types\/post"}],"author":[{"embeddable":true,"href":"https:\/\/www.europesays.com\/fr\/wp-json\/wp\/v2\/users\/2"}],"replies":[{"embeddable":true,"href":"https:\/\/www.europesays.com\/fr\/wp-json\/wp\/v2\/comments?post=637107"}],"version-history":[{"count":0,"href":"https:\/\/www.europesays.com\/fr\/wp-json\/wp\/v2\/posts\/637107\/revisions"}],"wp:featuredmedia":[{"embeddable":true,"href":"https:\/\/www.europesays.com\/fr\/wp-json\/wp\/v2\/media\/637108"}],"wp:attachment":[{"href":"https:\/\/www.europesays.com\/fr\/wp-json\/wp\/v2\/media?parent=637107"}],"wp:term":[{"taxonomy":"category","embeddable":true,"href":"https:\/\/www.europesays.com\/fr\/wp-json\/wp\/v2\/categories?post=637107"},{"taxonomy":"post_tag","embeddable":true,"href":"https:\/\/www.europesays.com\/fr\/wp-json\/wp\/v2\/tags?post=637107"}],"curies":[{"name":"wp","href":"https:\/\/api.w.org\/{rel}","templated":true}]}}