{"id":63711,"date":"2025-04-30T06:35:08","date_gmt":"2025-04-30T06:35:08","guid":{"rendered":"https:\/\/www.europesays.com\/fr\/63711\/"},"modified":"2025-04-30T06:35:08","modified_gmt":"2025-04-30T06:35:08","slug":"la-consommation-des-menages-recule-fortement-en-mars-a-son-plus-bas-niveau-depuis-2014","status":"publish","type":"post","link":"https:\/\/www.europesays.com\/fr\/63711\/","title":{"rendered":"La consommation des m\u00e9nages recule fortement en mars, \u00e0 son plus bas niveau depuis 2014"},"content":{"rendered":"<p>L\u2019activit\u00e9 \u00e9conomique de la France a enregistr\u00e9 une l\u00e9g\u00e8re progression de 0,1% au premier trimestre, frein\u00e9e dans son \u00e9lan par une consommation des m\u00e9nages atone et des investissements en berne.<\/p>\n<p class=\"fig-paragraph\">L\u2019\u00e9conomie fran\u00e7aise a connu une croissance tr\u00e8s mod\u00e9r\u00e9e au premier trimestre 2025, d\u2019\u00e0 peine 0,1%, selon l\u2019estimation publi\u00e9e par l\u2019Institut national de la statistique (Insee) ce mercredi 30 avril. Cette hausse mod\u00e9r\u00e9e du produit int\u00e9rieur brut (PIB) entre janvier et mars, conforme \u00e0 la pr\u00e9vision de l\u2019Institut national de la statistique, succ\u00e8de \u00e0 la contraction de 0,1% qui avait \u00e9t\u00e9 observ\u00e9e au quatri\u00e8me trimestre 2024 en raison du contrecoup des Jeux olympiques de Paris.<\/p>\n<p class=\"fig-paragraph\">La croissance est notamment p\u00e9nalis\u00e9e par des d\u00e9penses de consommation des m\u00e9nages en biens atone. Celles-ci ont notamment fortement diminu\u00e9 en mars, annonce l\u2019Insee, reculant de 1% en volume sur le mois, et \u00e0 leur plus bas niveau depuis novembre 2014, hors p\u00e9riode Covid. Cette baisse, qui est la plus importante depuis d\u00e9cembre 2022, est due principalement \u00e0 une diminution de la consommation de biens fabriqu\u00e9s (-1%) et de la consommation d\u2019\u00e9nergie (-1,8%). La consommation alimentaire baisse \u00e9galement de nouveau (-0,5%). Sur l\u2019ensemble premier trimestre, la consommation des m\u00e9nages est rest\u00e9e stable apr\u00e8s une progression de 0,2% au cours des trois mois pr\u00e9c\u00e9dents.<\/p>\n<p class=\"fig-paragraph\">Les investissements ont continu\u00e9 \u00e0 \u00e9voluer en territoire n\u00e9gatif (-0,2% apr\u00e8s -0,1%), tant pour les entreprises que les m\u00e9nages et les administrations publiques.<\/p>\n<p>La guerre commerciale p\u00e8se sur la croissance<\/p>\n<p class=\"fig-paragraph\">Les r\u00e9sultats de croissance sont toutefois conformes aux pr\u00e9visions de l\u2019Insee, qui tablait en mars dernier sur cette croissance atone de 0,1\u202f% au premier trimestre, suivie d\u2019un maigre +0,2\u202f% au deuxi\u00e8me trimestre. \u00c0 la fin juin, l\u2019acquis de croissance &#8211; soit la croissance d\u00e9finitivement engrang\u00e9e &#8211; devrait cumuler \u00e0 0,4%, selon les estimations de l\u2019institut.<\/p>\n<p class=\"fig-paragraph\">Sur l\u2019ensemble de l\u2019ann\u00e9e 2025, la\u00a0<a href=\"http:\/\/www.lefigaro.fr\/actualite-france\/appartements-a-prix-d-ami-a-la-banque-de-france-horaires-minimum-pour-les-bibliothecaires-de-l-universite-les-privileges-effarants-de-la-republique-20250329\" data-fig-type=\"Article\" data-gtm-custom-categorie=\"navigation\" data-gtm-custom-action=\"crossclick\" data-gtm-custom-label=\"Contextuel\" data-gtm-event=\"customEventSPE\" data-fig-domain=\"LEFIGARO\" rel=\"nofollow noopener\" target=\"_blank\">Banque de France\u00a0<\/a>mise de son c\u00f4t\u00e9 sur une croissance moyenne de 0,7%. C\u2019est nettement moins que les 1,1 % de croissance enregistr\u00e9s par l\u2019\u00e9conomie tricolore en 2024. La guerre commerciale lanc\u00e9e depuis l\u2019arriv\u00e9e au pouvoir de\u00a0<a href=\"http:\/\/www.lefigaro.fr\/societes\/donald-trump-va-alleger-temporairement-les-droits-de-douane-pour-l-industrie-automobile-20250429\" target=\"_blank\" data-fig-type=\"NewsFlash\" rel=\"noopener nofollow\" data-gtm-custom-categorie=\"navigation\" data-gtm-custom-action=\"crossclick\" data-gtm-custom-label=\"Contextuel\" data-gtm-event=\"customEventSPE\" data-fig-domain=\"LEFIGARO\">Donald Trump<\/a>\u00a0et l\u2019incertitude qu\u2019elle g\u00e9n\u00e8re sur les march\u00e9s mondiaux p\u00e8se \u00e9galement sur la croissance hexagonale, de m\u00eame que la r\u00e9duction attendue du \u00abmoteur de la d\u00e9pense publique\u00bb, selon l\u2019Insee, alors que le gouvernement cherche tant bien que mal \u00e0\u00a0<a href=\"http:\/\/www.lefigaro.fr\/flash-eco\/budget-un-tiers-des-agences-ou-operateurs-publics-fusionnes-ou-supprimes-d-ici-la-fin-de-l-annee-20250427\" target=\"_blank\" data-fig-type=\"NewsFlash\" rel=\"noopener nofollow\" data-gtm-custom-categorie=\"navigation\" data-gtm-custom-action=\"crossclick\" data-gtm-custom-label=\"Contextuel\" data-gtm-event=\"customEventSPE\" data-fig-domain=\"LEFIGARO\">r\u00e9\u00e9quilibrer un budget<\/a>\u00a0\u00e9chafaud\u00e9 sur une pr\u00e9vision &#8211; tr\u00e8s optimiste &#8211; de 0,9 % de croissance en 2025.<\/p>\n","protected":false},"excerpt":{"rendered":"L\u2019activit\u00e9 \u00e9conomique de la France a enregistr\u00e9 une l\u00e9g\u00e8re progression de 0,1% au premier trimestre, frein\u00e9e dans son&hellip;\n","protected":false},"author":2,"featured_media":63712,"comment_status":"","ping_status":"","sticky":false,"template":"","format":"standard","meta":{"footnotes":""},"categories":[6],"tags":[339,340,35,343,345,350,130,344,352,913,349,33,34,341,313,1011,27,346,342,353,351,347,6311,348,354],"class_list":{"0":"post-63711","1":"post","2":"type-post","3":"status-publish","4":"format-standard","5":"has-post-thumbnail","7":"category-economie","8":"tag-actualite-economique","9":"tag-bourse","10":"tag-business","11":"tag-cac-40","12":"tag-chef-dentreprise","13":"tag-concurrence","14":"tag-consommation","15":"tag-creation-dentreprise","16":"tag-crise","17":"tag-croissance","18":"tag-delocalisations","19":"tag-economie","20":"tag-economy","21":"tag-emploi","22":"tag-entreprises","23":"tag-fr","24":"tag-france","25":"tag-grands-patrons","26":"tag-impots","27":"tag-licenciements","28":"tag-monopole","29":"tag-multinationales","30":"tag-pib","31":"tag-privatisation","32":"tag-unio"},"share_on_mastodon":{"url":"https:\/\/pubeurope.com\/@fr\/114425529890318343","error":""},"_links":{"self":[{"href":"https:\/\/www.europesays.com\/fr\/wp-json\/wp\/v2\/posts\/63711","targetHints":{"allow":["GET"]}}],"collection":[{"href":"https:\/\/www.europesays.com\/fr\/wp-json\/wp\/v2\/posts"}],"about":[{"href":"https:\/\/www.europesays.com\/fr\/wp-json\/wp\/v2\/types\/post"}],"author":[{"embeddable":true,"href":"https:\/\/www.europesays.com\/fr\/wp-json\/wp\/v2\/users\/2"}],"replies":[{"embeddable":true,"href":"https:\/\/www.europesays.com\/fr\/wp-json\/wp\/v2\/comments?post=63711"}],"version-history":[{"count":0,"href":"https:\/\/www.europesays.com\/fr\/wp-json\/wp\/v2\/posts\/63711\/revisions"}],"wp:featuredmedia":[{"embeddable":true,"href":"https:\/\/www.europesays.com\/fr\/wp-json\/wp\/v2\/media\/63712"}],"wp:attachment":[{"href":"https:\/\/www.europesays.com\/fr\/wp-json\/wp\/v2\/media?parent=63711"}],"wp:term":[{"taxonomy":"category","embeddable":true,"href":"https:\/\/www.europesays.com\/fr\/wp-json\/wp\/v2\/categories?post=63711"},{"taxonomy":"post_tag","embeddable":true,"href":"https:\/\/www.europesays.com\/fr\/wp-json\/wp\/v2\/tags?post=63711"}],"curies":[{"name":"wp","href":"https:\/\/api.w.org\/{rel}","templated":true}]}}