{"id":637111,"date":"2026-01-02T22:37:20","date_gmt":"2026-01-02T22:37:20","guid":{"rendered":"https:\/\/www.europesays.com\/fr\/637111\/"},"modified":"2026-01-02T22:37:20","modified_gmt":"2026-01-02T22:37:20","slug":"les-3-meilleures-adaptations-a-revoir-absolument","status":"publish","type":"post","link":"https:\/\/www.europesays.com\/fr\/637111\/","title":{"rendered":"les 3 meilleures adaptations \u00e0 (re)voir absolument"},"content":{"rendered":"<p style=\"text-align: justify;\"><strong>Maintes fois adapt\u00e9 au cin\u00e9ma, Les Trois Mousquetaires d\u2019<a href=\"https:\/\/www.ecranlarge.com\/personnalite\/697325-alexandre-dumas\" target=\"_blank\" rel=\"noopener\">Alexandre Dumas<\/a>\u00a0continue de d\u00e9cha\u00eener les passions. Revenons sur trois adaptations \u00e0\u00a0voir absolument.<\/strong><\/p>\n<p style=\"text-align: justify;\">Voil\u00e0 plus d\u2019un si\u00e8cle que le cin\u00e9ma adapte et r\u00e9adapte <strong>Les Trois Mousquetaires<\/strong> d\u2019Alexandre Dumas. En effet, la toute premi\u00e8re version cin\u00e9matographique du roman culte remonte \u00e0 1903 avec comme r\u00e9alisateur Georges M\u00e9li\u00e8s. \u00c0 ce jour, <strong>on fr\u00f4le la quarantaine d\u2019adaptations<\/strong> sur grand \u00e9cran, sans compter les nombreuses s\u00e9ries d\u00e9riv\u00e9es et les t\u00e9l\u00e9films.<\/p>\n<p style=\"text-align: justify;\">Le roman-fleuve de Dumas est r\u00e9cemment revenu sur les \u00e9crans avec <strong><a href=\"https:\/\/www.ecranlarge.com\/films\/1366595-les-trois-mousquetaires-partie-1-dartagnan\" target=\"_blank\" rel=\"noopener\">Les Trois Mousquetaires : D\u2019Artagnan<\/a><\/strong>\u00a0et <a href=\"https:\/\/www.ecranlarge.com\/films\/1366596-les-trois-mousquetaires-milady\" target=\"_blank\" rel=\"noopener\"><strong>Milady<\/strong><\/a> r\u00e9alis\u00e9s par <a href=\"https:\/\/www.ecranlarge.com\/personnalite\/1156401-martin-bourboulon\" target=\"_blank\" rel=\"noopener\">Martin Bourboulon<\/a>. Remontons plut\u00f4t le temps pour \u00e9voquer <strong>les trois adaptations du roman qu\u2019il faut absolument voir<\/strong>.<\/p>\n<p class=\"text-center\"><a href=\"https:\/\/www.ecranlarge.com\/uploads\/image\/001\/430\/les-trois-mousquetaires-partie-1-dartagnan-photo-francois-civil-1430915.jpg\" data-height=\"720\" data-width=\"1280\" data-lightbox=\"article-images\" target=\"_blank\" rel=\"noopener\"><img loading=\"lazy\" decoding=\"async\" alt=\"Les Trois Mousquetaires Partie 1 : &quot;D'Artagnan&quot; : Photo Fran\u00e7ois Civil\" src=\"https:\/\/www.europesays.com\/fr\/wp-content\/uploads\/2026\/01\/les-trois-mousquetaires-partie-1-dartagnan-photo-francois-civil-1430915-630x354.jpg\" width=\"630\" height=\"354\"\/><\/a>Parviendra-t-il \u00e0 faire mieux ?<\/p>\n<p><strong>3. LES TROIS MOUSQUETAIRES<\/strong><\/p>\n<p style=\"text-align: justify;\">Sortie\u00a0: 1953 \u2013 Dur\u00e9e\u00a0: 1h56<\/p>\n<p style=\"text-align: justify;\">Avec\u00a0: Georges Marchal (D\u2019Artagnan), Yvonne Sanson (Milady), Bourvil (Planchet), Gino Cervi (Porthos), Jean Martinelli (Athos) et Jacques Fran\u00e7ois (Aramis)<\/p>\n<p class=\"text-center\"><a href=\"https:\/\/www.ecranlarge.com\/uploads\/image\/001\/472\/les-trois-mousquetaires-photo-1472385.jpg\" data-height=\"675\" data-width=\"1200\" data-lightbox=\"article-images\" target=\"_blank\" rel=\"noopener\"><img loading=\"lazy\" decoding=\"async\" alt=\"Les trois mousquetaires : photo\" src=\"https:\/\/www.europesays.com\/fr\/wp-content\/uploads\/2026\/01\/les-trois-mousquetaires-photo-1472385-630x354.jpg\" width=\"630\" height=\"354\"\/><\/a>Une belle bande de vainqueurs<\/p>\n<p style=\"text-align: justify;\"><strong>Pourquoi c\u2019est un mod\u00e8le d\u2019adaptation libre\u00a0:<\/strong> Avant d\u2019\u00eatre le r\u00e9alisateur de la trilogie <strong>Fantomas<\/strong>, <a href=\"https:\/\/www.ecranlarge.com\/personnalite\/658830-andre-hunebelle\" target=\"_blank\" rel=\"noopener\">Andr\u00e9 Hunebelle<\/a> s\u2019essayait au film de cape et d\u2019\u00e9p\u00e9e. Mais son adaptation du roman de Dumas reste unique sous bien des rapports. Pour faire simple, toute <strong>l\u2019originalit\u00e9 du long-m\u00e9trage pourrait \u00eatre r\u00e9sum\u00e9e par le simple nom de son sc\u00e9nariste<\/strong>\u00a0: Michel Audiard.<\/p>\n<p style=\"text-align: justify;\">En effet, <strong><a href=\"https:\/\/www.ecranlarge.com\/films\/841910-trois-mousquetaires-les\" target=\"_blank\" rel=\"noopener\">Les trois mousquetaires<\/a><\/strong>\u00a0fait partie des premiers films ayant r\u00e9v\u00e9l\u00e9 l\u2019immense talent de Michel Audiard. On y retrouve avec plaisir tout ce qui fait le talent de l\u2019auteur. Cette adaptation est donc <strong>enti\u00e8rement port\u00e9e par s<\/strong><strong>es dialogues cinglants<\/strong>, son amour du bon mot et sa d\u00e9sinvolture r\u00e9jouissante.<\/p>\n<p class=\"text-center\"><a href=\"https:\/\/www.ecranlarge.com\/uploads\/image\/001\/472\/les-trois-mousquetaires-photo-1472387.jpg\" data-height=\"675\" data-width=\"1200\" data-lightbox=\"article-images\" target=\"_blank\" rel=\"noopener\"><img loading=\"lazy\" decoding=\"async\" alt=\"Les trois mousquetaires : photo\" src=\"https:\/\/www.europesays.com\/fr\/wp-content\/uploads\/2026\/01\/les-trois-mousquetaires-photo-1472387-630x354.jpg\" width=\"630\" height=\"354\"\/><\/a>Habile\u00a0!<\/p>\n<p style=\"text-align: justify;\">Guid\u00e9e par la voix de Claude Dauphin en narrateur d\u00e9tach\u00e9 et moqueur, cette relecture irr\u00e9v\u00e9rencieuse <strong>transforme totalement les personnages du roman<\/strong>. Loin d\u2019\u00eatre un jeune premier courageux et id\u00e9aliste, D\u2019Artagnan devient un coureur de jupons peu scrupuleux. Et ses trois comp\u00e8res ne s\u2019en sortent pas mieux, rel\u00e9gu\u00e9s au second plan comme de vulgaires figurants.<\/p>\n<p style=\"text-align: justify;\">On pourrait m\u00eame trouver ces mousquetaires ouvertement mal-aimables tant <strong>Audiard ne leur conf\u00e8re pas la moindre once d\u2019h\u00e9ro\u00efsme<\/strong>. Il faut dire que certains dialogues vieillissent un peu plus mal que d\u2019autres, en particulier les nombreux commentaires de Porthos et Aramis sur les femmes. Ce serait cependant ignorer \u00e0 quel point les mousquetaires sont souvent au centre de la farce, objets de la moquerie.<\/p>\n<p class=\"text-center\"><a href=\"https:\/\/www.ecranlarge.com\/uploads\/image\/001\/472\/les-trois-mousquetaires-photo-1472389.jpg\" data-height=\"400\" data-width=\"750\" data-lightbox=\"article-images\" target=\"_blank\" rel=\"noopener\"><img loading=\"lazy\" decoding=\"async\" alt=\"Les trois mousquetaires : photo\" src=\"https:\/\/www.europesays.com\/fr\/wp-content\/uploads\/2026\/01\/les-trois-mousquetaires-photo-1472389-630x336.jpg\" width=\"630\" height=\"336\"\/><\/a>A star is born\u00a0<\/p>\n<p style=\"text-align: justify;\">Mais si cette version est une franche r\u00e9ussite, c\u2019est aussi en grande partie gr\u00e2ce \u00e0 la performance g\u00e9n\u00e9reuse et enthousiasmante de <a href=\"https:\/\/www.ecranlarge.com\/personnalite\/651650-bourvil\" target=\"_blank\" rel=\"noopener\">Bourvil<\/a>. L\u2019acteur s\u2019empare du r\u00f4le secondaire de Planchet pour en faire un personnage majeur, une sorte de <strong>force comique qui vient canaliser toute l\u2019\u00e9nergie du r\u00e9cit<\/strong>. Avec sa diction unique, sa gestuelle hilarante et ses dialogues anachroniques, Bourvil fait rire autant qu\u2019il \u00e9merveille.<\/p>\n<p style=\"text-align: justify;\">Au final, ce d\u00e9calage et ce ton second degr\u00e9 qui pourrait \u00e0 tout moment briser le quatri\u00e8me mur donne \u00e0 l\u2019adaptation de Michel Audiard et Andr\u00e9 Hunebelle <strong>un <\/strong><strong>caract\u00e8re \u00e9tonnamment moderne<\/strong>. Et s\u2019il s\u2019agit sans aucun doute de l\u2019adaptation la moins fid\u00e8le de cette s\u00e9lection, c\u2019est justement sa libert\u00e9 de ton qui rend le film si m\u00e9morable.<\/p>\n<p><strong>2. LES TROIS MOUSQUETAIRES<\/strong><\/p>\n<p style=\"text-align: justify;\">Sortie\u00a0: 1948 \u2013 Dur\u00e9e\u00a0: 2h05<\/p>\n<p style=\"text-align: justify;\">Avec\u00a0: Gene Kelly (D\u2019Artagnan), Lana Turner (Milady), Van Heflin (Athos), Gig Young (Porthos), Robert Coote (Aramis) et Vincent Price (Richelieu)<\/p>\n<p class=\"text-center\"><a href=\"https:\/\/www.ecranlarge.com\/uploads\/image\/001\/472\/les-trois-mousquetaires-photo-1472396.jpg\" data-height=\"675\" data-width=\"1200\" data-lightbox=\"article-images\" target=\"_blank\" rel=\"noopener\"><img loading=\"lazy\" decoding=\"async\" alt=\"Les trois mousquetaires : photo\" src=\"https:\/\/www.europesays.com\/fr\/wp-content\/uploads\/2026\/01\/les-trois-mousquetaires-photo-1472396-630x354.jpg\" width=\"630\" height=\"354\"\/><\/a>La\u00a0traditionnelle photo de groupe<\/p>\n<p style=\"text-align: justify;\"><strong>Pourquoi c\u2019est l\u2019adaptation la plus flamboyante\u00a0:<\/strong> Le cin\u00e9aste <a href=\"https:\/\/www.ecranlarge.com\/personnalite\/675946-george-sidney\" target=\"_blank\" rel=\"noopener\">George Sidney<\/a>, sp\u00e9cialiste des grandes fresques musicales, s\u2019attaque \u00e0 Alexandre Dumas. Et comme on pouvait s\u2019y attendre, il donne vie \u00e0 <strong>un film qui illustre \u00e0 merveille tout le faste et le sens du spectacle dont \u00e9<\/strong><strong>tait<\/strong><strong> capable Hollywood<\/strong> dans les ann\u00e9es 40. En somme, un pur r\u00e9cit d\u2019aventures qui voit les choses en grand et ne se refuse rien.<\/p>\n<p style=\"text-align: justify;\">Impossible de ne pas \u00eatre admiratif devant la mise en sc\u00e8ne noble et soign\u00e9e de George Sidney. Le cin\u00e9aste travaille chaque plan, nous offre <strong>un jeu sid\u00e9rant sur l\u2019\u00e9clairage et les ombres<\/strong>. Il peut \u00e9galement compter sur la partition majestueuse de Herbert Stothart, qui se permet au passage de revisiter plusieurs th\u00e8mes de Tcha\u00efkovski, excusez du peu.<\/p>\n<p class=\"text-center\"><a href=\"https:\/\/www.ecranlarge.com\/uploads\/image\/001\/472\/les-trois-mousquetaires-photo-1472394.jpg\" data-height=\"720\" data-width=\"1280\" data-lightbox=\"article-images\" target=\"_blank\" rel=\"noopener\"><img loading=\"lazy\" decoding=\"async\" alt=\"Les trois mousquetaires : photo\" src=\"https:\/\/www.europesays.com\/fr\/wp-content\/uploads\/2026\/01\/les-trois-mousquetaires-photo-1472394-630x354.jpg\" width=\"630\" height=\"354\"\/><\/a>C\u2019est de toute beaut\u00e9<\/p>\n<p style=\"text-align: justify;\">Mais le plus impressionnant dans <strong><a href=\"https:\/\/www.ecranlarge.com\/films\/842163-trois-mousquetaires-les\" target=\"_blank\" rel=\"noopener\">Les trois mousquetaires<\/a>\u00a0<\/strong>reste sans doute ses s\u00e9quences d\u2019action. Immense danseur, Gene Kelly\u00a0nous d\u00e9voile ici ses talents pour les combats. Il bondit de sc\u00e8ne en sc\u00e8ne, valse avec les \u00e9p\u00e9es et accomplit sous nos yeux \u00e9bahis <strong>des cascades toutes plus folles les unes que les autres<\/strong>. Son \u00e9nergie d\u00e9mesur\u00e9e en fait ais\u00e9ment la meilleure incarnation de D\u2019Artagnan \u00e0 l\u2019\u00e9cran. Impossible de r\u00e9sister \u00e0 sa bonne humeur contagieuse.<\/p>\n<p style=\"text-align: justify;\">L\u2019acteur peut \u00e9galement compter sur un casting solide. \u00c0 commencer par le fantastique Vincent Price\u00a0qui <strong>transforme Richelieu en m\u00e9chant <\/strong><strong>cabotin, mais <\/strong><strong>machiav\u00e9lique<\/strong> caressant son chat tout en complotant contre la reine. On y retrouve tout son art de l\u2019exc\u00e8s qui illuminait tant de productions AIP. De son c\u00f4t\u00e9, Lana Turner\u00a0campe une Milady \u00e0 la fois charmante et v\u00e9n\u00e9neuse.<\/p>\n<p class=\"text-center\"><a href=\"https:\/\/www.ecranlarge.com\/uploads\/image\/001\/472\/les-trois-mousquetaires-photo-1472393.jpg\" data-height=\"1081\" data-width=\"1921\" data-lightbox=\"article-images\" target=\"_blank\" rel=\"noopener\"><img loading=\"lazy\" decoding=\"async\" alt=\"Les trois mousquetaires : photo\" src=\"https:\/\/www.europesays.com\/fr\/wp-content\/uploads\/2026\/01\/les-trois-mousquetaires-photo-1472393-630x355.jpg\" width=\"630\" height=\"355\"\/><\/a>Des m\u00e9chants inoubliables<\/p>\n<p style=\"text-align: justify;\">Cependant, la g\u00e9n\u00e9rosit\u00e9 d\u00e9bordante du film de George Sidney constitue paradoxalement sa seule r\u00e9elle limite. En voulant <strong>adapter d\u2019une seule traite l\u2019int\u00e9gralit\u00e9 du roman<\/strong>, le long-m\u00e9trage doit constamment courir pour passer \u00e0 la r\u00e9v\u00e9lation suivante. Forc\u00e9 de faire l\u2019impasse sur de nombreuses sous-intrigues, il ressemble \u00e0 un best-of passionnant, mais l\u00e9g\u00e8rement indigeste.<\/p>\n<p style=\"text-align: justify;\">Avouons tout de m\u00eame que <strong>Les Trois Mousquetaires<\/strong> de George Sidney est une v\u00e9ritable merveille qui a sa place parmi les plus grands films de cape et d\u2019\u00e9p\u00e9e. Avis aux amateurs d\u2019aventures costum\u00e9es, le cin\u00e9aste a livr\u00e9 quatre ans plus tard l\u2019excellent <strong>Scaramouche<\/strong> qui m\u00e9rite lui aussi le coup d\u2019\u0153il.<\/p>\n<p><strong>1. LES TROIS MOUSQUETAIRES\u00a0: LES FERRETS DE LA REINE<\/strong><\/p>\n<p style=\"text-align: justify;\">Sortie\u00a0: 1961 \u2013 Dur\u00e9e\u00a0: 1h42<\/p>\n<p style=\"text-align: justify;\">Avec\u00a0: Gerard Barray (D\u2019Artagnan), Myl\u00e8ne Demongeot (Milady), Georges Descri\u00e8res (Athos), Bernard Woringer (Porthos) et Jacques Toja (Aramis)<\/p>\n<p class=\"text-center\"><a href=\"https:\/\/www.ecranlarge.com\/uploads\/image\/001\/472\/les-trois-mousquetaires-premiere-epoque-les-ferrets-de-la-reine-photo-1472398.jpeg\" data-height=\"1440\" data-width=\"2560\" data-lightbox=\"article-images\" target=\"_blank\" rel=\"noopener\"><img loading=\"lazy\" decoding=\"async\" alt=\"Les Trois Mousquetaires - Premi\u00e8re \u00e9poque : Les ferrets de la reine : photo\" src=\"https:\/\/www.europesays.com\/fr\/wp-content\/uploads\/2026\/01\/les-trois-mousquetaires-premiere-epoque-les-ferrets-de-la-reine-photo-1472398-630x354.jpeg\" width=\"630\" height=\"354\"\/><\/a>Une (bouteille) pour tous<\/p>\n<p style=\"text-align: justify;\"><strong>Pourquoi c\u2019est la meilleure adaptation\u00a0: <\/strong>Avant de se consacrer aux aventures sulfureuses de la marquise indomptable\u00a0<strong>Ang\u00e9lique<\/strong>, le r\u00e9alisateur <a href=\"https:\/\/www.ecranlarge.com\/personnalite\/663889-bernard-borderie\" target=\"_blank\" rel=\"noopener\">Bernard Borderie<\/a>\u00a0s\u2019attaquait au diptyque <strong><a href=\"https:\/\/www.ecranlarge.com\/films\/866303-trois-mousquetaires-les-premiere-epoque-les-ferrets-de-la-reine\" target=\"_blank\" rel=\"noopener\">Les ferrets de la reine<\/a><\/strong>\u00a0et <strong><a href=\"https:\/\/www.ecranlarge.com\/films\/842136-trois-mousquetaires-les-deuxieme-epoque-la-vengeance-de-milady\" target=\"_blank\" rel=\"noopener\">La vengeance de Milady<\/a><\/strong>. Une adaptation \u00e0 la fid\u00e9lit\u00e9 exemplaire et qui s\u2019av\u00e8re passionnante dans son superbe savoir-faire artisanal.<\/p>\n<p style=\"text-align: justify;\">Plut\u00f4t que de se concentrer sur le spectacle des cascades hollywoodiennes, Bernard Borderie s\u2019attache \u00e0 respecter ce qui a fait toute la force du cin\u00e9ma fran\u00e7ais dans le genre cape et d\u2019\u00e9p\u00e9e. Des d\u00e9cors naturels et des costumes somptueux, des centaines de figurants \u00e0 l\u2019\u00e9cran et <strong>ce sens de l\u2019aventure in\u00e9galable<\/strong>. En r\u00e9sulte une \u0153uvre colossale et majestueuse.<\/p>\n<p class=\"text-center\"><a href=\"https:\/\/www.ecranlarge.com\/uploads\/image\/001\/472\/les-trois-mousquetaires-premiere-epoque-les-ferrets-de-la-reine-photo-1472397.jpg\" data-height=\"675\" data-width=\"1200\" data-lightbox=\"article-images\" target=\"_blank\" rel=\"noopener\"><img loading=\"lazy\" decoding=\"async\" alt=\"Les Trois Mousquetaires - Premi\u00e8re \u00e9poque : Les ferrets de la reine : photo\" src=\"https:\/\/www.europesays.com\/fr\/wp-content\/uploads\/2026\/01\/les-trois-mousquetaires-premiere-epoque-les-ferrets-de-la-reine-photo-1472397-630x354.jpg\" width=\"630\" height=\"354\"\/><\/a>L\u2019art des d\u00e9cors sublimes<\/p>\n<p style=\"text-align: justify;\">En optant pour une adaptation en deux parties, le cin\u00e9aste peut \u00e9galement prendre son temps et <strong>mieux d\u00e9velopper ses personnages<\/strong>. M\u00eame si D\u2019Artagnan reste au centre de l\u2019intrigue, il s\u2019agit d\u2019une des seules versions cin\u00e9matographiques \u00e0 r\u00e9ellement donner de l\u2019\u00e9paisseur et du temps d\u2019\u00e9cran \u00e0 chaque mousquetaire. Les enjeux dramatiques fonctionnent \u00e0 merveille et l\u2019implication \u00e9motionnelle du spectateur n\u2019en est que d\u00e9cupl\u00e9e.<\/p>\n<p style=\"text-align: justify;\">On pourrait jouer les pointilleux et admettre que le second volet n\u2019est pas aussi abouti que <strong>Les Ferrets de la Reine<\/strong>. Mais ce serait oublier que la premi\u00e8re partie fr\u00f4le la perfection dans tout ce qu\u2019on attend d\u2019un tel film. V\u00e9ritable mod\u00e8le de genre, <strong>Les Trois Mousquetaires<\/strong> de Bernard Borderie brille tant par l\u2019\u00e9criture que la mise en sc\u00e8ne, sans oublier son casting prestigieux.<\/p>\n<p class=\"text-center\"><a href=\"https:\/\/www.ecranlarge.com\/uploads\/image\/001\/472\/les-trois-mousquetaires-premiere-epoque-les-ferrets-de-la-reine-photo-1472399.jpg\" data-height=\"388\" data-width=\"690\" data-lightbox=\"article-images\" target=\"_blank\" rel=\"noopener\"><img loading=\"lazy\" decoding=\"async\" alt=\"Les Trois Mousquetaires - Premi\u00e8re \u00e9poque : Les ferrets de la reine : photo\" src=\"https:\/\/www.europesays.com\/fr\/wp-content\/uploads\/2026\/01\/les-trois-mousquetaires-premiere-epoque-les-ferrets-de-la-reine-photo-1472399-630x354.jpg\" width=\"630\" height=\"354\"\/><\/a>Une Milady inoubliable<\/p>\n<p style=\"text-align: justify;\">C\u2019est d\u2019ailleurs bien gr\u00e2ce \u00e0 ses acteurs que cette version surpasse d\u00e9finitivement toutes les autres. \u00c0 commencer par Georges Descri\u00e8res, le futur gentleman cambrioleur de la s\u00e9rie culte <strong>Ars\u00e8ne Lupin<\/strong>. Il incarne ici un Athos\u00a0charismatique, fougueux et brave. N\u2019oublions pas non plus Guy Delorme, absolument sensationnel dans son interpr\u00e9tation de Rochefort et dont l\u2019aisance physique <strong>offre au film ses meilleures s\u00e9quences d\u2019escrime<\/strong>.<\/p>\n<p style=\"text-align: justify;\">Mais l\u2019atout majeur du casting est sans le moindre doute Myl\u00e8ne Demongeot. C\u00e9l\u00e8bre pour ses r\u00f4les forts et ses performances m\u00e9morables, dont celle du tr\u00e8s bon <strong>Les Sorci\u00e8res de Salem<\/strong>, elle restera dans les m\u00e9moires comme <strong>la plus grande Milady d<\/strong><strong>ans l\u2019histoire<\/strong><strong> cin\u00e9ma<\/strong>. Elle redonne \u00e0 ce personnage perfide, mais touchant toutes ses lettres de noblesse et sa complexit\u00e9.<\/p>\n","protected":false},"excerpt":{"rendered":"Maintes fois adapt\u00e9 au cin\u00e9ma, Les Trois Mousquetaires d\u2019Alexandre Dumas\u00a0continue de d\u00e9cha\u00eener les passions. Revenons sur trois adaptations&hellip;\n","protected":false},"author":2,"featured_media":637112,"comment_status":"","ping_status":"","sticky":false,"template":"","format":"standard","meta":{"footnotes":""},"categories":[1354],"tags":[58,59,1346,1011,27,1360],"class_list":{"0":"post-637111","1":"post","2":"type-post","3":"status-publish","4":"format-standard","5":"has-post-thumbnail","7":"category-films","8":"tag-divertissement","9":"tag-entertainment","10":"tag-films","11":"tag-fr","12":"tag-france","13":"tag-movies"},"share_on_mastodon":{"url":"https:\/\/pubeurope.com\/@fr\/115827903693426499","error":""},"_links":{"self":[{"href":"https:\/\/www.europesays.com\/fr\/wp-json\/wp\/v2\/posts\/637111","targetHints":{"allow":["GET"]}}],"collection":[{"href":"https:\/\/www.europesays.com\/fr\/wp-json\/wp\/v2\/posts"}],"about":[{"href":"https:\/\/www.europesays.com\/fr\/wp-json\/wp\/v2\/types\/post"}],"author":[{"embeddable":true,"href":"https:\/\/www.europesays.com\/fr\/wp-json\/wp\/v2\/users\/2"}],"replies":[{"embeddable":true,"href":"https:\/\/www.europesays.com\/fr\/wp-json\/wp\/v2\/comments?post=637111"}],"version-history":[{"count":0,"href":"https:\/\/www.europesays.com\/fr\/wp-json\/wp\/v2\/posts\/637111\/revisions"}],"wp:featuredmedia":[{"embeddable":true,"href":"https:\/\/www.europesays.com\/fr\/wp-json\/wp\/v2\/media\/637112"}],"wp:attachment":[{"href":"https:\/\/www.europesays.com\/fr\/wp-json\/wp\/v2\/media?parent=637111"}],"wp:term":[{"taxonomy":"category","embeddable":true,"href":"https:\/\/www.europesays.com\/fr\/wp-json\/wp\/v2\/categories?post=637111"},{"taxonomy":"post_tag","embeddable":true,"href":"https:\/\/www.europesays.com\/fr\/wp-json\/wp\/v2\/tags?post=637111"}],"curies":[{"name":"wp","href":"https:\/\/api.w.org\/{rel}","templated":true}]}}