{"id":637113,"date":"2026-01-02T22:39:14","date_gmt":"2026-01-02T22:39:14","guid":{"rendered":"https:\/\/www.europesays.com\/fr\/637113\/"},"modified":"2026-01-02T22:39:14","modified_gmt":"2026-01-02T22:39:14","slug":"can-2025-petkovic-fae-regragui-qui-sont-les-selectionneurs-les-mieux-payes-dafrique","status":"publish","type":"post","link":"https:\/\/www.europesays.com\/fr\/637113\/","title":{"rendered":"CAN 2025\u00a0: Petkovic, Fa\u00e9, Regragui\u2026 Qui sont les s\u00e9lectionneurs les mieux pay\u00e9s d\u2019Afrique\u00a0?"},"content":{"rendered":"<p class=\"paragraph text_align_left lp-f-body-02\">Alors que <a href=\"https:\/\/www.leparisien.fr\/sports\/football\/coupe-d-afrique-des-nations\/\" target=\"_blank\" rel=\"noopener\">la Coupe d\u2019Afrique des nations<\/a> bat son plein au Maroc, la pression est grandissante sur leurs \u00e9paules. Les s\u00e9lectionneurs <a href=\"https:\/\/www.leparisien.fr\/sports\/football\/coupe-d-afrique-des-nations\/can-2025-la-liste-complete-des-16-equipes-qualifiees-pour-les-huitiemes-de-finale-30-12-2025-BUNLWWQZ4VEXXIFY2GZFKDWD4Q.php\" target=\"_self\" rel=\"noopener\">des seize \u00e9quipes encore en lice<\/a> vont se retrouver en premi\u00e8re ligne alors que <a href=\"https:\/\/www.leparisien.fr\/sports\/football\/coupe-d-afrique-des-nations\/can-2025-le-tableau-complet-des-matchs-des-8es-de-finale-avec-les-dates-et-les-horaires-31-12-2025-DB6EECEXRZGPPDCW5HGFLYBG2M.php\" target=\"_blank\" rel=\"noopener\">les matchs \u00e0 \u00e9limination directe<\/a> d\u00e9marrent ce samedi. Issus du football europ\u00e9en, anciens joueurs ou purs produits de la formation locale, les entra\u00eeneurs pr\u00e9sentent tous un profil diff\u00e9rent. Au moins autant que leurs salaires.<\/p>\n<p class=\"\">Le 21 d\u00e9cembre dernier, le m\u00e9dia sp\u00e9cialis\u00e9 dans l\u2019actualit\u00e9 du sport business <a href=\"https:\/\/sportune.20minutes.fr\/les-salaires-des-selectionneurs-a-la-can-2025-389316\" target=\"_blank\" rel=\"noopener\">Sportune<\/a> a publi\u00e9 une estimation des salaires touch\u00e9s par les s\u00e9lectionneurs engag\u00e9s cet hiver au Maroc, confirmant des informations r\u00e9v\u00e9l\u00e9es par <a href=\"https:\/\/www.lemonde.fr\/afrique\/article\/2024\/10\/02\/football-combien-gagnent-les-selectionneurs-en-afrique_6341705_3212.html\" target=\"_self\" rel=\"noopener\">Le Monde<\/a> fin 2024.<\/p>\n<p>Petkovic devant Regragui<\/p>\n<p class=\"\">Sans surprise, le technicien le mieux pay\u00e9 de la CAN 2025 reste alg\u00e9rien. <a href=\"https:\/\/www.leparisien.fr\/sports\/football\/coupe-d-afrique-des-nations\/lentraineur-le-plus-soutenu-par-les-medias-de-lhistoire-de-lalgerie-comment-petkovic-dribble-les-critiques-28-12-2025-FFTD6ZNWUBH5PDL5H2JXANBWGI.php\" target=\"_self\" rel=\"noopener\">Vladimir Petkovic<\/a> \u00e9margerait en effet autour de 135 000 euros par mois. Une somme tout de m\u00eame largement inf\u00e9rieure a celle re\u00e7ue mensuellement par <a href=\"https:\/\/www.leparisien.fr\/sports\/football\/coupe-d-afrique-des-nations\/can-2024-officiel-djamel-belmadi-nest-plus-le-selectionneur-de-lalgerie-24-01-2024-5W5DHBL6UJH5BFP4CJVRXC4RXQ.php\" target=\"_self\" rel=\"noopener\">son pr\u00e9d\u00e9cesseur Djamel Belmadi<\/a>, qui touchait 205 000 euros\/mois jusqu\u2019\u00e0 la CAN 2024, sa derni\u00e8re sur le banc des Fennecs.<\/p>\n<p class=\"\">Compte tenu des moyens \u00e0 disposition de la F\u00e9d\u00e9ration alg\u00e9rienne de football (FAF), l\u2019une des plus riches du continent africain, cette premi\u00e8re place para\u00eet logique. Selon les informations de <a href=\"https:\/\/lagazettedufennec.com\/duree-salaire-primes-objectifs-les-details-hallucinants-du-contrat-de-petkovic\/#:~:text=Pour%20ce%20qui%20est%20des,135%20000%20euros%20par%20mois.\" target=\"_self\" rel=\"noopener\">plusieurs m\u00e9dias alg\u00e9riens<\/a>, Petkovic aurait \u00e9galement b\u00e9n\u00e9fici\u00e9 de primes pour avoir qualifi\u00e9 les Verts \u00e0 la CAN et <a href=\"https:\/\/www.leparisien.fr\/sports\/la-joie-de-lalgerie-qualifiee-pour-la-coupe-du-monde-2026-ca-fait-douze-ans-quon-attendait-ca-10-10-2025-EFGU7FWE2VAKFILAXUMM6PAOHQ.php\" target=\"_self\" rel=\"noopener\">\u00e0 la Coupe du monde 2026<\/a>, respectivement de 100 000 et 400 000 euros.<\/p>\n<p class=\"\">Plus surprenant en revanche, la quatri\u00e8me place occup\u00e9e par <a href=\"https:\/\/www.leparisien.fr\/sports\/football\/coupe-d-afrique-des-nations\/le-maroc-a-les-armes-mais-devra-gerer-lenorme-pression-pour-regragui-la-can-2025-est-la-competition-dune-vie-21-12-2025-NETAR4DIOFGPLPIJXBJ4SDK7FI.php\" target=\"_self\" rel=\"noopener\">Walid Regragui, le s\u00e9lectionneur du Maroc<\/a>, pays h\u00f4te et grand favori de la comp\u00e9tition. Le salaire du boss des Lions de l\u2019Atlas serait compris entre 70 000 et 90 000 euros par mois. En fin de contrat en 2026, l\u2019homme qui a men\u00e9 <a href=\"https:\/\/www.leparisien.fr\/sports\/football\/coupe-d-afrique-des-nations\/son-retour-nous-fait-le-plus-grand-bien-achraf-hakimi-enfin-de-retour-le-maroc-peut-rever-grand-a-la-can-2025-30-12-2025-AJ5IVBQ74ZEYVOB2EVHZON624I.php\" target=\"_self\" rel=\"noopener\">Achraf Hakimi<\/a> et ses partenaires jusqu\u2019en demi-finales de la Coupe du monde 2022 profiterait de nombreuses primes pour compenser ce salaire plus faible que plusieurs de ses coll\u00e8gues des grosses nations africaines.<\/p>\n<p>Le top 10 des s\u00e9lectionneurs les mieux pay\u00e9s de la CAN 2025 :<\/p>\n<p class=\"\">1 &#8211; Vladimir Petkovic (Alg\u00e9rie) : 135 000 euros\/mois<\/p>\n<p class=\"\">2 &#8211; Hugo Broos (Afrique du Sud) : 75 000 euros\/mois<\/p>\n<p class=\"\">3 &#8211; \u00c9merse Fa\u00e9 (C\u00f4te d\u2019Ivoire) : 75 000 euros\/mois<\/p>\n<p class=\"\">4 &#8211; Walid Regragui (Maroc) : 70 000 euros\/mois<\/p>\n<p class=\"\">5 &#8211; \u00c9ric Chelle (Nigeria) : 55 000 euros\/ mois<\/p>\n<p class=\"\">6 &#8211; James Kwesi Appiah (Soudan) : 48 000 euros\/mois<\/p>\n<p class=\"\">7 &#8211; S\u00e9bastien Desabre (RD Congo) : 42 000 euros\/mois<\/p>\n<p class=\"\">8 &#8211; Hossam Hassan (\u00c9gypte) : 30 000 euros\/mois<\/p>\n<p class=\"\">9 &#8211; Gernot Rohr (B\u00e9nin) : 25 000 euros\/mois<\/p>\n<p class=\"\">10 &#8211; Pape Thiaw (S\u00e9n\u00e9gal) : 20 000 euros\/mois<\/p>\n<p>Pape Thiaw loin derri\u00e8re<\/p>\n<p class=\"\">Devant Regragui, <a href=\"https:\/\/www.leparisien.fr\/sports\/football\/coupe-d-afrique-des-nations\/lorganisation-est-deplorable-le-selectionneur-de-lafrique-du-sud-dezingue-la-can-2025-29-12-2025-3HFTKPHVCZBYFKPUJU55IUPMFQ.php\" target=\"_self\" rel=\"noopener\">Hugo Broos (Afrique du Sud)<\/a>, vainqueur de la CAN avec le Cameroun en 2017, b\u00e9n\u00e9ficierait d\u2019un salaire mensuel de 75 000 euros tout comme \u00c9merse Fa\u00e9. Le coach ivoirien, <a href=\"https:\/\/www.leparisien.fr\/sports\/football\/coupe-d-afrique-des-nations\/lambiance-dans-le-vestiaire-etait-catastrophique-emerse-fae-se-livre-sur-le-miracle-ivoirien-de-la-can-27-02-2024-J2BYGKN52JAAFOYKGQL7FS6D2A.php\" target=\"_self\" rel=\"noopener\">h\u00e9ros de la derni\u00e8re Coupe d\u2019Afrique glan\u00e9e par les \u00c9l\u00e9phants en 2024<\/a>, est directement mont\u00e9 sur le podium des s\u00e9lectionneurs africains les mieux r\u00e9mun\u00e9r\u00e9s gr\u00e2ce \u00e0 son exploit, <a href=\"https:\/\/www.leparisien.fr\/sports\/football\/coupe-d-afrique-des-nations\/il-sait-ce-que-ressentent-les-joueurs-emerse-fae-le-plan-c-qui-a-sauve-la-cote-divoire-a-la-can-03-02-2024-ZNWLYQPZFRHFXK6MR3JRZNEVAY.php\" target=\"_self\" rel=\"noopener\">alors qu\u2019il n\u2019\u00e9tait qu\u2019un int\u00e9rimaire<\/a> \u00e0 l\u2019\u00e9poque.<\/p>\n<p class=\"\">Le top 5 est compl\u00e9t\u00e9 par <a href=\"https:\/\/www.leparisien.fr\/sports\/football\/football-jai-reagi-a-chaud-le-coach-du-nigeria-sexplique-apres-ses-accusations-de-pratique-du-vaudou-18-11-2025-2KMYCSYBZRB2BCLCZLHH2IGVC4.php\" target=\"_self\" rel=\"noopener\">\u00c9ric Chelle<\/a>, l\u2019ancien international malien aujourd\u2019hui bien install\u00e9 sur le banc du Nigeria, qui avoisinerait les 55 000 euros\/mois.<\/p>\n<p class=\"\">En revanche, malgr\u00e9 son statut d\u2019outsider s\u00e9rieux \u00e0 la victoire finale au Maroc, le S\u00e9n\u00e9gal place seulement son s\u00e9lectionneur \u00e0 la 10e place. Nomm\u00e9 courant 2024 \u00e0 la place d\u2019Aliou Ciss\u00e9, qui \u00e9margeait \u00e0 46 000 euros par mois, Pape Thiaw ne touche \u00ab que \u00bb 20 000 euros mensuels, derri\u00e8re Gernot Rohr au B\u00e9nin (25 000 euros) et Hossam Hassan en \u00c9gypte (30 000 euros).<\/p>\n","protected":false},"excerpt":{"rendered":"Alors que la Coupe d\u2019Afrique des nations bat son plein au Maroc, la pression est grandissante sur leurs&hellip;\n","protected":false},"author":2,"featured_media":637114,"comment_status":"","ping_status":"","sticky":false,"template":"","format":"standard","meta":{"footnotes":""},"categories":[9],"tags":[71594,63,1011,27,60],"class_list":{"0":"post-637113","1":"post","2":"type-post","3":"status-publish","4":"format-standard","5":"has-post-thumbnail","7":"category-sports","8":"tag-can","9":"tag-football","10":"tag-fr","11":"tag-france","12":"tag-sports"},"share_on_mastodon":{"url":"https:\/\/pubeurope.com\/@fr\/115827911125830223","error":""},"_links":{"self":[{"href":"https:\/\/www.europesays.com\/fr\/wp-json\/wp\/v2\/posts\/637113","targetHints":{"allow":["GET"]}}],"collection":[{"href":"https:\/\/www.europesays.com\/fr\/wp-json\/wp\/v2\/posts"}],"about":[{"href":"https:\/\/www.europesays.com\/fr\/wp-json\/wp\/v2\/types\/post"}],"author":[{"embeddable":true,"href":"https:\/\/www.europesays.com\/fr\/wp-json\/wp\/v2\/users\/2"}],"replies":[{"embeddable":true,"href":"https:\/\/www.europesays.com\/fr\/wp-json\/wp\/v2\/comments?post=637113"}],"version-history":[{"count":0,"href":"https:\/\/www.europesays.com\/fr\/wp-json\/wp\/v2\/posts\/637113\/revisions"}],"wp:featuredmedia":[{"embeddable":true,"href":"https:\/\/www.europesays.com\/fr\/wp-json\/wp\/v2\/media\/637114"}],"wp:attachment":[{"href":"https:\/\/www.europesays.com\/fr\/wp-json\/wp\/v2\/media?parent=637113"}],"wp:term":[{"taxonomy":"category","embeddable":true,"href":"https:\/\/www.europesays.com\/fr\/wp-json\/wp\/v2\/categories?post=637113"},{"taxonomy":"post_tag","embeddable":true,"href":"https:\/\/www.europesays.com\/fr\/wp-json\/wp\/v2\/tags?post=637113"}],"curies":[{"name":"wp","href":"https:\/\/api.w.org\/{rel}","templated":true}]}}